{"id":106742,"date":"2023-06-02T08:59:54","date_gmt":"2023-06-02T11:59:54","guid":{"rendered":"https:\/\/redenoticiaz.com.br\/litoralsp\/?p=106742"},"modified":"2023-06-02T08:59:54","modified_gmt":"2023-06-02T11:59:54","slug":"homem-investigado-por-violencia-domestica-em-santos-e-preso-e-arma-e-apreendida","status":"publish","type":"post","link":"https:\/\/redenoticiaz.com.br\/litoralsp\/2023\/06\/02\/homem-investigado-por-violencia-domestica-em-santos-e-preso-e-arma-e-apreendida","title":{"rendered":"Homem investigado por viol\u00eancia dom\u00e9stica em Santos \u00e9 preso e arma \u00e9 apreendida"},"content":{"rendered":"<p>Um idoso de 65 anos foi preso em flagrante acusado de <strong>viol\u00eancia dom\u00e9stica<\/strong> contra a pr\u00f3pria companheira, de 75, em Santos. Com ele, uma arma, que seria usada para amea\u00e7as de morte foi apreendida.<\/p>\n<p>Segundo a Pol\u00edcia Civil, na quarta-feira (31), policiais da Delegacia de Defesa da Mulher (DDM) do munic\u00edpio foram at\u00e9 um im\u00f3vel no Gonzaga, depois que a v\u00edtima fez a den\u00fancia. De acordo com o boletim de ocorr\u00eancia, a mulher contou aos policiais que vivia sofrendo agress\u00f5es f\u00edsicas e psicol\u00f3gicas, al\u00e9m da amea\u00e7a de morte. Ela tmab\u00e9m contou que o ex-companheiro estava com uma arma, que era usada para a pr\u00e1tica de amea\u00e7as.<\/p>\n<p>Ao chegarem na resid\u00eancia, os policiais da DDM Santos acharam a arma, um rev\u00f3lver calibre 38 no quarto. Haviam dois cartuchos \u00edntegros, com o registro vencido. O idoso confessou a posse da arma e tamb\u00e9m o crime. Outras testemunhas tamb\u00e9m foram ouvidas e confirmaram a viol\u00eancia dom\u00e9stica que era praticada e assim, a pris\u00e3o em flagrante foi decretada.<\/p>\n<p>A arma usada pelo idoso foi apreendida e ele foi conduzido ao sistema penitenci\u00e1rio.<\/p>\n<p><strong>LEIA TAMB\u00c9M<\/strong><\/p>\n<p><a href=\"https:\/\/redenoticiaz.com.br\/litoralsp\/2023\/06\/01\/video-policiais-sao-baleados-durante-briga-com-bandido\">V\u00cdDEO \u2013 Policiais s\u00e3o baleados durante briga com bandido<\/a><\/p>\n","protected":false},"excerpt":{"rendered":"<p>Um idoso de 65 anos foi preso em flagrante acusado de viol\u00eancia dom\u00e9stica contra a pr\u00f3pria companheira, de 75, em Santos. Com ele, uma arma, que seria usada para amea\u00e7as de morte foi apreendida. Segundo a Pol\u00edcia Civil, na quarta-feira (31), policiais da Delegacia de Defesa da Mulher (DDM) do munic\u00edpio foram at\u00e9 um im\u00f3vel &hellip;<\/p>\n","protected":false},"author":6,"featured_media":106743,"comment_status":"open","ping_status":"closed","sticky":false,"template":"","format":"standard","meta":{"footnotes":""},"categories":[10,180],"tags":[40229,61387,5702,9470,45603,986,3753],"class_list":["post-106742","post","type-post","status-publish","format-standard","has-post-thumbnail","hentry","category-policia","category-santos","tag-arma-apreendida","tag-ddm-santos","tag-delegacia-de-defesa-da-mulher","tag-gonzaga","tag-idoso-preso","tag-santos","tag-violencia-domestica"],"yoast_head":"<!-- This site is optimized with the Yoast SEO plugin v27.5 - https:\/\/yoast.com\/product\/yoast-seo-wordpress\/ -->\n<title>Homem investigado por viol\u00eancia dom\u00e9stica em Santos \u00e9 preso e arma \u00e9 apreendida - Litoral SP<\/title>\n<meta name=\"description\" content=\"de 65 anos foi preso em flagrante acusado de viol\u00eancia dom\u00e9stica contra a pr\u00f3pria companheira, de 75, em Santos. Com ele, uma arma,\" \/>\n<meta name=\"robots\" content=\"index, follow, max-snippet:-1, max-image-preview:large, max-video-preview:-1\" \/>\n<link rel=\"canonical\" href=\"https:\/\/redenoticiaz.com.br\/litoralsp\/2023\/06\/02\/homem-investigado-por-violencia-domestica-em-santos-e-preso-e-arma-e-apreendida\" \/>\n<meta property=\"og:locale\" content=\"pt_BR\" \/>\n<meta property=\"og:type\" content=\"article\" \/>\n<meta property=\"og:title\" content=\"Homem investigado por viol\u00eancia dom\u00e9stica em Santos \u00e9 preso e arma \u00e9 apreendida - Litoral SP\" \/>\n<meta property=\"og:description\" content=\"de 65 anos foi preso em flagrante acusado de viol\u00eancia dom\u00e9stica contra a pr\u00f3pria companheira, de 75, em Santos. Com ele, uma arma,\" \/>\n<meta property=\"og:url\" content=\"https:\/\/redenoticiaz.com.br\/litoralsp\/2023\/06\/02\/homem-investigado-por-violencia-domestica-em-santos-e-preso-e-arma-e-apreendida\" \/>\n<meta property=\"og:site_name\" content=\"Litoral SP\" \/>\n<meta property=\"article:published_time\" content=\"2023-06-02T11:59:54+00:00\" \/>\n<meta property=\"og:image\" content=\"https:\/\/redenoticiaz.com.br\/litoralsp\/wp-content\/uploads\/sites\/3\/2023\/06\/WhatsApp-Image-2023-06-01-at-11.43.13.jpeg\" \/>\n\t<meta property=\"og:image:width\" content=\"1280\" \/>\n\t<meta property=\"og:image:height\" content=\"960\" \/>\n\t<meta property=\"og:image:type\" content=\"image\/jpeg\" \/>\n<meta name=\"author\" content=\"Leonardo Francisco\" \/>\n<meta name=\"twitter:card\" content=\"summary_large_image\" \/>\n<meta name=\"twitter:label1\" content=\"Escrito por\" \/>\n\t<meta name=\"twitter:data1\" content=\"Leonardo Francisco\" \/>\n\t<meta name=\"twitter:label2\" content=\"Est. tempo de leitura\" \/>\n\t<meta name=\"twitter:data2\" content=\"2 minutos\" \/>\n<script type=\"application\/ld+json\" class=\"yoast-schema-graph\">{\"@context\":\"https:\\\/\\\/schema.org\",\"@graph\":[{\"@type\":\"Article\",\"@id\":\"https:\\\/\\\/redenoticiaz.com.br\\\/litoralsp\\\/2023\\\/06\\\/02\\\/homem-investigado-por-violencia-domestica-em-santos-e-preso-e-arma-e-apreendida#article\",\"isPartOf\":{\"@id\":\"https:\\\/\\\/redenoticiaz.com.br\\\/litoralsp\\\/2023\\\/06\\\/02\\\/homem-investigado-por-violencia-domestica-em-santos-e-preso-e-arma-e-apreendida\"},\"author\":{\"name\":\"Leonardo Francisco\",\"@id\":\"https:\\\/\\\/redenoticiaz.com.br\\\/litoralsp\\\/#\\\/schema\\\/person\\\/0f0b8a5bdafefe82841e07ae8d81ecb3\"},\"headline\":\"Homem investigado por viol\u00eancia dom\u00e9stica em Santos \u00e9 preso e arma \u00e9 apreendida\",\"datePublished\":\"2023-06-02T11:59:54+00:00\",\"mainEntityOfPage\":{\"@id\":\"https:\\\/\\\/redenoticiaz.com.br\\\/litoralsp\\\/2023\\\/06\\\/02\\\/homem-investigado-por-violencia-domestica-em-santos-e-preso-e-arma-e-apreendida\"},\"wordCount\":226,\"commentCount\":0,\"publisher\":{\"@id\":\"https:\\\/\\\/redenoticiaz.com.br\\\/litoralsp\\\/#organization\"},\"image\":{\"@id\":\"https:\\\/\\\/redenoticiaz.com.br\\\/litoralsp\\\/2023\\\/06\\\/02\\\/homem-investigado-por-violencia-domestica-em-santos-e-preso-e-arma-e-apreendida#primaryimage\"},\"thumbnailUrl\":\"https:\\\/\\\/redenoticiaz.com.br\\\/litoralsp\\\/wp-content\\\/uploads\\\/sites\\\/3\\\/2023\\\/06\\\/WhatsApp-Image-2023-06-01-at-11.43.13.jpeg\",\"keywords\":[\"ARMA APREENDIDA\",\"DDM SANTOS\",\"DELEGACIA DE DEFESA DA MULHER\",\"GONZAGA\",\"IDOSO PRESO\",\"Santos\",\"Viol\u00eancia dom\u00e9stica\"],\"articleSection\":[\"Pol\u00edcia\",\"Santos\"],\"inLanguage\":\"pt-BR\",\"potentialAction\":[{\"@type\":\"CommentAction\",\"name\":\"Comment\",\"target\":[\"https:\\\/\\\/redenoticiaz.com.br\\\/litoralsp\\\/2023\\\/06\\\/02\\\/homem-investigado-por-violencia-domestica-em-santos-e-preso-e-arma-e-apreendida#respond\"]}]},{\"@type\":\"WebPage\",\"@id\":\"https:\\\/\\\/redenoticiaz.com.br\\\/litoralsp\\\/2023\\\/06\\\/02\\\/homem-investigado-por-violencia-domestica-em-santos-e-preso-e-arma-e-apreendida\",\"url\":\"https:\\\/\\\/redenoticiaz.com.br\\\/litoralsp\\\/2023\\\/06\\\/02\\\/homem-investigado-por-violencia-domestica-em-santos-e-preso-e-arma-e-apreendida\",\"name\":\"Homem investigado por viol\u00eancia dom\u00e9stica em Santos \u00e9 preso e arma \u00e9 apreendida - Litoral SP\",\"isPartOf\":{\"@id\":\"https:\\\/\\\/redenoticiaz.com.br\\\/litoralsp\\\/#website\"},\"primaryImageOfPage\":{\"@id\":\"https:\\\/\\\/redenoticiaz.com.br\\\/litoralsp\\\/2023\\\/06\\\/02\\\/homem-investigado-por-violencia-domestica-em-santos-e-preso-e-arma-e-apreendida#primaryimage\"},\"image\":{\"@id\":\"https:\\\/\\\/redenoticiaz.com.br\\\/litoralsp\\\/2023\\\/06\\\/02\\\/homem-investigado-por-violencia-domestica-em-santos-e-preso-e-arma-e-apreendida#primaryimage\"},\"thumbnailUrl\":\"https:\\\/\\\/redenoticiaz.com.br\\\/litoralsp\\\/wp-content\\\/uploads\\\/sites\\\/3\\\/2023\\\/06\\\/WhatsApp-Image-2023-06-01-at-11.43.13.jpeg\",\"datePublished\":\"2023-06-02T11:59:54+00:00\",\"description\":\"de 65 anos foi preso em flagrante acusado de viol\u00eancia dom\u00e9stica contra a pr\u00f3pria companheira, de 75, em Santos. Com ele, uma arma,\",\"inLanguage\":\"pt-BR\",\"potentialAction\":[{\"@type\":\"ReadAction\",\"target\":[\"https:\\\/\\\/redenoticiaz.com.br\\\/litoralsp\\\/2023\\\/06\\\/02\\\/homem-investigado-por-violencia-domestica-em-santos-e-preso-e-arma-e-apreendida\"]}]},{\"@type\":\"ImageObject\",\"inLanguage\":\"pt-BR\",\"@id\":\"https:\\\/\\\/redenoticiaz.com.br\\\/litoralsp\\\/2023\\\/06\\\/02\\\/homem-investigado-por-violencia-domestica-em-santos-e-preso-e-arma-e-apreendida#primaryimage\",\"url\":\"https:\\\/\\\/redenoticiaz.com.br\\\/litoralsp\\\/wp-content\\\/uploads\\\/sites\\\/3\\\/2023\\\/06\\\/WhatsApp-Image-2023-06-01-at-11.43.13.jpeg\",\"contentUrl\":\"https:\\\/\\\/redenoticiaz.com.br\\\/litoralsp\\\/wp-content\\\/uploads\\\/sites\\\/3\\\/2023\\\/06\\\/WhatsApp-Image-2023-06-01-at-11.43.13.jpeg\",\"width\":1280,\"height\":960,\"caption\":\"Cr\u00e9ditos: Divulga\u00e7\u00e3o\\\/Pol\u00edcia Civil\"},{\"@type\":\"WebSite\",\"@id\":\"https:\\\/\\\/redenoticiaz.com.br\\\/litoralsp\\\/#website\",\"url\":\"https:\\\/\\\/redenoticiaz.com.br\\\/litoralsp\\\/\",\"name\":\"Litoral SP\",\"description\":\"Rede NoticiaZ\",\"publisher\":{\"@id\":\"https:\\\/\\\/redenoticiaz.com.br\\\/litoralsp\\\/#organization\"},\"potentialAction\":[{\"@type\":\"SearchAction\",\"target\":{\"@type\":\"EntryPoint\",\"urlTemplate\":\"https:\\\/\\\/redenoticiaz.com.br\\\/litoralsp\\\/?s={search_term_string}\"},\"query-input\":{\"@type\":\"PropertyValueSpecification\",\"valueRequired\":true,\"valueName\":\"search_term_string\"}}],\"inLanguage\":\"pt-BR\"},{\"@type\":\"Organization\",\"@id\":\"https:\\\/\\\/redenoticiaz.com.br\\\/litoralsp\\\/#organization\",\"name\":\"Litoral SP\",\"url\":\"https:\\\/\\\/redenoticiaz.com.br\\\/litoralsp\\\/\",\"logo\":{\"@type\":\"ImageObject\",\"inLanguage\":\"pt-BR\",\"@id\":\"https:\\\/\\\/redenoticiaz.com.br\\\/litoralsp\\\/#\\\/schema\\\/logo\\\/image\\\/\",\"url\":\"https:\\\/\\\/redenoticiaz.com.br\\\/litoralsp\\\/wp-content\\\/uploads\\\/sites\\\/3\\\/2020\\\/11\\\/logo.jpg\",\"contentUrl\":\"https:\\\/\\\/redenoticiaz.com.br\\\/litoralsp\\\/wp-content\\\/uploads\\\/sites\\\/3\\\/2020\\\/11\\\/logo.jpg\",\"width\":400,\"height\":250,\"caption\":\"Litoral SP\"},\"image\":{\"@id\":\"https:\\\/\\\/redenoticiaz.com.br\\\/litoralsp\\\/#\\\/schema\\\/logo\\\/image\\\/\"}},{\"@type\":\"Person\",\"@id\":\"https:\\\/\\\/redenoticiaz.com.br\\\/litoralsp\\\/#\\\/schema\\\/person\\\/0f0b8a5bdafefe82841e07ae8d81ecb3\",\"name\":\"Leonardo Francisco\",\"image\":{\"@type\":\"ImageObject\",\"inLanguage\":\"pt-BR\",\"@id\":\"https:\\\/\\\/secure.gravatar.com\\\/avatar\\\/a7358cb406a99b682ec6df1e77e31ae82e63601f6784e8a3df411d72b37864da?s=96&d=mm&r=g\",\"url\":\"https:\\\/\\\/secure.gravatar.com\\\/avatar\\\/a7358cb406a99b682ec6df1e77e31ae82e63601f6784e8a3df411d72b37864da?s=96&d=mm&r=g\",\"contentUrl\":\"https:\\\/\\\/secure.gravatar.com\\\/avatar\\\/a7358cb406a99b682ec6df1e77e31ae82e63601f6784e8a3df411d72b37864da?s=96&d=mm&r=g\",\"caption\":\"Leonardo Francisco\"},\"url\":\"https:\\\/\\\/redenoticiaz.com.br\\\/litoralsp\\\/author\\\/leonardo-francisco\"}]}<\/script>\n<!-- \/ Yoast SEO plugin. -->","yoast_head_json":{"title":"Homem investigado por viol\u00eancia dom\u00e9stica em Santos \u00e9 preso e arma \u00e9 apreendida - Litoral SP","description":"de 65 anos foi preso em flagrante acusado de viol\u00eancia dom\u00e9stica contra a pr\u00f3pria companheira, de 75, em Santos. Com ele, uma arma,","robots":{"index":"index","follow":"follow","max-snippet":"max-snippet:-1","max-image-preview":"max-image-preview:large","max-video-preview":"max-video-preview:-1"},"canonical":"https:\/\/redenoticiaz.com.br\/litoralsp\/2023\/06\/02\/homem-investigado-por-violencia-domestica-em-santos-e-preso-e-arma-e-apreendida","og_locale":"pt_BR","og_type":"article","og_title":"Homem investigado por viol\u00eancia dom\u00e9stica em Santos \u00e9 preso e arma \u00e9 apreendida - Litoral SP","og_description":"de 65 anos foi preso em flagrante acusado de viol\u00eancia dom\u00e9stica contra a pr\u00f3pria companheira, de 75, em Santos. Com ele, uma arma,","og_url":"https:\/\/redenoticiaz.com.br\/litoralsp\/2023\/06\/02\/homem-investigado-por-violencia-domestica-em-santos-e-preso-e-arma-e-apreendida","og_site_name":"Litoral SP","article_published_time":"2023-06-02T11:59:54+00:00","og_image":[{"width":1280,"height":960,"url":"https:\/\/redenoticiaz.com.br\/litoralsp\/wp-content\/uploads\/sites\/3\/2023\/06\/WhatsApp-Image-2023-06-01-at-11.43.13.jpeg","type":"image\/jpeg"}],"author":"Leonardo Francisco","twitter_card":"summary_large_image","twitter_misc":{"Escrito por":"Leonardo Francisco","Est. tempo de leitura":"2 minutos"},"schema":{"@context":"https:\/\/schema.org","@graph":[{"@type":"Article","@id":"https:\/\/redenoticiaz.com.br\/litoralsp\/2023\/06\/02\/homem-investigado-por-violencia-domestica-em-santos-e-preso-e-arma-e-apreendida#article","isPartOf":{"@id":"https:\/\/redenoticiaz.com.br\/litoralsp\/2023\/06\/02\/homem-investigado-por-violencia-domestica-em-santos-e-preso-e-arma-e-apreendida"},"author":{"name":"Leonardo Francisco","@id":"https:\/\/redenoticiaz.com.br\/litoralsp\/#\/schema\/person\/0f0b8a5bdafefe82841e07ae8d81ecb3"},"headline":"Homem investigado por viol\u00eancia dom\u00e9stica em Santos \u00e9 preso e arma \u00e9 apreendida","datePublished":"2023-06-02T11:59:54+00:00","mainEntityOfPage":{"@id":"https:\/\/redenoticiaz.com.br\/litoralsp\/2023\/06\/02\/homem-investigado-por-violencia-domestica-em-santos-e-preso-e-arma-e-apreendida"},"wordCount":226,"commentCount":0,"publisher":{"@id":"https:\/\/redenoticiaz.com.br\/litoralsp\/#organization"},"image":{"@id":"https:\/\/redenoticiaz.com.br\/litoralsp\/2023\/06\/02\/homem-investigado-por-violencia-domestica-em-santos-e-preso-e-arma-e-apreendida#primaryimage"},"thumbnailUrl":"https:\/\/redenoticiaz.com.br\/litoralsp\/wp-content\/uploads\/sites\/3\/2023\/06\/WhatsApp-Image-2023-06-01-at-11.43.13.jpeg","keywords":["ARMA APREENDIDA","DDM SANTOS","DELEGACIA DE DEFESA DA MULHER","GONZAGA","IDOSO PRESO","Santos","Viol\u00eancia dom\u00e9stica"],"articleSection":["Pol\u00edcia","Santos"],"inLanguage":"pt-BR","potentialAction":[{"@type":"CommentAction","name":"Comment","target":["https:\/\/redenoticiaz.com.br\/litoralsp\/2023\/06\/02\/homem-investigado-por-violencia-domestica-em-santos-e-preso-e-arma-e-apreendida#respond"]}]},{"@type":"WebPage","@id":"https:\/\/redenoticiaz.com.br\/litoralsp\/2023\/06\/02\/homem-investigado-por-violencia-domestica-em-santos-e-preso-e-arma-e-apreendida","url":"https:\/\/redenoticiaz.com.br\/litoralsp\/2023\/06\/02\/homem-investigado-por-violencia-domestica-em-santos-e-preso-e-arma-e-apreendida","name":"Homem investigado por viol\u00eancia dom\u00e9stica em Santos \u00e9 preso e arma \u00e9 apreendida - Litoral SP","isPartOf":{"@id":"https:\/\/redenoticiaz.com.br\/litoralsp\/#website"},"primaryImageOfPage":{"@id":"https:\/\/redenoticiaz.com.br\/litoralsp\/2023\/06\/02\/homem-investigado-por-violencia-domestica-em-santos-e-preso-e-arma-e-apreendida#primaryimage"},"image":{"@id":"https:\/\/redenoticiaz.com.br\/litoralsp\/2023\/06\/02\/homem-investigado-por-violencia-domestica-em-santos-e-preso-e-arma-e-apreendida#primaryimage"},"thumbnailUrl":"https:\/\/redenoticiaz.com.br\/litoralsp\/wp-content\/uploads\/sites\/3\/2023\/06\/WhatsApp-Image-2023-06-01-at-11.43.13.jpeg","datePublished":"2023-06-02T11:59:54+00:00","description":"de 65 anos foi preso em flagrante acusado de viol\u00eancia dom\u00e9stica contra a pr\u00f3pria companheira, de 75, em Santos. Com ele, uma arma,","inLanguage":"pt-BR","potentialAction":[{"@type":"ReadAction","target":["https:\/\/redenoticiaz.com.br\/litoralsp\/2023\/06\/02\/homem-investigado-por-violencia-domestica-em-santos-e-preso-e-arma-e-apreendida"]}]},{"@type":"ImageObject","inLanguage":"pt-BR","@id":"https:\/\/redenoticiaz.com.br\/litoralsp\/2023\/06\/02\/homem-investigado-por-violencia-domestica-em-santos-e-preso-e-arma-e-apreendida#primaryimage","url":"https:\/\/redenoticiaz.com.br\/litoralsp\/wp-content\/uploads\/sites\/3\/2023\/06\/WhatsApp-Image-2023-06-01-at-11.43.13.jpeg","contentUrl":"https:\/\/redenoticiaz.com.br\/litoralsp\/wp-content\/uploads\/sites\/3\/2023\/06\/WhatsApp-Image-2023-06-01-at-11.43.13.jpeg","width":1280,"height":960,"caption":"Cr\u00e9ditos: Divulga\u00e7\u00e3o\/Pol\u00edcia Civil"},{"@type":"WebSite","@id":"https:\/\/redenoticiaz.com.br\/litoralsp\/#website","url":"https:\/\/redenoticiaz.com.br\/litoralsp\/","name":"Litoral SP","description":"Rede NoticiaZ","publisher":{"@id":"https:\/\/redenoticiaz.com.br\/litoralsp\/#organization"},"potentialAction":[{"@type":"SearchAction","target":{"@type":"EntryPoint","urlTemplate":"https:\/\/redenoticiaz.com.br\/litoralsp\/?s={search_term_string}"},"query-input":{"@type":"PropertyValueSpecification","valueRequired":true,"valueName":"search_term_string"}}],"inLanguage":"pt-BR"},{"@type":"Organization","@id":"https:\/\/redenoticiaz.com.br\/litoralsp\/#organization","name":"Litoral SP","url":"https:\/\/redenoticiaz.com.br\/litoralsp\/","logo":{"@type":"ImageObject","inLanguage":"pt-BR","@id":"https:\/\/redenoticiaz.com.br\/litoralsp\/#\/schema\/logo\/image\/","url":"https:\/\/redenoticiaz.com.br\/litoralsp\/wp-content\/uploads\/sites\/3\/2020\/11\/logo.jpg","contentUrl":"https:\/\/redenoticiaz.com.br\/litoralsp\/wp-content\/uploads\/sites\/3\/2020\/11\/logo.jpg","width":400,"height":250,"caption":"Litoral SP"},"image":{"@id":"https:\/\/redenoticiaz.com.br\/litoralsp\/#\/schema\/logo\/image\/"}},{"@type":"Person","@id":"https:\/\/redenoticiaz.com.br\/litoralsp\/#\/schema\/person\/0f0b8a5bdafefe82841e07ae8d81ecb3","name":"Leonardo Francisco","image":{"@type":"ImageObject","inLanguage":"pt-BR","@id":"https:\/\/secure.gravatar.com\/avatar\/a7358cb406a99b682ec6df1e77e31ae82e63601f6784e8a3df411d72b37864da?s=96&d=mm&r=g","url":"https:\/\/secure.gravatar.com\/avatar\/a7358cb406a99b682ec6df1e77e31ae82e63601f6784e8a3df411d72b37864da?s=96&d=mm&r=g","contentUrl":"https:\/\/secure.gravatar.com\/avatar\/a7358cb406a99b682ec6df1e77e31ae82e63601f6784e8a3df411d72b37864da?s=96&d=mm&r=g","caption":"Leonardo Francisco"},"url":"https:\/\/redenoticiaz.com.br\/litoralsp\/author\/leonardo-francisco"}]}},"_links":{"self":[{"href":"https:\/\/redenoticiaz.com.br\/litoralsp\/wp-json\/wp\/v2\/posts\/106742","targetHints":{"allow":["GET"]}}],"collection":[{"href":"https:\/\/redenoticiaz.com.br\/litoralsp\/wp-json\/wp\/v2\/posts"}],"about":[{"href":"https:\/\/redenoticiaz.com.br\/litoralsp\/wp-json\/wp\/v2\/types\/post"}],"author":[{"embeddable":true,"href":"https:\/\/redenoticiaz.com.br\/litoralsp\/wp-json\/wp\/v2\/users\/6"}],"replies":[{"embeddable":true,"href":"https:\/\/redenoticiaz.com.br\/litoralsp\/wp-json\/wp\/v2\/comments?post=106742"}],"version-history":[{"count":1,"href":"https:\/\/redenoticiaz.com.br\/litoralsp\/wp-json\/wp\/v2\/posts\/106742\/revisions"}],"predecessor-version":[{"id":106744,"href":"https:\/\/redenoticiaz.com.br\/litoralsp\/wp-json\/wp\/v2\/posts\/106742\/revisions\/106744"}],"wp:featuredmedia":[{"embeddable":true,"href":"https:\/\/redenoticiaz.com.br\/litoralsp\/wp-json\/wp\/v2\/media\/106743"}],"wp:attachment":[{"href":"https:\/\/redenoticiaz.com.br\/litoralsp\/wp-json\/wp\/v2\/media?parent=106742"}],"wp:term":[{"taxonomy":"category","embeddable":true,"href":"https:\/\/redenoticiaz.com.br\/litoralsp\/wp-json\/wp\/v2\/categories?post=106742"},{"taxonomy":"post_tag","embeddable":true,"href":"https:\/\/redenoticiaz.com.br\/litoralsp\/wp-json\/wp\/v2\/tags?post=106742"}],"curies":[{"name":"wp","href":"https:\/\/api.w.org\/{rel}","templated":true}]}}