{"id":10678,"date":"2021-06-28T07:00:59","date_gmt":"2021-06-28T10:00:59","guid":{"rendered":"https:\/\/redenoticiaz.com.br\/litoralsp\/?p=10678"},"modified":"2021-06-28T18:02:03","modified_gmt":"2021-06-28T21:02:03","slug":"sao-paulo-so-empata-e-segue-na-zona-de-rebaixamento","status":"publish","type":"post","link":"https:\/\/redenoticiaz.com.br\/litoralsp\/2021\/06\/28\/sao-paulo-so-empata-e-segue-na-zona-de-rebaixamento","title":{"rendered":"S\u00e3o Paulo s\u00f3 empata e segue na zona de rebaixamento"},"content":{"rendered":"<p>Em partida realizada no est\u00e1dio do Castel\u00e3o, o <strong>Cear\u00e1 e o S\u00e3o Paulo empataram em 1 a 1.<\/strong> Com isso, o Voz\u00e3o terminou a rodada na 12\u00aa posi\u00e7\u00e3o com nove pontos, enquanto o Tricolor paulista aparece na 17\u00aa posi\u00e7\u00e3o com 4 pontos na zona de rebaixamento.<\/p>\n<blockquote class=\"twitter-tweet\" data-width=\"500\" data-dnt=\"true\">\n<p lang=\"pt\" dir=\"ltr\">Um gol e um ponto pra cada em <a href=\"https:\/\/twitter.com\/CearaSC?ref_src=twsrc%5Etfw\">@CearaSC<\/a> x <a href=\"https:\/\/twitter.com\/SaoPauloFC?ref_src=twsrc%5Etfw\">@SaoPauloFC<\/a>&#8230; <a href=\"https:\/\/t.co\/AZiocHJl3q\">pic.twitter.com\/AZiocHJl3q<\/a><\/p>\n<p>&mdash; Brasileir\u00e3o (@Brasileirao) <a href=\"https:\/\/twitter.com\/Brasileirao\/status\/1409322323514175490?ref_src=twsrc%5Etfw\">June 28, 2021<\/a><\/p><\/blockquote>\n<p><script async src=\"https:\/\/platform.twitter.com\/widgets.js\" charset=\"utf-8\"><\/script><\/p>\n<div class=\"twitter-tweet twitter-tweet-rendered\"><\/div>\n<p>O Cear\u00e1 saiu na frente ainda no primeiro tempo, aos 22 minutos, quando Jorginho aproveitou rebote, ap\u00f3s uma sequ\u00eancia de defesas do goleiro Tiago Volpi, para marcar. Por\u00e9m, aos seis minutos da etapa final, o Tricolor conseguiu empatar gra\u00e7as a gol contra de Gabriel Dias. E a igualdade permaneceu at\u00e9 o fim.<\/p>\n<p>Agora, o <a href=\"https:\/\/pt.wikipedia.org\/wiki\/S%C3%A3o_Paulo\">S\u00e3o Paulo<\/a> volta a campo na pr\u00f3xima quarta-feira (30), quando faz cl\u00e1ssico com o Corinthians. Um dia depois o Cear\u00e1 visita o Bragantino. (agenciabrasil)<\/p>\n<p>&nbsp;<\/p>\n<p>LEIA TAMB\u00c9M<\/p>\n<p><a href=\"https:\/\/redenoticiaz.com.br\/litoralsp\/2021\/06\/28\/santos-vence-o-atletico-mg-por-2-a-0-na-vila-belmiro\">Santos vence o Atl\u00e9tico-MG por 2 a 0 na Vila Belmiro<\/a><\/p>\n","protected":false},"excerpt":{"rendered":"<p>Em partida realizada no est\u00e1dio do Castel\u00e3o, o Cear\u00e1 e o S\u00e3o Paulo empataram em 1 a 1. Com isso, o Voz\u00e3o terminou a rodada na 12\u00aa posi\u00e7\u00e3o com nove pontos, enquanto o Tricolor paulista aparece na 17\u00aa posi\u00e7\u00e3o com 4 pontos na zona de rebaixamento. O Cear\u00e1 saiu na frente ainda no primeiro tempo, &hellip;<\/p>\n","protected":false},"author":5,"featured_media":10680,"comment_status":"open","ping_status":"closed","sticky":false,"template":"","format":"standard","meta":{"footnotes":""},"categories":[35],"tags":[26542,26545,26544,26546,15376,26543],"class_list":["post-10678","post","type-post","status-publish","format-standard","has-post-thumbnail","hentry","category-esporte","tag-sao-paulo-empata","tag-sao-paulo-empata-ceara","tag-sao-paulo-na-zona-de-rebaixamento","tag-sao-paulo-resultado","tag-sao-paulo-resultado-jogo","tag-sao-paulo-z4"],"yoast_head":"<!-- This site is optimized with the Yoast SEO plugin v27.5 - https:\/\/yoast.com\/product\/yoast-seo-wordpress\/ -->\n<title>S\u00e3o Paulo s\u00f3 empata e segue na zona de rebaixamento - Litoral SP<\/title>\n<meta name=\"description\" content=\"Em partida realizada no est\u00e1dio do Castel\u00e3o, o Cear\u00e1 e o S\u00e3o Paulo empataram em 1 a 1. Com isso, o Voz\u00e3o terminou a rodada na 12\u00aa posi\u00e7\u00e3o\" \/>\n<meta name=\"robots\" content=\"index, follow, max-snippet:-1, max-image-preview:large, max-video-preview:-1\" \/>\n<link rel=\"canonical\" href=\"https:\/\/redenoticiaz.com.br\/litoralsp\/2021\/06\/28\/sao-paulo-so-empata-e-segue-na-zona-de-rebaixamento\" \/>\n<meta property=\"og:locale\" content=\"pt_BR\" \/>\n<meta property=\"og:type\" content=\"article\" \/>\n<meta property=\"og:title\" content=\"S\u00e3o Paulo s\u00f3 empata e segue na zona de rebaixamento - Litoral SP\" \/>\n<meta property=\"og:description\" content=\"Em partida realizada no est\u00e1dio do Castel\u00e3o, o Cear\u00e1 e o S\u00e3o Paulo empataram em 1 a 1. Com isso, o Voz\u00e3o terminou a rodada na 12\u00aa posi\u00e7\u00e3o\" \/>\n<meta property=\"og:url\" content=\"https:\/\/redenoticiaz.com.br\/litoralsp\/2021\/06\/28\/sao-paulo-so-empata-e-segue-na-zona-de-rebaixamento\" \/>\n<meta property=\"og:site_name\" content=\"Litoral SP\" \/>\n<meta property=\"article:published_time\" content=\"2021-06-28T10:00:59+00:00\" \/>\n<meta property=\"article:modified_time\" content=\"2021-06-28T21:02:03+00:00\" \/>\n<meta property=\"og:image\" content=\"https:\/\/redenoticiaz.com.br\/litoralsp\/wp-content\/uploads\/sites\/3\/2021\/06\/sao-paulo.jpeg\" \/>\n\t<meta property=\"og:image:width\" content=\"750\" \/>\n\t<meta property=\"og:image:height\" content=\"860\" \/>\n\t<meta property=\"og:image:type\" content=\"image\/jpeg\" \/>\n<meta name=\"author\" content=\"Patr\u00edcia Prado\" \/>\n<meta name=\"twitter:card\" content=\"summary_large_image\" \/>\n<meta name=\"twitter:label1\" content=\"Escrito por\" \/>\n\t<meta name=\"twitter:data1\" content=\"Patr\u00edcia Prado\" \/>\n\t<meta name=\"twitter:label2\" content=\"Est. tempo de leitura\" \/>\n\t<meta name=\"twitter:data2\" content=\"1 minuto\" \/>\n<script type=\"application\/ld+json\" class=\"yoast-schema-graph\">{\"@context\":\"https:\\\/\\\/schema.org\",\"@graph\":[{\"@type\":\"Article\",\"@id\":\"https:\\\/\\\/redenoticiaz.com.br\\\/litoralsp\\\/2021\\\/06\\\/28\\\/sao-paulo-so-empata-e-segue-na-zona-de-rebaixamento#article\",\"isPartOf\":{\"@id\":\"https:\\\/\\\/redenoticiaz.com.br\\\/litoralsp\\\/2021\\\/06\\\/28\\\/sao-paulo-so-empata-e-segue-na-zona-de-rebaixamento\"},\"author\":{\"name\":\"Patr\u00edcia Prado\",\"@id\":\"https:\\\/\\\/redenoticiaz.com.br\\\/litoralsp\\\/#\\\/schema\\\/person\\\/e1b0bd8c2637e2c1b6ddcbc2c33b116f\"},\"headline\":\"S\u00e3o Paulo s\u00f3 empata e segue na zona de rebaixamento\",\"datePublished\":\"2021-06-28T10:00:59+00:00\",\"dateModified\":\"2021-06-28T21:02:03+00:00\",\"mainEntityOfPage\":{\"@id\":\"https:\\\/\\\/redenoticiaz.com.br\\\/litoralsp\\\/2021\\\/06\\\/28\\\/sao-paulo-so-empata-e-segue-na-zona-de-rebaixamento\"},\"wordCount\":163,\"commentCount\":0,\"publisher\":{\"@id\":\"https:\\\/\\\/redenoticiaz.com.br\\\/litoralsp\\\/#organization\"},\"image\":{\"@id\":\"https:\\\/\\\/redenoticiaz.com.br\\\/litoralsp\\\/2021\\\/06\\\/28\\\/sao-paulo-so-empata-e-segue-na-zona-de-rebaixamento#primaryimage\"},\"thumbnailUrl\":\"https:\\\/\\\/redenoticiaz.com.br\\\/litoralsp\\\/wp-content\\\/uploads\\\/sites\\\/3\\\/2021\\\/06\\\/sao-paulo.jpeg\",\"keywords\":[\"S\u00c3O PAULO EMPATA\",\"S\u00c3O PAULO EMPATA CEAR\u00c1\",\"S\u00c3O PAULO NA ZONA DE REBAIXAMENTO\",\"S\u00c3O PAULO RESULTADO\",\"S\u00c3O PAULO RESULTADO JOGO\",\"S\u00c3O PAULO Z4\"],\"articleSection\":[\"Esporte\"],\"inLanguage\":\"pt-BR\",\"potentialAction\":[{\"@type\":\"CommentAction\",\"name\":\"Comment\",\"target\":[\"https:\\\/\\\/redenoticiaz.com.br\\\/litoralsp\\\/2021\\\/06\\\/28\\\/sao-paulo-so-empata-e-segue-na-zona-de-rebaixamento#respond\"]}]},{\"@type\":\"WebPage\",\"@id\":\"https:\\\/\\\/redenoticiaz.com.br\\\/litoralsp\\\/2021\\\/06\\\/28\\\/sao-paulo-so-empata-e-segue-na-zona-de-rebaixamento\",\"url\":\"https:\\\/\\\/redenoticiaz.com.br\\\/litoralsp\\\/2021\\\/06\\\/28\\\/sao-paulo-so-empata-e-segue-na-zona-de-rebaixamento\",\"name\":\"S\u00e3o Paulo s\u00f3 empata e segue na zona de rebaixamento - Litoral SP\",\"isPartOf\":{\"@id\":\"https:\\\/\\\/redenoticiaz.com.br\\\/litoralsp\\\/#website\"},\"primaryImageOfPage\":{\"@id\":\"https:\\\/\\\/redenoticiaz.com.br\\\/litoralsp\\\/2021\\\/06\\\/28\\\/sao-paulo-so-empata-e-segue-na-zona-de-rebaixamento#primaryimage\"},\"image\":{\"@id\":\"https:\\\/\\\/redenoticiaz.com.br\\\/litoralsp\\\/2021\\\/06\\\/28\\\/sao-paulo-so-empata-e-segue-na-zona-de-rebaixamento#primaryimage\"},\"thumbnailUrl\":\"https:\\\/\\\/redenoticiaz.com.br\\\/litoralsp\\\/wp-content\\\/uploads\\\/sites\\\/3\\\/2021\\\/06\\\/sao-paulo.jpeg\",\"datePublished\":\"2021-06-28T10:00:59+00:00\",\"dateModified\":\"2021-06-28T21:02:03+00:00\",\"description\":\"Em partida realizada no est\u00e1dio do Castel\u00e3o, o Cear\u00e1 e o S\u00e3o Paulo empataram em 1 a 1. Com isso, o Voz\u00e3o terminou a rodada na 12\u00aa posi\u00e7\u00e3o\",\"inLanguage\":\"pt-BR\",\"potentialAction\":[{\"@type\":\"ReadAction\",\"target\":[\"https:\\\/\\\/redenoticiaz.com.br\\\/litoralsp\\\/2021\\\/06\\\/28\\\/sao-paulo-so-empata-e-segue-na-zona-de-rebaixamento\"]}]},{\"@type\":\"ImageObject\",\"inLanguage\":\"pt-BR\",\"@id\":\"https:\\\/\\\/redenoticiaz.com.br\\\/litoralsp\\\/2021\\\/06\\\/28\\\/sao-paulo-so-empata-e-segue-na-zona-de-rebaixamento#primaryimage\",\"url\":\"https:\\\/\\\/redenoticiaz.com.br\\\/litoralsp\\\/wp-content\\\/uploads\\\/sites\\\/3\\\/2021\\\/06\\\/sao-paulo.jpeg\",\"contentUrl\":\"https:\\\/\\\/redenoticiaz.com.br\\\/litoralsp\\\/wp-content\\\/uploads\\\/sites\\\/3\\\/2021\\\/06\\\/sao-paulo.jpeg\",\"width\":750,\"height\":860,\"caption\":\"Em partida realizada no est\u00e1dio do Castel\u00e3o, o Cear\u00e1 e o S\u00e3o Paulo empataram em 1 a 1. Com isso, o Voz\u00e3o terminou a rodada na 12\u00aa posi\u00e7\u00e3o\"},{\"@type\":\"WebSite\",\"@id\":\"https:\\\/\\\/redenoticiaz.com.br\\\/litoralsp\\\/#website\",\"url\":\"https:\\\/\\\/redenoticiaz.com.br\\\/litoralsp\\\/\",\"name\":\"Litoral SP\",\"description\":\"Rede NoticiaZ\",\"publisher\":{\"@id\":\"https:\\\/\\\/redenoticiaz.com.br\\\/litoralsp\\\/#organization\"},\"potentialAction\":[{\"@type\":\"SearchAction\",\"target\":{\"@type\":\"EntryPoint\",\"urlTemplate\":\"https:\\\/\\\/redenoticiaz.com.br\\\/litoralsp\\\/?s={search_term_string}\"},\"query-input\":{\"@type\":\"PropertyValueSpecification\",\"valueRequired\":true,\"valueName\":\"search_term_string\"}}],\"inLanguage\":\"pt-BR\"},{\"@type\":\"Organization\",\"@id\":\"https:\\\/\\\/redenoticiaz.com.br\\\/litoralsp\\\/#organization\",\"name\":\"Litoral SP\",\"url\":\"https:\\\/\\\/redenoticiaz.com.br\\\/litoralsp\\\/\",\"logo\":{\"@type\":\"ImageObject\",\"inLanguage\":\"pt-BR\",\"@id\":\"https:\\\/\\\/redenoticiaz.com.br\\\/litoralsp\\\/#\\\/schema\\\/logo\\\/image\\\/\",\"url\":\"https:\\\/\\\/redenoticiaz.com.br\\\/litoralsp\\\/wp-content\\\/uploads\\\/sites\\\/3\\\/2020\\\/11\\\/logo.jpg\",\"contentUrl\":\"https:\\\/\\\/redenoticiaz.com.br\\\/litoralsp\\\/wp-content\\\/uploads\\\/sites\\\/3\\\/2020\\\/11\\\/logo.jpg\",\"width\":400,\"height\":250,\"caption\":\"Litoral SP\"},\"image\":{\"@id\":\"https:\\\/\\\/redenoticiaz.com.br\\\/litoralsp\\\/#\\\/schema\\\/logo\\\/image\\\/\"}},{\"@type\":\"Person\",\"@id\":\"https:\\\/\\\/redenoticiaz.com.br\\\/litoralsp\\\/#\\\/schema\\\/person\\\/e1b0bd8c2637e2c1b6ddcbc2c33b116f\",\"name\":\"Patr\u00edcia Prado\",\"image\":{\"@type\":\"ImageObject\",\"inLanguage\":\"pt-BR\",\"@id\":\"https:\\\/\\\/secure.gravatar.com\\\/avatar\\\/92e358bef22cfcec15e054ae4d9fee04dadf0c772dc4a17b382b8a34a15354c2?s=96&d=mm&r=g\",\"url\":\"https:\\\/\\\/secure.gravatar.com\\\/avatar\\\/92e358bef22cfcec15e054ae4d9fee04dadf0c772dc4a17b382b8a34a15354c2?s=96&d=mm&r=g\",\"contentUrl\":\"https:\\\/\\\/secure.gravatar.com\\\/avatar\\\/92e358bef22cfcec15e054ae4d9fee04dadf0c772dc4a17b382b8a34a15354c2?s=96&d=mm&r=g\",\"caption\":\"Patr\u00edcia Prado\"},\"url\":\"https:\\\/\\\/redenoticiaz.com.br\\\/litoralsp\\\/author\\\/patricia-prado\"}]}<\/script>\n<!-- \/ Yoast SEO plugin. -->","yoast_head_json":{"title":"S\u00e3o Paulo s\u00f3 empata e segue na zona de rebaixamento - Litoral SP","description":"Em partida realizada no est\u00e1dio do Castel\u00e3o, o Cear\u00e1 e o S\u00e3o Paulo empataram em 1 a 1. Com isso, o Voz\u00e3o terminou a rodada na 12\u00aa posi\u00e7\u00e3o","robots":{"index":"index","follow":"follow","max-snippet":"max-snippet:-1","max-image-preview":"max-image-preview:large","max-video-preview":"max-video-preview:-1"},"canonical":"https:\/\/redenoticiaz.com.br\/litoralsp\/2021\/06\/28\/sao-paulo-so-empata-e-segue-na-zona-de-rebaixamento","og_locale":"pt_BR","og_type":"article","og_title":"S\u00e3o Paulo s\u00f3 empata e segue na zona de rebaixamento - Litoral SP","og_description":"Em partida realizada no est\u00e1dio do Castel\u00e3o, o Cear\u00e1 e o S\u00e3o Paulo empataram em 1 a 1. Com isso, o Voz\u00e3o terminou a rodada na 12\u00aa posi\u00e7\u00e3o","og_url":"https:\/\/redenoticiaz.com.br\/litoralsp\/2021\/06\/28\/sao-paulo-so-empata-e-segue-na-zona-de-rebaixamento","og_site_name":"Litoral SP","article_published_time":"2021-06-28T10:00:59+00:00","article_modified_time":"2021-06-28T21:02:03+00:00","og_image":[{"width":750,"height":860,"url":"https:\/\/redenoticiaz.com.br\/litoralsp\/wp-content\/uploads\/sites\/3\/2021\/06\/sao-paulo.jpeg","type":"image\/jpeg"}],"author":"Patr\u00edcia Prado","twitter_card":"summary_large_image","twitter_misc":{"Escrito por":"Patr\u00edcia Prado","Est. tempo de leitura":"1 minuto"},"schema":{"@context":"https:\/\/schema.org","@graph":[{"@type":"Article","@id":"https:\/\/redenoticiaz.com.br\/litoralsp\/2021\/06\/28\/sao-paulo-so-empata-e-segue-na-zona-de-rebaixamento#article","isPartOf":{"@id":"https:\/\/redenoticiaz.com.br\/litoralsp\/2021\/06\/28\/sao-paulo-so-empata-e-segue-na-zona-de-rebaixamento"},"author":{"name":"Patr\u00edcia Prado","@id":"https:\/\/redenoticiaz.com.br\/litoralsp\/#\/schema\/person\/e1b0bd8c2637e2c1b6ddcbc2c33b116f"},"headline":"S\u00e3o Paulo s\u00f3 empata e segue na zona de rebaixamento","datePublished":"2021-06-28T10:00:59+00:00","dateModified":"2021-06-28T21:02:03+00:00","mainEntityOfPage":{"@id":"https:\/\/redenoticiaz.com.br\/litoralsp\/2021\/06\/28\/sao-paulo-so-empata-e-segue-na-zona-de-rebaixamento"},"wordCount":163,"commentCount":0,"publisher":{"@id":"https:\/\/redenoticiaz.com.br\/litoralsp\/#organization"},"image":{"@id":"https:\/\/redenoticiaz.com.br\/litoralsp\/2021\/06\/28\/sao-paulo-so-empata-e-segue-na-zona-de-rebaixamento#primaryimage"},"thumbnailUrl":"https:\/\/redenoticiaz.com.br\/litoralsp\/wp-content\/uploads\/sites\/3\/2021\/06\/sao-paulo.jpeg","keywords":["S\u00c3O PAULO EMPATA","S\u00c3O PAULO EMPATA CEAR\u00c1","S\u00c3O PAULO NA ZONA DE REBAIXAMENTO","S\u00c3O PAULO RESULTADO","S\u00c3O PAULO RESULTADO JOGO","S\u00c3O PAULO Z4"],"articleSection":["Esporte"],"inLanguage":"pt-BR","potentialAction":[{"@type":"CommentAction","name":"Comment","target":["https:\/\/redenoticiaz.com.br\/litoralsp\/2021\/06\/28\/sao-paulo-so-empata-e-segue-na-zona-de-rebaixamento#respond"]}]},{"@type":"WebPage","@id":"https:\/\/redenoticiaz.com.br\/litoralsp\/2021\/06\/28\/sao-paulo-so-empata-e-segue-na-zona-de-rebaixamento","url":"https:\/\/redenoticiaz.com.br\/litoralsp\/2021\/06\/28\/sao-paulo-so-empata-e-segue-na-zona-de-rebaixamento","name":"S\u00e3o Paulo s\u00f3 empata e segue na zona de rebaixamento - Litoral SP","isPartOf":{"@id":"https:\/\/redenoticiaz.com.br\/litoralsp\/#website"},"primaryImageOfPage":{"@id":"https:\/\/redenoticiaz.com.br\/litoralsp\/2021\/06\/28\/sao-paulo-so-empata-e-segue-na-zona-de-rebaixamento#primaryimage"},"image":{"@id":"https:\/\/redenoticiaz.com.br\/litoralsp\/2021\/06\/28\/sao-paulo-so-empata-e-segue-na-zona-de-rebaixamento#primaryimage"},"thumbnailUrl":"https:\/\/redenoticiaz.com.br\/litoralsp\/wp-content\/uploads\/sites\/3\/2021\/06\/sao-paulo.jpeg","datePublished":"2021-06-28T10:00:59+00:00","dateModified":"2021-06-28T21:02:03+00:00","description":"Em partida realizada no est\u00e1dio do Castel\u00e3o, o Cear\u00e1 e o S\u00e3o Paulo empataram em 1 a 1. Com isso, o Voz\u00e3o terminou a rodada na 12\u00aa posi\u00e7\u00e3o","inLanguage":"pt-BR","potentialAction":[{"@type":"ReadAction","target":["https:\/\/redenoticiaz.com.br\/litoralsp\/2021\/06\/28\/sao-paulo-so-empata-e-segue-na-zona-de-rebaixamento"]}]},{"@type":"ImageObject","inLanguage":"pt-BR","@id":"https:\/\/redenoticiaz.com.br\/litoralsp\/2021\/06\/28\/sao-paulo-so-empata-e-segue-na-zona-de-rebaixamento#primaryimage","url":"https:\/\/redenoticiaz.com.br\/litoralsp\/wp-content\/uploads\/sites\/3\/2021\/06\/sao-paulo.jpeg","contentUrl":"https:\/\/redenoticiaz.com.br\/litoralsp\/wp-content\/uploads\/sites\/3\/2021\/06\/sao-paulo.jpeg","width":750,"height":860,"caption":"Em partida realizada no est\u00e1dio do Castel\u00e3o, o Cear\u00e1 e o S\u00e3o Paulo empataram em 1 a 1. Com isso, o Voz\u00e3o terminou a rodada na 12\u00aa posi\u00e7\u00e3o"},{"@type":"WebSite","@id":"https:\/\/redenoticiaz.com.br\/litoralsp\/#website","url":"https:\/\/redenoticiaz.com.br\/litoralsp\/","name":"Litoral SP","description":"Rede NoticiaZ","publisher":{"@id":"https:\/\/redenoticiaz.com.br\/litoralsp\/#organization"},"potentialAction":[{"@type":"SearchAction","target":{"@type":"EntryPoint","urlTemplate":"https:\/\/redenoticiaz.com.br\/litoralsp\/?s={search_term_string}"},"query-input":{"@type":"PropertyValueSpecification","valueRequired":true,"valueName":"search_term_string"}}],"inLanguage":"pt-BR"},{"@type":"Organization","@id":"https:\/\/redenoticiaz.com.br\/litoralsp\/#organization","name":"Litoral SP","url":"https:\/\/redenoticiaz.com.br\/litoralsp\/","logo":{"@type":"ImageObject","inLanguage":"pt-BR","@id":"https:\/\/redenoticiaz.com.br\/litoralsp\/#\/schema\/logo\/image\/","url":"https:\/\/redenoticiaz.com.br\/litoralsp\/wp-content\/uploads\/sites\/3\/2020\/11\/logo.jpg","contentUrl":"https:\/\/redenoticiaz.com.br\/litoralsp\/wp-content\/uploads\/sites\/3\/2020\/11\/logo.jpg","width":400,"height":250,"caption":"Litoral SP"},"image":{"@id":"https:\/\/redenoticiaz.com.br\/litoralsp\/#\/schema\/logo\/image\/"}},{"@type":"Person","@id":"https:\/\/redenoticiaz.com.br\/litoralsp\/#\/schema\/person\/e1b0bd8c2637e2c1b6ddcbc2c33b116f","name":"Patr\u00edcia Prado","image":{"@type":"ImageObject","inLanguage":"pt-BR","@id":"https:\/\/secure.gravatar.com\/avatar\/92e358bef22cfcec15e054ae4d9fee04dadf0c772dc4a17b382b8a34a15354c2?s=96&d=mm&r=g","url":"https:\/\/secure.gravatar.com\/avatar\/92e358bef22cfcec15e054ae4d9fee04dadf0c772dc4a17b382b8a34a15354c2?s=96&d=mm&r=g","contentUrl":"https:\/\/secure.gravatar.com\/avatar\/92e358bef22cfcec15e054ae4d9fee04dadf0c772dc4a17b382b8a34a15354c2?s=96&d=mm&r=g","caption":"Patr\u00edcia Prado"},"url":"https:\/\/redenoticiaz.com.br\/litoralsp\/author\/patricia-prado"}]}},"_links":{"self":[{"href":"https:\/\/redenoticiaz.com.br\/litoralsp\/wp-json\/wp\/v2\/posts\/10678","targetHints":{"allow":["GET"]}}],"collection":[{"href":"https:\/\/redenoticiaz.com.br\/litoralsp\/wp-json\/wp\/v2\/posts"}],"about":[{"href":"https:\/\/redenoticiaz.com.br\/litoralsp\/wp-json\/wp\/v2\/types\/post"}],"author":[{"embeddable":true,"href":"https:\/\/redenoticiaz.com.br\/litoralsp\/wp-json\/wp\/v2\/users\/5"}],"replies":[{"embeddable":true,"href":"https:\/\/redenoticiaz.com.br\/litoralsp\/wp-json\/wp\/v2\/comments?post=10678"}],"version-history":[{"count":2,"href":"https:\/\/redenoticiaz.com.br\/litoralsp\/wp-json\/wp\/v2\/posts\/10678\/revisions"}],"predecessor-version":[{"id":10718,"href":"https:\/\/redenoticiaz.com.br\/litoralsp\/wp-json\/wp\/v2\/posts\/10678\/revisions\/10718"}],"wp:featuredmedia":[{"embeddable":true,"href":"https:\/\/redenoticiaz.com.br\/litoralsp\/wp-json\/wp\/v2\/media\/10680"}],"wp:attachment":[{"href":"https:\/\/redenoticiaz.com.br\/litoralsp\/wp-json\/wp\/v2\/media?parent=10678"}],"wp:term":[{"taxonomy":"category","embeddable":true,"href":"https:\/\/redenoticiaz.com.br\/litoralsp\/wp-json\/wp\/v2\/categories?post=10678"},{"taxonomy":"post_tag","embeddable":true,"href":"https:\/\/redenoticiaz.com.br\/litoralsp\/wp-json\/wp\/v2\/tags?post=10678"}],"curies":[{"name":"wp","href":"https:\/\/api.w.org\/{rel}","templated":true}]}}