{"id":10682,"date":"2021-06-28T07:14:48","date_gmt":"2021-06-28T10:14:48","guid":{"rendered":"https:\/\/redenoticiaz.com.br\/litoralsp\/?p=10682"},"modified":"2021-06-28T07:14:48","modified_gmt":"2021-06-28T10:14:48","slug":"brasil-com-reservas-empata-com-equador","status":"publish","type":"post","link":"https:\/\/redenoticiaz.com.br\/litoralsp\/2021\/06\/28\/brasil-com-reservas-empata-com-equador","title":{"rendered":"Brasil com reservas empata com Equador"},"content":{"rendered":"<p><strong>O Brasil empatou em 1 a 1 com o Equador,<\/strong> na noite deste domingo (27) no est\u00e1dio Ol\u00edmpico de Goi\u00e2nia, pela 5\u00aa rodada do Grupo B da <a href=\"https:\/\/pt.wikipedia.org\/wiki\/Copa_Am%C3%A9rica\">Copa Am\u00e9rica<\/a>. Com este resultado, a equipe comandada pelo t\u00e9cnico Tite perdeu o aproveitamento perfeito que vinha tendo na competi\u00e7\u00e3o.<img decoding=\"async\" src=\"https:\/\/agenciabrasil.ebc.com.br\/ebc.png?id=1413946&amp;o=node\" \/><img decoding=\"async\" src=\"https:\/\/agenciabrasil.ebc.com.br\/ebc.gif?id=1413946&amp;o=node\" \/><\/p>\n<p><a href=\"https:\/\/twitter.com\/CBF_Futebol\/status\/1409285496832942083?s=20\">https:\/\/twitter.com\/CBF_Futebol\/status\/1409285496832942083?s=20<\/a><\/p>\n<p>Agora, a sele\u00e7\u00e3o brasileira aguarda a defini\u00e7\u00e3o do Grupo A (cuja \u00faltima rodada de jogos acontece na pr\u00f3xima segunda) para saber quem ser\u00e1 seu advers\u00e1rio nas quartas de final (o Brasil pega o 4\u00ba colocado da outra chave).<\/p>\n<h2>Neymar poupado<\/h2>\n<p>Com a classifica\u00e7\u00e3o j\u00e1 garantida como o primeiro do Grupo B, o t\u00e9cnico Tite decidiu poupar alguns jogadores para o jogo contra o Equador: o lateral Danilo, substitu\u00eddo por Emerson, o volante Fred, que deu lugar a Douglas Luiz, e o atacante Neymar, que viu Firmino entrar em sua posi\u00e7\u00e3o.<\/p>\n<p>Mesmo com tantas mudan\u00e7as a sele\u00e7\u00e3o fez um bom primeiro tempo, alcan\u00e7ando 64% de posse de bola, v\u00e1rias finaliza\u00e7\u00f5es e um gol. Aos 36 minutos, Everton cobrou falta para o meio da \u00e1rea e o zagueiro \u00c9der Milit\u00e3o subiu muito para cabecear no \u00e2ngulo do gol defendido por Gal\u00edndez.<\/p>\n<p><a href=\"https:\/\/twitter.com\/CopaAmerica\/status\/1409269624357720089?s=20\">https:\/\/twitter.com\/CopaAmerica\/status\/1409269624357720089?s=20<\/a><\/p>\n<p>Com a desvantagem no placar, o Equador retornou para a etapa final pressionando. E, logo aos 7 minutos, conseguiu empatar com Mena, que aproveitou sobra de bola na \u00e1rea brasileira.<\/p>\n<p><a href=\"https:\/\/twitter.com\/CopaAmerica\/status\/1409281309046882304?s=20\">https:\/\/twitter.com\/CopaAmerica\/status\/1409281309046882304?s=20<\/a><\/p>\n<p>A partir da\u00ed o Brasil n\u00e3o se encontrou mais na partida. O t\u00e9cnico Tite ainda realizou algumas mudan\u00e7as, como as entradas de Richarlison, Everton Ribeiro e Vin\u00edcius J\u00fanior. Mas o empate em 1 a 1 perdurou at\u00e9 o final.<\/p>\n<p>A sele\u00e7\u00e3o brasileira volta a entrar em campo na competi\u00e7\u00e3o na pr\u00f3xima sexta-feira (2), no est\u00e1dio Nilton Santos a partir das 21h (hor\u00e1rio de Bras\u00edlia). (agenciabrasil)<\/p>\n<p>&nbsp;<\/p>\n<p>LEIA TAMB\u00c9M<\/p>\n<p><a href=\"https:\/\/redenoticiaz.com.br\/litoralsp\/2021\/06\/28\/santos-vence-o-atletico-mg-por-2-a-0-na-vila-belmiro\">Santos vence o Atl\u00e9tico-MG por 2 a 0 na Vila Belmiro<\/a><\/p>\n","protected":false},"excerpt":{"rendered":"<p>O Brasil empatou em 1 a 1 com o Equador, na noite deste domingo (27) no est\u00e1dio Ol\u00edmpico de Goi\u00e2nia, pela 5\u00aa rodada do Grupo B da Copa Am\u00e9rica. Com este resultado, a equipe comandada pelo t\u00e9cnico Tite perdeu o aproveitamento perfeito que vinha tendo na competi\u00e7\u00e3o. Agora, a sele\u00e7\u00e3o brasileira aguarda a defini\u00e7\u00e3o do &hellip;<\/p>\n","protected":false},"author":5,"featured_media":10686,"comment_status":"open","ping_status":"closed","sticky":false,"template":"","format":"standard","meta":{"footnotes":""},"categories":[35],"tags":[26547,26548,18836,26549],"class_list":["post-10682","post","type-post","status-publish","format-standard","has-post-thumbnail","hentry","category-esporte","tag-brasil-empata-com-equador","tag-brasil-ja-classificado","tag-copa-america","tag-neymar-poupado"],"yoast_head":"<!-- This site is optimized with the Yoast SEO plugin v27.5 - https:\/\/yoast.com\/product\/yoast-seo-wordpress\/ -->\n<title>Brasil com reservas empata com Equador - Litoral SP<\/title>\n<meta name=\"description\" content=\"O Brasil empatou em 1 a 1 com o Equador, na noite deste domingo (27) no est\u00e1dio Ol\u00edmpico de Goi\u00e2nia, pela 5\u00aa rodada do Grupo B da Copa Am\u00e9rica. Com\" \/>\n<meta name=\"robots\" content=\"index, follow, max-snippet:-1, max-image-preview:large, max-video-preview:-1\" \/>\n<link rel=\"canonical\" href=\"https:\/\/redenoticiaz.com.br\/litoralsp\/2021\/06\/28\/brasil-com-reservas-empata-com-equador\" \/>\n<meta property=\"og:locale\" content=\"pt_BR\" \/>\n<meta property=\"og:type\" content=\"article\" \/>\n<meta property=\"og:title\" content=\"Brasil com reservas empata com Equador - Litoral SP\" \/>\n<meta property=\"og:description\" content=\"O Brasil empatou em 1 a 1 com o Equador, na noite deste domingo (27) no est\u00e1dio Ol\u00edmpico de Goi\u00e2nia, pela 5\u00aa rodada do Grupo B da Copa Am\u00e9rica. Com\" \/>\n<meta property=\"og:url\" content=\"https:\/\/redenoticiaz.com.br\/litoralsp\/2021\/06\/28\/brasil-com-reservas-empata-com-equador\" \/>\n<meta property=\"og:site_name\" content=\"Litoral SP\" \/>\n<meta property=\"article:published_time\" content=\"2021-06-28T10:14:48+00:00\" \/>\n<meta property=\"og:image\" content=\"https:\/\/redenoticiaz.com.br\/litoralsp\/wp-content\/uploads\/sites\/3\/2021\/06\/brasil-1.jpg\" \/>\n\t<meta property=\"og:image:width\" content=\"1170\" \/>\n\t<meta property=\"og:image:height\" content=\"700\" \/>\n\t<meta property=\"og:image:type\" content=\"image\/jpeg\" \/>\n<meta name=\"author\" content=\"Patr\u00edcia Prado\" \/>\n<meta name=\"twitter:card\" content=\"summary_large_image\" \/>\n<meta name=\"twitter:label1\" content=\"Escrito por\" \/>\n\t<meta name=\"twitter:data1\" content=\"Patr\u00edcia Prado\" \/>\n\t<meta name=\"twitter:label2\" content=\"Est. tempo de leitura\" \/>\n\t<meta name=\"twitter:data2\" content=\"2 minutos\" \/>\n<script type=\"application\/ld+json\" class=\"yoast-schema-graph\">{\"@context\":\"https:\\\/\\\/schema.org\",\"@graph\":[{\"@type\":\"Article\",\"@id\":\"https:\\\/\\\/redenoticiaz.com.br\\\/litoralsp\\\/2021\\\/06\\\/28\\\/brasil-com-reservas-empata-com-equador#article\",\"isPartOf\":{\"@id\":\"https:\\\/\\\/redenoticiaz.com.br\\\/litoralsp\\\/2021\\\/06\\\/28\\\/brasil-com-reservas-empata-com-equador\"},\"author\":{\"name\":\"Patr\u00edcia Prado\",\"@id\":\"https:\\\/\\\/redenoticiaz.com.br\\\/litoralsp\\\/#\\\/schema\\\/person\\\/e1b0bd8c2637e2c1b6ddcbc2c33b116f\"},\"headline\":\"Brasil com reservas empata com Equador\",\"datePublished\":\"2021-06-28T10:14:48+00:00\",\"mainEntityOfPage\":{\"@id\":\"https:\\\/\\\/redenoticiaz.com.br\\\/litoralsp\\\/2021\\\/06\\\/28\\\/brasil-com-reservas-empata-com-equador\"},\"wordCount\":347,\"commentCount\":0,\"publisher\":{\"@id\":\"https:\\\/\\\/redenoticiaz.com.br\\\/litoralsp\\\/#organization\"},\"image\":{\"@id\":\"https:\\\/\\\/redenoticiaz.com.br\\\/litoralsp\\\/2021\\\/06\\\/28\\\/brasil-com-reservas-empata-com-equador#primaryimage\"},\"thumbnailUrl\":\"https:\\\/\\\/redenoticiaz.com.br\\\/litoralsp\\\/wp-content\\\/uploads\\\/sites\\\/3\\\/2021\\\/06\\\/brasil-1.jpg\",\"keywords\":[\"BRASIL EMPATA COM EQUADOR\",\"BRASIL J\u00c1 CLASSIFICADO\",\"Copa Am\u00e9rica\",\"NEYMAR POUPADO\"],\"articleSection\":[\"Esporte\"],\"inLanguage\":\"pt-BR\",\"potentialAction\":[{\"@type\":\"CommentAction\",\"name\":\"Comment\",\"target\":[\"https:\\\/\\\/redenoticiaz.com.br\\\/litoralsp\\\/2021\\\/06\\\/28\\\/brasil-com-reservas-empata-com-equador#respond\"]}]},{\"@type\":\"WebPage\",\"@id\":\"https:\\\/\\\/redenoticiaz.com.br\\\/litoralsp\\\/2021\\\/06\\\/28\\\/brasil-com-reservas-empata-com-equador\",\"url\":\"https:\\\/\\\/redenoticiaz.com.br\\\/litoralsp\\\/2021\\\/06\\\/28\\\/brasil-com-reservas-empata-com-equador\",\"name\":\"Brasil com reservas empata com Equador - Litoral SP\",\"isPartOf\":{\"@id\":\"https:\\\/\\\/redenoticiaz.com.br\\\/litoralsp\\\/#website\"},\"primaryImageOfPage\":{\"@id\":\"https:\\\/\\\/redenoticiaz.com.br\\\/litoralsp\\\/2021\\\/06\\\/28\\\/brasil-com-reservas-empata-com-equador#primaryimage\"},\"image\":{\"@id\":\"https:\\\/\\\/redenoticiaz.com.br\\\/litoralsp\\\/2021\\\/06\\\/28\\\/brasil-com-reservas-empata-com-equador#primaryimage\"},\"thumbnailUrl\":\"https:\\\/\\\/redenoticiaz.com.br\\\/litoralsp\\\/wp-content\\\/uploads\\\/sites\\\/3\\\/2021\\\/06\\\/brasil-1.jpg\",\"datePublished\":\"2021-06-28T10:14:48+00:00\",\"description\":\"O Brasil empatou em 1 a 1 com o Equador, na noite deste domingo (27) no est\u00e1dio Ol\u00edmpico de Goi\u00e2nia, pela 5\u00aa rodada do Grupo B da Copa Am\u00e9rica. Com\",\"inLanguage\":\"pt-BR\",\"potentialAction\":[{\"@type\":\"ReadAction\",\"target\":[\"https:\\\/\\\/redenoticiaz.com.br\\\/litoralsp\\\/2021\\\/06\\\/28\\\/brasil-com-reservas-empata-com-equador\"]}]},{\"@type\":\"ImageObject\",\"inLanguage\":\"pt-BR\",\"@id\":\"https:\\\/\\\/redenoticiaz.com.br\\\/litoralsp\\\/2021\\\/06\\\/28\\\/brasil-com-reservas-empata-com-equador#primaryimage\",\"url\":\"https:\\\/\\\/redenoticiaz.com.br\\\/litoralsp\\\/wp-content\\\/uploads\\\/sites\\\/3\\\/2021\\\/06\\\/brasil-1.jpg\",\"contentUrl\":\"https:\\\/\\\/redenoticiaz.com.br\\\/litoralsp\\\/wp-content\\\/uploads\\\/sites\\\/3\\\/2021\\\/06\\\/brasil-1.jpg\",\"width\":1170,\"height\":700,\"caption\":\"O Brasil empatou em 1 a 1 com o Equador, na noite deste domingo (27) no est\u00e1dio Ol\u00edmpico de Goi\u00e2nia, pela 5\u00aa rodada do Grupo B da Copa Am\u00e9rica. Com\"},{\"@type\":\"WebSite\",\"@id\":\"https:\\\/\\\/redenoticiaz.com.br\\\/litoralsp\\\/#website\",\"url\":\"https:\\\/\\\/redenoticiaz.com.br\\\/litoralsp\\\/\",\"name\":\"Litoral SP\",\"description\":\"Rede NoticiaZ\",\"publisher\":{\"@id\":\"https:\\\/\\\/redenoticiaz.com.br\\\/litoralsp\\\/#organization\"},\"potentialAction\":[{\"@type\":\"SearchAction\",\"target\":{\"@type\":\"EntryPoint\",\"urlTemplate\":\"https:\\\/\\\/redenoticiaz.com.br\\\/litoralsp\\\/?s={search_term_string}\"},\"query-input\":{\"@type\":\"PropertyValueSpecification\",\"valueRequired\":true,\"valueName\":\"search_term_string\"}}],\"inLanguage\":\"pt-BR\"},{\"@type\":\"Organization\",\"@id\":\"https:\\\/\\\/redenoticiaz.com.br\\\/litoralsp\\\/#organization\",\"name\":\"Litoral SP\",\"url\":\"https:\\\/\\\/redenoticiaz.com.br\\\/litoralsp\\\/\",\"logo\":{\"@type\":\"ImageObject\",\"inLanguage\":\"pt-BR\",\"@id\":\"https:\\\/\\\/redenoticiaz.com.br\\\/litoralsp\\\/#\\\/schema\\\/logo\\\/image\\\/\",\"url\":\"https:\\\/\\\/redenoticiaz.com.br\\\/litoralsp\\\/wp-content\\\/uploads\\\/sites\\\/3\\\/2020\\\/11\\\/logo.jpg\",\"contentUrl\":\"https:\\\/\\\/redenoticiaz.com.br\\\/litoralsp\\\/wp-content\\\/uploads\\\/sites\\\/3\\\/2020\\\/11\\\/logo.jpg\",\"width\":400,\"height\":250,\"caption\":\"Litoral SP\"},\"image\":{\"@id\":\"https:\\\/\\\/redenoticiaz.com.br\\\/litoralsp\\\/#\\\/schema\\\/logo\\\/image\\\/\"}},{\"@type\":\"Person\",\"@id\":\"https:\\\/\\\/redenoticiaz.com.br\\\/litoralsp\\\/#\\\/schema\\\/person\\\/e1b0bd8c2637e2c1b6ddcbc2c33b116f\",\"name\":\"Patr\u00edcia Prado\",\"image\":{\"@type\":\"ImageObject\",\"inLanguage\":\"pt-BR\",\"@id\":\"https:\\\/\\\/secure.gravatar.com\\\/avatar\\\/92e358bef22cfcec15e054ae4d9fee04dadf0c772dc4a17b382b8a34a15354c2?s=96&d=mm&r=g\",\"url\":\"https:\\\/\\\/secure.gravatar.com\\\/avatar\\\/92e358bef22cfcec15e054ae4d9fee04dadf0c772dc4a17b382b8a34a15354c2?s=96&d=mm&r=g\",\"contentUrl\":\"https:\\\/\\\/secure.gravatar.com\\\/avatar\\\/92e358bef22cfcec15e054ae4d9fee04dadf0c772dc4a17b382b8a34a15354c2?s=96&d=mm&r=g\",\"caption\":\"Patr\u00edcia Prado\"},\"url\":\"https:\\\/\\\/redenoticiaz.com.br\\\/litoralsp\\\/author\\\/patricia-prado\"}]}<\/script>\n<!-- \/ Yoast SEO plugin. -->","yoast_head_json":{"title":"Brasil com reservas empata com Equador - Litoral SP","description":"O Brasil empatou em 1 a 1 com o Equador, na noite deste domingo (27) no est\u00e1dio Ol\u00edmpico de Goi\u00e2nia, pela 5\u00aa rodada do Grupo B da Copa Am\u00e9rica. Com","robots":{"index":"index","follow":"follow","max-snippet":"max-snippet:-1","max-image-preview":"max-image-preview:large","max-video-preview":"max-video-preview:-1"},"canonical":"https:\/\/redenoticiaz.com.br\/litoralsp\/2021\/06\/28\/brasil-com-reservas-empata-com-equador","og_locale":"pt_BR","og_type":"article","og_title":"Brasil com reservas empata com Equador - Litoral SP","og_description":"O Brasil empatou em 1 a 1 com o Equador, na noite deste domingo (27) no est\u00e1dio Ol\u00edmpico de Goi\u00e2nia, pela 5\u00aa rodada do Grupo B da Copa Am\u00e9rica. Com","og_url":"https:\/\/redenoticiaz.com.br\/litoralsp\/2021\/06\/28\/brasil-com-reservas-empata-com-equador","og_site_name":"Litoral SP","article_published_time":"2021-06-28T10:14:48+00:00","og_image":[{"width":1170,"height":700,"url":"https:\/\/redenoticiaz.com.br\/litoralsp\/wp-content\/uploads\/sites\/3\/2021\/06\/brasil-1.jpg","type":"image\/jpeg"}],"author":"Patr\u00edcia Prado","twitter_card":"summary_large_image","twitter_misc":{"Escrito por":"Patr\u00edcia Prado","Est. tempo de leitura":"2 minutos"},"schema":{"@context":"https:\/\/schema.org","@graph":[{"@type":"Article","@id":"https:\/\/redenoticiaz.com.br\/litoralsp\/2021\/06\/28\/brasil-com-reservas-empata-com-equador#article","isPartOf":{"@id":"https:\/\/redenoticiaz.com.br\/litoralsp\/2021\/06\/28\/brasil-com-reservas-empata-com-equador"},"author":{"name":"Patr\u00edcia Prado","@id":"https:\/\/redenoticiaz.com.br\/litoralsp\/#\/schema\/person\/e1b0bd8c2637e2c1b6ddcbc2c33b116f"},"headline":"Brasil com reservas empata com Equador","datePublished":"2021-06-28T10:14:48+00:00","mainEntityOfPage":{"@id":"https:\/\/redenoticiaz.com.br\/litoralsp\/2021\/06\/28\/brasil-com-reservas-empata-com-equador"},"wordCount":347,"commentCount":0,"publisher":{"@id":"https:\/\/redenoticiaz.com.br\/litoralsp\/#organization"},"image":{"@id":"https:\/\/redenoticiaz.com.br\/litoralsp\/2021\/06\/28\/brasil-com-reservas-empata-com-equador#primaryimage"},"thumbnailUrl":"https:\/\/redenoticiaz.com.br\/litoralsp\/wp-content\/uploads\/sites\/3\/2021\/06\/brasil-1.jpg","keywords":["BRASIL EMPATA COM EQUADOR","BRASIL J\u00c1 CLASSIFICADO","Copa Am\u00e9rica","NEYMAR POUPADO"],"articleSection":["Esporte"],"inLanguage":"pt-BR","potentialAction":[{"@type":"CommentAction","name":"Comment","target":["https:\/\/redenoticiaz.com.br\/litoralsp\/2021\/06\/28\/brasil-com-reservas-empata-com-equador#respond"]}]},{"@type":"WebPage","@id":"https:\/\/redenoticiaz.com.br\/litoralsp\/2021\/06\/28\/brasil-com-reservas-empata-com-equador","url":"https:\/\/redenoticiaz.com.br\/litoralsp\/2021\/06\/28\/brasil-com-reservas-empata-com-equador","name":"Brasil com reservas empata com Equador - Litoral SP","isPartOf":{"@id":"https:\/\/redenoticiaz.com.br\/litoralsp\/#website"},"primaryImageOfPage":{"@id":"https:\/\/redenoticiaz.com.br\/litoralsp\/2021\/06\/28\/brasil-com-reservas-empata-com-equador#primaryimage"},"image":{"@id":"https:\/\/redenoticiaz.com.br\/litoralsp\/2021\/06\/28\/brasil-com-reservas-empata-com-equador#primaryimage"},"thumbnailUrl":"https:\/\/redenoticiaz.com.br\/litoralsp\/wp-content\/uploads\/sites\/3\/2021\/06\/brasil-1.jpg","datePublished":"2021-06-28T10:14:48+00:00","description":"O Brasil empatou em 1 a 1 com o Equador, na noite deste domingo (27) no est\u00e1dio Ol\u00edmpico de Goi\u00e2nia, pela 5\u00aa rodada do Grupo B da Copa Am\u00e9rica. Com","inLanguage":"pt-BR","potentialAction":[{"@type":"ReadAction","target":["https:\/\/redenoticiaz.com.br\/litoralsp\/2021\/06\/28\/brasil-com-reservas-empata-com-equador"]}]},{"@type":"ImageObject","inLanguage":"pt-BR","@id":"https:\/\/redenoticiaz.com.br\/litoralsp\/2021\/06\/28\/brasil-com-reservas-empata-com-equador#primaryimage","url":"https:\/\/redenoticiaz.com.br\/litoralsp\/wp-content\/uploads\/sites\/3\/2021\/06\/brasil-1.jpg","contentUrl":"https:\/\/redenoticiaz.com.br\/litoralsp\/wp-content\/uploads\/sites\/3\/2021\/06\/brasil-1.jpg","width":1170,"height":700,"caption":"O Brasil empatou em 1 a 1 com o Equador, na noite deste domingo (27) no est\u00e1dio Ol\u00edmpico de Goi\u00e2nia, pela 5\u00aa rodada do Grupo B da Copa Am\u00e9rica. Com"},{"@type":"WebSite","@id":"https:\/\/redenoticiaz.com.br\/litoralsp\/#website","url":"https:\/\/redenoticiaz.com.br\/litoralsp\/","name":"Litoral SP","description":"Rede NoticiaZ","publisher":{"@id":"https:\/\/redenoticiaz.com.br\/litoralsp\/#organization"},"potentialAction":[{"@type":"SearchAction","target":{"@type":"EntryPoint","urlTemplate":"https:\/\/redenoticiaz.com.br\/litoralsp\/?s={search_term_string}"},"query-input":{"@type":"PropertyValueSpecification","valueRequired":true,"valueName":"search_term_string"}}],"inLanguage":"pt-BR"},{"@type":"Organization","@id":"https:\/\/redenoticiaz.com.br\/litoralsp\/#organization","name":"Litoral SP","url":"https:\/\/redenoticiaz.com.br\/litoralsp\/","logo":{"@type":"ImageObject","inLanguage":"pt-BR","@id":"https:\/\/redenoticiaz.com.br\/litoralsp\/#\/schema\/logo\/image\/","url":"https:\/\/redenoticiaz.com.br\/litoralsp\/wp-content\/uploads\/sites\/3\/2020\/11\/logo.jpg","contentUrl":"https:\/\/redenoticiaz.com.br\/litoralsp\/wp-content\/uploads\/sites\/3\/2020\/11\/logo.jpg","width":400,"height":250,"caption":"Litoral SP"},"image":{"@id":"https:\/\/redenoticiaz.com.br\/litoralsp\/#\/schema\/logo\/image\/"}},{"@type":"Person","@id":"https:\/\/redenoticiaz.com.br\/litoralsp\/#\/schema\/person\/e1b0bd8c2637e2c1b6ddcbc2c33b116f","name":"Patr\u00edcia Prado","image":{"@type":"ImageObject","inLanguage":"pt-BR","@id":"https:\/\/secure.gravatar.com\/avatar\/92e358bef22cfcec15e054ae4d9fee04dadf0c772dc4a17b382b8a34a15354c2?s=96&d=mm&r=g","url":"https:\/\/secure.gravatar.com\/avatar\/92e358bef22cfcec15e054ae4d9fee04dadf0c772dc4a17b382b8a34a15354c2?s=96&d=mm&r=g","contentUrl":"https:\/\/secure.gravatar.com\/avatar\/92e358bef22cfcec15e054ae4d9fee04dadf0c772dc4a17b382b8a34a15354c2?s=96&d=mm&r=g","caption":"Patr\u00edcia Prado"},"url":"https:\/\/redenoticiaz.com.br\/litoralsp\/author\/patricia-prado"}]}},"_links":{"self":[{"href":"https:\/\/redenoticiaz.com.br\/litoralsp\/wp-json\/wp\/v2\/posts\/10682","targetHints":{"allow":["GET"]}}],"collection":[{"href":"https:\/\/redenoticiaz.com.br\/litoralsp\/wp-json\/wp\/v2\/posts"}],"about":[{"href":"https:\/\/redenoticiaz.com.br\/litoralsp\/wp-json\/wp\/v2\/types\/post"}],"author":[{"embeddable":true,"href":"https:\/\/redenoticiaz.com.br\/litoralsp\/wp-json\/wp\/v2\/users\/5"}],"replies":[{"embeddable":true,"href":"https:\/\/redenoticiaz.com.br\/litoralsp\/wp-json\/wp\/v2\/comments?post=10682"}],"version-history":[{"count":1,"href":"https:\/\/redenoticiaz.com.br\/litoralsp\/wp-json\/wp\/v2\/posts\/10682\/revisions"}],"predecessor-version":[{"id":10687,"href":"https:\/\/redenoticiaz.com.br\/litoralsp\/wp-json\/wp\/v2\/posts\/10682\/revisions\/10687"}],"wp:featuredmedia":[{"embeddable":true,"href":"https:\/\/redenoticiaz.com.br\/litoralsp\/wp-json\/wp\/v2\/media\/10686"}],"wp:attachment":[{"href":"https:\/\/redenoticiaz.com.br\/litoralsp\/wp-json\/wp\/v2\/media?parent=10682"}],"wp:term":[{"taxonomy":"category","embeddable":true,"href":"https:\/\/redenoticiaz.com.br\/litoralsp\/wp-json\/wp\/v2\/categories?post=10682"},{"taxonomy":"post_tag","embeddable":true,"href":"https:\/\/redenoticiaz.com.br\/litoralsp\/wp-json\/wp\/v2\/tags?post=10682"}],"curies":[{"name":"wp","href":"https:\/\/api.w.org\/{rel}","templated":true}]}}