{"id":106830,"date":"2023-06-03T17:50:20","date_gmt":"2023-06-03T20:50:20","guid":{"rendered":"https:\/\/redenoticiaz.com.br\/litoralsp\/?p=106830"},"modified":"2023-06-03T17:50:20","modified_gmt":"2023-06-03T20:50:20","slug":"tartaruga-oliveira-e-encontrada-com-ferimentos-no-meio-de-entulho-no-litoral-sul","status":"publish","type":"post","link":"https:\/\/redenoticiaz.com.br\/litoralsp\/2023\/06\/03\/tartaruga-oliveira-e-encontrada-com-ferimentos-no-meio-de-entulho-no-litoral-sul","title":{"rendered":"Tartaruga-oliveira \u00e9 encontrada com ferimentos no meio de entulho no Litoral Sul"},"content":{"rendered":"<div id=\"chunk-aebc7\">\n<div class=\"mc-column content-text active-extra-styles \" data-block-type=\"unstyled\" data-block-weight=\"59\" data-block-id=\"3\"><\/div>\n<\/div>\n<div class=\"wall protected-content\">\n<div id=\"chunk-d1321\">\n<div class=\"row medium-uncollapsed content-media content-photo\" data-block-type=\"backstage-photo\" data-block-id=\"8\">\n<div class=\" mc-column  content-media__container\">\n<div class=\"content-media-container glb-skeleton-box\">\n<p>Estamos na Semana do Meio Ambiente e infelizmente v\u00e1rios descasos com polui\u00e7\u00e3o e descarte irregular s\u00e3o vistos em florestas, rios, lagos e nos mares. Um exemplo aconteceu em Ilha Comprida, onde uma <strong>tartaruga-oliveira (Lepidochelys olivacea) foi encontrada presa em meio a entulhos<\/strong> na orla. Gra\u00e7as ao Instituto de Pesquisas Canan\u00e9ia (IPeC), o animal foi salvo e agora ele recebe tratamento.<\/p>\n<p>Segundo a entidade, o animal foi encontrado com um gal\u00e3o de combust\u00edvel, cordas, sacos pl\u00e1sticos e madeira presos ao corpo, que causaram les\u00f5es nas nadadeiras, pesco\u00e7o e casco.<\/p>\n<p>O IPeC informou que trata-se de uma tartaruga juvenil e foi encontrada por uma equipe de monitoramento do pr\u00f3prio instituto. A idade exata do animal n\u00e3o p\u00f4de ser definida pois, segundo o instituto, o exame s\u00f3 pode ser feito em animais mortos.<\/p>\n<p>A tartaruga foi levada ao Centro de Reabilita\u00e7\u00e3o e Despetroliza\u00e7\u00e3o de Animais Marinhos do IPeC, em Canan\u00e9ia e recebe tratamento. O IPeC n\u00e3o tem previs\u00e3o de at\u00e9 quando a tartaruga ficar\u00e1 internada. Ela apresentou les\u00f5es nas duas nadadeiras dianteiras, no pesco\u00e7o e uma escoria\u00e7\u00e3o superficial no casco.<\/p>\n<p>Mas apesar dos ferimentos, o instituto afirma que ela est\u00e1 forte e ativa. Quando estiver em boas condi\u00e7\u00f5es de sa\u00fade, ela ser\u00e1 devolvida \u00e0 natureza.<\/p>\n<p><strong>LEIA TAMB\u00c9M<\/strong><\/p>\n<\/div>\n<\/div>\n<div><a href=\"https:\/\/redenoticiaz.com.br\/litoralsp\/2023\/06\/03\/arquipelago-de-alcatrazes-passa-por-pesquisa-e-investigacao-de-pesca-ilegal\">Arquip\u00e9lago de Alcatrazes passa por pesquisa e investiga\u00e7\u00e3o de pesca ilegal<\/a><\/div>\n<\/div>\n<\/div>\n<\/div>\n","protected":false},"excerpt":{"rendered":"<p>Estamos na Semana do Meio Ambiente e infelizmente v\u00e1rios descasos com polui\u00e7\u00e3o e descarte irregular s\u00e3o vistos em florestas, rios, lagos e nos mares. Um exemplo aconteceu em Ilha Comprida, onde uma tartaruga-oliveira (Lepidochelys olivacea) foi encontrada presa em meio a entulhos na orla. Gra\u00e7as ao Instituto de Pesquisas Canan\u00e9ia (IPeC), o animal foi salvo &hellip;<\/p>\n","protected":false},"author":6,"featured_media":106831,"comment_status":"open","ping_status":"closed","sticky":false,"template":"","format":"standard","meta":{"footnotes":""},"categories":[12777,1487],"tags":[10688,65594,30772,47873,65595],"class_list":["post-106830","post","type-post","status-publish","format-standard","has-post-thumbnail","hentry","category-ilha-comprida","category-meio-ambiente","tag-ilha-comprida","tag-instituto-de-pesquisas-cananeia","tag-ipec","tag-resgate-de-animal","tag-tartaruga-oliveira"],"yoast_head":"<!-- This site is optimized with the Yoast SEO plugin v27.4 - https:\/\/yoast.com\/product\/yoast-seo-wordpress\/ -->\n<title>Tartaruga-oliveira \u00e9 encontrada com ferimentos no meio de entulho no Litoral Sul - Litoral SP<\/title>\n<meta name=\"description\" content=\"em florestas, rios, lagos e nos mares. Um exemplo aconteceu em Ilha Comprida, onde uma tartaruga-oliveira (Lepidochelys olivacea)\" \/>\n<meta name=\"robots\" content=\"index, follow, max-snippet:-1, max-image-preview:large, max-video-preview:-1\" \/>\n<link rel=\"canonical\" href=\"https:\/\/redenoticiaz.com.br\/litoralsp\/2023\/06\/03\/tartaruga-oliveira-e-encontrada-com-ferimentos-no-meio-de-entulho-no-litoral-sul\" \/>\n<meta property=\"og:locale\" content=\"pt_BR\" \/>\n<meta property=\"og:type\" content=\"article\" \/>\n<meta property=\"og:title\" content=\"Tartaruga-oliveira \u00e9 encontrada com ferimentos no meio de entulho no Litoral Sul - Litoral SP\" \/>\n<meta property=\"og:description\" content=\"em florestas, rios, lagos e nos mares. Um exemplo aconteceu em Ilha Comprida, onde uma tartaruga-oliveira (Lepidochelys olivacea)\" \/>\n<meta property=\"og:url\" content=\"https:\/\/redenoticiaz.com.br\/litoralsp\/2023\/06\/03\/tartaruga-oliveira-e-encontrada-com-ferimentos-no-meio-de-entulho-no-litoral-sul\" \/>\n<meta property=\"og:site_name\" content=\"Litoral SP\" \/>\n<meta property=\"article:published_time\" content=\"2023-06-03T20:50:20+00:00\" \/>\n<meta property=\"og:image\" content=\"https:\/\/redenoticiaz.com.br\/litoralsp\/wp-content\/uploads\/sites\/3\/2023\/06\/TARTARUGA.jpg\" \/>\n\t<meta property=\"og:image:width\" content=\"553\" \/>\n\t<meta property=\"og:image:height\" content=\"457\" \/>\n\t<meta property=\"og:image:type\" content=\"image\/jpeg\" \/>\n<meta name=\"author\" content=\"Leonardo Francisco\" \/>\n<meta name=\"twitter:card\" content=\"summary_large_image\" \/>\n<meta name=\"twitter:label1\" content=\"Escrito por\" \/>\n\t<meta name=\"twitter:data1\" content=\"Leonardo Francisco\" \/>\n\t<meta name=\"twitter:label2\" content=\"Est. tempo de leitura\" \/>\n\t<meta name=\"twitter:data2\" content=\"2 minutos\" \/>\n<script type=\"application\/ld+json\" class=\"yoast-schema-graph\">{\"@context\":\"https:\\\/\\\/schema.org\",\"@graph\":[{\"@type\":\"Article\",\"@id\":\"https:\\\/\\\/redenoticiaz.com.br\\\/litoralsp\\\/2023\\\/06\\\/03\\\/tartaruga-oliveira-e-encontrada-com-ferimentos-no-meio-de-entulho-no-litoral-sul#article\",\"isPartOf\":{\"@id\":\"https:\\\/\\\/redenoticiaz.com.br\\\/litoralsp\\\/2023\\\/06\\\/03\\\/tartaruga-oliveira-e-encontrada-com-ferimentos-no-meio-de-entulho-no-litoral-sul\"},\"author\":{\"name\":\"Leonardo Francisco\",\"@id\":\"https:\\\/\\\/redenoticiaz.com.br\\\/litoralsp\\\/#\\\/schema\\\/person\\\/0f0b8a5bdafefe82841e07ae8d81ecb3\"},\"headline\":\"Tartaruga-oliveira \u00e9 encontrada com ferimentos no meio de entulho no Litoral Sul\",\"datePublished\":\"2023-06-03T20:50:20+00:00\",\"mainEntityOfPage\":{\"@id\":\"https:\\\/\\\/redenoticiaz.com.br\\\/litoralsp\\\/2023\\\/06\\\/03\\\/tartaruga-oliveira-e-encontrada-com-ferimentos-no-meio-de-entulho-no-litoral-sul\"},\"wordCount\":251,\"commentCount\":0,\"publisher\":{\"@id\":\"https:\\\/\\\/redenoticiaz.com.br\\\/litoralsp\\\/#organization\"},\"image\":{\"@id\":\"https:\\\/\\\/redenoticiaz.com.br\\\/litoralsp\\\/2023\\\/06\\\/03\\\/tartaruga-oliveira-e-encontrada-com-ferimentos-no-meio-de-entulho-no-litoral-sul#primaryimage\"},\"thumbnailUrl\":\"https:\\\/\\\/redenoticiaz.com.br\\\/litoralsp\\\/wp-content\\\/uploads\\\/sites\\\/3\\\/2023\\\/06\\\/TARTARUGA.jpg\",\"keywords\":[\"ILHA COMPRIDA\",\"INSTITUTO DE PESQUISAS CANANEIA\",\"IPEC\",\"RESGATE DE ANIMAL\",\"TARTARUGA-OLIVEIRA\"],\"articleSection\":[\"Ilha Comprida\",\"Meio Ambiente\"],\"inLanguage\":\"pt-BR\",\"potentialAction\":[{\"@type\":\"CommentAction\",\"name\":\"Comment\",\"target\":[\"https:\\\/\\\/redenoticiaz.com.br\\\/litoralsp\\\/2023\\\/06\\\/03\\\/tartaruga-oliveira-e-encontrada-com-ferimentos-no-meio-de-entulho-no-litoral-sul#respond\"]}]},{\"@type\":\"WebPage\",\"@id\":\"https:\\\/\\\/redenoticiaz.com.br\\\/litoralsp\\\/2023\\\/06\\\/03\\\/tartaruga-oliveira-e-encontrada-com-ferimentos-no-meio-de-entulho-no-litoral-sul\",\"url\":\"https:\\\/\\\/redenoticiaz.com.br\\\/litoralsp\\\/2023\\\/06\\\/03\\\/tartaruga-oliveira-e-encontrada-com-ferimentos-no-meio-de-entulho-no-litoral-sul\",\"name\":\"Tartaruga-oliveira \u00e9 encontrada com ferimentos no meio de entulho no Litoral Sul - Litoral SP\",\"isPartOf\":{\"@id\":\"https:\\\/\\\/redenoticiaz.com.br\\\/litoralsp\\\/#website\"},\"primaryImageOfPage\":{\"@id\":\"https:\\\/\\\/redenoticiaz.com.br\\\/litoralsp\\\/2023\\\/06\\\/03\\\/tartaruga-oliveira-e-encontrada-com-ferimentos-no-meio-de-entulho-no-litoral-sul#primaryimage\"},\"image\":{\"@id\":\"https:\\\/\\\/redenoticiaz.com.br\\\/litoralsp\\\/2023\\\/06\\\/03\\\/tartaruga-oliveira-e-encontrada-com-ferimentos-no-meio-de-entulho-no-litoral-sul#primaryimage\"},\"thumbnailUrl\":\"https:\\\/\\\/redenoticiaz.com.br\\\/litoralsp\\\/wp-content\\\/uploads\\\/sites\\\/3\\\/2023\\\/06\\\/TARTARUGA.jpg\",\"datePublished\":\"2023-06-03T20:50:20+00:00\",\"description\":\"em florestas, rios, lagos e nos mares. Um exemplo aconteceu em Ilha Comprida, onde uma tartaruga-oliveira (Lepidochelys olivacea)\",\"inLanguage\":\"pt-BR\",\"potentialAction\":[{\"@type\":\"ReadAction\",\"target\":[\"https:\\\/\\\/redenoticiaz.com.br\\\/litoralsp\\\/2023\\\/06\\\/03\\\/tartaruga-oliveira-e-encontrada-com-ferimentos-no-meio-de-entulho-no-litoral-sul\"]}]},{\"@type\":\"ImageObject\",\"inLanguage\":\"pt-BR\",\"@id\":\"https:\\\/\\\/redenoticiaz.com.br\\\/litoralsp\\\/2023\\\/06\\\/03\\\/tartaruga-oliveira-e-encontrada-com-ferimentos-no-meio-de-entulho-no-litoral-sul#primaryimage\",\"url\":\"https:\\\/\\\/redenoticiaz.com.br\\\/litoralsp\\\/wp-content\\\/uploads\\\/sites\\\/3\\\/2023\\\/06\\\/TARTARUGA.jpg\",\"contentUrl\":\"https:\\\/\\\/redenoticiaz.com.br\\\/litoralsp\\\/wp-content\\\/uploads\\\/sites\\\/3\\\/2023\\\/06\\\/TARTARUGA.jpg\",\"width\":553,\"height\":457,\"caption\":\"Cr\u00e9ditos: Divulga\u00e7\u00e3o\\\/IPeC\"},{\"@type\":\"WebSite\",\"@id\":\"https:\\\/\\\/redenoticiaz.com.br\\\/litoralsp\\\/#website\",\"url\":\"https:\\\/\\\/redenoticiaz.com.br\\\/litoralsp\\\/\",\"name\":\"Litoral SP\",\"description\":\"Rede NoticiaZ\",\"publisher\":{\"@id\":\"https:\\\/\\\/redenoticiaz.com.br\\\/litoralsp\\\/#organization\"},\"potentialAction\":[{\"@type\":\"SearchAction\",\"target\":{\"@type\":\"EntryPoint\",\"urlTemplate\":\"https:\\\/\\\/redenoticiaz.com.br\\\/litoralsp\\\/?s={search_term_string}\"},\"query-input\":{\"@type\":\"PropertyValueSpecification\",\"valueRequired\":true,\"valueName\":\"search_term_string\"}}],\"inLanguage\":\"pt-BR\"},{\"@type\":\"Organization\",\"@id\":\"https:\\\/\\\/redenoticiaz.com.br\\\/litoralsp\\\/#organization\",\"name\":\"Litoral SP\",\"url\":\"https:\\\/\\\/redenoticiaz.com.br\\\/litoralsp\\\/\",\"logo\":{\"@type\":\"ImageObject\",\"inLanguage\":\"pt-BR\",\"@id\":\"https:\\\/\\\/redenoticiaz.com.br\\\/litoralsp\\\/#\\\/schema\\\/logo\\\/image\\\/\",\"url\":\"https:\\\/\\\/redenoticiaz.com.br\\\/litoralsp\\\/wp-content\\\/uploads\\\/sites\\\/3\\\/2020\\\/11\\\/logo.jpg\",\"contentUrl\":\"https:\\\/\\\/redenoticiaz.com.br\\\/litoralsp\\\/wp-content\\\/uploads\\\/sites\\\/3\\\/2020\\\/11\\\/logo.jpg\",\"width\":400,\"height\":250,\"caption\":\"Litoral SP\"},\"image\":{\"@id\":\"https:\\\/\\\/redenoticiaz.com.br\\\/litoralsp\\\/#\\\/schema\\\/logo\\\/image\\\/\"}},{\"@type\":\"Person\",\"@id\":\"https:\\\/\\\/redenoticiaz.com.br\\\/litoralsp\\\/#\\\/schema\\\/person\\\/0f0b8a5bdafefe82841e07ae8d81ecb3\",\"name\":\"Leonardo Francisco\",\"image\":{\"@type\":\"ImageObject\",\"inLanguage\":\"pt-BR\",\"@id\":\"https:\\\/\\\/secure.gravatar.com\\\/avatar\\\/a7358cb406a99b682ec6df1e77e31ae82e63601f6784e8a3df411d72b37864da?s=96&d=mm&r=g\",\"url\":\"https:\\\/\\\/secure.gravatar.com\\\/avatar\\\/a7358cb406a99b682ec6df1e77e31ae82e63601f6784e8a3df411d72b37864da?s=96&d=mm&r=g\",\"contentUrl\":\"https:\\\/\\\/secure.gravatar.com\\\/avatar\\\/a7358cb406a99b682ec6df1e77e31ae82e63601f6784e8a3df411d72b37864da?s=96&d=mm&r=g\",\"caption\":\"Leonardo Francisco\"},\"url\":\"https:\\\/\\\/redenoticiaz.com.br\\\/litoralsp\\\/author\\\/leonardo-francisco\"}]}<\/script>\n<!-- \/ Yoast SEO plugin. -->","yoast_head_json":{"title":"Tartaruga-oliveira \u00e9 encontrada com ferimentos no meio de entulho no Litoral Sul - Litoral SP","description":"em florestas, rios, lagos e nos mares. Um exemplo aconteceu em Ilha Comprida, onde uma tartaruga-oliveira (Lepidochelys olivacea)","robots":{"index":"index","follow":"follow","max-snippet":"max-snippet:-1","max-image-preview":"max-image-preview:large","max-video-preview":"max-video-preview:-1"},"canonical":"https:\/\/redenoticiaz.com.br\/litoralsp\/2023\/06\/03\/tartaruga-oliveira-e-encontrada-com-ferimentos-no-meio-de-entulho-no-litoral-sul","og_locale":"pt_BR","og_type":"article","og_title":"Tartaruga-oliveira \u00e9 encontrada com ferimentos no meio de entulho no Litoral Sul - Litoral SP","og_description":"em florestas, rios, lagos e nos mares. Um exemplo aconteceu em Ilha Comprida, onde uma tartaruga-oliveira (Lepidochelys olivacea)","og_url":"https:\/\/redenoticiaz.com.br\/litoralsp\/2023\/06\/03\/tartaruga-oliveira-e-encontrada-com-ferimentos-no-meio-de-entulho-no-litoral-sul","og_site_name":"Litoral SP","article_published_time":"2023-06-03T20:50:20+00:00","og_image":[{"width":553,"height":457,"url":"https:\/\/redenoticiaz.com.br\/litoralsp\/wp-content\/uploads\/sites\/3\/2023\/06\/TARTARUGA.jpg","type":"image\/jpeg"}],"author":"Leonardo Francisco","twitter_card":"summary_large_image","twitter_misc":{"Escrito por":"Leonardo Francisco","Est. tempo de leitura":"2 minutos"},"schema":{"@context":"https:\/\/schema.org","@graph":[{"@type":"Article","@id":"https:\/\/redenoticiaz.com.br\/litoralsp\/2023\/06\/03\/tartaruga-oliveira-e-encontrada-com-ferimentos-no-meio-de-entulho-no-litoral-sul#article","isPartOf":{"@id":"https:\/\/redenoticiaz.com.br\/litoralsp\/2023\/06\/03\/tartaruga-oliveira-e-encontrada-com-ferimentos-no-meio-de-entulho-no-litoral-sul"},"author":{"name":"Leonardo Francisco","@id":"https:\/\/redenoticiaz.com.br\/litoralsp\/#\/schema\/person\/0f0b8a5bdafefe82841e07ae8d81ecb3"},"headline":"Tartaruga-oliveira \u00e9 encontrada com ferimentos no meio de entulho no Litoral Sul","datePublished":"2023-06-03T20:50:20+00:00","mainEntityOfPage":{"@id":"https:\/\/redenoticiaz.com.br\/litoralsp\/2023\/06\/03\/tartaruga-oliveira-e-encontrada-com-ferimentos-no-meio-de-entulho-no-litoral-sul"},"wordCount":251,"commentCount":0,"publisher":{"@id":"https:\/\/redenoticiaz.com.br\/litoralsp\/#organization"},"image":{"@id":"https:\/\/redenoticiaz.com.br\/litoralsp\/2023\/06\/03\/tartaruga-oliveira-e-encontrada-com-ferimentos-no-meio-de-entulho-no-litoral-sul#primaryimage"},"thumbnailUrl":"https:\/\/redenoticiaz.com.br\/litoralsp\/wp-content\/uploads\/sites\/3\/2023\/06\/TARTARUGA.jpg","keywords":["ILHA COMPRIDA","INSTITUTO DE PESQUISAS CANANEIA","IPEC","RESGATE DE ANIMAL","TARTARUGA-OLIVEIRA"],"articleSection":["Ilha Comprida","Meio Ambiente"],"inLanguage":"pt-BR","potentialAction":[{"@type":"CommentAction","name":"Comment","target":["https:\/\/redenoticiaz.com.br\/litoralsp\/2023\/06\/03\/tartaruga-oliveira-e-encontrada-com-ferimentos-no-meio-de-entulho-no-litoral-sul#respond"]}]},{"@type":"WebPage","@id":"https:\/\/redenoticiaz.com.br\/litoralsp\/2023\/06\/03\/tartaruga-oliveira-e-encontrada-com-ferimentos-no-meio-de-entulho-no-litoral-sul","url":"https:\/\/redenoticiaz.com.br\/litoralsp\/2023\/06\/03\/tartaruga-oliveira-e-encontrada-com-ferimentos-no-meio-de-entulho-no-litoral-sul","name":"Tartaruga-oliveira \u00e9 encontrada com ferimentos no meio de entulho no Litoral Sul - Litoral SP","isPartOf":{"@id":"https:\/\/redenoticiaz.com.br\/litoralsp\/#website"},"primaryImageOfPage":{"@id":"https:\/\/redenoticiaz.com.br\/litoralsp\/2023\/06\/03\/tartaruga-oliveira-e-encontrada-com-ferimentos-no-meio-de-entulho-no-litoral-sul#primaryimage"},"image":{"@id":"https:\/\/redenoticiaz.com.br\/litoralsp\/2023\/06\/03\/tartaruga-oliveira-e-encontrada-com-ferimentos-no-meio-de-entulho-no-litoral-sul#primaryimage"},"thumbnailUrl":"https:\/\/redenoticiaz.com.br\/litoralsp\/wp-content\/uploads\/sites\/3\/2023\/06\/TARTARUGA.jpg","datePublished":"2023-06-03T20:50:20+00:00","description":"em florestas, rios, lagos e nos mares. Um exemplo aconteceu em Ilha Comprida, onde uma tartaruga-oliveira (Lepidochelys olivacea)","inLanguage":"pt-BR","potentialAction":[{"@type":"ReadAction","target":["https:\/\/redenoticiaz.com.br\/litoralsp\/2023\/06\/03\/tartaruga-oliveira-e-encontrada-com-ferimentos-no-meio-de-entulho-no-litoral-sul"]}]},{"@type":"ImageObject","inLanguage":"pt-BR","@id":"https:\/\/redenoticiaz.com.br\/litoralsp\/2023\/06\/03\/tartaruga-oliveira-e-encontrada-com-ferimentos-no-meio-de-entulho-no-litoral-sul#primaryimage","url":"https:\/\/redenoticiaz.com.br\/litoralsp\/wp-content\/uploads\/sites\/3\/2023\/06\/TARTARUGA.jpg","contentUrl":"https:\/\/redenoticiaz.com.br\/litoralsp\/wp-content\/uploads\/sites\/3\/2023\/06\/TARTARUGA.jpg","width":553,"height":457,"caption":"Cr\u00e9ditos: Divulga\u00e7\u00e3o\/IPeC"},{"@type":"WebSite","@id":"https:\/\/redenoticiaz.com.br\/litoralsp\/#website","url":"https:\/\/redenoticiaz.com.br\/litoralsp\/","name":"Litoral SP","description":"Rede NoticiaZ","publisher":{"@id":"https:\/\/redenoticiaz.com.br\/litoralsp\/#organization"},"potentialAction":[{"@type":"SearchAction","target":{"@type":"EntryPoint","urlTemplate":"https:\/\/redenoticiaz.com.br\/litoralsp\/?s={search_term_string}"},"query-input":{"@type":"PropertyValueSpecification","valueRequired":true,"valueName":"search_term_string"}}],"inLanguage":"pt-BR"},{"@type":"Organization","@id":"https:\/\/redenoticiaz.com.br\/litoralsp\/#organization","name":"Litoral SP","url":"https:\/\/redenoticiaz.com.br\/litoralsp\/","logo":{"@type":"ImageObject","inLanguage":"pt-BR","@id":"https:\/\/redenoticiaz.com.br\/litoralsp\/#\/schema\/logo\/image\/","url":"https:\/\/redenoticiaz.com.br\/litoralsp\/wp-content\/uploads\/sites\/3\/2020\/11\/logo.jpg","contentUrl":"https:\/\/redenoticiaz.com.br\/litoralsp\/wp-content\/uploads\/sites\/3\/2020\/11\/logo.jpg","width":400,"height":250,"caption":"Litoral SP"},"image":{"@id":"https:\/\/redenoticiaz.com.br\/litoralsp\/#\/schema\/logo\/image\/"}},{"@type":"Person","@id":"https:\/\/redenoticiaz.com.br\/litoralsp\/#\/schema\/person\/0f0b8a5bdafefe82841e07ae8d81ecb3","name":"Leonardo Francisco","image":{"@type":"ImageObject","inLanguage":"pt-BR","@id":"https:\/\/secure.gravatar.com\/avatar\/a7358cb406a99b682ec6df1e77e31ae82e63601f6784e8a3df411d72b37864da?s=96&d=mm&r=g","url":"https:\/\/secure.gravatar.com\/avatar\/a7358cb406a99b682ec6df1e77e31ae82e63601f6784e8a3df411d72b37864da?s=96&d=mm&r=g","contentUrl":"https:\/\/secure.gravatar.com\/avatar\/a7358cb406a99b682ec6df1e77e31ae82e63601f6784e8a3df411d72b37864da?s=96&d=mm&r=g","caption":"Leonardo Francisco"},"url":"https:\/\/redenoticiaz.com.br\/litoralsp\/author\/leonardo-francisco"}]}},"_links":{"self":[{"href":"https:\/\/redenoticiaz.com.br\/litoralsp\/wp-json\/wp\/v2\/posts\/106830","targetHints":{"allow":["GET"]}}],"collection":[{"href":"https:\/\/redenoticiaz.com.br\/litoralsp\/wp-json\/wp\/v2\/posts"}],"about":[{"href":"https:\/\/redenoticiaz.com.br\/litoralsp\/wp-json\/wp\/v2\/types\/post"}],"author":[{"embeddable":true,"href":"https:\/\/redenoticiaz.com.br\/litoralsp\/wp-json\/wp\/v2\/users\/6"}],"replies":[{"embeddable":true,"href":"https:\/\/redenoticiaz.com.br\/litoralsp\/wp-json\/wp\/v2\/comments?post=106830"}],"version-history":[{"count":2,"href":"https:\/\/redenoticiaz.com.br\/litoralsp\/wp-json\/wp\/v2\/posts\/106830\/revisions"}],"predecessor-version":[{"id":106833,"href":"https:\/\/redenoticiaz.com.br\/litoralsp\/wp-json\/wp\/v2\/posts\/106830\/revisions\/106833"}],"wp:featuredmedia":[{"embeddable":true,"href":"https:\/\/redenoticiaz.com.br\/litoralsp\/wp-json\/wp\/v2\/media\/106831"}],"wp:attachment":[{"href":"https:\/\/redenoticiaz.com.br\/litoralsp\/wp-json\/wp\/v2\/media?parent=106830"}],"wp:term":[{"taxonomy":"category","embeddable":true,"href":"https:\/\/redenoticiaz.com.br\/litoralsp\/wp-json\/wp\/v2\/categories?post=106830"},{"taxonomy":"post_tag","embeddable":true,"href":"https:\/\/redenoticiaz.com.br\/litoralsp\/wp-json\/wp\/v2\/tags?post=106830"}],"curies":[{"name":"wp","href":"https:\/\/api.w.org\/{rel}","templated":true}]}}