{"id":106879,"date":"2023-06-04T15:52:10","date_gmt":"2023-06-04T18:52:10","guid":{"rendered":"https:\/\/redenoticiaz.com.br\/litoralsp\/?p=106879"},"modified":"2023-06-04T15:52:10","modified_gmt":"2023-06-04T18:52:10","slug":"video-incendio-atinge-area-proxima-da-upa-de-guaruja","status":"publish","type":"post","link":"https:\/\/redenoticiaz.com.br\/litoralsp\/2023\/06\/04\/video-incendio-atinge-area-proxima-da-upa-de-guaruja","title":{"rendered":"V\u00cdDEO &#8211; Inc\u00eandio atinge \u00e1rea pr\u00f3xima da UPA de Guaruj\u00e1"},"content":{"rendered":"<p>Motoristas e pedestres que passavam pela Avenida Santos Dumont, em Guaruj\u00e1, foram surpreendidos e assustados com um princ\u00edpio de <strong>inc\u00eandio<\/strong> em uma \u00e1rea pr\u00f3xima da Unidade de Pronto Atendimento (UPA) da Rodovi\u00e1ria. Ningu\u00e9m ficou ferido e a \u00e1rea chegou a ser interditada.<\/p>\n<p>A Pol\u00edcia Militar informou que o caso foi por volta das 17h30 de s\u00e1bado (3) e a origem do fogo foi por conta que um grupo de moradores atearam lixo em uma \u00e1rea livre, mas que as chamas se alastraram e chegaram perto de atingir a UPA da Rodovi\u00e1ria.<\/p>\n<p>O Corpo de Bombeiros foi at\u00e9 o local para controlar as chamas e o tr\u00e2nsito precisou ser interditado por um tempo. Ningu\u00e9m ficou ferido.<\/p>\n<h3>Veja o v\u00eddeo:<\/h3>\n<div style=\"width: 848px;\" class=\"wp-video\"><video class=\"wp-video-shortcode\" id=\"video-106879-1\" width=\"848\" height=\"464\" preload=\"metadata\" controls=\"controls\"><source type=\"video\/mp4\" src=\"https:\/\/redenoticiaz.com.br\/litoralsp\/wp-content\/uploads\/sites\/3\/2023\/06\/INCENDIO-UPA.mp4?_=1\" \/><a href=\"https:\/\/redenoticiaz.com.br\/litoralsp\/wp-content\/uploads\/sites\/3\/2023\/06\/INCENDIO-UPA.mp4\">https:\/\/redenoticiaz.com.br\/litoralsp\/wp-content\/uploads\/sites\/3\/2023\/06\/INCENDIO-UPA.mp4<\/a><\/video><\/div>\n<p><strong>LEIA TAMB\u00c9M<\/strong><\/p>\n<p><a href=\"https:\/\/redenoticiaz.com.br\/litoralsp\/2023\/06\/04\/video-caminhoneiro-se-vinga-de-bandidos-e-arrasta-carro-na-anhanguera\">V\u00cdDEO \u2013 Caminhoneiro se vinga de bandidos e arrasta carro na Anhanguera<\/a><\/p>\n","protected":false},"excerpt":{"rendered":"<p>Motoristas e pedestres que passavam pela Avenida Santos Dumont, em Guaruj\u00e1, foram surpreendidos e assustados com um princ\u00edpio de inc\u00eandio em uma \u00e1rea pr\u00f3xima da Unidade de Pronto Atendimento (UPA) da Rodovi\u00e1ria. Ningu\u00e9m ficou ferido e a \u00e1rea chegou a ser interditada. A Pol\u00edcia Militar informou que o caso foi por volta das 17h30 de &hellip;<\/p>\n","protected":false},"author":6,"featured_media":106881,"comment_status":"open","ping_status":"closed","sticky":false,"template":"","format":"standard","meta":{"footnotes":""},"categories":[187,10],"tags":[24147,5316,6426,4039,1766,15168],"class_list":["post-106879","post","type-post","status-publish","format-standard","has-post-thumbnail","hentry","category-guaruja","category-policia","tag-avenida-santos-dumont","tag-corpo-de-bombeiros","tag-guaruja-2","tag-incendio","tag-policia-militar","tag-upa-da-rodoviaria"],"yoast_head":"<!-- This site is optimized with the Yoast SEO plugin v27.5 - https:\/\/yoast.com\/product\/yoast-seo-wordpress\/ -->\n<title>V\u00cdDEO &#8211; Inc\u00eandio atinge \u00e1rea pr\u00f3xima da UPA de Guaruj\u00e1 - Litoral SP<\/title>\n<meta name=\"description\" content=\"Dumont, em Guaruj\u00e1, foram surpreendidos e assustados com um princ\u00edpio de inc\u00eandio em uma \u00e1rea pr\u00f3xima da Unidade de Pronto Atendimento (UPA)\" \/>\n<meta name=\"robots\" content=\"index, follow, max-snippet:-1, max-image-preview:large, max-video-preview:-1\" \/>\n<link rel=\"canonical\" href=\"https:\/\/redenoticiaz.com.br\/litoralsp\/2023\/06\/04\/video-incendio-atinge-area-proxima-da-upa-de-guaruja\" \/>\n<meta property=\"og:locale\" content=\"pt_BR\" \/>\n<meta property=\"og:type\" content=\"article\" \/>\n<meta property=\"og:title\" content=\"V\u00cdDEO &#8211; Inc\u00eandio atinge \u00e1rea pr\u00f3xima da UPA de Guaruj\u00e1 - Litoral SP\" \/>\n<meta property=\"og:description\" content=\"Dumont, em Guaruj\u00e1, foram surpreendidos e assustados com um princ\u00edpio de inc\u00eandio em uma \u00e1rea pr\u00f3xima da Unidade de Pronto Atendimento (UPA)\" \/>\n<meta property=\"og:url\" content=\"https:\/\/redenoticiaz.com.br\/litoralsp\/2023\/06\/04\/video-incendio-atinge-area-proxima-da-upa-de-guaruja\" \/>\n<meta property=\"og:site_name\" content=\"Litoral SP\" \/>\n<meta property=\"article:published_time\" content=\"2023-06-04T18:52:10+00:00\" \/>\n<meta property=\"og:image\" content=\"https:\/\/redenoticiaz.com.br\/litoralsp\/wp-content\/uploads\/sites\/3\/2023\/06\/upa-guaruja.jpeg\" \/>\n\t<meta property=\"og:image:width\" content=\"691\" \/>\n\t<meta property=\"og:image:height\" content=\"388\" \/>\n\t<meta property=\"og:image:type\" content=\"image\/jpeg\" \/>\n<meta name=\"author\" content=\"Leonardo Francisco\" \/>\n<meta name=\"twitter:card\" content=\"summary_large_image\" \/>\n<meta name=\"twitter:label1\" content=\"Escrito por\" \/>\n\t<meta name=\"twitter:data1\" content=\"Leonardo Francisco\" \/>\n\t<meta name=\"twitter:label2\" content=\"Est. tempo de leitura\" \/>\n\t<meta name=\"twitter:data2\" content=\"1 minuto\" \/>\n<script type=\"application\/ld+json\" class=\"yoast-schema-graph\">{\"@context\":\"https:\\\/\\\/schema.org\",\"@graph\":[{\"@type\":\"Article\",\"@id\":\"https:\\\/\\\/redenoticiaz.com.br\\\/litoralsp\\\/2023\\\/06\\\/04\\\/video-incendio-atinge-area-proxima-da-upa-de-guaruja#article\",\"isPartOf\":{\"@id\":\"https:\\\/\\\/redenoticiaz.com.br\\\/litoralsp\\\/2023\\\/06\\\/04\\\/video-incendio-atinge-area-proxima-da-upa-de-guaruja\"},\"author\":{\"name\":\"Leonardo Francisco\",\"@id\":\"https:\\\/\\\/redenoticiaz.com.br\\\/litoralsp\\\/#\\\/schema\\\/person\\\/0f0b8a5bdafefe82841e07ae8d81ecb3\"},\"headline\":\"V\u00cdDEO &#8211; Inc\u00eandio atinge \u00e1rea pr\u00f3xima da UPA de Guaruj\u00e1\",\"datePublished\":\"2023-06-04T18:52:10+00:00\",\"mainEntityOfPage\":{\"@id\":\"https:\\\/\\\/redenoticiaz.com.br\\\/litoralsp\\\/2023\\\/06\\\/04\\\/video-incendio-atinge-area-proxima-da-upa-de-guaruja\"},\"wordCount\":170,\"commentCount\":0,\"publisher\":{\"@id\":\"https:\\\/\\\/redenoticiaz.com.br\\\/litoralsp\\\/#organization\"},\"image\":{\"@id\":\"https:\\\/\\\/redenoticiaz.com.br\\\/litoralsp\\\/2023\\\/06\\\/04\\\/video-incendio-atinge-area-proxima-da-upa-de-guaruja#primaryimage\"},\"thumbnailUrl\":\"https:\\\/\\\/redenoticiaz.com.br\\\/litoralsp\\\/wp-content\\\/uploads\\\/sites\\\/3\\\/2023\\\/06\\\/upa-guaruja.jpeg\",\"keywords\":[\"AVENIDA SANTOS DUMONT\",\"CORPO DE BOMBEIROS\",\"Guaruj\u00e1\",\"inc\u00eandio\",\"policia militar\",\"UPA DA RODOVI\u00c1RIA\"],\"articleSection\":[\"Guaruj\u00e1\",\"Pol\u00edcia\"],\"inLanguage\":\"pt-BR\",\"potentialAction\":[{\"@type\":\"CommentAction\",\"name\":\"Comment\",\"target\":[\"https:\\\/\\\/redenoticiaz.com.br\\\/litoralsp\\\/2023\\\/06\\\/04\\\/video-incendio-atinge-area-proxima-da-upa-de-guaruja#respond\"]}]},{\"@type\":\"WebPage\",\"@id\":\"https:\\\/\\\/redenoticiaz.com.br\\\/litoralsp\\\/2023\\\/06\\\/04\\\/video-incendio-atinge-area-proxima-da-upa-de-guaruja\",\"url\":\"https:\\\/\\\/redenoticiaz.com.br\\\/litoralsp\\\/2023\\\/06\\\/04\\\/video-incendio-atinge-area-proxima-da-upa-de-guaruja\",\"name\":\"V\u00cdDEO &#8211; Inc\u00eandio atinge \u00e1rea pr\u00f3xima da UPA de Guaruj\u00e1 - Litoral SP\",\"isPartOf\":{\"@id\":\"https:\\\/\\\/redenoticiaz.com.br\\\/litoralsp\\\/#website\"},\"primaryImageOfPage\":{\"@id\":\"https:\\\/\\\/redenoticiaz.com.br\\\/litoralsp\\\/2023\\\/06\\\/04\\\/video-incendio-atinge-area-proxima-da-upa-de-guaruja#primaryimage\"},\"image\":{\"@id\":\"https:\\\/\\\/redenoticiaz.com.br\\\/litoralsp\\\/2023\\\/06\\\/04\\\/video-incendio-atinge-area-proxima-da-upa-de-guaruja#primaryimage\"},\"thumbnailUrl\":\"https:\\\/\\\/redenoticiaz.com.br\\\/litoralsp\\\/wp-content\\\/uploads\\\/sites\\\/3\\\/2023\\\/06\\\/upa-guaruja.jpeg\",\"datePublished\":\"2023-06-04T18:52:10+00:00\",\"description\":\"Dumont, em Guaruj\u00e1, foram surpreendidos e assustados com um princ\u00edpio de inc\u00eandio em uma \u00e1rea pr\u00f3xima da Unidade de Pronto Atendimento (UPA)\",\"inLanguage\":\"pt-BR\",\"potentialAction\":[{\"@type\":\"ReadAction\",\"target\":[\"https:\\\/\\\/redenoticiaz.com.br\\\/litoralsp\\\/2023\\\/06\\\/04\\\/video-incendio-atinge-area-proxima-da-upa-de-guaruja\"]}]},{\"@type\":\"ImageObject\",\"inLanguage\":\"pt-BR\",\"@id\":\"https:\\\/\\\/redenoticiaz.com.br\\\/litoralsp\\\/2023\\\/06\\\/04\\\/video-incendio-atinge-area-proxima-da-upa-de-guaruja#primaryimage\",\"url\":\"https:\\\/\\\/redenoticiaz.com.br\\\/litoralsp\\\/wp-content\\\/uploads\\\/sites\\\/3\\\/2023\\\/06\\\/upa-guaruja.jpeg\",\"contentUrl\":\"https:\\\/\\\/redenoticiaz.com.br\\\/litoralsp\\\/wp-content\\\/uploads\\\/sites\\\/3\\\/2023\\\/06\\\/upa-guaruja.jpeg\",\"width\":691,\"height\":388,\"caption\":\"Cr\u00e9ditos: Reprodu\u00e7\u00e3o\\\/Guaruj\u00e1 Mil Grau\"},{\"@type\":\"WebSite\",\"@id\":\"https:\\\/\\\/redenoticiaz.com.br\\\/litoralsp\\\/#website\",\"url\":\"https:\\\/\\\/redenoticiaz.com.br\\\/litoralsp\\\/\",\"name\":\"Litoral SP\",\"description\":\"Rede NoticiaZ\",\"publisher\":{\"@id\":\"https:\\\/\\\/redenoticiaz.com.br\\\/litoralsp\\\/#organization\"},\"potentialAction\":[{\"@type\":\"SearchAction\",\"target\":{\"@type\":\"EntryPoint\",\"urlTemplate\":\"https:\\\/\\\/redenoticiaz.com.br\\\/litoralsp\\\/?s={search_term_string}\"},\"query-input\":{\"@type\":\"PropertyValueSpecification\",\"valueRequired\":true,\"valueName\":\"search_term_string\"}}],\"inLanguage\":\"pt-BR\"},{\"@type\":\"Organization\",\"@id\":\"https:\\\/\\\/redenoticiaz.com.br\\\/litoralsp\\\/#organization\",\"name\":\"Litoral SP\",\"url\":\"https:\\\/\\\/redenoticiaz.com.br\\\/litoralsp\\\/\",\"logo\":{\"@type\":\"ImageObject\",\"inLanguage\":\"pt-BR\",\"@id\":\"https:\\\/\\\/redenoticiaz.com.br\\\/litoralsp\\\/#\\\/schema\\\/logo\\\/image\\\/\",\"url\":\"https:\\\/\\\/redenoticiaz.com.br\\\/litoralsp\\\/wp-content\\\/uploads\\\/sites\\\/3\\\/2020\\\/11\\\/logo.jpg\",\"contentUrl\":\"https:\\\/\\\/redenoticiaz.com.br\\\/litoralsp\\\/wp-content\\\/uploads\\\/sites\\\/3\\\/2020\\\/11\\\/logo.jpg\",\"width\":400,\"height\":250,\"caption\":\"Litoral SP\"},\"image\":{\"@id\":\"https:\\\/\\\/redenoticiaz.com.br\\\/litoralsp\\\/#\\\/schema\\\/logo\\\/image\\\/\"}},{\"@type\":\"Person\",\"@id\":\"https:\\\/\\\/redenoticiaz.com.br\\\/litoralsp\\\/#\\\/schema\\\/person\\\/0f0b8a5bdafefe82841e07ae8d81ecb3\",\"name\":\"Leonardo Francisco\",\"image\":{\"@type\":\"ImageObject\",\"inLanguage\":\"pt-BR\",\"@id\":\"https:\\\/\\\/secure.gravatar.com\\\/avatar\\\/a7358cb406a99b682ec6df1e77e31ae82e63601f6784e8a3df411d72b37864da?s=96&d=mm&r=g\",\"url\":\"https:\\\/\\\/secure.gravatar.com\\\/avatar\\\/a7358cb406a99b682ec6df1e77e31ae82e63601f6784e8a3df411d72b37864da?s=96&d=mm&r=g\",\"contentUrl\":\"https:\\\/\\\/secure.gravatar.com\\\/avatar\\\/a7358cb406a99b682ec6df1e77e31ae82e63601f6784e8a3df411d72b37864da?s=96&d=mm&r=g\",\"caption\":\"Leonardo Francisco\"},\"url\":\"https:\\\/\\\/redenoticiaz.com.br\\\/litoralsp\\\/author\\\/leonardo-francisco\"}]}<\/script>\n<!-- \/ Yoast SEO plugin. -->","yoast_head_json":{"title":"V\u00cdDEO &#8211; Inc\u00eandio atinge \u00e1rea pr\u00f3xima da UPA de Guaruj\u00e1 - Litoral SP","description":"Dumont, em Guaruj\u00e1, foram surpreendidos e assustados com um princ\u00edpio de inc\u00eandio em uma \u00e1rea pr\u00f3xima da Unidade de Pronto Atendimento (UPA)","robots":{"index":"index","follow":"follow","max-snippet":"max-snippet:-1","max-image-preview":"max-image-preview:large","max-video-preview":"max-video-preview:-1"},"canonical":"https:\/\/redenoticiaz.com.br\/litoralsp\/2023\/06\/04\/video-incendio-atinge-area-proxima-da-upa-de-guaruja","og_locale":"pt_BR","og_type":"article","og_title":"V\u00cdDEO &#8211; Inc\u00eandio atinge \u00e1rea pr\u00f3xima da UPA de Guaruj\u00e1 - Litoral SP","og_description":"Dumont, em Guaruj\u00e1, foram surpreendidos e assustados com um princ\u00edpio de inc\u00eandio em uma \u00e1rea pr\u00f3xima da Unidade de Pronto Atendimento (UPA)","og_url":"https:\/\/redenoticiaz.com.br\/litoralsp\/2023\/06\/04\/video-incendio-atinge-area-proxima-da-upa-de-guaruja","og_site_name":"Litoral SP","article_published_time":"2023-06-04T18:52:10+00:00","og_image":[{"width":691,"height":388,"url":"https:\/\/redenoticiaz.com.br\/litoralsp\/wp-content\/uploads\/sites\/3\/2023\/06\/upa-guaruja.jpeg","type":"image\/jpeg"}],"author":"Leonardo Francisco","twitter_card":"summary_large_image","twitter_misc":{"Escrito por":"Leonardo Francisco","Est. tempo de leitura":"1 minuto"},"schema":{"@context":"https:\/\/schema.org","@graph":[{"@type":"Article","@id":"https:\/\/redenoticiaz.com.br\/litoralsp\/2023\/06\/04\/video-incendio-atinge-area-proxima-da-upa-de-guaruja#article","isPartOf":{"@id":"https:\/\/redenoticiaz.com.br\/litoralsp\/2023\/06\/04\/video-incendio-atinge-area-proxima-da-upa-de-guaruja"},"author":{"name":"Leonardo Francisco","@id":"https:\/\/redenoticiaz.com.br\/litoralsp\/#\/schema\/person\/0f0b8a5bdafefe82841e07ae8d81ecb3"},"headline":"V\u00cdDEO &#8211; Inc\u00eandio atinge \u00e1rea pr\u00f3xima da UPA de Guaruj\u00e1","datePublished":"2023-06-04T18:52:10+00:00","mainEntityOfPage":{"@id":"https:\/\/redenoticiaz.com.br\/litoralsp\/2023\/06\/04\/video-incendio-atinge-area-proxima-da-upa-de-guaruja"},"wordCount":170,"commentCount":0,"publisher":{"@id":"https:\/\/redenoticiaz.com.br\/litoralsp\/#organization"},"image":{"@id":"https:\/\/redenoticiaz.com.br\/litoralsp\/2023\/06\/04\/video-incendio-atinge-area-proxima-da-upa-de-guaruja#primaryimage"},"thumbnailUrl":"https:\/\/redenoticiaz.com.br\/litoralsp\/wp-content\/uploads\/sites\/3\/2023\/06\/upa-guaruja.jpeg","keywords":["AVENIDA SANTOS DUMONT","CORPO DE BOMBEIROS","Guaruj\u00e1","inc\u00eandio","policia militar","UPA DA RODOVI\u00c1RIA"],"articleSection":["Guaruj\u00e1","Pol\u00edcia"],"inLanguage":"pt-BR","potentialAction":[{"@type":"CommentAction","name":"Comment","target":["https:\/\/redenoticiaz.com.br\/litoralsp\/2023\/06\/04\/video-incendio-atinge-area-proxima-da-upa-de-guaruja#respond"]}]},{"@type":"WebPage","@id":"https:\/\/redenoticiaz.com.br\/litoralsp\/2023\/06\/04\/video-incendio-atinge-area-proxima-da-upa-de-guaruja","url":"https:\/\/redenoticiaz.com.br\/litoralsp\/2023\/06\/04\/video-incendio-atinge-area-proxima-da-upa-de-guaruja","name":"V\u00cdDEO &#8211; Inc\u00eandio atinge \u00e1rea pr\u00f3xima da UPA de Guaruj\u00e1 - Litoral SP","isPartOf":{"@id":"https:\/\/redenoticiaz.com.br\/litoralsp\/#website"},"primaryImageOfPage":{"@id":"https:\/\/redenoticiaz.com.br\/litoralsp\/2023\/06\/04\/video-incendio-atinge-area-proxima-da-upa-de-guaruja#primaryimage"},"image":{"@id":"https:\/\/redenoticiaz.com.br\/litoralsp\/2023\/06\/04\/video-incendio-atinge-area-proxima-da-upa-de-guaruja#primaryimage"},"thumbnailUrl":"https:\/\/redenoticiaz.com.br\/litoralsp\/wp-content\/uploads\/sites\/3\/2023\/06\/upa-guaruja.jpeg","datePublished":"2023-06-04T18:52:10+00:00","description":"Dumont, em Guaruj\u00e1, foram surpreendidos e assustados com um princ\u00edpio de inc\u00eandio em uma \u00e1rea pr\u00f3xima da Unidade de Pronto Atendimento (UPA)","inLanguage":"pt-BR","potentialAction":[{"@type":"ReadAction","target":["https:\/\/redenoticiaz.com.br\/litoralsp\/2023\/06\/04\/video-incendio-atinge-area-proxima-da-upa-de-guaruja"]}]},{"@type":"ImageObject","inLanguage":"pt-BR","@id":"https:\/\/redenoticiaz.com.br\/litoralsp\/2023\/06\/04\/video-incendio-atinge-area-proxima-da-upa-de-guaruja#primaryimage","url":"https:\/\/redenoticiaz.com.br\/litoralsp\/wp-content\/uploads\/sites\/3\/2023\/06\/upa-guaruja.jpeg","contentUrl":"https:\/\/redenoticiaz.com.br\/litoralsp\/wp-content\/uploads\/sites\/3\/2023\/06\/upa-guaruja.jpeg","width":691,"height":388,"caption":"Cr\u00e9ditos: Reprodu\u00e7\u00e3o\/Guaruj\u00e1 Mil Grau"},{"@type":"WebSite","@id":"https:\/\/redenoticiaz.com.br\/litoralsp\/#website","url":"https:\/\/redenoticiaz.com.br\/litoralsp\/","name":"Litoral SP","description":"Rede NoticiaZ","publisher":{"@id":"https:\/\/redenoticiaz.com.br\/litoralsp\/#organization"},"potentialAction":[{"@type":"SearchAction","target":{"@type":"EntryPoint","urlTemplate":"https:\/\/redenoticiaz.com.br\/litoralsp\/?s={search_term_string}"},"query-input":{"@type":"PropertyValueSpecification","valueRequired":true,"valueName":"search_term_string"}}],"inLanguage":"pt-BR"},{"@type":"Organization","@id":"https:\/\/redenoticiaz.com.br\/litoralsp\/#organization","name":"Litoral SP","url":"https:\/\/redenoticiaz.com.br\/litoralsp\/","logo":{"@type":"ImageObject","inLanguage":"pt-BR","@id":"https:\/\/redenoticiaz.com.br\/litoralsp\/#\/schema\/logo\/image\/","url":"https:\/\/redenoticiaz.com.br\/litoralsp\/wp-content\/uploads\/sites\/3\/2020\/11\/logo.jpg","contentUrl":"https:\/\/redenoticiaz.com.br\/litoralsp\/wp-content\/uploads\/sites\/3\/2020\/11\/logo.jpg","width":400,"height":250,"caption":"Litoral SP"},"image":{"@id":"https:\/\/redenoticiaz.com.br\/litoralsp\/#\/schema\/logo\/image\/"}},{"@type":"Person","@id":"https:\/\/redenoticiaz.com.br\/litoralsp\/#\/schema\/person\/0f0b8a5bdafefe82841e07ae8d81ecb3","name":"Leonardo Francisco","image":{"@type":"ImageObject","inLanguage":"pt-BR","@id":"https:\/\/secure.gravatar.com\/avatar\/a7358cb406a99b682ec6df1e77e31ae82e63601f6784e8a3df411d72b37864da?s=96&d=mm&r=g","url":"https:\/\/secure.gravatar.com\/avatar\/a7358cb406a99b682ec6df1e77e31ae82e63601f6784e8a3df411d72b37864da?s=96&d=mm&r=g","contentUrl":"https:\/\/secure.gravatar.com\/avatar\/a7358cb406a99b682ec6df1e77e31ae82e63601f6784e8a3df411d72b37864da?s=96&d=mm&r=g","caption":"Leonardo Francisco"},"url":"https:\/\/redenoticiaz.com.br\/litoralsp\/author\/leonardo-francisco"}]}},"_links":{"self":[{"href":"https:\/\/redenoticiaz.com.br\/litoralsp\/wp-json\/wp\/v2\/posts\/106879","targetHints":{"allow":["GET"]}}],"collection":[{"href":"https:\/\/redenoticiaz.com.br\/litoralsp\/wp-json\/wp\/v2\/posts"}],"about":[{"href":"https:\/\/redenoticiaz.com.br\/litoralsp\/wp-json\/wp\/v2\/types\/post"}],"author":[{"embeddable":true,"href":"https:\/\/redenoticiaz.com.br\/litoralsp\/wp-json\/wp\/v2\/users\/6"}],"replies":[{"embeddable":true,"href":"https:\/\/redenoticiaz.com.br\/litoralsp\/wp-json\/wp\/v2\/comments?post=106879"}],"version-history":[{"count":1,"href":"https:\/\/redenoticiaz.com.br\/litoralsp\/wp-json\/wp\/v2\/posts\/106879\/revisions"}],"predecessor-version":[{"id":106882,"href":"https:\/\/redenoticiaz.com.br\/litoralsp\/wp-json\/wp\/v2\/posts\/106879\/revisions\/106882"}],"wp:featuredmedia":[{"embeddable":true,"href":"https:\/\/redenoticiaz.com.br\/litoralsp\/wp-json\/wp\/v2\/media\/106881"}],"wp:attachment":[{"href":"https:\/\/redenoticiaz.com.br\/litoralsp\/wp-json\/wp\/v2\/media?parent=106879"}],"wp:term":[{"taxonomy":"category","embeddable":true,"href":"https:\/\/redenoticiaz.com.br\/litoralsp\/wp-json\/wp\/v2\/categories?post=106879"},{"taxonomy":"post_tag","embeddable":true,"href":"https:\/\/redenoticiaz.com.br\/litoralsp\/wp-json\/wp\/v2\/tags?post=106879"}],"curies":[{"name":"wp","href":"https:\/\/api.w.org\/{rel}","templated":true}]}}