{"id":106936,"date":"2023-06-05T16:32:38","date_gmt":"2023-06-05T19:32:38","guid":{"rendered":"https:\/\/redenoticiaz.com.br\/litoralsp\/?p=106936"},"modified":"2023-06-05T16:32:38","modified_gmt":"2023-06-05T19:32:38","slug":"feriado-conhecido-por-estar-acompanhado-de-chuva-sera-de-sol","status":"publish","type":"post","link":"https:\/\/redenoticiaz.com.br\/litoralsp\/2023\/06\/05\/feriado-conhecido-por-estar-acompanhado-de-chuva-sera-de-sol","title":{"rendered":"Feriado conhecido por estar acompanhado de chuva, ser\u00e1 de sol"},"content":{"rendered":"<p>O feriado de Corpus Christi conhecido por estar sempre acompanhado de chuva, ser\u00e1 de sol neste ano.<\/p>\n<p>De acordo com as informa\u00e7\u00f5es, as cidades da regi\u00e3o devem ter dias ensolarados e com v\u00e1rias nuvens, possibilidade de tempo nublado, mas sem chuva.<\/p>\n<p>Ainda de acordo com as possibilidades, as temperaturas devem subir principalmente na sexta-feira (9), quando a maioria das cidades ir\u00e3o registrar tempo firme.<\/p>\n<p>Sendo assim, a \u00fanica cidade que deve ter uma queda na temperatura, ser\u00e1 Peru\u00edbe, que na quinta-feira (8) deve registrar m\u00ednima de 12\u00bac.<\/p>\n<div class=\"Block__Component-sc-1uj1scg-0 bHcZsF\">\n<p class=\"styled__Paragraph-sc-fdx3oi-6 jDLBSn\">A previs\u00e3o do tempo \u00e9 baseada em dados colhidos por meteorologistas. Ela pode sofrer varia\u00e7\u00f5es ao longo do dia que fujam dos modelos previstos.<\/p>\n<\/div>\n<div class=\"Block__Component-sc-1uj1scg-0 fwYMcJ\">\n<div class=\"sc-1vipanx-0 ecgQoK\">\n<div class=\"Block__Component-sc-1uj1scg-0 kQtPb\"><strong>Leia mais<\/strong><\/div>\n<div><a href=\"https:\/\/redenoticiaz.com.br\/litoralsp\/2023\/04\/20\/inss-utilizara-whatsapp-para-se-comunicar-com-segurados-do-litoral-paulista\">Defesa Civil emite alerta de fortes ventos no Litoral Paulista<\/a><\/div>\n<\/div>\n<\/div>\n","protected":false},"excerpt":{"rendered":"<p>O feriado de Corpus Christi conhecido por estar sempre acompanhado de chuva, ser\u00e1 de sol neste ano. De acordo com as informa\u00e7\u00f5es, as cidades da regi\u00e3o devem ter dias ensolarados e com v\u00e1rias nuvens, possibilidade de tempo nublado, mas sem chuva. Ainda de acordo com as possibilidades, as temperaturas devem subir principalmente na sexta-feira (9), &hellip;<\/p>\n","protected":false},"author":12,"featured_media":103467,"comment_status":"open","ping_status":"closed","sticky":false,"template":"","format":"standard","meta":{"footnotes":""},"categories":[187,180],"tags":[8510,65626,3541,30376],"class_list":["post-106936","post","type-post","status-publish","format-standard","has-post-thumbnail","hentry","category-guaruja","category-santos","tag-chuva","tag-chuva-feriado","tag-feriado","tag-sol"],"yoast_head":"<!-- This site is optimized with the Yoast SEO plugin v27.4 - https:\/\/yoast.com\/product\/yoast-seo-wordpress\/ -->\n<title>Feriado conhecido por estar acompanhado de chuva, ser\u00e1 de sol - Litoral SP<\/title>\n<meta name=\"description\" content=\"O feriado de Corpus Christi conhecido por estar sempre acompanhado de chuva, ser\u00e1 de sol neste ano.\" \/>\n<meta name=\"robots\" content=\"index, follow, max-snippet:-1, max-image-preview:large, max-video-preview:-1\" \/>\n<link rel=\"canonical\" href=\"https:\/\/redenoticiaz.com.br\/litoralsp\/2023\/06\/05\/feriado-conhecido-por-estar-acompanhado-de-chuva-sera-de-sol\" \/>\n<meta property=\"og:locale\" content=\"pt_BR\" \/>\n<meta property=\"og:type\" content=\"article\" \/>\n<meta property=\"og:title\" content=\"Feriado conhecido por estar acompanhado de chuva, ser\u00e1 de sol - Litoral SP\" \/>\n<meta property=\"og:description\" content=\"O feriado de Corpus Christi conhecido por estar sempre acompanhado de chuva, ser\u00e1 de sol neste ano.\" \/>\n<meta property=\"og:url\" content=\"https:\/\/redenoticiaz.com.br\/litoralsp\/2023\/06\/05\/feriado-conhecido-por-estar-acompanhado-de-chuva-sera-de-sol\" \/>\n<meta property=\"og:site_name\" content=\"Litoral SP\" \/>\n<meta property=\"article:published_time\" content=\"2023-06-05T19:32:38+00:00\" \/>\n<meta property=\"og:image\" content=\"https:\/\/redenoticiaz.com.br\/litoralsp\/wp-content\/uploads\/sites\/3\/2023\/04\/whatsapp_image_2023-03-31_at_15.46.50.jpeg\" \/>\n\t<meta property=\"og:image:width\" content=\"927\" \/>\n\t<meta property=\"og:image:height\" content=\"618\" \/>\n\t<meta property=\"og:image:type\" content=\"image\/jpeg\" \/>\n<meta name=\"author\" content=\"Gustavo Silva\" \/>\n<meta name=\"twitter:card\" content=\"summary_large_image\" \/>\n<meta name=\"twitter:label1\" content=\"Escrito por\" \/>\n\t<meta name=\"twitter:data1\" content=\"Gustavo Silva\" \/>\n\t<meta name=\"twitter:label2\" content=\"Est. tempo de leitura\" \/>\n\t<meta name=\"twitter:data2\" content=\"1 minuto\" \/>\n<script type=\"application\/ld+json\" class=\"yoast-schema-graph\">{\"@context\":\"https:\\\/\\\/schema.org\",\"@graph\":[{\"@type\":\"Article\",\"@id\":\"https:\\\/\\\/redenoticiaz.com.br\\\/litoralsp\\\/2023\\\/06\\\/05\\\/feriado-conhecido-por-estar-acompanhado-de-chuva-sera-de-sol#article\",\"isPartOf\":{\"@id\":\"https:\\\/\\\/redenoticiaz.com.br\\\/litoralsp\\\/2023\\\/06\\\/05\\\/feriado-conhecido-por-estar-acompanhado-de-chuva-sera-de-sol\"},\"author\":{\"name\":\"Gustavo Silva\",\"@id\":\"https:\\\/\\\/redenoticiaz.com.br\\\/litoralsp\\\/#\\\/schema\\\/person\\\/16057b37a3c0ee6b096d7f887c566e2e\"},\"headline\":\"Feriado conhecido por estar acompanhado de chuva, ser\u00e1 de sol\",\"datePublished\":\"2023-06-05T19:32:38+00:00\",\"mainEntityOfPage\":{\"@id\":\"https:\\\/\\\/redenoticiaz.com.br\\\/litoralsp\\\/2023\\\/06\\\/05\\\/feriado-conhecido-por-estar-acompanhado-de-chuva-sera-de-sol\"},\"wordCount\":138,\"commentCount\":0,\"publisher\":{\"@id\":\"https:\\\/\\\/redenoticiaz.com.br\\\/litoralsp\\\/#organization\"},\"image\":{\"@id\":\"https:\\\/\\\/redenoticiaz.com.br\\\/litoralsp\\\/2023\\\/06\\\/05\\\/feriado-conhecido-por-estar-acompanhado-de-chuva-sera-de-sol#primaryimage\"},\"thumbnailUrl\":\"https:\\\/\\\/redenoticiaz.com.br\\\/litoralsp\\\/wp-content\\\/uploads\\\/sites\\\/3\\\/2023\\\/04\\\/whatsapp_image_2023-03-31_at_15.46.50.jpeg\",\"keywords\":[\"CHUVA\",\"chuva feriado\",\"feriado\",\"SOL\"],\"articleSection\":[\"Guaruj\u00e1\",\"Santos\"],\"inLanguage\":\"pt-BR\",\"potentialAction\":[{\"@type\":\"CommentAction\",\"name\":\"Comment\",\"target\":[\"https:\\\/\\\/redenoticiaz.com.br\\\/litoralsp\\\/2023\\\/06\\\/05\\\/feriado-conhecido-por-estar-acompanhado-de-chuva-sera-de-sol#respond\"]}]},{\"@type\":\"WebPage\",\"@id\":\"https:\\\/\\\/redenoticiaz.com.br\\\/litoralsp\\\/2023\\\/06\\\/05\\\/feriado-conhecido-por-estar-acompanhado-de-chuva-sera-de-sol\",\"url\":\"https:\\\/\\\/redenoticiaz.com.br\\\/litoralsp\\\/2023\\\/06\\\/05\\\/feriado-conhecido-por-estar-acompanhado-de-chuva-sera-de-sol\",\"name\":\"Feriado conhecido por estar acompanhado de chuva, ser\u00e1 de sol - Litoral SP\",\"isPartOf\":{\"@id\":\"https:\\\/\\\/redenoticiaz.com.br\\\/litoralsp\\\/#website\"},\"primaryImageOfPage\":{\"@id\":\"https:\\\/\\\/redenoticiaz.com.br\\\/litoralsp\\\/2023\\\/06\\\/05\\\/feriado-conhecido-por-estar-acompanhado-de-chuva-sera-de-sol#primaryimage\"},\"image\":{\"@id\":\"https:\\\/\\\/redenoticiaz.com.br\\\/litoralsp\\\/2023\\\/06\\\/05\\\/feriado-conhecido-por-estar-acompanhado-de-chuva-sera-de-sol#primaryimage\"},\"thumbnailUrl\":\"https:\\\/\\\/redenoticiaz.com.br\\\/litoralsp\\\/wp-content\\\/uploads\\\/sites\\\/3\\\/2023\\\/04\\\/whatsapp_image_2023-03-31_at_15.46.50.jpeg\",\"datePublished\":\"2023-06-05T19:32:38+00:00\",\"description\":\"O feriado de Corpus Christi conhecido por estar sempre acompanhado de chuva, ser\u00e1 de sol neste ano.\",\"inLanguage\":\"pt-BR\",\"potentialAction\":[{\"@type\":\"ReadAction\",\"target\":[\"https:\\\/\\\/redenoticiaz.com.br\\\/litoralsp\\\/2023\\\/06\\\/05\\\/feriado-conhecido-por-estar-acompanhado-de-chuva-sera-de-sol\"]}]},{\"@type\":\"ImageObject\",\"inLanguage\":\"pt-BR\",\"@id\":\"https:\\\/\\\/redenoticiaz.com.br\\\/litoralsp\\\/2023\\\/06\\\/05\\\/feriado-conhecido-por-estar-acompanhado-de-chuva-sera-de-sol#primaryimage\",\"url\":\"https:\\\/\\\/redenoticiaz.com.br\\\/litoralsp\\\/wp-content\\\/uploads\\\/sites\\\/3\\\/2023\\\/04\\\/whatsapp_image_2023-03-31_at_15.46.50.jpeg\",\"contentUrl\":\"https:\\\/\\\/redenoticiaz.com.br\\\/litoralsp\\\/wp-content\\\/uploads\\\/sites\\\/3\\\/2023\\\/04\\\/whatsapp_image_2023-03-31_at_15.46.50.jpeg\",\"width\":927,\"height\":618,\"caption\":\"Mudan\u00e7a de tempo provoca pancadas de chuva e ondas de 3 metros em Santos\"},{\"@type\":\"WebSite\",\"@id\":\"https:\\\/\\\/redenoticiaz.com.br\\\/litoralsp\\\/#website\",\"url\":\"https:\\\/\\\/redenoticiaz.com.br\\\/litoralsp\\\/\",\"name\":\"Litoral SP\",\"description\":\"Rede NoticiaZ\",\"publisher\":{\"@id\":\"https:\\\/\\\/redenoticiaz.com.br\\\/litoralsp\\\/#organization\"},\"potentialAction\":[{\"@type\":\"SearchAction\",\"target\":{\"@type\":\"EntryPoint\",\"urlTemplate\":\"https:\\\/\\\/redenoticiaz.com.br\\\/litoralsp\\\/?s={search_term_string}\"},\"query-input\":{\"@type\":\"PropertyValueSpecification\",\"valueRequired\":true,\"valueName\":\"search_term_string\"}}],\"inLanguage\":\"pt-BR\"},{\"@type\":\"Organization\",\"@id\":\"https:\\\/\\\/redenoticiaz.com.br\\\/litoralsp\\\/#organization\",\"name\":\"Litoral SP\",\"url\":\"https:\\\/\\\/redenoticiaz.com.br\\\/litoralsp\\\/\",\"logo\":{\"@type\":\"ImageObject\",\"inLanguage\":\"pt-BR\",\"@id\":\"https:\\\/\\\/redenoticiaz.com.br\\\/litoralsp\\\/#\\\/schema\\\/logo\\\/image\\\/\",\"url\":\"https:\\\/\\\/redenoticiaz.com.br\\\/litoralsp\\\/wp-content\\\/uploads\\\/sites\\\/3\\\/2020\\\/11\\\/logo.jpg\",\"contentUrl\":\"https:\\\/\\\/redenoticiaz.com.br\\\/litoralsp\\\/wp-content\\\/uploads\\\/sites\\\/3\\\/2020\\\/11\\\/logo.jpg\",\"width\":400,\"height\":250,\"caption\":\"Litoral SP\"},\"image\":{\"@id\":\"https:\\\/\\\/redenoticiaz.com.br\\\/litoralsp\\\/#\\\/schema\\\/logo\\\/image\\\/\"}},{\"@type\":\"Person\",\"@id\":\"https:\\\/\\\/redenoticiaz.com.br\\\/litoralsp\\\/#\\\/schema\\\/person\\\/16057b37a3c0ee6b096d7f887c566e2e\",\"name\":\"Gustavo Silva\",\"image\":{\"@type\":\"ImageObject\",\"inLanguage\":\"pt-BR\",\"@id\":\"https:\\\/\\\/secure.gravatar.com\\\/avatar\\\/3ee4e82f93b26de0a7cf4ea5eb7893da637ed6bb0c9170c58065944c56e28a33?s=96&d=mm&r=g\",\"url\":\"https:\\\/\\\/secure.gravatar.com\\\/avatar\\\/3ee4e82f93b26de0a7cf4ea5eb7893da637ed6bb0c9170c58065944c56e28a33?s=96&d=mm&r=g\",\"contentUrl\":\"https:\\\/\\\/secure.gravatar.com\\\/avatar\\\/3ee4e82f93b26de0a7cf4ea5eb7893da637ed6bb0c9170c58065944c56e28a33?s=96&d=mm&r=g\",\"caption\":\"Gustavo Silva\"},\"url\":\"https:\\\/\\\/redenoticiaz.com.br\\\/litoralsp\\\/author\\\/gustavosilva\"}]}<\/script>\n<!-- \/ Yoast SEO plugin. -->","yoast_head_json":{"title":"Feriado conhecido por estar acompanhado de chuva, ser\u00e1 de sol - Litoral SP","description":"O feriado de Corpus Christi conhecido por estar sempre acompanhado de chuva, ser\u00e1 de sol neste ano.","robots":{"index":"index","follow":"follow","max-snippet":"max-snippet:-1","max-image-preview":"max-image-preview:large","max-video-preview":"max-video-preview:-1"},"canonical":"https:\/\/redenoticiaz.com.br\/litoralsp\/2023\/06\/05\/feriado-conhecido-por-estar-acompanhado-de-chuva-sera-de-sol","og_locale":"pt_BR","og_type":"article","og_title":"Feriado conhecido por estar acompanhado de chuva, ser\u00e1 de sol - Litoral SP","og_description":"O feriado de Corpus Christi conhecido por estar sempre acompanhado de chuva, ser\u00e1 de sol neste ano.","og_url":"https:\/\/redenoticiaz.com.br\/litoralsp\/2023\/06\/05\/feriado-conhecido-por-estar-acompanhado-de-chuva-sera-de-sol","og_site_name":"Litoral SP","article_published_time":"2023-06-05T19:32:38+00:00","og_image":[{"width":927,"height":618,"url":"https:\/\/redenoticiaz.com.br\/litoralsp\/wp-content\/uploads\/sites\/3\/2023\/04\/whatsapp_image_2023-03-31_at_15.46.50.jpeg","type":"image\/jpeg"}],"author":"Gustavo Silva","twitter_card":"summary_large_image","twitter_misc":{"Escrito por":"Gustavo Silva","Est. tempo de leitura":"1 minuto"},"schema":{"@context":"https:\/\/schema.org","@graph":[{"@type":"Article","@id":"https:\/\/redenoticiaz.com.br\/litoralsp\/2023\/06\/05\/feriado-conhecido-por-estar-acompanhado-de-chuva-sera-de-sol#article","isPartOf":{"@id":"https:\/\/redenoticiaz.com.br\/litoralsp\/2023\/06\/05\/feriado-conhecido-por-estar-acompanhado-de-chuva-sera-de-sol"},"author":{"name":"Gustavo Silva","@id":"https:\/\/redenoticiaz.com.br\/litoralsp\/#\/schema\/person\/16057b37a3c0ee6b096d7f887c566e2e"},"headline":"Feriado conhecido por estar acompanhado de chuva, ser\u00e1 de sol","datePublished":"2023-06-05T19:32:38+00:00","mainEntityOfPage":{"@id":"https:\/\/redenoticiaz.com.br\/litoralsp\/2023\/06\/05\/feriado-conhecido-por-estar-acompanhado-de-chuva-sera-de-sol"},"wordCount":138,"commentCount":0,"publisher":{"@id":"https:\/\/redenoticiaz.com.br\/litoralsp\/#organization"},"image":{"@id":"https:\/\/redenoticiaz.com.br\/litoralsp\/2023\/06\/05\/feriado-conhecido-por-estar-acompanhado-de-chuva-sera-de-sol#primaryimage"},"thumbnailUrl":"https:\/\/redenoticiaz.com.br\/litoralsp\/wp-content\/uploads\/sites\/3\/2023\/04\/whatsapp_image_2023-03-31_at_15.46.50.jpeg","keywords":["CHUVA","chuva feriado","feriado","SOL"],"articleSection":["Guaruj\u00e1","Santos"],"inLanguage":"pt-BR","potentialAction":[{"@type":"CommentAction","name":"Comment","target":["https:\/\/redenoticiaz.com.br\/litoralsp\/2023\/06\/05\/feriado-conhecido-por-estar-acompanhado-de-chuva-sera-de-sol#respond"]}]},{"@type":"WebPage","@id":"https:\/\/redenoticiaz.com.br\/litoralsp\/2023\/06\/05\/feriado-conhecido-por-estar-acompanhado-de-chuva-sera-de-sol","url":"https:\/\/redenoticiaz.com.br\/litoralsp\/2023\/06\/05\/feriado-conhecido-por-estar-acompanhado-de-chuva-sera-de-sol","name":"Feriado conhecido por estar acompanhado de chuva, ser\u00e1 de sol - Litoral SP","isPartOf":{"@id":"https:\/\/redenoticiaz.com.br\/litoralsp\/#website"},"primaryImageOfPage":{"@id":"https:\/\/redenoticiaz.com.br\/litoralsp\/2023\/06\/05\/feriado-conhecido-por-estar-acompanhado-de-chuva-sera-de-sol#primaryimage"},"image":{"@id":"https:\/\/redenoticiaz.com.br\/litoralsp\/2023\/06\/05\/feriado-conhecido-por-estar-acompanhado-de-chuva-sera-de-sol#primaryimage"},"thumbnailUrl":"https:\/\/redenoticiaz.com.br\/litoralsp\/wp-content\/uploads\/sites\/3\/2023\/04\/whatsapp_image_2023-03-31_at_15.46.50.jpeg","datePublished":"2023-06-05T19:32:38+00:00","description":"O feriado de Corpus Christi conhecido por estar sempre acompanhado de chuva, ser\u00e1 de sol neste ano.","inLanguage":"pt-BR","potentialAction":[{"@type":"ReadAction","target":["https:\/\/redenoticiaz.com.br\/litoralsp\/2023\/06\/05\/feriado-conhecido-por-estar-acompanhado-de-chuva-sera-de-sol"]}]},{"@type":"ImageObject","inLanguage":"pt-BR","@id":"https:\/\/redenoticiaz.com.br\/litoralsp\/2023\/06\/05\/feriado-conhecido-por-estar-acompanhado-de-chuva-sera-de-sol#primaryimage","url":"https:\/\/redenoticiaz.com.br\/litoralsp\/wp-content\/uploads\/sites\/3\/2023\/04\/whatsapp_image_2023-03-31_at_15.46.50.jpeg","contentUrl":"https:\/\/redenoticiaz.com.br\/litoralsp\/wp-content\/uploads\/sites\/3\/2023\/04\/whatsapp_image_2023-03-31_at_15.46.50.jpeg","width":927,"height":618,"caption":"Mudan\u00e7a de tempo provoca pancadas de chuva e ondas de 3 metros em Santos"},{"@type":"WebSite","@id":"https:\/\/redenoticiaz.com.br\/litoralsp\/#website","url":"https:\/\/redenoticiaz.com.br\/litoralsp\/","name":"Litoral SP","description":"Rede NoticiaZ","publisher":{"@id":"https:\/\/redenoticiaz.com.br\/litoralsp\/#organization"},"potentialAction":[{"@type":"SearchAction","target":{"@type":"EntryPoint","urlTemplate":"https:\/\/redenoticiaz.com.br\/litoralsp\/?s={search_term_string}"},"query-input":{"@type":"PropertyValueSpecification","valueRequired":true,"valueName":"search_term_string"}}],"inLanguage":"pt-BR"},{"@type":"Organization","@id":"https:\/\/redenoticiaz.com.br\/litoralsp\/#organization","name":"Litoral SP","url":"https:\/\/redenoticiaz.com.br\/litoralsp\/","logo":{"@type":"ImageObject","inLanguage":"pt-BR","@id":"https:\/\/redenoticiaz.com.br\/litoralsp\/#\/schema\/logo\/image\/","url":"https:\/\/redenoticiaz.com.br\/litoralsp\/wp-content\/uploads\/sites\/3\/2020\/11\/logo.jpg","contentUrl":"https:\/\/redenoticiaz.com.br\/litoralsp\/wp-content\/uploads\/sites\/3\/2020\/11\/logo.jpg","width":400,"height":250,"caption":"Litoral SP"},"image":{"@id":"https:\/\/redenoticiaz.com.br\/litoralsp\/#\/schema\/logo\/image\/"}},{"@type":"Person","@id":"https:\/\/redenoticiaz.com.br\/litoralsp\/#\/schema\/person\/16057b37a3c0ee6b096d7f887c566e2e","name":"Gustavo Silva","image":{"@type":"ImageObject","inLanguage":"pt-BR","@id":"https:\/\/secure.gravatar.com\/avatar\/3ee4e82f93b26de0a7cf4ea5eb7893da637ed6bb0c9170c58065944c56e28a33?s=96&d=mm&r=g","url":"https:\/\/secure.gravatar.com\/avatar\/3ee4e82f93b26de0a7cf4ea5eb7893da637ed6bb0c9170c58065944c56e28a33?s=96&d=mm&r=g","contentUrl":"https:\/\/secure.gravatar.com\/avatar\/3ee4e82f93b26de0a7cf4ea5eb7893da637ed6bb0c9170c58065944c56e28a33?s=96&d=mm&r=g","caption":"Gustavo Silva"},"url":"https:\/\/redenoticiaz.com.br\/litoralsp\/author\/gustavosilva"}]}},"_links":{"self":[{"href":"https:\/\/redenoticiaz.com.br\/litoralsp\/wp-json\/wp\/v2\/posts\/106936","targetHints":{"allow":["GET"]}}],"collection":[{"href":"https:\/\/redenoticiaz.com.br\/litoralsp\/wp-json\/wp\/v2\/posts"}],"about":[{"href":"https:\/\/redenoticiaz.com.br\/litoralsp\/wp-json\/wp\/v2\/types\/post"}],"author":[{"embeddable":true,"href":"https:\/\/redenoticiaz.com.br\/litoralsp\/wp-json\/wp\/v2\/users\/12"}],"replies":[{"embeddable":true,"href":"https:\/\/redenoticiaz.com.br\/litoralsp\/wp-json\/wp\/v2\/comments?post=106936"}],"version-history":[{"count":1,"href":"https:\/\/redenoticiaz.com.br\/litoralsp\/wp-json\/wp\/v2\/posts\/106936\/revisions"}],"predecessor-version":[{"id":106939,"href":"https:\/\/redenoticiaz.com.br\/litoralsp\/wp-json\/wp\/v2\/posts\/106936\/revisions\/106939"}],"wp:featuredmedia":[{"embeddable":true,"href":"https:\/\/redenoticiaz.com.br\/litoralsp\/wp-json\/wp\/v2\/media\/103467"}],"wp:attachment":[{"href":"https:\/\/redenoticiaz.com.br\/litoralsp\/wp-json\/wp\/v2\/media?parent=106936"}],"wp:term":[{"taxonomy":"category","embeddable":true,"href":"https:\/\/redenoticiaz.com.br\/litoralsp\/wp-json\/wp\/v2\/categories?post=106936"},{"taxonomy":"post_tag","embeddable":true,"href":"https:\/\/redenoticiaz.com.br\/litoralsp\/wp-json\/wp\/v2\/tags?post=106936"}],"curies":[{"name":"wp","href":"https:\/\/api.w.org\/{rel}","templated":true}]}}