{"id":107054,"date":"2023-06-07T15:11:39","date_gmt":"2023-06-07T18:11:39","guid":{"rendered":"https:\/\/redenoticiaz.com.br\/litoralsp\/?p=107054"},"modified":"2023-06-07T15:11:39","modified_gmt":"2023-06-07T18:11:39","slug":"caminhoneiro-leva-coronhada-em-tentativa-de-assalto-revida-e-mata-criminoso","status":"publish","type":"post","link":"https:\/\/redenoticiaz.com.br\/litoralsp\/2023\/06\/07\/caminhoneiro-leva-coronhada-em-tentativa-de-assalto-revida-e-mata-criminoso","title":{"rendered":"Caminhoneiro leva coronhada em tentativa de assalto, revida e mata criminoso"},"content":{"rendered":"<p class=\"content-head__title\">Um caminhoneiro levou uma coronhada em uma tentativa de assalto, no bairro Alemoa, em Santos revidou e matou o criminoso, na manh\u00e3 desta quarta-feira (17).<\/p>\n<p>De acordo com as informa\u00e7\u00f5es, a\u00a0 v\u00edtima estava esperando para entrar no terminal portu\u00e1rio, quando foi surpreendida por tr\u00eas bandidos armados.<\/p>\n<p>Ainda de acordo com as informa\u00e7\u00f5es, ele foi atingido por coronhadas pelos criminosos, e decidiu entrar em luta corporal para evitar o assalto.<\/p>\n<p>Sendo assim, um dos criminosos estava com uma faca amea\u00e7ando o homem, e neste momento a pol\u00edcia chegou e ordenou que se separassem.<\/p>\n<p>Por fim, o caminhoneiro pegou um extintor que estava no caminh\u00e3o e atingiu na cabe\u00e7a um dos criminosos que morreu no local.<\/p>\n<p>Enfim, um segundo criminosos come\u00e7ou a atirar contra os policiais que revidaram e o atingiram. Ele chegou a correr, mas caiu e morreu no local. O terceiro criminosos fugiu.<\/p>\n<p>A Prefeitura de Santos informou que o caminhoneiro foi atendido pelo Servi\u00e7o de Atendimento M\u00f3vel de Urg\u00eancia (SAMU) e encaminhado para a UPA da Zona Noroeste.<\/p>\n<p><strong>Leia mais<\/strong><\/p>\n<p><a href=\"https:\/\/redenoticiaz.com.br\/litoralsp\/2023\/06\/07\/cameras-da-prefeitura-flagram-furto-de-comercio-no-centro-de-santos\">C\u00e2meras da Prefeitura flagram furto de com\u00e9rcio no Centro de Santos<\/a><\/p>\n","protected":false},"excerpt":{"rendered":"<p>Um caminhoneiro levou uma coronhada em uma tentativa de assalto, no bairro Alemoa, em Santos revidou e matou o criminoso, na manh\u00e3 desta quarta-feira (17). De acordo com as informa\u00e7\u00f5es, a\u00a0 v\u00edtima estava esperando para entrar no terminal portu\u00e1rio, quando foi surpreendida por tr\u00eas bandidos armados. Ainda de acordo com as informa\u00e7\u00f5es, ele foi atingido &hellip;<\/p>\n","protected":false},"author":12,"featured_media":107055,"comment_status":"open","ping_status":"closed","sticky":false,"template":"","format":"standard","meta":{"footnotes":""},"categories":[180],"tags":[41420,36050,6910,65668],"class_list":["post-107054","post","type-post","status-publish","format-standard","has-post-thumbnail","hentry","category-santos","tag-caminhoneiro","tag-criminoso","tag-zona-noroeste","tag-zona-portuaria"],"yoast_head":"<!-- This site is optimized with the Yoast SEO plugin v27.5 - https:\/\/yoast.com\/product\/yoast-seo-wordpress\/ -->\n<title>Caminhoneiro leva coronhada em tentativa de assalto, revida e mata criminoso - Litoral SP<\/title>\n<meta name=\"description\" content=\"Um caminhoneiro levou uma coronhada em uma tentativa de assalto, no bairro Alemoa, em Santos revidou e matou o criminoso, na manh\u00e3 desta quarta-feira (17).\" \/>\n<meta name=\"robots\" content=\"index, follow, max-snippet:-1, max-image-preview:large, max-video-preview:-1\" \/>\n<link rel=\"canonical\" href=\"https:\/\/redenoticiaz.com.br\/litoralsp\/2023\/06\/07\/caminhoneiro-leva-coronhada-em-tentativa-de-assalto-revida-e-mata-criminoso\" \/>\n<meta property=\"og:locale\" content=\"pt_BR\" \/>\n<meta property=\"og:type\" content=\"article\" \/>\n<meta property=\"og:title\" content=\"Caminhoneiro leva coronhada em tentativa de assalto, revida e mata criminoso - Litoral SP\" \/>\n<meta property=\"og:description\" content=\"Um caminhoneiro levou uma coronhada em uma tentativa de assalto, no bairro Alemoa, em Santos revidou e matou o criminoso, na manh\u00e3 desta quarta-feira (17).\" \/>\n<meta property=\"og:url\" content=\"https:\/\/redenoticiaz.com.br\/litoralsp\/2023\/06\/07\/caminhoneiro-leva-coronhada-em-tentativa-de-assalto-revida-e-mata-criminoso\" \/>\n<meta property=\"og:site_name\" content=\"Litoral SP\" \/>\n<meta property=\"article:published_time\" content=\"2023-06-07T18:11:39+00:00\" \/>\n<meta property=\"og:image\" content=\"https:\/\/redenoticiaz.com.br\/litoralsp\/wp-content\/uploads\/sites\/3\/2023\/06\/design-sem-nome-2023-06-07t074531.434.jpg\" \/>\n\t<meta property=\"og:image:width\" content=\"1000\" \/>\n\t<meta property=\"og:image:height\" content=\"800\" \/>\n\t<meta property=\"og:image:type\" content=\"image\/jpeg\" \/>\n<meta name=\"author\" content=\"Gustavo Silva\" \/>\n<meta name=\"twitter:card\" content=\"summary_large_image\" \/>\n<meta name=\"twitter:label1\" content=\"Escrito por\" \/>\n\t<meta name=\"twitter:data1\" content=\"Gustavo Silva\" \/>\n\t<meta name=\"twitter:label2\" content=\"Est. tempo de leitura\" \/>\n\t<meta name=\"twitter:data2\" content=\"2 minutos\" \/>\n<script type=\"application\/ld+json\" class=\"yoast-schema-graph\">{\"@context\":\"https:\\\/\\\/schema.org\",\"@graph\":[{\"@type\":\"Article\",\"@id\":\"https:\\\/\\\/redenoticiaz.com.br\\\/litoralsp\\\/2023\\\/06\\\/07\\\/caminhoneiro-leva-coronhada-em-tentativa-de-assalto-revida-e-mata-criminoso#article\",\"isPartOf\":{\"@id\":\"https:\\\/\\\/redenoticiaz.com.br\\\/litoralsp\\\/2023\\\/06\\\/07\\\/caminhoneiro-leva-coronhada-em-tentativa-de-assalto-revida-e-mata-criminoso\"},\"author\":{\"name\":\"Gustavo Silva\",\"@id\":\"https:\\\/\\\/redenoticiaz.com.br\\\/litoralsp\\\/#\\\/schema\\\/person\\\/16057b37a3c0ee6b096d7f887c566e2e\"},\"headline\":\"Caminhoneiro leva coronhada em tentativa de assalto, revida e mata criminoso\",\"datePublished\":\"2023-06-07T18:11:39+00:00\",\"mainEntityOfPage\":{\"@id\":\"https:\\\/\\\/redenoticiaz.com.br\\\/litoralsp\\\/2023\\\/06\\\/07\\\/caminhoneiro-leva-coronhada-em-tentativa-de-assalto-revida-e-mata-criminoso\"},\"wordCount\":207,\"commentCount\":0,\"publisher\":{\"@id\":\"https:\\\/\\\/redenoticiaz.com.br\\\/litoralsp\\\/#organization\"},\"image\":{\"@id\":\"https:\\\/\\\/redenoticiaz.com.br\\\/litoralsp\\\/2023\\\/06\\\/07\\\/caminhoneiro-leva-coronhada-em-tentativa-de-assalto-revida-e-mata-criminoso#primaryimage\"},\"thumbnailUrl\":\"https:\\\/\\\/redenoticiaz.com.br\\\/litoralsp\\\/wp-content\\\/uploads\\\/sites\\\/3\\\/2023\\\/06\\\/design-sem-nome-2023-06-07t074531.434.jpg\",\"keywords\":[\"CAMINHONEIRO\",\"criminoso\",\"ZONA NOROESTE\",\"zona portu\u00e1ria\"],\"articleSection\":[\"Santos\"],\"inLanguage\":\"pt-BR\",\"potentialAction\":[{\"@type\":\"CommentAction\",\"name\":\"Comment\",\"target\":[\"https:\\\/\\\/redenoticiaz.com.br\\\/litoralsp\\\/2023\\\/06\\\/07\\\/caminhoneiro-leva-coronhada-em-tentativa-de-assalto-revida-e-mata-criminoso#respond\"]}]},{\"@type\":\"WebPage\",\"@id\":\"https:\\\/\\\/redenoticiaz.com.br\\\/litoralsp\\\/2023\\\/06\\\/07\\\/caminhoneiro-leva-coronhada-em-tentativa-de-assalto-revida-e-mata-criminoso\",\"url\":\"https:\\\/\\\/redenoticiaz.com.br\\\/litoralsp\\\/2023\\\/06\\\/07\\\/caminhoneiro-leva-coronhada-em-tentativa-de-assalto-revida-e-mata-criminoso\",\"name\":\"Caminhoneiro leva coronhada em tentativa de assalto, revida e mata criminoso - Litoral SP\",\"isPartOf\":{\"@id\":\"https:\\\/\\\/redenoticiaz.com.br\\\/litoralsp\\\/#website\"},\"primaryImageOfPage\":{\"@id\":\"https:\\\/\\\/redenoticiaz.com.br\\\/litoralsp\\\/2023\\\/06\\\/07\\\/caminhoneiro-leva-coronhada-em-tentativa-de-assalto-revida-e-mata-criminoso#primaryimage\"},\"image\":{\"@id\":\"https:\\\/\\\/redenoticiaz.com.br\\\/litoralsp\\\/2023\\\/06\\\/07\\\/caminhoneiro-leva-coronhada-em-tentativa-de-assalto-revida-e-mata-criminoso#primaryimage\"},\"thumbnailUrl\":\"https:\\\/\\\/redenoticiaz.com.br\\\/litoralsp\\\/wp-content\\\/uploads\\\/sites\\\/3\\\/2023\\\/06\\\/design-sem-nome-2023-06-07t074531.434.jpg\",\"datePublished\":\"2023-06-07T18:11:39+00:00\",\"description\":\"Um caminhoneiro levou uma coronhada em uma tentativa de assalto, no bairro Alemoa, em Santos revidou e matou o criminoso, na manh\u00e3 desta quarta-feira (17).\",\"inLanguage\":\"pt-BR\",\"potentialAction\":[{\"@type\":\"ReadAction\",\"target\":[\"https:\\\/\\\/redenoticiaz.com.br\\\/litoralsp\\\/2023\\\/06\\\/07\\\/caminhoneiro-leva-coronhada-em-tentativa-de-assalto-revida-e-mata-criminoso\"]}]},{\"@type\":\"ImageObject\",\"inLanguage\":\"pt-BR\",\"@id\":\"https:\\\/\\\/redenoticiaz.com.br\\\/litoralsp\\\/2023\\\/06\\\/07\\\/caminhoneiro-leva-coronhada-em-tentativa-de-assalto-revida-e-mata-criminoso#primaryimage\",\"url\":\"https:\\\/\\\/redenoticiaz.com.br\\\/litoralsp\\\/wp-content\\\/uploads\\\/sites\\\/3\\\/2023\\\/06\\\/design-sem-nome-2023-06-07t074531.434.jpg\",\"contentUrl\":\"https:\\\/\\\/redenoticiaz.com.br\\\/litoralsp\\\/wp-content\\\/uploads\\\/sites\\\/3\\\/2023\\\/06\\\/design-sem-nome-2023-06-07t074531.434.jpg\",\"width\":1000,\"height\":800,\"caption\":\"Caminhoneiro leva coronhada em tentativa de assalto, revida e mata criminoso\"},{\"@type\":\"WebSite\",\"@id\":\"https:\\\/\\\/redenoticiaz.com.br\\\/litoralsp\\\/#website\",\"url\":\"https:\\\/\\\/redenoticiaz.com.br\\\/litoralsp\\\/\",\"name\":\"Litoral SP\",\"description\":\"Rede NoticiaZ\",\"publisher\":{\"@id\":\"https:\\\/\\\/redenoticiaz.com.br\\\/litoralsp\\\/#organization\"},\"potentialAction\":[{\"@type\":\"SearchAction\",\"target\":{\"@type\":\"EntryPoint\",\"urlTemplate\":\"https:\\\/\\\/redenoticiaz.com.br\\\/litoralsp\\\/?s={search_term_string}\"},\"query-input\":{\"@type\":\"PropertyValueSpecification\",\"valueRequired\":true,\"valueName\":\"search_term_string\"}}],\"inLanguage\":\"pt-BR\"},{\"@type\":\"Organization\",\"@id\":\"https:\\\/\\\/redenoticiaz.com.br\\\/litoralsp\\\/#organization\",\"name\":\"Litoral SP\",\"url\":\"https:\\\/\\\/redenoticiaz.com.br\\\/litoralsp\\\/\",\"logo\":{\"@type\":\"ImageObject\",\"inLanguage\":\"pt-BR\",\"@id\":\"https:\\\/\\\/redenoticiaz.com.br\\\/litoralsp\\\/#\\\/schema\\\/logo\\\/image\\\/\",\"url\":\"https:\\\/\\\/redenoticiaz.com.br\\\/litoralsp\\\/wp-content\\\/uploads\\\/sites\\\/3\\\/2020\\\/11\\\/logo.jpg\",\"contentUrl\":\"https:\\\/\\\/redenoticiaz.com.br\\\/litoralsp\\\/wp-content\\\/uploads\\\/sites\\\/3\\\/2020\\\/11\\\/logo.jpg\",\"width\":400,\"height\":250,\"caption\":\"Litoral SP\"},\"image\":{\"@id\":\"https:\\\/\\\/redenoticiaz.com.br\\\/litoralsp\\\/#\\\/schema\\\/logo\\\/image\\\/\"}},{\"@type\":\"Person\",\"@id\":\"https:\\\/\\\/redenoticiaz.com.br\\\/litoralsp\\\/#\\\/schema\\\/person\\\/16057b37a3c0ee6b096d7f887c566e2e\",\"name\":\"Gustavo Silva\",\"image\":{\"@type\":\"ImageObject\",\"inLanguage\":\"pt-BR\",\"@id\":\"https:\\\/\\\/secure.gravatar.com\\\/avatar\\\/3ee4e82f93b26de0a7cf4ea5eb7893da637ed6bb0c9170c58065944c56e28a33?s=96&d=mm&r=g\",\"url\":\"https:\\\/\\\/secure.gravatar.com\\\/avatar\\\/3ee4e82f93b26de0a7cf4ea5eb7893da637ed6bb0c9170c58065944c56e28a33?s=96&d=mm&r=g\",\"contentUrl\":\"https:\\\/\\\/secure.gravatar.com\\\/avatar\\\/3ee4e82f93b26de0a7cf4ea5eb7893da637ed6bb0c9170c58065944c56e28a33?s=96&d=mm&r=g\",\"caption\":\"Gustavo Silva\"},\"url\":\"https:\\\/\\\/redenoticiaz.com.br\\\/litoralsp\\\/author\\\/gustavosilva\"}]}<\/script>\n<!-- \/ Yoast SEO plugin. -->","yoast_head_json":{"title":"Caminhoneiro leva coronhada em tentativa de assalto, revida e mata criminoso - Litoral SP","description":"Um caminhoneiro levou uma coronhada em uma tentativa de assalto, no bairro Alemoa, em Santos revidou e matou o criminoso, na manh\u00e3 desta quarta-feira (17).","robots":{"index":"index","follow":"follow","max-snippet":"max-snippet:-1","max-image-preview":"max-image-preview:large","max-video-preview":"max-video-preview:-1"},"canonical":"https:\/\/redenoticiaz.com.br\/litoralsp\/2023\/06\/07\/caminhoneiro-leva-coronhada-em-tentativa-de-assalto-revida-e-mata-criminoso","og_locale":"pt_BR","og_type":"article","og_title":"Caminhoneiro leva coronhada em tentativa de assalto, revida e mata criminoso - Litoral SP","og_description":"Um caminhoneiro levou uma coronhada em uma tentativa de assalto, no bairro Alemoa, em Santos revidou e matou o criminoso, na manh\u00e3 desta quarta-feira (17).","og_url":"https:\/\/redenoticiaz.com.br\/litoralsp\/2023\/06\/07\/caminhoneiro-leva-coronhada-em-tentativa-de-assalto-revida-e-mata-criminoso","og_site_name":"Litoral SP","article_published_time":"2023-06-07T18:11:39+00:00","og_image":[{"width":1000,"height":800,"url":"https:\/\/redenoticiaz.com.br\/litoralsp\/wp-content\/uploads\/sites\/3\/2023\/06\/design-sem-nome-2023-06-07t074531.434.jpg","type":"image\/jpeg"}],"author":"Gustavo Silva","twitter_card":"summary_large_image","twitter_misc":{"Escrito por":"Gustavo Silva","Est. tempo de leitura":"2 minutos"},"schema":{"@context":"https:\/\/schema.org","@graph":[{"@type":"Article","@id":"https:\/\/redenoticiaz.com.br\/litoralsp\/2023\/06\/07\/caminhoneiro-leva-coronhada-em-tentativa-de-assalto-revida-e-mata-criminoso#article","isPartOf":{"@id":"https:\/\/redenoticiaz.com.br\/litoralsp\/2023\/06\/07\/caminhoneiro-leva-coronhada-em-tentativa-de-assalto-revida-e-mata-criminoso"},"author":{"name":"Gustavo Silva","@id":"https:\/\/redenoticiaz.com.br\/litoralsp\/#\/schema\/person\/16057b37a3c0ee6b096d7f887c566e2e"},"headline":"Caminhoneiro leva coronhada em tentativa de assalto, revida e mata criminoso","datePublished":"2023-06-07T18:11:39+00:00","mainEntityOfPage":{"@id":"https:\/\/redenoticiaz.com.br\/litoralsp\/2023\/06\/07\/caminhoneiro-leva-coronhada-em-tentativa-de-assalto-revida-e-mata-criminoso"},"wordCount":207,"commentCount":0,"publisher":{"@id":"https:\/\/redenoticiaz.com.br\/litoralsp\/#organization"},"image":{"@id":"https:\/\/redenoticiaz.com.br\/litoralsp\/2023\/06\/07\/caminhoneiro-leva-coronhada-em-tentativa-de-assalto-revida-e-mata-criminoso#primaryimage"},"thumbnailUrl":"https:\/\/redenoticiaz.com.br\/litoralsp\/wp-content\/uploads\/sites\/3\/2023\/06\/design-sem-nome-2023-06-07t074531.434.jpg","keywords":["CAMINHONEIRO","criminoso","ZONA NOROESTE","zona portu\u00e1ria"],"articleSection":["Santos"],"inLanguage":"pt-BR","potentialAction":[{"@type":"CommentAction","name":"Comment","target":["https:\/\/redenoticiaz.com.br\/litoralsp\/2023\/06\/07\/caminhoneiro-leva-coronhada-em-tentativa-de-assalto-revida-e-mata-criminoso#respond"]}]},{"@type":"WebPage","@id":"https:\/\/redenoticiaz.com.br\/litoralsp\/2023\/06\/07\/caminhoneiro-leva-coronhada-em-tentativa-de-assalto-revida-e-mata-criminoso","url":"https:\/\/redenoticiaz.com.br\/litoralsp\/2023\/06\/07\/caminhoneiro-leva-coronhada-em-tentativa-de-assalto-revida-e-mata-criminoso","name":"Caminhoneiro leva coronhada em tentativa de assalto, revida e mata criminoso - Litoral SP","isPartOf":{"@id":"https:\/\/redenoticiaz.com.br\/litoralsp\/#website"},"primaryImageOfPage":{"@id":"https:\/\/redenoticiaz.com.br\/litoralsp\/2023\/06\/07\/caminhoneiro-leva-coronhada-em-tentativa-de-assalto-revida-e-mata-criminoso#primaryimage"},"image":{"@id":"https:\/\/redenoticiaz.com.br\/litoralsp\/2023\/06\/07\/caminhoneiro-leva-coronhada-em-tentativa-de-assalto-revida-e-mata-criminoso#primaryimage"},"thumbnailUrl":"https:\/\/redenoticiaz.com.br\/litoralsp\/wp-content\/uploads\/sites\/3\/2023\/06\/design-sem-nome-2023-06-07t074531.434.jpg","datePublished":"2023-06-07T18:11:39+00:00","description":"Um caminhoneiro levou uma coronhada em uma tentativa de assalto, no bairro Alemoa, em Santos revidou e matou o criminoso, na manh\u00e3 desta quarta-feira (17).","inLanguage":"pt-BR","potentialAction":[{"@type":"ReadAction","target":["https:\/\/redenoticiaz.com.br\/litoralsp\/2023\/06\/07\/caminhoneiro-leva-coronhada-em-tentativa-de-assalto-revida-e-mata-criminoso"]}]},{"@type":"ImageObject","inLanguage":"pt-BR","@id":"https:\/\/redenoticiaz.com.br\/litoralsp\/2023\/06\/07\/caminhoneiro-leva-coronhada-em-tentativa-de-assalto-revida-e-mata-criminoso#primaryimage","url":"https:\/\/redenoticiaz.com.br\/litoralsp\/wp-content\/uploads\/sites\/3\/2023\/06\/design-sem-nome-2023-06-07t074531.434.jpg","contentUrl":"https:\/\/redenoticiaz.com.br\/litoralsp\/wp-content\/uploads\/sites\/3\/2023\/06\/design-sem-nome-2023-06-07t074531.434.jpg","width":1000,"height":800,"caption":"Caminhoneiro leva coronhada em tentativa de assalto, revida e mata criminoso"},{"@type":"WebSite","@id":"https:\/\/redenoticiaz.com.br\/litoralsp\/#website","url":"https:\/\/redenoticiaz.com.br\/litoralsp\/","name":"Litoral SP","description":"Rede NoticiaZ","publisher":{"@id":"https:\/\/redenoticiaz.com.br\/litoralsp\/#organization"},"potentialAction":[{"@type":"SearchAction","target":{"@type":"EntryPoint","urlTemplate":"https:\/\/redenoticiaz.com.br\/litoralsp\/?s={search_term_string}"},"query-input":{"@type":"PropertyValueSpecification","valueRequired":true,"valueName":"search_term_string"}}],"inLanguage":"pt-BR"},{"@type":"Organization","@id":"https:\/\/redenoticiaz.com.br\/litoralsp\/#organization","name":"Litoral SP","url":"https:\/\/redenoticiaz.com.br\/litoralsp\/","logo":{"@type":"ImageObject","inLanguage":"pt-BR","@id":"https:\/\/redenoticiaz.com.br\/litoralsp\/#\/schema\/logo\/image\/","url":"https:\/\/redenoticiaz.com.br\/litoralsp\/wp-content\/uploads\/sites\/3\/2020\/11\/logo.jpg","contentUrl":"https:\/\/redenoticiaz.com.br\/litoralsp\/wp-content\/uploads\/sites\/3\/2020\/11\/logo.jpg","width":400,"height":250,"caption":"Litoral SP"},"image":{"@id":"https:\/\/redenoticiaz.com.br\/litoralsp\/#\/schema\/logo\/image\/"}},{"@type":"Person","@id":"https:\/\/redenoticiaz.com.br\/litoralsp\/#\/schema\/person\/16057b37a3c0ee6b096d7f887c566e2e","name":"Gustavo Silva","image":{"@type":"ImageObject","inLanguage":"pt-BR","@id":"https:\/\/secure.gravatar.com\/avatar\/3ee4e82f93b26de0a7cf4ea5eb7893da637ed6bb0c9170c58065944c56e28a33?s=96&d=mm&r=g","url":"https:\/\/secure.gravatar.com\/avatar\/3ee4e82f93b26de0a7cf4ea5eb7893da637ed6bb0c9170c58065944c56e28a33?s=96&d=mm&r=g","contentUrl":"https:\/\/secure.gravatar.com\/avatar\/3ee4e82f93b26de0a7cf4ea5eb7893da637ed6bb0c9170c58065944c56e28a33?s=96&d=mm&r=g","caption":"Gustavo Silva"},"url":"https:\/\/redenoticiaz.com.br\/litoralsp\/author\/gustavosilva"}]}},"_links":{"self":[{"href":"https:\/\/redenoticiaz.com.br\/litoralsp\/wp-json\/wp\/v2\/posts\/107054","targetHints":{"allow":["GET"]}}],"collection":[{"href":"https:\/\/redenoticiaz.com.br\/litoralsp\/wp-json\/wp\/v2\/posts"}],"about":[{"href":"https:\/\/redenoticiaz.com.br\/litoralsp\/wp-json\/wp\/v2\/types\/post"}],"author":[{"embeddable":true,"href":"https:\/\/redenoticiaz.com.br\/litoralsp\/wp-json\/wp\/v2\/users\/12"}],"replies":[{"embeddable":true,"href":"https:\/\/redenoticiaz.com.br\/litoralsp\/wp-json\/wp\/v2\/comments?post=107054"}],"version-history":[{"count":1,"href":"https:\/\/redenoticiaz.com.br\/litoralsp\/wp-json\/wp\/v2\/posts\/107054\/revisions"}],"predecessor-version":[{"id":107056,"href":"https:\/\/redenoticiaz.com.br\/litoralsp\/wp-json\/wp\/v2\/posts\/107054\/revisions\/107056"}],"wp:featuredmedia":[{"embeddable":true,"href":"https:\/\/redenoticiaz.com.br\/litoralsp\/wp-json\/wp\/v2\/media\/107055"}],"wp:attachment":[{"href":"https:\/\/redenoticiaz.com.br\/litoralsp\/wp-json\/wp\/v2\/media?parent=107054"}],"wp:term":[{"taxonomy":"category","embeddable":true,"href":"https:\/\/redenoticiaz.com.br\/litoralsp\/wp-json\/wp\/v2\/categories?post=107054"},{"taxonomy":"post_tag","embeddable":true,"href":"https:\/\/redenoticiaz.com.br\/litoralsp\/wp-json\/wp\/v2\/tags?post=107054"}],"curies":[{"name":"wp","href":"https:\/\/api.w.org\/{rel}","templated":true}]}}