{"id":107076,"date":"2023-06-08T07:57:14","date_gmt":"2023-06-08T10:57:14","guid":{"rendered":"https:\/\/redenoticiaz.com.br\/litoralsp\/2023\/06\/08\/papa-francisco-passa-por-cirurgia-no-intestino"},"modified":"2023-06-08T07:57:14","modified_gmt":"2023-06-08T10:57:14","slug":"papa-francisco-passa-por-cirurgia-no-intestino","status":"publish","type":"post","link":"https:\/\/redenoticiaz.com.br\/litoralsp\/2023\/06\/08\/papa-francisco-passa-por-cirurgia-no-intestino","title":{"rendered":"Papa Francisco passa por cirurgia no intestino"},"content":{"rendered":"<div id=\"chunk-2ov90\">\n<div class=\"mc-column content-text active-extra-styles \" data-block-type=\"unstyled\" data-block-weight=\"37\" data-block-id=\"3\">\n<p class=\"content-text__container \" data-track-category=\"Link no Texto\" data-track-links=\"\">O <strong>Papa Francisco<\/strong>, de 86 anos, precisou passar por uma cirurgia no intestino nesta quarta-feira (7). O procedimento foi feito no hospital Gemelli, em Roma e de acordo com o Vaticano, a opera\u00e7\u00e3o de tr\u00eas horas foi um sucesso e o Papa se recupera bem, inclusive passou a noite e a manh\u00e3 desta quinta-feira (8), com tranquilidade.<\/p>\n<\/div>\n<\/div>\n<div class=\"wall protected-content\">\n<div id=\"chunk-3ovim\">\n<div class=\"mc-column content-text active-extra-styles \" data-block-type=\"unstyled\" data-block-weight=\"12\" data-block-id=\"4\">\n<p class=\"content-text__container \" data-track-category=\"Link no Texto\" data-track-links=\"\">A expectativa \u00e9 que o pont\u00edfice fique internado por alguns dias. De acordo com o Vaticano, a opera\u00e7\u00e3o foi necess\u00e1ria para reparar uma laparocele, uma h\u00e9rnia que \u00e0s vezes se forma sobre uma cicatriz geralmente resultante de uma cirurgia anterior. Tamb\u00e9m pode ser causada por obesidade, idade ou fraqueza dos m\u00fasculos da parede.<\/p>\n<p data-track-category=\"Link no Texto\" data-track-links=\"\">A equipe m\u00e9dica do hospital decidiu nos \u00faltimos dias que a cirurgia era necess\u00e1ria porque a condi\u00e7\u00e3o estava causando oclus\u00f5es intestinais dolorosas.<\/p>\n<p data-track-category=\"Link no Texto\" data-track-links=\"\">&#8220;A noite correu bem&#8221;, disse o Vaticano em um breve comunicado, que acrescentou que o pont\u00edfice teve uma noite tranquila.<\/p>\n<p data-track-category=\"Link no Texto\" data-track-links=\"\">O m\u00e9dico Sergio Alfieri, cirurgi\u00e3o-chefe que operou o papa no hospital Gemelli, em Roma, disse que Francisco reagiu bem \u00e0 anestesia geral e que espera que o pont\u00edfice fique no hospital por cerca de 5 a 7 dias. Francisco tem duas viagens planejadas para este ver\u00e3o: a Portugal, de 2 a 6 de agosto, para participar da Jornada Mundial da Juventude e visitar ao Santu\u00e1rio de F\u00e1tima, e \u00e0 Mong\u00f3lia, de 31 de agosto a 3 de setembro.<\/p>\n<p data-track-category=\"Link no Texto\" data-track-links=\"\"><strong>LEIA TAMB\u00c9M<\/strong><\/p>\n<p data-track-category=\"Link no Texto\" data-track-links=\"\"><a href=\"https:\/\/redenoticiaz.com.br\/blog\/2023\/06\/07\/mais-de-17-milhao-de-veiculos-devem-passar-pelas-rodovias-durante-corpus-christi\">Mais de 1,7 milh\u00e3o de ve\u00edculos devem passar pelas rodovias durante Corpus Christi<\/a><\/p>\n<\/div>\n<\/div>\n<\/div>\n","protected":false},"excerpt":{"rendered":"<p>O Papa Francisco, de 86 anos, precisou passar por uma cirurgia no intestino nesta quarta-feira (7). O procedimento foi feito no hospital Gemelli, em Roma e de acordo com o Vaticano, a opera\u00e7\u00e3o de tr\u00eas horas foi um sucesso e o Papa se recupera bem, inclusive passou a noite e a manh\u00e3 desta quinta-feira (8), &hellip;<\/p>\n","protected":false},"author":6,"featured_media":107077,"comment_status":"open","ping_status":"closed","sticky":false,"template":"","format":"standard","meta":{"footnotes":""},"categories":[84],"tags":[13369,27649,19413,23717,43661,23718],"class_list":["post-107076","post","type-post","status-publish","format-standard","has-post-thumbnail","hentry","category-mundo","tag-cirurgia","tag-cirurgia-no-intestino","tag-italia","tag-papa-francisco","tag-roma","tag-vaticano"],"yoast_head":"<!-- This site is optimized with the Yoast SEO plugin v27.5 - https:\/\/yoast.com\/product\/yoast-seo-wordpress\/ -->\n<title>Papa Francisco passa por cirurgia no intestino - Litoral SP<\/title>\n<meta name=\"description\" content=\"O Papa Francisco, de 86 anos, precisou passar por uma cirurgia no intestino nesta quarta-feira (7). O procedimento foi feito no hospital Gemelli,\" \/>\n<meta name=\"robots\" content=\"index, follow, max-snippet:-1, max-image-preview:large, max-video-preview:-1\" \/>\n<link rel=\"canonical\" href=\"https:\/\/redenoticiaz.com.br\/litoralsp\/2023\/06\/08\/papa-francisco-passa-por-cirurgia-no-intestino\" \/>\n<meta property=\"og:locale\" content=\"pt_BR\" \/>\n<meta property=\"og:type\" content=\"article\" \/>\n<meta property=\"og:title\" content=\"Papa Francisco passa por cirurgia no intestino - Litoral SP\" \/>\n<meta property=\"og:description\" content=\"O Papa Francisco, de 86 anos, precisou passar por uma cirurgia no intestino nesta quarta-feira (7). O procedimento foi feito no hospital Gemelli,\" \/>\n<meta property=\"og:url\" content=\"https:\/\/redenoticiaz.com.br\/litoralsp\/2023\/06\/08\/papa-francisco-passa-por-cirurgia-no-intestino\" \/>\n<meta property=\"og:site_name\" content=\"Litoral SP\" \/>\n<meta property=\"article:published_time\" content=\"2023-06-08T10:57:14+00:00\" \/>\n<meta name=\"author\" content=\"Leonardo Francisco\" \/>\n<meta name=\"twitter:card\" content=\"summary_large_image\" \/>\n<meta name=\"twitter:image\" content=\"https:\/\/redenoticiaz.com.br\/litoralsp\/wp-content\/uploads\/sites\/3\/2023\/06\/PAPA-FRANCISCO.jpg?v=1686221767\" \/>\n<meta name=\"twitter:label1\" content=\"Escrito por\" \/>\n\t<meta name=\"twitter:data1\" content=\"Leonardo Francisco\" \/>\n\t<meta name=\"twitter:label2\" content=\"Est. tempo de leitura\" \/>\n\t<meta name=\"twitter:data2\" content=\"2 minutos\" \/>\n<script type=\"application\/ld+json\" class=\"yoast-schema-graph\">{\"@context\":\"https:\\\/\\\/schema.org\",\"@graph\":[{\"@type\":\"Article\",\"@id\":\"https:\\\/\\\/redenoticiaz.com.br\\\/litoralsp\\\/2023\\\/06\\\/08\\\/papa-francisco-passa-por-cirurgia-no-intestino#article\",\"isPartOf\":{\"@id\":\"https:\\\/\\\/redenoticiaz.com.br\\\/litoralsp\\\/2023\\\/06\\\/08\\\/papa-francisco-passa-por-cirurgia-no-intestino\"},\"author\":{\"name\":\"Leonardo Francisco\",\"@id\":\"https:\\\/\\\/redenoticiaz.com.br\\\/litoralsp\\\/#\\\/schema\\\/person\\\/0f0b8a5bdafefe82841e07ae8d81ecb3\"},\"headline\":\"Papa Francisco passa por cirurgia no intestino\",\"datePublished\":\"2023-06-08T10:57:14+00:00\",\"mainEntityOfPage\":{\"@id\":\"https:\\\/\\\/redenoticiaz.com.br\\\/litoralsp\\\/2023\\\/06\\\/08\\\/papa-francisco-passa-por-cirurgia-no-intestino\"},\"wordCount\":262,\"commentCount\":0,\"publisher\":{\"@id\":\"https:\\\/\\\/redenoticiaz.com.br\\\/litoralsp\\\/#organization\"},\"image\":{\"@id\":\"https:\\\/\\\/redenoticiaz.com.br\\\/litoralsp\\\/2023\\\/06\\\/08\\\/papa-francisco-passa-por-cirurgia-no-intestino#primaryimage\"},\"thumbnailUrl\":\"https:\\\/\\\/redenoticiaz.com.br\\\/litoralsp\\\/wp-content\\\/uploads\\\/sites\\\/3\\\/2023\\\/06\\\/PAPA-FRANCISCO.jpg?v=1686221767\",\"keywords\":[\"cirurgia\",\"CIRURGIA NO INTESTINO\",\"It\u00e1lia\",\"PAPA FRANCISCO\",\"Roma\",\"VATICANO\"],\"articleSection\":[\"Mundo\"],\"inLanguage\":\"pt-BR\",\"potentialAction\":[{\"@type\":\"CommentAction\",\"name\":\"Comment\",\"target\":[\"https:\\\/\\\/redenoticiaz.com.br\\\/litoralsp\\\/2023\\\/06\\\/08\\\/papa-francisco-passa-por-cirurgia-no-intestino#respond\"]}]},{\"@type\":\"WebPage\",\"@id\":\"https:\\\/\\\/redenoticiaz.com.br\\\/litoralsp\\\/2023\\\/06\\\/08\\\/papa-francisco-passa-por-cirurgia-no-intestino\",\"url\":\"https:\\\/\\\/redenoticiaz.com.br\\\/litoralsp\\\/2023\\\/06\\\/08\\\/papa-francisco-passa-por-cirurgia-no-intestino\",\"name\":\"Papa Francisco passa por cirurgia no intestino - Litoral SP\",\"isPartOf\":{\"@id\":\"https:\\\/\\\/redenoticiaz.com.br\\\/litoralsp\\\/#website\"},\"primaryImageOfPage\":{\"@id\":\"https:\\\/\\\/redenoticiaz.com.br\\\/litoralsp\\\/2023\\\/06\\\/08\\\/papa-francisco-passa-por-cirurgia-no-intestino#primaryimage\"},\"image\":{\"@id\":\"https:\\\/\\\/redenoticiaz.com.br\\\/litoralsp\\\/2023\\\/06\\\/08\\\/papa-francisco-passa-por-cirurgia-no-intestino#primaryimage\"},\"thumbnailUrl\":\"https:\\\/\\\/redenoticiaz.com.br\\\/litoralsp\\\/wp-content\\\/uploads\\\/sites\\\/3\\\/2023\\\/06\\\/PAPA-FRANCISCO.jpg?v=1686221767\",\"datePublished\":\"2023-06-08T10:57:14+00:00\",\"description\":\"O Papa Francisco, de 86 anos, precisou passar por uma cirurgia no intestino nesta quarta-feira (7). O procedimento foi feito no hospital Gemelli,\",\"inLanguage\":\"pt-BR\",\"potentialAction\":[{\"@type\":\"ReadAction\",\"target\":[\"https:\\\/\\\/redenoticiaz.com.br\\\/litoralsp\\\/2023\\\/06\\\/08\\\/papa-francisco-passa-por-cirurgia-no-intestino\"]}]},{\"@type\":\"ImageObject\",\"inLanguage\":\"pt-BR\",\"@id\":\"https:\\\/\\\/redenoticiaz.com.br\\\/litoralsp\\\/2023\\\/06\\\/08\\\/papa-francisco-passa-por-cirurgia-no-intestino#primaryimage\",\"url\":\"https:\\\/\\\/redenoticiaz.com.br\\\/litoralsp\\\/wp-content\\\/uploads\\\/sites\\\/3\\\/2023\\\/06\\\/PAPA-FRANCISCO.jpg?v=1686221767\",\"contentUrl\":\"https:\\\/\\\/redenoticiaz.com.br\\\/litoralsp\\\/wp-content\\\/uploads\\\/sites\\\/3\\\/2023\\\/06\\\/PAPA-FRANCISCO.jpg?v=1686221767\",\"width\":541,\"height\":373,\"caption\":\"Cr\u00e9ditos: Reprodu\u00e7\u00e3o\\\/AP\"},{\"@type\":\"WebSite\",\"@id\":\"https:\\\/\\\/redenoticiaz.com.br\\\/litoralsp\\\/#website\",\"url\":\"https:\\\/\\\/redenoticiaz.com.br\\\/litoralsp\\\/\",\"name\":\"Litoral SP\",\"description\":\"Rede NoticiaZ\",\"publisher\":{\"@id\":\"https:\\\/\\\/redenoticiaz.com.br\\\/litoralsp\\\/#organization\"},\"potentialAction\":[{\"@type\":\"SearchAction\",\"target\":{\"@type\":\"EntryPoint\",\"urlTemplate\":\"https:\\\/\\\/redenoticiaz.com.br\\\/litoralsp\\\/?s={search_term_string}\"},\"query-input\":{\"@type\":\"PropertyValueSpecification\",\"valueRequired\":true,\"valueName\":\"search_term_string\"}}],\"inLanguage\":\"pt-BR\"},{\"@type\":\"Organization\",\"@id\":\"https:\\\/\\\/redenoticiaz.com.br\\\/litoralsp\\\/#organization\",\"name\":\"Litoral SP\",\"url\":\"https:\\\/\\\/redenoticiaz.com.br\\\/litoralsp\\\/\",\"logo\":{\"@type\":\"ImageObject\",\"inLanguage\":\"pt-BR\",\"@id\":\"https:\\\/\\\/redenoticiaz.com.br\\\/litoralsp\\\/#\\\/schema\\\/logo\\\/image\\\/\",\"url\":\"https:\\\/\\\/redenoticiaz.com.br\\\/litoralsp\\\/wp-content\\\/uploads\\\/sites\\\/3\\\/2020\\\/11\\\/logo.jpg\",\"contentUrl\":\"https:\\\/\\\/redenoticiaz.com.br\\\/litoralsp\\\/wp-content\\\/uploads\\\/sites\\\/3\\\/2020\\\/11\\\/logo.jpg\",\"width\":400,\"height\":250,\"caption\":\"Litoral SP\"},\"image\":{\"@id\":\"https:\\\/\\\/redenoticiaz.com.br\\\/litoralsp\\\/#\\\/schema\\\/logo\\\/image\\\/\"}},{\"@type\":\"Person\",\"@id\":\"https:\\\/\\\/redenoticiaz.com.br\\\/litoralsp\\\/#\\\/schema\\\/person\\\/0f0b8a5bdafefe82841e07ae8d81ecb3\",\"name\":\"Leonardo Francisco\",\"image\":{\"@type\":\"ImageObject\",\"inLanguage\":\"pt-BR\",\"@id\":\"https:\\\/\\\/secure.gravatar.com\\\/avatar\\\/a7358cb406a99b682ec6df1e77e31ae82e63601f6784e8a3df411d72b37864da?s=96&d=mm&r=g\",\"url\":\"https:\\\/\\\/secure.gravatar.com\\\/avatar\\\/a7358cb406a99b682ec6df1e77e31ae82e63601f6784e8a3df411d72b37864da?s=96&d=mm&r=g\",\"contentUrl\":\"https:\\\/\\\/secure.gravatar.com\\\/avatar\\\/a7358cb406a99b682ec6df1e77e31ae82e63601f6784e8a3df411d72b37864da?s=96&d=mm&r=g\",\"caption\":\"Leonardo Francisco\"},\"url\":\"https:\\\/\\\/redenoticiaz.com.br\\\/litoralsp\\\/author\\\/leonardo-francisco\"}]}<\/script>\n<!-- \/ Yoast SEO plugin. -->","yoast_head_json":{"title":"Papa Francisco passa por cirurgia no intestino - Litoral SP","description":"O Papa Francisco, de 86 anos, precisou passar por uma cirurgia no intestino nesta quarta-feira (7). O procedimento foi feito no hospital Gemelli,","robots":{"index":"index","follow":"follow","max-snippet":"max-snippet:-1","max-image-preview":"max-image-preview:large","max-video-preview":"max-video-preview:-1"},"canonical":"https:\/\/redenoticiaz.com.br\/litoralsp\/2023\/06\/08\/papa-francisco-passa-por-cirurgia-no-intestino","og_locale":"pt_BR","og_type":"article","og_title":"Papa Francisco passa por cirurgia no intestino - Litoral SP","og_description":"O Papa Francisco, de 86 anos, precisou passar por uma cirurgia no intestino nesta quarta-feira (7). O procedimento foi feito no hospital Gemelli,","og_url":"https:\/\/redenoticiaz.com.br\/litoralsp\/2023\/06\/08\/papa-francisco-passa-por-cirurgia-no-intestino","og_site_name":"Litoral SP","article_published_time":"2023-06-08T10:57:14+00:00","author":"Leonardo Francisco","twitter_card":"summary_large_image","twitter_image":"https:\/\/redenoticiaz.com.br\/litoralsp\/wp-content\/uploads\/sites\/3\/2023\/06\/PAPA-FRANCISCO.jpg?v=1686221767","twitter_misc":{"Escrito por":"Leonardo Francisco","Est. tempo de leitura":"2 minutos"},"schema":{"@context":"https:\/\/schema.org","@graph":[{"@type":"Article","@id":"https:\/\/redenoticiaz.com.br\/litoralsp\/2023\/06\/08\/papa-francisco-passa-por-cirurgia-no-intestino#article","isPartOf":{"@id":"https:\/\/redenoticiaz.com.br\/litoralsp\/2023\/06\/08\/papa-francisco-passa-por-cirurgia-no-intestino"},"author":{"name":"Leonardo Francisco","@id":"https:\/\/redenoticiaz.com.br\/litoralsp\/#\/schema\/person\/0f0b8a5bdafefe82841e07ae8d81ecb3"},"headline":"Papa Francisco passa por cirurgia no intestino","datePublished":"2023-06-08T10:57:14+00:00","mainEntityOfPage":{"@id":"https:\/\/redenoticiaz.com.br\/litoralsp\/2023\/06\/08\/papa-francisco-passa-por-cirurgia-no-intestino"},"wordCount":262,"commentCount":0,"publisher":{"@id":"https:\/\/redenoticiaz.com.br\/litoralsp\/#organization"},"image":{"@id":"https:\/\/redenoticiaz.com.br\/litoralsp\/2023\/06\/08\/papa-francisco-passa-por-cirurgia-no-intestino#primaryimage"},"thumbnailUrl":"https:\/\/redenoticiaz.com.br\/litoralsp\/wp-content\/uploads\/sites\/3\/2023\/06\/PAPA-FRANCISCO.jpg?v=1686221767","keywords":["cirurgia","CIRURGIA NO INTESTINO","It\u00e1lia","PAPA FRANCISCO","Roma","VATICANO"],"articleSection":["Mundo"],"inLanguage":"pt-BR","potentialAction":[{"@type":"CommentAction","name":"Comment","target":["https:\/\/redenoticiaz.com.br\/litoralsp\/2023\/06\/08\/papa-francisco-passa-por-cirurgia-no-intestino#respond"]}]},{"@type":"WebPage","@id":"https:\/\/redenoticiaz.com.br\/litoralsp\/2023\/06\/08\/papa-francisco-passa-por-cirurgia-no-intestino","url":"https:\/\/redenoticiaz.com.br\/litoralsp\/2023\/06\/08\/papa-francisco-passa-por-cirurgia-no-intestino","name":"Papa Francisco passa por cirurgia no intestino - Litoral SP","isPartOf":{"@id":"https:\/\/redenoticiaz.com.br\/litoralsp\/#website"},"primaryImageOfPage":{"@id":"https:\/\/redenoticiaz.com.br\/litoralsp\/2023\/06\/08\/papa-francisco-passa-por-cirurgia-no-intestino#primaryimage"},"image":{"@id":"https:\/\/redenoticiaz.com.br\/litoralsp\/2023\/06\/08\/papa-francisco-passa-por-cirurgia-no-intestino#primaryimage"},"thumbnailUrl":"https:\/\/redenoticiaz.com.br\/litoralsp\/wp-content\/uploads\/sites\/3\/2023\/06\/PAPA-FRANCISCO.jpg?v=1686221767","datePublished":"2023-06-08T10:57:14+00:00","description":"O Papa Francisco, de 86 anos, precisou passar por uma cirurgia no intestino nesta quarta-feira (7). O procedimento foi feito no hospital Gemelli,","inLanguage":"pt-BR","potentialAction":[{"@type":"ReadAction","target":["https:\/\/redenoticiaz.com.br\/litoralsp\/2023\/06\/08\/papa-francisco-passa-por-cirurgia-no-intestino"]}]},{"@type":"ImageObject","inLanguage":"pt-BR","@id":"https:\/\/redenoticiaz.com.br\/litoralsp\/2023\/06\/08\/papa-francisco-passa-por-cirurgia-no-intestino#primaryimage","url":"https:\/\/redenoticiaz.com.br\/litoralsp\/wp-content\/uploads\/sites\/3\/2023\/06\/PAPA-FRANCISCO.jpg?v=1686221767","contentUrl":"https:\/\/redenoticiaz.com.br\/litoralsp\/wp-content\/uploads\/sites\/3\/2023\/06\/PAPA-FRANCISCO.jpg?v=1686221767","width":541,"height":373,"caption":"Cr\u00e9ditos: Reprodu\u00e7\u00e3o\/AP"},{"@type":"WebSite","@id":"https:\/\/redenoticiaz.com.br\/litoralsp\/#website","url":"https:\/\/redenoticiaz.com.br\/litoralsp\/","name":"Litoral SP","description":"Rede NoticiaZ","publisher":{"@id":"https:\/\/redenoticiaz.com.br\/litoralsp\/#organization"},"potentialAction":[{"@type":"SearchAction","target":{"@type":"EntryPoint","urlTemplate":"https:\/\/redenoticiaz.com.br\/litoralsp\/?s={search_term_string}"},"query-input":{"@type":"PropertyValueSpecification","valueRequired":true,"valueName":"search_term_string"}}],"inLanguage":"pt-BR"},{"@type":"Organization","@id":"https:\/\/redenoticiaz.com.br\/litoralsp\/#organization","name":"Litoral SP","url":"https:\/\/redenoticiaz.com.br\/litoralsp\/","logo":{"@type":"ImageObject","inLanguage":"pt-BR","@id":"https:\/\/redenoticiaz.com.br\/litoralsp\/#\/schema\/logo\/image\/","url":"https:\/\/redenoticiaz.com.br\/litoralsp\/wp-content\/uploads\/sites\/3\/2020\/11\/logo.jpg","contentUrl":"https:\/\/redenoticiaz.com.br\/litoralsp\/wp-content\/uploads\/sites\/3\/2020\/11\/logo.jpg","width":400,"height":250,"caption":"Litoral SP"},"image":{"@id":"https:\/\/redenoticiaz.com.br\/litoralsp\/#\/schema\/logo\/image\/"}},{"@type":"Person","@id":"https:\/\/redenoticiaz.com.br\/litoralsp\/#\/schema\/person\/0f0b8a5bdafefe82841e07ae8d81ecb3","name":"Leonardo Francisco","image":{"@type":"ImageObject","inLanguage":"pt-BR","@id":"https:\/\/secure.gravatar.com\/avatar\/a7358cb406a99b682ec6df1e77e31ae82e63601f6784e8a3df411d72b37864da?s=96&d=mm&r=g","url":"https:\/\/secure.gravatar.com\/avatar\/a7358cb406a99b682ec6df1e77e31ae82e63601f6784e8a3df411d72b37864da?s=96&d=mm&r=g","contentUrl":"https:\/\/secure.gravatar.com\/avatar\/a7358cb406a99b682ec6df1e77e31ae82e63601f6784e8a3df411d72b37864da?s=96&d=mm&r=g","caption":"Leonardo Francisco"},"url":"https:\/\/redenoticiaz.com.br\/litoralsp\/author\/leonardo-francisco"}]}},"_links":{"self":[{"href":"https:\/\/redenoticiaz.com.br\/litoralsp\/wp-json\/wp\/v2\/posts\/107076","targetHints":{"allow":["GET"]}}],"collection":[{"href":"https:\/\/redenoticiaz.com.br\/litoralsp\/wp-json\/wp\/v2\/posts"}],"about":[{"href":"https:\/\/redenoticiaz.com.br\/litoralsp\/wp-json\/wp\/v2\/types\/post"}],"author":[{"embeddable":true,"href":"https:\/\/redenoticiaz.com.br\/litoralsp\/wp-json\/wp\/v2\/users\/6"}],"replies":[{"embeddable":true,"href":"https:\/\/redenoticiaz.com.br\/litoralsp\/wp-json\/wp\/v2\/comments?post=107076"}],"version-history":[{"count":0,"href":"https:\/\/redenoticiaz.com.br\/litoralsp\/wp-json\/wp\/v2\/posts\/107076\/revisions"}],"wp:featuredmedia":[{"embeddable":true,"href":"https:\/\/redenoticiaz.com.br\/litoralsp\/wp-json\/wp\/v2\/media\/107077"}],"wp:attachment":[{"href":"https:\/\/redenoticiaz.com.br\/litoralsp\/wp-json\/wp\/v2\/media?parent=107076"}],"wp:term":[{"taxonomy":"category","embeddable":true,"href":"https:\/\/redenoticiaz.com.br\/litoralsp\/wp-json\/wp\/v2\/categories?post=107076"},{"taxonomy":"post_tag","embeddable":true,"href":"https:\/\/redenoticiaz.com.br\/litoralsp\/wp-json\/wp\/v2\/tags?post=107076"}],"curies":[{"name":"wp","href":"https:\/\/api.w.org\/{rel}","templated":true}]}}