{"id":107182,"date":"2023-06-10T14:03:32","date_gmt":"2023-06-10T17:03:32","guid":{"rendered":"https:\/\/redenoticiaz.com.br\/litoralsp\/?p=107182"},"modified":"2023-06-10T09:12:06","modified_gmt":"2023-06-10T12:12:06","slug":"previsao-e-de-frente-fria-para-os-proximos-dias-nas-cidades-do-litoral-paulista","status":"publish","type":"post","link":"https:\/\/redenoticiaz.com.br\/litoralsp\/2023\/06\/10\/previsao-e-de-frente-fria-para-os-proximos-dias-nas-cidades-do-litoral-paulista","title":{"rendered":"Previs\u00e3o \u00e9 de frente fria para os pr\u00f3ximos dias nas cidades do Litoral Paulista"},"content":{"rendered":"<p>A previs\u00e3o \u00e9 de frente fria para os pr\u00f3ximos dias nas cidades do Litoral Paulista, segundo as previs\u00f5es meteorol\u00f3gicas.<\/p>\n<p>De acordo com as informa\u00e7\u00f5es, as mudan\u00e7as no clima devem come\u00e7ar a partir deste domingo (11) em todo o litoral paulista.<\/p>\n<p>Ainda de acordo com as informa\u00e7\u00f5es, na noite de segunda-feira (12) s\u00e3o esperadas pancadas de chuva que devem perdurar por toda a semana.<\/p>\n<p>Sendo assim, durante toda a semana deve chover a qualquer hora do dia ou da noite, oscilando entre pancadas mais fortes, moderadas e leves.<\/p>\n<p>Por fim, a expectativa \u00e9 de que o sol apare\u00e7a na regi\u00e3o somente na sexta (16), deixando o clima mais firme.<\/p>\n<p>As m\u00e1ximas n\u00e3o passam dos 21\u00ba e, a noite, a m\u00ednima poder\u00e1 chegar aos 15\u00ba, com sensa\u00e7\u00e3o t\u00e9rmica ainda menor (na casa dos 13\u00ba).<\/p>\n<p><strong>Leia mais<\/strong><\/p>\n<p><a href=\"https:\/\/redenoticiaz.com.br\/litoralsp\/2023\/06\/10\/artigo-para-nos-todos-os-dias-e-dia-do-meio-ambiente\">V\u00cdDEO \u2013 Turista \u00e9 atacado por tubar\u00e3o no Mar Vermelho<\/a><\/p>\n","protected":false},"excerpt":{"rendered":"<p>A previs\u00e3o \u00e9 de frente fria para os pr\u00f3ximos dias nas cidades do Litoral Paulista, segundo as previs\u00f5es meteorol\u00f3gicas. De acordo com as informa\u00e7\u00f5es, as mudan\u00e7as no clima devem come\u00e7ar a partir deste domingo (11) em todo o litoral paulista. Ainda de acordo com as informa\u00e7\u00f5es, na noite de segunda-feira (12) s\u00e3o esperadas pancadas de &hellip;<\/p>\n","protected":false},"author":12,"featured_media":7135,"comment_status":"open","ping_status":"closed","sticky":false,"template":"","format":"standard","meta":{"footnotes":""},"categories":[187,185,182,180],"tags":[1149,35010,1270,30376],"class_list":["post-107182","post","type-post","status-publish","format-standard","has-post-thumbnail","hentry","category-guaruja","category-peruibe","category-praia-grande","category-santos","tag-chuvas","tag-clima","tag-litoral-paulista","tag-sol"],"yoast_head":"<!-- This site is optimized with the Yoast SEO plugin v27.4 - https:\/\/yoast.com\/product\/yoast-seo-wordpress\/ -->\n<title>Previs\u00e3o \u00e9 de frente fria para os pr\u00f3ximos dias nas cidades do Litoral Paulista - Litoral SP<\/title>\n<meta name=\"description\" content=\"A previs\u00e3o \u00e9 de frente fria para os pr\u00f3ximos dias nas cidades do Litoral Paulista, segundo as previs\u00f5es meteorol\u00f3gicas.\" \/>\n<meta name=\"robots\" content=\"index, follow, max-snippet:-1, max-image-preview:large, max-video-preview:-1\" \/>\n<link rel=\"canonical\" href=\"https:\/\/redenoticiaz.com.br\/litoralsp\/2023\/06\/10\/previsao-e-de-frente-fria-para-os-proximos-dias-nas-cidades-do-litoral-paulista\" \/>\n<meta property=\"og:locale\" content=\"pt_BR\" \/>\n<meta property=\"og:type\" content=\"article\" \/>\n<meta property=\"og:title\" content=\"Previs\u00e3o \u00e9 de frente fria para os pr\u00f3ximos dias nas cidades do Litoral Paulista - Litoral SP\" \/>\n<meta property=\"og:description\" content=\"A previs\u00e3o \u00e9 de frente fria para os pr\u00f3ximos dias nas cidades do Litoral Paulista, segundo as previs\u00f5es meteorol\u00f3gicas.\" \/>\n<meta property=\"og:url\" content=\"https:\/\/redenoticiaz.com.br\/litoralsp\/2023\/06\/10\/previsao-e-de-frente-fria-para-os-proximos-dias-nas-cidades-do-litoral-paulista\" \/>\n<meta property=\"og:site_name\" content=\"Litoral SP\" \/>\n<meta property=\"article:published_time\" content=\"2023-06-10T17:03:32+00:00\" \/>\n<meta property=\"og:image\" content=\"https:\/\/redenoticiaz.com.br\/litoralsp\/wp-content\/uploads\/sites\/3\/2021\/04\/chuvas.jpg\" \/>\n\t<meta property=\"og:image:width\" content=\"984\" \/>\n\t<meta property=\"og:image:height\" content=\"658\" \/>\n\t<meta property=\"og:image:type\" content=\"image\/jpeg\" \/>\n<meta name=\"author\" content=\"Gustavo Silva\" \/>\n<meta name=\"twitter:card\" content=\"summary_large_image\" \/>\n<meta name=\"twitter:label1\" content=\"Escrito por\" \/>\n\t<meta name=\"twitter:data1\" content=\"Gustavo Silva\" \/>\n\t<meta name=\"twitter:label2\" content=\"Est. tempo de leitura\" \/>\n\t<meta name=\"twitter:data2\" content=\"1 minuto\" \/>\n<script type=\"application\/ld+json\" class=\"yoast-schema-graph\">{\"@context\":\"https:\\\/\\\/schema.org\",\"@graph\":[{\"@type\":\"Article\",\"@id\":\"https:\\\/\\\/redenoticiaz.com.br\\\/litoralsp\\\/2023\\\/06\\\/10\\\/previsao-e-de-frente-fria-para-os-proximos-dias-nas-cidades-do-litoral-paulista#article\",\"isPartOf\":{\"@id\":\"https:\\\/\\\/redenoticiaz.com.br\\\/litoralsp\\\/2023\\\/06\\\/10\\\/previsao-e-de-frente-fria-para-os-proximos-dias-nas-cidades-do-litoral-paulista\"},\"author\":{\"name\":\"Gustavo Silva\",\"@id\":\"https:\\\/\\\/redenoticiaz.com.br\\\/litoralsp\\\/#\\\/schema\\\/person\\\/16057b37a3c0ee6b096d7f887c566e2e\"},\"headline\":\"Previs\u00e3o \u00e9 de frente fria para os pr\u00f3ximos dias nas cidades do Litoral Paulista\",\"datePublished\":\"2023-06-10T17:03:32+00:00\",\"mainEntityOfPage\":{\"@id\":\"https:\\\/\\\/redenoticiaz.com.br\\\/litoralsp\\\/2023\\\/06\\\/10\\\/previsao-e-de-frente-fria-para-os-proximos-dias-nas-cidades-do-litoral-paulista\"},\"wordCount\":167,\"commentCount\":0,\"publisher\":{\"@id\":\"https:\\\/\\\/redenoticiaz.com.br\\\/litoralsp\\\/#organization\"},\"image\":{\"@id\":\"https:\\\/\\\/redenoticiaz.com.br\\\/litoralsp\\\/2023\\\/06\\\/10\\\/previsao-e-de-frente-fria-para-os-proximos-dias-nas-cidades-do-litoral-paulista#primaryimage\"},\"thumbnailUrl\":\"https:\\\/\\\/redenoticiaz.com.br\\\/litoralsp\\\/wp-content\\\/uploads\\\/sites\\\/3\\\/2021\\\/04\\\/chuvas.jpg\",\"keywords\":[\"Chuvas\",\"CLIMA\",\"LITORAL PAULISTA\",\"SOL\"],\"articleSection\":[\"Guaruj\u00e1\",\"Peru\u00edbe\",\"Praia Grande\",\"Santos\"],\"inLanguage\":\"pt-BR\",\"potentialAction\":[{\"@type\":\"CommentAction\",\"name\":\"Comment\",\"target\":[\"https:\\\/\\\/redenoticiaz.com.br\\\/litoralsp\\\/2023\\\/06\\\/10\\\/previsao-e-de-frente-fria-para-os-proximos-dias-nas-cidades-do-litoral-paulista#respond\"]}]},{\"@type\":\"WebPage\",\"@id\":\"https:\\\/\\\/redenoticiaz.com.br\\\/litoralsp\\\/2023\\\/06\\\/10\\\/previsao-e-de-frente-fria-para-os-proximos-dias-nas-cidades-do-litoral-paulista\",\"url\":\"https:\\\/\\\/redenoticiaz.com.br\\\/litoralsp\\\/2023\\\/06\\\/10\\\/previsao-e-de-frente-fria-para-os-proximos-dias-nas-cidades-do-litoral-paulista\",\"name\":\"Previs\u00e3o \u00e9 de frente fria para os pr\u00f3ximos dias nas cidades do Litoral Paulista - Litoral SP\",\"isPartOf\":{\"@id\":\"https:\\\/\\\/redenoticiaz.com.br\\\/litoralsp\\\/#website\"},\"primaryImageOfPage\":{\"@id\":\"https:\\\/\\\/redenoticiaz.com.br\\\/litoralsp\\\/2023\\\/06\\\/10\\\/previsao-e-de-frente-fria-para-os-proximos-dias-nas-cidades-do-litoral-paulista#primaryimage\"},\"image\":{\"@id\":\"https:\\\/\\\/redenoticiaz.com.br\\\/litoralsp\\\/2023\\\/06\\\/10\\\/previsao-e-de-frente-fria-para-os-proximos-dias-nas-cidades-do-litoral-paulista#primaryimage\"},\"thumbnailUrl\":\"https:\\\/\\\/redenoticiaz.com.br\\\/litoralsp\\\/wp-content\\\/uploads\\\/sites\\\/3\\\/2021\\\/04\\\/chuvas.jpg\",\"datePublished\":\"2023-06-10T17:03:32+00:00\",\"description\":\"A previs\u00e3o \u00e9 de frente fria para os pr\u00f3ximos dias nas cidades do Litoral Paulista, segundo as previs\u00f5es meteorol\u00f3gicas.\",\"inLanguage\":\"pt-BR\",\"potentialAction\":[{\"@type\":\"ReadAction\",\"target\":[\"https:\\\/\\\/redenoticiaz.com.br\\\/litoralsp\\\/2023\\\/06\\\/10\\\/previsao-e-de-frente-fria-para-os-proximos-dias-nas-cidades-do-litoral-paulista\"]}]},{\"@type\":\"ImageObject\",\"inLanguage\":\"pt-BR\",\"@id\":\"https:\\\/\\\/redenoticiaz.com.br\\\/litoralsp\\\/2023\\\/06\\\/10\\\/previsao-e-de-frente-fria-para-os-proximos-dias-nas-cidades-do-litoral-paulista#primaryimage\",\"url\":\"https:\\\/\\\/redenoticiaz.com.br\\\/litoralsp\\\/wp-content\\\/uploads\\\/sites\\\/3\\\/2021\\\/04\\\/chuvas.jpg\",\"contentUrl\":\"https:\\\/\\\/redenoticiaz.com.br\\\/litoralsp\\\/wp-content\\\/uploads\\\/sites\\\/3\\\/2021\\\/04\\\/chuvas.jpg\",\"width\":984,\"height\":658},{\"@type\":\"WebSite\",\"@id\":\"https:\\\/\\\/redenoticiaz.com.br\\\/litoralsp\\\/#website\",\"url\":\"https:\\\/\\\/redenoticiaz.com.br\\\/litoralsp\\\/\",\"name\":\"Litoral SP\",\"description\":\"Rede NoticiaZ\",\"publisher\":{\"@id\":\"https:\\\/\\\/redenoticiaz.com.br\\\/litoralsp\\\/#organization\"},\"potentialAction\":[{\"@type\":\"SearchAction\",\"target\":{\"@type\":\"EntryPoint\",\"urlTemplate\":\"https:\\\/\\\/redenoticiaz.com.br\\\/litoralsp\\\/?s={search_term_string}\"},\"query-input\":{\"@type\":\"PropertyValueSpecification\",\"valueRequired\":true,\"valueName\":\"search_term_string\"}}],\"inLanguage\":\"pt-BR\"},{\"@type\":\"Organization\",\"@id\":\"https:\\\/\\\/redenoticiaz.com.br\\\/litoralsp\\\/#organization\",\"name\":\"Litoral SP\",\"url\":\"https:\\\/\\\/redenoticiaz.com.br\\\/litoralsp\\\/\",\"logo\":{\"@type\":\"ImageObject\",\"inLanguage\":\"pt-BR\",\"@id\":\"https:\\\/\\\/redenoticiaz.com.br\\\/litoralsp\\\/#\\\/schema\\\/logo\\\/image\\\/\",\"url\":\"https:\\\/\\\/redenoticiaz.com.br\\\/litoralsp\\\/wp-content\\\/uploads\\\/sites\\\/3\\\/2020\\\/11\\\/logo.jpg\",\"contentUrl\":\"https:\\\/\\\/redenoticiaz.com.br\\\/litoralsp\\\/wp-content\\\/uploads\\\/sites\\\/3\\\/2020\\\/11\\\/logo.jpg\",\"width\":400,\"height\":250,\"caption\":\"Litoral SP\"},\"image\":{\"@id\":\"https:\\\/\\\/redenoticiaz.com.br\\\/litoralsp\\\/#\\\/schema\\\/logo\\\/image\\\/\"}},{\"@type\":\"Person\",\"@id\":\"https:\\\/\\\/redenoticiaz.com.br\\\/litoralsp\\\/#\\\/schema\\\/person\\\/16057b37a3c0ee6b096d7f887c566e2e\",\"name\":\"Gustavo Silva\",\"image\":{\"@type\":\"ImageObject\",\"inLanguage\":\"pt-BR\",\"@id\":\"https:\\\/\\\/secure.gravatar.com\\\/avatar\\\/3ee4e82f93b26de0a7cf4ea5eb7893da637ed6bb0c9170c58065944c56e28a33?s=96&d=mm&r=g\",\"url\":\"https:\\\/\\\/secure.gravatar.com\\\/avatar\\\/3ee4e82f93b26de0a7cf4ea5eb7893da637ed6bb0c9170c58065944c56e28a33?s=96&d=mm&r=g\",\"contentUrl\":\"https:\\\/\\\/secure.gravatar.com\\\/avatar\\\/3ee4e82f93b26de0a7cf4ea5eb7893da637ed6bb0c9170c58065944c56e28a33?s=96&d=mm&r=g\",\"caption\":\"Gustavo Silva\"},\"url\":\"https:\\\/\\\/redenoticiaz.com.br\\\/litoralsp\\\/author\\\/gustavosilva\"}]}<\/script>\n<!-- \/ Yoast SEO plugin. -->","yoast_head_json":{"title":"Previs\u00e3o \u00e9 de frente fria para os pr\u00f3ximos dias nas cidades do Litoral Paulista - Litoral SP","description":"A previs\u00e3o \u00e9 de frente fria para os pr\u00f3ximos dias nas cidades do Litoral Paulista, segundo as previs\u00f5es meteorol\u00f3gicas.","robots":{"index":"index","follow":"follow","max-snippet":"max-snippet:-1","max-image-preview":"max-image-preview:large","max-video-preview":"max-video-preview:-1"},"canonical":"https:\/\/redenoticiaz.com.br\/litoralsp\/2023\/06\/10\/previsao-e-de-frente-fria-para-os-proximos-dias-nas-cidades-do-litoral-paulista","og_locale":"pt_BR","og_type":"article","og_title":"Previs\u00e3o \u00e9 de frente fria para os pr\u00f3ximos dias nas cidades do Litoral Paulista - Litoral SP","og_description":"A previs\u00e3o \u00e9 de frente fria para os pr\u00f3ximos dias nas cidades do Litoral Paulista, segundo as previs\u00f5es meteorol\u00f3gicas.","og_url":"https:\/\/redenoticiaz.com.br\/litoralsp\/2023\/06\/10\/previsao-e-de-frente-fria-para-os-proximos-dias-nas-cidades-do-litoral-paulista","og_site_name":"Litoral SP","article_published_time":"2023-06-10T17:03:32+00:00","og_image":[{"width":984,"height":658,"url":"https:\/\/redenoticiaz.com.br\/litoralsp\/wp-content\/uploads\/sites\/3\/2021\/04\/chuvas.jpg","type":"image\/jpeg"}],"author":"Gustavo Silva","twitter_card":"summary_large_image","twitter_misc":{"Escrito por":"Gustavo Silva","Est. tempo de leitura":"1 minuto"},"schema":{"@context":"https:\/\/schema.org","@graph":[{"@type":"Article","@id":"https:\/\/redenoticiaz.com.br\/litoralsp\/2023\/06\/10\/previsao-e-de-frente-fria-para-os-proximos-dias-nas-cidades-do-litoral-paulista#article","isPartOf":{"@id":"https:\/\/redenoticiaz.com.br\/litoralsp\/2023\/06\/10\/previsao-e-de-frente-fria-para-os-proximos-dias-nas-cidades-do-litoral-paulista"},"author":{"name":"Gustavo Silva","@id":"https:\/\/redenoticiaz.com.br\/litoralsp\/#\/schema\/person\/16057b37a3c0ee6b096d7f887c566e2e"},"headline":"Previs\u00e3o \u00e9 de frente fria para os pr\u00f3ximos dias nas cidades do Litoral Paulista","datePublished":"2023-06-10T17:03:32+00:00","mainEntityOfPage":{"@id":"https:\/\/redenoticiaz.com.br\/litoralsp\/2023\/06\/10\/previsao-e-de-frente-fria-para-os-proximos-dias-nas-cidades-do-litoral-paulista"},"wordCount":167,"commentCount":0,"publisher":{"@id":"https:\/\/redenoticiaz.com.br\/litoralsp\/#organization"},"image":{"@id":"https:\/\/redenoticiaz.com.br\/litoralsp\/2023\/06\/10\/previsao-e-de-frente-fria-para-os-proximos-dias-nas-cidades-do-litoral-paulista#primaryimage"},"thumbnailUrl":"https:\/\/redenoticiaz.com.br\/litoralsp\/wp-content\/uploads\/sites\/3\/2021\/04\/chuvas.jpg","keywords":["Chuvas","CLIMA","LITORAL PAULISTA","SOL"],"articleSection":["Guaruj\u00e1","Peru\u00edbe","Praia Grande","Santos"],"inLanguage":"pt-BR","potentialAction":[{"@type":"CommentAction","name":"Comment","target":["https:\/\/redenoticiaz.com.br\/litoralsp\/2023\/06\/10\/previsao-e-de-frente-fria-para-os-proximos-dias-nas-cidades-do-litoral-paulista#respond"]}]},{"@type":"WebPage","@id":"https:\/\/redenoticiaz.com.br\/litoralsp\/2023\/06\/10\/previsao-e-de-frente-fria-para-os-proximos-dias-nas-cidades-do-litoral-paulista","url":"https:\/\/redenoticiaz.com.br\/litoralsp\/2023\/06\/10\/previsao-e-de-frente-fria-para-os-proximos-dias-nas-cidades-do-litoral-paulista","name":"Previs\u00e3o \u00e9 de frente fria para os pr\u00f3ximos dias nas cidades do Litoral Paulista - Litoral SP","isPartOf":{"@id":"https:\/\/redenoticiaz.com.br\/litoralsp\/#website"},"primaryImageOfPage":{"@id":"https:\/\/redenoticiaz.com.br\/litoralsp\/2023\/06\/10\/previsao-e-de-frente-fria-para-os-proximos-dias-nas-cidades-do-litoral-paulista#primaryimage"},"image":{"@id":"https:\/\/redenoticiaz.com.br\/litoralsp\/2023\/06\/10\/previsao-e-de-frente-fria-para-os-proximos-dias-nas-cidades-do-litoral-paulista#primaryimage"},"thumbnailUrl":"https:\/\/redenoticiaz.com.br\/litoralsp\/wp-content\/uploads\/sites\/3\/2021\/04\/chuvas.jpg","datePublished":"2023-06-10T17:03:32+00:00","description":"A previs\u00e3o \u00e9 de frente fria para os pr\u00f3ximos dias nas cidades do Litoral Paulista, segundo as previs\u00f5es meteorol\u00f3gicas.","inLanguage":"pt-BR","potentialAction":[{"@type":"ReadAction","target":["https:\/\/redenoticiaz.com.br\/litoralsp\/2023\/06\/10\/previsao-e-de-frente-fria-para-os-proximos-dias-nas-cidades-do-litoral-paulista"]}]},{"@type":"ImageObject","inLanguage":"pt-BR","@id":"https:\/\/redenoticiaz.com.br\/litoralsp\/2023\/06\/10\/previsao-e-de-frente-fria-para-os-proximos-dias-nas-cidades-do-litoral-paulista#primaryimage","url":"https:\/\/redenoticiaz.com.br\/litoralsp\/wp-content\/uploads\/sites\/3\/2021\/04\/chuvas.jpg","contentUrl":"https:\/\/redenoticiaz.com.br\/litoralsp\/wp-content\/uploads\/sites\/3\/2021\/04\/chuvas.jpg","width":984,"height":658},{"@type":"WebSite","@id":"https:\/\/redenoticiaz.com.br\/litoralsp\/#website","url":"https:\/\/redenoticiaz.com.br\/litoralsp\/","name":"Litoral SP","description":"Rede NoticiaZ","publisher":{"@id":"https:\/\/redenoticiaz.com.br\/litoralsp\/#organization"},"potentialAction":[{"@type":"SearchAction","target":{"@type":"EntryPoint","urlTemplate":"https:\/\/redenoticiaz.com.br\/litoralsp\/?s={search_term_string}"},"query-input":{"@type":"PropertyValueSpecification","valueRequired":true,"valueName":"search_term_string"}}],"inLanguage":"pt-BR"},{"@type":"Organization","@id":"https:\/\/redenoticiaz.com.br\/litoralsp\/#organization","name":"Litoral SP","url":"https:\/\/redenoticiaz.com.br\/litoralsp\/","logo":{"@type":"ImageObject","inLanguage":"pt-BR","@id":"https:\/\/redenoticiaz.com.br\/litoralsp\/#\/schema\/logo\/image\/","url":"https:\/\/redenoticiaz.com.br\/litoralsp\/wp-content\/uploads\/sites\/3\/2020\/11\/logo.jpg","contentUrl":"https:\/\/redenoticiaz.com.br\/litoralsp\/wp-content\/uploads\/sites\/3\/2020\/11\/logo.jpg","width":400,"height":250,"caption":"Litoral SP"},"image":{"@id":"https:\/\/redenoticiaz.com.br\/litoralsp\/#\/schema\/logo\/image\/"}},{"@type":"Person","@id":"https:\/\/redenoticiaz.com.br\/litoralsp\/#\/schema\/person\/16057b37a3c0ee6b096d7f887c566e2e","name":"Gustavo Silva","image":{"@type":"ImageObject","inLanguage":"pt-BR","@id":"https:\/\/secure.gravatar.com\/avatar\/3ee4e82f93b26de0a7cf4ea5eb7893da637ed6bb0c9170c58065944c56e28a33?s=96&d=mm&r=g","url":"https:\/\/secure.gravatar.com\/avatar\/3ee4e82f93b26de0a7cf4ea5eb7893da637ed6bb0c9170c58065944c56e28a33?s=96&d=mm&r=g","contentUrl":"https:\/\/secure.gravatar.com\/avatar\/3ee4e82f93b26de0a7cf4ea5eb7893da637ed6bb0c9170c58065944c56e28a33?s=96&d=mm&r=g","caption":"Gustavo Silva"},"url":"https:\/\/redenoticiaz.com.br\/litoralsp\/author\/gustavosilva"}]}},"_links":{"self":[{"href":"https:\/\/redenoticiaz.com.br\/litoralsp\/wp-json\/wp\/v2\/posts\/107182","targetHints":{"allow":["GET"]}}],"collection":[{"href":"https:\/\/redenoticiaz.com.br\/litoralsp\/wp-json\/wp\/v2\/posts"}],"about":[{"href":"https:\/\/redenoticiaz.com.br\/litoralsp\/wp-json\/wp\/v2\/types\/post"}],"author":[{"embeddable":true,"href":"https:\/\/redenoticiaz.com.br\/litoralsp\/wp-json\/wp\/v2\/users\/12"}],"replies":[{"embeddable":true,"href":"https:\/\/redenoticiaz.com.br\/litoralsp\/wp-json\/wp\/v2\/comments?post=107182"}],"version-history":[{"count":1,"href":"https:\/\/redenoticiaz.com.br\/litoralsp\/wp-json\/wp\/v2\/posts\/107182\/revisions"}],"predecessor-version":[{"id":107183,"href":"https:\/\/redenoticiaz.com.br\/litoralsp\/wp-json\/wp\/v2\/posts\/107182\/revisions\/107183"}],"wp:featuredmedia":[{"embeddable":true,"href":"https:\/\/redenoticiaz.com.br\/litoralsp\/wp-json\/wp\/v2\/media\/7135"}],"wp:attachment":[{"href":"https:\/\/redenoticiaz.com.br\/litoralsp\/wp-json\/wp\/v2\/media?parent=107182"}],"wp:term":[{"taxonomy":"category","embeddable":true,"href":"https:\/\/redenoticiaz.com.br\/litoralsp\/wp-json\/wp\/v2\/categories?post=107182"},{"taxonomy":"post_tag","embeddable":true,"href":"https:\/\/redenoticiaz.com.br\/litoralsp\/wp-json\/wp\/v2\/tags?post=107182"}],"curies":[{"name":"wp","href":"https:\/\/api.w.org\/{rel}","templated":true}]}}