{"id":107244,"date":"2023-06-12T20:22:48","date_gmt":"2023-06-12T23:22:48","guid":{"rendered":"https:\/\/redenoticiaz.com.br\/litoralsp\/2023\/06\/12\/febre-maculosa-instituto-confirma-causa-da-morte-de-namorada-piloto-jundiaense"},"modified":"2023-06-12T23:25:38","modified_gmt":"2023-06-13T02:25:38","slug":"febre-maculosa-instituto-confirma-causa-da-morte-de-namorada-piloto-jundiaense","status":"publish","type":"post","link":"https:\/\/redenoticiaz.com.br\/litoralsp\/2023\/06\/12\/febre-maculosa-instituto-confirma-causa-da-morte-de-namorada-piloto-jundiaense","title":{"rendered":"Febre Maculosa: Instituto confirma causa da morte de Namorada Piloto Jundiaense"},"content":{"rendered":"<p>O Instituto Adolfo Lutz confirmou a causa da morte de Mariana Giordano, de 36 anos, namorada do Piloto Jundiaense Douglas Costa, de 42 anos.<\/p>\n<p>De acordo com as informa\u00e7\u00f5es, ambos foram internados em 7 de junho com o mesmo quadro de sintomas e as mortes aconteceram no dia seguinte.<\/p>\n<p>Ainda de acordo com as informa\u00e7\u00f5es, o material gen\u00e9tico do piloto foi coletado para diagn\u00f3stico e segue em an\u00e1lise pelo instituto.<\/p>\n<p>Sendo assim, a Secretaria e Sa\u00fade, informou que ambos come\u00e7aram a ter sintomas no \u00faltimo dia 3 de junho, e Mariana notou picadas de inseto pelo seu corpo.<\/p>\n<p>Ambos tinham acabado de voltar de uma breve viagem para Campinas a na semana seguinte seguiram para Monte Verde (MG). Os sintomas apareceram na viagem.<\/p>\n<h2>O que \u00e9 Febre Maculosa<\/h2>\n<p>A febre maculosa \u00e9 uma doen\u00e7a infecciosa, febril aguda e de gravidade vari\u00e1vel. Ela pode variar desde as formas cl\u00ednicas leves e at\u00edpicas at\u00e9 formas graves, com elevada taxa de letalidade. A febre maculosa \u00e9 causada por uma bact\u00e9ria do g\u00eanero\u00a0<em>Rickettsia<\/em>, transmitida pela picada do carrapato.<\/p>\n<p><strong>Leia mais<\/strong><\/p>\n<p><a href=\"https:\/\/redenoticiaz.com.br\/blog\/2023\/06\/11\/morte-de-piloto-e-namorada-sera-investigada-por-servicos-de-vigilancia-sanitaria\">Morte de Piloto e namorada ser\u00e1 investigada por servi\u00e7os de vigil\u00e2ncia sanit\u00e1ria<\/a><\/p>\n<p>&nbsp;<\/p>\n","protected":false},"excerpt":{"rendered":"<p>O Instituto Adolfo Lutz confirmou a causa da morte de Mariana Giordano, de 36 anos, namorada do Piloto Jundiaense Douglas Costa, de 42 anos. De acordo com as informa\u00e7\u00f5es, ambos foram internados em 7 de junho com o mesmo quadro de sintomas e as mortes aconteceram no dia seguinte. Ainda de acordo com as informa\u00e7\u00f5es, &hellip;<\/p>\n","protected":false},"author":12,"featured_media":107222,"comment_status":"open","ping_status":"closed","sticky":false,"template":"","format":"standard","meta":{"footnotes":""},"categories":[1],"tags":[65747,65737,65738,65748],"class_list":["post-107244","post","type-post","status-publish","format-standard","has-post-thumbnail","hentry","category-sem","tag-adolfo-lutz","tag-douglas-costa","tag-febre-maculosa","tag-mariana-giordano"],"yoast_head":"<!-- This site is optimized with the Yoast SEO plugin v27.5 - https:\/\/yoast.com\/product\/yoast-seo-wordpress\/ -->\n<title>Febre Maculosa: Instituto confirma causa da morte de Namorada Piloto Jundiaense - Litoral SP<\/title>\n<meta name=\"description\" content=\"O Instituto Adolfo Lutz confirmou a causa da morte de Mariana Giordano, de 36 anos, namorada do Piloto Jundiaense Douglas Costa, de 42 anos.\" \/>\n<meta name=\"robots\" content=\"index, follow, max-snippet:-1, max-image-preview:large, max-video-preview:-1\" \/>\n<link rel=\"canonical\" href=\"https:\/\/redenoticiaz.com.br\/litoralsp\/2023\/06\/12\/febre-maculosa-instituto-confirma-causa-da-morte-de-namorada-piloto-jundiaense\" \/>\n<meta property=\"og:locale\" content=\"pt_BR\" \/>\n<meta property=\"og:type\" content=\"article\" \/>\n<meta property=\"og:title\" content=\"Febre Maculosa: Instituto confirma causa da morte de Namorada Piloto Jundiaense - Litoral SP\" \/>\n<meta property=\"og:description\" content=\"O Instituto Adolfo Lutz confirmou a causa da morte de Mariana Giordano, de 36 anos, namorada do Piloto Jundiaense Douglas Costa, de 42 anos.\" \/>\n<meta property=\"og:url\" content=\"https:\/\/redenoticiaz.com.br\/litoralsp\/2023\/06\/12\/febre-maculosa-instituto-confirma-causa-da-morte-de-namorada-piloto-jundiaense\" \/>\n<meta property=\"og:site_name\" content=\"Litoral SP\" \/>\n<meta property=\"article:published_time\" content=\"2023-06-12T23:22:48+00:00\" \/>\n<meta property=\"article:modified_time\" content=\"2023-06-13T02:25:38+00:00\" \/>\n<meta property=\"og:image\" content=\"https:\/\/redenoticiaz.com.br\/litoralsp\/wp-content\/uploads\/sites\/3\/2023\/06\/9e498fcd-bd5c-4b37-b535-86cb162b4728.jpg?v=1686514998\" \/>\n\t<meta property=\"og:image:width\" content=\"668\" \/>\n\t<meta property=\"og:image:height\" content=\"445\" \/>\n\t<meta property=\"og:image:type\" content=\"image\/jpeg\" \/>\n<meta name=\"author\" content=\"Gustavo Silva\" \/>\n<meta name=\"twitter:card\" content=\"summary_large_image\" \/>\n<meta name=\"twitter:label1\" content=\"Escrito por\" \/>\n\t<meta name=\"twitter:data1\" content=\"Gustavo Silva\" \/>\n\t<meta name=\"twitter:label2\" content=\"Est. tempo de leitura\" \/>\n\t<meta name=\"twitter:data2\" content=\"2 minutos\" \/>\n<script type=\"application\/ld+json\" class=\"yoast-schema-graph\">{\"@context\":\"https:\\\/\\\/schema.org\",\"@graph\":[{\"@type\":\"Article\",\"@id\":\"https:\\\/\\\/redenoticiaz.com.br\\\/litoralsp\\\/2023\\\/06\\\/12\\\/febre-maculosa-instituto-confirma-causa-da-morte-de-namorada-piloto-jundiaense#article\",\"isPartOf\":{\"@id\":\"https:\\\/\\\/redenoticiaz.com.br\\\/litoralsp\\\/2023\\\/06\\\/12\\\/febre-maculosa-instituto-confirma-causa-da-morte-de-namorada-piloto-jundiaense\"},\"author\":{\"name\":\"Gustavo Silva\",\"@id\":\"https:\\\/\\\/redenoticiaz.com.br\\\/litoralsp\\\/#\\\/schema\\\/person\\\/16057b37a3c0ee6b096d7f887c566e2e\"},\"headline\":\"Febre Maculosa: Instituto confirma causa da morte de Namorada Piloto Jundiaense\",\"datePublished\":\"2023-06-12T23:22:48+00:00\",\"dateModified\":\"2023-06-13T02:25:38+00:00\",\"mainEntityOfPage\":{\"@id\":\"https:\\\/\\\/redenoticiaz.com.br\\\/litoralsp\\\/2023\\\/06\\\/12\\\/febre-maculosa-instituto-confirma-causa-da-morte-de-namorada-piloto-jundiaense\"},\"wordCount\":210,\"commentCount\":0,\"publisher\":{\"@id\":\"https:\\\/\\\/redenoticiaz.com.br\\\/litoralsp\\\/#organization\"},\"image\":{\"@id\":\"https:\\\/\\\/redenoticiaz.com.br\\\/litoralsp\\\/2023\\\/06\\\/12\\\/febre-maculosa-instituto-confirma-causa-da-morte-de-namorada-piloto-jundiaense#primaryimage\"},\"thumbnailUrl\":\"https:\\\/\\\/redenoticiaz.com.br\\\/litoralsp\\\/wp-content\\\/uploads\\\/sites\\\/3\\\/2023\\\/06\\\/9e498fcd-bd5c-4b37-b535-86cb162b4728.jpg?v=1686514998\",\"keywords\":[\"Adolfo Lutz\",\"Douglas Costa\",\"FEBRE MACULOSA\",\"Mariana Giordano\"],\"articleSection\":[\"sem\"],\"inLanguage\":\"pt-BR\",\"potentialAction\":[{\"@type\":\"CommentAction\",\"name\":\"Comment\",\"target\":[\"https:\\\/\\\/redenoticiaz.com.br\\\/litoralsp\\\/2023\\\/06\\\/12\\\/febre-maculosa-instituto-confirma-causa-da-morte-de-namorada-piloto-jundiaense#respond\"]}]},{\"@type\":\"WebPage\",\"@id\":\"https:\\\/\\\/redenoticiaz.com.br\\\/litoralsp\\\/2023\\\/06\\\/12\\\/febre-maculosa-instituto-confirma-causa-da-morte-de-namorada-piloto-jundiaense\",\"url\":\"https:\\\/\\\/redenoticiaz.com.br\\\/litoralsp\\\/2023\\\/06\\\/12\\\/febre-maculosa-instituto-confirma-causa-da-morte-de-namorada-piloto-jundiaense\",\"name\":\"Febre Maculosa: Instituto confirma causa da morte de Namorada Piloto Jundiaense - Litoral SP\",\"isPartOf\":{\"@id\":\"https:\\\/\\\/redenoticiaz.com.br\\\/litoralsp\\\/#website\"},\"primaryImageOfPage\":{\"@id\":\"https:\\\/\\\/redenoticiaz.com.br\\\/litoralsp\\\/2023\\\/06\\\/12\\\/febre-maculosa-instituto-confirma-causa-da-morte-de-namorada-piloto-jundiaense#primaryimage\"},\"image\":{\"@id\":\"https:\\\/\\\/redenoticiaz.com.br\\\/litoralsp\\\/2023\\\/06\\\/12\\\/febre-maculosa-instituto-confirma-causa-da-morte-de-namorada-piloto-jundiaense#primaryimage\"},\"thumbnailUrl\":\"https:\\\/\\\/redenoticiaz.com.br\\\/litoralsp\\\/wp-content\\\/uploads\\\/sites\\\/3\\\/2023\\\/06\\\/9e498fcd-bd5c-4b37-b535-86cb162b4728.jpg?v=1686514998\",\"datePublished\":\"2023-06-12T23:22:48+00:00\",\"dateModified\":\"2023-06-13T02:25:38+00:00\",\"description\":\"O Instituto Adolfo Lutz confirmou a causa da morte de Mariana Giordano, de 36 anos, namorada do Piloto Jundiaense Douglas Costa, de 42 anos.\",\"inLanguage\":\"pt-BR\",\"potentialAction\":[{\"@type\":\"ReadAction\",\"target\":[\"https:\\\/\\\/redenoticiaz.com.br\\\/litoralsp\\\/2023\\\/06\\\/12\\\/febre-maculosa-instituto-confirma-causa-da-morte-de-namorada-piloto-jundiaense\"]}]},{\"@type\":\"ImageObject\",\"inLanguage\":\"pt-BR\",\"@id\":\"https:\\\/\\\/redenoticiaz.com.br\\\/litoralsp\\\/2023\\\/06\\\/12\\\/febre-maculosa-instituto-confirma-causa-da-morte-de-namorada-piloto-jundiaense#primaryimage\",\"url\":\"https:\\\/\\\/redenoticiaz.com.br\\\/litoralsp\\\/wp-content\\\/uploads\\\/sites\\\/3\\\/2023\\\/06\\\/9e498fcd-bd5c-4b37-b535-86cb162b4728.jpg?v=1686514998\",\"contentUrl\":\"https:\\\/\\\/redenoticiaz.com.br\\\/litoralsp\\\/wp-content\\\/uploads\\\/sites\\\/3\\\/2023\\\/06\\\/9e498fcd-bd5c-4b37-b535-86cb162b4728.jpg?v=1686514998\",\"width\":668,\"height\":445,\"caption\":\"Morte de Piloto e namorada ser\u00e1 investigada por servi\u00e7os de vigil\u00e2ncia sanit\u00e1ria\"},{\"@type\":\"WebSite\",\"@id\":\"https:\\\/\\\/redenoticiaz.com.br\\\/litoralsp\\\/#website\",\"url\":\"https:\\\/\\\/redenoticiaz.com.br\\\/litoralsp\\\/\",\"name\":\"Litoral SP\",\"description\":\"Rede NoticiaZ\",\"publisher\":{\"@id\":\"https:\\\/\\\/redenoticiaz.com.br\\\/litoralsp\\\/#organization\"},\"potentialAction\":[{\"@type\":\"SearchAction\",\"target\":{\"@type\":\"EntryPoint\",\"urlTemplate\":\"https:\\\/\\\/redenoticiaz.com.br\\\/litoralsp\\\/?s={search_term_string}\"},\"query-input\":{\"@type\":\"PropertyValueSpecification\",\"valueRequired\":true,\"valueName\":\"search_term_string\"}}],\"inLanguage\":\"pt-BR\"},{\"@type\":\"Organization\",\"@id\":\"https:\\\/\\\/redenoticiaz.com.br\\\/litoralsp\\\/#organization\",\"name\":\"Litoral SP\",\"url\":\"https:\\\/\\\/redenoticiaz.com.br\\\/litoralsp\\\/\",\"logo\":{\"@type\":\"ImageObject\",\"inLanguage\":\"pt-BR\",\"@id\":\"https:\\\/\\\/redenoticiaz.com.br\\\/litoralsp\\\/#\\\/schema\\\/logo\\\/image\\\/\",\"url\":\"https:\\\/\\\/redenoticiaz.com.br\\\/litoralsp\\\/wp-content\\\/uploads\\\/sites\\\/3\\\/2020\\\/11\\\/logo.jpg\",\"contentUrl\":\"https:\\\/\\\/redenoticiaz.com.br\\\/litoralsp\\\/wp-content\\\/uploads\\\/sites\\\/3\\\/2020\\\/11\\\/logo.jpg\",\"width\":400,\"height\":250,\"caption\":\"Litoral SP\"},\"image\":{\"@id\":\"https:\\\/\\\/redenoticiaz.com.br\\\/litoralsp\\\/#\\\/schema\\\/logo\\\/image\\\/\"}},{\"@type\":\"Person\",\"@id\":\"https:\\\/\\\/redenoticiaz.com.br\\\/litoralsp\\\/#\\\/schema\\\/person\\\/16057b37a3c0ee6b096d7f887c566e2e\",\"name\":\"Gustavo Silva\",\"image\":{\"@type\":\"ImageObject\",\"inLanguage\":\"pt-BR\",\"@id\":\"https:\\\/\\\/secure.gravatar.com\\\/avatar\\\/3ee4e82f93b26de0a7cf4ea5eb7893da637ed6bb0c9170c58065944c56e28a33?s=96&d=mm&r=g\",\"url\":\"https:\\\/\\\/secure.gravatar.com\\\/avatar\\\/3ee4e82f93b26de0a7cf4ea5eb7893da637ed6bb0c9170c58065944c56e28a33?s=96&d=mm&r=g\",\"contentUrl\":\"https:\\\/\\\/secure.gravatar.com\\\/avatar\\\/3ee4e82f93b26de0a7cf4ea5eb7893da637ed6bb0c9170c58065944c56e28a33?s=96&d=mm&r=g\",\"caption\":\"Gustavo Silva\"},\"url\":\"https:\\\/\\\/redenoticiaz.com.br\\\/litoralsp\\\/author\\\/gustavosilva\"}]}<\/script>\n<!-- \/ Yoast SEO plugin. -->","yoast_head_json":{"title":"Febre Maculosa: Instituto confirma causa da morte de Namorada Piloto Jundiaense - Litoral SP","description":"O Instituto Adolfo Lutz confirmou a causa da morte de Mariana Giordano, de 36 anos, namorada do Piloto Jundiaense Douglas Costa, de 42 anos.","robots":{"index":"index","follow":"follow","max-snippet":"max-snippet:-1","max-image-preview":"max-image-preview:large","max-video-preview":"max-video-preview:-1"},"canonical":"https:\/\/redenoticiaz.com.br\/litoralsp\/2023\/06\/12\/febre-maculosa-instituto-confirma-causa-da-morte-de-namorada-piloto-jundiaense","og_locale":"pt_BR","og_type":"article","og_title":"Febre Maculosa: Instituto confirma causa da morte de Namorada Piloto Jundiaense - Litoral SP","og_description":"O Instituto Adolfo Lutz confirmou a causa da morte de Mariana Giordano, de 36 anos, namorada do Piloto Jundiaense Douglas Costa, de 42 anos.","og_url":"https:\/\/redenoticiaz.com.br\/litoralsp\/2023\/06\/12\/febre-maculosa-instituto-confirma-causa-da-morte-de-namorada-piloto-jundiaense","og_site_name":"Litoral SP","article_published_time":"2023-06-12T23:22:48+00:00","article_modified_time":"2023-06-13T02:25:38+00:00","og_image":[{"width":668,"height":445,"url":"https:\/\/redenoticiaz.com.br\/litoralsp\/wp-content\/uploads\/sites\/3\/2023\/06\/9e498fcd-bd5c-4b37-b535-86cb162b4728.jpg?v=1686514998","type":"image\/jpeg"}],"author":"Gustavo Silva","twitter_card":"summary_large_image","twitter_misc":{"Escrito por":"Gustavo Silva","Est. tempo de leitura":"2 minutos"},"schema":{"@context":"https:\/\/schema.org","@graph":[{"@type":"Article","@id":"https:\/\/redenoticiaz.com.br\/litoralsp\/2023\/06\/12\/febre-maculosa-instituto-confirma-causa-da-morte-de-namorada-piloto-jundiaense#article","isPartOf":{"@id":"https:\/\/redenoticiaz.com.br\/litoralsp\/2023\/06\/12\/febre-maculosa-instituto-confirma-causa-da-morte-de-namorada-piloto-jundiaense"},"author":{"name":"Gustavo Silva","@id":"https:\/\/redenoticiaz.com.br\/litoralsp\/#\/schema\/person\/16057b37a3c0ee6b096d7f887c566e2e"},"headline":"Febre Maculosa: Instituto confirma causa da morte de Namorada Piloto Jundiaense","datePublished":"2023-06-12T23:22:48+00:00","dateModified":"2023-06-13T02:25:38+00:00","mainEntityOfPage":{"@id":"https:\/\/redenoticiaz.com.br\/litoralsp\/2023\/06\/12\/febre-maculosa-instituto-confirma-causa-da-morte-de-namorada-piloto-jundiaense"},"wordCount":210,"commentCount":0,"publisher":{"@id":"https:\/\/redenoticiaz.com.br\/litoralsp\/#organization"},"image":{"@id":"https:\/\/redenoticiaz.com.br\/litoralsp\/2023\/06\/12\/febre-maculosa-instituto-confirma-causa-da-morte-de-namorada-piloto-jundiaense#primaryimage"},"thumbnailUrl":"https:\/\/redenoticiaz.com.br\/litoralsp\/wp-content\/uploads\/sites\/3\/2023\/06\/9e498fcd-bd5c-4b37-b535-86cb162b4728.jpg?v=1686514998","keywords":["Adolfo Lutz","Douglas Costa","FEBRE MACULOSA","Mariana Giordano"],"articleSection":["sem"],"inLanguage":"pt-BR","potentialAction":[{"@type":"CommentAction","name":"Comment","target":["https:\/\/redenoticiaz.com.br\/litoralsp\/2023\/06\/12\/febre-maculosa-instituto-confirma-causa-da-morte-de-namorada-piloto-jundiaense#respond"]}]},{"@type":"WebPage","@id":"https:\/\/redenoticiaz.com.br\/litoralsp\/2023\/06\/12\/febre-maculosa-instituto-confirma-causa-da-morte-de-namorada-piloto-jundiaense","url":"https:\/\/redenoticiaz.com.br\/litoralsp\/2023\/06\/12\/febre-maculosa-instituto-confirma-causa-da-morte-de-namorada-piloto-jundiaense","name":"Febre Maculosa: Instituto confirma causa da morte de Namorada Piloto Jundiaense - Litoral SP","isPartOf":{"@id":"https:\/\/redenoticiaz.com.br\/litoralsp\/#website"},"primaryImageOfPage":{"@id":"https:\/\/redenoticiaz.com.br\/litoralsp\/2023\/06\/12\/febre-maculosa-instituto-confirma-causa-da-morte-de-namorada-piloto-jundiaense#primaryimage"},"image":{"@id":"https:\/\/redenoticiaz.com.br\/litoralsp\/2023\/06\/12\/febre-maculosa-instituto-confirma-causa-da-morte-de-namorada-piloto-jundiaense#primaryimage"},"thumbnailUrl":"https:\/\/redenoticiaz.com.br\/litoralsp\/wp-content\/uploads\/sites\/3\/2023\/06\/9e498fcd-bd5c-4b37-b535-86cb162b4728.jpg?v=1686514998","datePublished":"2023-06-12T23:22:48+00:00","dateModified":"2023-06-13T02:25:38+00:00","description":"O Instituto Adolfo Lutz confirmou a causa da morte de Mariana Giordano, de 36 anos, namorada do Piloto Jundiaense Douglas Costa, de 42 anos.","inLanguage":"pt-BR","potentialAction":[{"@type":"ReadAction","target":["https:\/\/redenoticiaz.com.br\/litoralsp\/2023\/06\/12\/febre-maculosa-instituto-confirma-causa-da-morte-de-namorada-piloto-jundiaense"]}]},{"@type":"ImageObject","inLanguage":"pt-BR","@id":"https:\/\/redenoticiaz.com.br\/litoralsp\/2023\/06\/12\/febre-maculosa-instituto-confirma-causa-da-morte-de-namorada-piloto-jundiaense#primaryimage","url":"https:\/\/redenoticiaz.com.br\/litoralsp\/wp-content\/uploads\/sites\/3\/2023\/06\/9e498fcd-bd5c-4b37-b535-86cb162b4728.jpg?v=1686514998","contentUrl":"https:\/\/redenoticiaz.com.br\/litoralsp\/wp-content\/uploads\/sites\/3\/2023\/06\/9e498fcd-bd5c-4b37-b535-86cb162b4728.jpg?v=1686514998","width":668,"height":445,"caption":"Morte de Piloto e namorada ser\u00e1 investigada por servi\u00e7os de vigil\u00e2ncia sanit\u00e1ria"},{"@type":"WebSite","@id":"https:\/\/redenoticiaz.com.br\/litoralsp\/#website","url":"https:\/\/redenoticiaz.com.br\/litoralsp\/","name":"Litoral SP","description":"Rede NoticiaZ","publisher":{"@id":"https:\/\/redenoticiaz.com.br\/litoralsp\/#organization"},"potentialAction":[{"@type":"SearchAction","target":{"@type":"EntryPoint","urlTemplate":"https:\/\/redenoticiaz.com.br\/litoralsp\/?s={search_term_string}"},"query-input":{"@type":"PropertyValueSpecification","valueRequired":true,"valueName":"search_term_string"}}],"inLanguage":"pt-BR"},{"@type":"Organization","@id":"https:\/\/redenoticiaz.com.br\/litoralsp\/#organization","name":"Litoral SP","url":"https:\/\/redenoticiaz.com.br\/litoralsp\/","logo":{"@type":"ImageObject","inLanguage":"pt-BR","@id":"https:\/\/redenoticiaz.com.br\/litoralsp\/#\/schema\/logo\/image\/","url":"https:\/\/redenoticiaz.com.br\/litoralsp\/wp-content\/uploads\/sites\/3\/2020\/11\/logo.jpg","contentUrl":"https:\/\/redenoticiaz.com.br\/litoralsp\/wp-content\/uploads\/sites\/3\/2020\/11\/logo.jpg","width":400,"height":250,"caption":"Litoral SP"},"image":{"@id":"https:\/\/redenoticiaz.com.br\/litoralsp\/#\/schema\/logo\/image\/"}},{"@type":"Person","@id":"https:\/\/redenoticiaz.com.br\/litoralsp\/#\/schema\/person\/16057b37a3c0ee6b096d7f887c566e2e","name":"Gustavo Silva","image":{"@type":"ImageObject","inLanguage":"pt-BR","@id":"https:\/\/secure.gravatar.com\/avatar\/3ee4e82f93b26de0a7cf4ea5eb7893da637ed6bb0c9170c58065944c56e28a33?s=96&d=mm&r=g","url":"https:\/\/secure.gravatar.com\/avatar\/3ee4e82f93b26de0a7cf4ea5eb7893da637ed6bb0c9170c58065944c56e28a33?s=96&d=mm&r=g","contentUrl":"https:\/\/secure.gravatar.com\/avatar\/3ee4e82f93b26de0a7cf4ea5eb7893da637ed6bb0c9170c58065944c56e28a33?s=96&d=mm&r=g","caption":"Gustavo Silva"},"url":"https:\/\/redenoticiaz.com.br\/litoralsp\/author\/gustavosilva"}]}},"_links":{"self":[{"href":"https:\/\/redenoticiaz.com.br\/litoralsp\/wp-json\/wp\/v2\/posts\/107244","targetHints":{"allow":["GET"]}}],"collection":[{"href":"https:\/\/redenoticiaz.com.br\/litoralsp\/wp-json\/wp\/v2\/posts"}],"about":[{"href":"https:\/\/redenoticiaz.com.br\/litoralsp\/wp-json\/wp\/v2\/types\/post"}],"author":[{"embeddable":true,"href":"https:\/\/redenoticiaz.com.br\/litoralsp\/wp-json\/wp\/v2\/users\/12"}],"replies":[{"embeddable":true,"href":"https:\/\/redenoticiaz.com.br\/litoralsp\/wp-json\/wp\/v2\/comments?post=107244"}],"version-history":[{"count":0,"href":"https:\/\/redenoticiaz.com.br\/litoralsp\/wp-json\/wp\/v2\/posts\/107244\/revisions"}],"wp:featuredmedia":[{"embeddable":true,"href":"https:\/\/redenoticiaz.com.br\/litoralsp\/wp-json\/wp\/v2\/media\/107222"}],"wp:attachment":[{"href":"https:\/\/redenoticiaz.com.br\/litoralsp\/wp-json\/wp\/v2\/media?parent=107244"}],"wp:term":[{"taxonomy":"category","embeddable":true,"href":"https:\/\/redenoticiaz.com.br\/litoralsp\/wp-json\/wp\/v2\/categories?post=107244"},{"taxonomy":"post_tag","embeddable":true,"href":"https:\/\/redenoticiaz.com.br\/litoralsp\/wp-json\/wp\/v2\/tags?post=107244"}],"curies":[{"name":"wp","href":"https:\/\/api.w.org\/{rel}","templated":true}]}}