{"id":107362,"date":"2023-06-16T08:34:34","date_gmt":"2023-06-16T11:34:34","guid":{"rendered":"https:\/\/redenoticiaz.com.br\/litoralsp\/2023\/06\/16\/papa-francisco-deixa-hospital-apos-nove-dias-de-internacao"},"modified":"2023-06-16T08:34:34","modified_gmt":"2023-06-16T11:34:34","slug":"papa-francisco-deixa-hospital-apos-nove-dias-de-internacao","status":"publish","type":"post","link":"https:\/\/redenoticiaz.com.br\/litoralsp\/2023\/06\/16\/papa-francisco-deixa-hospital-apos-nove-dias-de-internacao","title":{"rendered":"Papa Francisco deixa hospital ap\u00f3s nove dias de interna\u00e7\u00e3o"},"content":{"rendered":"<p>O Papa Francisco recebeu alta do hospital em Roma na manh\u00e3 desta sexta-feira (16), ap\u00f3s nove dias de interna\u00e7\u00e3o devido a uma cirurgia no intestino. O pont\u00edfice, que tem 86 anos, passou pelo procedimento cir\u00fargico para corrigir uma laparocele, uma h\u00e9rnia que se forma sobre uma cicatriz decorrente de cirurgias anteriores.<\/p>\n<p>De acordo com os m\u00e9dicos do Hospital Gemelli, o papa teve uma recupera\u00e7\u00e3o sem complica\u00e7\u00f5es. Na quinta-feira (15), o Vaticano divulgou fotos do papa visitando o Servi\u00e7o de Oncologia Pedi\u00e1trica e Neurocirurgia Infantil do hospital, sendo a primeira apari\u00e7\u00e3o p\u00fablica ap\u00f3s a cirurgia.<\/p>\n<p>Essa \u00e9 a segunda vez neste ano que o papa precisou ser internado. Em mar\u00e7o, ele foi hospitalizado para tratar uma bronquite. A not\u00edcia da sua alta traz al\u00edvio para os fi\u00e9is e admiradores do l\u00edder religioso em todo o mundo.<\/p>\n<h2>LEIA MAIS<\/h2>\n<p><a href=\"https:\/\/redenoticiaz.com.br\/barretos-regiao\/sp\/2023\/06\/15\/video-motorista-perde-controle-e-carro-invade-padaria\">V\u00cdDEO \u2013 Motorista perde controle e carro invade padaria<\/a><\/p>\n<p>&nbsp;<\/p>\n","protected":false},"excerpt":{"rendered":"<p>O Papa Francisco recebeu alta do hospital em Roma na manh\u00e3 desta sexta-feira (16), ap\u00f3s nove dias de interna\u00e7\u00e3o devido a uma cirurgia no intestino. O pont\u00edfice, que tem 86 anos, passou pelo procedimento cir\u00fargico para corrigir uma laparocele, uma h\u00e9rnia que se forma sobre uma cicatriz decorrente de cirurgias anteriores. De acordo com os &hellip;<\/p>\n","protected":false},"author":30,"featured_media":107363,"comment_status":"open","ping_status":"closed","sticky":false,"template":"","format":"standard","meta":{"footnotes":""},"categories":[84],"tags":[9220,13369,65807,28030,21217,65808,58968,43661],"class_list":["post-107362","post","type-post","status-publish","format-standard","has-post-thumbnail","hentry","category-mundo","tag-alta","tag-cirurgia","tag-francisco","tag-hospital","tag-internado","tag-intestino","tag-papa","tag-roma"],"yoast_head":"<!-- This site is optimized with the Yoast SEO plugin v27.5 - https:\/\/yoast.com\/product\/yoast-seo-wordpress\/ -->\n<title>Papa Francisco deixa hospital ap\u00f3s nove dias de interna\u00e7\u00e3o - Litoral SP<\/title>\n<meta name=\"description\" content=\"O Papa Francisco recebeu alta do hospital em Roma na manh\u00e3 desta sexta-feira (16), ap\u00f3s nove dias de interna\u00e7\u00e3o devido a uma cirurgia\" \/>\n<meta name=\"robots\" content=\"index, follow, max-snippet:-1, max-image-preview:large, max-video-preview:-1\" \/>\n<link rel=\"canonical\" href=\"https:\/\/redenoticiaz.com.br\/litoralsp\/2023\/06\/16\/papa-francisco-deixa-hospital-apos-nove-dias-de-internacao\" \/>\n<meta property=\"og:locale\" content=\"pt_BR\" \/>\n<meta property=\"og:type\" content=\"article\" \/>\n<meta property=\"og:title\" content=\"Papa Francisco deixa hospital ap\u00f3s nove dias de interna\u00e7\u00e3o - Litoral SP\" \/>\n<meta property=\"og:description\" content=\"O Papa Francisco recebeu alta do hospital em Roma na manh\u00e3 desta sexta-feira (16), ap\u00f3s nove dias de interna\u00e7\u00e3o devido a uma cirurgia\" \/>\n<meta property=\"og:url\" content=\"https:\/\/redenoticiaz.com.br\/litoralsp\/2023\/06\/16\/papa-francisco-deixa-hospital-apos-nove-dias-de-internacao\" \/>\n<meta property=\"og:site_name\" content=\"Litoral SP\" \/>\n<meta property=\"article:published_time\" content=\"2023-06-16T11:34:34+00:00\" \/>\n<meta property=\"og:image\" content=\"https:\/\/redenoticiaz.com.br\/litoralsp\/wp-content\/uploads\/sites\/3\/2023\/06\/papa-francisco-1.jpg\" \/>\n\t<meta property=\"og:image:width\" content=\"502\" \/>\n\t<meta property=\"og:image:height\" content=\"385\" \/>\n\t<meta property=\"og:image:type\" content=\"image\/jpeg\" \/>\n<meta name=\"author\" content=\"Carina Reifonas\" \/>\n<meta name=\"twitter:card\" content=\"summary_large_image\" \/>\n<meta name=\"twitter:label1\" content=\"Escrito por\" \/>\n\t<meta name=\"twitter:data1\" content=\"Carina Reifonas\" \/>\n\t<meta name=\"twitter:label2\" content=\"Est. tempo de leitura\" \/>\n\t<meta name=\"twitter:data2\" content=\"1 minuto\" \/>\n<script type=\"application\/ld+json\" class=\"yoast-schema-graph\">{\"@context\":\"https:\\\/\\\/schema.org\",\"@graph\":[{\"@type\":\"Article\",\"@id\":\"https:\\\/\\\/redenoticiaz.com.br\\\/litoralsp\\\/2023\\\/06\\\/16\\\/papa-francisco-deixa-hospital-apos-nove-dias-de-internacao#article\",\"isPartOf\":{\"@id\":\"https:\\\/\\\/redenoticiaz.com.br\\\/litoralsp\\\/2023\\\/06\\\/16\\\/papa-francisco-deixa-hospital-apos-nove-dias-de-internacao\"},\"author\":{\"name\":\"Carina Reifonas\",\"@id\":\"https:\\\/\\\/redenoticiaz.com.br\\\/litoralsp\\\/#\\\/schema\\\/person\\\/1f84d6e94e6a62d2d81199d7503e9e90\"},\"headline\":\"Papa Francisco deixa hospital ap\u00f3s nove dias de interna\u00e7\u00e3o\",\"datePublished\":\"2023-06-16T11:34:34+00:00\",\"mainEntityOfPage\":{\"@id\":\"https:\\\/\\\/redenoticiaz.com.br\\\/litoralsp\\\/2023\\\/06\\\/16\\\/papa-francisco-deixa-hospital-apos-nove-dias-de-internacao\"},\"wordCount\":172,\"commentCount\":0,\"publisher\":{\"@id\":\"https:\\\/\\\/redenoticiaz.com.br\\\/litoralsp\\\/#organization\"},\"image\":{\"@id\":\"https:\\\/\\\/redenoticiaz.com.br\\\/litoralsp\\\/2023\\\/06\\\/16\\\/papa-francisco-deixa-hospital-apos-nove-dias-de-internacao#primaryimage\"},\"thumbnailUrl\":\"https:\\\/\\\/redenoticiaz.com.br\\\/litoralsp\\\/wp-content\\\/uploads\\\/sites\\\/3\\\/2023\\\/06\\\/papa-francisco-1.jpg\",\"keywords\":[\"alta\",\"cirurgia\",\"Francisco\",\"HOSPITAL\",\"internado\",\"intestino\",\"papa\",\"Roma\"],\"articleSection\":[\"Mundo\"],\"inLanguage\":\"pt-BR\",\"potentialAction\":[{\"@type\":\"CommentAction\",\"name\":\"Comment\",\"target\":[\"https:\\\/\\\/redenoticiaz.com.br\\\/litoralsp\\\/2023\\\/06\\\/16\\\/papa-francisco-deixa-hospital-apos-nove-dias-de-internacao#respond\"]}]},{\"@type\":\"WebPage\",\"@id\":\"https:\\\/\\\/redenoticiaz.com.br\\\/litoralsp\\\/2023\\\/06\\\/16\\\/papa-francisco-deixa-hospital-apos-nove-dias-de-internacao\",\"url\":\"https:\\\/\\\/redenoticiaz.com.br\\\/litoralsp\\\/2023\\\/06\\\/16\\\/papa-francisco-deixa-hospital-apos-nove-dias-de-internacao\",\"name\":\"Papa Francisco deixa hospital ap\u00f3s nove dias de interna\u00e7\u00e3o - Litoral SP\",\"isPartOf\":{\"@id\":\"https:\\\/\\\/redenoticiaz.com.br\\\/litoralsp\\\/#website\"},\"primaryImageOfPage\":{\"@id\":\"https:\\\/\\\/redenoticiaz.com.br\\\/litoralsp\\\/2023\\\/06\\\/16\\\/papa-francisco-deixa-hospital-apos-nove-dias-de-internacao#primaryimage\"},\"image\":{\"@id\":\"https:\\\/\\\/redenoticiaz.com.br\\\/litoralsp\\\/2023\\\/06\\\/16\\\/papa-francisco-deixa-hospital-apos-nove-dias-de-internacao#primaryimage\"},\"thumbnailUrl\":\"https:\\\/\\\/redenoticiaz.com.br\\\/litoralsp\\\/wp-content\\\/uploads\\\/sites\\\/3\\\/2023\\\/06\\\/papa-francisco-1.jpg\",\"datePublished\":\"2023-06-16T11:34:34+00:00\",\"description\":\"O Papa Francisco recebeu alta do hospital em Roma na manh\u00e3 desta sexta-feira (16), ap\u00f3s nove dias de interna\u00e7\u00e3o devido a uma cirurgia\",\"inLanguage\":\"pt-BR\",\"potentialAction\":[{\"@type\":\"ReadAction\",\"target\":[\"https:\\\/\\\/redenoticiaz.com.br\\\/litoralsp\\\/2023\\\/06\\\/16\\\/papa-francisco-deixa-hospital-apos-nove-dias-de-internacao\"]}]},{\"@type\":\"ImageObject\",\"inLanguage\":\"pt-BR\",\"@id\":\"https:\\\/\\\/redenoticiaz.com.br\\\/litoralsp\\\/2023\\\/06\\\/16\\\/papa-francisco-deixa-hospital-apos-nove-dias-de-internacao#primaryimage\",\"url\":\"https:\\\/\\\/redenoticiaz.com.br\\\/litoralsp\\\/wp-content\\\/uploads\\\/sites\\\/3\\\/2023\\\/06\\\/papa-francisco-1.jpg\",\"contentUrl\":\"https:\\\/\\\/redenoticiaz.com.br\\\/litoralsp\\\/wp-content\\\/uploads\\\/sites\\\/3\\\/2023\\\/06\\\/papa-francisco-1.jpg\",\"width\":502,\"height\":385,\"caption\":\"Papa Francisco deixa hospital ap\u00f3s nove dias de interna\u00e7\u00e3o. Cr\u00e9dito: Reprodu\u00e7\u00e3o\"},{\"@type\":\"WebSite\",\"@id\":\"https:\\\/\\\/redenoticiaz.com.br\\\/litoralsp\\\/#website\",\"url\":\"https:\\\/\\\/redenoticiaz.com.br\\\/litoralsp\\\/\",\"name\":\"Litoral SP\",\"description\":\"Rede NoticiaZ\",\"publisher\":{\"@id\":\"https:\\\/\\\/redenoticiaz.com.br\\\/litoralsp\\\/#organization\"},\"potentialAction\":[{\"@type\":\"SearchAction\",\"target\":{\"@type\":\"EntryPoint\",\"urlTemplate\":\"https:\\\/\\\/redenoticiaz.com.br\\\/litoralsp\\\/?s={search_term_string}\"},\"query-input\":{\"@type\":\"PropertyValueSpecification\",\"valueRequired\":true,\"valueName\":\"search_term_string\"}}],\"inLanguage\":\"pt-BR\"},{\"@type\":\"Organization\",\"@id\":\"https:\\\/\\\/redenoticiaz.com.br\\\/litoralsp\\\/#organization\",\"name\":\"Litoral SP\",\"url\":\"https:\\\/\\\/redenoticiaz.com.br\\\/litoralsp\\\/\",\"logo\":{\"@type\":\"ImageObject\",\"inLanguage\":\"pt-BR\",\"@id\":\"https:\\\/\\\/redenoticiaz.com.br\\\/litoralsp\\\/#\\\/schema\\\/logo\\\/image\\\/\",\"url\":\"https:\\\/\\\/redenoticiaz.com.br\\\/litoralsp\\\/wp-content\\\/uploads\\\/sites\\\/3\\\/2020\\\/11\\\/logo.jpg\",\"contentUrl\":\"https:\\\/\\\/redenoticiaz.com.br\\\/litoralsp\\\/wp-content\\\/uploads\\\/sites\\\/3\\\/2020\\\/11\\\/logo.jpg\",\"width\":400,\"height\":250,\"caption\":\"Litoral SP\"},\"image\":{\"@id\":\"https:\\\/\\\/redenoticiaz.com.br\\\/litoralsp\\\/#\\\/schema\\\/logo\\\/image\\\/\"}},{\"@type\":\"Person\",\"@id\":\"https:\\\/\\\/redenoticiaz.com.br\\\/litoralsp\\\/#\\\/schema\\\/person\\\/1f84d6e94e6a62d2d81199d7503e9e90\",\"name\":\"Carina Reifonas\",\"image\":{\"@type\":\"ImageObject\",\"inLanguage\":\"pt-BR\",\"@id\":\"https:\\\/\\\/secure.gravatar.com\\\/avatar\\\/04c59859b23696cf867715880f81d5c037e60109730bdb4e6670ec2a2245bc97?s=96&d=mm&r=g\",\"url\":\"https:\\\/\\\/secure.gravatar.com\\\/avatar\\\/04c59859b23696cf867715880f81d5c037e60109730bdb4e6670ec2a2245bc97?s=96&d=mm&r=g\",\"contentUrl\":\"https:\\\/\\\/secure.gravatar.com\\\/avatar\\\/04c59859b23696cf867715880f81d5c037e60109730bdb4e6670ec2a2245bc97?s=96&d=mm&r=g\",\"caption\":\"Carina Reifonas\"},\"url\":\"https:\\\/\\\/redenoticiaz.com.br\\\/litoralsp\\\/author\\\/carinareifonas\"}]}<\/script>\n<!-- \/ Yoast SEO plugin. -->","yoast_head_json":{"title":"Papa Francisco deixa hospital ap\u00f3s nove dias de interna\u00e7\u00e3o - Litoral SP","description":"O Papa Francisco recebeu alta do hospital em Roma na manh\u00e3 desta sexta-feira (16), ap\u00f3s nove dias de interna\u00e7\u00e3o devido a uma cirurgia","robots":{"index":"index","follow":"follow","max-snippet":"max-snippet:-1","max-image-preview":"max-image-preview:large","max-video-preview":"max-video-preview:-1"},"canonical":"https:\/\/redenoticiaz.com.br\/litoralsp\/2023\/06\/16\/papa-francisco-deixa-hospital-apos-nove-dias-de-internacao","og_locale":"pt_BR","og_type":"article","og_title":"Papa Francisco deixa hospital ap\u00f3s nove dias de interna\u00e7\u00e3o - Litoral SP","og_description":"O Papa Francisco recebeu alta do hospital em Roma na manh\u00e3 desta sexta-feira (16), ap\u00f3s nove dias de interna\u00e7\u00e3o devido a uma cirurgia","og_url":"https:\/\/redenoticiaz.com.br\/litoralsp\/2023\/06\/16\/papa-francisco-deixa-hospital-apos-nove-dias-de-internacao","og_site_name":"Litoral SP","article_published_time":"2023-06-16T11:34:34+00:00","og_image":[{"width":502,"height":385,"url":"https:\/\/redenoticiaz.com.br\/litoralsp\/wp-content\/uploads\/sites\/3\/2023\/06\/papa-francisco-1.jpg","type":"image\/jpeg"}],"author":"Carina Reifonas","twitter_card":"summary_large_image","twitter_misc":{"Escrito por":"Carina Reifonas","Est. tempo de leitura":"1 minuto"},"schema":{"@context":"https:\/\/schema.org","@graph":[{"@type":"Article","@id":"https:\/\/redenoticiaz.com.br\/litoralsp\/2023\/06\/16\/papa-francisco-deixa-hospital-apos-nove-dias-de-internacao#article","isPartOf":{"@id":"https:\/\/redenoticiaz.com.br\/litoralsp\/2023\/06\/16\/papa-francisco-deixa-hospital-apos-nove-dias-de-internacao"},"author":{"name":"Carina Reifonas","@id":"https:\/\/redenoticiaz.com.br\/litoralsp\/#\/schema\/person\/1f84d6e94e6a62d2d81199d7503e9e90"},"headline":"Papa Francisco deixa hospital ap\u00f3s nove dias de interna\u00e7\u00e3o","datePublished":"2023-06-16T11:34:34+00:00","mainEntityOfPage":{"@id":"https:\/\/redenoticiaz.com.br\/litoralsp\/2023\/06\/16\/papa-francisco-deixa-hospital-apos-nove-dias-de-internacao"},"wordCount":172,"commentCount":0,"publisher":{"@id":"https:\/\/redenoticiaz.com.br\/litoralsp\/#organization"},"image":{"@id":"https:\/\/redenoticiaz.com.br\/litoralsp\/2023\/06\/16\/papa-francisco-deixa-hospital-apos-nove-dias-de-internacao#primaryimage"},"thumbnailUrl":"https:\/\/redenoticiaz.com.br\/litoralsp\/wp-content\/uploads\/sites\/3\/2023\/06\/papa-francisco-1.jpg","keywords":["alta","cirurgia","Francisco","HOSPITAL","internado","intestino","papa","Roma"],"articleSection":["Mundo"],"inLanguage":"pt-BR","potentialAction":[{"@type":"CommentAction","name":"Comment","target":["https:\/\/redenoticiaz.com.br\/litoralsp\/2023\/06\/16\/papa-francisco-deixa-hospital-apos-nove-dias-de-internacao#respond"]}]},{"@type":"WebPage","@id":"https:\/\/redenoticiaz.com.br\/litoralsp\/2023\/06\/16\/papa-francisco-deixa-hospital-apos-nove-dias-de-internacao","url":"https:\/\/redenoticiaz.com.br\/litoralsp\/2023\/06\/16\/papa-francisco-deixa-hospital-apos-nove-dias-de-internacao","name":"Papa Francisco deixa hospital ap\u00f3s nove dias de interna\u00e7\u00e3o - Litoral SP","isPartOf":{"@id":"https:\/\/redenoticiaz.com.br\/litoralsp\/#website"},"primaryImageOfPage":{"@id":"https:\/\/redenoticiaz.com.br\/litoralsp\/2023\/06\/16\/papa-francisco-deixa-hospital-apos-nove-dias-de-internacao#primaryimage"},"image":{"@id":"https:\/\/redenoticiaz.com.br\/litoralsp\/2023\/06\/16\/papa-francisco-deixa-hospital-apos-nove-dias-de-internacao#primaryimage"},"thumbnailUrl":"https:\/\/redenoticiaz.com.br\/litoralsp\/wp-content\/uploads\/sites\/3\/2023\/06\/papa-francisco-1.jpg","datePublished":"2023-06-16T11:34:34+00:00","description":"O Papa Francisco recebeu alta do hospital em Roma na manh\u00e3 desta sexta-feira (16), ap\u00f3s nove dias de interna\u00e7\u00e3o devido a uma cirurgia","inLanguage":"pt-BR","potentialAction":[{"@type":"ReadAction","target":["https:\/\/redenoticiaz.com.br\/litoralsp\/2023\/06\/16\/papa-francisco-deixa-hospital-apos-nove-dias-de-internacao"]}]},{"@type":"ImageObject","inLanguage":"pt-BR","@id":"https:\/\/redenoticiaz.com.br\/litoralsp\/2023\/06\/16\/papa-francisco-deixa-hospital-apos-nove-dias-de-internacao#primaryimage","url":"https:\/\/redenoticiaz.com.br\/litoralsp\/wp-content\/uploads\/sites\/3\/2023\/06\/papa-francisco-1.jpg","contentUrl":"https:\/\/redenoticiaz.com.br\/litoralsp\/wp-content\/uploads\/sites\/3\/2023\/06\/papa-francisco-1.jpg","width":502,"height":385,"caption":"Papa Francisco deixa hospital ap\u00f3s nove dias de interna\u00e7\u00e3o. Cr\u00e9dito: Reprodu\u00e7\u00e3o"},{"@type":"WebSite","@id":"https:\/\/redenoticiaz.com.br\/litoralsp\/#website","url":"https:\/\/redenoticiaz.com.br\/litoralsp\/","name":"Litoral SP","description":"Rede NoticiaZ","publisher":{"@id":"https:\/\/redenoticiaz.com.br\/litoralsp\/#organization"},"potentialAction":[{"@type":"SearchAction","target":{"@type":"EntryPoint","urlTemplate":"https:\/\/redenoticiaz.com.br\/litoralsp\/?s={search_term_string}"},"query-input":{"@type":"PropertyValueSpecification","valueRequired":true,"valueName":"search_term_string"}}],"inLanguage":"pt-BR"},{"@type":"Organization","@id":"https:\/\/redenoticiaz.com.br\/litoralsp\/#organization","name":"Litoral SP","url":"https:\/\/redenoticiaz.com.br\/litoralsp\/","logo":{"@type":"ImageObject","inLanguage":"pt-BR","@id":"https:\/\/redenoticiaz.com.br\/litoralsp\/#\/schema\/logo\/image\/","url":"https:\/\/redenoticiaz.com.br\/litoralsp\/wp-content\/uploads\/sites\/3\/2020\/11\/logo.jpg","contentUrl":"https:\/\/redenoticiaz.com.br\/litoralsp\/wp-content\/uploads\/sites\/3\/2020\/11\/logo.jpg","width":400,"height":250,"caption":"Litoral SP"},"image":{"@id":"https:\/\/redenoticiaz.com.br\/litoralsp\/#\/schema\/logo\/image\/"}},{"@type":"Person","@id":"https:\/\/redenoticiaz.com.br\/litoralsp\/#\/schema\/person\/1f84d6e94e6a62d2d81199d7503e9e90","name":"Carina Reifonas","image":{"@type":"ImageObject","inLanguage":"pt-BR","@id":"https:\/\/secure.gravatar.com\/avatar\/04c59859b23696cf867715880f81d5c037e60109730bdb4e6670ec2a2245bc97?s=96&d=mm&r=g","url":"https:\/\/secure.gravatar.com\/avatar\/04c59859b23696cf867715880f81d5c037e60109730bdb4e6670ec2a2245bc97?s=96&d=mm&r=g","contentUrl":"https:\/\/secure.gravatar.com\/avatar\/04c59859b23696cf867715880f81d5c037e60109730bdb4e6670ec2a2245bc97?s=96&d=mm&r=g","caption":"Carina Reifonas"},"url":"https:\/\/redenoticiaz.com.br\/litoralsp\/author\/carinareifonas"}]}},"_links":{"self":[{"href":"https:\/\/redenoticiaz.com.br\/litoralsp\/wp-json\/wp\/v2\/posts\/107362","targetHints":{"allow":["GET"]}}],"collection":[{"href":"https:\/\/redenoticiaz.com.br\/litoralsp\/wp-json\/wp\/v2\/posts"}],"about":[{"href":"https:\/\/redenoticiaz.com.br\/litoralsp\/wp-json\/wp\/v2\/types\/post"}],"author":[{"embeddable":true,"href":"https:\/\/redenoticiaz.com.br\/litoralsp\/wp-json\/wp\/v2\/users\/30"}],"replies":[{"embeddable":true,"href":"https:\/\/redenoticiaz.com.br\/litoralsp\/wp-json\/wp\/v2\/comments?post=107362"}],"version-history":[{"count":0,"href":"https:\/\/redenoticiaz.com.br\/litoralsp\/wp-json\/wp\/v2\/posts\/107362\/revisions"}],"wp:featuredmedia":[{"embeddable":true,"href":"https:\/\/redenoticiaz.com.br\/litoralsp\/wp-json\/wp\/v2\/media\/107363"}],"wp:attachment":[{"href":"https:\/\/redenoticiaz.com.br\/litoralsp\/wp-json\/wp\/v2\/media?parent=107362"}],"wp:term":[{"taxonomy":"category","embeddable":true,"href":"https:\/\/redenoticiaz.com.br\/litoralsp\/wp-json\/wp\/v2\/categories?post=107362"},{"taxonomy":"post_tag","embeddable":true,"href":"https:\/\/redenoticiaz.com.br\/litoralsp\/wp-json\/wp\/v2\/tags?post=107362"}],"curies":[{"name":"wp","href":"https:\/\/api.w.org\/{rel}","templated":true}]}}