{"id":107377,"date":"2023-06-18T13:00:17","date_gmt":"2023-06-18T16:00:17","guid":{"rendered":"https:\/\/redenoticiaz.com.br\/litoralsp\/?p=107377"},"modified":"2023-06-18T13:00:17","modified_gmt":"2023-06-18T16:00:17","slug":"neymar-responde-proposta-para-jogar-torneio-interclasse","status":"publish","type":"post","link":"https:\/\/redenoticiaz.com.br\/litoralsp\/2023\/06\/18\/neymar-responde-proposta-para-jogar-torneio-interclasse","title":{"rendered":"Neymar responde proposta para jogar torneio &#8220;interclasse&#8221;"},"content":{"rendered":"<p>Neymar \u00e9 convidado a jogar em um tornei interclasse, por um f\u00e3 e estudante em uma escola na Bahia. A imagem inusitada mostra que jogador, entrou na brincadeira&#8217; e respondeu o pedido da crian\u00e7a.<\/p>\n<p><img loading=\"lazy\" decoding=\"async\" class=\" wp-image-107379 alignleft\" src=\"https:\/\/redenoticiaz.com.br\/litoralsp\/wp-content\/uploads\/sites\/3\/2023\/06\/mnsagem-ney-jr-194x220.jpg\" alt=\"Neymar recebe proposta para jogar torneio 'interclasse\" width=\"237\" height=\"269\" \/><\/p>\n<p>Na mensagem o menino diz, &#8220;Sei que est\u00e1 sendo dif\u00edcil estar lesionado e ser criticado pela torcida do PSG. Caso esteja procurando outro clube, no meu time da escola temos uma car\u00eancia muito grande de meia armadores. O time \u00e9 de fut7. Jogamos o interclasse por setembro&#8221;.<\/p>\n<p>\u201cQual a proposta?\u201d, questiona o jogador.<\/p>\n<p>\u201cO lanche da nossa escola \u00e9 incr\u00edvel e n\u00f3s te dar\u00edamos uma passagem pra Bahia no final do ano\u201d, respondeu o aluno.<\/p>\n<p>&#8220;Ent\u00e3o t\u00e1, vou ver quando viajo pra assinar&#8221;, diz Neymar.<\/p>\n<p>&nbsp;<\/p>\n<h3>LEIA MAIS<\/h3>\n<p><a href=\"https:\/\/redenoticiaz.com.br\/blog\/2023\/05\/23\/sete-sao-presos-acusados-de-racismo-contra-vinicius-junior\">Sete s\u00e3o presos acusados de racismo contra Vin\u00edcius J\u00fanior<\/a><\/p>\n<p>&nbsp;<\/p>\n","protected":false},"excerpt":{"rendered":"<p>Neymar \u00e9 convidado a jogar em um tornei interclasse, por um f\u00e3 e estudante em uma escola na Bahia. A imagem inusitada mostra que jogador, entrou na brincadeira&#8217; e respondeu o pedido da crian\u00e7a. Na mensagem o menino diz, &#8220;Sei que est\u00e1 sendo dif\u00edcil estar lesionado e ser criticado pela torcida do PSG. Caso esteja &hellip;<\/p>\n","protected":false},"author":30,"featured_media":107378,"comment_status":"open","ping_status":"closed","sticky":false,"template":"","format":"standard","meta":{"footnotes":""},"categories":[35],"tags":[4421,9645,64908,65816,59514,21610,59640],"class_list":["post-107377","post","type-post","status-publish","format-standard","has-post-thumbnail","hentry","category-esporte","tag-bahia","tag-crianca","tag-fa","tag-interclasse","tag-mensagem","tag-neymar","tag-proposta"],"yoast_head":"<!-- This site is optimized with the Yoast SEO plugin v27.5 - https:\/\/yoast.com\/product\/yoast-seo-wordpress\/ -->\n<title>Neymar responde proposta para jogar torneio &#8220;interclasse&#8221; - Litoral SP<\/title>\n<meta name=\"description\" content=\"Neymar \u00e9 convidado a jogar em um tornei interclasse, por um f\u00e3 e estudante em uma escola na Bahia. A imagem inusitada mostra que jogador\" \/>\n<meta name=\"robots\" content=\"index, follow, max-snippet:-1, max-image-preview:large, max-video-preview:-1\" \/>\n<link rel=\"canonical\" href=\"https:\/\/redenoticiaz.com.br\/litoralsp\/2023\/06\/18\/neymar-responde-proposta-para-jogar-torneio-interclasse\" \/>\n<meta property=\"og:locale\" content=\"pt_BR\" \/>\n<meta property=\"og:type\" content=\"article\" \/>\n<meta property=\"og:title\" content=\"Neymar responde proposta para jogar torneio &#8220;interclasse&#8221; - Litoral SP\" \/>\n<meta property=\"og:description\" content=\"Neymar \u00e9 convidado a jogar em um tornei interclasse, por um f\u00e3 e estudante em uma escola na Bahia. A imagem inusitada mostra que jogador\" \/>\n<meta property=\"og:url\" content=\"https:\/\/redenoticiaz.com.br\/litoralsp\/2023\/06\/18\/neymar-responde-proposta-para-jogar-torneio-interclasse\" \/>\n<meta property=\"og:site_name\" content=\"Litoral SP\" \/>\n<meta property=\"article:published_time\" content=\"2023-06-18T16:00:17+00:00\" \/>\n<meta property=\"og:image\" content=\"https:\/\/redenoticiaz.com.br\/litoralsp\/wp-content\/uploads\/sites\/3\/2023\/06\/neymar-jr.jpg?v=1686930207\" \/>\n\t<meta property=\"og:image:width\" content=\"643\" \/>\n\t<meta property=\"og:image:height\" content=\"720\" \/>\n\t<meta property=\"og:image:type\" content=\"image\/jpeg\" \/>\n<meta name=\"author\" content=\"Carina Reifonas\" \/>\n<meta name=\"twitter:card\" content=\"summary_large_image\" \/>\n<meta name=\"twitter:label1\" content=\"Escrito por\" \/>\n\t<meta name=\"twitter:data1\" content=\"Carina Reifonas\" \/>\n\t<meta name=\"twitter:label2\" content=\"Est. tempo de leitura\" \/>\n\t<meta name=\"twitter:data2\" content=\"1 minuto\" \/>\n<script type=\"application\/ld+json\" class=\"yoast-schema-graph\">{\"@context\":\"https:\\\/\\\/schema.org\",\"@graph\":[{\"@type\":\"Article\",\"@id\":\"https:\\\/\\\/redenoticiaz.com.br\\\/litoralsp\\\/2023\\\/06\\\/18\\\/neymar-responde-proposta-para-jogar-torneio-interclasse#article\",\"isPartOf\":{\"@id\":\"https:\\\/\\\/redenoticiaz.com.br\\\/litoralsp\\\/2023\\\/06\\\/18\\\/neymar-responde-proposta-para-jogar-torneio-interclasse\"},\"author\":{\"name\":\"Carina Reifonas\",\"@id\":\"https:\\\/\\\/redenoticiaz.com.br\\\/litoralsp\\\/#\\\/schema\\\/person\\\/1f84d6e94e6a62d2d81199d7503e9e90\"},\"headline\":\"Neymar responde proposta para jogar torneio &#8220;interclasse&#8221;\",\"datePublished\":\"2023-06-18T16:00:17+00:00\",\"mainEntityOfPage\":{\"@id\":\"https:\\\/\\\/redenoticiaz.com.br\\\/litoralsp\\\/2023\\\/06\\\/18\\\/neymar-responde-proposta-para-jogar-torneio-interclasse\"},\"wordCount\":146,\"commentCount\":0,\"publisher\":{\"@id\":\"https:\\\/\\\/redenoticiaz.com.br\\\/litoralsp\\\/#organization\"},\"image\":{\"@id\":\"https:\\\/\\\/redenoticiaz.com.br\\\/litoralsp\\\/2023\\\/06\\\/18\\\/neymar-responde-proposta-para-jogar-torneio-interclasse#primaryimage\"},\"thumbnailUrl\":\"https:\\\/\\\/redenoticiaz.com.br\\\/litoralsp\\\/wp-content\\\/uploads\\\/sites\\\/3\\\/2023\\\/06\\\/neymar-jr.jpg?v=1686930207\",\"keywords\":[\"BAHIA\",\"CRIAN\u00c7A\",\"f\u00e3\",\"interclasse\",\"MENSAGEM\",\"NEYMAR\",\"PROPOSTA\"],\"articleSection\":[\"Esporte\"],\"inLanguage\":\"pt-BR\",\"potentialAction\":[{\"@type\":\"CommentAction\",\"name\":\"Comment\",\"target\":[\"https:\\\/\\\/redenoticiaz.com.br\\\/litoralsp\\\/2023\\\/06\\\/18\\\/neymar-responde-proposta-para-jogar-torneio-interclasse#respond\"]}]},{\"@type\":\"WebPage\",\"@id\":\"https:\\\/\\\/redenoticiaz.com.br\\\/litoralsp\\\/2023\\\/06\\\/18\\\/neymar-responde-proposta-para-jogar-torneio-interclasse\",\"url\":\"https:\\\/\\\/redenoticiaz.com.br\\\/litoralsp\\\/2023\\\/06\\\/18\\\/neymar-responde-proposta-para-jogar-torneio-interclasse\",\"name\":\"Neymar responde proposta para jogar torneio &#8220;interclasse&#8221; - Litoral SP\",\"isPartOf\":{\"@id\":\"https:\\\/\\\/redenoticiaz.com.br\\\/litoralsp\\\/#website\"},\"primaryImageOfPage\":{\"@id\":\"https:\\\/\\\/redenoticiaz.com.br\\\/litoralsp\\\/2023\\\/06\\\/18\\\/neymar-responde-proposta-para-jogar-torneio-interclasse#primaryimage\"},\"image\":{\"@id\":\"https:\\\/\\\/redenoticiaz.com.br\\\/litoralsp\\\/2023\\\/06\\\/18\\\/neymar-responde-proposta-para-jogar-torneio-interclasse#primaryimage\"},\"thumbnailUrl\":\"https:\\\/\\\/redenoticiaz.com.br\\\/litoralsp\\\/wp-content\\\/uploads\\\/sites\\\/3\\\/2023\\\/06\\\/neymar-jr.jpg?v=1686930207\",\"datePublished\":\"2023-06-18T16:00:17+00:00\",\"description\":\"Neymar \u00e9 convidado a jogar em um tornei interclasse, por um f\u00e3 e estudante em uma escola na Bahia. A imagem inusitada mostra que jogador\",\"inLanguage\":\"pt-BR\",\"potentialAction\":[{\"@type\":\"ReadAction\",\"target\":[\"https:\\\/\\\/redenoticiaz.com.br\\\/litoralsp\\\/2023\\\/06\\\/18\\\/neymar-responde-proposta-para-jogar-torneio-interclasse\"]}]},{\"@type\":\"ImageObject\",\"inLanguage\":\"pt-BR\",\"@id\":\"https:\\\/\\\/redenoticiaz.com.br\\\/litoralsp\\\/2023\\\/06\\\/18\\\/neymar-responde-proposta-para-jogar-torneio-interclasse#primaryimage\",\"url\":\"https:\\\/\\\/redenoticiaz.com.br\\\/litoralsp\\\/wp-content\\\/uploads\\\/sites\\\/3\\\/2023\\\/06\\\/neymar-jr.jpg?v=1686930207\",\"contentUrl\":\"https:\\\/\\\/redenoticiaz.com.br\\\/litoralsp\\\/wp-content\\\/uploads\\\/sites\\\/3\\\/2023\\\/06\\\/neymar-jr.jpg?v=1686930207\",\"width\":643,\"height\":720,\"caption\":\"Neymar. Cr\u00e9dito: Reprodu\u00e7\u00e3o\"},{\"@type\":\"WebSite\",\"@id\":\"https:\\\/\\\/redenoticiaz.com.br\\\/litoralsp\\\/#website\",\"url\":\"https:\\\/\\\/redenoticiaz.com.br\\\/litoralsp\\\/\",\"name\":\"Litoral SP\",\"description\":\"Rede NoticiaZ\",\"publisher\":{\"@id\":\"https:\\\/\\\/redenoticiaz.com.br\\\/litoralsp\\\/#organization\"},\"potentialAction\":[{\"@type\":\"SearchAction\",\"target\":{\"@type\":\"EntryPoint\",\"urlTemplate\":\"https:\\\/\\\/redenoticiaz.com.br\\\/litoralsp\\\/?s={search_term_string}\"},\"query-input\":{\"@type\":\"PropertyValueSpecification\",\"valueRequired\":true,\"valueName\":\"search_term_string\"}}],\"inLanguage\":\"pt-BR\"},{\"@type\":\"Organization\",\"@id\":\"https:\\\/\\\/redenoticiaz.com.br\\\/litoralsp\\\/#organization\",\"name\":\"Litoral SP\",\"url\":\"https:\\\/\\\/redenoticiaz.com.br\\\/litoralsp\\\/\",\"logo\":{\"@type\":\"ImageObject\",\"inLanguage\":\"pt-BR\",\"@id\":\"https:\\\/\\\/redenoticiaz.com.br\\\/litoralsp\\\/#\\\/schema\\\/logo\\\/image\\\/\",\"url\":\"https:\\\/\\\/redenoticiaz.com.br\\\/litoralsp\\\/wp-content\\\/uploads\\\/sites\\\/3\\\/2020\\\/11\\\/logo.jpg\",\"contentUrl\":\"https:\\\/\\\/redenoticiaz.com.br\\\/litoralsp\\\/wp-content\\\/uploads\\\/sites\\\/3\\\/2020\\\/11\\\/logo.jpg\",\"width\":400,\"height\":250,\"caption\":\"Litoral SP\"},\"image\":{\"@id\":\"https:\\\/\\\/redenoticiaz.com.br\\\/litoralsp\\\/#\\\/schema\\\/logo\\\/image\\\/\"}},{\"@type\":\"Person\",\"@id\":\"https:\\\/\\\/redenoticiaz.com.br\\\/litoralsp\\\/#\\\/schema\\\/person\\\/1f84d6e94e6a62d2d81199d7503e9e90\",\"name\":\"Carina Reifonas\",\"image\":{\"@type\":\"ImageObject\",\"inLanguage\":\"pt-BR\",\"@id\":\"https:\\\/\\\/secure.gravatar.com\\\/avatar\\\/04c59859b23696cf867715880f81d5c037e60109730bdb4e6670ec2a2245bc97?s=96&d=mm&r=g\",\"url\":\"https:\\\/\\\/secure.gravatar.com\\\/avatar\\\/04c59859b23696cf867715880f81d5c037e60109730bdb4e6670ec2a2245bc97?s=96&d=mm&r=g\",\"contentUrl\":\"https:\\\/\\\/secure.gravatar.com\\\/avatar\\\/04c59859b23696cf867715880f81d5c037e60109730bdb4e6670ec2a2245bc97?s=96&d=mm&r=g\",\"caption\":\"Carina Reifonas\"},\"url\":\"https:\\\/\\\/redenoticiaz.com.br\\\/litoralsp\\\/author\\\/carinareifonas\"}]}<\/script>\n<!-- \/ Yoast SEO plugin. -->","yoast_head_json":{"title":"Neymar responde proposta para jogar torneio &#8220;interclasse&#8221; - Litoral SP","description":"Neymar \u00e9 convidado a jogar em um tornei interclasse, por um f\u00e3 e estudante em uma escola na Bahia. A imagem inusitada mostra que jogador","robots":{"index":"index","follow":"follow","max-snippet":"max-snippet:-1","max-image-preview":"max-image-preview:large","max-video-preview":"max-video-preview:-1"},"canonical":"https:\/\/redenoticiaz.com.br\/litoralsp\/2023\/06\/18\/neymar-responde-proposta-para-jogar-torneio-interclasse","og_locale":"pt_BR","og_type":"article","og_title":"Neymar responde proposta para jogar torneio &#8220;interclasse&#8221; - Litoral SP","og_description":"Neymar \u00e9 convidado a jogar em um tornei interclasse, por um f\u00e3 e estudante em uma escola na Bahia. A imagem inusitada mostra que jogador","og_url":"https:\/\/redenoticiaz.com.br\/litoralsp\/2023\/06\/18\/neymar-responde-proposta-para-jogar-torneio-interclasse","og_site_name":"Litoral SP","article_published_time":"2023-06-18T16:00:17+00:00","og_image":[{"width":643,"height":720,"url":"https:\/\/redenoticiaz.com.br\/litoralsp\/wp-content\/uploads\/sites\/3\/2023\/06\/neymar-jr.jpg?v=1686930207","type":"image\/jpeg"}],"author":"Carina Reifonas","twitter_card":"summary_large_image","twitter_misc":{"Escrito por":"Carina Reifonas","Est. tempo de leitura":"1 minuto"},"schema":{"@context":"https:\/\/schema.org","@graph":[{"@type":"Article","@id":"https:\/\/redenoticiaz.com.br\/litoralsp\/2023\/06\/18\/neymar-responde-proposta-para-jogar-torneio-interclasse#article","isPartOf":{"@id":"https:\/\/redenoticiaz.com.br\/litoralsp\/2023\/06\/18\/neymar-responde-proposta-para-jogar-torneio-interclasse"},"author":{"name":"Carina Reifonas","@id":"https:\/\/redenoticiaz.com.br\/litoralsp\/#\/schema\/person\/1f84d6e94e6a62d2d81199d7503e9e90"},"headline":"Neymar responde proposta para jogar torneio &#8220;interclasse&#8221;","datePublished":"2023-06-18T16:00:17+00:00","mainEntityOfPage":{"@id":"https:\/\/redenoticiaz.com.br\/litoralsp\/2023\/06\/18\/neymar-responde-proposta-para-jogar-torneio-interclasse"},"wordCount":146,"commentCount":0,"publisher":{"@id":"https:\/\/redenoticiaz.com.br\/litoralsp\/#organization"},"image":{"@id":"https:\/\/redenoticiaz.com.br\/litoralsp\/2023\/06\/18\/neymar-responde-proposta-para-jogar-torneio-interclasse#primaryimage"},"thumbnailUrl":"https:\/\/redenoticiaz.com.br\/litoralsp\/wp-content\/uploads\/sites\/3\/2023\/06\/neymar-jr.jpg?v=1686930207","keywords":["BAHIA","CRIAN\u00c7A","f\u00e3","interclasse","MENSAGEM","NEYMAR","PROPOSTA"],"articleSection":["Esporte"],"inLanguage":"pt-BR","potentialAction":[{"@type":"CommentAction","name":"Comment","target":["https:\/\/redenoticiaz.com.br\/litoralsp\/2023\/06\/18\/neymar-responde-proposta-para-jogar-torneio-interclasse#respond"]}]},{"@type":"WebPage","@id":"https:\/\/redenoticiaz.com.br\/litoralsp\/2023\/06\/18\/neymar-responde-proposta-para-jogar-torneio-interclasse","url":"https:\/\/redenoticiaz.com.br\/litoralsp\/2023\/06\/18\/neymar-responde-proposta-para-jogar-torneio-interclasse","name":"Neymar responde proposta para jogar torneio &#8220;interclasse&#8221; - Litoral SP","isPartOf":{"@id":"https:\/\/redenoticiaz.com.br\/litoralsp\/#website"},"primaryImageOfPage":{"@id":"https:\/\/redenoticiaz.com.br\/litoralsp\/2023\/06\/18\/neymar-responde-proposta-para-jogar-torneio-interclasse#primaryimage"},"image":{"@id":"https:\/\/redenoticiaz.com.br\/litoralsp\/2023\/06\/18\/neymar-responde-proposta-para-jogar-torneio-interclasse#primaryimage"},"thumbnailUrl":"https:\/\/redenoticiaz.com.br\/litoralsp\/wp-content\/uploads\/sites\/3\/2023\/06\/neymar-jr.jpg?v=1686930207","datePublished":"2023-06-18T16:00:17+00:00","description":"Neymar \u00e9 convidado a jogar em um tornei interclasse, por um f\u00e3 e estudante em uma escola na Bahia. A imagem inusitada mostra que jogador","inLanguage":"pt-BR","potentialAction":[{"@type":"ReadAction","target":["https:\/\/redenoticiaz.com.br\/litoralsp\/2023\/06\/18\/neymar-responde-proposta-para-jogar-torneio-interclasse"]}]},{"@type":"ImageObject","inLanguage":"pt-BR","@id":"https:\/\/redenoticiaz.com.br\/litoralsp\/2023\/06\/18\/neymar-responde-proposta-para-jogar-torneio-interclasse#primaryimage","url":"https:\/\/redenoticiaz.com.br\/litoralsp\/wp-content\/uploads\/sites\/3\/2023\/06\/neymar-jr.jpg?v=1686930207","contentUrl":"https:\/\/redenoticiaz.com.br\/litoralsp\/wp-content\/uploads\/sites\/3\/2023\/06\/neymar-jr.jpg?v=1686930207","width":643,"height":720,"caption":"Neymar. Cr\u00e9dito: Reprodu\u00e7\u00e3o"},{"@type":"WebSite","@id":"https:\/\/redenoticiaz.com.br\/litoralsp\/#website","url":"https:\/\/redenoticiaz.com.br\/litoralsp\/","name":"Litoral SP","description":"Rede NoticiaZ","publisher":{"@id":"https:\/\/redenoticiaz.com.br\/litoralsp\/#organization"},"potentialAction":[{"@type":"SearchAction","target":{"@type":"EntryPoint","urlTemplate":"https:\/\/redenoticiaz.com.br\/litoralsp\/?s={search_term_string}"},"query-input":{"@type":"PropertyValueSpecification","valueRequired":true,"valueName":"search_term_string"}}],"inLanguage":"pt-BR"},{"@type":"Organization","@id":"https:\/\/redenoticiaz.com.br\/litoralsp\/#organization","name":"Litoral SP","url":"https:\/\/redenoticiaz.com.br\/litoralsp\/","logo":{"@type":"ImageObject","inLanguage":"pt-BR","@id":"https:\/\/redenoticiaz.com.br\/litoralsp\/#\/schema\/logo\/image\/","url":"https:\/\/redenoticiaz.com.br\/litoralsp\/wp-content\/uploads\/sites\/3\/2020\/11\/logo.jpg","contentUrl":"https:\/\/redenoticiaz.com.br\/litoralsp\/wp-content\/uploads\/sites\/3\/2020\/11\/logo.jpg","width":400,"height":250,"caption":"Litoral SP"},"image":{"@id":"https:\/\/redenoticiaz.com.br\/litoralsp\/#\/schema\/logo\/image\/"}},{"@type":"Person","@id":"https:\/\/redenoticiaz.com.br\/litoralsp\/#\/schema\/person\/1f84d6e94e6a62d2d81199d7503e9e90","name":"Carina Reifonas","image":{"@type":"ImageObject","inLanguage":"pt-BR","@id":"https:\/\/secure.gravatar.com\/avatar\/04c59859b23696cf867715880f81d5c037e60109730bdb4e6670ec2a2245bc97?s=96&d=mm&r=g","url":"https:\/\/secure.gravatar.com\/avatar\/04c59859b23696cf867715880f81d5c037e60109730bdb4e6670ec2a2245bc97?s=96&d=mm&r=g","contentUrl":"https:\/\/secure.gravatar.com\/avatar\/04c59859b23696cf867715880f81d5c037e60109730bdb4e6670ec2a2245bc97?s=96&d=mm&r=g","caption":"Carina Reifonas"},"url":"https:\/\/redenoticiaz.com.br\/litoralsp\/author\/carinareifonas"}]}},"_links":{"self":[{"href":"https:\/\/redenoticiaz.com.br\/litoralsp\/wp-json\/wp\/v2\/posts\/107377","targetHints":{"allow":["GET"]}}],"collection":[{"href":"https:\/\/redenoticiaz.com.br\/litoralsp\/wp-json\/wp\/v2\/posts"}],"about":[{"href":"https:\/\/redenoticiaz.com.br\/litoralsp\/wp-json\/wp\/v2\/types\/post"}],"author":[{"embeddable":true,"href":"https:\/\/redenoticiaz.com.br\/litoralsp\/wp-json\/wp\/v2\/users\/30"}],"replies":[{"embeddable":true,"href":"https:\/\/redenoticiaz.com.br\/litoralsp\/wp-json\/wp\/v2\/comments?post=107377"}],"version-history":[{"count":1,"href":"https:\/\/redenoticiaz.com.br\/litoralsp\/wp-json\/wp\/v2\/posts\/107377\/revisions"}],"predecessor-version":[{"id":107380,"href":"https:\/\/redenoticiaz.com.br\/litoralsp\/wp-json\/wp\/v2\/posts\/107377\/revisions\/107380"}],"wp:featuredmedia":[{"embeddable":true,"href":"https:\/\/redenoticiaz.com.br\/litoralsp\/wp-json\/wp\/v2\/media\/107378"}],"wp:attachment":[{"href":"https:\/\/redenoticiaz.com.br\/litoralsp\/wp-json\/wp\/v2\/media?parent=107377"}],"wp:term":[{"taxonomy":"category","embeddable":true,"href":"https:\/\/redenoticiaz.com.br\/litoralsp\/wp-json\/wp\/v2\/categories?post=107377"},{"taxonomy":"post_tag","embeddable":true,"href":"https:\/\/redenoticiaz.com.br\/litoralsp\/wp-json\/wp\/v2\/tags?post=107377"}],"curies":[{"name":"wp","href":"https:\/\/api.w.org\/{rel}","templated":true}]}}