{"id":107407,"date":"2023-06-18T16:00:11","date_gmt":"2023-06-18T19:00:11","guid":{"rendered":"https:\/\/redenoticiaz.com.br\/litoralsp\/?p=107407"},"modified":"2023-06-16T20:41:48","modified_gmt":"2023-06-16T23:41:48","slug":"apelidos-que-viraram-nomes-de-bebes-confira-algumas-dicas","status":"publish","type":"post","link":"https:\/\/redenoticiaz.com.br\/litoralsp\/2023\/06\/18\/apelidos-que-viraram-nomes-de-bebes-confira-algumas-dicas","title":{"rendered":"Apelidos que viraram nomes de beb\u00eas: confira algumas dicas"},"content":{"rendered":"<p>A cada ano que passa, vemos o quanto os nomes v\u00e3o se modernizando. E n\u00e3o \u00e9 diferente nos tempos de hoje. Agora, os apelidos est\u00e3o se tornando nomes. Vamos ver algumas dicas para quem est\u00e1 para ter nen\u00e9m?<\/p>\n<h2 class=\"editor-header-2\">Nomes para meninas<\/h2>\n<p class=\"editor-paragraph\"><b><br \/>\nBel:<\/b>\u00a0Vari\u00e1vel dos nomes Isabel e Isabela, significa \u201cpura\u201d ou \u201caquela que cumpre promessas\u201d.<\/p>\n<p class=\"editor-paragraph\"><b>Bia:\u00a0<\/b>Geralmente deriva de Beatriz ou Bianca e seu sentido pode variar entre \u201cforte\u201d, \u201cviajante\u201d ou \u201caquela que traz felicidade\u201d.<\/p>\n<p class=\"editor-paragraph\"><b>Bella:\u00a0<\/b>Forma reduzida do italiano Isabella, o nome significa &#8220;bonita&#8221; e \u201cpura\u201d.<\/p>\n<p><b>Dora:\u00a0<\/b>De origem grega, significa \u201cd\u00e1diva\u201d e \u00e9 comumente utilizado como apelido de Isadora.<\/p>\n<p class=\"editor-paragraph\"><b>Liz ou Lis<\/b>: A vers\u00e3o encurtada de Elizabeth significa \u201cmeu Deus \u00e9 um juramento\u201d. No entanto, o apelido pode carregar outros significados por lembrar a bela Flor de Lis.<\/p>\n<p class=\"editor-paragraph\"><b>Malu:<\/b> \u00c9 o apelido dado \u00e0 Maria Luisa e significa \u201csenhora soberana e brilhante&#8221;.<\/p>\n<p class=\"editor-paragraph\"><b>Mel:<\/b>\u00a0Como nome pr\u00f3prio, mel tem o significado literal da palavra \u201cdoce como mel\u201d; se for derivado de Melissa, significa \u201cabelha\u201d.<\/p>\n<h2 class=\"editor-header-2\">Nomes para meninos<\/h2>\n<p class=\"editor-paragraph\"><b><br \/>\nBen:<\/b>\u00a0Abrevia\u00e7\u00e3o de Benjamin e Benedito, o nome tem se tornando bastante popular. De origem hebraica, significa \u201cfilho\u201d.<\/p>\n<p class=\"editor-paragraph\"><b>Chico:<\/b>\u00a0Em um sentido mais literal do espanhol, o nome pode significar \u201cmenino\u201d. Quando derivado de Francisco, significa \u201cfranc\u00eas livre\u201d.<\/p>\n<p class=\"editor-paragraph\"><b>Guto:<\/b>\u00a0Apelido comum para Augusto, o nome significa \u201csagrado\u201d.<\/p>\n<p class=\"editor-paragraph\"><b>Henry:\u00a0<\/b>Comumente utilizado como abrevia\u00e7\u00e3o de Henrique, o nome carrega o significado de \u201cpr\u00edncipe do lar\u201d.<\/p>\n<p class=\"editor-paragraph\"><b>Leo:<\/b>\u00a0Diminutivo de Leonardo, o nome surgiu do mesmo termo latim que significa \u201cle\u00e3o\u201d.<\/p>\n<p class=\"editor-paragraph\"><b>heo:\u00a0<\/b>Mais popular que Theodoro, que originou o apelido, o nome significa \u201cDeus\u201d.<\/p>\n<p class=\"editor-paragraph\"><b>Tom:<\/b> Apelido de Tom\u00e1s, o nome significa \u201cg\u00eameo\u201d.<\/p>\n<p><em><strong>LEIA MAIS<\/strong><\/em><br \/>\n<a href=\"https:\/\/redenoticiaz.com.br\/litoralsp\/2023\/06\/16\/pika-de-20cm-entra-em-extincao-segundo-cientistas\">Pika de 20cm entra em extin\u00e7\u00e3o, segundo cientistas<\/a><\/p>\n","protected":false},"excerpt":{"rendered":"<p>A cada ano que passa, vemos o quanto os nomes v\u00e3o se modernizando. E n\u00e3o \u00e9 diferente nos tempos de hoje. Agora, os apelidos est\u00e3o se tornando nomes. Vamos ver algumas dicas para quem est\u00e1 para ter nen\u00e9m? Nomes para meninas Bel:\u00a0Vari\u00e1vel dos nomes Isabel e Isabela, significa \u201cpura\u201d ou \u201caquela que cumpre promessas\u201d. Bia:\u00a0Geralmente &hellip;<\/p>\n","protected":false},"author":11,"featured_media":107408,"comment_status":"open","ping_status":"closed","sticky":false,"template":"","format":"standard","meta":{"footnotes":""},"categories":[170],"tags":[65828,65830,65829,65827],"class_list":["post-107407","post","type-post","status-publish","format-standard","has-post-thumbnail","hentry","category-entretenimento","tag-apelidos-para-nenens","tag-dicas-de-nomes","tag-nomes-criativos","tag-nomes-de-bebes"],"yoast_head":"<!-- This site is optimized with the Yoast SEO plugin v27.4 - https:\/\/yoast.com\/product\/yoast-seo-wordpress\/ -->\n<title>Apelidos que viraram nomes de beb\u00eas: confira algumas dicas - Litoral SP<\/title>\n<meta name=\"description\" content=\"A cada ano que passa, vemos o quanto os nomes v\u00e3o se modernizando. E n\u00e3o \u00e9 diferente nos tempos de hoje e apelidos est\u00e3o se tornando nomes.\" \/>\n<meta name=\"robots\" content=\"index, follow, max-snippet:-1, max-image-preview:large, max-video-preview:-1\" \/>\n<link rel=\"canonical\" href=\"https:\/\/redenoticiaz.com.br\/litoralsp\/2023\/06\/18\/apelidos-que-viraram-nomes-de-bebes-confira-algumas-dicas\" \/>\n<meta property=\"og:locale\" content=\"pt_BR\" \/>\n<meta property=\"og:type\" content=\"article\" \/>\n<meta property=\"og:title\" content=\"Apelidos que viraram nomes de beb\u00eas: confira algumas dicas - Litoral SP\" \/>\n<meta property=\"og:description\" content=\"A cada ano que passa, vemos o quanto os nomes v\u00e3o se modernizando. E n\u00e3o \u00e9 diferente nos tempos de hoje e apelidos est\u00e3o se tornando nomes.\" \/>\n<meta property=\"og:url\" content=\"https:\/\/redenoticiaz.com.br\/litoralsp\/2023\/06\/18\/apelidos-que-viraram-nomes-de-bebes-confira-algumas-dicas\" \/>\n<meta property=\"og:site_name\" content=\"Litoral SP\" \/>\n<meta property=\"article:published_time\" content=\"2023-06-18T19:00:11+00:00\" \/>\n<meta property=\"og:image\" content=\"https:\/\/redenoticiaz.com.br\/litoralsp\/wp-content\/uploads\/sites\/3\/2023\/06\/bebe-fofa.jpg\" \/>\n\t<meta property=\"og:image:width\" content=\"553\" \/>\n\t<meta property=\"og:image:height\" content=\"553\" \/>\n\t<meta property=\"og:image:type\" content=\"image\/jpeg\" \/>\n<meta name=\"twitter:card\" content=\"summary_large_image\" \/>\n<meta name=\"twitter:image\" content=\"https:\/\/redenoticiaz.com.br\/litoralsp\/wp-content\/uploads\/sites\/3\/2023\/06\/bebe-fofa.jpg\" \/>\n<meta name=\"twitter:label1\" content=\"Escrito por\" \/>\n\t<meta name=\"twitter:data1\" content=\"\" \/>\n\t<meta name=\"twitter:label2\" content=\"Est. tempo de leitura\" \/>\n\t<meta name=\"twitter:data2\" content=\"2 minutos\" \/>\n<script type=\"application\/ld+json\" class=\"yoast-schema-graph\">{\"@context\":\"https:\\\/\\\/schema.org\",\"@graph\":[{\"@type\":\"Article\",\"@id\":\"https:\\\/\\\/redenoticiaz.com.br\\\/litoralsp\\\/2023\\\/06\\\/18\\\/apelidos-que-viraram-nomes-de-bebes-confira-algumas-dicas#article\",\"isPartOf\":{\"@id\":\"https:\\\/\\\/redenoticiaz.com.br\\\/litoralsp\\\/2023\\\/06\\\/18\\\/apelidos-que-viraram-nomes-de-bebes-confira-algumas-dicas\"},\"author\":{\"name\":\"\",\"@id\":\"\"},\"headline\":\"Apelidos que viraram nomes de beb\u00eas: confira algumas dicas\",\"datePublished\":\"2023-06-18T19:00:11+00:00\",\"mainEntityOfPage\":{\"@id\":\"https:\\\/\\\/redenoticiaz.com.br\\\/litoralsp\\\/2023\\\/06\\\/18\\\/apelidos-que-viraram-nomes-de-bebes-confira-algumas-dicas\"},\"wordCount\":297,\"commentCount\":0,\"publisher\":{\"@id\":\"https:\\\/\\\/redenoticiaz.com.br\\\/litoralsp\\\/#organization\"},\"image\":{\"@id\":\"https:\\\/\\\/redenoticiaz.com.br\\\/litoralsp\\\/2023\\\/06\\\/18\\\/apelidos-que-viraram-nomes-de-bebes-confira-algumas-dicas#primaryimage\"},\"thumbnailUrl\":\"https:\\\/\\\/redenoticiaz.com.br\\\/litoralsp\\\/wp-content\\\/uploads\\\/sites\\\/3\\\/2023\\\/06\\\/bebe-fofa.jpg\",\"keywords\":[\"APELIDOS PARA NENENS\",\"DICAS DE NOMES\",\"NOMES CRIATIVOS\",\"NOMES DE BEB\u00caS\"],\"articleSection\":[\"Entretenimento\"],\"inLanguage\":\"pt-BR\",\"potentialAction\":[{\"@type\":\"CommentAction\",\"name\":\"Comment\",\"target\":[\"https:\\\/\\\/redenoticiaz.com.br\\\/litoralsp\\\/2023\\\/06\\\/18\\\/apelidos-que-viraram-nomes-de-bebes-confira-algumas-dicas#respond\"]}]},{\"@type\":\"WebPage\",\"@id\":\"https:\\\/\\\/redenoticiaz.com.br\\\/litoralsp\\\/2023\\\/06\\\/18\\\/apelidos-que-viraram-nomes-de-bebes-confira-algumas-dicas\",\"url\":\"https:\\\/\\\/redenoticiaz.com.br\\\/litoralsp\\\/2023\\\/06\\\/18\\\/apelidos-que-viraram-nomes-de-bebes-confira-algumas-dicas\",\"name\":\"Apelidos que viraram nomes de beb\u00eas: confira algumas dicas - Litoral SP\",\"isPartOf\":{\"@id\":\"https:\\\/\\\/redenoticiaz.com.br\\\/litoralsp\\\/#website\"},\"primaryImageOfPage\":{\"@id\":\"https:\\\/\\\/redenoticiaz.com.br\\\/litoralsp\\\/2023\\\/06\\\/18\\\/apelidos-que-viraram-nomes-de-bebes-confira-algumas-dicas#primaryimage\"},\"image\":{\"@id\":\"https:\\\/\\\/redenoticiaz.com.br\\\/litoralsp\\\/2023\\\/06\\\/18\\\/apelidos-que-viraram-nomes-de-bebes-confira-algumas-dicas#primaryimage\"},\"thumbnailUrl\":\"https:\\\/\\\/redenoticiaz.com.br\\\/litoralsp\\\/wp-content\\\/uploads\\\/sites\\\/3\\\/2023\\\/06\\\/bebe-fofa.jpg\",\"datePublished\":\"2023-06-18T19:00:11+00:00\",\"description\":\"A cada ano que passa, vemos o quanto os nomes v\u00e3o se modernizando. E n\u00e3o \u00e9 diferente nos tempos de hoje e apelidos est\u00e3o se tornando nomes.\",\"inLanguage\":\"pt-BR\",\"potentialAction\":[{\"@type\":\"ReadAction\",\"target\":[\"https:\\\/\\\/redenoticiaz.com.br\\\/litoralsp\\\/2023\\\/06\\\/18\\\/apelidos-que-viraram-nomes-de-bebes-confira-algumas-dicas\"]}]},{\"@type\":\"ImageObject\",\"inLanguage\":\"pt-BR\",\"@id\":\"https:\\\/\\\/redenoticiaz.com.br\\\/litoralsp\\\/2023\\\/06\\\/18\\\/apelidos-que-viraram-nomes-de-bebes-confira-algumas-dicas#primaryimage\",\"url\":\"https:\\\/\\\/redenoticiaz.com.br\\\/litoralsp\\\/wp-content\\\/uploads\\\/sites\\\/3\\\/2023\\\/06\\\/bebe-fofa.jpg\",\"contentUrl\":\"https:\\\/\\\/redenoticiaz.com.br\\\/litoralsp\\\/wp-content\\\/uploads\\\/sites\\\/3\\\/2023\\\/06\\\/bebe-fofa.jpg\",\"width\":553,\"height\":553,\"caption\":\"Fotos: Divulga\u00e7\u00e3o\"},{\"@type\":\"WebSite\",\"@id\":\"https:\\\/\\\/redenoticiaz.com.br\\\/litoralsp\\\/#website\",\"url\":\"https:\\\/\\\/redenoticiaz.com.br\\\/litoralsp\\\/\",\"name\":\"Litoral SP\",\"description\":\"Rede NoticiaZ\",\"publisher\":{\"@id\":\"https:\\\/\\\/redenoticiaz.com.br\\\/litoralsp\\\/#organization\"},\"potentialAction\":[{\"@type\":\"SearchAction\",\"target\":{\"@type\":\"EntryPoint\",\"urlTemplate\":\"https:\\\/\\\/redenoticiaz.com.br\\\/litoralsp\\\/?s={search_term_string}\"},\"query-input\":{\"@type\":\"PropertyValueSpecification\",\"valueRequired\":true,\"valueName\":\"search_term_string\"}}],\"inLanguage\":\"pt-BR\"},{\"@type\":\"Organization\",\"@id\":\"https:\\\/\\\/redenoticiaz.com.br\\\/litoralsp\\\/#organization\",\"name\":\"Litoral SP\",\"url\":\"https:\\\/\\\/redenoticiaz.com.br\\\/litoralsp\\\/\",\"logo\":{\"@type\":\"ImageObject\",\"inLanguage\":\"pt-BR\",\"@id\":\"https:\\\/\\\/redenoticiaz.com.br\\\/litoralsp\\\/#\\\/schema\\\/logo\\\/image\\\/\",\"url\":\"https:\\\/\\\/redenoticiaz.com.br\\\/litoralsp\\\/wp-content\\\/uploads\\\/sites\\\/3\\\/2020\\\/11\\\/logo.jpg\",\"contentUrl\":\"https:\\\/\\\/redenoticiaz.com.br\\\/litoralsp\\\/wp-content\\\/uploads\\\/sites\\\/3\\\/2020\\\/11\\\/logo.jpg\",\"width\":400,\"height\":250,\"caption\":\"Litoral SP\"},\"image\":{\"@id\":\"https:\\\/\\\/redenoticiaz.com.br\\\/litoralsp\\\/#\\\/schema\\\/logo\\\/image\\\/\"}},{\"@type\":\"Person\",\"@id\":\"\",\"url\":\"https:\\\/\\\/redenoticiaz.com.br\\\/litoralsp\\\/author\"}]}<\/script>\n<!-- \/ Yoast SEO plugin. -->","yoast_head_json":{"title":"Apelidos que viraram nomes de beb\u00eas: confira algumas dicas - Litoral SP","description":"A cada ano que passa, vemos o quanto os nomes v\u00e3o se modernizando. E n\u00e3o \u00e9 diferente nos tempos de hoje e apelidos est\u00e3o se tornando nomes.","robots":{"index":"index","follow":"follow","max-snippet":"max-snippet:-1","max-image-preview":"max-image-preview:large","max-video-preview":"max-video-preview:-1"},"canonical":"https:\/\/redenoticiaz.com.br\/litoralsp\/2023\/06\/18\/apelidos-que-viraram-nomes-de-bebes-confira-algumas-dicas","og_locale":"pt_BR","og_type":"article","og_title":"Apelidos que viraram nomes de beb\u00eas: confira algumas dicas - Litoral SP","og_description":"A cada ano que passa, vemos o quanto os nomes v\u00e3o se modernizando. E n\u00e3o \u00e9 diferente nos tempos de hoje e apelidos est\u00e3o se tornando nomes.","og_url":"https:\/\/redenoticiaz.com.br\/litoralsp\/2023\/06\/18\/apelidos-que-viraram-nomes-de-bebes-confira-algumas-dicas","og_site_name":"Litoral SP","article_published_time":"2023-06-18T19:00:11+00:00","og_image":[{"width":553,"height":553,"url":"https:\/\/redenoticiaz.com.br\/litoralsp\/wp-content\/uploads\/sites\/3\/2023\/06\/bebe-fofa.jpg","type":"image\/jpeg"}],"twitter_card":"summary_large_image","twitter_image":"https:\/\/redenoticiaz.com.br\/litoralsp\/wp-content\/uploads\/sites\/3\/2023\/06\/bebe-fofa.jpg","twitter_misc":{"Escrito por":"","Est. tempo de leitura":"2 minutos"},"schema":{"@context":"https:\/\/schema.org","@graph":[{"@type":"Article","@id":"https:\/\/redenoticiaz.com.br\/litoralsp\/2023\/06\/18\/apelidos-que-viraram-nomes-de-bebes-confira-algumas-dicas#article","isPartOf":{"@id":"https:\/\/redenoticiaz.com.br\/litoralsp\/2023\/06\/18\/apelidos-que-viraram-nomes-de-bebes-confira-algumas-dicas"},"author":{"name":"","@id":""},"headline":"Apelidos que viraram nomes de beb\u00eas: confira algumas dicas","datePublished":"2023-06-18T19:00:11+00:00","mainEntityOfPage":{"@id":"https:\/\/redenoticiaz.com.br\/litoralsp\/2023\/06\/18\/apelidos-que-viraram-nomes-de-bebes-confira-algumas-dicas"},"wordCount":297,"commentCount":0,"publisher":{"@id":"https:\/\/redenoticiaz.com.br\/litoralsp\/#organization"},"image":{"@id":"https:\/\/redenoticiaz.com.br\/litoralsp\/2023\/06\/18\/apelidos-que-viraram-nomes-de-bebes-confira-algumas-dicas#primaryimage"},"thumbnailUrl":"https:\/\/redenoticiaz.com.br\/litoralsp\/wp-content\/uploads\/sites\/3\/2023\/06\/bebe-fofa.jpg","keywords":["APELIDOS PARA NENENS","DICAS DE NOMES","NOMES CRIATIVOS","NOMES DE BEB\u00caS"],"articleSection":["Entretenimento"],"inLanguage":"pt-BR","potentialAction":[{"@type":"CommentAction","name":"Comment","target":["https:\/\/redenoticiaz.com.br\/litoralsp\/2023\/06\/18\/apelidos-que-viraram-nomes-de-bebes-confira-algumas-dicas#respond"]}]},{"@type":"WebPage","@id":"https:\/\/redenoticiaz.com.br\/litoralsp\/2023\/06\/18\/apelidos-que-viraram-nomes-de-bebes-confira-algumas-dicas","url":"https:\/\/redenoticiaz.com.br\/litoralsp\/2023\/06\/18\/apelidos-que-viraram-nomes-de-bebes-confira-algumas-dicas","name":"Apelidos que viraram nomes de beb\u00eas: confira algumas dicas - Litoral SP","isPartOf":{"@id":"https:\/\/redenoticiaz.com.br\/litoralsp\/#website"},"primaryImageOfPage":{"@id":"https:\/\/redenoticiaz.com.br\/litoralsp\/2023\/06\/18\/apelidos-que-viraram-nomes-de-bebes-confira-algumas-dicas#primaryimage"},"image":{"@id":"https:\/\/redenoticiaz.com.br\/litoralsp\/2023\/06\/18\/apelidos-que-viraram-nomes-de-bebes-confira-algumas-dicas#primaryimage"},"thumbnailUrl":"https:\/\/redenoticiaz.com.br\/litoralsp\/wp-content\/uploads\/sites\/3\/2023\/06\/bebe-fofa.jpg","datePublished":"2023-06-18T19:00:11+00:00","description":"A cada ano que passa, vemos o quanto os nomes v\u00e3o se modernizando. E n\u00e3o \u00e9 diferente nos tempos de hoje e apelidos est\u00e3o se tornando nomes.","inLanguage":"pt-BR","potentialAction":[{"@type":"ReadAction","target":["https:\/\/redenoticiaz.com.br\/litoralsp\/2023\/06\/18\/apelidos-que-viraram-nomes-de-bebes-confira-algumas-dicas"]}]},{"@type":"ImageObject","inLanguage":"pt-BR","@id":"https:\/\/redenoticiaz.com.br\/litoralsp\/2023\/06\/18\/apelidos-que-viraram-nomes-de-bebes-confira-algumas-dicas#primaryimage","url":"https:\/\/redenoticiaz.com.br\/litoralsp\/wp-content\/uploads\/sites\/3\/2023\/06\/bebe-fofa.jpg","contentUrl":"https:\/\/redenoticiaz.com.br\/litoralsp\/wp-content\/uploads\/sites\/3\/2023\/06\/bebe-fofa.jpg","width":553,"height":553,"caption":"Fotos: Divulga\u00e7\u00e3o"},{"@type":"WebSite","@id":"https:\/\/redenoticiaz.com.br\/litoralsp\/#website","url":"https:\/\/redenoticiaz.com.br\/litoralsp\/","name":"Litoral SP","description":"Rede NoticiaZ","publisher":{"@id":"https:\/\/redenoticiaz.com.br\/litoralsp\/#organization"},"potentialAction":[{"@type":"SearchAction","target":{"@type":"EntryPoint","urlTemplate":"https:\/\/redenoticiaz.com.br\/litoralsp\/?s={search_term_string}"},"query-input":{"@type":"PropertyValueSpecification","valueRequired":true,"valueName":"search_term_string"}}],"inLanguage":"pt-BR"},{"@type":"Organization","@id":"https:\/\/redenoticiaz.com.br\/litoralsp\/#organization","name":"Litoral SP","url":"https:\/\/redenoticiaz.com.br\/litoralsp\/","logo":{"@type":"ImageObject","inLanguage":"pt-BR","@id":"https:\/\/redenoticiaz.com.br\/litoralsp\/#\/schema\/logo\/image\/","url":"https:\/\/redenoticiaz.com.br\/litoralsp\/wp-content\/uploads\/sites\/3\/2020\/11\/logo.jpg","contentUrl":"https:\/\/redenoticiaz.com.br\/litoralsp\/wp-content\/uploads\/sites\/3\/2020\/11\/logo.jpg","width":400,"height":250,"caption":"Litoral SP"},"image":{"@id":"https:\/\/redenoticiaz.com.br\/litoralsp\/#\/schema\/logo\/image\/"}},{"@type":"Person","@id":"","url":"https:\/\/redenoticiaz.com.br\/litoralsp\/author"}]}},"_links":{"self":[{"href":"https:\/\/redenoticiaz.com.br\/litoralsp\/wp-json\/wp\/v2\/posts\/107407","targetHints":{"allow":["GET"]}}],"collection":[{"href":"https:\/\/redenoticiaz.com.br\/litoralsp\/wp-json\/wp\/v2\/posts"}],"about":[{"href":"https:\/\/redenoticiaz.com.br\/litoralsp\/wp-json\/wp\/v2\/types\/post"}],"author":[{"embeddable":true,"href":"https:\/\/redenoticiaz.com.br\/litoralsp\/wp-json\/wp\/v2\/users\/11"}],"replies":[{"embeddable":true,"href":"https:\/\/redenoticiaz.com.br\/litoralsp\/wp-json\/wp\/v2\/comments?post=107407"}],"version-history":[{"count":1,"href":"https:\/\/redenoticiaz.com.br\/litoralsp\/wp-json\/wp\/v2\/posts\/107407\/revisions"}],"predecessor-version":[{"id":107409,"href":"https:\/\/redenoticiaz.com.br\/litoralsp\/wp-json\/wp\/v2\/posts\/107407\/revisions\/107409"}],"wp:featuredmedia":[{"embeddable":true,"href":"https:\/\/redenoticiaz.com.br\/litoralsp\/wp-json\/wp\/v2\/media\/107408"}],"wp:attachment":[{"href":"https:\/\/redenoticiaz.com.br\/litoralsp\/wp-json\/wp\/v2\/media?parent=107407"}],"wp:term":[{"taxonomy":"category","embeddable":true,"href":"https:\/\/redenoticiaz.com.br\/litoralsp\/wp-json\/wp\/v2\/categories?post=107407"},{"taxonomy":"post_tag","embeddable":true,"href":"https:\/\/redenoticiaz.com.br\/litoralsp\/wp-json\/wp\/v2\/tags?post=107407"}],"curies":[{"name":"wp","href":"https:\/\/api.w.org\/{rel}","templated":true}]}}