{"id":107432,"date":"2023-06-18T15:11:33","date_gmt":"2023-06-18T18:11:33","guid":{"rendered":"https:\/\/redenoticiaz.com.br\/litoralsp\/2023\/06\/18\/mortes-no-temporal-do-rio-grande-do-sul-sobem-para-13"},"modified":"2023-06-18T15:11:33","modified_gmt":"2023-06-18T18:11:33","slug":"mortes-no-temporal-do-rio-grande-do-sul-sobem-para-13","status":"publish","type":"post","link":"https:\/\/redenoticiaz.com.br\/litoralsp\/2023\/06\/18\/mortes-no-temporal-do-rio-grande-do-sul-sobem-para-13","title":{"rendered":"Mortes no temporal do Rio Grande do Sul sobem para 13"},"content":{"rendered":"<div class=\"post-item-wrap\">\n<p><strong>Subiu para 13, o n\u00famero de mortos<\/strong> em raz\u00e3o do temporal provocado por um ciclone extratropical no Rio Grande do Sul. A informa\u00e7\u00e3o foi confirmada pela Defesa Civil do estado neste domingo (18) e outras 3.700 pessoas est\u00e3o desabrigadas e quase 700 desalojadas, e dez pessoas seguem desaparecidas, todas do munic\u00edpio de Cara\u00e1, distante a cerca de 90 km de Porto Alegre, e que tem pouco mais de 8 mil habitantes.<img decoding=\"async\" src=\"https:\/\/agenciabrasil.ebc.com.br\/ebc.png?id=1538819&amp;o=node\" \/><img decoding=\"async\" src=\"https:\/\/agenciabrasil.ebc.com.br\/ebc.gif?id=1538819&amp;o=node\" \/><\/p>\n<p>\u201cConfirmado mais um \u00f3bito encontrado em Cara\u00e1. At\u00e9 o momento s\u00e3o quatro pessoas desaparecidas no munic\u00edpio. Sobe para 13 o n\u00famero de v\u00edtimas fatais, e ainda seguem as buscas&#8221;, informou a Defesa Civil.<\/p>\n<p>O ciclone extratropical ocasionou chuvas intensas e fortes ventos no sul de Santa Catarina e no norte do Rio Grande do Sul. As tempestades causaram inunda\u00e7\u00f5es, alagamentos, enxurradas e deslizamentos de terra, que afetaram 41 cidades ga\u00fachas e 31 catarinenses.<\/p>\n<p>A Defesa Civil do Rio Grande do Sul orienta as pessoas que desejam retornar para suas resid\u00eancias a verificar as condi\u00e7\u00f5es estruturais e de seguran\u00e7a. \u201cHigienize o local e todo material que teve contato com a \u00e1gua. Comunique as autoridades se identificar riscos\u201d, alerta o \u00f3rg\u00e3o.<\/p>\n<p>Em Santa Catarina, n\u00e3o h\u00e1 registro de mortes e desaparecimentos. Tamb\u00e9m n\u00e3o h\u00e1 pessoas desabrigadas ou desalojadas. A \u00e1gua que alagava os munic\u00edpios j\u00e1 baixou e as cidades que tiveram deslizamentos j\u00e1 est\u00e3o recuperando esses locais.<\/p>\n<p>Segundo o Centro Nacional de Gerenciamento de Riscos e Desastres Naturais (Cemaden), a previs\u00e3o para este domingo (18) \u00e9 de melhora do tempo. O ciclone se deslocou para o oceano e h\u00e1 resqu\u00edcios de vento na costa norte do Rio Grande do Sul. A preocupa\u00e7\u00e3o, agora, ser\u00e1 com as baixas temperaturas, j\u00e1 que o inverno come\u00e7a na pr\u00f3xima semana.<\/p>\n<h3>Entenda o ciclone<\/h3>\n<p>O ciclone extratropical \u00e9 um sistema de baixa press\u00e3o atmosf\u00e9rica que surge fora dos tr\u00f3picos. \u00c9 associado \u00e0s frentes frias e encontrado nas m\u00e9dias e altas latitudes. No Hemisf\u00e9rio Sul, os ciclones giram no sentido dos ponteiros dos rel\u00f3gios, de acordo com o Instituto Nacional de Meteorologia (Inmet) e o Centro de Previs\u00e3o de Tempo e Estudos Clim\u00e1ticos (Cptec).<\/p>\n<p>O ciclone que atingiu o Sul do pa\u00eds, associado a uma frente fria, formou-se no Oceano Atl\u00e2ntico no decorrer da semana passada. A \u00e1rea de baixa press\u00e3o nos m\u00e9dios e altos n\u00edveis da atmosfera potencializou a forma\u00e7\u00e3o do ciclone em terra, transportando a umidade do oceano para o continente.<\/p>\n<p><strong>LEIA TAMB\u00c9M<\/strong><\/p>\n<p><a href=\"https:\/\/redenoticiaz.com.br\/blog\/2023\/06\/17\/ciclone-no-rio-grande-do-sul-mata-sete-pessoas-e-chuva-e-a-maior-em-107-anos\">Ciclone no Rio Grande do Sul mata sete pessoas e chuva \u00e9 a maior em 107 anos<\/a><\/p>\n<\/div>\n","protected":false},"excerpt":{"rendered":"<p>Subiu para 13, o n\u00famero de mortos em raz\u00e3o do temporal provocado por um ciclone extratropical no Rio Grande do Sul. A informa\u00e7\u00e3o foi confirmada pela Defesa Civil do estado neste domingo (18) e outras 3.700 pessoas est\u00e3o desabrigadas e quase 700 desalojadas, e dez pessoas seguem desaparecidas, todas do munic\u00edpio de Cara\u00e1, distante a &hellip;<\/p>\n","protected":false},"author":6,"featured_media":107433,"comment_status":"open","ping_status":"closed","sticky":false,"template":"","format":"standard","meta":{"footnotes":""},"categories":[26798],"tags":[65847,10997,1151,7416,56830,1548],"class_list":["post-107432","post","type-post","status-publish","format-standard","has-post-thumbnail","hentry","category-climatologia","tag-13-mortes","tag-ciclone-extratropical","tag-defesa-civil","tag-fortes-chuvas","tag-pessoas-desabrigadas","tag-rio-grande-do-sul"],"yoast_head":"<!-- This site is optimized with the Yoast SEO plugin v27.5 - https:\/\/yoast.com\/product\/yoast-seo-wordpress\/ -->\n<title>Mortes no temporal do Rio Grande do Sul sobem para 13 - Litoral SP<\/title>\n<meta name=\"description\" content=\"Subiu para 13, o n\u00famero de mortos em raz\u00e3o do temporal provocado por um ciclone extratropical no Rio Grande do Sul. A informa\u00e7\u00e3o\" \/>\n<meta name=\"robots\" content=\"index, follow, max-snippet:-1, max-image-preview:large, max-video-preview:-1\" \/>\n<link rel=\"canonical\" href=\"https:\/\/redenoticiaz.com.br\/litoralsp\/2023\/06\/18\/mortes-no-temporal-do-rio-grande-do-sul-sobem-para-13\" \/>\n<meta property=\"og:locale\" content=\"pt_BR\" \/>\n<meta property=\"og:type\" content=\"article\" \/>\n<meta property=\"og:title\" content=\"Mortes no temporal do Rio Grande do Sul sobem para 13 - Litoral SP\" \/>\n<meta property=\"og:description\" content=\"Subiu para 13, o n\u00famero de mortos em raz\u00e3o do temporal provocado por um ciclone extratropical no Rio Grande do Sul. A informa\u00e7\u00e3o\" \/>\n<meta property=\"og:url\" content=\"https:\/\/redenoticiaz.com.br\/litoralsp\/2023\/06\/18\/mortes-no-temporal-do-rio-grande-do-sul-sobem-para-13\" \/>\n<meta property=\"og:site_name\" content=\"Litoral SP\" \/>\n<meta property=\"article:published_time\" content=\"2023-06-18T18:11:33+00:00\" \/>\n<meta name=\"author\" content=\"Leonardo Francisco\" \/>\n<meta name=\"twitter:card\" content=\"summary_large_image\" \/>\n<meta name=\"twitter:image\" content=\"https:\/\/redenoticiaz.com.br\/litoralsp\/wp-content\/uploads\/sites\/3\/2023\/06\/Apos-ciclone-Rio-Grande-do-Sul-tem-7-mortos-e-8-desaparecidos.jpg?v=1687111818\" \/>\n<meta name=\"twitter:label1\" content=\"Escrito por\" \/>\n\t<meta name=\"twitter:data1\" content=\"Leonardo Francisco\" \/>\n\t<meta name=\"twitter:label2\" content=\"Est. tempo de leitura\" \/>\n\t<meta name=\"twitter:data2\" content=\"3 minutos\" \/>\n<script type=\"application\/ld+json\" class=\"yoast-schema-graph\">{\"@context\":\"https:\\\/\\\/schema.org\",\"@graph\":[{\"@type\":\"Article\",\"@id\":\"https:\\\/\\\/redenoticiaz.com.br\\\/litoralsp\\\/2023\\\/06\\\/18\\\/mortes-no-temporal-do-rio-grande-do-sul-sobem-para-13#article\",\"isPartOf\":{\"@id\":\"https:\\\/\\\/redenoticiaz.com.br\\\/litoralsp\\\/2023\\\/06\\\/18\\\/mortes-no-temporal-do-rio-grande-do-sul-sobem-para-13\"},\"author\":{\"name\":\"Leonardo Francisco\",\"@id\":\"https:\\\/\\\/redenoticiaz.com.br\\\/litoralsp\\\/#\\\/schema\\\/person\\\/0f0b8a5bdafefe82841e07ae8d81ecb3\"},\"headline\":\"Mortes no temporal do Rio Grande do Sul sobem para 13\",\"datePublished\":\"2023-06-18T18:11:33+00:00\",\"mainEntityOfPage\":{\"@id\":\"https:\\\/\\\/redenoticiaz.com.br\\\/litoralsp\\\/2023\\\/06\\\/18\\\/mortes-no-temporal-do-rio-grande-do-sul-sobem-para-13\"},\"wordCount\":450,\"commentCount\":0,\"publisher\":{\"@id\":\"https:\\\/\\\/redenoticiaz.com.br\\\/litoralsp\\\/#organization\"},\"image\":{\"@id\":\"https:\\\/\\\/redenoticiaz.com.br\\\/litoralsp\\\/2023\\\/06\\\/18\\\/mortes-no-temporal-do-rio-grande-do-sul-sobem-para-13#primaryimage\"},\"thumbnailUrl\":\"https:\\\/\\\/redenoticiaz.com.br\\\/litoralsp\\\/wp-content\\\/uploads\\\/sites\\\/3\\\/2023\\\/06\\\/Apos-ciclone-Rio-Grande-do-Sul-tem-7-mortos-e-8-desaparecidos.jpg?v=1687111818\",\"keywords\":[\"13 MORTES\",\"CICLONE EXTRATROPICAL\",\"DEFESA CIVIL\",\"FORTES CHUVAS\",\"PESSOAS DESABRIGADAS\",\"RIO GRANDE DO SUL\"],\"articleSection\":[\"Climatologia\"],\"inLanguage\":\"pt-BR\",\"potentialAction\":[{\"@type\":\"CommentAction\",\"name\":\"Comment\",\"target\":[\"https:\\\/\\\/redenoticiaz.com.br\\\/litoralsp\\\/2023\\\/06\\\/18\\\/mortes-no-temporal-do-rio-grande-do-sul-sobem-para-13#respond\"]}]},{\"@type\":\"WebPage\",\"@id\":\"https:\\\/\\\/redenoticiaz.com.br\\\/litoralsp\\\/2023\\\/06\\\/18\\\/mortes-no-temporal-do-rio-grande-do-sul-sobem-para-13\",\"url\":\"https:\\\/\\\/redenoticiaz.com.br\\\/litoralsp\\\/2023\\\/06\\\/18\\\/mortes-no-temporal-do-rio-grande-do-sul-sobem-para-13\",\"name\":\"Mortes no temporal do Rio Grande do Sul sobem para 13 - Litoral SP\",\"isPartOf\":{\"@id\":\"https:\\\/\\\/redenoticiaz.com.br\\\/litoralsp\\\/#website\"},\"primaryImageOfPage\":{\"@id\":\"https:\\\/\\\/redenoticiaz.com.br\\\/litoralsp\\\/2023\\\/06\\\/18\\\/mortes-no-temporal-do-rio-grande-do-sul-sobem-para-13#primaryimage\"},\"image\":{\"@id\":\"https:\\\/\\\/redenoticiaz.com.br\\\/litoralsp\\\/2023\\\/06\\\/18\\\/mortes-no-temporal-do-rio-grande-do-sul-sobem-para-13#primaryimage\"},\"thumbnailUrl\":\"https:\\\/\\\/redenoticiaz.com.br\\\/litoralsp\\\/wp-content\\\/uploads\\\/sites\\\/3\\\/2023\\\/06\\\/Apos-ciclone-Rio-Grande-do-Sul-tem-7-mortos-e-8-desaparecidos.jpg?v=1687111818\",\"datePublished\":\"2023-06-18T18:11:33+00:00\",\"description\":\"Subiu para 13, o n\u00famero de mortos em raz\u00e3o do temporal provocado por um ciclone extratropical no Rio Grande do Sul. A informa\u00e7\u00e3o\",\"inLanguage\":\"pt-BR\",\"potentialAction\":[{\"@type\":\"ReadAction\",\"target\":[\"https:\\\/\\\/redenoticiaz.com.br\\\/litoralsp\\\/2023\\\/06\\\/18\\\/mortes-no-temporal-do-rio-grande-do-sul-sobem-para-13\"]}]},{\"@type\":\"ImageObject\",\"inLanguage\":\"pt-BR\",\"@id\":\"https:\\\/\\\/redenoticiaz.com.br\\\/litoralsp\\\/2023\\\/06\\\/18\\\/mortes-no-temporal-do-rio-grande-do-sul-sobem-para-13#primaryimage\",\"url\":\"https:\\\/\\\/redenoticiaz.com.br\\\/litoralsp\\\/wp-content\\\/uploads\\\/sites\\\/3\\\/2023\\\/06\\\/Apos-ciclone-Rio-Grande-do-Sul-tem-7-mortos-e-8-desaparecidos.jpg?v=1687111818\",\"contentUrl\":\"https:\\\/\\\/redenoticiaz.com.br\\\/litoralsp\\\/wp-content\\\/uploads\\\/sites\\\/3\\\/2023\\\/06\\\/Apos-ciclone-Rio-Grande-do-Sul-tem-7-mortos-e-8-desaparecidos.jpg?v=1687111818\",\"width\":900,\"height\":506,\"caption\":\"A\u00e7\u00f5es de resgate \u00e1s v\u00edtimas prosseguem. Cr\u00e9ditos: Reprodu\u00e7\u00e3o\"},{\"@type\":\"WebSite\",\"@id\":\"https:\\\/\\\/redenoticiaz.com.br\\\/litoralsp\\\/#website\",\"url\":\"https:\\\/\\\/redenoticiaz.com.br\\\/litoralsp\\\/\",\"name\":\"Litoral SP\",\"description\":\"Rede NoticiaZ\",\"publisher\":{\"@id\":\"https:\\\/\\\/redenoticiaz.com.br\\\/litoralsp\\\/#organization\"},\"potentialAction\":[{\"@type\":\"SearchAction\",\"target\":{\"@type\":\"EntryPoint\",\"urlTemplate\":\"https:\\\/\\\/redenoticiaz.com.br\\\/litoralsp\\\/?s={search_term_string}\"},\"query-input\":{\"@type\":\"PropertyValueSpecification\",\"valueRequired\":true,\"valueName\":\"search_term_string\"}}],\"inLanguage\":\"pt-BR\"},{\"@type\":\"Organization\",\"@id\":\"https:\\\/\\\/redenoticiaz.com.br\\\/litoralsp\\\/#organization\",\"name\":\"Litoral SP\",\"url\":\"https:\\\/\\\/redenoticiaz.com.br\\\/litoralsp\\\/\",\"logo\":{\"@type\":\"ImageObject\",\"inLanguage\":\"pt-BR\",\"@id\":\"https:\\\/\\\/redenoticiaz.com.br\\\/litoralsp\\\/#\\\/schema\\\/logo\\\/image\\\/\",\"url\":\"https:\\\/\\\/redenoticiaz.com.br\\\/litoralsp\\\/wp-content\\\/uploads\\\/sites\\\/3\\\/2020\\\/11\\\/logo.jpg\",\"contentUrl\":\"https:\\\/\\\/redenoticiaz.com.br\\\/litoralsp\\\/wp-content\\\/uploads\\\/sites\\\/3\\\/2020\\\/11\\\/logo.jpg\",\"width\":400,\"height\":250,\"caption\":\"Litoral SP\"},\"image\":{\"@id\":\"https:\\\/\\\/redenoticiaz.com.br\\\/litoralsp\\\/#\\\/schema\\\/logo\\\/image\\\/\"}},{\"@type\":\"Person\",\"@id\":\"https:\\\/\\\/redenoticiaz.com.br\\\/litoralsp\\\/#\\\/schema\\\/person\\\/0f0b8a5bdafefe82841e07ae8d81ecb3\",\"name\":\"Leonardo Francisco\",\"image\":{\"@type\":\"ImageObject\",\"inLanguage\":\"pt-BR\",\"@id\":\"https:\\\/\\\/secure.gravatar.com\\\/avatar\\\/a7358cb406a99b682ec6df1e77e31ae82e63601f6784e8a3df411d72b37864da?s=96&d=mm&r=g\",\"url\":\"https:\\\/\\\/secure.gravatar.com\\\/avatar\\\/a7358cb406a99b682ec6df1e77e31ae82e63601f6784e8a3df411d72b37864da?s=96&d=mm&r=g\",\"contentUrl\":\"https:\\\/\\\/secure.gravatar.com\\\/avatar\\\/a7358cb406a99b682ec6df1e77e31ae82e63601f6784e8a3df411d72b37864da?s=96&d=mm&r=g\",\"caption\":\"Leonardo Francisco\"},\"url\":\"https:\\\/\\\/redenoticiaz.com.br\\\/litoralsp\\\/author\\\/leonardo-francisco\"}]}<\/script>\n<!-- \/ Yoast SEO plugin. -->","yoast_head_json":{"title":"Mortes no temporal do Rio Grande do Sul sobem para 13 - Litoral SP","description":"Subiu para 13, o n\u00famero de mortos em raz\u00e3o do temporal provocado por um ciclone extratropical no Rio Grande do Sul. A informa\u00e7\u00e3o","robots":{"index":"index","follow":"follow","max-snippet":"max-snippet:-1","max-image-preview":"max-image-preview:large","max-video-preview":"max-video-preview:-1"},"canonical":"https:\/\/redenoticiaz.com.br\/litoralsp\/2023\/06\/18\/mortes-no-temporal-do-rio-grande-do-sul-sobem-para-13","og_locale":"pt_BR","og_type":"article","og_title":"Mortes no temporal do Rio Grande do Sul sobem para 13 - Litoral SP","og_description":"Subiu para 13, o n\u00famero de mortos em raz\u00e3o do temporal provocado por um ciclone extratropical no Rio Grande do Sul. A informa\u00e7\u00e3o","og_url":"https:\/\/redenoticiaz.com.br\/litoralsp\/2023\/06\/18\/mortes-no-temporal-do-rio-grande-do-sul-sobem-para-13","og_site_name":"Litoral SP","article_published_time":"2023-06-18T18:11:33+00:00","author":"Leonardo Francisco","twitter_card":"summary_large_image","twitter_image":"https:\/\/redenoticiaz.com.br\/litoralsp\/wp-content\/uploads\/sites\/3\/2023\/06\/Apos-ciclone-Rio-Grande-do-Sul-tem-7-mortos-e-8-desaparecidos.jpg?v=1687111818","twitter_misc":{"Escrito por":"Leonardo Francisco","Est. tempo de leitura":"3 minutos"},"schema":{"@context":"https:\/\/schema.org","@graph":[{"@type":"Article","@id":"https:\/\/redenoticiaz.com.br\/litoralsp\/2023\/06\/18\/mortes-no-temporal-do-rio-grande-do-sul-sobem-para-13#article","isPartOf":{"@id":"https:\/\/redenoticiaz.com.br\/litoralsp\/2023\/06\/18\/mortes-no-temporal-do-rio-grande-do-sul-sobem-para-13"},"author":{"name":"Leonardo Francisco","@id":"https:\/\/redenoticiaz.com.br\/litoralsp\/#\/schema\/person\/0f0b8a5bdafefe82841e07ae8d81ecb3"},"headline":"Mortes no temporal do Rio Grande do Sul sobem para 13","datePublished":"2023-06-18T18:11:33+00:00","mainEntityOfPage":{"@id":"https:\/\/redenoticiaz.com.br\/litoralsp\/2023\/06\/18\/mortes-no-temporal-do-rio-grande-do-sul-sobem-para-13"},"wordCount":450,"commentCount":0,"publisher":{"@id":"https:\/\/redenoticiaz.com.br\/litoralsp\/#organization"},"image":{"@id":"https:\/\/redenoticiaz.com.br\/litoralsp\/2023\/06\/18\/mortes-no-temporal-do-rio-grande-do-sul-sobem-para-13#primaryimage"},"thumbnailUrl":"https:\/\/redenoticiaz.com.br\/litoralsp\/wp-content\/uploads\/sites\/3\/2023\/06\/Apos-ciclone-Rio-Grande-do-Sul-tem-7-mortos-e-8-desaparecidos.jpg?v=1687111818","keywords":["13 MORTES","CICLONE EXTRATROPICAL","DEFESA CIVIL","FORTES CHUVAS","PESSOAS DESABRIGADAS","RIO GRANDE DO SUL"],"articleSection":["Climatologia"],"inLanguage":"pt-BR","potentialAction":[{"@type":"CommentAction","name":"Comment","target":["https:\/\/redenoticiaz.com.br\/litoralsp\/2023\/06\/18\/mortes-no-temporal-do-rio-grande-do-sul-sobem-para-13#respond"]}]},{"@type":"WebPage","@id":"https:\/\/redenoticiaz.com.br\/litoralsp\/2023\/06\/18\/mortes-no-temporal-do-rio-grande-do-sul-sobem-para-13","url":"https:\/\/redenoticiaz.com.br\/litoralsp\/2023\/06\/18\/mortes-no-temporal-do-rio-grande-do-sul-sobem-para-13","name":"Mortes no temporal do Rio Grande do Sul sobem para 13 - Litoral SP","isPartOf":{"@id":"https:\/\/redenoticiaz.com.br\/litoralsp\/#website"},"primaryImageOfPage":{"@id":"https:\/\/redenoticiaz.com.br\/litoralsp\/2023\/06\/18\/mortes-no-temporal-do-rio-grande-do-sul-sobem-para-13#primaryimage"},"image":{"@id":"https:\/\/redenoticiaz.com.br\/litoralsp\/2023\/06\/18\/mortes-no-temporal-do-rio-grande-do-sul-sobem-para-13#primaryimage"},"thumbnailUrl":"https:\/\/redenoticiaz.com.br\/litoralsp\/wp-content\/uploads\/sites\/3\/2023\/06\/Apos-ciclone-Rio-Grande-do-Sul-tem-7-mortos-e-8-desaparecidos.jpg?v=1687111818","datePublished":"2023-06-18T18:11:33+00:00","description":"Subiu para 13, o n\u00famero de mortos em raz\u00e3o do temporal provocado por um ciclone extratropical no Rio Grande do Sul. A informa\u00e7\u00e3o","inLanguage":"pt-BR","potentialAction":[{"@type":"ReadAction","target":["https:\/\/redenoticiaz.com.br\/litoralsp\/2023\/06\/18\/mortes-no-temporal-do-rio-grande-do-sul-sobem-para-13"]}]},{"@type":"ImageObject","inLanguage":"pt-BR","@id":"https:\/\/redenoticiaz.com.br\/litoralsp\/2023\/06\/18\/mortes-no-temporal-do-rio-grande-do-sul-sobem-para-13#primaryimage","url":"https:\/\/redenoticiaz.com.br\/litoralsp\/wp-content\/uploads\/sites\/3\/2023\/06\/Apos-ciclone-Rio-Grande-do-Sul-tem-7-mortos-e-8-desaparecidos.jpg?v=1687111818","contentUrl":"https:\/\/redenoticiaz.com.br\/litoralsp\/wp-content\/uploads\/sites\/3\/2023\/06\/Apos-ciclone-Rio-Grande-do-Sul-tem-7-mortos-e-8-desaparecidos.jpg?v=1687111818","width":900,"height":506,"caption":"A\u00e7\u00f5es de resgate \u00e1s v\u00edtimas prosseguem. Cr\u00e9ditos: Reprodu\u00e7\u00e3o"},{"@type":"WebSite","@id":"https:\/\/redenoticiaz.com.br\/litoralsp\/#website","url":"https:\/\/redenoticiaz.com.br\/litoralsp\/","name":"Litoral SP","description":"Rede NoticiaZ","publisher":{"@id":"https:\/\/redenoticiaz.com.br\/litoralsp\/#organization"},"potentialAction":[{"@type":"SearchAction","target":{"@type":"EntryPoint","urlTemplate":"https:\/\/redenoticiaz.com.br\/litoralsp\/?s={search_term_string}"},"query-input":{"@type":"PropertyValueSpecification","valueRequired":true,"valueName":"search_term_string"}}],"inLanguage":"pt-BR"},{"@type":"Organization","@id":"https:\/\/redenoticiaz.com.br\/litoralsp\/#organization","name":"Litoral SP","url":"https:\/\/redenoticiaz.com.br\/litoralsp\/","logo":{"@type":"ImageObject","inLanguage":"pt-BR","@id":"https:\/\/redenoticiaz.com.br\/litoralsp\/#\/schema\/logo\/image\/","url":"https:\/\/redenoticiaz.com.br\/litoralsp\/wp-content\/uploads\/sites\/3\/2020\/11\/logo.jpg","contentUrl":"https:\/\/redenoticiaz.com.br\/litoralsp\/wp-content\/uploads\/sites\/3\/2020\/11\/logo.jpg","width":400,"height":250,"caption":"Litoral SP"},"image":{"@id":"https:\/\/redenoticiaz.com.br\/litoralsp\/#\/schema\/logo\/image\/"}},{"@type":"Person","@id":"https:\/\/redenoticiaz.com.br\/litoralsp\/#\/schema\/person\/0f0b8a5bdafefe82841e07ae8d81ecb3","name":"Leonardo Francisco","image":{"@type":"ImageObject","inLanguage":"pt-BR","@id":"https:\/\/secure.gravatar.com\/avatar\/a7358cb406a99b682ec6df1e77e31ae82e63601f6784e8a3df411d72b37864da?s=96&d=mm&r=g","url":"https:\/\/secure.gravatar.com\/avatar\/a7358cb406a99b682ec6df1e77e31ae82e63601f6784e8a3df411d72b37864da?s=96&d=mm&r=g","contentUrl":"https:\/\/secure.gravatar.com\/avatar\/a7358cb406a99b682ec6df1e77e31ae82e63601f6784e8a3df411d72b37864da?s=96&d=mm&r=g","caption":"Leonardo Francisco"},"url":"https:\/\/redenoticiaz.com.br\/litoralsp\/author\/leonardo-francisco"}]}},"_links":{"self":[{"href":"https:\/\/redenoticiaz.com.br\/litoralsp\/wp-json\/wp\/v2\/posts\/107432","targetHints":{"allow":["GET"]}}],"collection":[{"href":"https:\/\/redenoticiaz.com.br\/litoralsp\/wp-json\/wp\/v2\/posts"}],"about":[{"href":"https:\/\/redenoticiaz.com.br\/litoralsp\/wp-json\/wp\/v2\/types\/post"}],"author":[{"embeddable":true,"href":"https:\/\/redenoticiaz.com.br\/litoralsp\/wp-json\/wp\/v2\/users\/6"}],"replies":[{"embeddable":true,"href":"https:\/\/redenoticiaz.com.br\/litoralsp\/wp-json\/wp\/v2\/comments?post=107432"}],"version-history":[{"count":0,"href":"https:\/\/redenoticiaz.com.br\/litoralsp\/wp-json\/wp\/v2\/posts\/107432\/revisions"}],"wp:featuredmedia":[{"embeddable":true,"href":"https:\/\/redenoticiaz.com.br\/litoralsp\/wp-json\/wp\/v2\/media\/107433"}],"wp:attachment":[{"href":"https:\/\/redenoticiaz.com.br\/litoralsp\/wp-json\/wp\/v2\/media?parent=107432"}],"wp:term":[{"taxonomy":"category","embeddable":true,"href":"https:\/\/redenoticiaz.com.br\/litoralsp\/wp-json\/wp\/v2\/categories?post=107432"},{"taxonomy":"post_tag","embeddable":true,"href":"https:\/\/redenoticiaz.com.br\/litoralsp\/wp-json\/wp\/v2\/tags?post=107432"}],"curies":[{"name":"wp","href":"https:\/\/api.w.org\/{rel}","templated":true}]}}