{"id":107434,"date":"2023-06-18T15:26:30","date_gmt":"2023-06-18T18:26:30","guid":{"rendered":"https:\/\/redenoticiaz.com.br\/litoralsp\/?p=107434"},"modified":"2023-06-18T15:26:30","modified_gmt":"2023-06-18T18:26:30","slug":"montagem-das-moradias-as-vitimas-do-temporal-de-sao-sebastiao-devem-comecar-nesta-semana","status":"publish","type":"post","link":"https:\/\/redenoticiaz.com.br\/litoralsp\/2023\/06\/18\/montagem-das-moradias-as-vitimas-do-temporal-de-sao-sebastiao-devem-comecar-nesta-semana","title":{"rendered":"Montagem das moradias \u00e0s v\u00edtimas do temporal de S\u00e3o Sebasti\u00e3o devem come\u00e7ar nesta semana"},"content":{"rendered":"<div id=\"chunk-2aqv\">\n<div class=\"mc-column content-text active-extra-styles \" data-block-type=\"unstyled\" data-block-weight=\"32\" data-block-id=\"3\">\n<p class=\"content-text__container \" data-track-category=\"Link no Texto\" data-track-links=\"\">As t\u00e3o aguardadas obras de novas moradias para as fam\u00edlias prejudicadas pelo temporal de S\u00e3o Sebasti\u00e3o, em fevereiro deste ano, devem come\u00e7ar nesta semana. Segundo o Governo de S\u00e3o Paulo, a tend\u00eancia \u00e9 que nesta quarta-feira (21), tenham in\u00edcio a <strong>montagem das 518 unidades habitacionais<\/strong> no bairro Baleia Verde.<\/p>\n<\/div>\n<\/div>\n<div class=\"wall protected-content\">\n<div id=\"chunk-d3mks\">\n<div class=\"mc-column content-text active-extra-styles \" data-block-type=\"unstyled\" data-block-weight=\"43\" data-block-id=\"4\">\n<p class=\"content-text__container \" data-track-category=\"Link no Texto\" data-track-links=\"\">Segundo a Companhia de Desenvolvimento Habitacional e Urbano (CDHU), o terreno que vai abrigar as futuras moradias vem recebendo os preparos desde mar\u00e7o. Mas al\u00e9m do terreno no Baleia Verde, h\u00e1 obras para outras 186 moradias definitivas em Maresias.<\/p>\n<\/div>\n<\/div>\n<div id=\"chunk-fqv6p\">\n<div class=\"mc-column content-text active-extra-styles \" data-block-type=\"unstyled\" data-block-weight=\"40\" data-block-id=\"5\">\n<p class=\"content-text__container \" data-track-category=\"Link no Texto\" data-track-links=\"\">Segundo a CDHU, os apartamentos ser\u00e3o constru\u00eddos com uma tecnologia de estruturas pr\u00e9-moldadas. O empreendimento est\u00e1 sob responsabilidade da construtora Tecverde, que fabrica os m\u00f3dulos no Paran\u00e1 e j\u00e1 iniciou o transporte do material para o litoral norte paulista.<\/p>\n<div id=\"chunk-e107v\">\n<div class=\"mc-column content-text active-extra-styles \" data-block-type=\"unstyled\" data-block-weight=\"39\" data-block-id=\"8\">\n<p class=\"content-text__container \" data-track-category=\"Link no Texto\" data-track-links=\"\">O sistema construtivo conhecido como \u201cwood frame\u201d vai ser empregado para erguer pr\u00e9dios com quatro pavimentos e 16 apartamentos. Os m\u00f3dulos j\u00e1 saem de f\u00e1brica com acabamento e instala\u00e7\u00f5es el\u00e9tricas e hidr\u00e1ulicas. Cada apartamento ter\u00e1 41 m\u00b2.<\/p>\n<\/div>\n<\/div>\n<div id=\"chunk-4svq6\">\n<div class=\"mc-column content-text active-extra-styles \" data-block-type=\"unstyled\" data-block-weight=\"26\" data-block-id=\"9\">\n<p class=\"content-text__container \" data-track-category=\"Link no Texto\" data-track-links=\"\">O valor total do investimento no bairro Baleia Verde \u00e9 de R$ 72 milh\u00f5es. Ser\u00e3o dois conjuntos habitacionais em dois terrenos com 39 mil m\u00b2.<\/p>\n<\/div>\n<\/div>\n<div id=\"chunk-ck46h\">\n<div class=\"mc-column content-text active-extra-styles \" data-block-type=\"unstyled\" data-block-weight=\"33\" data-block-id=\"10\">\n<p class=\"content-text__container \" data-track-category=\"Link no Texto\" data-track-links=\"\">Al\u00e9m de 30 edif\u00edcios de quatro andares, com quatro apartamentos por pavimento. Haver\u00e1 ainda 20 unidades t\u00e9rreas e 18 moradias para pessoas com defici\u00eancia, al\u00e9m de quatro centros de apoio ao condom\u00ednio.<\/p>\n<\/div>\n<\/div>\n<div id=\"chunk-fsmhu\">\n<div class=\"mc-column content-text active-extra-styles \" data-block-type=\"unstyled\" data-block-weight=\"22\" data-block-id=\"11\">\n<p class=\"content-text__container \" data-track-category=\"Link no Texto\" data-track-links=\"\">Segundo o governo estadual, o prazo para obras das moradias definitivas \u00e9 novembro. O custo total \u00e9 de R$ 210 milh\u00f5es.<\/p>\n<\/div>\n<\/div>\n<div id=\"chunk-12ftu\">\n<div class=\"mc-column content-text active-extra-styles \" data-block-type=\"unstyled\" data-block-weight=\"21\" data-block-id=\"13\">\n<p class=\"content-text__container \" data-track-category=\"Link no Texto\" data-track-links=\"\">A previs\u00e3o do Governo de S\u00e3o Paulo \u00e9 concluir todos os empreendimentos at\u00e9 novembro, num investimento total de R$ 210 milh\u00f5es.<\/p>\n<p data-track-category=\"Link no Texto\" data-track-links=\"\"><strong>LEIA TAMB\u00c9M<\/strong><\/p>\n<p data-track-category=\"Link no Texto\" data-track-links=\"\"><a href=\"https:\/\/redenoticiaz.com.br\/litoralsp\/2023\/06\/14\/abrigos-preventivos-sao-disponibilizados-em-sao-sebastiao\">Abrigos preventivos s\u00e3o disponibilizados em S\u00e3o Sebasti\u00e3o<\/a><\/p>\n<\/div>\n<\/div>\n<\/div>\n<\/div>\n<\/div>\n","protected":false},"excerpt":{"rendered":"<p>As t\u00e3o aguardadas obras de novas moradias para as fam\u00edlias prejudicadas pelo temporal de S\u00e3o Sebasti\u00e3o, em fevereiro deste ano, devem come\u00e7ar nesta semana. Segundo o Governo de S\u00e3o Paulo, a tend\u00eancia \u00e9 que nesta quarta-feira (21), tenham in\u00edcio a montagem das 518 unidades habitacionais no bairro Baleia Verde. Segundo a Companhia de Desenvolvimento Habitacional &hellip;<\/p>\n","protected":false},"author":6,"featured_media":107435,"comment_status":"open","ping_status":"closed","sticky":false,"template":"","format":"standard","meta":{"footnotes":""},"categories":[54169,188],"tags":[1999,1152,3707,8732,65848],"class_list":["post-107434","post","type-post","status-publish","format-standard","has-post-thumbnail","hentry","category-habitacao","category-sao-sebastiao","tag-cdhu","tag-governo-de-sao-paulo","tag-sao-sebastiao","tag-unidades-habitacionais","tag-vitimas-do-temporal"],"yoast_head":"<!-- This site is optimized with the Yoast SEO plugin v27.5 - https:\/\/yoast.com\/product\/yoast-seo-wordpress\/ -->\n<title>Montagem das moradias \u00e0s v\u00edtimas do temporal de S\u00e3o Sebasti\u00e3o devem come\u00e7ar nesta semana - Litoral SP<\/title>\n<meta name=\"description\" content=\"ano, devem come\u00e7ar nesta semana. Segundo o Governo de S\u00e3o Paulo, a tend\u00eancia \u00e9 que nesta quarta-feira (21), tenham in\u00edcio a montagem\" \/>\n<meta name=\"robots\" content=\"index, follow, max-snippet:-1, max-image-preview:large, max-video-preview:-1\" \/>\n<link rel=\"canonical\" href=\"https:\/\/redenoticiaz.com.br\/litoralsp\/2023\/06\/18\/montagem-das-moradias-as-vitimas-do-temporal-de-sao-sebastiao-devem-comecar-nesta-semana\" \/>\n<meta property=\"og:locale\" content=\"pt_BR\" \/>\n<meta property=\"og:type\" content=\"article\" \/>\n<meta property=\"og:title\" content=\"Montagem das moradias \u00e0s v\u00edtimas do temporal de S\u00e3o Sebasti\u00e3o devem come\u00e7ar nesta semana - Litoral SP\" \/>\n<meta property=\"og:description\" content=\"ano, devem come\u00e7ar nesta semana. Segundo o Governo de S\u00e3o Paulo, a tend\u00eancia \u00e9 que nesta quarta-feira (21), tenham in\u00edcio a montagem\" \/>\n<meta property=\"og:url\" content=\"https:\/\/redenoticiaz.com.br\/litoralsp\/2023\/06\/18\/montagem-das-moradias-as-vitimas-do-temporal-de-sao-sebastiao-devem-comecar-nesta-semana\" \/>\n<meta property=\"og:site_name\" content=\"Litoral SP\" \/>\n<meta property=\"article:published_time\" content=\"2023-06-18T18:26:30+00:00\" \/>\n<meta property=\"og:image\" content=\"https:\/\/redenoticiaz.com.br\/litoralsp\/wp-content\/uploads\/sites\/3\/2023\/06\/Sao-Sebastiao-Obras.jpg\" \/>\n\t<meta property=\"og:image:width\" content=\"800\" \/>\n\t<meta property=\"og:image:height\" content=\"534\" \/>\n\t<meta property=\"og:image:type\" content=\"image\/jpeg\" \/>\n<meta name=\"author\" content=\"Leonardo Francisco\" \/>\n<meta name=\"twitter:card\" content=\"summary_large_image\" \/>\n<meta name=\"twitter:label1\" content=\"Escrito por\" \/>\n\t<meta name=\"twitter:data1\" content=\"Leonardo Francisco\" \/>\n\t<meta name=\"twitter:label2\" content=\"Est. tempo de leitura\" \/>\n\t<meta name=\"twitter:data2\" content=\"2 minutos\" \/>\n<script type=\"application\/ld+json\" class=\"yoast-schema-graph\">{\"@context\":\"https:\\\/\\\/schema.org\",\"@graph\":[{\"@type\":\"Article\",\"@id\":\"https:\\\/\\\/redenoticiaz.com.br\\\/litoralsp\\\/2023\\\/06\\\/18\\\/montagem-das-moradias-as-vitimas-do-temporal-de-sao-sebastiao-devem-comecar-nesta-semana#article\",\"isPartOf\":{\"@id\":\"https:\\\/\\\/redenoticiaz.com.br\\\/litoralsp\\\/2023\\\/06\\\/18\\\/montagem-das-moradias-as-vitimas-do-temporal-de-sao-sebastiao-devem-comecar-nesta-semana\"},\"author\":{\"name\":\"Leonardo Francisco\",\"@id\":\"https:\\\/\\\/redenoticiaz.com.br\\\/litoralsp\\\/#\\\/schema\\\/person\\\/0f0b8a5bdafefe82841e07ae8d81ecb3\"},\"headline\":\"Montagem das moradias \u00e0s v\u00edtimas do temporal de S\u00e3o Sebasti\u00e3o devem come\u00e7ar nesta semana\",\"datePublished\":\"2023-06-18T18:26:30+00:00\",\"mainEntityOfPage\":{\"@id\":\"https:\\\/\\\/redenoticiaz.com.br\\\/litoralsp\\\/2023\\\/06\\\/18\\\/montagem-das-moradias-as-vitimas-do-temporal-de-sao-sebastiao-devem-comecar-nesta-semana\"},\"wordCount\":309,\"commentCount\":0,\"publisher\":{\"@id\":\"https:\\\/\\\/redenoticiaz.com.br\\\/litoralsp\\\/#organization\"},\"image\":{\"@id\":\"https:\\\/\\\/redenoticiaz.com.br\\\/litoralsp\\\/2023\\\/06\\\/18\\\/montagem-das-moradias-as-vitimas-do-temporal-de-sao-sebastiao-devem-comecar-nesta-semana#primaryimage\"},\"thumbnailUrl\":\"https:\\\/\\\/redenoticiaz.com.br\\\/litoralsp\\\/wp-content\\\/uploads\\\/sites\\\/3\\\/2023\\\/06\\\/Sao-Sebastiao-Obras.jpg\",\"keywords\":[\"CDHU\",\"Governo de S\u00e3o Paulo\",\"S\u00c3O SEBASTI\u00c3O\",\"UNIDADES HABITACIONAIS\",\"V\u00cdTIMAS DO TEMPORAL\"],\"articleSection\":[\"Habita\u00e7\u00e3o\",\"S\u00e3o Sebasti\u00e3o\"],\"inLanguage\":\"pt-BR\",\"potentialAction\":[{\"@type\":\"CommentAction\",\"name\":\"Comment\",\"target\":[\"https:\\\/\\\/redenoticiaz.com.br\\\/litoralsp\\\/2023\\\/06\\\/18\\\/montagem-das-moradias-as-vitimas-do-temporal-de-sao-sebastiao-devem-comecar-nesta-semana#respond\"]}]},{\"@type\":\"WebPage\",\"@id\":\"https:\\\/\\\/redenoticiaz.com.br\\\/litoralsp\\\/2023\\\/06\\\/18\\\/montagem-das-moradias-as-vitimas-do-temporal-de-sao-sebastiao-devem-comecar-nesta-semana\",\"url\":\"https:\\\/\\\/redenoticiaz.com.br\\\/litoralsp\\\/2023\\\/06\\\/18\\\/montagem-das-moradias-as-vitimas-do-temporal-de-sao-sebastiao-devem-comecar-nesta-semana\",\"name\":\"Montagem das moradias \u00e0s v\u00edtimas do temporal de S\u00e3o Sebasti\u00e3o devem come\u00e7ar nesta semana - Litoral SP\",\"isPartOf\":{\"@id\":\"https:\\\/\\\/redenoticiaz.com.br\\\/litoralsp\\\/#website\"},\"primaryImageOfPage\":{\"@id\":\"https:\\\/\\\/redenoticiaz.com.br\\\/litoralsp\\\/2023\\\/06\\\/18\\\/montagem-das-moradias-as-vitimas-do-temporal-de-sao-sebastiao-devem-comecar-nesta-semana#primaryimage\"},\"image\":{\"@id\":\"https:\\\/\\\/redenoticiaz.com.br\\\/litoralsp\\\/2023\\\/06\\\/18\\\/montagem-das-moradias-as-vitimas-do-temporal-de-sao-sebastiao-devem-comecar-nesta-semana#primaryimage\"},\"thumbnailUrl\":\"https:\\\/\\\/redenoticiaz.com.br\\\/litoralsp\\\/wp-content\\\/uploads\\\/sites\\\/3\\\/2023\\\/06\\\/Sao-Sebastiao-Obras.jpg\",\"datePublished\":\"2023-06-18T18:26:30+00:00\",\"description\":\"ano, devem come\u00e7ar nesta semana. Segundo o Governo de S\u00e3o Paulo, a tend\u00eancia \u00e9 que nesta quarta-feira (21), tenham in\u00edcio a montagem\",\"inLanguage\":\"pt-BR\",\"potentialAction\":[{\"@type\":\"ReadAction\",\"target\":[\"https:\\\/\\\/redenoticiaz.com.br\\\/litoralsp\\\/2023\\\/06\\\/18\\\/montagem-das-moradias-as-vitimas-do-temporal-de-sao-sebastiao-devem-comecar-nesta-semana\"]}]},{\"@type\":\"ImageObject\",\"inLanguage\":\"pt-BR\",\"@id\":\"https:\\\/\\\/redenoticiaz.com.br\\\/litoralsp\\\/2023\\\/06\\\/18\\\/montagem-das-moradias-as-vitimas-do-temporal-de-sao-sebastiao-devem-comecar-nesta-semana#primaryimage\",\"url\":\"https:\\\/\\\/redenoticiaz.com.br\\\/litoralsp\\\/wp-content\\\/uploads\\\/sites\\\/3\\\/2023\\\/06\\\/Sao-Sebastiao-Obras.jpg\",\"contentUrl\":\"https:\\\/\\\/redenoticiaz.com.br\\\/litoralsp\\\/wp-content\\\/uploads\\\/sites\\\/3\\\/2023\\\/06\\\/Sao-Sebastiao-Obras.jpg\",\"width\":800,\"height\":534,\"caption\":\"O terreno que vai abrigar as moradias j\u00e1 est\u00e1 pronto. Cr\u00e9ditos: Divulga\u00e7\u00e3o\\\/CDHU\"},{\"@type\":\"WebSite\",\"@id\":\"https:\\\/\\\/redenoticiaz.com.br\\\/litoralsp\\\/#website\",\"url\":\"https:\\\/\\\/redenoticiaz.com.br\\\/litoralsp\\\/\",\"name\":\"Litoral SP\",\"description\":\"Rede NoticiaZ\",\"publisher\":{\"@id\":\"https:\\\/\\\/redenoticiaz.com.br\\\/litoralsp\\\/#organization\"},\"potentialAction\":[{\"@type\":\"SearchAction\",\"target\":{\"@type\":\"EntryPoint\",\"urlTemplate\":\"https:\\\/\\\/redenoticiaz.com.br\\\/litoralsp\\\/?s={search_term_string}\"},\"query-input\":{\"@type\":\"PropertyValueSpecification\",\"valueRequired\":true,\"valueName\":\"search_term_string\"}}],\"inLanguage\":\"pt-BR\"},{\"@type\":\"Organization\",\"@id\":\"https:\\\/\\\/redenoticiaz.com.br\\\/litoralsp\\\/#organization\",\"name\":\"Litoral SP\",\"url\":\"https:\\\/\\\/redenoticiaz.com.br\\\/litoralsp\\\/\",\"logo\":{\"@type\":\"ImageObject\",\"inLanguage\":\"pt-BR\",\"@id\":\"https:\\\/\\\/redenoticiaz.com.br\\\/litoralsp\\\/#\\\/schema\\\/logo\\\/image\\\/\",\"url\":\"https:\\\/\\\/redenoticiaz.com.br\\\/litoralsp\\\/wp-content\\\/uploads\\\/sites\\\/3\\\/2020\\\/11\\\/logo.jpg\",\"contentUrl\":\"https:\\\/\\\/redenoticiaz.com.br\\\/litoralsp\\\/wp-content\\\/uploads\\\/sites\\\/3\\\/2020\\\/11\\\/logo.jpg\",\"width\":400,\"height\":250,\"caption\":\"Litoral SP\"},\"image\":{\"@id\":\"https:\\\/\\\/redenoticiaz.com.br\\\/litoralsp\\\/#\\\/schema\\\/logo\\\/image\\\/\"}},{\"@type\":\"Person\",\"@id\":\"https:\\\/\\\/redenoticiaz.com.br\\\/litoralsp\\\/#\\\/schema\\\/person\\\/0f0b8a5bdafefe82841e07ae8d81ecb3\",\"name\":\"Leonardo Francisco\",\"image\":{\"@type\":\"ImageObject\",\"inLanguage\":\"pt-BR\",\"@id\":\"https:\\\/\\\/secure.gravatar.com\\\/avatar\\\/a7358cb406a99b682ec6df1e77e31ae82e63601f6784e8a3df411d72b37864da?s=96&d=mm&r=g\",\"url\":\"https:\\\/\\\/secure.gravatar.com\\\/avatar\\\/a7358cb406a99b682ec6df1e77e31ae82e63601f6784e8a3df411d72b37864da?s=96&d=mm&r=g\",\"contentUrl\":\"https:\\\/\\\/secure.gravatar.com\\\/avatar\\\/a7358cb406a99b682ec6df1e77e31ae82e63601f6784e8a3df411d72b37864da?s=96&d=mm&r=g\",\"caption\":\"Leonardo Francisco\"},\"url\":\"https:\\\/\\\/redenoticiaz.com.br\\\/litoralsp\\\/author\\\/leonardo-francisco\"}]}<\/script>\n<!-- \/ Yoast SEO plugin. -->","yoast_head_json":{"title":"Montagem das moradias \u00e0s v\u00edtimas do temporal de S\u00e3o Sebasti\u00e3o devem come\u00e7ar nesta semana - Litoral SP","description":"ano, devem come\u00e7ar nesta semana. Segundo o Governo de S\u00e3o Paulo, a tend\u00eancia \u00e9 que nesta quarta-feira (21), tenham in\u00edcio a montagem","robots":{"index":"index","follow":"follow","max-snippet":"max-snippet:-1","max-image-preview":"max-image-preview:large","max-video-preview":"max-video-preview:-1"},"canonical":"https:\/\/redenoticiaz.com.br\/litoralsp\/2023\/06\/18\/montagem-das-moradias-as-vitimas-do-temporal-de-sao-sebastiao-devem-comecar-nesta-semana","og_locale":"pt_BR","og_type":"article","og_title":"Montagem das moradias \u00e0s v\u00edtimas do temporal de S\u00e3o Sebasti\u00e3o devem come\u00e7ar nesta semana - Litoral SP","og_description":"ano, devem come\u00e7ar nesta semana. Segundo o Governo de S\u00e3o Paulo, a tend\u00eancia \u00e9 que nesta quarta-feira (21), tenham in\u00edcio a montagem","og_url":"https:\/\/redenoticiaz.com.br\/litoralsp\/2023\/06\/18\/montagem-das-moradias-as-vitimas-do-temporal-de-sao-sebastiao-devem-comecar-nesta-semana","og_site_name":"Litoral SP","article_published_time":"2023-06-18T18:26:30+00:00","og_image":[{"width":800,"height":534,"url":"https:\/\/redenoticiaz.com.br\/litoralsp\/wp-content\/uploads\/sites\/3\/2023\/06\/Sao-Sebastiao-Obras.jpg","type":"image\/jpeg"}],"author":"Leonardo Francisco","twitter_card":"summary_large_image","twitter_misc":{"Escrito por":"Leonardo Francisco","Est. tempo de leitura":"2 minutos"},"schema":{"@context":"https:\/\/schema.org","@graph":[{"@type":"Article","@id":"https:\/\/redenoticiaz.com.br\/litoralsp\/2023\/06\/18\/montagem-das-moradias-as-vitimas-do-temporal-de-sao-sebastiao-devem-comecar-nesta-semana#article","isPartOf":{"@id":"https:\/\/redenoticiaz.com.br\/litoralsp\/2023\/06\/18\/montagem-das-moradias-as-vitimas-do-temporal-de-sao-sebastiao-devem-comecar-nesta-semana"},"author":{"name":"Leonardo Francisco","@id":"https:\/\/redenoticiaz.com.br\/litoralsp\/#\/schema\/person\/0f0b8a5bdafefe82841e07ae8d81ecb3"},"headline":"Montagem das moradias \u00e0s v\u00edtimas do temporal de S\u00e3o Sebasti\u00e3o devem come\u00e7ar nesta semana","datePublished":"2023-06-18T18:26:30+00:00","mainEntityOfPage":{"@id":"https:\/\/redenoticiaz.com.br\/litoralsp\/2023\/06\/18\/montagem-das-moradias-as-vitimas-do-temporal-de-sao-sebastiao-devem-comecar-nesta-semana"},"wordCount":309,"commentCount":0,"publisher":{"@id":"https:\/\/redenoticiaz.com.br\/litoralsp\/#organization"},"image":{"@id":"https:\/\/redenoticiaz.com.br\/litoralsp\/2023\/06\/18\/montagem-das-moradias-as-vitimas-do-temporal-de-sao-sebastiao-devem-comecar-nesta-semana#primaryimage"},"thumbnailUrl":"https:\/\/redenoticiaz.com.br\/litoralsp\/wp-content\/uploads\/sites\/3\/2023\/06\/Sao-Sebastiao-Obras.jpg","keywords":["CDHU","Governo de S\u00e3o Paulo","S\u00c3O SEBASTI\u00c3O","UNIDADES HABITACIONAIS","V\u00cdTIMAS DO TEMPORAL"],"articleSection":["Habita\u00e7\u00e3o","S\u00e3o Sebasti\u00e3o"],"inLanguage":"pt-BR","potentialAction":[{"@type":"CommentAction","name":"Comment","target":["https:\/\/redenoticiaz.com.br\/litoralsp\/2023\/06\/18\/montagem-das-moradias-as-vitimas-do-temporal-de-sao-sebastiao-devem-comecar-nesta-semana#respond"]}]},{"@type":"WebPage","@id":"https:\/\/redenoticiaz.com.br\/litoralsp\/2023\/06\/18\/montagem-das-moradias-as-vitimas-do-temporal-de-sao-sebastiao-devem-comecar-nesta-semana","url":"https:\/\/redenoticiaz.com.br\/litoralsp\/2023\/06\/18\/montagem-das-moradias-as-vitimas-do-temporal-de-sao-sebastiao-devem-comecar-nesta-semana","name":"Montagem das moradias \u00e0s v\u00edtimas do temporal de S\u00e3o Sebasti\u00e3o devem come\u00e7ar nesta semana - Litoral SP","isPartOf":{"@id":"https:\/\/redenoticiaz.com.br\/litoralsp\/#website"},"primaryImageOfPage":{"@id":"https:\/\/redenoticiaz.com.br\/litoralsp\/2023\/06\/18\/montagem-das-moradias-as-vitimas-do-temporal-de-sao-sebastiao-devem-comecar-nesta-semana#primaryimage"},"image":{"@id":"https:\/\/redenoticiaz.com.br\/litoralsp\/2023\/06\/18\/montagem-das-moradias-as-vitimas-do-temporal-de-sao-sebastiao-devem-comecar-nesta-semana#primaryimage"},"thumbnailUrl":"https:\/\/redenoticiaz.com.br\/litoralsp\/wp-content\/uploads\/sites\/3\/2023\/06\/Sao-Sebastiao-Obras.jpg","datePublished":"2023-06-18T18:26:30+00:00","description":"ano, devem come\u00e7ar nesta semana. Segundo o Governo de S\u00e3o Paulo, a tend\u00eancia \u00e9 que nesta quarta-feira (21), tenham in\u00edcio a montagem","inLanguage":"pt-BR","potentialAction":[{"@type":"ReadAction","target":["https:\/\/redenoticiaz.com.br\/litoralsp\/2023\/06\/18\/montagem-das-moradias-as-vitimas-do-temporal-de-sao-sebastiao-devem-comecar-nesta-semana"]}]},{"@type":"ImageObject","inLanguage":"pt-BR","@id":"https:\/\/redenoticiaz.com.br\/litoralsp\/2023\/06\/18\/montagem-das-moradias-as-vitimas-do-temporal-de-sao-sebastiao-devem-comecar-nesta-semana#primaryimage","url":"https:\/\/redenoticiaz.com.br\/litoralsp\/wp-content\/uploads\/sites\/3\/2023\/06\/Sao-Sebastiao-Obras.jpg","contentUrl":"https:\/\/redenoticiaz.com.br\/litoralsp\/wp-content\/uploads\/sites\/3\/2023\/06\/Sao-Sebastiao-Obras.jpg","width":800,"height":534,"caption":"O terreno que vai abrigar as moradias j\u00e1 est\u00e1 pronto. Cr\u00e9ditos: Divulga\u00e7\u00e3o\/CDHU"},{"@type":"WebSite","@id":"https:\/\/redenoticiaz.com.br\/litoralsp\/#website","url":"https:\/\/redenoticiaz.com.br\/litoralsp\/","name":"Litoral SP","description":"Rede NoticiaZ","publisher":{"@id":"https:\/\/redenoticiaz.com.br\/litoralsp\/#organization"},"potentialAction":[{"@type":"SearchAction","target":{"@type":"EntryPoint","urlTemplate":"https:\/\/redenoticiaz.com.br\/litoralsp\/?s={search_term_string}"},"query-input":{"@type":"PropertyValueSpecification","valueRequired":true,"valueName":"search_term_string"}}],"inLanguage":"pt-BR"},{"@type":"Organization","@id":"https:\/\/redenoticiaz.com.br\/litoralsp\/#organization","name":"Litoral SP","url":"https:\/\/redenoticiaz.com.br\/litoralsp\/","logo":{"@type":"ImageObject","inLanguage":"pt-BR","@id":"https:\/\/redenoticiaz.com.br\/litoralsp\/#\/schema\/logo\/image\/","url":"https:\/\/redenoticiaz.com.br\/litoralsp\/wp-content\/uploads\/sites\/3\/2020\/11\/logo.jpg","contentUrl":"https:\/\/redenoticiaz.com.br\/litoralsp\/wp-content\/uploads\/sites\/3\/2020\/11\/logo.jpg","width":400,"height":250,"caption":"Litoral SP"},"image":{"@id":"https:\/\/redenoticiaz.com.br\/litoralsp\/#\/schema\/logo\/image\/"}},{"@type":"Person","@id":"https:\/\/redenoticiaz.com.br\/litoralsp\/#\/schema\/person\/0f0b8a5bdafefe82841e07ae8d81ecb3","name":"Leonardo Francisco","image":{"@type":"ImageObject","inLanguage":"pt-BR","@id":"https:\/\/secure.gravatar.com\/avatar\/a7358cb406a99b682ec6df1e77e31ae82e63601f6784e8a3df411d72b37864da?s=96&d=mm&r=g","url":"https:\/\/secure.gravatar.com\/avatar\/a7358cb406a99b682ec6df1e77e31ae82e63601f6784e8a3df411d72b37864da?s=96&d=mm&r=g","contentUrl":"https:\/\/secure.gravatar.com\/avatar\/a7358cb406a99b682ec6df1e77e31ae82e63601f6784e8a3df411d72b37864da?s=96&d=mm&r=g","caption":"Leonardo Francisco"},"url":"https:\/\/redenoticiaz.com.br\/litoralsp\/author\/leonardo-francisco"}]}},"_links":{"self":[{"href":"https:\/\/redenoticiaz.com.br\/litoralsp\/wp-json\/wp\/v2\/posts\/107434","targetHints":{"allow":["GET"]}}],"collection":[{"href":"https:\/\/redenoticiaz.com.br\/litoralsp\/wp-json\/wp\/v2\/posts"}],"about":[{"href":"https:\/\/redenoticiaz.com.br\/litoralsp\/wp-json\/wp\/v2\/types\/post"}],"author":[{"embeddable":true,"href":"https:\/\/redenoticiaz.com.br\/litoralsp\/wp-json\/wp\/v2\/users\/6"}],"replies":[{"embeddable":true,"href":"https:\/\/redenoticiaz.com.br\/litoralsp\/wp-json\/wp\/v2\/comments?post=107434"}],"version-history":[{"count":1,"href":"https:\/\/redenoticiaz.com.br\/litoralsp\/wp-json\/wp\/v2\/posts\/107434\/revisions"}],"predecessor-version":[{"id":107436,"href":"https:\/\/redenoticiaz.com.br\/litoralsp\/wp-json\/wp\/v2\/posts\/107434\/revisions\/107436"}],"wp:featuredmedia":[{"embeddable":true,"href":"https:\/\/redenoticiaz.com.br\/litoralsp\/wp-json\/wp\/v2\/media\/107435"}],"wp:attachment":[{"href":"https:\/\/redenoticiaz.com.br\/litoralsp\/wp-json\/wp\/v2\/media?parent=107434"}],"wp:term":[{"taxonomy":"category","embeddable":true,"href":"https:\/\/redenoticiaz.com.br\/litoralsp\/wp-json\/wp\/v2\/categories?post=107434"},{"taxonomy":"post_tag","embeddable":true,"href":"https:\/\/redenoticiaz.com.br\/litoralsp\/wp-json\/wp\/v2\/tags?post=107434"}],"curies":[{"name":"wp","href":"https:\/\/api.w.org\/{rel}","templated":true}]}}