{"id":107437,"date":"2023-06-18T15:44:04","date_gmt":"2023-06-18T18:44:04","guid":{"rendered":"https:\/\/redenoticiaz.com.br\/litoralsp\/?p=107437"},"modified":"2023-06-18T15:44:04","modified_gmt":"2023-06-18T18:44:04","slug":"ong-arrecada-r-9-milhoes-e-vai-distribuir-para-as-familias-afetadas-pelo-temporal-de-sao-sebastiao","status":"publish","type":"post","link":"https:\/\/redenoticiaz.com.br\/litoralsp\/2023\/06\/18\/ong-arrecada-r-9-milhoes-e-vai-distribuir-para-as-familias-afetadas-pelo-temporal-de-sao-sebastiao","title":{"rendered":"ONG arrecada R$ 9 milh\u00f5es e vai distribuir para as fam\u00edlias afetadas pelo temporal de S\u00e3o Sebasti\u00e3o"},"content":{"rendered":"<div id=\"chunk-167m9\">\n<div class=\"mc-column content-text active-extra-styles \" data-block-type=\"unstyled\" data-block-weight=\"38\" data-block-id=\"3\">\n<p class=\"content-text__container \" data-track-category=\"Link no Texto\" data-track-links=\"\">Al\u00edvio para 995 fam\u00edlias que foram afetadas com o temporal que assolou S\u00e3o Sebasti\u00e3o em fevereiro de 2023. O Instituto Verdescola, que atua na cidade, informou que vai iniciar nesta semana a distribui\u00e7\u00e3o R$ 9 milh\u00f5es arrecadados para fam\u00edlias afetadas.<\/p>\n<\/div>\n<\/div>\n<div class=\"wall protected-content\">\n<div id=\"chunk-3tpeq\">\n<div class=\"mc-column content-text active-extra-styles \" data-block-type=\"unstyled\" data-block-weight=\"26\" data-block-id=\"4\">\n<p class=\"content-text__container \" data-track-category=\"Link no Texto\" data-track-links=\"\">Segundo a entidade, 995 fam\u00edlias v\u00e3o receber valores de R$ 8.530,78 ou R$ 15.843,30 em cart\u00f5es de cr\u00e9dito para comprar alimentos, rem\u00e9dios, m\u00f3veis, entre outros.<\/p>\n<\/div>\n<\/div>\n<div id=\"chunk-d3rmp\">\n<div class=\"mc-column content-text active-extra-styles \" data-block-type=\"unstyled\" data-block-weight=\"41\" data-block-id=\"6\">\n<p class=\"content-text__container \" data-track-category=\"Link no Texto\" data-track-links=\"\">Esse \u00e9 o segundo passo do \u2018Projeto Recome\u00e7o\u2019, em parceria com a Funda\u00e7\u00e3o Get\u00falio Vargas (FGV), que durante o m\u00eas passado mapeou as v\u00edtimas atingidas pela trag\u00e9dia nos bairros Vila Sahy e Baleia Verde e organizou a distribui\u00e7\u00e3o do valor:<\/p>\n<div class=\"mc-column content-text active-extra-styles\" data-block-type=\"raw\" data-block-weight=\"12\" data-block-id=\"8\">\n<ul class=\"content-unordered-list\">\n<li>70 fam\u00edlias que receber\u00e3o R$ 15.843,30<\/li>\n<li>925 fam\u00edlias, que receber\u00e3o R$ 8.530,78<\/li>\n<\/ul>\n<\/div>\n<div id=\"chunk-7hofb\">\n<div class=\"mc-column content-text active-extra-styles \" data-block-type=\"unstyled\" data-block-weight=\"49\" data-block-id=\"9\">\n<p class=\"content-text__container \" data-track-category=\"Link no Texto\" data-track-links=\"\">Segundo o instituto, as fam\u00edlias da primeira categoria s\u00e3o as que tiveram a casa interditada pela Defesa Civil por conta dos deslizamentos de terra e representam maior vulnerabilidade social. O valor \u00e9 fruto de arrecada\u00e7\u00f5es pela ONG e chega a pouco mais de R$ 9 milh\u00f5es no total.<\/p>\n<\/div>\n<\/div>\n<div id=\"chunk-1flfn\">\n<div class=\"row medium-uncollapsed content-media content-photo\" data-block-type=\"backstage-photo\" data-block-id=\"10\">\n<div class=\" mc-column  content-media__container\">\n<div class=\"content-media-container glb-skeleton-box\">\n<div class=\"mc-column content-text active-extra-styles\" data-block-type=\"raw\" data-block-weight=\"3\" data-block-id=\"12\">\n<div class=\"content-intertitle\">\n<h3>Entrega dos cart\u00f5es<\/h3>\n<\/div>\n<\/div>\n<div id=\"chunk-fge7e\">\n<div class=\"mc-column content-text active-extra-styles \" data-block-type=\"unstyled\" data-block-weight=\"32\" data-block-id=\"13\">\n<p class=\"content-text__container \" data-track-category=\"Link no Texto\" data-track-links=\"\">Os cart\u00f5es ser\u00e3o entregues entre os dias 20 e 24 de junho, para o representante da fam\u00edlia cadastrada no projeto. O instituto far\u00e1 uma opera\u00e7\u00e3o para que seja realizado um atendimento individual.<\/p>\n<\/div>\n<\/div>\n<div id=\"chunk-9ncgl\">\n<div class=\"mc-column content-text active-extra-styles \" data-block-type=\"unstyled\" data-block-weight=\"27\" data-block-id=\"15\">\n<p class=\"content-text__container \" data-track-category=\"Link no Texto\" data-track-links=\"\">Um n\u00famero exclusivo de aplicativo de mensagens ser\u00e1 criado para que as fam\u00edlias possam entrar em contato em caso de qualquer d\u00favida sobre a utiliza\u00e7\u00e3o do cart\u00e3o.<\/p>\n<\/div>\n<\/div>\n<div id=\"chunk-88b1v\">\n<div class=\"mc-column content-text active-extra-styles \" data-block-type=\"unstyled\" data-block-weight=\"7\" data-block-id=\"16\">\n<p class=\"content-text__container \" data-track-category=\"Link no Texto\" data-track-links=\"\"><strong><span class=\"highlight highlighted\">Confira as informa\u00e7\u00f5es para retirada do cart\u00e3o:<\/span><\/strong><\/p>\n<\/div>\n<\/div>\n<div class=\"mc-column content-text active-extra-styles\" data-block-type=\"raw\" data-block-weight=\"39\" data-block-id=\"17\">\n<ul class=\"content-unordered-list\">\n<li>data de atendimento: de 20 a 24 de junho<\/li>\n<li>local: Gin\u00e1sio do Instituto Verdescola (avenida Marginal, n\u00ba 44, Barra do Sahy)<\/li>\n<li>requisitos: ter se cadastrado no Projeto Recome\u00e7o e levar um documento de identifica\u00e7\u00e3o com foto (RG) e CPF<\/li>\n<\/ul>\n<\/div>\n<div id=\"chunk-4bivd\">\n<div class=\"mc-column content-text active-extra-styles \" data-block-type=\"unstyled\" data-block-weight=\"3\" data-block-id=\"18\">\n<p class=\"content-text__container \" data-track-category=\"Link no Texto\" data-track-links=\"\"><strong><span class=\"highlight highlighted\">Hor\u00e1rios de atendimento:<\/span><\/strong><\/p>\n<\/div>\n<\/div>\n<div class=\"mc-column content-text active-extra-styles\" data-block-type=\"raw\" data-block-weight=\"20\" data-block-id=\"19\">\n<ul class=\"content-unordered-list\">\n<li>20\/06: 8h00 \u00e0s 22h00<\/li>\n<li>21\/06: 8h00 \u00e0s 22h00<\/li>\n<li>22\/06: 8h00 \u00e0s 22h00<\/li>\n<li>23\/06: 8h00 \u00e0s 22h00<\/li>\n<li>24\/06: 8h00 \u00e0s 14h00<\/li>\n<\/ul>\n<\/div>\n<\/div>\n<\/div>\n<\/div>\n<\/div>\n<\/div>\n<\/div>\n<div id=\"chunk-fhmap\">\n<div class=\"content-ads content-ads--reveal\" data-block-type=\"ads\" data-block-id=\"7\">\n<div id=\"banner_materia2\" class=\"tag-manager-publicidade-container mc-has-reveal mc-has-ad-lazyload tag-manager-publicidade-banner_materia2 tag-manager-publicidade-container--carregado tag-manager-publicidade-container--visivel\" data-id=\"banner_materia2\" data-google-query-id=\"CITlro26zf8CFZ2jlQId2DAIjg\">\n<h3 id=\"google_ads_iframe_\/95377733\/tvg_G1\/Sua_Regiao&gt;Sudeste&gt;Sao_Paulo_(Vale_do_Paraiba)_3__container__\">Entenda como foi o levantamento<\/h3>\n<p>O Instituto Verdescola realizou, no in\u00edcio de maio, um mapeamento para identificar fam\u00edlias afetadas pelas chuvas de S\u00e3o Sebasti\u00e3o. O trabalho foi composto por agentes que cadastraram as pessoas afetadas.<\/p>\n<div id=\"chunk-c8npc\">\n<div class=\"mc-column content-text active-extra-styles \" data-block-type=\"unstyled\" data-block-weight=\"29\" data-block-id=\"24\">\n<p class=\"content-text__container \" data-track-category=\"Link no Texto\" data-track-links=\"\">A a\u00e7\u00e3o aconteceu entre os dias 4 e 9, e contou com a participa\u00e7\u00e3o de agentes da FGV, que visitaram as fam\u00edlias das comunidades Vila Sahy e Baleia Verde.<\/p>\n<\/div>\n<\/div>\n<div id=\"chunk-ff785\">\n<div class=\"mc-column content-text active-extra-styles \" data-block-type=\"unstyled\" data-block-weight=\"25\" data-block-id=\"25\">\n<p class=\"content-text__container \" data-track-category=\"Link no Texto\" data-track-links=\"\">De acordo com o instituto, o levantamento mapeou as necessidades das v\u00edtimas da chuva e identificou informa\u00e7\u00f5es como composi\u00e7\u00e3o familiar e perdas f\u00edsicas e materiais.<\/p>\n<\/div>\n<\/div>\n<div id=\"chunk-ovs1\">\n<div class=\"row medium-uncollapsed content-media content-photo\" data-block-type=\"backstage-photo\" data-block-id=\"26\">\n<div class=\" mc-column  content-media__container\">\n<div class=\"content-media-container glb-skeleton-box\"><strong>LEIA TAMB\u00c9M<\/strong><\/div>\n<\/div>\n<\/div>\n<\/div>\n<\/div>\n<\/div>\n<\/div>\n<\/div>\n<div><\/div>\n<div><a href=\"https:\/\/redenoticiaz.com.br\/litoralsp\/2023\/06\/18\/montagem-das-moradias-as-vitimas-do-temporal-de-sao-sebastiao-devem-comecar-nesta-semana\">Montagem das moradias \u00e0s v\u00edtimas do temporal de S\u00e3o Sebasti\u00e3o devem come\u00e7ar nesta semana<\/a><\/div>\n","protected":false},"excerpt":{"rendered":"<p>Al\u00edvio para 995 fam\u00edlias que foram afetadas com o temporal que assolou S\u00e3o Sebasti\u00e3o em fevereiro de 2023. O Instituto Verdescola, que atua na cidade, informou que vai iniciar nesta semana a distribui\u00e7\u00e3o R$ 9 milh\u00f5es arrecadados para fam\u00edlias afetadas. Segundo a entidade, 995 fam\u00edlias v\u00e3o receber valores de R$ 8.530,78 ou R$ 15.843,30 em &hellip;<\/p>\n","protected":false},"author":6,"featured_media":107438,"comment_status":"open","ping_status":"closed","sticky":false,"template":"","format":"standard","meta":{"footnotes":""},"categories":[6470,188],"tags":[1465,65309,51879,3707,65848],"class_list":["post-107437","post","type-post","status-publish","format-standard","has-post-thumbnail","hentry","category-acao-social","category-sao-sebastiao","tag-auxilio","tag-instituto-verdescola","tag-ong","tag-sao-sebastiao","tag-vitimas-do-temporal"],"yoast_head":"<!-- This site is optimized with the Yoast SEO plugin v27.4 - https:\/\/yoast.com\/product\/yoast-seo-wordpress\/ -->\n<title>ONG arrecada R$ 9 milh\u00f5es e vai distribuir para as fam\u00edlias afetadas pelo temporal de S\u00e3o Sebasti\u00e3o - Litoral SP<\/title>\n<meta name=\"description\" content=\"Instituto Verdescola, que atua na cidade, informou que vai iniciar nesta semana a distribui\u00e7\u00e3o R$ 9 milh\u00f5es arrecadados para fam\u00edlias afetadas.\" \/>\n<meta name=\"robots\" content=\"index, follow, max-snippet:-1, max-image-preview:large, max-video-preview:-1\" \/>\n<link rel=\"canonical\" href=\"https:\/\/redenoticiaz.com.br\/litoralsp\/2023\/06\/18\/ong-arrecada-r-9-milhoes-e-vai-distribuir-para-as-familias-afetadas-pelo-temporal-de-sao-sebastiao\" \/>\n<meta property=\"og:locale\" content=\"pt_BR\" \/>\n<meta property=\"og:type\" content=\"article\" \/>\n<meta property=\"og:title\" content=\"ONG arrecada R$ 9 milh\u00f5es e vai distribuir para as fam\u00edlias afetadas pelo temporal de S\u00e3o Sebasti\u00e3o - Litoral SP\" \/>\n<meta property=\"og:description\" content=\"Instituto Verdescola, que atua na cidade, informou que vai iniciar nesta semana a distribui\u00e7\u00e3o R$ 9 milh\u00f5es arrecadados para fam\u00edlias afetadas.\" \/>\n<meta property=\"og:url\" content=\"https:\/\/redenoticiaz.com.br\/litoralsp\/2023\/06\/18\/ong-arrecada-r-9-milhoes-e-vai-distribuir-para-as-familias-afetadas-pelo-temporal-de-sao-sebastiao\" \/>\n<meta property=\"og:site_name\" content=\"Litoral SP\" \/>\n<meta property=\"article:published_time\" content=\"2023-06-18T18:44:04+00:00\" \/>\n<meta property=\"og:image\" content=\"https:\/\/redenoticiaz.com.br\/litoralsp\/wp-content\/uploads\/sites\/3\/2023\/06\/TEMPORAL-LN.jpg\" \/>\n\t<meta property=\"og:image:width\" content=\"551\" \/>\n\t<meta property=\"og:image:height\" content=\"313\" \/>\n\t<meta property=\"og:image:type\" content=\"image\/jpeg\" \/>\n<meta name=\"author\" content=\"Leonardo Francisco\" \/>\n<meta name=\"twitter:card\" content=\"summary_large_image\" \/>\n<meta name=\"twitter:label1\" content=\"Escrito por\" \/>\n\t<meta name=\"twitter:data1\" content=\"Leonardo Francisco\" \/>\n\t<meta name=\"twitter:label2\" content=\"Est. tempo de leitura\" \/>\n\t<meta name=\"twitter:data2\" content=\"3 minutos\" \/>\n<script type=\"application\/ld+json\" class=\"yoast-schema-graph\">{\"@context\":\"https:\\\/\\\/schema.org\",\"@graph\":[{\"@type\":\"Article\",\"@id\":\"https:\\\/\\\/redenoticiaz.com.br\\\/litoralsp\\\/2023\\\/06\\\/18\\\/ong-arrecada-r-9-milhoes-e-vai-distribuir-para-as-familias-afetadas-pelo-temporal-de-sao-sebastiao#article\",\"isPartOf\":{\"@id\":\"https:\\\/\\\/redenoticiaz.com.br\\\/litoralsp\\\/2023\\\/06\\\/18\\\/ong-arrecada-r-9-milhoes-e-vai-distribuir-para-as-familias-afetadas-pelo-temporal-de-sao-sebastiao\"},\"author\":{\"name\":\"Leonardo Francisco\",\"@id\":\"https:\\\/\\\/redenoticiaz.com.br\\\/litoralsp\\\/#\\\/schema\\\/person\\\/0f0b8a5bdafefe82841e07ae8d81ecb3\"},\"headline\":\"ONG arrecada R$ 9 milh\u00f5es e vai distribuir para as fam\u00edlias afetadas pelo temporal de S\u00e3o Sebasti\u00e3o\",\"datePublished\":\"2023-06-18T18:44:04+00:00\",\"mainEntityOfPage\":{\"@id\":\"https:\\\/\\\/redenoticiaz.com.br\\\/litoralsp\\\/2023\\\/06\\\/18\\\/ong-arrecada-r-9-milhoes-e-vai-distribuir-para-as-familias-afetadas-pelo-temporal-de-sao-sebastiao\"},\"wordCount\":456,\"commentCount\":0,\"publisher\":{\"@id\":\"https:\\\/\\\/redenoticiaz.com.br\\\/litoralsp\\\/#organization\"},\"image\":{\"@id\":\"https:\\\/\\\/redenoticiaz.com.br\\\/litoralsp\\\/2023\\\/06\\\/18\\\/ong-arrecada-r-9-milhoes-e-vai-distribuir-para-as-familias-afetadas-pelo-temporal-de-sao-sebastiao#primaryimage\"},\"thumbnailUrl\":\"https:\\\/\\\/redenoticiaz.com.br\\\/litoralsp\\\/wp-content\\\/uploads\\\/sites\\\/3\\\/2023\\\/06\\\/TEMPORAL-LN.jpg\",\"keywords\":[\"AUX\u00cdLIO\",\"INSTITUTO VERDESCOLA\",\"ONG\",\"S\u00c3O SEBASTI\u00c3O\",\"V\u00cdTIMAS DO TEMPORAL\"],\"articleSection\":[\"A\u00e7\u00e3o Social\",\"S\u00e3o Sebasti\u00e3o\"],\"inLanguage\":\"pt-BR\",\"potentialAction\":[{\"@type\":\"CommentAction\",\"name\":\"Comment\",\"target\":[\"https:\\\/\\\/redenoticiaz.com.br\\\/litoralsp\\\/2023\\\/06\\\/18\\\/ong-arrecada-r-9-milhoes-e-vai-distribuir-para-as-familias-afetadas-pelo-temporal-de-sao-sebastiao#respond\"]}]},{\"@type\":\"WebPage\",\"@id\":\"https:\\\/\\\/redenoticiaz.com.br\\\/litoralsp\\\/2023\\\/06\\\/18\\\/ong-arrecada-r-9-milhoes-e-vai-distribuir-para-as-familias-afetadas-pelo-temporal-de-sao-sebastiao\",\"url\":\"https:\\\/\\\/redenoticiaz.com.br\\\/litoralsp\\\/2023\\\/06\\\/18\\\/ong-arrecada-r-9-milhoes-e-vai-distribuir-para-as-familias-afetadas-pelo-temporal-de-sao-sebastiao\",\"name\":\"ONG arrecada R$ 9 milh\u00f5es e vai distribuir para as fam\u00edlias afetadas pelo temporal de S\u00e3o Sebasti\u00e3o - Litoral SP\",\"isPartOf\":{\"@id\":\"https:\\\/\\\/redenoticiaz.com.br\\\/litoralsp\\\/#website\"},\"primaryImageOfPage\":{\"@id\":\"https:\\\/\\\/redenoticiaz.com.br\\\/litoralsp\\\/2023\\\/06\\\/18\\\/ong-arrecada-r-9-milhoes-e-vai-distribuir-para-as-familias-afetadas-pelo-temporal-de-sao-sebastiao#primaryimage\"},\"image\":{\"@id\":\"https:\\\/\\\/redenoticiaz.com.br\\\/litoralsp\\\/2023\\\/06\\\/18\\\/ong-arrecada-r-9-milhoes-e-vai-distribuir-para-as-familias-afetadas-pelo-temporal-de-sao-sebastiao#primaryimage\"},\"thumbnailUrl\":\"https:\\\/\\\/redenoticiaz.com.br\\\/litoralsp\\\/wp-content\\\/uploads\\\/sites\\\/3\\\/2023\\\/06\\\/TEMPORAL-LN.jpg\",\"datePublished\":\"2023-06-18T18:44:04+00:00\",\"description\":\"Instituto Verdescola, que atua na cidade, informou que vai iniciar nesta semana a distribui\u00e7\u00e3o R$ 9 milh\u00f5es arrecadados para fam\u00edlias afetadas.\",\"inLanguage\":\"pt-BR\",\"potentialAction\":[{\"@type\":\"ReadAction\",\"target\":[\"https:\\\/\\\/redenoticiaz.com.br\\\/litoralsp\\\/2023\\\/06\\\/18\\\/ong-arrecada-r-9-milhoes-e-vai-distribuir-para-as-familias-afetadas-pelo-temporal-de-sao-sebastiao\"]}]},{\"@type\":\"ImageObject\",\"inLanguage\":\"pt-BR\",\"@id\":\"https:\\\/\\\/redenoticiaz.com.br\\\/litoralsp\\\/2023\\\/06\\\/18\\\/ong-arrecada-r-9-milhoes-e-vai-distribuir-para-as-familias-afetadas-pelo-temporal-de-sao-sebastiao#primaryimage\",\"url\":\"https:\\\/\\\/redenoticiaz.com.br\\\/litoralsp\\\/wp-content\\\/uploads\\\/sites\\\/3\\\/2023\\\/06\\\/TEMPORAL-LN.jpg\",\"contentUrl\":\"https:\\\/\\\/redenoticiaz.com.br\\\/litoralsp\\\/wp-content\\\/uploads\\\/sites\\\/3\\\/2023\\\/06\\\/TEMPORAL-LN.jpg\",\"width\":551,\"height\":313,\"caption\":\"Cr\u00e9ditos: Reprodu\u00e7\u00e3o\"},{\"@type\":\"WebSite\",\"@id\":\"https:\\\/\\\/redenoticiaz.com.br\\\/litoralsp\\\/#website\",\"url\":\"https:\\\/\\\/redenoticiaz.com.br\\\/litoralsp\\\/\",\"name\":\"Litoral SP\",\"description\":\"Rede NoticiaZ\",\"publisher\":{\"@id\":\"https:\\\/\\\/redenoticiaz.com.br\\\/litoralsp\\\/#organization\"},\"potentialAction\":[{\"@type\":\"SearchAction\",\"target\":{\"@type\":\"EntryPoint\",\"urlTemplate\":\"https:\\\/\\\/redenoticiaz.com.br\\\/litoralsp\\\/?s={search_term_string}\"},\"query-input\":{\"@type\":\"PropertyValueSpecification\",\"valueRequired\":true,\"valueName\":\"search_term_string\"}}],\"inLanguage\":\"pt-BR\"},{\"@type\":\"Organization\",\"@id\":\"https:\\\/\\\/redenoticiaz.com.br\\\/litoralsp\\\/#organization\",\"name\":\"Litoral SP\",\"url\":\"https:\\\/\\\/redenoticiaz.com.br\\\/litoralsp\\\/\",\"logo\":{\"@type\":\"ImageObject\",\"inLanguage\":\"pt-BR\",\"@id\":\"https:\\\/\\\/redenoticiaz.com.br\\\/litoralsp\\\/#\\\/schema\\\/logo\\\/image\\\/\",\"url\":\"https:\\\/\\\/redenoticiaz.com.br\\\/litoralsp\\\/wp-content\\\/uploads\\\/sites\\\/3\\\/2020\\\/11\\\/logo.jpg\",\"contentUrl\":\"https:\\\/\\\/redenoticiaz.com.br\\\/litoralsp\\\/wp-content\\\/uploads\\\/sites\\\/3\\\/2020\\\/11\\\/logo.jpg\",\"width\":400,\"height\":250,\"caption\":\"Litoral SP\"},\"image\":{\"@id\":\"https:\\\/\\\/redenoticiaz.com.br\\\/litoralsp\\\/#\\\/schema\\\/logo\\\/image\\\/\"}},{\"@type\":\"Person\",\"@id\":\"https:\\\/\\\/redenoticiaz.com.br\\\/litoralsp\\\/#\\\/schema\\\/person\\\/0f0b8a5bdafefe82841e07ae8d81ecb3\",\"name\":\"Leonardo Francisco\",\"image\":{\"@type\":\"ImageObject\",\"inLanguage\":\"pt-BR\",\"@id\":\"https:\\\/\\\/secure.gravatar.com\\\/avatar\\\/a7358cb406a99b682ec6df1e77e31ae82e63601f6784e8a3df411d72b37864da?s=96&d=mm&r=g\",\"url\":\"https:\\\/\\\/secure.gravatar.com\\\/avatar\\\/a7358cb406a99b682ec6df1e77e31ae82e63601f6784e8a3df411d72b37864da?s=96&d=mm&r=g\",\"contentUrl\":\"https:\\\/\\\/secure.gravatar.com\\\/avatar\\\/a7358cb406a99b682ec6df1e77e31ae82e63601f6784e8a3df411d72b37864da?s=96&d=mm&r=g\",\"caption\":\"Leonardo Francisco\"},\"url\":\"https:\\\/\\\/redenoticiaz.com.br\\\/litoralsp\\\/author\\\/leonardo-francisco\"}]}<\/script>\n<!-- \/ Yoast SEO plugin. -->","yoast_head_json":{"title":"ONG arrecada R$ 9 milh\u00f5es e vai distribuir para as fam\u00edlias afetadas pelo temporal de S\u00e3o Sebasti\u00e3o - Litoral SP","description":"Instituto Verdescola, que atua na cidade, informou que vai iniciar nesta semana a distribui\u00e7\u00e3o R$ 9 milh\u00f5es arrecadados para fam\u00edlias afetadas.","robots":{"index":"index","follow":"follow","max-snippet":"max-snippet:-1","max-image-preview":"max-image-preview:large","max-video-preview":"max-video-preview:-1"},"canonical":"https:\/\/redenoticiaz.com.br\/litoralsp\/2023\/06\/18\/ong-arrecada-r-9-milhoes-e-vai-distribuir-para-as-familias-afetadas-pelo-temporal-de-sao-sebastiao","og_locale":"pt_BR","og_type":"article","og_title":"ONG arrecada R$ 9 milh\u00f5es e vai distribuir para as fam\u00edlias afetadas pelo temporal de S\u00e3o Sebasti\u00e3o - Litoral SP","og_description":"Instituto Verdescola, que atua na cidade, informou que vai iniciar nesta semana a distribui\u00e7\u00e3o R$ 9 milh\u00f5es arrecadados para fam\u00edlias afetadas.","og_url":"https:\/\/redenoticiaz.com.br\/litoralsp\/2023\/06\/18\/ong-arrecada-r-9-milhoes-e-vai-distribuir-para-as-familias-afetadas-pelo-temporal-de-sao-sebastiao","og_site_name":"Litoral SP","article_published_time":"2023-06-18T18:44:04+00:00","og_image":[{"width":551,"height":313,"url":"https:\/\/redenoticiaz.com.br\/litoralsp\/wp-content\/uploads\/sites\/3\/2023\/06\/TEMPORAL-LN.jpg","type":"image\/jpeg"}],"author":"Leonardo Francisco","twitter_card":"summary_large_image","twitter_misc":{"Escrito por":"Leonardo Francisco","Est. tempo de leitura":"3 minutos"},"schema":{"@context":"https:\/\/schema.org","@graph":[{"@type":"Article","@id":"https:\/\/redenoticiaz.com.br\/litoralsp\/2023\/06\/18\/ong-arrecada-r-9-milhoes-e-vai-distribuir-para-as-familias-afetadas-pelo-temporal-de-sao-sebastiao#article","isPartOf":{"@id":"https:\/\/redenoticiaz.com.br\/litoralsp\/2023\/06\/18\/ong-arrecada-r-9-milhoes-e-vai-distribuir-para-as-familias-afetadas-pelo-temporal-de-sao-sebastiao"},"author":{"name":"Leonardo Francisco","@id":"https:\/\/redenoticiaz.com.br\/litoralsp\/#\/schema\/person\/0f0b8a5bdafefe82841e07ae8d81ecb3"},"headline":"ONG arrecada R$ 9 milh\u00f5es e vai distribuir para as fam\u00edlias afetadas pelo temporal de S\u00e3o Sebasti\u00e3o","datePublished":"2023-06-18T18:44:04+00:00","mainEntityOfPage":{"@id":"https:\/\/redenoticiaz.com.br\/litoralsp\/2023\/06\/18\/ong-arrecada-r-9-milhoes-e-vai-distribuir-para-as-familias-afetadas-pelo-temporal-de-sao-sebastiao"},"wordCount":456,"commentCount":0,"publisher":{"@id":"https:\/\/redenoticiaz.com.br\/litoralsp\/#organization"},"image":{"@id":"https:\/\/redenoticiaz.com.br\/litoralsp\/2023\/06\/18\/ong-arrecada-r-9-milhoes-e-vai-distribuir-para-as-familias-afetadas-pelo-temporal-de-sao-sebastiao#primaryimage"},"thumbnailUrl":"https:\/\/redenoticiaz.com.br\/litoralsp\/wp-content\/uploads\/sites\/3\/2023\/06\/TEMPORAL-LN.jpg","keywords":["AUX\u00cdLIO","INSTITUTO VERDESCOLA","ONG","S\u00c3O SEBASTI\u00c3O","V\u00cdTIMAS DO TEMPORAL"],"articleSection":["A\u00e7\u00e3o Social","S\u00e3o Sebasti\u00e3o"],"inLanguage":"pt-BR","potentialAction":[{"@type":"CommentAction","name":"Comment","target":["https:\/\/redenoticiaz.com.br\/litoralsp\/2023\/06\/18\/ong-arrecada-r-9-milhoes-e-vai-distribuir-para-as-familias-afetadas-pelo-temporal-de-sao-sebastiao#respond"]}]},{"@type":"WebPage","@id":"https:\/\/redenoticiaz.com.br\/litoralsp\/2023\/06\/18\/ong-arrecada-r-9-milhoes-e-vai-distribuir-para-as-familias-afetadas-pelo-temporal-de-sao-sebastiao","url":"https:\/\/redenoticiaz.com.br\/litoralsp\/2023\/06\/18\/ong-arrecada-r-9-milhoes-e-vai-distribuir-para-as-familias-afetadas-pelo-temporal-de-sao-sebastiao","name":"ONG arrecada R$ 9 milh\u00f5es e vai distribuir para as fam\u00edlias afetadas pelo temporal de S\u00e3o Sebasti\u00e3o - Litoral SP","isPartOf":{"@id":"https:\/\/redenoticiaz.com.br\/litoralsp\/#website"},"primaryImageOfPage":{"@id":"https:\/\/redenoticiaz.com.br\/litoralsp\/2023\/06\/18\/ong-arrecada-r-9-milhoes-e-vai-distribuir-para-as-familias-afetadas-pelo-temporal-de-sao-sebastiao#primaryimage"},"image":{"@id":"https:\/\/redenoticiaz.com.br\/litoralsp\/2023\/06\/18\/ong-arrecada-r-9-milhoes-e-vai-distribuir-para-as-familias-afetadas-pelo-temporal-de-sao-sebastiao#primaryimage"},"thumbnailUrl":"https:\/\/redenoticiaz.com.br\/litoralsp\/wp-content\/uploads\/sites\/3\/2023\/06\/TEMPORAL-LN.jpg","datePublished":"2023-06-18T18:44:04+00:00","description":"Instituto Verdescola, que atua na cidade, informou que vai iniciar nesta semana a distribui\u00e7\u00e3o R$ 9 milh\u00f5es arrecadados para fam\u00edlias afetadas.","inLanguage":"pt-BR","potentialAction":[{"@type":"ReadAction","target":["https:\/\/redenoticiaz.com.br\/litoralsp\/2023\/06\/18\/ong-arrecada-r-9-milhoes-e-vai-distribuir-para-as-familias-afetadas-pelo-temporal-de-sao-sebastiao"]}]},{"@type":"ImageObject","inLanguage":"pt-BR","@id":"https:\/\/redenoticiaz.com.br\/litoralsp\/2023\/06\/18\/ong-arrecada-r-9-milhoes-e-vai-distribuir-para-as-familias-afetadas-pelo-temporal-de-sao-sebastiao#primaryimage","url":"https:\/\/redenoticiaz.com.br\/litoralsp\/wp-content\/uploads\/sites\/3\/2023\/06\/TEMPORAL-LN.jpg","contentUrl":"https:\/\/redenoticiaz.com.br\/litoralsp\/wp-content\/uploads\/sites\/3\/2023\/06\/TEMPORAL-LN.jpg","width":551,"height":313,"caption":"Cr\u00e9ditos: Reprodu\u00e7\u00e3o"},{"@type":"WebSite","@id":"https:\/\/redenoticiaz.com.br\/litoralsp\/#website","url":"https:\/\/redenoticiaz.com.br\/litoralsp\/","name":"Litoral SP","description":"Rede NoticiaZ","publisher":{"@id":"https:\/\/redenoticiaz.com.br\/litoralsp\/#organization"},"potentialAction":[{"@type":"SearchAction","target":{"@type":"EntryPoint","urlTemplate":"https:\/\/redenoticiaz.com.br\/litoralsp\/?s={search_term_string}"},"query-input":{"@type":"PropertyValueSpecification","valueRequired":true,"valueName":"search_term_string"}}],"inLanguage":"pt-BR"},{"@type":"Organization","@id":"https:\/\/redenoticiaz.com.br\/litoralsp\/#organization","name":"Litoral SP","url":"https:\/\/redenoticiaz.com.br\/litoralsp\/","logo":{"@type":"ImageObject","inLanguage":"pt-BR","@id":"https:\/\/redenoticiaz.com.br\/litoralsp\/#\/schema\/logo\/image\/","url":"https:\/\/redenoticiaz.com.br\/litoralsp\/wp-content\/uploads\/sites\/3\/2020\/11\/logo.jpg","contentUrl":"https:\/\/redenoticiaz.com.br\/litoralsp\/wp-content\/uploads\/sites\/3\/2020\/11\/logo.jpg","width":400,"height":250,"caption":"Litoral SP"},"image":{"@id":"https:\/\/redenoticiaz.com.br\/litoralsp\/#\/schema\/logo\/image\/"}},{"@type":"Person","@id":"https:\/\/redenoticiaz.com.br\/litoralsp\/#\/schema\/person\/0f0b8a5bdafefe82841e07ae8d81ecb3","name":"Leonardo Francisco","image":{"@type":"ImageObject","inLanguage":"pt-BR","@id":"https:\/\/secure.gravatar.com\/avatar\/a7358cb406a99b682ec6df1e77e31ae82e63601f6784e8a3df411d72b37864da?s=96&d=mm&r=g","url":"https:\/\/secure.gravatar.com\/avatar\/a7358cb406a99b682ec6df1e77e31ae82e63601f6784e8a3df411d72b37864da?s=96&d=mm&r=g","contentUrl":"https:\/\/secure.gravatar.com\/avatar\/a7358cb406a99b682ec6df1e77e31ae82e63601f6784e8a3df411d72b37864da?s=96&d=mm&r=g","caption":"Leonardo Francisco"},"url":"https:\/\/redenoticiaz.com.br\/litoralsp\/author\/leonardo-francisco"}]}},"_links":{"self":[{"href":"https:\/\/redenoticiaz.com.br\/litoralsp\/wp-json\/wp\/v2\/posts\/107437","targetHints":{"allow":["GET"]}}],"collection":[{"href":"https:\/\/redenoticiaz.com.br\/litoralsp\/wp-json\/wp\/v2\/posts"}],"about":[{"href":"https:\/\/redenoticiaz.com.br\/litoralsp\/wp-json\/wp\/v2\/types\/post"}],"author":[{"embeddable":true,"href":"https:\/\/redenoticiaz.com.br\/litoralsp\/wp-json\/wp\/v2\/users\/6"}],"replies":[{"embeddable":true,"href":"https:\/\/redenoticiaz.com.br\/litoralsp\/wp-json\/wp\/v2\/comments?post=107437"}],"version-history":[{"count":1,"href":"https:\/\/redenoticiaz.com.br\/litoralsp\/wp-json\/wp\/v2\/posts\/107437\/revisions"}],"predecessor-version":[{"id":107439,"href":"https:\/\/redenoticiaz.com.br\/litoralsp\/wp-json\/wp\/v2\/posts\/107437\/revisions\/107439"}],"wp:featuredmedia":[{"embeddable":true,"href":"https:\/\/redenoticiaz.com.br\/litoralsp\/wp-json\/wp\/v2\/media\/107438"}],"wp:attachment":[{"href":"https:\/\/redenoticiaz.com.br\/litoralsp\/wp-json\/wp\/v2\/media?parent=107437"}],"wp:term":[{"taxonomy":"category","embeddable":true,"href":"https:\/\/redenoticiaz.com.br\/litoralsp\/wp-json\/wp\/v2\/categories?post=107437"},{"taxonomy":"post_tag","embeddable":true,"href":"https:\/\/redenoticiaz.com.br\/litoralsp\/wp-json\/wp\/v2\/tags?post=107437"}],"curies":[{"name":"wp","href":"https:\/\/api.w.org\/{rel}","templated":true}]}}