{"id":107457,"date":"2023-06-19T16:52:29","date_gmt":"2023-06-19T19:52:29","guid":{"rendered":"https:\/\/redenoticiaz.com.br\/litoralsp\/?p=107457"},"modified":"2023-06-19T16:52:29","modified_gmt":"2023-06-19T19:52:29","slug":"tres-homens-sao-capturados-pela-romu-em-guaruja","status":"publish","type":"post","link":"https:\/\/redenoticiaz.com.br\/litoralsp\/2023\/06\/19\/tres-homens-sao-capturados-pela-romu-em-guaruja","title":{"rendered":"Tr\u00eas homens s\u00e3o capturados pela ROMU em Guaruj\u00e1"},"content":{"rendered":"<p>Em patrulhamento pela Avenida Thiago Ferreira, em Vicente de Carvalho, na tarde do \u00faltimo s\u00e1bado (17), a equipe de Ronda Ostensiva Municipal (ROMU), grupamento especializado da Guarda Civil Municipal de Guaruj\u00e1 (GCM), foi acionada para atender uma ocorr\u00eancia de roubo na lanchonete do Mc Donald\u2019s, \u00a0localizado na Pra\u00e7a 14 Bis.<\/p>\n<p>De acordo com as informa\u00e7\u00f5es, ao avistar a viatura, os tr\u00eas indiv\u00edduos fugiram, mas foram capturados pelos GCMs.<\/p>\n<p>Dois deles foram abordados perto do local e um terceiro foi encontrado no cruzamento da Rua Amazonas com a Rua 24 de Agosto.<\/p>\n<p>Sendo assim, os suspeitos tamb\u00e9m haviam roubado uma sorveteria na Avenida Santos Dumont.<\/p>\n<p>Por fim, os homens tiveram suas bicicletas apreendidas ao p\u00e1tio municipal e foram conduzidos \u00e0 Delegacia Sede.<\/p>\n<p><strong>Leia mais<\/strong><\/p>\n<p><a href=\"https:\/\/redenoticiaz.com.br\/litoralsp\/2023\/06\/15\/prefeitura-de-guaruja-alerta-sobre-golpe-do-falso-fiscal-sanitario\">Prefeitura de Guaruj\u00e1 alerta sobre golpe do falso fiscal sanit\u00e1rio<\/a><\/p>\n","protected":false},"excerpt":{"rendered":"<p>Em patrulhamento pela Avenida Thiago Ferreira, em Vicente de Carvalho, na tarde do \u00faltimo s\u00e1bado (17), a equipe de Ronda Ostensiva Municipal (ROMU), grupamento especializado da Guarda Civil Municipal de Guaruj\u00e1 (GCM), foi acionada para atender uma ocorr\u00eancia de roubo na lanchonete do Mc Donald\u2019s, \u00a0localizado na Pra\u00e7a 14 Bis. De acordo com as informa\u00e7\u00f5es, &hellip;<\/p>\n","protected":false},"author":12,"featured_media":107458,"comment_status":"open","ping_status":"closed","sticky":false,"template":"","format":"standard","meta":{"footnotes":""},"categories":[187],"tags":[57814,6426,49566,42894,1973],"class_list":["post-107457","post","type-post","status-publish","format-standard","has-post-thumbnail","hentry","category-guaruja","tag-14-bis","tag-guaruja-2","tag-mc-donalds","tag-romu","tag-roubo"],"yoast_head":"<!-- This site is optimized with the Yoast SEO plugin v27.4 - https:\/\/yoast.com\/product\/yoast-seo-wordpress\/ -->\n<title>Tr\u00eas homens s\u00e3o capturados pela ROMU em Guaruj\u00e1 - Litoral SP<\/title>\n<meta name=\"description\" content=\"Ocorr\u00eancia foi atendida no \u00faltimo s\u00e1bado (17); os suspeitos foram conduzidos \u00e0 Delegacia Sede\" \/>\n<meta name=\"robots\" content=\"index, follow, max-snippet:-1, max-image-preview:large, max-video-preview:-1\" \/>\n<link rel=\"canonical\" href=\"https:\/\/redenoticiaz.com.br\/litoralsp\/2023\/06\/19\/tres-homens-sao-capturados-pela-romu-em-guaruja\" \/>\n<meta property=\"og:locale\" content=\"pt_BR\" \/>\n<meta property=\"og:type\" content=\"article\" \/>\n<meta property=\"og:title\" content=\"Tr\u00eas homens s\u00e3o capturados pela ROMU em Guaruj\u00e1 - Litoral SP\" \/>\n<meta property=\"og:description\" content=\"Ocorr\u00eancia foi atendida no \u00faltimo s\u00e1bado (17); os suspeitos foram conduzidos \u00e0 Delegacia Sede\" \/>\n<meta property=\"og:url\" content=\"https:\/\/redenoticiaz.com.br\/litoralsp\/2023\/06\/19\/tres-homens-sao-capturados-pela-romu-em-guaruja\" \/>\n<meta property=\"og:site_name\" content=\"Litoral SP\" \/>\n<meta property=\"article:published_time\" content=\"2023-06-19T19:52:29+00:00\" \/>\n<meta property=\"og:image\" content=\"https:\/\/redenoticiaz.com.br\/litoralsp\/wp-content\/uploads\/sites\/3\/2023\/06\/52985437582_428be2276f_h.jpg\" \/>\n\t<meta property=\"og:image:width\" content=\"1440\" \/>\n\t<meta property=\"og:image:height\" content=\"1080\" \/>\n\t<meta property=\"og:image:type\" content=\"image\/jpeg\" \/>\n<meta name=\"author\" content=\"Gustavo Silva\" \/>\n<meta name=\"twitter:card\" content=\"summary_large_image\" \/>\n<meta name=\"twitter:label1\" content=\"Escrito por\" \/>\n\t<meta name=\"twitter:data1\" content=\"Gustavo Silva\" \/>\n\t<meta name=\"twitter:label2\" content=\"Est. tempo de leitura\" \/>\n\t<meta name=\"twitter:data2\" content=\"1 minuto\" \/>\n<script type=\"application\/ld+json\" class=\"yoast-schema-graph\">{\"@context\":\"https:\\\/\\\/schema.org\",\"@graph\":[{\"@type\":\"Article\",\"@id\":\"https:\\\/\\\/redenoticiaz.com.br\\\/litoralsp\\\/2023\\\/06\\\/19\\\/tres-homens-sao-capturados-pela-romu-em-guaruja#article\",\"isPartOf\":{\"@id\":\"https:\\\/\\\/redenoticiaz.com.br\\\/litoralsp\\\/2023\\\/06\\\/19\\\/tres-homens-sao-capturados-pela-romu-em-guaruja\"},\"author\":{\"name\":\"Gustavo Silva\",\"@id\":\"https:\\\/\\\/redenoticiaz.com.br\\\/litoralsp\\\/#\\\/schema\\\/person\\\/16057b37a3c0ee6b096d7f887c566e2e\"},\"headline\":\"Tr\u00eas homens s\u00e3o capturados pela ROMU em Guaruj\u00e1\",\"datePublished\":\"2023-06-19T19:52:29+00:00\",\"mainEntityOfPage\":{\"@id\":\"https:\\\/\\\/redenoticiaz.com.br\\\/litoralsp\\\/2023\\\/06\\\/19\\\/tres-homens-sao-capturados-pela-romu-em-guaruja\"},\"wordCount\":149,\"commentCount\":0,\"publisher\":{\"@id\":\"https:\\\/\\\/redenoticiaz.com.br\\\/litoralsp\\\/#organization\"},\"image\":{\"@id\":\"https:\\\/\\\/redenoticiaz.com.br\\\/litoralsp\\\/2023\\\/06\\\/19\\\/tres-homens-sao-capturados-pela-romu-em-guaruja#primaryimage\"},\"thumbnailUrl\":\"https:\\\/\\\/redenoticiaz.com.br\\\/litoralsp\\\/wp-content\\\/uploads\\\/sites\\\/3\\\/2023\\\/06\\\/52985437582_428be2276f_h.jpg\",\"keywords\":[\"14 bis\",\"Guaruj\u00e1\",\"MC DONALDS\",\"ROMU\",\"roubo\"],\"articleSection\":[\"Guaruj\u00e1\"],\"inLanguage\":\"pt-BR\",\"potentialAction\":[{\"@type\":\"CommentAction\",\"name\":\"Comment\",\"target\":[\"https:\\\/\\\/redenoticiaz.com.br\\\/litoralsp\\\/2023\\\/06\\\/19\\\/tres-homens-sao-capturados-pela-romu-em-guaruja#respond\"]}]},{\"@type\":\"WebPage\",\"@id\":\"https:\\\/\\\/redenoticiaz.com.br\\\/litoralsp\\\/2023\\\/06\\\/19\\\/tres-homens-sao-capturados-pela-romu-em-guaruja\",\"url\":\"https:\\\/\\\/redenoticiaz.com.br\\\/litoralsp\\\/2023\\\/06\\\/19\\\/tres-homens-sao-capturados-pela-romu-em-guaruja\",\"name\":\"Tr\u00eas homens s\u00e3o capturados pela ROMU em Guaruj\u00e1 - Litoral SP\",\"isPartOf\":{\"@id\":\"https:\\\/\\\/redenoticiaz.com.br\\\/litoralsp\\\/#website\"},\"primaryImageOfPage\":{\"@id\":\"https:\\\/\\\/redenoticiaz.com.br\\\/litoralsp\\\/2023\\\/06\\\/19\\\/tres-homens-sao-capturados-pela-romu-em-guaruja#primaryimage\"},\"image\":{\"@id\":\"https:\\\/\\\/redenoticiaz.com.br\\\/litoralsp\\\/2023\\\/06\\\/19\\\/tres-homens-sao-capturados-pela-romu-em-guaruja#primaryimage\"},\"thumbnailUrl\":\"https:\\\/\\\/redenoticiaz.com.br\\\/litoralsp\\\/wp-content\\\/uploads\\\/sites\\\/3\\\/2023\\\/06\\\/52985437582_428be2276f_h.jpg\",\"datePublished\":\"2023-06-19T19:52:29+00:00\",\"description\":\"Ocorr\u00eancia foi atendida no \u00faltimo s\u00e1bado (17); os suspeitos foram conduzidos \u00e0 Delegacia Sede\",\"inLanguage\":\"pt-BR\",\"potentialAction\":[{\"@type\":\"ReadAction\",\"target\":[\"https:\\\/\\\/redenoticiaz.com.br\\\/litoralsp\\\/2023\\\/06\\\/19\\\/tres-homens-sao-capturados-pela-romu-em-guaruja\"]}]},{\"@type\":\"ImageObject\",\"inLanguage\":\"pt-BR\",\"@id\":\"https:\\\/\\\/redenoticiaz.com.br\\\/litoralsp\\\/2023\\\/06\\\/19\\\/tres-homens-sao-capturados-pela-romu-em-guaruja#primaryimage\",\"url\":\"https:\\\/\\\/redenoticiaz.com.br\\\/litoralsp\\\/wp-content\\\/uploads\\\/sites\\\/3\\\/2023\\\/06\\\/52985437582_428be2276f_h.jpg\",\"contentUrl\":\"https:\\\/\\\/redenoticiaz.com.br\\\/litoralsp\\\/wp-content\\\/uploads\\\/sites\\\/3\\\/2023\\\/06\\\/52985437582_428be2276f_h.jpg\",\"width\":1440,\"height\":1080,\"caption\":\"Tr\u00eas homens s\u00e3o capturados pela ROMU em Guaruj\u00e1\"},{\"@type\":\"WebSite\",\"@id\":\"https:\\\/\\\/redenoticiaz.com.br\\\/litoralsp\\\/#website\",\"url\":\"https:\\\/\\\/redenoticiaz.com.br\\\/litoralsp\\\/\",\"name\":\"Litoral SP\",\"description\":\"Rede NoticiaZ\",\"publisher\":{\"@id\":\"https:\\\/\\\/redenoticiaz.com.br\\\/litoralsp\\\/#organization\"},\"potentialAction\":[{\"@type\":\"SearchAction\",\"target\":{\"@type\":\"EntryPoint\",\"urlTemplate\":\"https:\\\/\\\/redenoticiaz.com.br\\\/litoralsp\\\/?s={search_term_string}\"},\"query-input\":{\"@type\":\"PropertyValueSpecification\",\"valueRequired\":true,\"valueName\":\"search_term_string\"}}],\"inLanguage\":\"pt-BR\"},{\"@type\":\"Organization\",\"@id\":\"https:\\\/\\\/redenoticiaz.com.br\\\/litoralsp\\\/#organization\",\"name\":\"Litoral SP\",\"url\":\"https:\\\/\\\/redenoticiaz.com.br\\\/litoralsp\\\/\",\"logo\":{\"@type\":\"ImageObject\",\"inLanguage\":\"pt-BR\",\"@id\":\"https:\\\/\\\/redenoticiaz.com.br\\\/litoralsp\\\/#\\\/schema\\\/logo\\\/image\\\/\",\"url\":\"https:\\\/\\\/redenoticiaz.com.br\\\/litoralsp\\\/wp-content\\\/uploads\\\/sites\\\/3\\\/2020\\\/11\\\/logo.jpg\",\"contentUrl\":\"https:\\\/\\\/redenoticiaz.com.br\\\/litoralsp\\\/wp-content\\\/uploads\\\/sites\\\/3\\\/2020\\\/11\\\/logo.jpg\",\"width\":400,\"height\":250,\"caption\":\"Litoral SP\"},\"image\":{\"@id\":\"https:\\\/\\\/redenoticiaz.com.br\\\/litoralsp\\\/#\\\/schema\\\/logo\\\/image\\\/\"}},{\"@type\":\"Person\",\"@id\":\"https:\\\/\\\/redenoticiaz.com.br\\\/litoralsp\\\/#\\\/schema\\\/person\\\/16057b37a3c0ee6b096d7f887c566e2e\",\"name\":\"Gustavo Silva\",\"image\":{\"@type\":\"ImageObject\",\"inLanguage\":\"pt-BR\",\"@id\":\"https:\\\/\\\/secure.gravatar.com\\\/avatar\\\/3ee4e82f93b26de0a7cf4ea5eb7893da637ed6bb0c9170c58065944c56e28a33?s=96&d=mm&r=g\",\"url\":\"https:\\\/\\\/secure.gravatar.com\\\/avatar\\\/3ee4e82f93b26de0a7cf4ea5eb7893da637ed6bb0c9170c58065944c56e28a33?s=96&d=mm&r=g\",\"contentUrl\":\"https:\\\/\\\/secure.gravatar.com\\\/avatar\\\/3ee4e82f93b26de0a7cf4ea5eb7893da637ed6bb0c9170c58065944c56e28a33?s=96&d=mm&r=g\",\"caption\":\"Gustavo Silva\"},\"url\":\"https:\\\/\\\/redenoticiaz.com.br\\\/litoralsp\\\/author\\\/gustavosilva\"}]}<\/script>\n<!-- \/ Yoast SEO plugin. -->","yoast_head_json":{"title":"Tr\u00eas homens s\u00e3o capturados pela ROMU em Guaruj\u00e1 - Litoral SP","description":"Ocorr\u00eancia foi atendida no \u00faltimo s\u00e1bado (17); os suspeitos foram conduzidos \u00e0 Delegacia Sede","robots":{"index":"index","follow":"follow","max-snippet":"max-snippet:-1","max-image-preview":"max-image-preview:large","max-video-preview":"max-video-preview:-1"},"canonical":"https:\/\/redenoticiaz.com.br\/litoralsp\/2023\/06\/19\/tres-homens-sao-capturados-pela-romu-em-guaruja","og_locale":"pt_BR","og_type":"article","og_title":"Tr\u00eas homens s\u00e3o capturados pela ROMU em Guaruj\u00e1 - Litoral SP","og_description":"Ocorr\u00eancia foi atendida no \u00faltimo s\u00e1bado (17); os suspeitos foram conduzidos \u00e0 Delegacia Sede","og_url":"https:\/\/redenoticiaz.com.br\/litoralsp\/2023\/06\/19\/tres-homens-sao-capturados-pela-romu-em-guaruja","og_site_name":"Litoral SP","article_published_time":"2023-06-19T19:52:29+00:00","og_image":[{"width":1440,"height":1080,"url":"https:\/\/redenoticiaz.com.br\/litoralsp\/wp-content\/uploads\/sites\/3\/2023\/06\/52985437582_428be2276f_h.jpg","type":"image\/jpeg"}],"author":"Gustavo Silva","twitter_card":"summary_large_image","twitter_misc":{"Escrito por":"Gustavo Silva","Est. tempo de leitura":"1 minuto"},"schema":{"@context":"https:\/\/schema.org","@graph":[{"@type":"Article","@id":"https:\/\/redenoticiaz.com.br\/litoralsp\/2023\/06\/19\/tres-homens-sao-capturados-pela-romu-em-guaruja#article","isPartOf":{"@id":"https:\/\/redenoticiaz.com.br\/litoralsp\/2023\/06\/19\/tres-homens-sao-capturados-pela-romu-em-guaruja"},"author":{"name":"Gustavo Silva","@id":"https:\/\/redenoticiaz.com.br\/litoralsp\/#\/schema\/person\/16057b37a3c0ee6b096d7f887c566e2e"},"headline":"Tr\u00eas homens s\u00e3o capturados pela ROMU em Guaruj\u00e1","datePublished":"2023-06-19T19:52:29+00:00","mainEntityOfPage":{"@id":"https:\/\/redenoticiaz.com.br\/litoralsp\/2023\/06\/19\/tres-homens-sao-capturados-pela-romu-em-guaruja"},"wordCount":149,"commentCount":0,"publisher":{"@id":"https:\/\/redenoticiaz.com.br\/litoralsp\/#organization"},"image":{"@id":"https:\/\/redenoticiaz.com.br\/litoralsp\/2023\/06\/19\/tres-homens-sao-capturados-pela-romu-em-guaruja#primaryimage"},"thumbnailUrl":"https:\/\/redenoticiaz.com.br\/litoralsp\/wp-content\/uploads\/sites\/3\/2023\/06\/52985437582_428be2276f_h.jpg","keywords":["14 bis","Guaruj\u00e1","MC DONALDS","ROMU","roubo"],"articleSection":["Guaruj\u00e1"],"inLanguage":"pt-BR","potentialAction":[{"@type":"CommentAction","name":"Comment","target":["https:\/\/redenoticiaz.com.br\/litoralsp\/2023\/06\/19\/tres-homens-sao-capturados-pela-romu-em-guaruja#respond"]}]},{"@type":"WebPage","@id":"https:\/\/redenoticiaz.com.br\/litoralsp\/2023\/06\/19\/tres-homens-sao-capturados-pela-romu-em-guaruja","url":"https:\/\/redenoticiaz.com.br\/litoralsp\/2023\/06\/19\/tres-homens-sao-capturados-pela-romu-em-guaruja","name":"Tr\u00eas homens s\u00e3o capturados pela ROMU em Guaruj\u00e1 - Litoral SP","isPartOf":{"@id":"https:\/\/redenoticiaz.com.br\/litoralsp\/#website"},"primaryImageOfPage":{"@id":"https:\/\/redenoticiaz.com.br\/litoralsp\/2023\/06\/19\/tres-homens-sao-capturados-pela-romu-em-guaruja#primaryimage"},"image":{"@id":"https:\/\/redenoticiaz.com.br\/litoralsp\/2023\/06\/19\/tres-homens-sao-capturados-pela-romu-em-guaruja#primaryimage"},"thumbnailUrl":"https:\/\/redenoticiaz.com.br\/litoralsp\/wp-content\/uploads\/sites\/3\/2023\/06\/52985437582_428be2276f_h.jpg","datePublished":"2023-06-19T19:52:29+00:00","description":"Ocorr\u00eancia foi atendida no \u00faltimo s\u00e1bado (17); os suspeitos foram conduzidos \u00e0 Delegacia Sede","inLanguage":"pt-BR","potentialAction":[{"@type":"ReadAction","target":["https:\/\/redenoticiaz.com.br\/litoralsp\/2023\/06\/19\/tres-homens-sao-capturados-pela-romu-em-guaruja"]}]},{"@type":"ImageObject","inLanguage":"pt-BR","@id":"https:\/\/redenoticiaz.com.br\/litoralsp\/2023\/06\/19\/tres-homens-sao-capturados-pela-romu-em-guaruja#primaryimage","url":"https:\/\/redenoticiaz.com.br\/litoralsp\/wp-content\/uploads\/sites\/3\/2023\/06\/52985437582_428be2276f_h.jpg","contentUrl":"https:\/\/redenoticiaz.com.br\/litoralsp\/wp-content\/uploads\/sites\/3\/2023\/06\/52985437582_428be2276f_h.jpg","width":1440,"height":1080,"caption":"Tr\u00eas homens s\u00e3o capturados pela ROMU em Guaruj\u00e1"},{"@type":"WebSite","@id":"https:\/\/redenoticiaz.com.br\/litoralsp\/#website","url":"https:\/\/redenoticiaz.com.br\/litoralsp\/","name":"Litoral SP","description":"Rede NoticiaZ","publisher":{"@id":"https:\/\/redenoticiaz.com.br\/litoralsp\/#organization"},"potentialAction":[{"@type":"SearchAction","target":{"@type":"EntryPoint","urlTemplate":"https:\/\/redenoticiaz.com.br\/litoralsp\/?s={search_term_string}"},"query-input":{"@type":"PropertyValueSpecification","valueRequired":true,"valueName":"search_term_string"}}],"inLanguage":"pt-BR"},{"@type":"Organization","@id":"https:\/\/redenoticiaz.com.br\/litoralsp\/#organization","name":"Litoral SP","url":"https:\/\/redenoticiaz.com.br\/litoralsp\/","logo":{"@type":"ImageObject","inLanguage":"pt-BR","@id":"https:\/\/redenoticiaz.com.br\/litoralsp\/#\/schema\/logo\/image\/","url":"https:\/\/redenoticiaz.com.br\/litoralsp\/wp-content\/uploads\/sites\/3\/2020\/11\/logo.jpg","contentUrl":"https:\/\/redenoticiaz.com.br\/litoralsp\/wp-content\/uploads\/sites\/3\/2020\/11\/logo.jpg","width":400,"height":250,"caption":"Litoral SP"},"image":{"@id":"https:\/\/redenoticiaz.com.br\/litoralsp\/#\/schema\/logo\/image\/"}},{"@type":"Person","@id":"https:\/\/redenoticiaz.com.br\/litoralsp\/#\/schema\/person\/16057b37a3c0ee6b096d7f887c566e2e","name":"Gustavo Silva","image":{"@type":"ImageObject","inLanguage":"pt-BR","@id":"https:\/\/secure.gravatar.com\/avatar\/3ee4e82f93b26de0a7cf4ea5eb7893da637ed6bb0c9170c58065944c56e28a33?s=96&d=mm&r=g","url":"https:\/\/secure.gravatar.com\/avatar\/3ee4e82f93b26de0a7cf4ea5eb7893da637ed6bb0c9170c58065944c56e28a33?s=96&d=mm&r=g","contentUrl":"https:\/\/secure.gravatar.com\/avatar\/3ee4e82f93b26de0a7cf4ea5eb7893da637ed6bb0c9170c58065944c56e28a33?s=96&d=mm&r=g","caption":"Gustavo Silva"},"url":"https:\/\/redenoticiaz.com.br\/litoralsp\/author\/gustavosilva"}]}},"_links":{"self":[{"href":"https:\/\/redenoticiaz.com.br\/litoralsp\/wp-json\/wp\/v2\/posts\/107457","targetHints":{"allow":["GET"]}}],"collection":[{"href":"https:\/\/redenoticiaz.com.br\/litoralsp\/wp-json\/wp\/v2\/posts"}],"about":[{"href":"https:\/\/redenoticiaz.com.br\/litoralsp\/wp-json\/wp\/v2\/types\/post"}],"author":[{"embeddable":true,"href":"https:\/\/redenoticiaz.com.br\/litoralsp\/wp-json\/wp\/v2\/users\/12"}],"replies":[{"embeddable":true,"href":"https:\/\/redenoticiaz.com.br\/litoralsp\/wp-json\/wp\/v2\/comments?post=107457"}],"version-history":[{"count":1,"href":"https:\/\/redenoticiaz.com.br\/litoralsp\/wp-json\/wp\/v2\/posts\/107457\/revisions"}],"predecessor-version":[{"id":107459,"href":"https:\/\/redenoticiaz.com.br\/litoralsp\/wp-json\/wp\/v2\/posts\/107457\/revisions\/107459"}],"wp:featuredmedia":[{"embeddable":true,"href":"https:\/\/redenoticiaz.com.br\/litoralsp\/wp-json\/wp\/v2\/media\/107458"}],"wp:attachment":[{"href":"https:\/\/redenoticiaz.com.br\/litoralsp\/wp-json\/wp\/v2\/media?parent=107457"}],"wp:term":[{"taxonomy":"category","embeddable":true,"href":"https:\/\/redenoticiaz.com.br\/litoralsp\/wp-json\/wp\/v2\/categories?post=107457"},{"taxonomy":"post_tag","embeddable":true,"href":"https:\/\/redenoticiaz.com.br\/litoralsp\/wp-json\/wp\/v2\/tags?post=107457"}],"curies":[{"name":"wp","href":"https:\/\/api.w.org\/{rel}","templated":true}]}}