{"id":107484,"date":"2023-06-20T13:57:18","date_gmt":"2023-06-20T16:57:18","guid":{"rendered":"https:\/\/redenoticiaz.com.br\/litoralsp\/?p=107484"},"modified":"2023-06-20T13:57:18","modified_gmt":"2023-06-20T16:57:18","slug":"sao-vicente-procura-familiares-de-paciente-internado-no-hospital-do-vicentino","status":"publish","type":"post","link":"https:\/\/redenoticiaz.com.br\/litoralsp\/2023\/06\/20\/sao-vicente-procura-familiares-de-paciente-internado-no-hospital-do-vicentino","title":{"rendered":"S\u00e3o Vicente procura familiares de paciente internado no Hospital do Vicentino"},"content":{"rendered":"<div>A Prefeitura de S\u00e3o Vicente, informou que est\u00e1 a procura de familiares de um paciente que est\u00e1 internado no Hospital do Vicentino.<\/div>\n<div><\/div>\n<div>Dami\u00e3o Gomes da Silva, de 54 anos, deu entrada no Crei dia 17 de maio por meios pr\u00f3prios, sem conseguir explicar o que havia acontecido.<\/div>\n<div><\/div>\n<div>Ap\u00f3s a realiza\u00e7\u00e3o de exames, o paciente foi diagnosticado com acidente vascular encef\u00e1lico hemorr\u00e1gico (AVEH).\u00a0 Atualmente, o paciente est\u00e1 internado no Hospital do Vicentino (HDV).<\/div>\n<div><\/div>\n<div>A assist\u00eancia social da Secretaria de Sa\u00fade (Sesau), solicita a ajuda dos mun\u00edcipes para localizar a fam\u00edlia do paciente que recebeu alta do hospital, mas s\u00f3 pode ser liberado acompanhado por familiares ou respons\u00e1veis.<\/div>\n<div><\/div>\n<div>O Servi\u00e7o Social localizou dois endere\u00e7os, que foram verificados por interm\u00e9dio dos agentes de sa\u00fade, mas n\u00e3o obtiveram sucesso na localiza\u00e7\u00e3o de parentes.<\/div>\n<div><\/div>\n<div>O paciente n\u00e3o est\u00e1 verbalizando, n\u00e3o possui tatuagens ou marcas, somente um sinal do lado esquerdo do rosto.<\/div>\n<div><\/div>\n<div>Leia mais<\/div>\n<div><a href=\"https:\/\/redenoticiaz.com.br\/litoralsp\/2023\/06\/16\/sao-vicente-pode-se-tornar-capital-do-brasil-por-um-dia\">S\u00e3o Vicente pode se tornar capital do Brasil por um dia<\/a><\/div>\n","protected":false},"excerpt":{"rendered":"<p>A Prefeitura de S\u00e3o Vicente, informou que est\u00e1 a procura de familiares de um paciente que est\u00e1 internado no Hospital do Vicentino. Dami\u00e3o Gomes da Silva, de 54 anos, deu entrada no Crei dia 17 de maio por meios pr\u00f3prios, sem conseguir explicar o que havia acontecido. Ap\u00f3s a realiza\u00e7\u00e3o de exames, o paciente foi &hellip;<\/p>\n","protected":false},"author":12,"featured_media":107485,"comment_status":"open","ping_status":"closed","sticky":false,"template":"","format":"standard","meta":{"footnotes":""},"categories":[181],"tags":[65871,58218,38547,33,96],"class_list":["post-107484","post","type-post","status-publish","format-standard","has-post-thumbnail","hentry","category-sao-vicente","tag-damiao-gomes-da-silva","tag-hospital-do-vicentino","tag-parentes","tag-sao-vicente","tag-saude"],"yoast_head":"<!-- This site is optimized with the Yoast SEO plugin v27.4 - https:\/\/yoast.com\/product\/yoast-seo-wordpress\/ -->\n<title>S\u00e3o Vicente procura familiares de paciente internado no Hospital do Vicentino - Litoral SP<\/title>\n<meta name=\"description\" content=\"A Prefeitura de S\u00e3o Vicente, informou que est\u00e1 a procura de familiares de um paciente que est\u00e1 internado no Hospital do Vicentino.\" \/>\n<meta name=\"robots\" content=\"index, follow, max-snippet:-1, max-image-preview:large, max-video-preview:-1\" \/>\n<link rel=\"canonical\" href=\"https:\/\/redenoticiaz.com.br\/litoralsp\/2023\/06\/20\/sao-vicente-procura-familiares-de-paciente-internado-no-hospital-do-vicentino\" \/>\n<meta property=\"og:locale\" content=\"pt_BR\" \/>\n<meta property=\"og:type\" content=\"article\" \/>\n<meta property=\"og:title\" content=\"S\u00e3o Vicente procura familiares de paciente internado no Hospital do Vicentino - Litoral SP\" \/>\n<meta property=\"og:description\" content=\"A Prefeitura de S\u00e3o Vicente, informou que est\u00e1 a procura de familiares de um paciente que est\u00e1 internado no Hospital do Vicentino.\" \/>\n<meta property=\"og:url\" content=\"https:\/\/redenoticiaz.com.br\/litoralsp\/2023\/06\/20\/sao-vicente-procura-familiares-de-paciente-internado-no-hospital-do-vicentino\" \/>\n<meta property=\"og:site_name\" content=\"Litoral SP\" \/>\n<meta property=\"article:published_time\" content=\"2023-06-20T16:57:18+00:00\" \/>\n<meta property=\"og:image\" content=\"https:\/\/redenoticiaz.com.br\/litoralsp\/wp-content\/uploads\/sites\/3\/2023\/06\/17735.png\" \/>\n\t<meta property=\"og:image:width\" content=\"915\" \/>\n\t<meta property=\"og:image:height\" content=\"609\" \/>\n\t<meta property=\"og:image:type\" content=\"image\/png\" \/>\n<meta name=\"author\" content=\"Gustavo Silva\" \/>\n<meta name=\"twitter:card\" content=\"summary_large_image\" \/>\n<meta name=\"twitter:label1\" content=\"Escrito por\" \/>\n\t<meta name=\"twitter:data1\" content=\"Gustavo Silva\" \/>\n\t<meta name=\"twitter:label2\" content=\"Est. tempo de leitura\" \/>\n\t<meta name=\"twitter:data2\" content=\"1 minuto\" \/>\n<script type=\"application\/ld+json\" class=\"yoast-schema-graph\">{\"@context\":\"https:\\\/\\\/schema.org\",\"@graph\":[{\"@type\":\"Article\",\"@id\":\"https:\\\/\\\/redenoticiaz.com.br\\\/litoralsp\\\/2023\\\/06\\\/20\\\/sao-vicente-procura-familiares-de-paciente-internado-no-hospital-do-vicentino#article\",\"isPartOf\":{\"@id\":\"https:\\\/\\\/redenoticiaz.com.br\\\/litoralsp\\\/2023\\\/06\\\/20\\\/sao-vicente-procura-familiares-de-paciente-internado-no-hospital-do-vicentino\"},\"author\":{\"name\":\"Gustavo Silva\",\"@id\":\"https:\\\/\\\/redenoticiaz.com.br\\\/litoralsp\\\/#\\\/schema\\\/person\\\/16057b37a3c0ee6b096d7f887c566e2e\"},\"headline\":\"S\u00e3o Vicente procura familiares de paciente internado no Hospital do Vicentino\",\"datePublished\":\"2023-06-20T16:57:18+00:00\",\"mainEntityOfPage\":{\"@id\":\"https:\\\/\\\/redenoticiaz.com.br\\\/litoralsp\\\/2023\\\/06\\\/20\\\/sao-vicente-procura-familiares-de-paciente-internado-no-hospital-do-vicentino\"},\"wordCount\":191,\"commentCount\":0,\"publisher\":{\"@id\":\"https:\\\/\\\/redenoticiaz.com.br\\\/litoralsp\\\/#organization\"},\"image\":{\"@id\":\"https:\\\/\\\/redenoticiaz.com.br\\\/litoralsp\\\/2023\\\/06\\\/20\\\/sao-vicente-procura-familiares-de-paciente-internado-no-hospital-do-vicentino#primaryimage\"},\"thumbnailUrl\":\"https:\\\/\\\/redenoticiaz.com.br\\\/litoralsp\\\/wp-content\\\/uploads\\\/sites\\\/3\\\/2023\\\/06\\\/17735.png\",\"keywords\":[\"Dami\u00e3o Gomes da Silva\",\"Hospital do Vicentino\",\"PARENTES\",\"S\u00e3o Vicente\",\"saude\"],\"articleSection\":[\"S\u00e3o Vicente\"],\"inLanguage\":\"pt-BR\",\"potentialAction\":[{\"@type\":\"CommentAction\",\"name\":\"Comment\",\"target\":[\"https:\\\/\\\/redenoticiaz.com.br\\\/litoralsp\\\/2023\\\/06\\\/20\\\/sao-vicente-procura-familiares-de-paciente-internado-no-hospital-do-vicentino#respond\"]}]},{\"@type\":\"WebPage\",\"@id\":\"https:\\\/\\\/redenoticiaz.com.br\\\/litoralsp\\\/2023\\\/06\\\/20\\\/sao-vicente-procura-familiares-de-paciente-internado-no-hospital-do-vicentino\",\"url\":\"https:\\\/\\\/redenoticiaz.com.br\\\/litoralsp\\\/2023\\\/06\\\/20\\\/sao-vicente-procura-familiares-de-paciente-internado-no-hospital-do-vicentino\",\"name\":\"S\u00e3o Vicente procura familiares de paciente internado no Hospital do Vicentino - Litoral SP\",\"isPartOf\":{\"@id\":\"https:\\\/\\\/redenoticiaz.com.br\\\/litoralsp\\\/#website\"},\"primaryImageOfPage\":{\"@id\":\"https:\\\/\\\/redenoticiaz.com.br\\\/litoralsp\\\/2023\\\/06\\\/20\\\/sao-vicente-procura-familiares-de-paciente-internado-no-hospital-do-vicentino#primaryimage\"},\"image\":{\"@id\":\"https:\\\/\\\/redenoticiaz.com.br\\\/litoralsp\\\/2023\\\/06\\\/20\\\/sao-vicente-procura-familiares-de-paciente-internado-no-hospital-do-vicentino#primaryimage\"},\"thumbnailUrl\":\"https:\\\/\\\/redenoticiaz.com.br\\\/litoralsp\\\/wp-content\\\/uploads\\\/sites\\\/3\\\/2023\\\/06\\\/17735.png\",\"datePublished\":\"2023-06-20T16:57:18+00:00\",\"description\":\"A Prefeitura de S\u00e3o Vicente, informou que est\u00e1 a procura de familiares de um paciente que est\u00e1 internado no Hospital do Vicentino.\",\"inLanguage\":\"pt-BR\",\"potentialAction\":[{\"@type\":\"ReadAction\",\"target\":[\"https:\\\/\\\/redenoticiaz.com.br\\\/litoralsp\\\/2023\\\/06\\\/20\\\/sao-vicente-procura-familiares-de-paciente-internado-no-hospital-do-vicentino\"]}]},{\"@type\":\"ImageObject\",\"inLanguage\":\"pt-BR\",\"@id\":\"https:\\\/\\\/redenoticiaz.com.br\\\/litoralsp\\\/2023\\\/06\\\/20\\\/sao-vicente-procura-familiares-de-paciente-internado-no-hospital-do-vicentino#primaryimage\",\"url\":\"https:\\\/\\\/redenoticiaz.com.br\\\/litoralsp\\\/wp-content\\\/uploads\\\/sites\\\/3\\\/2023\\\/06\\\/17735.png\",\"contentUrl\":\"https:\\\/\\\/redenoticiaz.com.br\\\/litoralsp\\\/wp-content\\\/uploads\\\/sites\\\/3\\\/2023\\\/06\\\/17735.png\",\"width\":915,\"height\":609,\"caption\":\"S\u00e3o Vicente procura familiares de paciente internado no Hospital do Vicentino\"},{\"@type\":\"WebSite\",\"@id\":\"https:\\\/\\\/redenoticiaz.com.br\\\/litoralsp\\\/#website\",\"url\":\"https:\\\/\\\/redenoticiaz.com.br\\\/litoralsp\\\/\",\"name\":\"Litoral SP\",\"description\":\"Rede NoticiaZ\",\"publisher\":{\"@id\":\"https:\\\/\\\/redenoticiaz.com.br\\\/litoralsp\\\/#organization\"},\"potentialAction\":[{\"@type\":\"SearchAction\",\"target\":{\"@type\":\"EntryPoint\",\"urlTemplate\":\"https:\\\/\\\/redenoticiaz.com.br\\\/litoralsp\\\/?s={search_term_string}\"},\"query-input\":{\"@type\":\"PropertyValueSpecification\",\"valueRequired\":true,\"valueName\":\"search_term_string\"}}],\"inLanguage\":\"pt-BR\"},{\"@type\":\"Organization\",\"@id\":\"https:\\\/\\\/redenoticiaz.com.br\\\/litoralsp\\\/#organization\",\"name\":\"Litoral SP\",\"url\":\"https:\\\/\\\/redenoticiaz.com.br\\\/litoralsp\\\/\",\"logo\":{\"@type\":\"ImageObject\",\"inLanguage\":\"pt-BR\",\"@id\":\"https:\\\/\\\/redenoticiaz.com.br\\\/litoralsp\\\/#\\\/schema\\\/logo\\\/image\\\/\",\"url\":\"https:\\\/\\\/redenoticiaz.com.br\\\/litoralsp\\\/wp-content\\\/uploads\\\/sites\\\/3\\\/2020\\\/11\\\/logo.jpg\",\"contentUrl\":\"https:\\\/\\\/redenoticiaz.com.br\\\/litoralsp\\\/wp-content\\\/uploads\\\/sites\\\/3\\\/2020\\\/11\\\/logo.jpg\",\"width\":400,\"height\":250,\"caption\":\"Litoral SP\"},\"image\":{\"@id\":\"https:\\\/\\\/redenoticiaz.com.br\\\/litoralsp\\\/#\\\/schema\\\/logo\\\/image\\\/\"}},{\"@type\":\"Person\",\"@id\":\"https:\\\/\\\/redenoticiaz.com.br\\\/litoralsp\\\/#\\\/schema\\\/person\\\/16057b37a3c0ee6b096d7f887c566e2e\",\"name\":\"Gustavo Silva\",\"image\":{\"@type\":\"ImageObject\",\"inLanguage\":\"pt-BR\",\"@id\":\"https:\\\/\\\/secure.gravatar.com\\\/avatar\\\/3ee4e82f93b26de0a7cf4ea5eb7893da637ed6bb0c9170c58065944c56e28a33?s=96&d=mm&r=g\",\"url\":\"https:\\\/\\\/secure.gravatar.com\\\/avatar\\\/3ee4e82f93b26de0a7cf4ea5eb7893da637ed6bb0c9170c58065944c56e28a33?s=96&d=mm&r=g\",\"contentUrl\":\"https:\\\/\\\/secure.gravatar.com\\\/avatar\\\/3ee4e82f93b26de0a7cf4ea5eb7893da637ed6bb0c9170c58065944c56e28a33?s=96&d=mm&r=g\",\"caption\":\"Gustavo Silva\"},\"url\":\"https:\\\/\\\/redenoticiaz.com.br\\\/litoralsp\\\/author\\\/gustavosilva\"}]}<\/script>\n<!-- \/ Yoast SEO plugin. -->","yoast_head_json":{"title":"S\u00e3o Vicente procura familiares de paciente internado no Hospital do Vicentino - Litoral SP","description":"A Prefeitura de S\u00e3o Vicente, informou que est\u00e1 a procura de familiares de um paciente que est\u00e1 internado no Hospital do Vicentino.","robots":{"index":"index","follow":"follow","max-snippet":"max-snippet:-1","max-image-preview":"max-image-preview:large","max-video-preview":"max-video-preview:-1"},"canonical":"https:\/\/redenoticiaz.com.br\/litoralsp\/2023\/06\/20\/sao-vicente-procura-familiares-de-paciente-internado-no-hospital-do-vicentino","og_locale":"pt_BR","og_type":"article","og_title":"S\u00e3o Vicente procura familiares de paciente internado no Hospital do Vicentino - Litoral SP","og_description":"A Prefeitura de S\u00e3o Vicente, informou que est\u00e1 a procura de familiares de um paciente que est\u00e1 internado no Hospital do Vicentino.","og_url":"https:\/\/redenoticiaz.com.br\/litoralsp\/2023\/06\/20\/sao-vicente-procura-familiares-de-paciente-internado-no-hospital-do-vicentino","og_site_name":"Litoral SP","article_published_time":"2023-06-20T16:57:18+00:00","og_image":[{"width":915,"height":609,"url":"https:\/\/redenoticiaz.com.br\/litoralsp\/wp-content\/uploads\/sites\/3\/2023\/06\/17735.png","type":"image\/png"}],"author":"Gustavo Silva","twitter_card":"summary_large_image","twitter_misc":{"Escrito por":"Gustavo Silva","Est. tempo de leitura":"1 minuto"},"schema":{"@context":"https:\/\/schema.org","@graph":[{"@type":"Article","@id":"https:\/\/redenoticiaz.com.br\/litoralsp\/2023\/06\/20\/sao-vicente-procura-familiares-de-paciente-internado-no-hospital-do-vicentino#article","isPartOf":{"@id":"https:\/\/redenoticiaz.com.br\/litoralsp\/2023\/06\/20\/sao-vicente-procura-familiares-de-paciente-internado-no-hospital-do-vicentino"},"author":{"name":"Gustavo Silva","@id":"https:\/\/redenoticiaz.com.br\/litoralsp\/#\/schema\/person\/16057b37a3c0ee6b096d7f887c566e2e"},"headline":"S\u00e3o Vicente procura familiares de paciente internado no Hospital do Vicentino","datePublished":"2023-06-20T16:57:18+00:00","mainEntityOfPage":{"@id":"https:\/\/redenoticiaz.com.br\/litoralsp\/2023\/06\/20\/sao-vicente-procura-familiares-de-paciente-internado-no-hospital-do-vicentino"},"wordCount":191,"commentCount":0,"publisher":{"@id":"https:\/\/redenoticiaz.com.br\/litoralsp\/#organization"},"image":{"@id":"https:\/\/redenoticiaz.com.br\/litoralsp\/2023\/06\/20\/sao-vicente-procura-familiares-de-paciente-internado-no-hospital-do-vicentino#primaryimage"},"thumbnailUrl":"https:\/\/redenoticiaz.com.br\/litoralsp\/wp-content\/uploads\/sites\/3\/2023\/06\/17735.png","keywords":["Dami\u00e3o Gomes da Silva","Hospital do Vicentino","PARENTES","S\u00e3o Vicente","saude"],"articleSection":["S\u00e3o Vicente"],"inLanguage":"pt-BR","potentialAction":[{"@type":"CommentAction","name":"Comment","target":["https:\/\/redenoticiaz.com.br\/litoralsp\/2023\/06\/20\/sao-vicente-procura-familiares-de-paciente-internado-no-hospital-do-vicentino#respond"]}]},{"@type":"WebPage","@id":"https:\/\/redenoticiaz.com.br\/litoralsp\/2023\/06\/20\/sao-vicente-procura-familiares-de-paciente-internado-no-hospital-do-vicentino","url":"https:\/\/redenoticiaz.com.br\/litoralsp\/2023\/06\/20\/sao-vicente-procura-familiares-de-paciente-internado-no-hospital-do-vicentino","name":"S\u00e3o Vicente procura familiares de paciente internado no Hospital do Vicentino - Litoral SP","isPartOf":{"@id":"https:\/\/redenoticiaz.com.br\/litoralsp\/#website"},"primaryImageOfPage":{"@id":"https:\/\/redenoticiaz.com.br\/litoralsp\/2023\/06\/20\/sao-vicente-procura-familiares-de-paciente-internado-no-hospital-do-vicentino#primaryimage"},"image":{"@id":"https:\/\/redenoticiaz.com.br\/litoralsp\/2023\/06\/20\/sao-vicente-procura-familiares-de-paciente-internado-no-hospital-do-vicentino#primaryimage"},"thumbnailUrl":"https:\/\/redenoticiaz.com.br\/litoralsp\/wp-content\/uploads\/sites\/3\/2023\/06\/17735.png","datePublished":"2023-06-20T16:57:18+00:00","description":"A Prefeitura de S\u00e3o Vicente, informou que est\u00e1 a procura de familiares de um paciente que est\u00e1 internado no Hospital do Vicentino.","inLanguage":"pt-BR","potentialAction":[{"@type":"ReadAction","target":["https:\/\/redenoticiaz.com.br\/litoralsp\/2023\/06\/20\/sao-vicente-procura-familiares-de-paciente-internado-no-hospital-do-vicentino"]}]},{"@type":"ImageObject","inLanguage":"pt-BR","@id":"https:\/\/redenoticiaz.com.br\/litoralsp\/2023\/06\/20\/sao-vicente-procura-familiares-de-paciente-internado-no-hospital-do-vicentino#primaryimage","url":"https:\/\/redenoticiaz.com.br\/litoralsp\/wp-content\/uploads\/sites\/3\/2023\/06\/17735.png","contentUrl":"https:\/\/redenoticiaz.com.br\/litoralsp\/wp-content\/uploads\/sites\/3\/2023\/06\/17735.png","width":915,"height":609,"caption":"S\u00e3o Vicente procura familiares de paciente internado no Hospital do Vicentino"},{"@type":"WebSite","@id":"https:\/\/redenoticiaz.com.br\/litoralsp\/#website","url":"https:\/\/redenoticiaz.com.br\/litoralsp\/","name":"Litoral SP","description":"Rede NoticiaZ","publisher":{"@id":"https:\/\/redenoticiaz.com.br\/litoralsp\/#organization"},"potentialAction":[{"@type":"SearchAction","target":{"@type":"EntryPoint","urlTemplate":"https:\/\/redenoticiaz.com.br\/litoralsp\/?s={search_term_string}"},"query-input":{"@type":"PropertyValueSpecification","valueRequired":true,"valueName":"search_term_string"}}],"inLanguage":"pt-BR"},{"@type":"Organization","@id":"https:\/\/redenoticiaz.com.br\/litoralsp\/#organization","name":"Litoral SP","url":"https:\/\/redenoticiaz.com.br\/litoralsp\/","logo":{"@type":"ImageObject","inLanguage":"pt-BR","@id":"https:\/\/redenoticiaz.com.br\/litoralsp\/#\/schema\/logo\/image\/","url":"https:\/\/redenoticiaz.com.br\/litoralsp\/wp-content\/uploads\/sites\/3\/2020\/11\/logo.jpg","contentUrl":"https:\/\/redenoticiaz.com.br\/litoralsp\/wp-content\/uploads\/sites\/3\/2020\/11\/logo.jpg","width":400,"height":250,"caption":"Litoral SP"},"image":{"@id":"https:\/\/redenoticiaz.com.br\/litoralsp\/#\/schema\/logo\/image\/"}},{"@type":"Person","@id":"https:\/\/redenoticiaz.com.br\/litoralsp\/#\/schema\/person\/16057b37a3c0ee6b096d7f887c566e2e","name":"Gustavo Silva","image":{"@type":"ImageObject","inLanguage":"pt-BR","@id":"https:\/\/secure.gravatar.com\/avatar\/3ee4e82f93b26de0a7cf4ea5eb7893da637ed6bb0c9170c58065944c56e28a33?s=96&d=mm&r=g","url":"https:\/\/secure.gravatar.com\/avatar\/3ee4e82f93b26de0a7cf4ea5eb7893da637ed6bb0c9170c58065944c56e28a33?s=96&d=mm&r=g","contentUrl":"https:\/\/secure.gravatar.com\/avatar\/3ee4e82f93b26de0a7cf4ea5eb7893da637ed6bb0c9170c58065944c56e28a33?s=96&d=mm&r=g","caption":"Gustavo Silva"},"url":"https:\/\/redenoticiaz.com.br\/litoralsp\/author\/gustavosilva"}]}},"_links":{"self":[{"href":"https:\/\/redenoticiaz.com.br\/litoralsp\/wp-json\/wp\/v2\/posts\/107484","targetHints":{"allow":["GET"]}}],"collection":[{"href":"https:\/\/redenoticiaz.com.br\/litoralsp\/wp-json\/wp\/v2\/posts"}],"about":[{"href":"https:\/\/redenoticiaz.com.br\/litoralsp\/wp-json\/wp\/v2\/types\/post"}],"author":[{"embeddable":true,"href":"https:\/\/redenoticiaz.com.br\/litoralsp\/wp-json\/wp\/v2\/users\/12"}],"replies":[{"embeddable":true,"href":"https:\/\/redenoticiaz.com.br\/litoralsp\/wp-json\/wp\/v2\/comments?post=107484"}],"version-history":[{"count":1,"href":"https:\/\/redenoticiaz.com.br\/litoralsp\/wp-json\/wp\/v2\/posts\/107484\/revisions"}],"predecessor-version":[{"id":107486,"href":"https:\/\/redenoticiaz.com.br\/litoralsp\/wp-json\/wp\/v2\/posts\/107484\/revisions\/107486"}],"wp:featuredmedia":[{"embeddable":true,"href":"https:\/\/redenoticiaz.com.br\/litoralsp\/wp-json\/wp\/v2\/media\/107485"}],"wp:attachment":[{"href":"https:\/\/redenoticiaz.com.br\/litoralsp\/wp-json\/wp\/v2\/media?parent=107484"}],"wp:term":[{"taxonomy":"category","embeddable":true,"href":"https:\/\/redenoticiaz.com.br\/litoralsp\/wp-json\/wp\/v2\/categories?post=107484"},{"taxonomy":"post_tag","embeddable":true,"href":"https:\/\/redenoticiaz.com.br\/litoralsp\/wp-json\/wp\/v2\/tags?post=107484"}],"curies":[{"name":"wp","href":"https:\/\/api.w.org\/{rel}","templated":true}]}}