{"id":107612,"date":"2023-06-23T18:13:44","date_gmt":"2023-06-23T21:13:44","guid":{"rendered":"https:\/\/redenoticiaz.com.br\/litoralsp\/?p=107612"},"modified":"2023-06-23T18:13:44","modified_gmt":"2023-06-23T21:13:44","slug":"video-homem-tenta-entrar-em-predio-onde-mora-prefeito-de-guaruja-valter-suman","status":"publish","type":"post","link":"https:\/\/redenoticiaz.com.br\/litoralsp\/2023\/06\/23\/video-homem-tenta-entrar-em-predio-onde-mora-prefeito-de-guaruja-valter-suman","title":{"rendered":"V\u00cdDEO &#8211; Homem tenta entrar em pr\u00e9dio onde mora Prefeito de Guaruj\u00e1, V\u00e1lter Suman"},"content":{"rendered":"<p>Um homem de 44 anos tentou entrar no pr\u00e9dio onde mora Prefeito de Guaruj\u00e1, V\u00e1lter Suman e o amea\u00e7ou de morte.<\/p>\n<p>De acordo com as informa\u00e7\u00f5es, o caso aconteceu nesta \u00faltima quarta-feira (21) por volta de 13h30 na Avenida Marechal Deodoro da Fonseca, em frente \u00e0 Praia das Pitangueiras.<\/p>\n<p>Ainda de acordo com as informa\u00e7\u00f5es, o homem que \u00e9 gar\u00e7om teria chegado no local e pedido para falar com o chefe do executivo. Quando informado que Suman n\u00e3o o atenderia, ele se alterou.<\/p>\n<p>Sendo assim, o acusado afirmou que j\u00e1 trabalhou com Suman e o chamou os funcion\u00e1rios do local de &#8216;puxa-saco&#8217;. Ele ofendeu a honra do Prefeito v\u00e1rias vezes.<\/p>\n<div class=\"wp-playlist wp-video-playlist wp-playlist-light\">\n\t\t<video controls=\"controls\" preload=\"none\" width=\"640\"\n\t\t height=\"1141\"\t><\/video>\n\t<div class=\"wp-playlist-next\"><\/div>\n\t<div class=\"wp-playlist-prev\"><\/div>\n\t<noscript>\n\t<ol>\n\t\t<li><a href='https:\/\/redenoticiaz.com.br\/litoralsp\/wp-content\/uploads\/sites\/3\/2023\/06\/WhatsApp-Video-2023-06-23-at-17.08.09.mp4'>V\u00cdDEO - Homem tenta entrar em pr\u00e9dio onde mora Prefeito de Guaruj\u00e1, V\u00e1lter Suman<\/a><\/li>\t<\/ol>\n\t<\/noscript>\n\t<script type=\"application\/json\" class=\"wp-playlist-script\">{\"type\":\"video\",\"tracklist\":true,\"tracknumbers\":true,\"images\":true,\"artists\":true,\"tracks\":[{\"src\":\"https:\/\/redenoticiaz.com.br\/litoralsp\/wp-content\/uploads\/sites\/3\/2023\/06\/WhatsApp-Video-2023-06-23-at-17.08.09.mp4\",\"type\":\"video\/mp4\",\"title\":\"V\\u00cdDEO - Homem tenta entrar em pr\\u00e9dio onde mora Prefeito de Guaruj\\u00e1, V\\u00e1lter Suman\",\"caption\":\"V\\u00cdDEO - Homem tenta entrar em pr\\u00e9dio onde mora Prefeito de Guaruj\\u00e1, V\\u00e1lter Suman\",\"description\":\"V\\u00cdDEO - Homem tenta entrar em pr\\u00e9dio onde mora Prefeito de Guaruj\\u00e1, V\\u00e1lter Suman\",\"meta\":{\"length_formatted\":\"0:47\"},\"dimensions\":{\"original\":{\"width\":368,\"height\":656},\"resized\":{\"width\":640,\"height\":1141}},\"image\":{\"src\":\"https:\/\/redenoticiaz.com.br\/litoralsp\/wp-includes\/images\/media\/video.svg\",\"width\":48,\"height\":64},\"thumb\":{\"src\":\"https:\/\/redenoticiaz.com.br\/litoralsp\/wp-includes\/images\/media\/video.svg\",\"width\":48,\"height\":64}}]}<\/script>\n<\/div>\n\t\n<p>Por fim, o homem ainda chutou o port\u00e3o do local e o tirou do trilho, e ainda quebrou um dos vidros que tinha no local.<\/p>\n<p>Enfim, os funcion\u00e1rios contataram os seguran\u00e7as do prefeito, guardas civis foram convocados e ele foi encaminhado a delegacia.<\/p>\n<p>O caso foi registrado como \u201cdano, amea\u00e7a e inj\u00faria\u201d<\/p>\n<p><strong>Leia mais<\/strong><\/p>\n<p><a href=\"https:\/\/redenoticiaz.com.br\/litoralsp\/2023\/06\/22\/guaruja-antecipa-primeira-parcela-do-13-salario\">Guaruj\u00e1 antecipa primeira parcela do 13\u00b0 sal\u00e1rio<\/a><\/p>\n","protected":false},"excerpt":{"rendered":"<p>Um homem de 44 anos tentou entrar no pr\u00e9dio onde mora Prefeito de Guaruj\u00e1, V\u00e1lter Suman e o amea\u00e7ou de morte. De acordo com as informa\u00e7\u00f5es, o caso aconteceu nesta \u00faltima quarta-feira (21) por volta de 13h30 na Avenida Marechal Deodoro da Fonseca, em frente \u00e0 Praia das Pitangueiras. Ainda de acordo com as informa\u00e7\u00f5es, &hellip;<\/p>\n","protected":false},"author":12,"featured_media":107614,"comment_status":"open","ping_status":"closed","sticky":false,"template":"","format":"standard","meta":{"footnotes":""},"categories":[187],"tags":[57832,18596,34332,41127,1007],"class_list":["post-107612","post","type-post","status-publish","format-standard","has-post-thumbnail","hentry","category-guaruja","tag-avenida-marechal-deodoro-da-fonseca","tag-praia-das-pitangueiras","tag-prefeito-de-guaruja","tag-suman","tag-valter-suman"],"yoast_head":"<!-- This site is optimized with the Yoast SEO plugin v27.5 - https:\/\/yoast.com\/product\/yoast-seo-wordpress\/ -->\n<title>V\u00cdDEO &#8211; Homem tenta entrar em pr\u00e9dio onde mora Prefeito de Guaruj\u00e1, V\u00e1lter Suman - Litoral SP<\/title>\n<meta name=\"description\" content=\"Um homem de 44 anos tentou entrar no pr\u00e9dio onde mora Prefeito de Guaruj\u00e1, V\u00e1lter Suman e o amea\u00e7ou de morte.\" \/>\n<meta name=\"robots\" content=\"index, follow, max-snippet:-1, max-image-preview:large, max-video-preview:-1\" \/>\n<link rel=\"canonical\" href=\"https:\/\/redenoticiaz.com.br\/litoralsp\/2023\/06\/23\/video-homem-tenta-entrar-em-predio-onde-mora-prefeito-de-guaruja-valter-suman\" \/>\n<meta property=\"og:locale\" content=\"pt_BR\" \/>\n<meta property=\"og:type\" content=\"article\" \/>\n<meta property=\"og:title\" content=\"V\u00cdDEO &#8211; Homem tenta entrar em pr\u00e9dio onde mora Prefeito de Guaruj\u00e1, V\u00e1lter Suman - Litoral SP\" \/>\n<meta property=\"og:description\" content=\"Um homem de 44 anos tentou entrar no pr\u00e9dio onde mora Prefeito de Guaruj\u00e1, V\u00e1lter Suman e o amea\u00e7ou de morte.\" \/>\n<meta property=\"og:url\" content=\"https:\/\/redenoticiaz.com.br\/litoralsp\/2023\/06\/23\/video-homem-tenta-entrar-em-predio-onde-mora-prefeito-de-guaruja-valter-suman\" \/>\n<meta property=\"og:site_name\" content=\"Litoral SP\" \/>\n<meta property=\"article:published_time\" content=\"2023-06-23T21:13:44+00:00\" \/>\n<meta property=\"og:image\" content=\"https:\/\/redenoticiaz.com.br\/litoralsp\/wp-content\/uploads\/sites\/3\/2023\/06\/WhatsApp-Image-2023-06-23-at-17.08.07.jpeg\" \/>\n\t<meta property=\"og:image:width\" content=\"768\" \/>\n\t<meta property=\"og:image:height\" content=\"1024\" \/>\n\t<meta property=\"og:image:type\" content=\"image\/jpeg\" \/>\n<meta name=\"author\" content=\"Gustavo Silva\" \/>\n<meta name=\"twitter:card\" content=\"summary_large_image\" \/>\n<meta name=\"twitter:label1\" content=\"Escrito por\" \/>\n\t<meta name=\"twitter:data1\" content=\"Gustavo Silva\" \/>\n\t<meta name=\"twitter:label2\" content=\"Est. tempo de leitura\" \/>\n\t<meta name=\"twitter:data2\" content=\"1 minuto\" \/>\n<script type=\"application\/ld+json\" class=\"yoast-schema-graph\">{\"@context\":\"https:\\\/\\\/schema.org\",\"@graph\":[{\"@type\":\"Article\",\"@id\":\"https:\\\/\\\/redenoticiaz.com.br\\\/litoralsp\\\/2023\\\/06\\\/23\\\/video-homem-tenta-entrar-em-predio-onde-mora-prefeito-de-guaruja-valter-suman#article\",\"isPartOf\":{\"@id\":\"https:\\\/\\\/redenoticiaz.com.br\\\/litoralsp\\\/2023\\\/06\\\/23\\\/video-homem-tenta-entrar-em-predio-onde-mora-prefeito-de-guaruja-valter-suman\"},\"author\":{\"name\":\"Gustavo Silva\",\"@id\":\"https:\\\/\\\/redenoticiaz.com.br\\\/litoralsp\\\/#\\\/schema\\\/person\\\/16057b37a3c0ee6b096d7f887c566e2e\"},\"headline\":\"V\u00cdDEO &#8211; Homem tenta entrar em pr\u00e9dio onde mora Prefeito de Guaruj\u00e1, V\u00e1lter Suman\",\"datePublished\":\"2023-06-23T21:13:44+00:00\",\"mainEntityOfPage\":{\"@id\":\"https:\\\/\\\/redenoticiaz.com.br\\\/litoralsp\\\/2023\\\/06\\\/23\\\/video-homem-tenta-entrar-em-predio-onde-mora-prefeito-de-guaruja-valter-suman\"},\"wordCount\":201,\"commentCount\":0,\"publisher\":{\"@id\":\"https:\\\/\\\/redenoticiaz.com.br\\\/litoralsp\\\/#organization\"},\"image\":{\"@id\":\"https:\\\/\\\/redenoticiaz.com.br\\\/litoralsp\\\/2023\\\/06\\\/23\\\/video-homem-tenta-entrar-em-predio-onde-mora-prefeito-de-guaruja-valter-suman#primaryimage\"},\"thumbnailUrl\":\"https:\\\/\\\/redenoticiaz.com.br\\\/litoralsp\\\/wp-content\\\/uploads\\\/sites\\\/3\\\/2023\\\/06\\\/WhatsApp-Image-2023-06-23-at-17.08.07.jpeg\",\"keywords\":[\"AVENIDA MARECHAL DEODORO DA FONSECA\",\"PRAIA DAS PITANGUEIRAS\",\"PREFEITO DE GUARUJ\u00c1\",\"suman\",\"V\u00c1LTER SUMAN\"],\"articleSection\":[\"Guaruj\u00e1\"],\"inLanguage\":\"pt-BR\",\"potentialAction\":[{\"@type\":\"CommentAction\",\"name\":\"Comment\",\"target\":[\"https:\\\/\\\/redenoticiaz.com.br\\\/litoralsp\\\/2023\\\/06\\\/23\\\/video-homem-tenta-entrar-em-predio-onde-mora-prefeito-de-guaruja-valter-suman#respond\"]}]},{\"@type\":\"WebPage\",\"@id\":\"https:\\\/\\\/redenoticiaz.com.br\\\/litoralsp\\\/2023\\\/06\\\/23\\\/video-homem-tenta-entrar-em-predio-onde-mora-prefeito-de-guaruja-valter-suman\",\"url\":\"https:\\\/\\\/redenoticiaz.com.br\\\/litoralsp\\\/2023\\\/06\\\/23\\\/video-homem-tenta-entrar-em-predio-onde-mora-prefeito-de-guaruja-valter-suman\",\"name\":\"V\u00cdDEO &#8211; Homem tenta entrar em pr\u00e9dio onde mora Prefeito de Guaruj\u00e1, V\u00e1lter Suman - Litoral SP\",\"isPartOf\":{\"@id\":\"https:\\\/\\\/redenoticiaz.com.br\\\/litoralsp\\\/#website\"},\"primaryImageOfPage\":{\"@id\":\"https:\\\/\\\/redenoticiaz.com.br\\\/litoralsp\\\/2023\\\/06\\\/23\\\/video-homem-tenta-entrar-em-predio-onde-mora-prefeito-de-guaruja-valter-suman#primaryimage\"},\"image\":{\"@id\":\"https:\\\/\\\/redenoticiaz.com.br\\\/litoralsp\\\/2023\\\/06\\\/23\\\/video-homem-tenta-entrar-em-predio-onde-mora-prefeito-de-guaruja-valter-suman#primaryimage\"},\"thumbnailUrl\":\"https:\\\/\\\/redenoticiaz.com.br\\\/litoralsp\\\/wp-content\\\/uploads\\\/sites\\\/3\\\/2023\\\/06\\\/WhatsApp-Image-2023-06-23-at-17.08.07.jpeg\",\"datePublished\":\"2023-06-23T21:13:44+00:00\",\"description\":\"Um homem de 44 anos tentou entrar no pr\u00e9dio onde mora Prefeito de Guaruj\u00e1, V\u00e1lter Suman e o amea\u00e7ou de morte.\",\"inLanguage\":\"pt-BR\",\"potentialAction\":[{\"@type\":\"ReadAction\",\"target\":[\"https:\\\/\\\/redenoticiaz.com.br\\\/litoralsp\\\/2023\\\/06\\\/23\\\/video-homem-tenta-entrar-em-predio-onde-mora-prefeito-de-guaruja-valter-suman\"]}]},{\"@type\":\"ImageObject\",\"inLanguage\":\"pt-BR\",\"@id\":\"https:\\\/\\\/redenoticiaz.com.br\\\/litoralsp\\\/2023\\\/06\\\/23\\\/video-homem-tenta-entrar-em-predio-onde-mora-prefeito-de-guaruja-valter-suman#primaryimage\",\"url\":\"https:\\\/\\\/redenoticiaz.com.br\\\/litoralsp\\\/wp-content\\\/uploads\\\/sites\\\/3\\\/2023\\\/06\\\/WhatsApp-Image-2023-06-23-at-17.08.07.jpeg\",\"contentUrl\":\"https:\\\/\\\/redenoticiaz.com.br\\\/litoralsp\\\/wp-content\\\/uploads\\\/sites\\\/3\\\/2023\\\/06\\\/WhatsApp-Image-2023-06-23-at-17.08.07.jpeg\",\"width\":768,\"height\":1024,\"caption\":\"V\u00cdDEO - Homem tenta entrar em pr\u00e9dio onde mora Prefeito de Guaruj\u00e1, V\u00e1lter Suman\"},{\"@type\":\"WebSite\",\"@id\":\"https:\\\/\\\/redenoticiaz.com.br\\\/litoralsp\\\/#website\",\"url\":\"https:\\\/\\\/redenoticiaz.com.br\\\/litoralsp\\\/\",\"name\":\"Litoral SP\",\"description\":\"Rede NoticiaZ\",\"publisher\":{\"@id\":\"https:\\\/\\\/redenoticiaz.com.br\\\/litoralsp\\\/#organization\"},\"potentialAction\":[{\"@type\":\"SearchAction\",\"target\":{\"@type\":\"EntryPoint\",\"urlTemplate\":\"https:\\\/\\\/redenoticiaz.com.br\\\/litoralsp\\\/?s={search_term_string}\"},\"query-input\":{\"@type\":\"PropertyValueSpecification\",\"valueRequired\":true,\"valueName\":\"search_term_string\"}}],\"inLanguage\":\"pt-BR\"},{\"@type\":\"Organization\",\"@id\":\"https:\\\/\\\/redenoticiaz.com.br\\\/litoralsp\\\/#organization\",\"name\":\"Litoral SP\",\"url\":\"https:\\\/\\\/redenoticiaz.com.br\\\/litoralsp\\\/\",\"logo\":{\"@type\":\"ImageObject\",\"inLanguage\":\"pt-BR\",\"@id\":\"https:\\\/\\\/redenoticiaz.com.br\\\/litoralsp\\\/#\\\/schema\\\/logo\\\/image\\\/\",\"url\":\"https:\\\/\\\/redenoticiaz.com.br\\\/litoralsp\\\/wp-content\\\/uploads\\\/sites\\\/3\\\/2020\\\/11\\\/logo.jpg\",\"contentUrl\":\"https:\\\/\\\/redenoticiaz.com.br\\\/litoralsp\\\/wp-content\\\/uploads\\\/sites\\\/3\\\/2020\\\/11\\\/logo.jpg\",\"width\":400,\"height\":250,\"caption\":\"Litoral SP\"},\"image\":{\"@id\":\"https:\\\/\\\/redenoticiaz.com.br\\\/litoralsp\\\/#\\\/schema\\\/logo\\\/image\\\/\"}},{\"@type\":\"Person\",\"@id\":\"https:\\\/\\\/redenoticiaz.com.br\\\/litoralsp\\\/#\\\/schema\\\/person\\\/16057b37a3c0ee6b096d7f887c566e2e\",\"name\":\"Gustavo Silva\",\"image\":{\"@type\":\"ImageObject\",\"inLanguage\":\"pt-BR\",\"@id\":\"https:\\\/\\\/secure.gravatar.com\\\/avatar\\\/3ee4e82f93b26de0a7cf4ea5eb7893da637ed6bb0c9170c58065944c56e28a33?s=96&d=mm&r=g\",\"url\":\"https:\\\/\\\/secure.gravatar.com\\\/avatar\\\/3ee4e82f93b26de0a7cf4ea5eb7893da637ed6bb0c9170c58065944c56e28a33?s=96&d=mm&r=g\",\"contentUrl\":\"https:\\\/\\\/secure.gravatar.com\\\/avatar\\\/3ee4e82f93b26de0a7cf4ea5eb7893da637ed6bb0c9170c58065944c56e28a33?s=96&d=mm&r=g\",\"caption\":\"Gustavo Silva\"},\"url\":\"https:\\\/\\\/redenoticiaz.com.br\\\/litoralsp\\\/author\\\/gustavosilva\"}]}<\/script>\n<!-- \/ Yoast SEO plugin. -->","yoast_head_json":{"title":"V\u00cdDEO &#8211; Homem tenta entrar em pr\u00e9dio onde mora Prefeito de Guaruj\u00e1, V\u00e1lter Suman - Litoral SP","description":"Um homem de 44 anos tentou entrar no pr\u00e9dio onde mora Prefeito de Guaruj\u00e1, V\u00e1lter Suman e o amea\u00e7ou de morte.","robots":{"index":"index","follow":"follow","max-snippet":"max-snippet:-1","max-image-preview":"max-image-preview:large","max-video-preview":"max-video-preview:-1"},"canonical":"https:\/\/redenoticiaz.com.br\/litoralsp\/2023\/06\/23\/video-homem-tenta-entrar-em-predio-onde-mora-prefeito-de-guaruja-valter-suman","og_locale":"pt_BR","og_type":"article","og_title":"V\u00cdDEO &#8211; Homem tenta entrar em pr\u00e9dio onde mora Prefeito de Guaruj\u00e1, V\u00e1lter Suman - Litoral SP","og_description":"Um homem de 44 anos tentou entrar no pr\u00e9dio onde mora Prefeito de Guaruj\u00e1, V\u00e1lter Suman e o amea\u00e7ou de morte.","og_url":"https:\/\/redenoticiaz.com.br\/litoralsp\/2023\/06\/23\/video-homem-tenta-entrar-em-predio-onde-mora-prefeito-de-guaruja-valter-suman","og_site_name":"Litoral SP","article_published_time":"2023-06-23T21:13:44+00:00","og_image":[{"width":768,"height":1024,"url":"https:\/\/redenoticiaz.com.br\/litoralsp\/wp-content\/uploads\/sites\/3\/2023\/06\/WhatsApp-Image-2023-06-23-at-17.08.07.jpeg","type":"image\/jpeg"}],"author":"Gustavo Silva","twitter_card":"summary_large_image","twitter_misc":{"Escrito por":"Gustavo Silva","Est. tempo de leitura":"1 minuto"},"schema":{"@context":"https:\/\/schema.org","@graph":[{"@type":"Article","@id":"https:\/\/redenoticiaz.com.br\/litoralsp\/2023\/06\/23\/video-homem-tenta-entrar-em-predio-onde-mora-prefeito-de-guaruja-valter-suman#article","isPartOf":{"@id":"https:\/\/redenoticiaz.com.br\/litoralsp\/2023\/06\/23\/video-homem-tenta-entrar-em-predio-onde-mora-prefeito-de-guaruja-valter-suman"},"author":{"name":"Gustavo Silva","@id":"https:\/\/redenoticiaz.com.br\/litoralsp\/#\/schema\/person\/16057b37a3c0ee6b096d7f887c566e2e"},"headline":"V\u00cdDEO &#8211; Homem tenta entrar em pr\u00e9dio onde mora Prefeito de Guaruj\u00e1, V\u00e1lter Suman","datePublished":"2023-06-23T21:13:44+00:00","mainEntityOfPage":{"@id":"https:\/\/redenoticiaz.com.br\/litoralsp\/2023\/06\/23\/video-homem-tenta-entrar-em-predio-onde-mora-prefeito-de-guaruja-valter-suman"},"wordCount":201,"commentCount":0,"publisher":{"@id":"https:\/\/redenoticiaz.com.br\/litoralsp\/#organization"},"image":{"@id":"https:\/\/redenoticiaz.com.br\/litoralsp\/2023\/06\/23\/video-homem-tenta-entrar-em-predio-onde-mora-prefeito-de-guaruja-valter-suman#primaryimage"},"thumbnailUrl":"https:\/\/redenoticiaz.com.br\/litoralsp\/wp-content\/uploads\/sites\/3\/2023\/06\/WhatsApp-Image-2023-06-23-at-17.08.07.jpeg","keywords":["AVENIDA MARECHAL DEODORO DA FONSECA","PRAIA DAS PITANGUEIRAS","PREFEITO DE GUARUJ\u00c1","suman","V\u00c1LTER SUMAN"],"articleSection":["Guaruj\u00e1"],"inLanguage":"pt-BR","potentialAction":[{"@type":"CommentAction","name":"Comment","target":["https:\/\/redenoticiaz.com.br\/litoralsp\/2023\/06\/23\/video-homem-tenta-entrar-em-predio-onde-mora-prefeito-de-guaruja-valter-suman#respond"]}]},{"@type":"WebPage","@id":"https:\/\/redenoticiaz.com.br\/litoralsp\/2023\/06\/23\/video-homem-tenta-entrar-em-predio-onde-mora-prefeito-de-guaruja-valter-suman","url":"https:\/\/redenoticiaz.com.br\/litoralsp\/2023\/06\/23\/video-homem-tenta-entrar-em-predio-onde-mora-prefeito-de-guaruja-valter-suman","name":"V\u00cdDEO &#8211; Homem tenta entrar em pr\u00e9dio onde mora Prefeito de Guaruj\u00e1, V\u00e1lter Suman - Litoral SP","isPartOf":{"@id":"https:\/\/redenoticiaz.com.br\/litoralsp\/#website"},"primaryImageOfPage":{"@id":"https:\/\/redenoticiaz.com.br\/litoralsp\/2023\/06\/23\/video-homem-tenta-entrar-em-predio-onde-mora-prefeito-de-guaruja-valter-suman#primaryimage"},"image":{"@id":"https:\/\/redenoticiaz.com.br\/litoralsp\/2023\/06\/23\/video-homem-tenta-entrar-em-predio-onde-mora-prefeito-de-guaruja-valter-suman#primaryimage"},"thumbnailUrl":"https:\/\/redenoticiaz.com.br\/litoralsp\/wp-content\/uploads\/sites\/3\/2023\/06\/WhatsApp-Image-2023-06-23-at-17.08.07.jpeg","datePublished":"2023-06-23T21:13:44+00:00","description":"Um homem de 44 anos tentou entrar no pr\u00e9dio onde mora Prefeito de Guaruj\u00e1, V\u00e1lter Suman e o amea\u00e7ou de morte.","inLanguage":"pt-BR","potentialAction":[{"@type":"ReadAction","target":["https:\/\/redenoticiaz.com.br\/litoralsp\/2023\/06\/23\/video-homem-tenta-entrar-em-predio-onde-mora-prefeito-de-guaruja-valter-suman"]}]},{"@type":"ImageObject","inLanguage":"pt-BR","@id":"https:\/\/redenoticiaz.com.br\/litoralsp\/2023\/06\/23\/video-homem-tenta-entrar-em-predio-onde-mora-prefeito-de-guaruja-valter-suman#primaryimage","url":"https:\/\/redenoticiaz.com.br\/litoralsp\/wp-content\/uploads\/sites\/3\/2023\/06\/WhatsApp-Image-2023-06-23-at-17.08.07.jpeg","contentUrl":"https:\/\/redenoticiaz.com.br\/litoralsp\/wp-content\/uploads\/sites\/3\/2023\/06\/WhatsApp-Image-2023-06-23-at-17.08.07.jpeg","width":768,"height":1024,"caption":"V\u00cdDEO - Homem tenta entrar em pr\u00e9dio onde mora Prefeito de Guaruj\u00e1, V\u00e1lter Suman"},{"@type":"WebSite","@id":"https:\/\/redenoticiaz.com.br\/litoralsp\/#website","url":"https:\/\/redenoticiaz.com.br\/litoralsp\/","name":"Litoral SP","description":"Rede NoticiaZ","publisher":{"@id":"https:\/\/redenoticiaz.com.br\/litoralsp\/#organization"},"potentialAction":[{"@type":"SearchAction","target":{"@type":"EntryPoint","urlTemplate":"https:\/\/redenoticiaz.com.br\/litoralsp\/?s={search_term_string}"},"query-input":{"@type":"PropertyValueSpecification","valueRequired":true,"valueName":"search_term_string"}}],"inLanguage":"pt-BR"},{"@type":"Organization","@id":"https:\/\/redenoticiaz.com.br\/litoralsp\/#organization","name":"Litoral SP","url":"https:\/\/redenoticiaz.com.br\/litoralsp\/","logo":{"@type":"ImageObject","inLanguage":"pt-BR","@id":"https:\/\/redenoticiaz.com.br\/litoralsp\/#\/schema\/logo\/image\/","url":"https:\/\/redenoticiaz.com.br\/litoralsp\/wp-content\/uploads\/sites\/3\/2020\/11\/logo.jpg","contentUrl":"https:\/\/redenoticiaz.com.br\/litoralsp\/wp-content\/uploads\/sites\/3\/2020\/11\/logo.jpg","width":400,"height":250,"caption":"Litoral SP"},"image":{"@id":"https:\/\/redenoticiaz.com.br\/litoralsp\/#\/schema\/logo\/image\/"}},{"@type":"Person","@id":"https:\/\/redenoticiaz.com.br\/litoralsp\/#\/schema\/person\/16057b37a3c0ee6b096d7f887c566e2e","name":"Gustavo Silva","image":{"@type":"ImageObject","inLanguage":"pt-BR","@id":"https:\/\/secure.gravatar.com\/avatar\/3ee4e82f93b26de0a7cf4ea5eb7893da637ed6bb0c9170c58065944c56e28a33?s=96&d=mm&r=g","url":"https:\/\/secure.gravatar.com\/avatar\/3ee4e82f93b26de0a7cf4ea5eb7893da637ed6bb0c9170c58065944c56e28a33?s=96&d=mm&r=g","contentUrl":"https:\/\/secure.gravatar.com\/avatar\/3ee4e82f93b26de0a7cf4ea5eb7893da637ed6bb0c9170c58065944c56e28a33?s=96&d=mm&r=g","caption":"Gustavo Silva"},"url":"https:\/\/redenoticiaz.com.br\/litoralsp\/author\/gustavosilva"}]}},"_links":{"self":[{"href":"https:\/\/redenoticiaz.com.br\/litoralsp\/wp-json\/wp\/v2\/posts\/107612","targetHints":{"allow":["GET"]}}],"collection":[{"href":"https:\/\/redenoticiaz.com.br\/litoralsp\/wp-json\/wp\/v2\/posts"}],"about":[{"href":"https:\/\/redenoticiaz.com.br\/litoralsp\/wp-json\/wp\/v2\/types\/post"}],"author":[{"embeddable":true,"href":"https:\/\/redenoticiaz.com.br\/litoralsp\/wp-json\/wp\/v2\/users\/12"}],"replies":[{"embeddable":true,"href":"https:\/\/redenoticiaz.com.br\/litoralsp\/wp-json\/wp\/v2\/comments?post=107612"}],"version-history":[{"count":1,"href":"https:\/\/redenoticiaz.com.br\/litoralsp\/wp-json\/wp\/v2\/posts\/107612\/revisions"}],"predecessor-version":[{"id":107615,"href":"https:\/\/redenoticiaz.com.br\/litoralsp\/wp-json\/wp\/v2\/posts\/107612\/revisions\/107615"}],"wp:featuredmedia":[{"embeddable":true,"href":"https:\/\/redenoticiaz.com.br\/litoralsp\/wp-json\/wp\/v2\/media\/107614"}],"wp:attachment":[{"href":"https:\/\/redenoticiaz.com.br\/litoralsp\/wp-json\/wp\/v2\/media?parent=107612"}],"wp:term":[{"taxonomy":"category","embeddable":true,"href":"https:\/\/redenoticiaz.com.br\/litoralsp\/wp-json\/wp\/v2\/categories?post=107612"},{"taxonomy":"post_tag","embeddable":true,"href":"https:\/\/redenoticiaz.com.br\/litoralsp\/wp-json\/wp\/v2\/tags?post=107612"}],"curies":[{"name":"wp","href":"https:\/\/api.w.org\/{rel}","templated":true}]}}