{"id":107686,"date":"2023-06-26T18:16:37","date_gmt":"2023-06-26T21:16:37","guid":{"rendered":"https:\/\/redenoticiaz.com.br\/litoralsp\/?p=107686"},"modified":"2023-06-26T18:16:37","modified_gmt":"2023-06-26T21:16:37","slug":"guaruja-completa-89-anos-de-emancipacao-politico-administrativa","status":"publish","type":"post","link":"https:\/\/redenoticiaz.com.br\/litoralsp\/2023\/06\/26\/guaruja-completa-89-anos-de-emancipacao-politico-administrativa","title":{"rendered":"Guaruj\u00e1 completa 89 anos de emancipa\u00e7\u00e3o pol\u00edtico-administrativa"},"content":{"rendered":"<p>A cidade de Guaruj\u00e1 completa 89 anos de emancipa\u00e7\u00e3o pol\u00edtico-administrativa nesta pr\u00f3xima sexta-feira (30).<\/p>\n<p>De acordo com as informa\u00e7\u00f5es, a Prefeitura preparou uma ampla programa\u00e7\u00e3o para comemorar a data junto com seus moradores.<\/p>\n<p>O cronograma conta com inaugura\u00e7\u00f5es de creches, entrega de obras de infraestrutura, novas moradias, mais \u00f4nibus, al\u00e9m de a\u00e7\u00f5es voltadas \u00e0 sa\u00fade, empreendedorismo, solidariedade, atra\u00e7\u00f5es culturais e shows.<\/p>\n<h2>Programa\u00e7\u00e3o<\/h2>\n<p data-raofz=\"17\"><strong>Ter\u00e7a-feira (27)<\/strong><br \/>\n10 horas \u2013 Entrega do N\u00facleo de Educa\u00e7\u00e3o Infantil Conveniado (Neic) Professora Ana Beatriz Mero<br \/>\nLocal: Rua da Madeira, 158, no Perequ\u00ea<\/p>\n<p data-raofz=\"17\">14 horas \u2013 Assinatura de conv\u00eanio para a instala\u00e7\u00e3o do segundo posto do Sebrae na Cidade, que funcionar\u00e1 em Vicente de Carvalho<br \/>\nLocal: Pa\u00e7o Moacir dos Santos Filho, na Avenida Santos Dumont, 800, no Santo Ant\u00f4nio<\/p>\n<p data-raofz=\"17\">19 horas \u2013 Ensaio aberto da Orquestra Municipal<br \/>\nLocal: Teatro Municipal Proc\u00f3pio Ferreira, na Avenida Dom Pedro I, 350, no Jardim Tejereba.<\/p>\n<p data-raofz=\"17\"><strong>Quarta-feira (28)<\/strong><br \/>\n10 horas \u2013 Apresenta\u00e7\u00e3o de 140 apartamentos do Programa Vida Digna, no Parque da Montanha<br \/>\nLocal: Final da Avenida Prefeito Raphael Vitiello, no Parque da Montanha, na Vila Edna<\/p>\n<p data-raofz=\"17\">14 horas \u2013 Assinatura do decreto que institui o nome social no servi\u00e7o p\u00fablico municipal<br \/>\nLocal: Gabinete do Pa\u00e7o Moacir, na Avenida Santos Dumont, 800, no Santo Ant\u00f4nio<\/p>\n<p data-raofz=\"17\">15h30 \u2013 Entrega da reforma da Ouvidoria Municipal<br \/>\nLocal: Pa\u00e7o Moacir dos Santos Filho, na Avenida Santos Dumont, 800, no Santo Ant\u00f4nio.<\/p>\n<p data-raofz=\"17\">17 horas \u2013 Entrega de 13 novos \u00f4nibus (sendo tr\u00eas el\u00e9tricos) e assinatura do Decreto da Tarifa Social a R$ 1,00 aos domingos e no dia 30 de junho.<br \/>\nLocal: Estacionamento do Pa\u00e7o Municipal Moacir dos Santos Filho, na Avenida Santos Dumont, 800, no Santo Ant\u00f4nio.<\/p>\n<p data-raofz=\"17\"><strong>Quinta-feira (29)<\/strong><br \/>\n14 horas \u2013 Entrega da 1\u00aa etapa das obras do Forte Itapema e entorno<br \/>\nLocal: Rua Itapema, 55, no Jardim Cunhambebe<\/p>\n<p data-raofz=\"17\">15h30 \u2013 Apresenta\u00e7\u00e3o do Projeto Escola do Futuro XYZ, para alunos do Ensino Fundamental II.<br \/>\nLocal: Escola Municipal Lucimara de Jesus Vicente, na Avenida Manoel da Cruz Michael, 343, no Santa Rosa<\/p>\n<p data-raofz=\"17\">17 horas \u2013 Inaugura\u00e7\u00e3o do N\u00facleo de Aten\u00e7\u00e3o Psicossocial da Guarda Civil Municipal (Naps \u2013 GCM).<br \/>\nLocal: Rua Azuil Loureiro, 691, no bairro Santa Rosa<\/p>\n<h3 data-raofz=\"17\"><strong>Sexta-feira (30) \u2013 Anivers\u00e1rio da Cidade<\/strong><\/h3>\n<p data-raofz=\"17\">\n9 horas \u2013 Entrega do N\u00facleo de Educa\u00e7\u00e3o Infantil Conveniado (Neic) Unikids Ilumina II, em Vicente de Carvalho.<br \/>\nLocal: Rua Guilherme Guinle, 80, no Pae Car\u00e1<\/p>\n<p data-raofz=\"17\">10h30 \u2013 Lan\u00e7amento do edital para as obras de infraestrutura da 1\u00aa fase do Aeroporto Civil Metropolitano de Guaruj\u00e1<br \/>\nLocal: Base A\u00e9rea, em Vicente de Carvalho<\/p>\n<p data-raofz=\"17\">14 horas \u2013 Entrega de melhorias ao acesso e sinaliza\u00e7\u00e3o do Mirante da Campina<br \/>\nLocal: Alameda Marechal Floriano Peixoto, Praia de Pitangueiras<\/p>\n<p data-raofz=\"17\">18 horas \u2013 Apresenta\u00e7\u00e3o da Orquestra Municipal<br \/>\nLocal: Pra\u00e7a das Bandeiras, na Praia das Pitangueiras<\/p>\n<p data-raofz=\"17\">20 horas \u2013 Apresenta\u00e7\u00e3o da Banda Brasil 2000<br \/>\nLocal: Pra\u00e7a das Bandeiras, na Praia das Pitangueiras<\/p>\n<p data-raofz=\"17\"><strong>S\u00e1bado (1\u00ba)<\/strong><br \/>\n15h30 \u2013 Apresenta\u00e7\u00e3o do saxofonista Anderson Belo<br \/>\nLocal: Mirante das Galhetas, Rua das Galhetas, no Jardim Ast\u00farias<\/p>\n<p data-raofz=\"17\">16 horas \u2013 Apresenta\u00e7\u00e3o do Coral Vozes da Cultura<br \/>\nLocal: Pra\u00e7a das Bandeiras, na Praia de Pitangueiras<\/p>\n<p data-raofz=\"17\">16h30 \u2013 Apresenta\u00e7\u00e3o de balllet do Instituto Arte em Movimento<br \/>\nLocal: Mirante das Galhetas, Rua das Galhetas, no Jardim Ast\u00farias<\/p>\n<p data-raofz=\"17\">17 horas \u2013 Apresenta\u00e7\u00e3o da Banda Go Back Revival<br \/>\nLocal: Pra\u00e7a das Bandeiras, na Praia de Pitangueiras<\/p>\n<p data-raofz=\"17\"><strong>Domingo (2)<\/strong><br \/>\n19 horas \u2013 Apresenta\u00e7\u00e3o do Coral Municipal<br \/>\nLocal: Par\u00f3quia Nossa Senhora de F\u00e1tima e Santo Amaro (Igreja Matriz) na Pra\u00e7a da Matriz, 1, no Centro.<\/p>\n<p data-raofz=\"17\"><strong>Leia mais<\/strong><\/p>\n<p data-raofz=\"17\"><a href=\"https:\/\/redenoticiaz.com.br\/litoralsp\/2023\/06\/25\/casais-poderao-se-inscrever-para-casamento-comunitario-no-guaruja-a-partir-de-segunda\">Casais poder\u00e3o se inscrever para casamento comunit\u00e1rio no Guaruj\u00e1 a partir de segunda<\/a><\/p>\n","protected":false},"excerpt":{"rendered":"<p>A cidade de Guaruj\u00e1 completa 89 anos de emancipa\u00e7\u00e3o pol\u00edtico-administrativa nesta pr\u00f3xima sexta-feira (30). De acordo com as informa\u00e7\u00f5es, a Prefeitura preparou uma ampla programa\u00e7\u00e3o para comemorar a data junto com seus moradores. O cronograma conta com inaugura\u00e7\u00f5es de creches, entrega de obras de infraestrutura, novas moradias, mais \u00f4nibus, al\u00e9m de a\u00e7\u00f5es voltadas \u00e0 sa\u00fade, &hellip;<\/p>\n","protected":false},"author":12,"featured_media":103225,"comment_status":"open","ping_status":"closed","sticky":false,"template":"","format":"standard","meta":{"footnotes":""},"categories":[187],"tags":[3539,65941,6426,9102],"class_list":["post-107686","post","type-post","status-publish","format-standard","has-post-thumbnail","hentry","category-guaruja","tag-aniversario","tag-aniversario-da-cidade","tag-guaruja-2","tag-programacao"],"yoast_head":"<!-- This site is optimized with the Yoast SEO plugin v27.4 - https:\/\/yoast.com\/product\/yoast-seo-wordpress\/ -->\n<title>Guaruj\u00e1 completa 89 anos de emancipa\u00e7\u00e3o pol\u00edtico-administrativa - Litoral SP<\/title>\n<meta name=\"description\" content=\"A cidade de Guaruj\u00e1 completa 89 anos de emancipa\u00e7\u00e3o pol\u00edtico-administrativa nesta pr\u00f3xima sexta-feira (30).\" \/>\n<meta name=\"robots\" content=\"index, follow, max-snippet:-1, max-image-preview:large, max-video-preview:-1\" \/>\n<link rel=\"canonical\" href=\"https:\/\/redenoticiaz.com.br\/litoralsp\/2023\/06\/26\/guaruja-completa-89-anos-de-emancipacao-politico-administrativa\" \/>\n<meta property=\"og:locale\" content=\"pt_BR\" \/>\n<meta property=\"og:type\" content=\"article\" \/>\n<meta property=\"og:title\" content=\"Guaruj\u00e1 completa 89 anos de emancipa\u00e7\u00e3o pol\u00edtico-administrativa - Litoral SP\" \/>\n<meta property=\"og:description\" content=\"A cidade de Guaruj\u00e1 completa 89 anos de emancipa\u00e7\u00e3o pol\u00edtico-administrativa nesta pr\u00f3xima sexta-feira (30).\" \/>\n<meta property=\"og:url\" content=\"https:\/\/redenoticiaz.com.br\/litoralsp\/2023\/06\/26\/guaruja-completa-89-anos-de-emancipacao-politico-administrativa\" \/>\n<meta property=\"og:site_name\" content=\"Litoral SP\" \/>\n<meta property=\"article:published_time\" content=\"2023-06-26T21:16:37+00:00\" \/>\n<meta property=\"og:image\" content=\"https:\/\/redenoticiaz.com.br\/litoralsp\/wp-content\/uploads\/sites\/3\/2023\/03\/avenida-guaruja.jpg\" \/>\n\t<meta property=\"og:image:width\" content=\"1536\" \/>\n\t<meta property=\"og:image:height\" content=\"864\" \/>\n\t<meta property=\"og:image:type\" content=\"image\/jpeg\" \/>\n<meta name=\"author\" content=\"Gustavo Silva\" \/>\n<meta name=\"twitter:card\" content=\"summary_large_image\" \/>\n<meta name=\"twitter:label1\" content=\"Escrito por\" \/>\n\t<meta name=\"twitter:data1\" content=\"Gustavo Silva\" \/>\n\t<meta name=\"twitter:label2\" content=\"Est. tempo de leitura\" \/>\n\t<meta name=\"twitter:data2\" content=\"4 minutos\" \/>\n<script type=\"application\/ld+json\" class=\"yoast-schema-graph\">{\"@context\":\"https:\\\/\\\/schema.org\",\"@graph\":[{\"@type\":\"Article\",\"@id\":\"https:\\\/\\\/redenoticiaz.com.br\\\/litoralsp\\\/2023\\\/06\\\/26\\\/guaruja-completa-89-anos-de-emancipacao-politico-administrativa#article\",\"isPartOf\":{\"@id\":\"https:\\\/\\\/redenoticiaz.com.br\\\/litoralsp\\\/2023\\\/06\\\/26\\\/guaruja-completa-89-anos-de-emancipacao-politico-administrativa\"},\"author\":{\"name\":\"Gustavo Silva\",\"@id\":\"https:\\\/\\\/redenoticiaz.com.br\\\/litoralsp\\\/#\\\/schema\\\/person\\\/16057b37a3c0ee6b096d7f887c566e2e\"},\"headline\":\"Guaruj\u00e1 completa 89 anos de emancipa\u00e7\u00e3o pol\u00edtico-administrativa\",\"datePublished\":\"2023-06-26T21:16:37+00:00\",\"mainEntityOfPage\":{\"@id\":\"https:\\\/\\\/redenoticiaz.com.br\\\/litoralsp\\\/2023\\\/06\\\/26\\\/guaruja-completa-89-anos-de-emancipacao-politico-administrativa\"},\"wordCount\":580,\"commentCount\":0,\"publisher\":{\"@id\":\"https:\\\/\\\/redenoticiaz.com.br\\\/litoralsp\\\/#organization\"},\"image\":{\"@id\":\"https:\\\/\\\/redenoticiaz.com.br\\\/litoralsp\\\/2023\\\/06\\\/26\\\/guaruja-completa-89-anos-de-emancipacao-politico-administrativa#primaryimage\"},\"thumbnailUrl\":\"https:\\\/\\\/redenoticiaz.com.br\\\/litoralsp\\\/wp-content\\\/uploads\\\/sites\\\/3\\\/2023\\\/03\\\/avenida-guaruja.jpg\",\"keywords\":[\"ANIVERS\u00c1RIO\",\"Anivers\u00e1rio da Cidade\",\"Guaruj\u00e1\",\"PROGRAMA\u00c7\u00c3O\"],\"articleSection\":[\"Guaruj\u00e1\"],\"inLanguage\":\"pt-BR\",\"potentialAction\":[{\"@type\":\"CommentAction\",\"name\":\"Comment\",\"target\":[\"https:\\\/\\\/redenoticiaz.com.br\\\/litoralsp\\\/2023\\\/06\\\/26\\\/guaruja-completa-89-anos-de-emancipacao-politico-administrativa#respond\"]}]},{\"@type\":\"WebPage\",\"@id\":\"https:\\\/\\\/redenoticiaz.com.br\\\/litoralsp\\\/2023\\\/06\\\/26\\\/guaruja-completa-89-anos-de-emancipacao-politico-administrativa\",\"url\":\"https:\\\/\\\/redenoticiaz.com.br\\\/litoralsp\\\/2023\\\/06\\\/26\\\/guaruja-completa-89-anos-de-emancipacao-politico-administrativa\",\"name\":\"Guaruj\u00e1 completa 89 anos de emancipa\u00e7\u00e3o pol\u00edtico-administrativa - Litoral SP\",\"isPartOf\":{\"@id\":\"https:\\\/\\\/redenoticiaz.com.br\\\/litoralsp\\\/#website\"},\"primaryImageOfPage\":{\"@id\":\"https:\\\/\\\/redenoticiaz.com.br\\\/litoralsp\\\/2023\\\/06\\\/26\\\/guaruja-completa-89-anos-de-emancipacao-politico-administrativa#primaryimage\"},\"image\":{\"@id\":\"https:\\\/\\\/redenoticiaz.com.br\\\/litoralsp\\\/2023\\\/06\\\/26\\\/guaruja-completa-89-anos-de-emancipacao-politico-administrativa#primaryimage\"},\"thumbnailUrl\":\"https:\\\/\\\/redenoticiaz.com.br\\\/litoralsp\\\/wp-content\\\/uploads\\\/sites\\\/3\\\/2023\\\/03\\\/avenida-guaruja.jpg\",\"datePublished\":\"2023-06-26T21:16:37+00:00\",\"description\":\"A cidade de Guaruj\u00e1 completa 89 anos de emancipa\u00e7\u00e3o pol\u00edtico-administrativa nesta pr\u00f3xima sexta-feira (30).\",\"inLanguage\":\"pt-BR\",\"potentialAction\":[{\"@type\":\"ReadAction\",\"target\":[\"https:\\\/\\\/redenoticiaz.com.br\\\/litoralsp\\\/2023\\\/06\\\/26\\\/guaruja-completa-89-anos-de-emancipacao-politico-administrativa\"]}]},{\"@type\":\"ImageObject\",\"inLanguage\":\"pt-BR\",\"@id\":\"https:\\\/\\\/redenoticiaz.com.br\\\/litoralsp\\\/2023\\\/06\\\/26\\\/guaruja-completa-89-anos-de-emancipacao-politico-administrativa#primaryimage\",\"url\":\"https:\\\/\\\/redenoticiaz.com.br\\\/litoralsp\\\/wp-content\\\/uploads\\\/sites\\\/3\\\/2023\\\/03\\\/avenida-guaruja.jpg\",\"contentUrl\":\"https:\\\/\\\/redenoticiaz.com.br\\\/litoralsp\\\/wp-content\\\/uploads\\\/sites\\\/3\\\/2023\\\/03\\\/avenida-guaruja.jpg\",\"width\":1536,\"height\":864,\"caption\":\"Cr\u00e9ditos: Divulga\u00e7\u00e3o\\\/Prefeitura de Guaruj\u00e1\"},{\"@type\":\"WebSite\",\"@id\":\"https:\\\/\\\/redenoticiaz.com.br\\\/litoralsp\\\/#website\",\"url\":\"https:\\\/\\\/redenoticiaz.com.br\\\/litoralsp\\\/\",\"name\":\"Litoral SP\",\"description\":\"Rede NoticiaZ\",\"publisher\":{\"@id\":\"https:\\\/\\\/redenoticiaz.com.br\\\/litoralsp\\\/#organization\"},\"potentialAction\":[{\"@type\":\"SearchAction\",\"target\":{\"@type\":\"EntryPoint\",\"urlTemplate\":\"https:\\\/\\\/redenoticiaz.com.br\\\/litoralsp\\\/?s={search_term_string}\"},\"query-input\":{\"@type\":\"PropertyValueSpecification\",\"valueRequired\":true,\"valueName\":\"search_term_string\"}}],\"inLanguage\":\"pt-BR\"},{\"@type\":\"Organization\",\"@id\":\"https:\\\/\\\/redenoticiaz.com.br\\\/litoralsp\\\/#organization\",\"name\":\"Litoral SP\",\"url\":\"https:\\\/\\\/redenoticiaz.com.br\\\/litoralsp\\\/\",\"logo\":{\"@type\":\"ImageObject\",\"inLanguage\":\"pt-BR\",\"@id\":\"https:\\\/\\\/redenoticiaz.com.br\\\/litoralsp\\\/#\\\/schema\\\/logo\\\/image\\\/\",\"url\":\"https:\\\/\\\/redenoticiaz.com.br\\\/litoralsp\\\/wp-content\\\/uploads\\\/sites\\\/3\\\/2020\\\/11\\\/logo.jpg\",\"contentUrl\":\"https:\\\/\\\/redenoticiaz.com.br\\\/litoralsp\\\/wp-content\\\/uploads\\\/sites\\\/3\\\/2020\\\/11\\\/logo.jpg\",\"width\":400,\"height\":250,\"caption\":\"Litoral SP\"},\"image\":{\"@id\":\"https:\\\/\\\/redenoticiaz.com.br\\\/litoralsp\\\/#\\\/schema\\\/logo\\\/image\\\/\"}},{\"@type\":\"Person\",\"@id\":\"https:\\\/\\\/redenoticiaz.com.br\\\/litoralsp\\\/#\\\/schema\\\/person\\\/16057b37a3c0ee6b096d7f887c566e2e\",\"name\":\"Gustavo Silva\",\"image\":{\"@type\":\"ImageObject\",\"inLanguage\":\"pt-BR\",\"@id\":\"https:\\\/\\\/secure.gravatar.com\\\/avatar\\\/3ee4e82f93b26de0a7cf4ea5eb7893da637ed6bb0c9170c58065944c56e28a33?s=96&d=mm&r=g\",\"url\":\"https:\\\/\\\/secure.gravatar.com\\\/avatar\\\/3ee4e82f93b26de0a7cf4ea5eb7893da637ed6bb0c9170c58065944c56e28a33?s=96&d=mm&r=g\",\"contentUrl\":\"https:\\\/\\\/secure.gravatar.com\\\/avatar\\\/3ee4e82f93b26de0a7cf4ea5eb7893da637ed6bb0c9170c58065944c56e28a33?s=96&d=mm&r=g\",\"caption\":\"Gustavo Silva\"},\"url\":\"https:\\\/\\\/redenoticiaz.com.br\\\/litoralsp\\\/author\\\/gustavosilva\"}]}<\/script>\n<!-- \/ Yoast SEO plugin. -->","yoast_head_json":{"title":"Guaruj\u00e1 completa 89 anos de emancipa\u00e7\u00e3o pol\u00edtico-administrativa - Litoral SP","description":"A cidade de Guaruj\u00e1 completa 89 anos de emancipa\u00e7\u00e3o pol\u00edtico-administrativa nesta pr\u00f3xima sexta-feira (30).","robots":{"index":"index","follow":"follow","max-snippet":"max-snippet:-1","max-image-preview":"max-image-preview:large","max-video-preview":"max-video-preview:-1"},"canonical":"https:\/\/redenoticiaz.com.br\/litoralsp\/2023\/06\/26\/guaruja-completa-89-anos-de-emancipacao-politico-administrativa","og_locale":"pt_BR","og_type":"article","og_title":"Guaruj\u00e1 completa 89 anos de emancipa\u00e7\u00e3o pol\u00edtico-administrativa - Litoral SP","og_description":"A cidade de Guaruj\u00e1 completa 89 anos de emancipa\u00e7\u00e3o pol\u00edtico-administrativa nesta pr\u00f3xima sexta-feira (30).","og_url":"https:\/\/redenoticiaz.com.br\/litoralsp\/2023\/06\/26\/guaruja-completa-89-anos-de-emancipacao-politico-administrativa","og_site_name":"Litoral SP","article_published_time":"2023-06-26T21:16:37+00:00","og_image":[{"width":1536,"height":864,"url":"https:\/\/redenoticiaz.com.br\/litoralsp\/wp-content\/uploads\/sites\/3\/2023\/03\/avenida-guaruja.jpg","type":"image\/jpeg"}],"author":"Gustavo Silva","twitter_card":"summary_large_image","twitter_misc":{"Escrito por":"Gustavo Silva","Est. tempo de leitura":"4 minutos"},"schema":{"@context":"https:\/\/schema.org","@graph":[{"@type":"Article","@id":"https:\/\/redenoticiaz.com.br\/litoralsp\/2023\/06\/26\/guaruja-completa-89-anos-de-emancipacao-politico-administrativa#article","isPartOf":{"@id":"https:\/\/redenoticiaz.com.br\/litoralsp\/2023\/06\/26\/guaruja-completa-89-anos-de-emancipacao-politico-administrativa"},"author":{"name":"Gustavo Silva","@id":"https:\/\/redenoticiaz.com.br\/litoralsp\/#\/schema\/person\/16057b37a3c0ee6b096d7f887c566e2e"},"headline":"Guaruj\u00e1 completa 89 anos de emancipa\u00e7\u00e3o pol\u00edtico-administrativa","datePublished":"2023-06-26T21:16:37+00:00","mainEntityOfPage":{"@id":"https:\/\/redenoticiaz.com.br\/litoralsp\/2023\/06\/26\/guaruja-completa-89-anos-de-emancipacao-politico-administrativa"},"wordCount":580,"commentCount":0,"publisher":{"@id":"https:\/\/redenoticiaz.com.br\/litoralsp\/#organization"},"image":{"@id":"https:\/\/redenoticiaz.com.br\/litoralsp\/2023\/06\/26\/guaruja-completa-89-anos-de-emancipacao-politico-administrativa#primaryimage"},"thumbnailUrl":"https:\/\/redenoticiaz.com.br\/litoralsp\/wp-content\/uploads\/sites\/3\/2023\/03\/avenida-guaruja.jpg","keywords":["ANIVERS\u00c1RIO","Anivers\u00e1rio da Cidade","Guaruj\u00e1","PROGRAMA\u00c7\u00c3O"],"articleSection":["Guaruj\u00e1"],"inLanguage":"pt-BR","potentialAction":[{"@type":"CommentAction","name":"Comment","target":["https:\/\/redenoticiaz.com.br\/litoralsp\/2023\/06\/26\/guaruja-completa-89-anos-de-emancipacao-politico-administrativa#respond"]}]},{"@type":"WebPage","@id":"https:\/\/redenoticiaz.com.br\/litoralsp\/2023\/06\/26\/guaruja-completa-89-anos-de-emancipacao-politico-administrativa","url":"https:\/\/redenoticiaz.com.br\/litoralsp\/2023\/06\/26\/guaruja-completa-89-anos-de-emancipacao-politico-administrativa","name":"Guaruj\u00e1 completa 89 anos de emancipa\u00e7\u00e3o pol\u00edtico-administrativa - Litoral SP","isPartOf":{"@id":"https:\/\/redenoticiaz.com.br\/litoralsp\/#website"},"primaryImageOfPage":{"@id":"https:\/\/redenoticiaz.com.br\/litoralsp\/2023\/06\/26\/guaruja-completa-89-anos-de-emancipacao-politico-administrativa#primaryimage"},"image":{"@id":"https:\/\/redenoticiaz.com.br\/litoralsp\/2023\/06\/26\/guaruja-completa-89-anos-de-emancipacao-politico-administrativa#primaryimage"},"thumbnailUrl":"https:\/\/redenoticiaz.com.br\/litoralsp\/wp-content\/uploads\/sites\/3\/2023\/03\/avenida-guaruja.jpg","datePublished":"2023-06-26T21:16:37+00:00","description":"A cidade de Guaruj\u00e1 completa 89 anos de emancipa\u00e7\u00e3o pol\u00edtico-administrativa nesta pr\u00f3xima sexta-feira (30).","inLanguage":"pt-BR","potentialAction":[{"@type":"ReadAction","target":["https:\/\/redenoticiaz.com.br\/litoralsp\/2023\/06\/26\/guaruja-completa-89-anos-de-emancipacao-politico-administrativa"]}]},{"@type":"ImageObject","inLanguage":"pt-BR","@id":"https:\/\/redenoticiaz.com.br\/litoralsp\/2023\/06\/26\/guaruja-completa-89-anos-de-emancipacao-politico-administrativa#primaryimage","url":"https:\/\/redenoticiaz.com.br\/litoralsp\/wp-content\/uploads\/sites\/3\/2023\/03\/avenida-guaruja.jpg","contentUrl":"https:\/\/redenoticiaz.com.br\/litoralsp\/wp-content\/uploads\/sites\/3\/2023\/03\/avenida-guaruja.jpg","width":1536,"height":864,"caption":"Cr\u00e9ditos: Divulga\u00e7\u00e3o\/Prefeitura de Guaruj\u00e1"},{"@type":"WebSite","@id":"https:\/\/redenoticiaz.com.br\/litoralsp\/#website","url":"https:\/\/redenoticiaz.com.br\/litoralsp\/","name":"Litoral SP","description":"Rede NoticiaZ","publisher":{"@id":"https:\/\/redenoticiaz.com.br\/litoralsp\/#organization"},"potentialAction":[{"@type":"SearchAction","target":{"@type":"EntryPoint","urlTemplate":"https:\/\/redenoticiaz.com.br\/litoralsp\/?s={search_term_string}"},"query-input":{"@type":"PropertyValueSpecification","valueRequired":true,"valueName":"search_term_string"}}],"inLanguage":"pt-BR"},{"@type":"Organization","@id":"https:\/\/redenoticiaz.com.br\/litoralsp\/#organization","name":"Litoral SP","url":"https:\/\/redenoticiaz.com.br\/litoralsp\/","logo":{"@type":"ImageObject","inLanguage":"pt-BR","@id":"https:\/\/redenoticiaz.com.br\/litoralsp\/#\/schema\/logo\/image\/","url":"https:\/\/redenoticiaz.com.br\/litoralsp\/wp-content\/uploads\/sites\/3\/2020\/11\/logo.jpg","contentUrl":"https:\/\/redenoticiaz.com.br\/litoralsp\/wp-content\/uploads\/sites\/3\/2020\/11\/logo.jpg","width":400,"height":250,"caption":"Litoral SP"},"image":{"@id":"https:\/\/redenoticiaz.com.br\/litoralsp\/#\/schema\/logo\/image\/"}},{"@type":"Person","@id":"https:\/\/redenoticiaz.com.br\/litoralsp\/#\/schema\/person\/16057b37a3c0ee6b096d7f887c566e2e","name":"Gustavo Silva","image":{"@type":"ImageObject","inLanguage":"pt-BR","@id":"https:\/\/secure.gravatar.com\/avatar\/3ee4e82f93b26de0a7cf4ea5eb7893da637ed6bb0c9170c58065944c56e28a33?s=96&d=mm&r=g","url":"https:\/\/secure.gravatar.com\/avatar\/3ee4e82f93b26de0a7cf4ea5eb7893da637ed6bb0c9170c58065944c56e28a33?s=96&d=mm&r=g","contentUrl":"https:\/\/secure.gravatar.com\/avatar\/3ee4e82f93b26de0a7cf4ea5eb7893da637ed6bb0c9170c58065944c56e28a33?s=96&d=mm&r=g","caption":"Gustavo Silva"},"url":"https:\/\/redenoticiaz.com.br\/litoralsp\/author\/gustavosilva"}]}},"_links":{"self":[{"href":"https:\/\/redenoticiaz.com.br\/litoralsp\/wp-json\/wp\/v2\/posts\/107686","targetHints":{"allow":["GET"]}}],"collection":[{"href":"https:\/\/redenoticiaz.com.br\/litoralsp\/wp-json\/wp\/v2\/posts"}],"about":[{"href":"https:\/\/redenoticiaz.com.br\/litoralsp\/wp-json\/wp\/v2\/types\/post"}],"author":[{"embeddable":true,"href":"https:\/\/redenoticiaz.com.br\/litoralsp\/wp-json\/wp\/v2\/users\/12"}],"replies":[{"embeddable":true,"href":"https:\/\/redenoticiaz.com.br\/litoralsp\/wp-json\/wp\/v2\/comments?post=107686"}],"version-history":[{"count":1,"href":"https:\/\/redenoticiaz.com.br\/litoralsp\/wp-json\/wp\/v2\/posts\/107686\/revisions"}],"predecessor-version":[{"id":107687,"href":"https:\/\/redenoticiaz.com.br\/litoralsp\/wp-json\/wp\/v2\/posts\/107686\/revisions\/107687"}],"wp:featuredmedia":[{"embeddable":true,"href":"https:\/\/redenoticiaz.com.br\/litoralsp\/wp-json\/wp\/v2\/media\/103225"}],"wp:attachment":[{"href":"https:\/\/redenoticiaz.com.br\/litoralsp\/wp-json\/wp\/v2\/media?parent=107686"}],"wp:term":[{"taxonomy":"category","embeddable":true,"href":"https:\/\/redenoticiaz.com.br\/litoralsp\/wp-json\/wp\/v2\/categories?post=107686"},{"taxonomy":"post_tag","embeddable":true,"href":"https:\/\/redenoticiaz.com.br\/litoralsp\/wp-json\/wp\/v2\/tags?post=107686"}],"curies":[{"name":"wp","href":"https:\/\/api.w.org\/{rel}","templated":true}]}}