{"id":107688,"date":"2023-06-26T18:26:25","date_gmt":"2023-06-26T21:26:25","guid":{"rendered":"https:\/\/redenoticiaz.com.br\/litoralsp\/?p=107688"},"modified":"2023-06-26T18:26:25","modified_gmt":"2023-06-26T21:26:25","slug":"buscas-por-pescadores-desaparecidos-e-realizada-no-litoral-norte","status":"publish","type":"post","link":"https:\/\/redenoticiaz.com.br\/litoralsp\/2023\/06\/26\/buscas-por-pescadores-desaparecidos-e-realizada-no-litoral-norte","title":{"rendered":"Buscas por pescadores desaparecidos \u00e9 realizada no Litoral Norte"},"content":{"rendered":"<p>As buscas por pescadores desaparecidos foi realizada no Litoral Norte na manh\u00e3 desta segunda-feira (26) por equipes da 5\u00aa Companhia de Pol\u00edcia Militar Ambiental Mar\u00edtima do 3\u00b0BPAmb.<\/p>\n<p>De acordo com as informa\u00e7\u00f5es, as autoridades tomaram ci\u00eancia do desaparecimento na manh\u00e3 do \u00faltimo dia 21.<\/p>\n<p>Uma pequena embarca\u00e7\u00e3o de alum\u00ednio de cor preta, marca Levefort, aproximadamente 6 metros de comprimento com dois pescadores saiu na \u00faltima quarta-feira (20) da praia de Itagu\u00e1.<\/p>\n<p>Ainda de acordo com as informa\u00e7\u00f5es, eles n\u00e3o retornaram e n\u00e3o contataram ningu\u00e9m, t\u00e3o pouco, amigos e familiares conseguiam contato com os mesmos.<\/p>\n<p>As a\u00e7\u00f5es de busca foi realizada em conjunto com equipes do Grupamento de Bombeiros Mar\u00edtimo de SP e Marinha do Brasil.<\/p>\n<p>Sendo assim, os homens ainda n\u00e3o foram encontrados.<\/p>\n<p><strong>Leia mais<\/strong><\/p>\n<p><a href=\"https:\/\/redenoticiaz.com.br\/litoralsp\/2023\/06\/04\/sete-praias-no-litoral-norte-nao-estao-com-condicoes-para-banho\">Sete praias no Litoral Norte n\u00e3o est\u00e3o com condi\u00e7\u00f5es para banho<\/a><\/p>\n","protected":false},"excerpt":{"rendered":"<p>As buscas por pescadores desaparecidos foi realizada no Litoral Norte na manh\u00e3 desta segunda-feira (26) por equipes da 5\u00aa Companhia de Pol\u00edcia Militar Ambiental Mar\u00edtima do 3\u00b0BPAmb. De acordo com as informa\u00e7\u00f5es, as autoridades tomaram ci\u00eancia do desaparecimento na manh\u00e3 do \u00faltimo dia 21. Uma pequena embarca\u00e7\u00e3o de alum\u00ednio de cor preta, marca Levefort, aproximadamente &hellip;<\/p>\n","protected":false},"author":12,"featured_media":107689,"comment_status":"open","ping_status":"closed","sticky":false,"template":"","format":"standard","meta":{"footnotes":""},"categories":[188,189],"tags":[57622,65943,65942,6496,13171],"class_list":["post-107688","post","type-post","status-publish","format-standard","has-post-thumbnail","hentry","category-sao-sebastiao","category-ubatuba","tag-3bpamb","tag-grupamento-de-bombeiros","tag-itagua","tag-litoral-norte","tag-marinha-do-brasil"],"yoast_head":"<!-- This site is optimized with the Yoast SEO plugin v27.4 - https:\/\/yoast.com\/product\/yoast-seo-wordpress\/ -->\n<title>Buscas por pescadores desaparecidos \u00e9 realizada no Litoral Norte - Litoral SP<\/title>\n<meta name=\"description\" content=\"As buscas por pescadores desaparecidos foi realizada no Litoral Norte na manh\u00e3 desta segunda-feira (26) por equipes da 5\u00aa Companhia de Pol\u00edcia Militar Ambiental Mar\u00edtima do 3\u00b0BPAmb.\" \/>\n<meta name=\"robots\" content=\"index, follow, max-snippet:-1, max-image-preview:large, max-video-preview:-1\" \/>\n<link rel=\"canonical\" href=\"https:\/\/redenoticiaz.com.br\/litoralsp\/2023\/06\/26\/buscas-por-pescadores-desaparecidos-e-realizada-no-litoral-norte\" \/>\n<meta property=\"og:locale\" content=\"pt_BR\" \/>\n<meta property=\"og:type\" content=\"article\" \/>\n<meta property=\"og:title\" content=\"Buscas por pescadores desaparecidos \u00e9 realizada no Litoral Norte - Litoral SP\" \/>\n<meta property=\"og:description\" content=\"As buscas por pescadores desaparecidos foi realizada no Litoral Norte na manh\u00e3 desta segunda-feira (26) por equipes da 5\u00aa Companhia de Pol\u00edcia Militar Ambiental Mar\u00edtima do 3\u00b0BPAmb.\" \/>\n<meta property=\"og:url\" content=\"https:\/\/redenoticiaz.com.br\/litoralsp\/2023\/06\/26\/buscas-por-pescadores-desaparecidos-e-realizada-no-litoral-norte\" \/>\n<meta property=\"og:site_name\" content=\"Litoral SP\" \/>\n<meta property=\"article:published_time\" content=\"2023-06-26T21:26:25+00:00\" \/>\n<meta property=\"og:image\" content=\"https:\/\/redenoticiaz.com.br\/litoralsp\/wp-content\/uploads\/sites\/3\/2023\/06\/WhatsApp-Image-2023-06-26-at-16.41.47.jpeg\" \/>\n\t<meta property=\"og:image:width\" content=\"1600\" \/>\n\t<meta property=\"og:image:height\" content=\"901\" \/>\n\t<meta property=\"og:image:type\" content=\"image\/jpeg\" \/>\n<meta name=\"author\" content=\"Gustavo Silva\" \/>\n<meta name=\"twitter:card\" content=\"summary_large_image\" \/>\n<meta name=\"twitter:label1\" content=\"Escrito por\" \/>\n\t<meta name=\"twitter:data1\" content=\"Gustavo Silva\" \/>\n\t<meta name=\"twitter:label2\" content=\"Est. tempo de leitura\" \/>\n\t<meta name=\"twitter:data2\" content=\"1 minuto\" \/>\n<script type=\"application\/ld+json\" class=\"yoast-schema-graph\">{\"@context\":\"https:\\\/\\\/schema.org\",\"@graph\":[{\"@type\":\"Article\",\"@id\":\"https:\\\/\\\/redenoticiaz.com.br\\\/litoralsp\\\/2023\\\/06\\\/26\\\/buscas-por-pescadores-desaparecidos-e-realizada-no-litoral-norte#article\",\"isPartOf\":{\"@id\":\"https:\\\/\\\/redenoticiaz.com.br\\\/litoralsp\\\/2023\\\/06\\\/26\\\/buscas-por-pescadores-desaparecidos-e-realizada-no-litoral-norte\"},\"author\":{\"name\":\"Gustavo Silva\",\"@id\":\"https:\\\/\\\/redenoticiaz.com.br\\\/litoralsp\\\/#\\\/schema\\\/person\\\/16057b37a3c0ee6b096d7f887c566e2e\"},\"headline\":\"Buscas por pescadores desaparecidos \u00e9 realizada no Litoral Norte\",\"datePublished\":\"2023-06-26T21:26:25+00:00\",\"mainEntityOfPage\":{\"@id\":\"https:\\\/\\\/redenoticiaz.com.br\\\/litoralsp\\\/2023\\\/06\\\/26\\\/buscas-por-pescadores-desaparecidos-e-realizada-no-litoral-norte\"},\"wordCount\":156,\"commentCount\":0,\"publisher\":{\"@id\":\"https:\\\/\\\/redenoticiaz.com.br\\\/litoralsp\\\/#organization\"},\"image\":{\"@id\":\"https:\\\/\\\/redenoticiaz.com.br\\\/litoralsp\\\/2023\\\/06\\\/26\\\/buscas-por-pescadores-desaparecidos-e-realizada-no-litoral-norte#primaryimage\"},\"thumbnailUrl\":\"https:\\\/\\\/redenoticiaz.com.br\\\/litoralsp\\\/wp-content\\\/uploads\\\/sites\\\/3\\\/2023\\\/06\\\/WhatsApp-Image-2023-06-26-at-16.41.47.jpeg\",\"keywords\":[\"3\u00b0BPAmb\",\"Grupamento de Bombeiros\",\"Itagu\u00e1\",\"LITORAL NORTE\",\"MARINHA DO BRASIL\"],\"articleSection\":[\"S\u00e3o Sebasti\u00e3o\",\"Ubatuba\"],\"inLanguage\":\"pt-BR\",\"potentialAction\":[{\"@type\":\"CommentAction\",\"name\":\"Comment\",\"target\":[\"https:\\\/\\\/redenoticiaz.com.br\\\/litoralsp\\\/2023\\\/06\\\/26\\\/buscas-por-pescadores-desaparecidos-e-realizada-no-litoral-norte#respond\"]}]},{\"@type\":\"WebPage\",\"@id\":\"https:\\\/\\\/redenoticiaz.com.br\\\/litoralsp\\\/2023\\\/06\\\/26\\\/buscas-por-pescadores-desaparecidos-e-realizada-no-litoral-norte\",\"url\":\"https:\\\/\\\/redenoticiaz.com.br\\\/litoralsp\\\/2023\\\/06\\\/26\\\/buscas-por-pescadores-desaparecidos-e-realizada-no-litoral-norte\",\"name\":\"Buscas por pescadores desaparecidos \u00e9 realizada no Litoral Norte - Litoral SP\",\"isPartOf\":{\"@id\":\"https:\\\/\\\/redenoticiaz.com.br\\\/litoralsp\\\/#website\"},\"primaryImageOfPage\":{\"@id\":\"https:\\\/\\\/redenoticiaz.com.br\\\/litoralsp\\\/2023\\\/06\\\/26\\\/buscas-por-pescadores-desaparecidos-e-realizada-no-litoral-norte#primaryimage\"},\"image\":{\"@id\":\"https:\\\/\\\/redenoticiaz.com.br\\\/litoralsp\\\/2023\\\/06\\\/26\\\/buscas-por-pescadores-desaparecidos-e-realizada-no-litoral-norte#primaryimage\"},\"thumbnailUrl\":\"https:\\\/\\\/redenoticiaz.com.br\\\/litoralsp\\\/wp-content\\\/uploads\\\/sites\\\/3\\\/2023\\\/06\\\/WhatsApp-Image-2023-06-26-at-16.41.47.jpeg\",\"datePublished\":\"2023-06-26T21:26:25+00:00\",\"description\":\"As buscas por pescadores desaparecidos foi realizada no Litoral Norte na manh\u00e3 desta segunda-feira (26) por equipes da 5\u00aa Companhia de Pol\u00edcia Militar Ambiental Mar\u00edtima do 3\u00b0BPAmb.\",\"inLanguage\":\"pt-BR\",\"potentialAction\":[{\"@type\":\"ReadAction\",\"target\":[\"https:\\\/\\\/redenoticiaz.com.br\\\/litoralsp\\\/2023\\\/06\\\/26\\\/buscas-por-pescadores-desaparecidos-e-realizada-no-litoral-norte\"]}]},{\"@type\":\"ImageObject\",\"inLanguage\":\"pt-BR\",\"@id\":\"https:\\\/\\\/redenoticiaz.com.br\\\/litoralsp\\\/2023\\\/06\\\/26\\\/buscas-por-pescadores-desaparecidos-e-realizada-no-litoral-norte#primaryimage\",\"url\":\"https:\\\/\\\/redenoticiaz.com.br\\\/litoralsp\\\/wp-content\\\/uploads\\\/sites\\\/3\\\/2023\\\/06\\\/WhatsApp-Image-2023-06-26-at-16.41.47.jpeg\",\"contentUrl\":\"https:\\\/\\\/redenoticiaz.com.br\\\/litoralsp\\\/wp-content\\\/uploads\\\/sites\\\/3\\\/2023\\\/06\\\/WhatsApp-Image-2023-06-26-at-16.41.47.jpeg\",\"width\":1600,\"height\":901,\"caption\":\"Buscas por pescadores desaparecidos \u00e9 realizada no Litoral Norte\"},{\"@type\":\"WebSite\",\"@id\":\"https:\\\/\\\/redenoticiaz.com.br\\\/litoralsp\\\/#website\",\"url\":\"https:\\\/\\\/redenoticiaz.com.br\\\/litoralsp\\\/\",\"name\":\"Litoral SP\",\"description\":\"Rede NoticiaZ\",\"publisher\":{\"@id\":\"https:\\\/\\\/redenoticiaz.com.br\\\/litoralsp\\\/#organization\"},\"potentialAction\":[{\"@type\":\"SearchAction\",\"target\":{\"@type\":\"EntryPoint\",\"urlTemplate\":\"https:\\\/\\\/redenoticiaz.com.br\\\/litoralsp\\\/?s={search_term_string}\"},\"query-input\":{\"@type\":\"PropertyValueSpecification\",\"valueRequired\":true,\"valueName\":\"search_term_string\"}}],\"inLanguage\":\"pt-BR\"},{\"@type\":\"Organization\",\"@id\":\"https:\\\/\\\/redenoticiaz.com.br\\\/litoralsp\\\/#organization\",\"name\":\"Litoral SP\",\"url\":\"https:\\\/\\\/redenoticiaz.com.br\\\/litoralsp\\\/\",\"logo\":{\"@type\":\"ImageObject\",\"inLanguage\":\"pt-BR\",\"@id\":\"https:\\\/\\\/redenoticiaz.com.br\\\/litoralsp\\\/#\\\/schema\\\/logo\\\/image\\\/\",\"url\":\"https:\\\/\\\/redenoticiaz.com.br\\\/litoralsp\\\/wp-content\\\/uploads\\\/sites\\\/3\\\/2020\\\/11\\\/logo.jpg\",\"contentUrl\":\"https:\\\/\\\/redenoticiaz.com.br\\\/litoralsp\\\/wp-content\\\/uploads\\\/sites\\\/3\\\/2020\\\/11\\\/logo.jpg\",\"width\":400,\"height\":250,\"caption\":\"Litoral SP\"},\"image\":{\"@id\":\"https:\\\/\\\/redenoticiaz.com.br\\\/litoralsp\\\/#\\\/schema\\\/logo\\\/image\\\/\"}},{\"@type\":\"Person\",\"@id\":\"https:\\\/\\\/redenoticiaz.com.br\\\/litoralsp\\\/#\\\/schema\\\/person\\\/16057b37a3c0ee6b096d7f887c566e2e\",\"name\":\"Gustavo Silva\",\"image\":{\"@type\":\"ImageObject\",\"inLanguage\":\"pt-BR\",\"@id\":\"https:\\\/\\\/secure.gravatar.com\\\/avatar\\\/3ee4e82f93b26de0a7cf4ea5eb7893da637ed6bb0c9170c58065944c56e28a33?s=96&d=mm&r=g\",\"url\":\"https:\\\/\\\/secure.gravatar.com\\\/avatar\\\/3ee4e82f93b26de0a7cf4ea5eb7893da637ed6bb0c9170c58065944c56e28a33?s=96&d=mm&r=g\",\"contentUrl\":\"https:\\\/\\\/secure.gravatar.com\\\/avatar\\\/3ee4e82f93b26de0a7cf4ea5eb7893da637ed6bb0c9170c58065944c56e28a33?s=96&d=mm&r=g\",\"caption\":\"Gustavo Silva\"},\"url\":\"https:\\\/\\\/redenoticiaz.com.br\\\/litoralsp\\\/author\\\/gustavosilva\"}]}<\/script>\n<!-- \/ Yoast SEO plugin. -->","yoast_head_json":{"title":"Buscas por pescadores desaparecidos \u00e9 realizada no Litoral Norte - Litoral SP","description":"As buscas por pescadores desaparecidos foi realizada no Litoral Norte na manh\u00e3 desta segunda-feira (26) por equipes da 5\u00aa Companhia de Pol\u00edcia Militar Ambiental Mar\u00edtima do 3\u00b0BPAmb.","robots":{"index":"index","follow":"follow","max-snippet":"max-snippet:-1","max-image-preview":"max-image-preview:large","max-video-preview":"max-video-preview:-1"},"canonical":"https:\/\/redenoticiaz.com.br\/litoralsp\/2023\/06\/26\/buscas-por-pescadores-desaparecidos-e-realizada-no-litoral-norte","og_locale":"pt_BR","og_type":"article","og_title":"Buscas por pescadores desaparecidos \u00e9 realizada no Litoral Norte - Litoral SP","og_description":"As buscas por pescadores desaparecidos foi realizada no Litoral Norte na manh\u00e3 desta segunda-feira (26) por equipes da 5\u00aa Companhia de Pol\u00edcia Militar Ambiental Mar\u00edtima do 3\u00b0BPAmb.","og_url":"https:\/\/redenoticiaz.com.br\/litoralsp\/2023\/06\/26\/buscas-por-pescadores-desaparecidos-e-realizada-no-litoral-norte","og_site_name":"Litoral SP","article_published_time":"2023-06-26T21:26:25+00:00","og_image":[{"width":1600,"height":901,"url":"https:\/\/redenoticiaz.com.br\/litoralsp\/wp-content\/uploads\/sites\/3\/2023\/06\/WhatsApp-Image-2023-06-26-at-16.41.47.jpeg","type":"image\/jpeg"}],"author":"Gustavo Silva","twitter_card":"summary_large_image","twitter_misc":{"Escrito por":"Gustavo Silva","Est. tempo de leitura":"1 minuto"},"schema":{"@context":"https:\/\/schema.org","@graph":[{"@type":"Article","@id":"https:\/\/redenoticiaz.com.br\/litoralsp\/2023\/06\/26\/buscas-por-pescadores-desaparecidos-e-realizada-no-litoral-norte#article","isPartOf":{"@id":"https:\/\/redenoticiaz.com.br\/litoralsp\/2023\/06\/26\/buscas-por-pescadores-desaparecidos-e-realizada-no-litoral-norte"},"author":{"name":"Gustavo Silva","@id":"https:\/\/redenoticiaz.com.br\/litoralsp\/#\/schema\/person\/16057b37a3c0ee6b096d7f887c566e2e"},"headline":"Buscas por pescadores desaparecidos \u00e9 realizada no Litoral Norte","datePublished":"2023-06-26T21:26:25+00:00","mainEntityOfPage":{"@id":"https:\/\/redenoticiaz.com.br\/litoralsp\/2023\/06\/26\/buscas-por-pescadores-desaparecidos-e-realizada-no-litoral-norte"},"wordCount":156,"commentCount":0,"publisher":{"@id":"https:\/\/redenoticiaz.com.br\/litoralsp\/#organization"},"image":{"@id":"https:\/\/redenoticiaz.com.br\/litoralsp\/2023\/06\/26\/buscas-por-pescadores-desaparecidos-e-realizada-no-litoral-norte#primaryimage"},"thumbnailUrl":"https:\/\/redenoticiaz.com.br\/litoralsp\/wp-content\/uploads\/sites\/3\/2023\/06\/WhatsApp-Image-2023-06-26-at-16.41.47.jpeg","keywords":["3\u00b0BPAmb","Grupamento de Bombeiros","Itagu\u00e1","LITORAL NORTE","MARINHA DO BRASIL"],"articleSection":["S\u00e3o Sebasti\u00e3o","Ubatuba"],"inLanguage":"pt-BR","potentialAction":[{"@type":"CommentAction","name":"Comment","target":["https:\/\/redenoticiaz.com.br\/litoralsp\/2023\/06\/26\/buscas-por-pescadores-desaparecidos-e-realizada-no-litoral-norte#respond"]}]},{"@type":"WebPage","@id":"https:\/\/redenoticiaz.com.br\/litoralsp\/2023\/06\/26\/buscas-por-pescadores-desaparecidos-e-realizada-no-litoral-norte","url":"https:\/\/redenoticiaz.com.br\/litoralsp\/2023\/06\/26\/buscas-por-pescadores-desaparecidos-e-realizada-no-litoral-norte","name":"Buscas por pescadores desaparecidos \u00e9 realizada no Litoral Norte - Litoral SP","isPartOf":{"@id":"https:\/\/redenoticiaz.com.br\/litoralsp\/#website"},"primaryImageOfPage":{"@id":"https:\/\/redenoticiaz.com.br\/litoralsp\/2023\/06\/26\/buscas-por-pescadores-desaparecidos-e-realizada-no-litoral-norte#primaryimage"},"image":{"@id":"https:\/\/redenoticiaz.com.br\/litoralsp\/2023\/06\/26\/buscas-por-pescadores-desaparecidos-e-realizada-no-litoral-norte#primaryimage"},"thumbnailUrl":"https:\/\/redenoticiaz.com.br\/litoralsp\/wp-content\/uploads\/sites\/3\/2023\/06\/WhatsApp-Image-2023-06-26-at-16.41.47.jpeg","datePublished":"2023-06-26T21:26:25+00:00","description":"As buscas por pescadores desaparecidos foi realizada no Litoral Norte na manh\u00e3 desta segunda-feira (26) por equipes da 5\u00aa Companhia de Pol\u00edcia Militar Ambiental Mar\u00edtima do 3\u00b0BPAmb.","inLanguage":"pt-BR","potentialAction":[{"@type":"ReadAction","target":["https:\/\/redenoticiaz.com.br\/litoralsp\/2023\/06\/26\/buscas-por-pescadores-desaparecidos-e-realizada-no-litoral-norte"]}]},{"@type":"ImageObject","inLanguage":"pt-BR","@id":"https:\/\/redenoticiaz.com.br\/litoralsp\/2023\/06\/26\/buscas-por-pescadores-desaparecidos-e-realizada-no-litoral-norte#primaryimage","url":"https:\/\/redenoticiaz.com.br\/litoralsp\/wp-content\/uploads\/sites\/3\/2023\/06\/WhatsApp-Image-2023-06-26-at-16.41.47.jpeg","contentUrl":"https:\/\/redenoticiaz.com.br\/litoralsp\/wp-content\/uploads\/sites\/3\/2023\/06\/WhatsApp-Image-2023-06-26-at-16.41.47.jpeg","width":1600,"height":901,"caption":"Buscas por pescadores desaparecidos \u00e9 realizada no Litoral Norte"},{"@type":"WebSite","@id":"https:\/\/redenoticiaz.com.br\/litoralsp\/#website","url":"https:\/\/redenoticiaz.com.br\/litoralsp\/","name":"Litoral SP","description":"Rede NoticiaZ","publisher":{"@id":"https:\/\/redenoticiaz.com.br\/litoralsp\/#organization"},"potentialAction":[{"@type":"SearchAction","target":{"@type":"EntryPoint","urlTemplate":"https:\/\/redenoticiaz.com.br\/litoralsp\/?s={search_term_string}"},"query-input":{"@type":"PropertyValueSpecification","valueRequired":true,"valueName":"search_term_string"}}],"inLanguage":"pt-BR"},{"@type":"Organization","@id":"https:\/\/redenoticiaz.com.br\/litoralsp\/#organization","name":"Litoral SP","url":"https:\/\/redenoticiaz.com.br\/litoralsp\/","logo":{"@type":"ImageObject","inLanguage":"pt-BR","@id":"https:\/\/redenoticiaz.com.br\/litoralsp\/#\/schema\/logo\/image\/","url":"https:\/\/redenoticiaz.com.br\/litoralsp\/wp-content\/uploads\/sites\/3\/2020\/11\/logo.jpg","contentUrl":"https:\/\/redenoticiaz.com.br\/litoralsp\/wp-content\/uploads\/sites\/3\/2020\/11\/logo.jpg","width":400,"height":250,"caption":"Litoral SP"},"image":{"@id":"https:\/\/redenoticiaz.com.br\/litoralsp\/#\/schema\/logo\/image\/"}},{"@type":"Person","@id":"https:\/\/redenoticiaz.com.br\/litoralsp\/#\/schema\/person\/16057b37a3c0ee6b096d7f887c566e2e","name":"Gustavo Silva","image":{"@type":"ImageObject","inLanguage":"pt-BR","@id":"https:\/\/secure.gravatar.com\/avatar\/3ee4e82f93b26de0a7cf4ea5eb7893da637ed6bb0c9170c58065944c56e28a33?s=96&d=mm&r=g","url":"https:\/\/secure.gravatar.com\/avatar\/3ee4e82f93b26de0a7cf4ea5eb7893da637ed6bb0c9170c58065944c56e28a33?s=96&d=mm&r=g","contentUrl":"https:\/\/secure.gravatar.com\/avatar\/3ee4e82f93b26de0a7cf4ea5eb7893da637ed6bb0c9170c58065944c56e28a33?s=96&d=mm&r=g","caption":"Gustavo Silva"},"url":"https:\/\/redenoticiaz.com.br\/litoralsp\/author\/gustavosilva"}]}},"_links":{"self":[{"href":"https:\/\/redenoticiaz.com.br\/litoralsp\/wp-json\/wp\/v2\/posts\/107688","targetHints":{"allow":["GET"]}}],"collection":[{"href":"https:\/\/redenoticiaz.com.br\/litoralsp\/wp-json\/wp\/v2\/posts"}],"about":[{"href":"https:\/\/redenoticiaz.com.br\/litoralsp\/wp-json\/wp\/v2\/types\/post"}],"author":[{"embeddable":true,"href":"https:\/\/redenoticiaz.com.br\/litoralsp\/wp-json\/wp\/v2\/users\/12"}],"replies":[{"embeddable":true,"href":"https:\/\/redenoticiaz.com.br\/litoralsp\/wp-json\/wp\/v2\/comments?post=107688"}],"version-history":[{"count":1,"href":"https:\/\/redenoticiaz.com.br\/litoralsp\/wp-json\/wp\/v2\/posts\/107688\/revisions"}],"predecessor-version":[{"id":107690,"href":"https:\/\/redenoticiaz.com.br\/litoralsp\/wp-json\/wp\/v2\/posts\/107688\/revisions\/107690"}],"wp:featuredmedia":[{"embeddable":true,"href":"https:\/\/redenoticiaz.com.br\/litoralsp\/wp-json\/wp\/v2\/media\/107689"}],"wp:attachment":[{"href":"https:\/\/redenoticiaz.com.br\/litoralsp\/wp-json\/wp\/v2\/media?parent=107688"}],"wp:term":[{"taxonomy":"category","embeddable":true,"href":"https:\/\/redenoticiaz.com.br\/litoralsp\/wp-json\/wp\/v2\/categories?post=107688"},{"taxonomy":"post_tag","embeddable":true,"href":"https:\/\/redenoticiaz.com.br\/litoralsp\/wp-json\/wp\/v2\/tags?post=107688"}],"curies":[{"name":"wp","href":"https:\/\/api.w.org\/{rel}","templated":true}]}}