{"id":107767,"date":"2023-06-28T19:42:03","date_gmt":"2023-06-28T22:42:03","guid":{"rendered":"https:\/\/redenoticiaz.com.br\/litoralsp\/2023\/06\/28\/volkswagen-suspende-producao-de-carros-no-pais"},"modified":"2023-06-28T19:42:27","modified_gmt":"2023-06-28T22:42:27","slug":"volkswagen-suspende-producao-de-carros-no-pais","status":"publish","type":"post","link":"https:\/\/redenoticiaz.com.br\/litoralsp\/2023\/06\/28\/volkswagen-suspende-producao-de-carros-no-pais","title":{"rendered":"Volkswagen suspende produ\u00e7\u00e3o de carros no pa\u00eds"},"content":{"rendered":"<p>A Volkswagen informou que haver\u00e1 parada de produ\u00e7\u00e3o, temporariamente, em suas f\u00e1bricas de autom\u00f3veis no Brasil. Segundo a empresa, a causa \u00e9 \u201cestagna\u00e7\u00e3o do mercado\u201d.<img decoding=\"async\" src=\"https:\/\/agenciabrasil.ebc.com.br\/ebc.png?id=1540835&amp;o=node\" \/><img decoding=\"async\" src=\"https:\/\/agenciabrasil.ebc.com.br\/ebc.gif?id=1540835&amp;o=node\" \/><\/p>\n<p>De acordo com a empresa, todas as ferramentas de flexibiliza\u00e7\u00e3o voltadas para os trabalhadores, considerando a suspens\u00e3o da produ\u00e7\u00e3o, \u201cest\u00e3o previstas em acordo coletivo firmado entre o sindicato e colaboradores da Volkswagen\u201d.<\/p>\n<p>Ainda de acordo com as informa\u00e7\u00f5es, a f\u00e1brica de S\u00e3o Jos\u00e9 dos Pinhais, Paran\u00e1, onde \u00e9 produzido o T-Cross, est\u00e1 com um turno em <em>layoff<\/em>\u00a0desde o dia 5 de junho deste ano.<\/p>\n<p>Sendo assim, a dura\u00e7\u00e3o prevista \u00e9 de 2 a 5 meses. O outro turno da unidade est\u00e1 parado desde segunda-feira (26) e ficar\u00e1 suspenso at\u00e9 sexta (30), em regime de banco de horas.<\/p>\n<p>A unidade de Taubat\u00e9 , em S\u00e3o Paulo, onde s\u00e3o fabricados o Polo Track e o Novo Polo, est\u00e1 com os dois turnos de produ\u00e7\u00e3o interrompidos desde o dia 26, tamb\u00e9m em regime de banco de horas. A suspens\u00e3o vai at\u00e9 sexta-feira (30).<\/p>\n<h2>Incentivo do governo<\/h2>\n<p>Por fim, a decis\u00e3o da montadora ocorre mesmo ap\u00f3s lan\u00e7amento, no \u00faltimo dia 6, de um <a href=\"https:\/\/agenciabrasil.ebc.com.br\/radioagencia-nacional\/economia\/audio\/2023-06\/conheca-o-programa-de-descontos-para-carros-onibus-e-caminhoes\" target=\"_blank\" rel=\"noopener\">programa de incentivo\u00a0<\/a>do governo federal \u00e0 ind\u00fastria automotiva, que criou descontos temporariamente para compra de carros, \u00f4nibus e caminh\u00f5es.<\/p>\n<p>Especialistas ouvidos pela\u00a0<strong>Ag\u00eancia Brasil<\/strong>\u00a0disseram que o pacote poderia\u00a0<a href=\"https:\/\/agenciabrasil.ebc.com.br\/economia\/noticia\/2023-06\/especialistas-questionam-alcance-de-pacote-automotivo\" target=\"_blank\" rel=\"noopener\">n\u00e3o surtir o efeito esperado\u00a0<\/a>sobre a ind\u00fastria e que a curta dura\u00e7\u00e3o e o volume de recursos do programa de ajuda poderiam ter alcance limitado, que pouco mudar\u00e1 a situa\u00e7\u00e3o do setor.<\/p>\n<p>Na ocasi\u00e3o do an\u00fancio do incentivo, o professor de economia do Ibmec, Gilberto Braga elogiou o programa, mas questionou o prazo limitado de quatro meses e o montante de R$ 1,5 bilh\u00e3o, que considerou baixo.<\/p>\n<p><strong>Leia mais<\/strong><\/p>\n<p><a href=\"https:\/\/redenoticiaz.com.br\/blog\/2023\/05\/28\/anfavea-queda-de-impostos-pode-aumentar-venda-em-ate-300-mil-carros\">V\u00cdDEO \u2013 Moradores gravam carreta que tombou em cima de quatro carros<\/a><\/p>\n<p><a href=\"https:\/\/redenoticiaz.com.br\/blog\/2023\/05\/28\/anfavea-queda-de-impostos-pode-aumentar-venda-em-ate-300-mil-carros\">Anfavea: queda de impostos pode aumentar venda em at\u00e9 300 mil carros<\/a><\/p>\n<p><a href=\"https:\/\/redenoticiaz.com.br\/blog\/2023\/06\/28\/boticario-ccr-skf-fribou-e-tejofran-estao-com-vagas-abertas-em-cajamar\">Botic\u00e1rio, CCR, SKF, Friboi e Tejofran est\u00e3o com vagas abertas em Cajamar<\/a><\/p>\n<p><a href=\"https:\/\/redenoticiaz.com.br\/blog\/2022\/11\/14\/exposicao-com-mais-de-300-carros-antigos-atrai-publico-em-itupeva\">Exposi\u00e7\u00e3o com mais de 300 carros antigos atrai p\u00fablico em Itupeva<\/a><\/p>\n<p><a href=\"https:\/\/redenoticiaz.com.br\/blog\/2023\/06\/28\/festa-julina-de-jundiai-tem-extensa-programacao-voltada-as-criancas\">Festa Julina de Jundia\u00ed tem extensa programa\u00e7\u00e3o voltada \u00e0s crian\u00e7as<\/a><\/p>\n<p><a href=\"https:\/\/redenoticiaz.com.br\/blog\/2023\/06\/28\/censo-aponta-que-jundiai-cresceu-20-em-populacao-nos-ultimos-12-anos\">Censo aponta que Jundia\u00ed cresceu 20% em popula\u00e7\u00e3o nos \u00faltimos 12 anos<\/a><\/p>\n<p><a href=\"https:\/\/redenoticiaz.com.br\/blog\/2023\/06\/28\/enfermeiros-protestam-na-esplanada-por-pagamento-do-piso-salarial\">Enfermeiros protestam na Esplanada por pagamento do piso salarial<\/a><\/p>\n","protected":false},"excerpt":{"rendered":"<p>A Volkswagen informou que haver\u00e1 parada de produ\u00e7\u00e3o, temporariamente, em suas f\u00e1bricas de autom\u00f3veis no Brasil. Segundo a empresa, a causa \u00e9 \u201cestagna\u00e7\u00e3o do mercado\u201d. De acordo com a empresa, todas as ferramentas de flexibiliza\u00e7\u00e3o voltadas para os trabalhadores, considerando a suspens\u00e3o da produ\u00e7\u00e3o, \u201cest\u00e3o previstas em acordo coletivo firmado entre o sindicato e colaboradores &hellip;<\/p>\n","protected":false},"author":12,"featured_media":107768,"comment_status":"open","ping_status":"closed","sticky":false,"template":"","format":"standard","meta":{"footnotes":""},"categories":[97],"tags":[10660,65980,57895,15995],"class_list":["post-107767","post","type-post","status-publish","format-standard","has-post-thumbnail","hentry","category-economia","tag-carros","tag-producao-carros","tag-venda-de-carros","tag-volkswagen"],"yoast_head":"<!-- This site is optimized with the Yoast SEO plugin v27.4 - https:\/\/yoast.com\/product\/yoast-seo-wordpress\/ -->\n<title>Volkswagen suspende produ\u00e7\u00e3o de carros no pa\u00eds - Litoral SP<\/title>\n<meta name=\"description\" content=\"A Volkswagen informou que haver\u00e1 parada de produ\u00e7\u00e3o, temporariamente, em suas f\u00e1bricas de autom\u00f3veis no Brasil.\" \/>\n<meta name=\"robots\" content=\"index, follow, max-snippet:-1, max-image-preview:large, max-video-preview:-1\" \/>\n<link rel=\"canonical\" href=\"https:\/\/redenoticiaz.com.br\/litoralsp\/2023\/06\/28\/volkswagen-suspende-producao-de-carros-no-pais\" \/>\n<meta property=\"og:locale\" content=\"pt_BR\" \/>\n<meta property=\"og:type\" content=\"article\" \/>\n<meta property=\"og:title\" content=\"Volkswagen suspende produ\u00e7\u00e3o de carros no pa\u00eds - Litoral SP\" \/>\n<meta property=\"og:description\" content=\"A Volkswagen informou que haver\u00e1 parada de produ\u00e7\u00e3o, temporariamente, em suas f\u00e1bricas de autom\u00f3veis no Brasil.\" \/>\n<meta property=\"og:url\" content=\"https:\/\/redenoticiaz.com.br\/litoralsp\/2023\/06\/28\/volkswagen-suspende-producao-de-carros-no-pais\" \/>\n<meta property=\"og:site_name\" content=\"Litoral SP\" \/>\n<meta property=\"article:published_time\" content=\"2023-06-28T22:42:03+00:00\" \/>\n<meta property=\"article:modified_time\" content=\"2023-06-28T22:42:27+00:00\" \/>\n<meta property=\"og:image\" content=\"https:\/\/redenoticiaz.com.br\/litoralsp\/wp-content\/uploads\/sites\/3\/2023\/06\/2022-01-06t155235z_1_lynxmpei050mm_rtroptp_4_volkswagen-brazil.jpg?v=1687992109\" \/>\n\t<meta property=\"og:image:width\" content=\"1170\" \/>\n\t<meta property=\"og:image:height\" content=\"700\" \/>\n\t<meta property=\"og:image:type\" content=\"image\/jpeg\" \/>\n<meta name=\"author\" content=\"Gustavo Silva\" \/>\n<meta name=\"twitter:card\" content=\"summary_large_image\" \/>\n<meta name=\"twitter:label1\" content=\"Escrito por\" \/>\n\t<meta name=\"twitter:data1\" content=\"Gustavo Silva\" \/>\n\t<meta name=\"twitter:label2\" content=\"Est. tempo de leitura\" \/>\n\t<meta name=\"twitter:data2\" content=\"3 minutos\" \/>\n<script type=\"application\/ld+json\" class=\"yoast-schema-graph\">{\"@context\":\"https:\\\/\\\/schema.org\",\"@graph\":[{\"@type\":\"Article\",\"@id\":\"https:\\\/\\\/redenoticiaz.com.br\\\/litoralsp\\\/2023\\\/06\\\/28\\\/volkswagen-suspende-producao-de-carros-no-pais#article\",\"isPartOf\":{\"@id\":\"https:\\\/\\\/redenoticiaz.com.br\\\/litoralsp\\\/2023\\\/06\\\/28\\\/volkswagen-suspende-producao-de-carros-no-pais\"},\"author\":{\"name\":\"Gustavo Silva\",\"@id\":\"https:\\\/\\\/redenoticiaz.com.br\\\/litoralsp\\\/#\\\/schema\\\/person\\\/16057b37a3c0ee6b096d7f887c566e2e\"},\"headline\":\"Volkswagen suspende produ\u00e7\u00e3o de carros no pa\u00eds\",\"datePublished\":\"2023-06-28T22:42:03+00:00\",\"dateModified\":\"2023-06-28T22:42:27+00:00\",\"mainEntityOfPage\":{\"@id\":\"https:\\\/\\\/redenoticiaz.com.br\\\/litoralsp\\\/2023\\\/06\\\/28\\\/volkswagen-suspende-producao-de-carros-no-pais\"},\"wordCount\":391,\"commentCount\":0,\"publisher\":{\"@id\":\"https:\\\/\\\/redenoticiaz.com.br\\\/litoralsp\\\/#organization\"},\"image\":{\"@id\":\"https:\\\/\\\/redenoticiaz.com.br\\\/litoralsp\\\/2023\\\/06\\\/28\\\/volkswagen-suspende-producao-de-carros-no-pais#primaryimage\"},\"thumbnailUrl\":\"https:\\\/\\\/redenoticiaz.com.br\\\/litoralsp\\\/wp-content\\\/uploads\\\/sites\\\/3\\\/2023\\\/06\\\/2022-01-06t155235z_1_lynxmpei050mm_rtroptp_4_volkswagen-brazil.jpg?v=1687992109\",\"keywords\":[\"Carros\",\"produ\u00e7\u00e3o carros\",\"VENDA DE CARROS\",\"volkswagen\"],\"articleSection\":[\"Economia\"],\"inLanguage\":\"pt-BR\",\"potentialAction\":[{\"@type\":\"CommentAction\",\"name\":\"Comment\",\"target\":[\"https:\\\/\\\/redenoticiaz.com.br\\\/litoralsp\\\/2023\\\/06\\\/28\\\/volkswagen-suspende-producao-de-carros-no-pais#respond\"]}]},{\"@type\":\"WebPage\",\"@id\":\"https:\\\/\\\/redenoticiaz.com.br\\\/litoralsp\\\/2023\\\/06\\\/28\\\/volkswagen-suspende-producao-de-carros-no-pais\",\"url\":\"https:\\\/\\\/redenoticiaz.com.br\\\/litoralsp\\\/2023\\\/06\\\/28\\\/volkswagen-suspende-producao-de-carros-no-pais\",\"name\":\"Volkswagen suspende produ\u00e7\u00e3o de carros no pa\u00eds - Litoral SP\",\"isPartOf\":{\"@id\":\"https:\\\/\\\/redenoticiaz.com.br\\\/litoralsp\\\/#website\"},\"primaryImageOfPage\":{\"@id\":\"https:\\\/\\\/redenoticiaz.com.br\\\/litoralsp\\\/2023\\\/06\\\/28\\\/volkswagen-suspende-producao-de-carros-no-pais#primaryimage\"},\"image\":{\"@id\":\"https:\\\/\\\/redenoticiaz.com.br\\\/litoralsp\\\/2023\\\/06\\\/28\\\/volkswagen-suspende-producao-de-carros-no-pais#primaryimage\"},\"thumbnailUrl\":\"https:\\\/\\\/redenoticiaz.com.br\\\/litoralsp\\\/wp-content\\\/uploads\\\/sites\\\/3\\\/2023\\\/06\\\/2022-01-06t155235z_1_lynxmpei050mm_rtroptp_4_volkswagen-brazil.jpg?v=1687992109\",\"datePublished\":\"2023-06-28T22:42:03+00:00\",\"dateModified\":\"2023-06-28T22:42:27+00:00\",\"description\":\"A Volkswagen informou que haver\u00e1 parada de produ\u00e7\u00e3o, temporariamente, em suas f\u00e1bricas de autom\u00f3veis no Brasil.\",\"inLanguage\":\"pt-BR\",\"potentialAction\":[{\"@type\":\"ReadAction\",\"target\":[\"https:\\\/\\\/redenoticiaz.com.br\\\/litoralsp\\\/2023\\\/06\\\/28\\\/volkswagen-suspende-producao-de-carros-no-pais\"]}]},{\"@type\":\"ImageObject\",\"inLanguage\":\"pt-BR\",\"@id\":\"https:\\\/\\\/redenoticiaz.com.br\\\/litoralsp\\\/2023\\\/06\\\/28\\\/volkswagen-suspende-producao-de-carros-no-pais#primaryimage\",\"url\":\"https:\\\/\\\/redenoticiaz.com.br\\\/litoralsp\\\/wp-content\\\/uploads\\\/sites\\\/3\\\/2023\\\/06\\\/2022-01-06t155235z_1_lynxmpei050mm_rtroptp_4_volkswagen-brazil.jpg?v=1687992109\",\"contentUrl\":\"https:\\\/\\\/redenoticiaz.com.br\\\/litoralsp\\\/wp-content\\\/uploads\\\/sites\\\/3\\\/2023\\\/06\\\/2022-01-06t155235z_1_lynxmpei050mm_rtroptp_4_volkswagen-brazil.jpg?v=1687992109\",\"width\":1170,\"height\":700,\"caption\":\"Volkswagen suspende produ\u00e7\u00e3o de carros no pa\u00eds\"},{\"@type\":\"WebSite\",\"@id\":\"https:\\\/\\\/redenoticiaz.com.br\\\/litoralsp\\\/#website\",\"url\":\"https:\\\/\\\/redenoticiaz.com.br\\\/litoralsp\\\/\",\"name\":\"Litoral SP\",\"description\":\"Rede NoticiaZ\",\"publisher\":{\"@id\":\"https:\\\/\\\/redenoticiaz.com.br\\\/litoralsp\\\/#organization\"},\"potentialAction\":[{\"@type\":\"SearchAction\",\"target\":{\"@type\":\"EntryPoint\",\"urlTemplate\":\"https:\\\/\\\/redenoticiaz.com.br\\\/litoralsp\\\/?s={search_term_string}\"},\"query-input\":{\"@type\":\"PropertyValueSpecification\",\"valueRequired\":true,\"valueName\":\"search_term_string\"}}],\"inLanguage\":\"pt-BR\"},{\"@type\":\"Organization\",\"@id\":\"https:\\\/\\\/redenoticiaz.com.br\\\/litoralsp\\\/#organization\",\"name\":\"Litoral SP\",\"url\":\"https:\\\/\\\/redenoticiaz.com.br\\\/litoralsp\\\/\",\"logo\":{\"@type\":\"ImageObject\",\"inLanguage\":\"pt-BR\",\"@id\":\"https:\\\/\\\/redenoticiaz.com.br\\\/litoralsp\\\/#\\\/schema\\\/logo\\\/image\\\/\",\"url\":\"https:\\\/\\\/redenoticiaz.com.br\\\/litoralsp\\\/wp-content\\\/uploads\\\/sites\\\/3\\\/2020\\\/11\\\/logo.jpg\",\"contentUrl\":\"https:\\\/\\\/redenoticiaz.com.br\\\/litoralsp\\\/wp-content\\\/uploads\\\/sites\\\/3\\\/2020\\\/11\\\/logo.jpg\",\"width\":400,\"height\":250,\"caption\":\"Litoral SP\"},\"image\":{\"@id\":\"https:\\\/\\\/redenoticiaz.com.br\\\/litoralsp\\\/#\\\/schema\\\/logo\\\/image\\\/\"}},{\"@type\":\"Person\",\"@id\":\"https:\\\/\\\/redenoticiaz.com.br\\\/litoralsp\\\/#\\\/schema\\\/person\\\/16057b37a3c0ee6b096d7f887c566e2e\",\"name\":\"Gustavo Silva\",\"image\":{\"@type\":\"ImageObject\",\"inLanguage\":\"pt-BR\",\"@id\":\"https:\\\/\\\/secure.gravatar.com\\\/avatar\\\/3ee4e82f93b26de0a7cf4ea5eb7893da637ed6bb0c9170c58065944c56e28a33?s=96&d=mm&r=g\",\"url\":\"https:\\\/\\\/secure.gravatar.com\\\/avatar\\\/3ee4e82f93b26de0a7cf4ea5eb7893da637ed6bb0c9170c58065944c56e28a33?s=96&d=mm&r=g\",\"contentUrl\":\"https:\\\/\\\/secure.gravatar.com\\\/avatar\\\/3ee4e82f93b26de0a7cf4ea5eb7893da637ed6bb0c9170c58065944c56e28a33?s=96&d=mm&r=g\",\"caption\":\"Gustavo Silva\"},\"url\":\"https:\\\/\\\/redenoticiaz.com.br\\\/litoralsp\\\/author\\\/gustavosilva\"}]}<\/script>\n<!-- \/ Yoast SEO plugin. -->","yoast_head_json":{"title":"Volkswagen suspende produ\u00e7\u00e3o de carros no pa\u00eds - Litoral SP","description":"A Volkswagen informou que haver\u00e1 parada de produ\u00e7\u00e3o, temporariamente, em suas f\u00e1bricas de autom\u00f3veis no Brasil.","robots":{"index":"index","follow":"follow","max-snippet":"max-snippet:-1","max-image-preview":"max-image-preview:large","max-video-preview":"max-video-preview:-1"},"canonical":"https:\/\/redenoticiaz.com.br\/litoralsp\/2023\/06\/28\/volkswagen-suspende-producao-de-carros-no-pais","og_locale":"pt_BR","og_type":"article","og_title":"Volkswagen suspende produ\u00e7\u00e3o de carros no pa\u00eds - Litoral SP","og_description":"A Volkswagen informou que haver\u00e1 parada de produ\u00e7\u00e3o, temporariamente, em suas f\u00e1bricas de autom\u00f3veis no Brasil.","og_url":"https:\/\/redenoticiaz.com.br\/litoralsp\/2023\/06\/28\/volkswagen-suspende-producao-de-carros-no-pais","og_site_name":"Litoral SP","article_published_time":"2023-06-28T22:42:03+00:00","article_modified_time":"2023-06-28T22:42:27+00:00","og_image":[{"width":1170,"height":700,"url":"https:\/\/redenoticiaz.com.br\/litoralsp\/wp-content\/uploads\/sites\/3\/2023\/06\/2022-01-06t155235z_1_lynxmpei050mm_rtroptp_4_volkswagen-brazil.jpg?v=1687992109","type":"image\/jpeg"}],"author":"Gustavo Silva","twitter_card":"summary_large_image","twitter_misc":{"Escrito por":"Gustavo Silva","Est. tempo de leitura":"3 minutos"},"schema":{"@context":"https:\/\/schema.org","@graph":[{"@type":"Article","@id":"https:\/\/redenoticiaz.com.br\/litoralsp\/2023\/06\/28\/volkswagen-suspende-producao-de-carros-no-pais#article","isPartOf":{"@id":"https:\/\/redenoticiaz.com.br\/litoralsp\/2023\/06\/28\/volkswagen-suspende-producao-de-carros-no-pais"},"author":{"name":"Gustavo Silva","@id":"https:\/\/redenoticiaz.com.br\/litoralsp\/#\/schema\/person\/16057b37a3c0ee6b096d7f887c566e2e"},"headline":"Volkswagen suspende produ\u00e7\u00e3o de carros no pa\u00eds","datePublished":"2023-06-28T22:42:03+00:00","dateModified":"2023-06-28T22:42:27+00:00","mainEntityOfPage":{"@id":"https:\/\/redenoticiaz.com.br\/litoralsp\/2023\/06\/28\/volkswagen-suspende-producao-de-carros-no-pais"},"wordCount":391,"commentCount":0,"publisher":{"@id":"https:\/\/redenoticiaz.com.br\/litoralsp\/#organization"},"image":{"@id":"https:\/\/redenoticiaz.com.br\/litoralsp\/2023\/06\/28\/volkswagen-suspende-producao-de-carros-no-pais#primaryimage"},"thumbnailUrl":"https:\/\/redenoticiaz.com.br\/litoralsp\/wp-content\/uploads\/sites\/3\/2023\/06\/2022-01-06t155235z_1_lynxmpei050mm_rtroptp_4_volkswagen-brazil.jpg?v=1687992109","keywords":["Carros","produ\u00e7\u00e3o carros","VENDA DE CARROS","volkswagen"],"articleSection":["Economia"],"inLanguage":"pt-BR","potentialAction":[{"@type":"CommentAction","name":"Comment","target":["https:\/\/redenoticiaz.com.br\/litoralsp\/2023\/06\/28\/volkswagen-suspende-producao-de-carros-no-pais#respond"]}]},{"@type":"WebPage","@id":"https:\/\/redenoticiaz.com.br\/litoralsp\/2023\/06\/28\/volkswagen-suspende-producao-de-carros-no-pais","url":"https:\/\/redenoticiaz.com.br\/litoralsp\/2023\/06\/28\/volkswagen-suspende-producao-de-carros-no-pais","name":"Volkswagen suspende produ\u00e7\u00e3o de carros no pa\u00eds - Litoral SP","isPartOf":{"@id":"https:\/\/redenoticiaz.com.br\/litoralsp\/#website"},"primaryImageOfPage":{"@id":"https:\/\/redenoticiaz.com.br\/litoralsp\/2023\/06\/28\/volkswagen-suspende-producao-de-carros-no-pais#primaryimage"},"image":{"@id":"https:\/\/redenoticiaz.com.br\/litoralsp\/2023\/06\/28\/volkswagen-suspende-producao-de-carros-no-pais#primaryimage"},"thumbnailUrl":"https:\/\/redenoticiaz.com.br\/litoralsp\/wp-content\/uploads\/sites\/3\/2023\/06\/2022-01-06t155235z_1_lynxmpei050mm_rtroptp_4_volkswagen-brazil.jpg?v=1687992109","datePublished":"2023-06-28T22:42:03+00:00","dateModified":"2023-06-28T22:42:27+00:00","description":"A Volkswagen informou que haver\u00e1 parada de produ\u00e7\u00e3o, temporariamente, em suas f\u00e1bricas de autom\u00f3veis no Brasil.","inLanguage":"pt-BR","potentialAction":[{"@type":"ReadAction","target":["https:\/\/redenoticiaz.com.br\/litoralsp\/2023\/06\/28\/volkswagen-suspende-producao-de-carros-no-pais"]}]},{"@type":"ImageObject","inLanguage":"pt-BR","@id":"https:\/\/redenoticiaz.com.br\/litoralsp\/2023\/06\/28\/volkswagen-suspende-producao-de-carros-no-pais#primaryimage","url":"https:\/\/redenoticiaz.com.br\/litoralsp\/wp-content\/uploads\/sites\/3\/2023\/06\/2022-01-06t155235z_1_lynxmpei050mm_rtroptp_4_volkswagen-brazil.jpg?v=1687992109","contentUrl":"https:\/\/redenoticiaz.com.br\/litoralsp\/wp-content\/uploads\/sites\/3\/2023\/06\/2022-01-06t155235z_1_lynxmpei050mm_rtroptp_4_volkswagen-brazil.jpg?v=1687992109","width":1170,"height":700,"caption":"Volkswagen suspende produ\u00e7\u00e3o de carros no pa\u00eds"},{"@type":"WebSite","@id":"https:\/\/redenoticiaz.com.br\/litoralsp\/#website","url":"https:\/\/redenoticiaz.com.br\/litoralsp\/","name":"Litoral SP","description":"Rede NoticiaZ","publisher":{"@id":"https:\/\/redenoticiaz.com.br\/litoralsp\/#organization"},"potentialAction":[{"@type":"SearchAction","target":{"@type":"EntryPoint","urlTemplate":"https:\/\/redenoticiaz.com.br\/litoralsp\/?s={search_term_string}"},"query-input":{"@type":"PropertyValueSpecification","valueRequired":true,"valueName":"search_term_string"}}],"inLanguage":"pt-BR"},{"@type":"Organization","@id":"https:\/\/redenoticiaz.com.br\/litoralsp\/#organization","name":"Litoral SP","url":"https:\/\/redenoticiaz.com.br\/litoralsp\/","logo":{"@type":"ImageObject","inLanguage":"pt-BR","@id":"https:\/\/redenoticiaz.com.br\/litoralsp\/#\/schema\/logo\/image\/","url":"https:\/\/redenoticiaz.com.br\/litoralsp\/wp-content\/uploads\/sites\/3\/2020\/11\/logo.jpg","contentUrl":"https:\/\/redenoticiaz.com.br\/litoralsp\/wp-content\/uploads\/sites\/3\/2020\/11\/logo.jpg","width":400,"height":250,"caption":"Litoral SP"},"image":{"@id":"https:\/\/redenoticiaz.com.br\/litoralsp\/#\/schema\/logo\/image\/"}},{"@type":"Person","@id":"https:\/\/redenoticiaz.com.br\/litoralsp\/#\/schema\/person\/16057b37a3c0ee6b096d7f887c566e2e","name":"Gustavo Silva","image":{"@type":"ImageObject","inLanguage":"pt-BR","@id":"https:\/\/secure.gravatar.com\/avatar\/3ee4e82f93b26de0a7cf4ea5eb7893da637ed6bb0c9170c58065944c56e28a33?s=96&d=mm&r=g","url":"https:\/\/secure.gravatar.com\/avatar\/3ee4e82f93b26de0a7cf4ea5eb7893da637ed6bb0c9170c58065944c56e28a33?s=96&d=mm&r=g","contentUrl":"https:\/\/secure.gravatar.com\/avatar\/3ee4e82f93b26de0a7cf4ea5eb7893da637ed6bb0c9170c58065944c56e28a33?s=96&d=mm&r=g","caption":"Gustavo Silva"},"url":"https:\/\/redenoticiaz.com.br\/litoralsp\/author\/gustavosilva"}]}},"_links":{"self":[{"href":"https:\/\/redenoticiaz.com.br\/litoralsp\/wp-json\/wp\/v2\/posts\/107767","targetHints":{"allow":["GET"]}}],"collection":[{"href":"https:\/\/redenoticiaz.com.br\/litoralsp\/wp-json\/wp\/v2\/posts"}],"about":[{"href":"https:\/\/redenoticiaz.com.br\/litoralsp\/wp-json\/wp\/v2\/types\/post"}],"author":[{"embeddable":true,"href":"https:\/\/redenoticiaz.com.br\/litoralsp\/wp-json\/wp\/v2\/users\/12"}],"replies":[{"embeddable":true,"href":"https:\/\/redenoticiaz.com.br\/litoralsp\/wp-json\/wp\/v2\/comments?post=107767"}],"version-history":[{"count":0,"href":"https:\/\/redenoticiaz.com.br\/litoralsp\/wp-json\/wp\/v2\/posts\/107767\/revisions"}],"wp:featuredmedia":[{"embeddable":true,"href":"https:\/\/redenoticiaz.com.br\/litoralsp\/wp-json\/wp\/v2\/media\/107768"}],"wp:attachment":[{"href":"https:\/\/redenoticiaz.com.br\/litoralsp\/wp-json\/wp\/v2\/media?parent=107767"}],"wp:term":[{"taxonomy":"category","embeddable":true,"href":"https:\/\/redenoticiaz.com.br\/litoralsp\/wp-json\/wp\/v2\/categories?post=107767"},{"taxonomy":"post_tag","embeddable":true,"href":"https:\/\/redenoticiaz.com.br\/litoralsp\/wp-json\/wp\/v2\/tags?post=107767"}],"curies":[{"name":"wp","href":"https:\/\/api.w.org\/{rel}","templated":true}]}}