{"id":107788,"date":"2023-06-29T17:16:30","date_gmt":"2023-06-29T20:16:30","guid":{"rendered":"https:\/\/redenoticiaz.com.br\/litoralsp\/2023\/06\/29\/tse-suspende-sessao-com-3-votos-a-1-pela-inelegibilidade-de-bolsonaro"},"modified":"2023-06-29T17:31:45","modified_gmt":"2023-06-29T20:31:45","slug":"tse-suspende-sessao-com-3-votos-a-1-pela-inelegibilidade-de-bolsonaro","status":"publish","type":"post","link":"https:\/\/redenoticiaz.com.br\/litoralsp\/2023\/06\/29\/tse-suspende-sessao-com-3-votos-a-1-pela-inelegibilidade-de-bolsonaro","title":{"rendered":"TSE suspende sess\u00e3o com 3 votos a 1 pela inelegibilidade de Bolsonaro"},"content":{"rendered":"<p>O ministro Andr\u00e9 Ramos Tavares, do Tribunal Superior Eleitoral (TSE), proferiu o terceiro voto pela condena\u00e7\u00e3o do ex-presidente Jair Bolsonaro \u00e0 inelegibilidade pelo per\u00edodo de oito anos. Com o voto do ministro, o placar do julgamento \u00e9 de 3 votos a 1 pela condena\u00e7\u00e3o do ex-presidente.\u00a0<img decoding=\"async\" src=\"https:\/\/agenciabrasil.ebc.com.br\/ebc.png?id=1541103&amp;o=node\" \/><img decoding=\"async\" src=\"https:\/\/agenciabrasil.ebc.com.br\/ebc.gif?id=1541103&amp;o=node\" \/><\/p>\n<p>De acordo com as informa\u00e7\u00f5es, ap\u00f3s o voto do ministro, a sess\u00e3o foi suspensa e ser\u00e1 retomada amanh\u00e3 (30). Faltam os votos de 3 ministros para a conclus\u00e3o do julgamento.<\/p>\n<p>O tribunal abriu, nesta manh\u00e3, a terceira sess\u00e3o para julgar a conduta de Bolsonaro durante reuni\u00e3o realizada com embaixadores, em julho do ano passado, no Pal\u00e1cio da Alvorada, para atacar o sistema eletr\u00f4nico de vota\u00e7\u00e3o.<\/p>\n<p>O ministro condenou o\u00a0ex-presidente por abuso de poder pol\u00edtico e uso indevido dos meios de comunica\u00e7\u00e3o pelo uso\u00a0<strong>TV Brasil<\/strong>, emissora da\u00a0<strong>Empresa Brasil de Comunica\u00e7\u00e3o<\/strong>\u00a0(<strong>EBC<\/strong>), para transmitir o evento.<\/p>\n<p>Ainda de acordo com as informa\u00e7\u00f5es, para Tavares, Bolsonaro fez ataques comprovadamente falsos contra a urna eletr\u00f4nica com \u201cfinalidade eleitoral\u201d em suas falas durante a reuni\u00e3o.<\/p>\n<blockquote><p>\u201cO conte\u00fado \u00e9 permeado por afirma\u00e7\u00f5es falsas e inequ\u00edvocos ataques a advers\u00e1rios e a ministros do STF e do TSE\u201d, afirmou.<\/p><\/blockquote>\n<p>Sendo assim, o ex-presidente contestou o sistema eleitoral pelo menos 21 vezes desde 2021 e utilizou a reuni\u00e3o no ano seguinte para promo\u00e7\u00e3o eleitoral.<\/p>\n<p>Por fim, al\u00e9m de Tavares, os ministros Benedito Gon\u00e7alves e Floriano de Azevedo Marques tamb\u00e9m votaram pela condena\u00e7\u00e3o de Bolsonaro.<\/p>\n<h2>Diverg\u00eancia<\/h2>\n<p>Enfim, o ministro Raul Ara\u00fajo abriu a diverg\u00eancia e votou para julgar improcedente a\u00e7\u00e3o contra Bolsonaro por entender que a reuni\u00e3o n\u00e3o teve gravidade suficiente para gerar condena\u00e7\u00e3o \u00e0 inelegibilidade. Faltam os votos de tr\u00eas ministros.<\/p>\n<p>Caso algum ministro fa\u00e7a pedido de vista para suspender a sess\u00e3o, o prazo de\u00a0devolu\u00e7\u00e3o do processo para julgamento \u00e9 de 30 dias, renov\u00e1vel por mais 30. Com o recesso de julho nos tribunais superiores, o prazo subir\u00e1 para 90 dias.<\/p>\n<h2>Defesa<\/h2>\n<p>Na \u00faltima quinta-feira (22), \u00a0primeiro dia de julgamento, a defesa de Bolsonaro alegou que a reuni\u00e3o n\u00e3o teve vi\u00e9s eleitoral e foi feita como \u201ccontraponto institucional\u201d para sugerir mudan\u00e7as no sistema eleitoral.<\/p>\n<p>De acordo com o advogado Tarc\u00edsio Vieira de Carvalho, a reuni\u00e3o ocorreu antes do per\u00edodo eleitoral, em 18 de julho, quando Bolsonaro n\u00e3o era candidato oficial \u00e0s elei\u00e7\u00f5es de 2022. Dessa forma, segundo o defensor, caberia apenas multa como puni\u00e7\u00e3o, e n\u00e3o a decreta\u00e7\u00e3o da inelegibilidade.<\/p>\n<h2>Braga Netto<\/h2>\n<p>De acordo com as informa\u00e7\u00f5es, o TSE j\u00e1 formou maioria de quatro votos pela absolvi\u00e7\u00e3o de Braga Netto, candidato \u00e0 vice-presidente na chapa de Bolsonaro nas elei\u00e7\u00f5es de 2022. Todos os ministros que j\u00e1 se manifestaram entenderam que ele n\u00e3o teve rela\u00e7\u00e3o com a reuni\u00e3o.<\/p>\n<p><strong>Leia mais<\/strong><\/p>\n<p><a href=\"https:\/\/redenoticiaz.com.br\/blog\/2023\/05\/21\/mst-e-tse-se-juntam-para-combater-o-assedio-eleitoral-no-trabalho\">MST e TSE se juntam para combater o ass\u00e9dio eleitoral no trabalho<\/a><\/p>\n","protected":false},"excerpt":{"rendered":"<p>O ministro Andr\u00e9 Ramos Tavares, do Tribunal Superior Eleitoral (TSE), proferiu o terceiro voto pela condena\u00e7\u00e3o do ex-presidente Jair Bolsonaro \u00e0 inelegibilidade pelo per\u00edodo de oito anos. Com o voto do ministro, o placar do julgamento \u00e9 de 3 votos a 1 pela condena\u00e7\u00e3o do ex-presidente.\u00a0 De acordo com as informa\u00e7\u00f5es, ap\u00f3s o voto do &hellip;<\/p>\n","protected":false},"author":12,"featured_media":107789,"comment_status":"open","ping_status":"closed","sticky":false,"template":"","format":"standard","meta":{"footnotes":""},"categories":[15],"tags":[65986,16,65987,29214,110],"class_list":["post-107788","post","type-post","status-publish","format-standard","has-post-thumbnail","hentry","category-politica","tag-andre-ramos-tavares","tag-bolsonaro","tag-ebc","tag-tribunal-superior-eleitoral","tag-tse"],"yoast_head":"<!-- This site is optimized with the Yoast SEO plugin v27.4 - https:\/\/yoast.com\/product\/yoast-seo-wordpress\/ -->\n<title>TSE suspende sess\u00e3o com 3 votos a 1 pela inelegibilidade de Bolsonaro - Litoral SP<\/title>\n<meta name=\"description\" content=\"De acordo com as informa\u00e7\u00f5es, ap\u00f3s o voto do ministro, a sess\u00e3o foi suspensa e ser\u00e1 retomada amanh\u00e3 (30). Faltam os votos de 3 ministros para a conclus\u00e3o do julgamento.\" \/>\n<meta name=\"robots\" content=\"index, follow, max-snippet:-1, max-image-preview:large, max-video-preview:-1\" \/>\n<link rel=\"canonical\" href=\"https:\/\/redenoticiaz.com.br\/litoralsp\/2023\/06\/29\/tse-suspende-sessao-com-3-votos-a-1-pela-inelegibilidade-de-bolsonaro\" \/>\n<meta property=\"og:locale\" content=\"pt_BR\" \/>\n<meta property=\"og:type\" content=\"article\" \/>\n<meta property=\"og:title\" content=\"TSE suspende sess\u00e3o com 3 votos a 1 pela inelegibilidade de Bolsonaro - Litoral SP\" \/>\n<meta property=\"og:description\" content=\"De acordo com as informa\u00e7\u00f5es, ap\u00f3s o voto do ministro, a sess\u00e3o foi suspensa e ser\u00e1 retomada amanh\u00e3 (30). Faltam os votos de 3 ministros para a conclus\u00e3o do julgamento.\" \/>\n<meta property=\"og:url\" content=\"https:\/\/redenoticiaz.com.br\/litoralsp\/2023\/06\/29\/tse-suspende-sessao-com-3-votos-a-1-pela-inelegibilidade-de-bolsonaro\" \/>\n<meta property=\"og:site_name\" content=\"Litoral SP\" \/>\n<meta property=\"article:published_time\" content=\"2023-06-29T20:16:30+00:00\" \/>\n<meta property=\"article:modified_time\" content=\"2023-06-29T20:31:45+00:00\" \/>\n<meta property=\"og:image\" content=\"https:\/\/redenoticiaz.com.br\/litoralsp\/wp-content\/uploads\/sites\/3\/2023\/06\/tse_foto.jpg?v=1688069709\" \/>\n\t<meta property=\"og:image:width\" content=\"1170\" \/>\n\t<meta property=\"og:image:height\" content=\"700\" \/>\n\t<meta property=\"og:image:type\" content=\"image\/jpeg\" \/>\n<meta name=\"author\" content=\"Gustavo Silva\" \/>\n<meta name=\"twitter:card\" content=\"summary_large_image\" \/>\n<meta name=\"twitter:label1\" content=\"Escrito por\" \/>\n\t<meta name=\"twitter:data1\" content=\"Gustavo Silva\" \/>\n\t<meta name=\"twitter:label2\" content=\"Est. tempo de leitura\" \/>\n\t<meta name=\"twitter:data2\" content=\"3 minutos\" \/>\n<script type=\"application\/ld+json\" class=\"yoast-schema-graph\">{\"@context\":\"https:\\\/\\\/schema.org\",\"@graph\":[{\"@type\":\"Article\",\"@id\":\"https:\\\/\\\/redenoticiaz.com.br\\\/litoralsp\\\/2023\\\/06\\\/29\\\/tse-suspende-sessao-com-3-votos-a-1-pela-inelegibilidade-de-bolsonaro#article\",\"isPartOf\":{\"@id\":\"https:\\\/\\\/redenoticiaz.com.br\\\/litoralsp\\\/2023\\\/06\\\/29\\\/tse-suspende-sessao-com-3-votos-a-1-pela-inelegibilidade-de-bolsonaro\"},\"author\":{\"name\":\"Gustavo Silva\",\"@id\":\"https:\\\/\\\/redenoticiaz.com.br\\\/litoralsp\\\/#\\\/schema\\\/person\\\/16057b37a3c0ee6b096d7f887c566e2e\"},\"headline\":\"TSE suspende sess\u00e3o com 3 votos a 1 pela inelegibilidade de Bolsonaro\",\"datePublished\":\"2023-06-29T20:16:30+00:00\",\"dateModified\":\"2023-06-29T20:31:45+00:00\",\"mainEntityOfPage\":{\"@id\":\"https:\\\/\\\/redenoticiaz.com.br\\\/litoralsp\\\/2023\\\/06\\\/29\\\/tse-suspende-sessao-com-3-votos-a-1-pela-inelegibilidade-de-bolsonaro\"},\"wordCount\":503,\"commentCount\":0,\"publisher\":{\"@id\":\"https:\\\/\\\/redenoticiaz.com.br\\\/litoralsp\\\/#organization\"},\"image\":{\"@id\":\"https:\\\/\\\/redenoticiaz.com.br\\\/litoralsp\\\/2023\\\/06\\\/29\\\/tse-suspende-sessao-com-3-votos-a-1-pela-inelegibilidade-de-bolsonaro#primaryimage\"},\"thumbnailUrl\":\"https:\\\/\\\/redenoticiaz.com.br\\\/litoralsp\\\/wp-content\\\/uploads\\\/sites\\\/3\\\/2023\\\/06\\\/tse_foto.jpg?v=1688069709\",\"keywords\":[\"Andr\u00e9 Ramos Tavares\",\"Bolsonaro\",\"EBC\",\"TRIBUNAL SUPERIOR ELEITORAL\",\"TSE\"],\"articleSection\":[\"Pol\u00edtica\"],\"inLanguage\":\"pt-BR\",\"potentialAction\":[{\"@type\":\"CommentAction\",\"name\":\"Comment\",\"target\":[\"https:\\\/\\\/redenoticiaz.com.br\\\/litoralsp\\\/2023\\\/06\\\/29\\\/tse-suspende-sessao-com-3-votos-a-1-pela-inelegibilidade-de-bolsonaro#respond\"]}]},{\"@type\":\"WebPage\",\"@id\":\"https:\\\/\\\/redenoticiaz.com.br\\\/litoralsp\\\/2023\\\/06\\\/29\\\/tse-suspende-sessao-com-3-votos-a-1-pela-inelegibilidade-de-bolsonaro\",\"url\":\"https:\\\/\\\/redenoticiaz.com.br\\\/litoralsp\\\/2023\\\/06\\\/29\\\/tse-suspende-sessao-com-3-votos-a-1-pela-inelegibilidade-de-bolsonaro\",\"name\":\"TSE suspende sess\u00e3o com 3 votos a 1 pela inelegibilidade de Bolsonaro - Litoral SP\",\"isPartOf\":{\"@id\":\"https:\\\/\\\/redenoticiaz.com.br\\\/litoralsp\\\/#website\"},\"primaryImageOfPage\":{\"@id\":\"https:\\\/\\\/redenoticiaz.com.br\\\/litoralsp\\\/2023\\\/06\\\/29\\\/tse-suspende-sessao-com-3-votos-a-1-pela-inelegibilidade-de-bolsonaro#primaryimage\"},\"image\":{\"@id\":\"https:\\\/\\\/redenoticiaz.com.br\\\/litoralsp\\\/2023\\\/06\\\/29\\\/tse-suspende-sessao-com-3-votos-a-1-pela-inelegibilidade-de-bolsonaro#primaryimage\"},\"thumbnailUrl\":\"https:\\\/\\\/redenoticiaz.com.br\\\/litoralsp\\\/wp-content\\\/uploads\\\/sites\\\/3\\\/2023\\\/06\\\/tse_foto.jpg?v=1688069709\",\"datePublished\":\"2023-06-29T20:16:30+00:00\",\"dateModified\":\"2023-06-29T20:31:45+00:00\",\"description\":\"De acordo com as informa\u00e7\u00f5es, ap\u00f3s o voto do ministro, a sess\u00e3o foi suspensa e ser\u00e1 retomada amanh\u00e3 (30). Faltam os votos de 3 ministros para a conclus\u00e3o do julgamento.\",\"inLanguage\":\"pt-BR\",\"potentialAction\":[{\"@type\":\"ReadAction\",\"target\":[\"https:\\\/\\\/redenoticiaz.com.br\\\/litoralsp\\\/2023\\\/06\\\/29\\\/tse-suspende-sessao-com-3-votos-a-1-pela-inelegibilidade-de-bolsonaro\"]}]},{\"@type\":\"ImageObject\",\"inLanguage\":\"pt-BR\",\"@id\":\"https:\\\/\\\/redenoticiaz.com.br\\\/litoralsp\\\/2023\\\/06\\\/29\\\/tse-suspende-sessao-com-3-votos-a-1-pela-inelegibilidade-de-bolsonaro#primaryimage\",\"url\":\"https:\\\/\\\/redenoticiaz.com.br\\\/litoralsp\\\/wp-content\\\/uploads\\\/sites\\\/3\\\/2023\\\/06\\\/tse_foto.jpg?v=1688069709\",\"contentUrl\":\"https:\\\/\\\/redenoticiaz.com.br\\\/litoralsp\\\/wp-content\\\/uploads\\\/sites\\\/3\\\/2023\\\/06\\\/tse_foto.jpg?v=1688069709\",\"width\":1170,\"height\":700,\"caption\":\"TSE suspende sess\u00e3o com 3 votos a 1 pela inelegibilidade de Bolsonaro\"},{\"@type\":\"WebSite\",\"@id\":\"https:\\\/\\\/redenoticiaz.com.br\\\/litoralsp\\\/#website\",\"url\":\"https:\\\/\\\/redenoticiaz.com.br\\\/litoralsp\\\/\",\"name\":\"Litoral SP\",\"description\":\"Rede NoticiaZ\",\"publisher\":{\"@id\":\"https:\\\/\\\/redenoticiaz.com.br\\\/litoralsp\\\/#organization\"},\"potentialAction\":[{\"@type\":\"SearchAction\",\"target\":{\"@type\":\"EntryPoint\",\"urlTemplate\":\"https:\\\/\\\/redenoticiaz.com.br\\\/litoralsp\\\/?s={search_term_string}\"},\"query-input\":{\"@type\":\"PropertyValueSpecification\",\"valueRequired\":true,\"valueName\":\"search_term_string\"}}],\"inLanguage\":\"pt-BR\"},{\"@type\":\"Organization\",\"@id\":\"https:\\\/\\\/redenoticiaz.com.br\\\/litoralsp\\\/#organization\",\"name\":\"Litoral SP\",\"url\":\"https:\\\/\\\/redenoticiaz.com.br\\\/litoralsp\\\/\",\"logo\":{\"@type\":\"ImageObject\",\"inLanguage\":\"pt-BR\",\"@id\":\"https:\\\/\\\/redenoticiaz.com.br\\\/litoralsp\\\/#\\\/schema\\\/logo\\\/image\\\/\",\"url\":\"https:\\\/\\\/redenoticiaz.com.br\\\/litoralsp\\\/wp-content\\\/uploads\\\/sites\\\/3\\\/2020\\\/11\\\/logo.jpg\",\"contentUrl\":\"https:\\\/\\\/redenoticiaz.com.br\\\/litoralsp\\\/wp-content\\\/uploads\\\/sites\\\/3\\\/2020\\\/11\\\/logo.jpg\",\"width\":400,\"height\":250,\"caption\":\"Litoral SP\"},\"image\":{\"@id\":\"https:\\\/\\\/redenoticiaz.com.br\\\/litoralsp\\\/#\\\/schema\\\/logo\\\/image\\\/\"}},{\"@type\":\"Person\",\"@id\":\"https:\\\/\\\/redenoticiaz.com.br\\\/litoralsp\\\/#\\\/schema\\\/person\\\/16057b37a3c0ee6b096d7f887c566e2e\",\"name\":\"Gustavo Silva\",\"image\":{\"@type\":\"ImageObject\",\"inLanguage\":\"pt-BR\",\"@id\":\"https:\\\/\\\/secure.gravatar.com\\\/avatar\\\/3ee4e82f93b26de0a7cf4ea5eb7893da637ed6bb0c9170c58065944c56e28a33?s=96&d=mm&r=g\",\"url\":\"https:\\\/\\\/secure.gravatar.com\\\/avatar\\\/3ee4e82f93b26de0a7cf4ea5eb7893da637ed6bb0c9170c58065944c56e28a33?s=96&d=mm&r=g\",\"contentUrl\":\"https:\\\/\\\/secure.gravatar.com\\\/avatar\\\/3ee4e82f93b26de0a7cf4ea5eb7893da637ed6bb0c9170c58065944c56e28a33?s=96&d=mm&r=g\",\"caption\":\"Gustavo Silva\"},\"url\":\"https:\\\/\\\/redenoticiaz.com.br\\\/litoralsp\\\/author\\\/gustavosilva\"}]}<\/script>\n<!-- \/ Yoast SEO plugin. -->","yoast_head_json":{"title":"TSE suspende sess\u00e3o com 3 votos a 1 pela inelegibilidade de Bolsonaro - Litoral SP","description":"De acordo com as informa\u00e7\u00f5es, ap\u00f3s o voto do ministro, a sess\u00e3o foi suspensa e ser\u00e1 retomada amanh\u00e3 (30). Faltam os votos de 3 ministros para a conclus\u00e3o do julgamento.","robots":{"index":"index","follow":"follow","max-snippet":"max-snippet:-1","max-image-preview":"max-image-preview:large","max-video-preview":"max-video-preview:-1"},"canonical":"https:\/\/redenoticiaz.com.br\/litoralsp\/2023\/06\/29\/tse-suspende-sessao-com-3-votos-a-1-pela-inelegibilidade-de-bolsonaro","og_locale":"pt_BR","og_type":"article","og_title":"TSE suspende sess\u00e3o com 3 votos a 1 pela inelegibilidade de Bolsonaro - Litoral SP","og_description":"De acordo com as informa\u00e7\u00f5es, ap\u00f3s o voto do ministro, a sess\u00e3o foi suspensa e ser\u00e1 retomada amanh\u00e3 (30). Faltam os votos de 3 ministros para a conclus\u00e3o do julgamento.","og_url":"https:\/\/redenoticiaz.com.br\/litoralsp\/2023\/06\/29\/tse-suspende-sessao-com-3-votos-a-1-pela-inelegibilidade-de-bolsonaro","og_site_name":"Litoral SP","article_published_time":"2023-06-29T20:16:30+00:00","article_modified_time":"2023-06-29T20:31:45+00:00","og_image":[{"width":1170,"height":700,"url":"https:\/\/redenoticiaz.com.br\/litoralsp\/wp-content\/uploads\/sites\/3\/2023\/06\/tse_foto.jpg?v=1688069709","type":"image\/jpeg"}],"author":"Gustavo Silva","twitter_card":"summary_large_image","twitter_misc":{"Escrito por":"Gustavo Silva","Est. tempo de leitura":"3 minutos"},"schema":{"@context":"https:\/\/schema.org","@graph":[{"@type":"Article","@id":"https:\/\/redenoticiaz.com.br\/litoralsp\/2023\/06\/29\/tse-suspende-sessao-com-3-votos-a-1-pela-inelegibilidade-de-bolsonaro#article","isPartOf":{"@id":"https:\/\/redenoticiaz.com.br\/litoralsp\/2023\/06\/29\/tse-suspende-sessao-com-3-votos-a-1-pela-inelegibilidade-de-bolsonaro"},"author":{"name":"Gustavo Silva","@id":"https:\/\/redenoticiaz.com.br\/litoralsp\/#\/schema\/person\/16057b37a3c0ee6b096d7f887c566e2e"},"headline":"TSE suspende sess\u00e3o com 3 votos a 1 pela inelegibilidade de Bolsonaro","datePublished":"2023-06-29T20:16:30+00:00","dateModified":"2023-06-29T20:31:45+00:00","mainEntityOfPage":{"@id":"https:\/\/redenoticiaz.com.br\/litoralsp\/2023\/06\/29\/tse-suspende-sessao-com-3-votos-a-1-pela-inelegibilidade-de-bolsonaro"},"wordCount":503,"commentCount":0,"publisher":{"@id":"https:\/\/redenoticiaz.com.br\/litoralsp\/#organization"},"image":{"@id":"https:\/\/redenoticiaz.com.br\/litoralsp\/2023\/06\/29\/tse-suspende-sessao-com-3-votos-a-1-pela-inelegibilidade-de-bolsonaro#primaryimage"},"thumbnailUrl":"https:\/\/redenoticiaz.com.br\/litoralsp\/wp-content\/uploads\/sites\/3\/2023\/06\/tse_foto.jpg?v=1688069709","keywords":["Andr\u00e9 Ramos Tavares","Bolsonaro","EBC","TRIBUNAL SUPERIOR ELEITORAL","TSE"],"articleSection":["Pol\u00edtica"],"inLanguage":"pt-BR","potentialAction":[{"@type":"CommentAction","name":"Comment","target":["https:\/\/redenoticiaz.com.br\/litoralsp\/2023\/06\/29\/tse-suspende-sessao-com-3-votos-a-1-pela-inelegibilidade-de-bolsonaro#respond"]}]},{"@type":"WebPage","@id":"https:\/\/redenoticiaz.com.br\/litoralsp\/2023\/06\/29\/tse-suspende-sessao-com-3-votos-a-1-pela-inelegibilidade-de-bolsonaro","url":"https:\/\/redenoticiaz.com.br\/litoralsp\/2023\/06\/29\/tse-suspende-sessao-com-3-votos-a-1-pela-inelegibilidade-de-bolsonaro","name":"TSE suspende sess\u00e3o com 3 votos a 1 pela inelegibilidade de Bolsonaro - Litoral SP","isPartOf":{"@id":"https:\/\/redenoticiaz.com.br\/litoralsp\/#website"},"primaryImageOfPage":{"@id":"https:\/\/redenoticiaz.com.br\/litoralsp\/2023\/06\/29\/tse-suspende-sessao-com-3-votos-a-1-pela-inelegibilidade-de-bolsonaro#primaryimage"},"image":{"@id":"https:\/\/redenoticiaz.com.br\/litoralsp\/2023\/06\/29\/tse-suspende-sessao-com-3-votos-a-1-pela-inelegibilidade-de-bolsonaro#primaryimage"},"thumbnailUrl":"https:\/\/redenoticiaz.com.br\/litoralsp\/wp-content\/uploads\/sites\/3\/2023\/06\/tse_foto.jpg?v=1688069709","datePublished":"2023-06-29T20:16:30+00:00","dateModified":"2023-06-29T20:31:45+00:00","description":"De acordo com as informa\u00e7\u00f5es, ap\u00f3s o voto do ministro, a sess\u00e3o foi suspensa e ser\u00e1 retomada amanh\u00e3 (30). Faltam os votos de 3 ministros para a conclus\u00e3o do julgamento.","inLanguage":"pt-BR","potentialAction":[{"@type":"ReadAction","target":["https:\/\/redenoticiaz.com.br\/litoralsp\/2023\/06\/29\/tse-suspende-sessao-com-3-votos-a-1-pela-inelegibilidade-de-bolsonaro"]}]},{"@type":"ImageObject","inLanguage":"pt-BR","@id":"https:\/\/redenoticiaz.com.br\/litoralsp\/2023\/06\/29\/tse-suspende-sessao-com-3-votos-a-1-pela-inelegibilidade-de-bolsonaro#primaryimage","url":"https:\/\/redenoticiaz.com.br\/litoralsp\/wp-content\/uploads\/sites\/3\/2023\/06\/tse_foto.jpg?v=1688069709","contentUrl":"https:\/\/redenoticiaz.com.br\/litoralsp\/wp-content\/uploads\/sites\/3\/2023\/06\/tse_foto.jpg?v=1688069709","width":1170,"height":700,"caption":"TSE suspende sess\u00e3o com 3 votos a 1 pela inelegibilidade de Bolsonaro"},{"@type":"WebSite","@id":"https:\/\/redenoticiaz.com.br\/litoralsp\/#website","url":"https:\/\/redenoticiaz.com.br\/litoralsp\/","name":"Litoral SP","description":"Rede NoticiaZ","publisher":{"@id":"https:\/\/redenoticiaz.com.br\/litoralsp\/#organization"},"potentialAction":[{"@type":"SearchAction","target":{"@type":"EntryPoint","urlTemplate":"https:\/\/redenoticiaz.com.br\/litoralsp\/?s={search_term_string}"},"query-input":{"@type":"PropertyValueSpecification","valueRequired":true,"valueName":"search_term_string"}}],"inLanguage":"pt-BR"},{"@type":"Organization","@id":"https:\/\/redenoticiaz.com.br\/litoralsp\/#organization","name":"Litoral SP","url":"https:\/\/redenoticiaz.com.br\/litoralsp\/","logo":{"@type":"ImageObject","inLanguage":"pt-BR","@id":"https:\/\/redenoticiaz.com.br\/litoralsp\/#\/schema\/logo\/image\/","url":"https:\/\/redenoticiaz.com.br\/litoralsp\/wp-content\/uploads\/sites\/3\/2020\/11\/logo.jpg","contentUrl":"https:\/\/redenoticiaz.com.br\/litoralsp\/wp-content\/uploads\/sites\/3\/2020\/11\/logo.jpg","width":400,"height":250,"caption":"Litoral SP"},"image":{"@id":"https:\/\/redenoticiaz.com.br\/litoralsp\/#\/schema\/logo\/image\/"}},{"@type":"Person","@id":"https:\/\/redenoticiaz.com.br\/litoralsp\/#\/schema\/person\/16057b37a3c0ee6b096d7f887c566e2e","name":"Gustavo Silva","image":{"@type":"ImageObject","inLanguage":"pt-BR","@id":"https:\/\/secure.gravatar.com\/avatar\/3ee4e82f93b26de0a7cf4ea5eb7893da637ed6bb0c9170c58065944c56e28a33?s=96&d=mm&r=g","url":"https:\/\/secure.gravatar.com\/avatar\/3ee4e82f93b26de0a7cf4ea5eb7893da637ed6bb0c9170c58065944c56e28a33?s=96&d=mm&r=g","contentUrl":"https:\/\/secure.gravatar.com\/avatar\/3ee4e82f93b26de0a7cf4ea5eb7893da637ed6bb0c9170c58065944c56e28a33?s=96&d=mm&r=g","caption":"Gustavo Silva"},"url":"https:\/\/redenoticiaz.com.br\/litoralsp\/author\/gustavosilva"}]}},"_links":{"self":[{"href":"https:\/\/redenoticiaz.com.br\/litoralsp\/wp-json\/wp\/v2\/posts\/107788","targetHints":{"allow":["GET"]}}],"collection":[{"href":"https:\/\/redenoticiaz.com.br\/litoralsp\/wp-json\/wp\/v2\/posts"}],"about":[{"href":"https:\/\/redenoticiaz.com.br\/litoralsp\/wp-json\/wp\/v2\/types\/post"}],"author":[{"embeddable":true,"href":"https:\/\/redenoticiaz.com.br\/litoralsp\/wp-json\/wp\/v2\/users\/12"}],"replies":[{"embeddable":true,"href":"https:\/\/redenoticiaz.com.br\/litoralsp\/wp-json\/wp\/v2\/comments?post=107788"}],"version-history":[{"count":0,"href":"https:\/\/redenoticiaz.com.br\/litoralsp\/wp-json\/wp\/v2\/posts\/107788\/revisions"}],"wp:featuredmedia":[{"embeddable":true,"href":"https:\/\/redenoticiaz.com.br\/litoralsp\/wp-json\/wp\/v2\/media\/107789"}],"wp:attachment":[{"href":"https:\/\/redenoticiaz.com.br\/litoralsp\/wp-json\/wp\/v2\/media?parent=107788"}],"wp:term":[{"taxonomy":"category","embeddable":true,"href":"https:\/\/redenoticiaz.com.br\/litoralsp\/wp-json\/wp\/v2\/categories?post=107788"},{"taxonomy":"post_tag","embeddable":true,"href":"https:\/\/redenoticiaz.com.br\/litoralsp\/wp-json\/wp\/v2\/tags?post=107788"}],"curies":[{"name":"wp","href":"https:\/\/api.w.org\/{rel}","templated":true}]}}