{"id":107811,"date":"2023-06-30T12:03:26","date_gmt":"2023-06-30T15:03:26","guid":{"rendered":"https:\/\/redenoticiaz.com.br\/litoralsp\/2023\/06\/30\/video-mostra-acidente-que-matou-cantora-vivi-araujo"},"modified":"2023-06-30T12:27:31","modified_gmt":"2023-06-30T15:27:31","slug":"video-mostra-acidente-que-matou-cantora-vivi-araujo","status":"publish","type":"post","link":"https:\/\/redenoticiaz.com.br\/litoralsp\/2023\/06\/30\/video-mostra-acidente-que-matou-cantora-vivi-araujo","title":{"rendered":"V\u00eddeo mostra acidente que matou cantora Vivi Ara\u00fajo"},"content":{"rendered":"<p>A cantora e radialista conhecida como Vivi Ara\u00fajo, de 22 anos, morreu em um acidente de carro. A Pol\u00edcia Militar confirmou \u00e0 TV Anhanguera que o acidente aconteceu em Cidade Ocidental, no Entorno do Distrito Federal.<\/p>\n<p>Um v\u00eddeo mostra o momento do\u00a0acidente que matou a cantora Vivi Ara\u00fajo,\u00a0de 22 anos, em\u00a0Cidade Ocidental, no Entorno do Distrito Federal.<\/p>\n<p>O acidente aconteceu no in\u00edcio da madrugada desta sexta-feira (30), em uma avenida que d\u00e1 acesso \u00e0 BR-040. Segundo informa\u00e7\u00f5es, a cantora voltada de uma apresenta\u00e7\u00e3o quando perdeu o controle do ve\u00edculo ao passar por um quebra-molas e bateu contra a parede de um t\u00fanel.<\/p>\n<div class=\"wp-playlist wp-video-playlist wp-playlist-light\">\n\t\t<video controls=\"controls\" preload=\"none\" width=\"640\"\n\t\t height=\"368\"\t><\/video>\n\t<div class=\"wp-playlist-next\"><\/div>\n\t<div class=\"wp-playlist-prev\"><\/div>\n\t<noscript>\n\t<ol>\n\t\t<li><a href='https:\/\/redenoticiaz.com.br\/litoralsp\/wp-content\/uploads\/sites\/3\/2023\/06\/WhatsApp-Video-2023-06-30-at-11.42.20.mp4'>V\u00eddeo mostra acidente que matou cantora Vivi Ara\u00fajo em Goi\u00e1s<\/a><\/li>\t<\/ol>\n\t<\/noscript>\n\t<script type=\"application\/json\" class=\"wp-playlist-script\">{\"type\":\"video\",\"tracklist\":true,\"tracknumbers\":true,\"images\":true,\"artists\":true,\"tracks\":[{\"src\":\"https:\/\/redenoticiaz.com.br\/litoralsp\/wp-content\/uploads\/sites\/3\/2023\/06\/WhatsApp-Video-2023-06-30-at-11.42.20.mp4\",\"type\":\"video\/mp4\",\"title\":\"V\\u00eddeo mostra acidente que matou cantora Vivi Ara\\u00fajo em Goi\\u00e1s\",\"caption\":\"V\\u00eddeo mostra acidente que matou cantora Vivi Ara\\u00fajo em Goi\\u00e1s\",\"description\":\"\",\"meta\":{\"length_formatted\":\"0:07\"},\"dimensions\":{\"original\":{\"width\":640,\"height\":368},\"resized\":{\"width\":640,\"height\":368}},\"image\":{\"src\":\"https:\/\/redenoticiaz.com.br\/litoralsp\/wp-includes\/images\/media\/video.svg\",\"width\":48,\"height\":64},\"thumb\":{\"src\":\"https:\/\/redenoticiaz.com.br\/litoralsp\/wp-includes\/images\/media\/video.svg\",\"width\":48,\"height\":64}}]}<\/script>\n<\/div>\n\t\n<div id=\"chunk-qq4l\">\n<div class=\"mc-column content-text active-extra-styles \" data-block-type=\"unstyled\" data-block-weight=\"15\" data-block-id=\"16\">\n<p class=\"content-text__container \" data-track-category=\"Link no Texto\" data-track-links=\"\">Nas redes sociais, o perfil da r\u00e1dio onde Vivi trabalhava lamentou a morte da cantora.<\/p>\n<\/div>\n<\/div>\n<div id=\"chunk-6rcnk\">\n<div class=\"mc-column content-text active-extra-styles \" data-block-type=\"unstyled\" data-block-weight=\"32\" data-block-id=\"17\">\n<p class=\"content-text__container \" data-track-category=\"Link no Texto\" data-track-links=\"\">&#8220;\u00c9 com grande tristeza que comunicamos o falecimento em um acidente fatal da nossa queria Vivi Ara\u00fajo! Que Deus conforte o cora\u00e7\u00e3o dos familiares! Descanse em paz!! \ud83d\ude4f\ud83c\udffc\ud83d\udc94\ud83d\ude2d\ud83d\ude2d&#8221;, escreveu o perfil oficial.<\/p>\n<\/div>\n<\/div>\n<p>LEIA MAIS<\/p>\n<p><a href=\"https:\/\/redenoticiaz.com.br\/barretos-regiao\/sp\/2023\/06\/30\/pedagio-mais-caro-do-brasil-sofre-novo-reajuste\">Ped\u00e1gio mais caro do Brasil sofre novo reajuste<\/a><\/p>\n<p>&nbsp;<\/p>\n","protected":false},"excerpt":{"rendered":"<p>A cantora e radialista conhecida como Vivi Ara\u00fajo, de 22 anos, morreu em um acidente de carro. A Pol\u00edcia Militar confirmou \u00e0 TV Anhanguera que o acidente aconteceu em Cidade Ocidental, no Entorno do Distrito Federal. Um v\u00eddeo mostra o momento do\u00a0acidente que matou a cantora Vivi Ara\u00fajo,\u00a0de 22 anos, em\u00a0Cidade Ocidental, no Entorno do &hellip;<\/p>\n","protected":false},"author":30,"featured_media":107812,"comment_status":"open","ping_status":"closed","sticky":false,"template":"","format":"standard","meta":{"footnotes":""},"categories":[60954],"tags":[7,37996,9356,65999],"class_list":["post-107811","post","type-post","status-publish","format-standard","has-post-thumbnail","hentry","category-celebridades","tag-acidente","tag-morre","tag-video","tag-vivi-araujo"],"yoast_head":"<!-- This site is optimized with the Yoast SEO plugin v27.5 - https:\/\/yoast.com\/product\/yoast-seo-wordpress\/ -->\n<title>V\u00eddeo mostra acidente que matou cantora Vivi Ara\u00fajo - Litoral SP<\/title>\n<meta name=\"description\" content=\"A cantora e radialista conhecida como Vivi Ara\u00fajo, de 22 anos, morreu em um acidente de carro. A Pol\u00edcia Militar confirmou...\" \/>\n<meta name=\"robots\" content=\"index, follow, max-snippet:-1, max-image-preview:large, max-video-preview:-1\" \/>\n<link rel=\"canonical\" href=\"https:\/\/redenoticiaz.com.br\/litoralsp\/2023\/06\/30\/video-mostra-acidente-que-matou-cantora-vivi-araujo\" \/>\n<meta property=\"og:locale\" content=\"pt_BR\" \/>\n<meta property=\"og:type\" content=\"article\" \/>\n<meta property=\"og:title\" content=\"V\u00eddeo mostra acidente que matou cantora Vivi Ara\u00fajo - Litoral SP\" \/>\n<meta property=\"og:description\" content=\"A cantora e radialista conhecida como Vivi Ara\u00fajo, de 22 anos, morreu em um acidente de carro. A Pol\u00edcia Militar confirmou...\" \/>\n<meta property=\"og:url\" content=\"https:\/\/redenoticiaz.com.br\/litoralsp\/2023\/06\/30\/video-mostra-acidente-que-matou-cantora-vivi-araujo\" \/>\n<meta property=\"og:site_name\" content=\"Litoral SP\" \/>\n<meta property=\"article:published_time\" content=\"2023-06-30T15:03:26+00:00\" \/>\n<meta property=\"article:modified_time\" content=\"2023-06-30T15:27:31+00:00\" \/>\n<meta property=\"og:image\" content=\"https:\/\/redenoticiaz.com.br\/litoralsp\/wp-content\/uploads\/sites\/3\/2023\/06\/Video-mostra-acidente-que-matou-cantora-Vivi-Araujo.jpg\" \/>\n\t<meta property=\"og:image:width\" content=\"1640\" \/>\n\t<meta property=\"og:image:height\" content=\"924\" \/>\n\t<meta property=\"og:image:type\" content=\"image\/jpeg\" \/>\n<meta name=\"author\" content=\"Carina Reifonas\" \/>\n<meta name=\"twitter:card\" content=\"summary_large_image\" \/>\n<meta name=\"twitter:label1\" content=\"Escrito por\" \/>\n\t<meta name=\"twitter:data1\" content=\"Carina Reifonas\" \/>\n\t<meta name=\"twitter:label2\" content=\"Est. tempo de leitura\" \/>\n\t<meta name=\"twitter:data2\" content=\"1 minuto\" \/>\n<script type=\"application\/ld+json\" class=\"yoast-schema-graph\">{\"@context\":\"https:\\\/\\\/schema.org\",\"@graph\":[{\"@type\":\"Article\",\"@id\":\"https:\\\/\\\/redenoticiaz.com.br\\\/litoralsp\\\/2023\\\/06\\\/30\\\/video-mostra-acidente-que-matou-cantora-vivi-araujo#article\",\"isPartOf\":{\"@id\":\"https:\\\/\\\/redenoticiaz.com.br\\\/litoralsp\\\/2023\\\/06\\\/30\\\/video-mostra-acidente-que-matou-cantora-vivi-araujo\"},\"author\":{\"name\":\"Carina Reifonas\",\"@id\":\"https:\\\/\\\/redenoticiaz.com.br\\\/litoralsp\\\/#\\\/schema\\\/person\\\/1f84d6e94e6a62d2d81199d7503e9e90\"},\"headline\":\"V\u00eddeo mostra acidente que matou cantora Vivi Ara\u00fajo\",\"datePublished\":\"2023-06-30T15:03:26+00:00\",\"dateModified\":\"2023-06-30T15:27:31+00:00\",\"mainEntityOfPage\":{\"@id\":\"https:\\\/\\\/redenoticiaz.com.br\\\/litoralsp\\\/2023\\\/06\\\/30\\\/video-mostra-acidente-que-matou-cantora-vivi-araujo\"},\"wordCount\":183,\"commentCount\":0,\"publisher\":{\"@id\":\"https:\\\/\\\/redenoticiaz.com.br\\\/litoralsp\\\/#organization\"},\"image\":{\"@id\":\"https:\\\/\\\/redenoticiaz.com.br\\\/litoralsp\\\/2023\\\/06\\\/30\\\/video-mostra-acidente-que-matou-cantora-vivi-araujo#primaryimage\"},\"thumbnailUrl\":\"https:\\\/\\\/redenoticiaz.com.br\\\/litoralsp\\\/wp-content\\\/uploads\\\/sites\\\/3\\\/2023\\\/06\\\/Video-mostra-acidente-que-matou-cantora-Vivi-Araujo.jpg\",\"keywords\":[\"acidente\",\"MORRE\",\"V\u00cdDEO\",\"Vivi Ara\u00fajo\"],\"articleSection\":[\"Celebridades\"],\"inLanguage\":\"pt-BR\",\"potentialAction\":[{\"@type\":\"CommentAction\",\"name\":\"Comment\",\"target\":[\"https:\\\/\\\/redenoticiaz.com.br\\\/litoralsp\\\/2023\\\/06\\\/30\\\/video-mostra-acidente-que-matou-cantora-vivi-araujo#respond\"]}]},{\"@type\":\"WebPage\",\"@id\":\"https:\\\/\\\/redenoticiaz.com.br\\\/litoralsp\\\/2023\\\/06\\\/30\\\/video-mostra-acidente-que-matou-cantora-vivi-araujo\",\"url\":\"https:\\\/\\\/redenoticiaz.com.br\\\/litoralsp\\\/2023\\\/06\\\/30\\\/video-mostra-acidente-que-matou-cantora-vivi-araujo\",\"name\":\"V\u00eddeo mostra acidente que matou cantora Vivi Ara\u00fajo - Litoral SP\",\"isPartOf\":{\"@id\":\"https:\\\/\\\/redenoticiaz.com.br\\\/litoralsp\\\/#website\"},\"primaryImageOfPage\":{\"@id\":\"https:\\\/\\\/redenoticiaz.com.br\\\/litoralsp\\\/2023\\\/06\\\/30\\\/video-mostra-acidente-que-matou-cantora-vivi-araujo#primaryimage\"},\"image\":{\"@id\":\"https:\\\/\\\/redenoticiaz.com.br\\\/litoralsp\\\/2023\\\/06\\\/30\\\/video-mostra-acidente-que-matou-cantora-vivi-araujo#primaryimage\"},\"thumbnailUrl\":\"https:\\\/\\\/redenoticiaz.com.br\\\/litoralsp\\\/wp-content\\\/uploads\\\/sites\\\/3\\\/2023\\\/06\\\/Video-mostra-acidente-que-matou-cantora-Vivi-Araujo.jpg\",\"datePublished\":\"2023-06-30T15:03:26+00:00\",\"dateModified\":\"2023-06-30T15:27:31+00:00\",\"description\":\"A cantora e radialista conhecida como Vivi Ara\u00fajo, de 22 anos, morreu em um acidente de carro. A Pol\u00edcia Militar confirmou...\",\"inLanguage\":\"pt-BR\",\"potentialAction\":[{\"@type\":\"ReadAction\",\"target\":[\"https:\\\/\\\/redenoticiaz.com.br\\\/litoralsp\\\/2023\\\/06\\\/30\\\/video-mostra-acidente-que-matou-cantora-vivi-araujo\"]}]},{\"@type\":\"ImageObject\",\"inLanguage\":\"pt-BR\",\"@id\":\"https:\\\/\\\/redenoticiaz.com.br\\\/litoralsp\\\/2023\\\/06\\\/30\\\/video-mostra-acidente-que-matou-cantora-vivi-araujo#primaryimage\",\"url\":\"https:\\\/\\\/redenoticiaz.com.br\\\/litoralsp\\\/wp-content\\\/uploads\\\/sites\\\/3\\\/2023\\\/06\\\/Video-mostra-acidente-que-matou-cantora-Vivi-Araujo.jpg\",\"contentUrl\":\"https:\\\/\\\/redenoticiaz.com.br\\\/litoralsp\\\/wp-content\\\/uploads\\\/sites\\\/3\\\/2023\\\/06\\\/Video-mostra-acidente-que-matou-cantora-Vivi-Araujo.jpg\",\"width\":1640,\"height\":924,\"caption\":\"Cantora e radialista Vit\u00f3ria Ara\u00fajo, conhecida como Vivi Ara\u00fajo, de 22 anos, morreu em um acidente de carro. Cr\u00e9dito: Reprodu\u00e7\u00e3o\"},{\"@type\":\"WebSite\",\"@id\":\"https:\\\/\\\/redenoticiaz.com.br\\\/litoralsp\\\/#website\",\"url\":\"https:\\\/\\\/redenoticiaz.com.br\\\/litoralsp\\\/\",\"name\":\"Litoral SP\",\"description\":\"Rede NoticiaZ\",\"publisher\":{\"@id\":\"https:\\\/\\\/redenoticiaz.com.br\\\/litoralsp\\\/#organization\"},\"potentialAction\":[{\"@type\":\"SearchAction\",\"target\":{\"@type\":\"EntryPoint\",\"urlTemplate\":\"https:\\\/\\\/redenoticiaz.com.br\\\/litoralsp\\\/?s={search_term_string}\"},\"query-input\":{\"@type\":\"PropertyValueSpecification\",\"valueRequired\":true,\"valueName\":\"search_term_string\"}}],\"inLanguage\":\"pt-BR\"},{\"@type\":\"Organization\",\"@id\":\"https:\\\/\\\/redenoticiaz.com.br\\\/litoralsp\\\/#organization\",\"name\":\"Litoral SP\",\"url\":\"https:\\\/\\\/redenoticiaz.com.br\\\/litoralsp\\\/\",\"logo\":{\"@type\":\"ImageObject\",\"inLanguage\":\"pt-BR\",\"@id\":\"https:\\\/\\\/redenoticiaz.com.br\\\/litoralsp\\\/#\\\/schema\\\/logo\\\/image\\\/\",\"url\":\"https:\\\/\\\/redenoticiaz.com.br\\\/litoralsp\\\/wp-content\\\/uploads\\\/sites\\\/3\\\/2020\\\/11\\\/logo.jpg\",\"contentUrl\":\"https:\\\/\\\/redenoticiaz.com.br\\\/litoralsp\\\/wp-content\\\/uploads\\\/sites\\\/3\\\/2020\\\/11\\\/logo.jpg\",\"width\":400,\"height\":250,\"caption\":\"Litoral SP\"},\"image\":{\"@id\":\"https:\\\/\\\/redenoticiaz.com.br\\\/litoralsp\\\/#\\\/schema\\\/logo\\\/image\\\/\"}},{\"@type\":\"Person\",\"@id\":\"https:\\\/\\\/redenoticiaz.com.br\\\/litoralsp\\\/#\\\/schema\\\/person\\\/1f84d6e94e6a62d2d81199d7503e9e90\",\"name\":\"Carina Reifonas\",\"image\":{\"@type\":\"ImageObject\",\"inLanguage\":\"pt-BR\",\"@id\":\"https:\\\/\\\/secure.gravatar.com\\\/avatar\\\/04c59859b23696cf867715880f81d5c037e60109730bdb4e6670ec2a2245bc97?s=96&d=mm&r=g\",\"url\":\"https:\\\/\\\/secure.gravatar.com\\\/avatar\\\/04c59859b23696cf867715880f81d5c037e60109730bdb4e6670ec2a2245bc97?s=96&d=mm&r=g\",\"contentUrl\":\"https:\\\/\\\/secure.gravatar.com\\\/avatar\\\/04c59859b23696cf867715880f81d5c037e60109730bdb4e6670ec2a2245bc97?s=96&d=mm&r=g\",\"caption\":\"Carina Reifonas\"},\"url\":\"https:\\\/\\\/redenoticiaz.com.br\\\/litoralsp\\\/author\\\/carinareifonas\"}]}<\/script>\n<!-- \/ Yoast SEO plugin. -->","yoast_head_json":{"title":"V\u00eddeo mostra acidente que matou cantora Vivi Ara\u00fajo - Litoral SP","description":"A cantora e radialista conhecida como Vivi Ara\u00fajo, de 22 anos, morreu em um acidente de carro. A Pol\u00edcia Militar confirmou...","robots":{"index":"index","follow":"follow","max-snippet":"max-snippet:-1","max-image-preview":"max-image-preview:large","max-video-preview":"max-video-preview:-1"},"canonical":"https:\/\/redenoticiaz.com.br\/litoralsp\/2023\/06\/30\/video-mostra-acidente-que-matou-cantora-vivi-araujo","og_locale":"pt_BR","og_type":"article","og_title":"V\u00eddeo mostra acidente que matou cantora Vivi Ara\u00fajo - Litoral SP","og_description":"A cantora e radialista conhecida como Vivi Ara\u00fajo, de 22 anos, morreu em um acidente de carro. A Pol\u00edcia Militar confirmou...","og_url":"https:\/\/redenoticiaz.com.br\/litoralsp\/2023\/06\/30\/video-mostra-acidente-que-matou-cantora-vivi-araujo","og_site_name":"Litoral SP","article_published_time":"2023-06-30T15:03:26+00:00","article_modified_time":"2023-06-30T15:27:31+00:00","og_image":[{"width":1640,"height":924,"url":"https:\/\/redenoticiaz.com.br\/litoralsp\/wp-content\/uploads\/sites\/3\/2023\/06\/Video-mostra-acidente-que-matou-cantora-Vivi-Araujo.jpg","type":"image\/jpeg"}],"author":"Carina Reifonas","twitter_card":"summary_large_image","twitter_misc":{"Escrito por":"Carina Reifonas","Est. tempo de leitura":"1 minuto"},"schema":{"@context":"https:\/\/schema.org","@graph":[{"@type":"Article","@id":"https:\/\/redenoticiaz.com.br\/litoralsp\/2023\/06\/30\/video-mostra-acidente-que-matou-cantora-vivi-araujo#article","isPartOf":{"@id":"https:\/\/redenoticiaz.com.br\/litoralsp\/2023\/06\/30\/video-mostra-acidente-que-matou-cantora-vivi-araujo"},"author":{"name":"Carina Reifonas","@id":"https:\/\/redenoticiaz.com.br\/litoralsp\/#\/schema\/person\/1f84d6e94e6a62d2d81199d7503e9e90"},"headline":"V\u00eddeo mostra acidente que matou cantora Vivi Ara\u00fajo","datePublished":"2023-06-30T15:03:26+00:00","dateModified":"2023-06-30T15:27:31+00:00","mainEntityOfPage":{"@id":"https:\/\/redenoticiaz.com.br\/litoralsp\/2023\/06\/30\/video-mostra-acidente-que-matou-cantora-vivi-araujo"},"wordCount":183,"commentCount":0,"publisher":{"@id":"https:\/\/redenoticiaz.com.br\/litoralsp\/#organization"},"image":{"@id":"https:\/\/redenoticiaz.com.br\/litoralsp\/2023\/06\/30\/video-mostra-acidente-que-matou-cantora-vivi-araujo#primaryimage"},"thumbnailUrl":"https:\/\/redenoticiaz.com.br\/litoralsp\/wp-content\/uploads\/sites\/3\/2023\/06\/Video-mostra-acidente-que-matou-cantora-Vivi-Araujo.jpg","keywords":["acidente","MORRE","V\u00cdDEO","Vivi Ara\u00fajo"],"articleSection":["Celebridades"],"inLanguage":"pt-BR","potentialAction":[{"@type":"CommentAction","name":"Comment","target":["https:\/\/redenoticiaz.com.br\/litoralsp\/2023\/06\/30\/video-mostra-acidente-que-matou-cantora-vivi-araujo#respond"]}]},{"@type":"WebPage","@id":"https:\/\/redenoticiaz.com.br\/litoralsp\/2023\/06\/30\/video-mostra-acidente-que-matou-cantora-vivi-araujo","url":"https:\/\/redenoticiaz.com.br\/litoralsp\/2023\/06\/30\/video-mostra-acidente-que-matou-cantora-vivi-araujo","name":"V\u00eddeo mostra acidente que matou cantora Vivi Ara\u00fajo - Litoral SP","isPartOf":{"@id":"https:\/\/redenoticiaz.com.br\/litoralsp\/#website"},"primaryImageOfPage":{"@id":"https:\/\/redenoticiaz.com.br\/litoralsp\/2023\/06\/30\/video-mostra-acidente-que-matou-cantora-vivi-araujo#primaryimage"},"image":{"@id":"https:\/\/redenoticiaz.com.br\/litoralsp\/2023\/06\/30\/video-mostra-acidente-que-matou-cantora-vivi-araujo#primaryimage"},"thumbnailUrl":"https:\/\/redenoticiaz.com.br\/litoralsp\/wp-content\/uploads\/sites\/3\/2023\/06\/Video-mostra-acidente-que-matou-cantora-Vivi-Araujo.jpg","datePublished":"2023-06-30T15:03:26+00:00","dateModified":"2023-06-30T15:27:31+00:00","description":"A cantora e radialista conhecida como Vivi Ara\u00fajo, de 22 anos, morreu em um acidente de carro. A Pol\u00edcia Militar confirmou...","inLanguage":"pt-BR","potentialAction":[{"@type":"ReadAction","target":["https:\/\/redenoticiaz.com.br\/litoralsp\/2023\/06\/30\/video-mostra-acidente-que-matou-cantora-vivi-araujo"]}]},{"@type":"ImageObject","inLanguage":"pt-BR","@id":"https:\/\/redenoticiaz.com.br\/litoralsp\/2023\/06\/30\/video-mostra-acidente-que-matou-cantora-vivi-araujo#primaryimage","url":"https:\/\/redenoticiaz.com.br\/litoralsp\/wp-content\/uploads\/sites\/3\/2023\/06\/Video-mostra-acidente-que-matou-cantora-Vivi-Araujo.jpg","contentUrl":"https:\/\/redenoticiaz.com.br\/litoralsp\/wp-content\/uploads\/sites\/3\/2023\/06\/Video-mostra-acidente-que-matou-cantora-Vivi-Araujo.jpg","width":1640,"height":924,"caption":"Cantora e radialista Vit\u00f3ria Ara\u00fajo, conhecida como Vivi Ara\u00fajo, de 22 anos, morreu em um acidente de carro. Cr\u00e9dito: Reprodu\u00e7\u00e3o"},{"@type":"WebSite","@id":"https:\/\/redenoticiaz.com.br\/litoralsp\/#website","url":"https:\/\/redenoticiaz.com.br\/litoralsp\/","name":"Litoral SP","description":"Rede NoticiaZ","publisher":{"@id":"https:\/\/redenoticiaz.com.br\/litoralsp\/#organization"},"potentialAction":[{"@type":"SearchAction","target":{"@type":"EntryPoint","urlTemplate":"https:\/\/redenoticiaz.com.br\/litoralsp\/?s={search_term_string}"},"query-input":{"@type":"PropertyValueSpecification","valueRequired":true,"valueName":"search_term_string"}}],"inLanguage":"pt-BR"},{"@type":"Organization","@id":"https:\/\/redenoticiaz.com.br\/litoralsp\/#organization","name":"Litoral SP","url":"https:\/\/redenoticiaz.com.br\/litoralsp\/","logo":{"@type":"ImageObject","inLanguage":"pt-BR","@id":"https:\/\/redenoticiaz.com.br\/litoralsp\/#\/schema\/logo\/image\/","url":"https:\/\/redenoticiaz.com.br\/litoralsp\/wp-content\/uploads\/sites\/3\/2020\/11\/logo.jpg","contentUrl":"https:\/\/redenoticiaz.com.br\/litoralsp\/wp-content\/uploads\/sites\/3\/2020\/11\/logo.jpg","width":400,"height":250,"caption":"Litoral SP"},"image":{"@id":"https:\/\/redenoticiaz.com.br\/litoralsp\/#\/schema\/logo\/image\/"}},{"@type":"Person","@id":"https:\/\/redenoticiaz.com.br\/litoralsp\/#\/schema\/person\/1f84d6e94e6a62d2d81199d7503e9e90","name":"Carina Reifonas","image":{"@type":"ImageObject","inLanguage":"pt-BR","@id":"https:\/\/secure.gravatar.com\/avatar\/04c59859b23696cf867715880f81d5c037e60109730bdb4e6670ec2a2245bc97?s=96&d=mm&r=g","url":"https:\/\/secure.gravatar.com\/avatar\/04c59859b23696cf867715880f81d5c037e60109730bdb4e6670ec2a2245bc97?s=96&d=mm&r=g","contentUrl":"https:\/\/secure.gravatar.com\/avatar\/04c59859b23696cf867715880f81d5c037e60109730bdb4e6670ec2a2245bc97?s=96&d=mm&r=g","caption":"Carina Reifonas"},"url":"https:\/\/redenoticiaz.com.br\/litoralsp\/author\/carinareifonas"}]}},"_links":{"self":[{"href":"https:\/\/redenoticiaz.com.br\/litoralsp\/wp-json\/wp\/v2\/posts\/107811","targetHints":{"allow":["GET"]}}],"collection":[{"href":"https:\/\/redenoticiaz.com.br\/litoralsp\/wp-json\/wp\/v2\/posts"}],"about":[{"href":"https:\/\/redenoticiaz.com.br\/litoralsp\/wp-json\/wp\/v2\/types\/post"}],"author":[{"embeddable":true,"href":"https:\/\/redenoticiaz.com.br\/litoralsp\/wp-json\/wp\/v2\/users\/30"}],"replies":[{"embeddable":true,"href":"https:\/\/redenoticiaz.com.br\/litoralsp\/wp-json\/wp\/v2\/comments?post=107811"}],"version-history":[{"count":1,"href":"https:\/\/redenoticiaz.com.br\/litoralsp\/wp-json\/wp\/v2\/posts\/107811\/revisions"}],"predecessor-version":[{"id":107816,"href":"https:\/\/redenoticiaz.com.br\/litoralsp\/wp-json\/wp\/v2\/posts\/107811\/revisions\/107816"}],"wp:featuredmedia":[{"embeddable":true,"href":"https:\/\/redenoticiaz.com.br\/litoralsp\/wp-json\/wp\/v2\/media\/107812"}],"wp:attachment":[{"href":"https:\/\/redenoticiaz.com.br\/litoralsp\/wp-json\/wp\/v2\/media?parent=107811"}],"wp:term":[{"taxonomy":"category","embeddable":true,"href":"https:\/\/redenoticiaz.com.br\/litoralsp\/wp-json\/wp\/v2\/categories?post=107811"},{"taxonomy":"post_tag","embeddable":true,"href":"https:\/\/redenoticiaz.com.br\/litoralsp\/wp-json\/wp\/v2\/tags?post=107811"}],"curies":[{"name":"wp","href":"https:\/\/api.w.org\/{rel}","templated":true}]}}