{"id":107849,"date":"2023-07-01T18:18:56","date_gmt":"2023-07-01T21:18:56","guid":{"rendered":"https:\/\/redenoticiaz.com.br\/litoralsp\/?p=107849"},"modified":"2023-07-01T18:18:56","modified_gmt":"2023-07-01T21:18:56","slug":"homem-e-preso-em-flagrante-apos-furtar-atacadista","status":"publish","type":"post","link":"https:\/\/redenoticiaz.com.br\/litoralsp\/2023\/07\/01\/homem-e-preso-em-flagrante-apos-furtar-atacadista","title":{"rendered":"Homem \u00e9 preso em flagrante ap\u00f3s furtar atacadista"},"content":{"rendered":"<div id=\"chunk-3a5fg\">\n<div class=\"mc-column content-text active-extra-styles \" data-block-type=\"unstyled\" data-block-weight=\"59\" data-block-id=\"3\">\n<p data-track-category=\"Link no Texto\" data-track-links=\"\">Um homem de 40 anos foi preso em flagrante ap\u00f3s furtar um atacadista na cidade\u00a0 de S\u00e3o Vicente esta \u00faltima ter\u00e7a-feira (27) a noite.<\/p>\n<p data-track-category=\"Link no Texto\" data-track-links=\"\">O crime aconteceu no momento do fechamento do local, e cerca de 15 pessoas entraram no mercado e come\u00e7aram a recolher diversos produtos.<\/p>\n<p data-track-category=\"Link no Texto\" data-track-links=\"\">Dentre os produtos estavam cigarros, bebidas e produtos aliment\u00edcios e um dos homens pegou um faqueiro que estava exposto pr\u00f3ximo a entrada do local.<\/p>\n<p data-track-category=\"Link no Texto\" data-track-links=\"\">Ainda de acordo com as informa\u00e7\u00f5es, a pol\u00edcia foi chamada para atender a ocorr\u00eancia na Avenida Penedo.<\/p>\n<p data-track-category=\"Link no Texto\" data-track-links=\"\">Sendo assim, ao chegar no local os policiais se depararam com um dos suspeitos tentando fugir e ap\u00f3s revista pessoal, encontraram um faqueiro preso na regi\u00e3o das costas.<\/p>\n<\/div>\n<\/div>\n<p data-track-category=\"Link no Texto\" data-track-links=\"\">Por fim, foram usadas as imagens da c\u00e2mera de monitoramento e flagraram o homem subtraindo o objeto. Com isso, ele foi preso em flagrante.<\/p>\n<p data-track-category=\"Link no Texto\" data-track-links=\"\">O caso foi registrado como furto na Delegacia de S\u00e3o Vicente e a pol\u00edcia segue na busca pelos outros integrantes do grupo que praticou o crime.<\/p>\n<p data-track-category=\"Link no Texto\" data-track-links=\"\">Leia mais<\/p>\n<p data-track-category=\"Link no Texto\" data-track-links=\"\"><a href=\"https:\/\/redenoticiaz.com.br\/litoralsp\/2023\/07\/01\/sao-vicente-garante-direito-de-nome-social-para-pessoas-trans\">S\u00e3o Vicente garante direito de nome social para pessoas trans<\/a><\/p>\n","protected":false},"excerpt":{"rendered":"<p>Um homem de 40 anos foi preso em flagrante ap\u00f3s furtar um atacadista na cidade\u00a0 de S\u00e3o Vicente esta \u00faltima ter\u00e7a-feira (27) a noite. O crime aconteceu no momento do fechamento do local, e cerca de 15 pessoas entraram no mercado e come\u00e7aram a recolher diversos produtos. Dentre os produtos estavam cigarros, bebidas e produtos &hellip;<\/p>\n","protected":false},"author":12,"featured_media":107850,"comment_status":"open","ping_status":"closed","sticky":false,"template":"","format":"standard","meta":{"footnotes":""},"categories":[181],"tags":[15179,29291,10816,33],"class_list":["post-107849","post","type-post","status-publish","format-standard","has-post-thumbnail","hentry","category-sao-vicente","tag-atacadista","tag-avenida-penedo","tag-delegacia","tag-sao-vicente"],"yoast_head":"<!-- This site is optimized with the Yoast SEO plugin v27.4 - https:\/\/yoast.com\/product\/yoast-seo-wordpress\/ -->\n<title>Homem \u00e9 preso em flagrante ap\u00f3s furtar atacadista - Litoral SP<\/title>\n<meta name=\"description\" content=\"Um homem de 40 anos foi preso em flagrante ap\u00f3s furtar um atacadista na cidade\u00a0 de S\u00e3o Vicente esta \u00faltima ter\u00e7a-feira (27) a noite.\" \/>\n<meta name=\"robots\" content=\"index, follow, max-snippet:-1, max-image-preview:large, max-video-preview:-1\" \/>\n<link rel=\"canonical\" href=\"https:\/\/redenoticiaz.com.br\/litoralsp\/2023\/07\/01\/homem-e-preso-em-flagrante-apos-furtar-atacadista\" \/>\n<meta property=\"og:locale\" content=\"pt_BR\" \/>\n<meta property=\"og:type\" content=\"article\" \/>\n<meta property=\"og:title\" content=\"Homem \u00e9 preso em flagrante ap\u00f3s furtar atacadista - Litoral SP\" \/>\n<meta property=\"og:description\" content=\"Um homem de 40 anos foi preso em flagrante ap\u00f3s furtar um atacadista na cidade\u00a0 de S\u00e3o Vicente esta \u00faltima ter\u00e7a-feira (27) a noite.\" \/>\n<meta property=\"og:url\" content=\"https:\/\/redenoticiaz.com.br\/litoralsp\/2023\/07\/01\/homem-e-preso-em-flagrante-apos-furtar-atacadista\" \/>\n<meta property=\"og:site_name\" content=\"Litoral SP\" \/>\n<meta property=\"article:published_time\" content=\"2023-07-01T21:18:56+00:00\" \/>\n<meta property=\"og:image\" content=\"https:\/\/redenoticiaz.com.br\/litoralsp\/wp-content\/uploads\/sites\/3\/2023\/07\/design-sem-nome-2023-06-30t124521.832.jpg\" \/>\n\t<meta property=\"og:image:width\" content=\"984\" \/>\n\t<meta property=\"og:image:height\" content=\"787\" \/>\n\t<meta property=\"og:image:type\" content=\"image\/jpeg\" \/>\n<meta name=\"author\" content=\"Gustavo Silva\" \/>\n<meta name=\"twitter:card\" content=\"summary_large_image\" \/>\n<meta name=\"twitter:label1\" content=\"Escrito por\" \/>\n\t<meta name=\"twitter:data1\" content=\"Gustavo Silva\" \/>\n\t<meta name=\"twitter:label2\" content=\"Est. tempo de leitura\" \/>\n\t<meta name=\"twitter:data2\" content=\"1 minuto\" \/>\n<script type=\"application\/ld+json\" class=\"yoast-schema-graph\">{\"@context\":\"https:\\\/\\\/schema.org\",\"@graph\":[{\"@type\":\"Article\",\"@id\":\"https:\\\/\\\/redenoticiaz.com.br\\\/litoralsp\\\/2023\\\/07\\\/01\\\/homem-e-preso-em-flagrante-apos-furtar-atacadista#article\",\"isPartOf\":{\"@id\":\"https:\\\/\\\/redenoticiaz.com.br\\\/litoralsp\\\/2023\\\/07\\\/01\\\/homem-e-preso-em-flagrante-apos-furtar-atacadista\"},\"author\":{\"name\":\"Gustavo Silva\",\"@id\":\"https:\\\/\\\/redenoticiaz.com.br\\\/litoralsp\\\/#\\\/schema\\\/person\\\/16057b37a3c0ee6b096d7f887c566e2e\"},\"headline\":\"Homem \u00e9 preso em flagrante ap\u00f3s furtar atacadista\",\"datePublished\":\"2023-07-01T21:18:56+00:00\",\"mainEntityOfPage\":{\"@id\":\"https:\\\/\\\/redenoticiaz.com.br\\\/litoralsp\\\/2023\\\/07\\\/01\\\/homem-e-preso-em-flagrante-apos-furtar-atacadista\"},\"wordCount\":198,\"commentCount\":0,\"publisher\":{\"@id\":\"https:\\\/\\\/redenoticiaz.com.br\\\/litoralsp\\\/#organization\"},\"image\":{\"@id\":\"https:\\\/\\\/redenoticiaz.com.br\\\/litoralsp\\\/2023\\\/07\\\/01\\\/homem-e-preso-em-flagrante-apos-furtar-atacadista#primaryimage\"},\"thumbnailUrl\":\"https:\\\/\\\/redenoticiaz.com.br\\\/litoralsp\\\/wp-content\\\/uploads\\\/sites\\\/3\\\/2023\\\/07\\\/design-sem-nome-2023-06-30t124521.832.jpg\",\"keywords\":[\"ATACADISTA\",\"AVENIDA PENEDO\",\"DELEGACIA\",\"S\u00e3o Vicente\"],\"articleSection\":[\"S\u00e3o Vicente\"],\"inLanguage\":\"pt-BR\",\"potentialAction\":[{\"@type\":\"CommentAction\",\"name\":\"Comment\",\"target\":[\"https:\\\/\\\/redenoticiaz.com.br\\\/litoralsp\\\/2023\\\/07\\\/01\\\/homem-e-preso-em-flagrante-apos-furtar-atacadista#respond\"]}]},{\"@type\":\"WebPage\",\"@id\":\"https:\\\/\\\/redenoticiaz.com.br\\\/litoralsp\\\/2023\\\/07\\\/01\\\/homem-e-preso-em-flagrante-apos-furtar-atacadista\",\"url\":\"https:\\\/\\\/redenoticiaz.com.br\\\/litoralsp\\\/2023\\\/07\\\/01\\\/homem-e-preso-em-flagrante-apos-furtar-atacadista\",\"name\":\"Homem \u00e9 preso em flagrante ap\u00f3s furtar atacadista - Litoral SP\",\"isPartOf\":{\"@id\":\"https:\\\/\\\/redenoticiaz.com.br\\\/litoralsp\\\/#website\"},\"primaryImageOfPage\":{\"@id\":\"https:\\\/\\\/redenoticiaz.com.br\\\/litoralsp\\\/2023\\\/07\\\/01\\\/homem-e-preso-em-flagrante-apos-furtar-atacadista#primaryimage\"},\"image\":{\"@id\":\"https:\\\/\\\/redenoticiaz.com.br\\\/litoralsp\\\/2023\\\/07\\\/01\\\/homem-e-preso-em-flagrante-apos-furtar-atacadista#primaryimage\"},\"thumbnailUrl\":\"https:\\\/\\\/redenoticiaz.com.br\\\/litoralsp\\\/wp-content\\\/uploads\\\/sites\\\/3\\\/2023\\\/07\\\/design-sem-nome-2023-06-30t124521.832.jpg\",\"datePublished\":\"2023-07-01T21:18:56+00:00\",\"description\":\"Um homem de 40 anos foi preso em flagrante ap\u00f3s furtar um atacadista na cidade\u00a0 de S\u00e3o Vicente esta \u00faltima ter\u00e7a-feira (27) a noite.\",\"inLanguage\":\"pt-BR\",\"potentialAction\":[{\"@type\":\"ReadAction\",\"target\":[\"https:\\\/\\\/redenoticiaz.com.br\\\/litoralsp\\\/2023\\\/07\\\/01\\\/homem-e-preso-em-flagrante-apos-furtar-atacadista\"]}]},{\"@type\":\"ImageObject\",\"inLanguage\":\"pt-BR\",\"@id\":\"https:\\\/\\\/redenoticiaz.com.br\\\/litoralsp\\\/2023\\\/07\\\/01\\\/homem-e-preso-em-flagrante-apos-furtar-atacadista#primaryimage\",\"url\":\"https:\\\/\\\/redenoticiaz.com.br\\\/litoralsp\\\/wp-content\\\/uploads\\\/sites\\\/3\\\/2023\\\/07\\\/design-sem-nome-2023-06-30t124521.832.jpg\",\"contentUrl\":\"https:\\\/\\\/redenoticiaz.com.br\\\/litoralsp\\\/wp-content\\\/uploads\\\/sites\\\/3\\\/2023\\\/07\\\/design-sem-nome-2023-06-30t124521.832.jpg\",\"width\":984,\"height\":787,\"caption\":\"Homem \u00e9 preso em flagrante ap\u00f3s furtar atacadista\"},{\"@type\":\"WebSite\",\"@id\":\"https:\\\/\\\/redenoticiaz.com.br\\\/litoralsp\\\/#website\",\"url\":\"https:\\\/\\\/redenoticiaz.com.br\\\/litoralsp\\\/\",\"name\":\"Litoral SP\",\"description\":\"Rede NoticiaZ\",\"publisher\":{\"@id\":\"https:\\\/\\\/redenoticiaz.com.br\\\/litoralsp\\\/#organization\"},\"potentialAction\":[{\"@type\":\"SearchAction\",\"target\":{\"@type\":\"EntryPoint\",\"urlTemplate\":\"https:\\\/\\\/redenoticiaz.com.br\\\/litoralsp\\\/?s={search_term_string}\"},\"query-input\":{\"@type\":\"PropertyValueSpecification\",\"valueRequired\":true,\"valueName\":\"search_term_string\"}}],\"inLanguage\":\"pt-BR\"},{\"@type\":\"Organization\",\"@id\":\"https:\\\/\\\/redenoticiaz.com.br\\\/litoralsp\\\/#organization\",\"name\":\"Litoral SP\",\"url\":\"https:\\\/\\\/redenoticiaz.com.br\\\/litoralsp\\\/\",\"logo\":{\"@type\":\"ImageObject\",\"inLanguage\":\"pt-BR\",\"@id\":\"https:\\\/\\\/redenoticiaz.com.br\\\/litoralsp\\\/#\\\/schema\\\/logo\\\/image\\\/\",\"url\":\"https:\\\/\\\/redenoticiaz.com.br\\\/litoralsp\\\/wp-content\\\/uploads\\\/sites\\\/3\\\/2020\\\/11\\\/logo.jpg\",\"contentUrl\":\"https:\\\/\\\/redenoticiaz.com.br\\\/litoralsp\\\/wp-content\\\/uploads\\\/sites\\\/3\\\/2020\\\/11\\\/logo.jpg\",\"width\":400,\"height\":250,\"caption\":\"Litoral SP\"},\"image\":{\"@id\":\"https:\\\/\\\/redenoticiaz.com.br\\\/litoralsp\\\/#\\\/schema\\\/logo\\\/image\\\/\"}},{\"@type\":\"Person\",\"@id\":\"https:\\\/\\\/redenoticiaz.com.br\\\/litoralsp\\\/#\\\/schema\\\/person\\\/16057b37a3c0ee6b096d7f887c566e2e\",\"name\":\"Gustavo Silva\",\"image\":{\"@type\":\"ImageObject\",\"inLanguage\":\"pt-BR\",\"@id\":\"https:\\\/\\\/secure.gravatar.com\\\/avatar\\\/3ee4e82f93b26de0a7cf4ea5eb7893da637ed6bb0c9170c58065944c56e28a33?s=96&d=mm&r=g\",\"url\":\"https:\\\/\\\/secure.gravatar.com\\\/avatar\\\/3ee4e82f93b26de0a7cf4ea5eb7893da637ed6bb0c9170c58065944c56e28a33?s=96&d=mm&r=g\",\"contentUrl\":\"https:\\\/\\\/secure.gravatar.com\\\/avatar\\\/3ee4e82f93b26de0a7cf4ea5eb7893da637ed6bb0c9170c58065944c56e28a33?s=96&d=mm&r=g\",\"caption\":\"Gustavo Silva\"},\"url\":\"https:\\\/\\\/redenoticiaz.com.br\\\/litoralsp\\\/author\\\/gustavosilva\"}]}<\/script>\n<!-- \/ Yoast SEO plugin. -->","yoast_head_json":{"title":"Homem \u00e9 preso em flagrante ap\u00f3s furtar atacadista - Litoral SP","description":"Um homem de 40 anos foi preso em flagrante ap\u00f3s furtar um atacadista na cidade\u00a0 de S\u00e3o Vicente esta \u00faltima ter\u00e7a-feira (27) a noite.","robots":{"index":"index","follow":"follow","max-snippet":"max-snippet:-1","max-image-preview":"max-image-preview:large","max-video-preview":"max-video-preview:-1"},"canonical":"https:\/\/redenoticiaz.com.br\/litoralsp\/2023\/07\/01\/homem-e-preso-em-flagrante-apos-furtar-atacadista","og_locale":"pt_BR","og_type":"article","og_title":"Homem \u00e9 preso em flagrante ap\u00f3s furtar atacadista - Litoral SP","og_description":"Um homem de 40 anos foi preso em flagrante ap\u00f3s furtar um atacadista na cidade\u00a0 de S\u00e3o Vicente esta \u00faltima ter\u00e7a-feira (27) a noite.","og_url":"https:\/\/redenoticiaz.com.br\/litoralsp\/2023\/07\/01\/homem-e-preso-em-flagrante-apos-furtar-atacadista","og_site_name":"Litoral SP","article_published_time":"2023-07-01T21:18:56+00:00","og_image":[{"width":984,"height":787,"url":"https:\/\/redenoticiaz.com.br\/litoralsp\/wp-content\/uploads\/sites\/3\/2023\/07\/design-sem-nome-2023-06-30t124521.832.jpg","type":"image\/jpeg"}],"author":"Gustavo Silva","twitter_card":"summary_large_image","twitter_misc":{"Escrito por":"Gustavo Silva","Est. tempo de leitura":"1 minuto"},"schema":{"@context":"https:\/\/schema.org","@graph":[{"@type":"Article","@id":"https:\/\/redenoticiaz.com.br\/litoralsp\/2023\/07\/01\/homem-e-preso-em-flagrante-apos-furtar-atacadista#article","isPartOf":{"@id":"https:\/\/redenoticiaz.com.br\/litoralsp\/2023\/07\/01\/homem-e-preso-em-flagrante-apos-furtar-atacadista"},"author":{"name":"Gustavo Silva","@id":"https:\/\/redenoticiaz.com.br\/litoralsp\/#\/schema\/person\/16057b37a3c0ee6b096d7f887c566e2e"},"headline":"Homem \u00e9 preso em flagrante ap\u00f3s furtar atacadista","datePublished":"2023-07-01T21:18:56+00:00","mainEntityOfPage":{"@id":"https:\/\/redenoticiaz.com.br\/litoralsp\/2023\/07\/01\/homem-e-preso-em-flagrante-apos-furtar-atacadista"},"wordCount":198,"commentCount":0,"publisher":{"@id":"https:\/\/redenoticiaz.com.br\/litoralsp\/#organization"},"image":{"@id":"https:\/\/redenoticiaz.com.br\/litoralsp\/2023\/07\/01\/homem-e-preso-em-flagrante-apos-furtar-atacadista#primaryimage"},"thumbnailUrl":"https:\/\/redenoticiaz.com.br\/litoralsp\/wp-content\/uploads\/sites\/3\/2023\/07\/design-sem-nome-2023-06-30t124521.832.jpg","keywords":["ATACADISTA","AVENIDA PENEDO","DELEGACIA","S\u00e3o Vicente"],"articleSection":["S\u00e3o Vicente"],"inLanguage":"pt-BR","potentialAction":[{"@type":"CommentAction","name":"Comment","target":["https:\/\/redenoticiaz.com.br\/litoralsp\/2023\/07\/01\/homem-e-preso-em-flagrante-apos-furtar-atacadista#respond"]}]},{"@type":"WebPage","@id":"https:\/\/redenoticiaz.com.br\/litoralsp\/2023\/07\/01\/homem-e-preso-em-flagrante-apos-furtar-atacadista","url":"https:\/\/redenoticiaz.com.br\/litoralsp\/2023\/07\/01\/homem-e-preso-em-flagrante-apos-furtar-atacadista","name":"Homem \u00e9 preso em flagrante ap\u00f3s furtar atacadista - Litoral SP","isPartOf":{"@id":"https:\/\/redenoticiaz.com.br\/litoralsp\/#website"},"primaryImageOfPage":{"@id":"https:\/\/redenoticiaz.com.br\/litoralsp\/2023\/07\/01\/homem-e-preso-em-flagrante-apos-furtar-atacadista#primaryimage"},"image":{"@id":"https:\/\/redenoticiaz.com.br\/litoralsp\/2023\/07\/01\/homem-e-preso-em-flagrante-apos-furtar-atacadista#primaryimage"},"thumbnailUrl":"https:\/\/redenoticiaz.com.br\/litoralsp\/wp-content\/uploads\/sites\/3\/2023\/07\/design-sem-nome-2023-06-30t124521.832.jpg","datePublished":"2023-07-01T21:18:56+00:00","description":"Um homem de 40 anos foi preso em flagrante ap\u00f3s furtar um atacadista na cidade\u00a0 de S\u00e3o Vicente esta \u00faltima ter\u00e7a-feira (27) a noite.","inLanguage":"pt-BR","potentialAction":[{"@type":"ReadAction","target":["https:\/\/redenoticiaz.com.br\/litoralsp\/2023\/07\/01\/homem-e-preso-em-flagrante-apos-furtar-atacadista"]}]},{"@type":"ImageObject","inLanguage":"pt-BR","@id":"https:\/\/redenoticiaz.com.br\/litoralsp\/2023\/07\/01\/homem-e-preso-em-flagrante-apos-furtar-atacadista#primaryimage","url":"https:\/\/redenoticiaz.com.br\/litoralsp\/wp-content\/uploads\/sites\/3\/2023\/07\/design-sem-nome-2023-06-30t124521.832.jpg","contentUrl":"https:\/\/redenoticiaz.com.br\/litoralsp\/wp-content\/uploads\/sites\/3\/2023\/07\/design-sem-nome-2023-06-30t124521.832.jpg","width":984,"height":787,"caption":"Homem \u00e9 preso em flagrante ap\u00f3s furtar atacadista"},{"@type":"WebSite","@id":"https:\/\/redenoticiaz.com.br\/litoralsp\/#website","url":"https:\/\/redenoticiaz.com.br\/litoralsp\/","name":"Litoral SP","description":"Rede NoticiaZ","publisher":{"@id":"https:\/\/redenoticiaz.com.br\/litoralsp\/#organization"},"potentialAction":[{"@type":"SearchAction","target":{"@type":"EntryPoint","urlTemplate":"https:\/\/redenoticiaz.com.br\/litoralsp\/?s={search_term_string}"},"query-input":{"@type":"PropertyValueSpecification","valueRequired":true,"valueName":"search_term_string"}}],"inLanguage":"pt-BR"},{"@type":"Organization","@id":"https:\/\/redenoticiaz.com.br\/litoralsp\/#organization","name":"Litoral SP","url":"https:\/\/redenoticiaz.com.br\/litoralsp\/","logo":{"@type":"ImageObject","inLanguage":"pt-BR","@id":"https:\/\/redenoticiaz.com.br\/litoralsp\/#\/schema\/logo\/image\/","url":"https:\/\/redenoticiaz.com.br\/litoralsp\/wp-content\/uploads\/sites\/3\/2020\/11\/logo.jpg","contentUrl":"https:\/\/redenoticiaz.com.br\/litoralsp\/wp-content\/uploads\/sites\/3\/2020\/11\/logo.jpg","width":400,"height":250,"caption":"Litoral SP"},"image":{"@id":"https:\/\/redenoticiaz.com.br\/litoralsp\/#\/schema\/logo\/image\/"}},{"@type":"Person","@id":"https:\/\/redenoticiaz.com.br\/litoralsp\/#\/schema\/person\/16057b37a3c0ee6b096d7f887c566e2e","name":"Gustavo Silva","image":{"@type":"ImageObject","inLanguage":"pt-BR","@id":"https:\/\/secure.gravatar.com\/avatar\/3ee4e82f93b26de0a7cf4ea5eb7893da637ed6bb0c9170c58065944c56e28a33?s=96&d=mm&r=g","url":"https:\/\/secure.gravatar.com\/avatar\/3ee4e82f93b26de0a7cf4ea5eb7893da637ed6bb0c9170c58065944c56e28a33?s=96&d=mm&r=g","contentUrl":"https:\/\/secure.gravatar.com\/avatar\/3ee4e82f93b26de0a7cf4ea5eb7893da637ed6bb0c9170c58065944c56e28a33?s=96&d=mm&r=g","caption":"Gustavo Silva"},"url":"https:\/\/redenoticiaz.com.br\/litoralsp\/author\/gustavosilva"}]}},"_links":{"self":[{"href":"https:\/\/redenoticiaz.com.br\/litoralsp\/wp-json\/wp\/v2\/posts\/107849","targetHints":{"allow":["GET"]}}],"collection":[{"href":"https:\/\/redenoticiaz.com.br\/litoralsp\/wp-json\/wp\/v2\/posts"}],"about":[{"href":"https:\/\/redenoticiaz.com.br\/litoralsp\/wp-json\/wp\/v2\/types\/post"}],"author":[{"embeddable":true,"href":"https:\/\/redenoticiaz.com.br\/litoralsp\/wp-json\/wp\/v2\/users\/12"}],"replies":[{"embeddable":true,"href":"https:\/\/redenoticiaz.com.br\/litoralsp\/wp-json\/wp\/v2\/comments?post=107849"}],"version-history":[{"count":1,"href":"https:\/\/redenoticiaz.com.br\/litoralsp\/wp-json\/wp\/v2\/posts\/107849\/revisions"}],"predecessor-version":[{"id":107851,"href":"https:\/\/redenoticiaz.com.br\/litoralsp\/wp-json\/wp\/v2\/posts\/107849\/revisions\/107851"}],"wp:featuredmedia":[{"embeddable":true,"href":"https:\/\/redenoticiaz.com.br\/litoralsp\/wp-json\/wp\/v2\/media\/107850"}],"wp:attachment":[{"href":"https:\/\/redenoticiaz.com.br\/litoralsp\/wp-json\/wp\/v2\/media?parent=107849"}],"wp:term":[{"taxonomy":"category","embeddable":true,"href":"https:\/\/redenoticiaz.com.br\/litoralsp\/wp-json\/wp\/v2\/categories?post=107849"},{"taxonomy":"post_tag","embeddable":true,"href":"https:\/\/redenoticiaz.com.br\/litoralsp\/wp-json\/wp\/v2\/tags?post=107849"}],"curies":[{"name":"wp","href":"https:\/\/api.w.org\/{rel}","templated":true}]}}