{"id":108017,"date":"2023-07-06T11:19:42","date_gmt":"2023-07-06T14:19:42","guid":{"rendered":"https:\/\/redenoticiaz.com.br\/litoralsp\/2023\/07\/06\/video-tumulto-entre-torcedores-do-sao-paulo-deixa-feridos-em-estacao-de-metro"},"modified":"2023-07-06T11:23:57","modified_gmt":"2023-07-06T14:23:57","slug":"video-tumulto-entre-torcedores-do-sao-paulo-deixa-feridos-em-estacao-de-metro","status":"publish","type":"post","link":"https:\/\/redenoticiaz.com.br\/litoralsp\/2023\/07\/06\/video-tumulto-entre-torcedores-do-sao-paulo-deixa-feridos-em-estacao-de-metro","title":{"rendered":"V\u00cdDEO \u2013 Tumulto entre torcedores do S\u00e3o Paulo deixa feridos em esta\u00e7\u00e3o de metr\u00f4"},"content":{"rendered":"<p>Uma briga entre torcedores do S\u00e3o Paulo, ap\u00f3s um jogo no Morumbi, deixou um seguran\u00e7a da esta\u00e7\u00e3o de Metr\u00f4 de S\u00e3o Paulo ferido. O Tricolor enfrentou o Palmeiras na noite desta quarta-feira (5), pelo jogo de ida das quartas de final da Copa do Brasil. No entanto, ap\u00f3s a vit\u00f3ria do Tricolor por 1 a 0, a rivalidade tamb\u00e9m pode ser vista fora dos campos.<\/p>\n<p>Na esta\u00e7\u00e3o S\u00e3o Paulo-Morumbi do metr\u00f4, membros de organizadas do S\u00e3o Paulo identificaram torcedores do Palmeiras.<\/p>\n<p>Um passageiro e um agente de seguran\u00e7a ficaram feridos. Al\u00e9m disso, houve tamb\u00e9m atos de vandalismo dentro da linha 4-Amarela. A Pol\u00edcia Militar foi acionada e os feridos foram levados a unidades de sa\u00fade, sem gravidade.<\/p>\n<p>Tr\u00eas catracas, um painel publicit\u00e1rio, uma escada rolante, um guarda copo e um gradil met\u00e1lico foram danificados durante o tumulto. Na ocasi\u00e3o, parte da esta\u00e7\u00e3o teve que ser isolada para per\u00edcia e manuten\u00e7\u00e3o.<\/p>\n<div class=\"wp-playlist wp-video-playlist wp-playlist-light\">\n\t\t<video controls=\"controls\" preload=\"none\" width=\"640\"\n\t\t height=\"368\"\t><\/video>\n\t<div class=\"wp-playlist-next\"><\/div>\n\t<div class=\"wp-playlist-prev\"><\/div>\n\t<noscript>\n\t<ol>\n\t\t<li><a href='https:\/\/redenoticiaz.com.br\/litoralsp\/wp-content\/uploads\/sites\/3\/2023\/07\/VIDEO-Tumulto-entre-torcedores-do-Sao-Paulo-deixa-feridos-em-estacao-de-metro.mp4'>V\u00cdDEO - Tumulto entre torcedores do S\u00e3o Paulo deixa feridos em esta\u00e7\u00e3o de metr\u00f4<\/a><\/li>\t<\/ol>\n\t<\/noscript>\n\t<script type=\"application\/json\" class=\"wp-playlist-script\">{\"type\":\"video\",\"tracklist\":true,\"tracknumbers\":true,\"images\":true,\"artists\":true,\"tracks\":[{\"src\":\"https:\/\/redenoticiaz.com.br\/litoralsp\/wp-content\/uploads\/sites\/3\/2023\/07\/VIDEO-Tumulto-entre-torcedores-do-Sao-Paulo-deixa-feridos-em-estacao-de-metro.mp4\",\"type\":\"video\/mp4\",\"title\":\"V\\u00cdDEO - Tumulto entre torcedores do S\\u00e3o Paulo deixa feridos em esta\\u00e7\\u00e3o de metr\\u00f4\",\"caption\":\"\",\"description\":\"\",\"meta\":{\"length_formatted\":\"0:16\"},\"dimensions\":{\"original\":{\"width\":640,\"height\":368},\"resized\":{\"width\":640,\"height\":368}},\"image\":{\"src\":\"https:\/\/redenoticiaz.com.br\/litoralsp\/wp-includes\/images\/media\/video.svg\",\"width\":48,\"height\":64},\"thumb\":{\"src\":\"https:\/\/redenoticiaz.com.br\/litoralsp\/wp-includes\/images\/media\/video.svg\",\"width\":48,\"height\":64}}]}<\/script>\n<\/div>\n\t\n<p><img loading=\"lazy\" decoding=\"async\" class=\"size-medium wp-image-108018 alignleft\" src=\"https:\/\/redenoticiaz.com.br\/litoralsp\/wp-content\/uploads\/sites\/3\/2023\/07\/Tumulto-entre-torcedores-do-Sao-Paulo-e-segurancas-deixa-feridos-em-estacao-de-metro-300x169.jpg\" alt=\"\" width=\"300\" height=\"169\" srcset=\"https:\/\/redenoticiaz.com.br\/litoralsp\/wp-content\/uploads\/sites\/3\/2023\/07\/Tumulto-entre-torcedores-do-Sao-Paulo-e-segurancas-deixa-feridos-em-estacao-de-metro-300x169.jpg 300w, https:\/\/redenoticiaz.com.br\/litoralsp\/wp-content\/uploads\/sites\/3\/2023\/07\/Tumulto-entre-torcedores-do-Sao-Paulo-e-segurancas-deixa-feridos-em-estacao-de-metro-768x432.jpg 768w, https:\/\/redenoticiaz.com.br\/litoralsp\/wp-content\/uploads\/sites\/3\/2023\/07\/Tumulto-entre-torcedores-do-Sao-Paulo-e-segurancas-deixa-feridos-em-estacao-de-metro-390x220.jpg 390w, https:\/\/redenoticiaz.com.br\/litoralsp\/wp-content\/uploads\/sites\/3\/2023\/07\/Tumulto-entre-torcedores-do-Sao-Paulo-e-segurancas-deixa-feridos-em-estacao-de-metro.jpg 800w\" sizes=\"auto, (max-width: 300px) 100vw, 300px\" \/><\/p>\n<p>Antes mesmo da partida come\u00e7ar, uma confus\u00e3o entre torcedores na esta\u00e7\u00e3o Pinheiros, tamb\u00e9m do metr\u00f4, foi registrada, por volta das 17h30, onde uma escada rolante foi danificada.<\/p>\n<p>&nbsp;<\/p>\n<p>&nbsp;<\/p>\n<p>LEIA MAIS<\/p>\n<p><a href=\"https:\/\/redenoticiaz.com.br\/barretos-regiao\/sp\/2023\/07\/06\/dramaturgo-ze-celso-morre-aos-86-anos\">Dramaturgo Z\u00e9 Celso morre aos 86 anos<\/a><\/p>\n<div class=\"d-flex justify-content-center my-3\">\n<p>&nbsp;<\/p>\n<\/div>\n","protected":false},"excerpt":{"rendered":"<p>Uma briga entre torcedores do S\u00e3o Paulo, ap\u00f3s um jogo no Morumbi, deixou um seguran\u00e7a da esta\u00e7\u00e3o de Metr\u00f4 de S\u00e3o Paulo ferido. O Tricolor enfrentou o Palmeiras na noite desta quarta-feira (5), pelo jogo de ida das quartas de final da Copa do Brasil. No entanto, ap\u00f3s a vit\u00f3ria do Tricolor por 1 a &hellip;<\/p>\n","protected":false},"author":30,"featured_media":108020,"comment_status":"open","ping_status":"closed","sticky":false,"template":"","format":"standard","meta":{"footnotes":""},"categories":[35,10],"tags":[3148,58839,48443,1416,65,60419],"class_list":["post-108017","post","type-post","status-publish","format-standard","has-post-thumbnail","hentry","category-esporte","category-policia","tag-briga","tag-jogo","tag-metro","tag-palmeiras","tag-sao-paulo","tag-torcida"],"yoast_head":"<!-- This site is optimized with the Yoast SEO plugin v27.5 - https:\/\/yoast.com\/product\/yoast-seo-wordpress\/ -->\n<title>V\u00cdDEO \u2013 Tumulto entre torcedores do S\u00e3o Paulo deixa feridos em esta\u00e7\u00e3o de metr\u00f4 - Litoral SP<\/title>\n<meta name=\"description\" content=\"Uma briga entre torcedores do S\u00e3o Paulo, ap\u00f3s um jogo no Morumbi, deixou um seguran\u00e7a da esta\u00e7\u00e3o de Metr\u00f4 de S\u00e3o Paulo ferido.\" \/>\n<meta name=\"robots\" content=\"index, follow, max-snippet:-1, max-image-preview:large, max-video-preview:-1\" \/>\n<link rel=\"canonical\" href=\"https:\/\/redenoticiaz.com.br\/litoralsp\/2023\/07\/06\/video-tumulto-entre-torcedores-do-sao-paulo-deixa-feridos-em-estacao-de-metro\" \/>\n<meta property=\"og:locale\" content=\"pt_BR\" \/>\n<meta property=\"og:type\" content=\"article\" \/>\n<meta property=\"og:title\" content=\"V\u00cdDEO \u2013 Tumulto entre torcedores do S\u00e3o Paulo deixa feridos em esta\u00e7\u00e3o de metr\u00f4 - Litoral SP\" \/>\n<meta property=\"og:description\" content=\"Uma briga entre torcedores do S\u00e3o Paulo, ap\u00f3s um jogo no Morumbi, deixou um seguran\u00e7a da esta\u00e7\u00e3o de Metr\u00f4 de S\u00e3o Paulo ferido.\" \/>\n<meta property=\"og:url\" content=\"https:\/\/redenoticiaz.com.br\/litoralsp\/2023\/07\/06\/video-tumulto-entre-torcedores-do-sao-paulo-deixa-feridos-em-estacao-de-metro\" \/>\n<meta property=\"og:site_name\" content=\"Litoral SP\" \/>\n<meta property=\"article:published_time\" content=\"2023-07-06T14:19:42+00:00\" \/>\n<meta property=\"article:modified_time\" content=\"2023-07-06T14:23:57+00:00\" \/>\n<meta property=\"og:image\" content=\"https:\/\/redenoticiaz.com.br\/litoralsp\/wp-content\/uploads\/sites\/3\/2023\/07\/Briga-entre-torcedores-do-Sao-Paulo-deixa-feridos-em-estacao-de-metro.jpg\" \/>\n\t<meta property=\"og:image:width\" content=\"434\" \/>\n\t<meta property=\"og:image:height\" content=\"413\" \/>\n\t<meta property=\"og:image:type\" content=\"image\/jpeg\" \/>\n<meta name=\"author\" content=\"Carina Reifonas\" \/>\n<meta name=\"twitter:card\" content=\"summary_large_image\" \/>\n<meta name=\"twitter:label1\" content=\"Escrito por\" \/>\n\t<meta name=\"twitter:data1\" content=\"Carina Reifonas\" \/>\n\t<meta name=\"twitter:label2\" content=\"Est. tempo de leitura\" \/>\n\t<meta name=\"twitter:data2\" content=\"2 minutos\" \/>\n<script type=\"application\/ld+json\" class=\"yoast-schema-graph\">{\"@context\":\"https:\\\/\\\/schema.org\",\"@graph\":[{\"@type\":\"Article\",\"@id\":\"https:\\\/\\\/redenoticiaz.com.br\\\/litoralsp\\\/2023\\\/07\\\/06\\\/video-tumulto-entre-torcedores-do-sao-paulo-deixa-feridos-em-estacao-de-metro#article\",\"isPartOf\":{\"@id\":\"https:\\\/\\\/redenoticiaz.com.br\\\/litoralsp\\\/2023\\\/07\\\/06\\\/video-tumulto-entre-torcedores-do-sao-paulo-deixa-feridos-em-estacao-de-metro\"},\"author\":{\"name\":\"Carina Reifonas\",\"@id\":\"https:\\\/\\\/redenoticiaz.com.br\\\/litoralsp\\\/#\\\/schema\\\/person\\\/1f84d6e94e6a62d2d81199d7503e9e90\"},\"headline\":\"V\u00cdDEO \u2013 Tumulto entre torcedores do S\u00e3o Paulo deixa feridos em esta\u00e7\u00e3o de metr\u00f4\",\"datePublished\":\"2023-07-06T14:19:42+00:00\",\"dateModified\":\"2023-07-06T14:23:57+00:00\",\"mainEntityOfPage\":{\"@id\":\"https:\\\/\\\/redenoticiaz.com.br\\\/litoralsp\\\/2023\\\/07\\\/06\\\/video-tumulto-entre-torcedores-do-sao-paulo-deixa-feridos-em-estacao-de-metro\"},\"wordCount\":232,\"commentCount\":0,\"publisher\":{\"@id\":\"https:\\\/\\\/redenoticiaz.com.br\\\/litoralsp\\\/#organization\"},\"image\":{\"@id\":\"https:\\\/\\\/redenoticiaz.com.br\\\/litoralsp\\\/2023\\\/07\\\/06\\\/video-tumulto-entre-torcedores-do-sao-paulo-deixa-feridos-em-estacao-de-metro#primaryimage\"},\"thumbnailUrl\":\"https:\\\/\\\/redenoticiaz.com.br\\\/litoralsp\\\/wp-content\\\/uploads\\\/sites\\\/3\\\/2023\\\/07\\\/Briga-entre-torcedores-do-Sao-Paulo-deixa-feridos-em-estacao-de-metro.jpg\",\"keywords\":[\"BRIGA\",\"jogo\",\"metr\u00f4\",\"Palmeiras\",\"S\u00e3o Paulo\",\"torcida\"],\"articleSection\":[\"Esporte\",\"Pol\u00edcia\"],\"inLanguage\":\"pt-BR\",\"potentialAction\":[{\"@type\":\"CommentAction\",\"name\":\"Comment\",\"target\":[\"https:\\\/\\\/redenoticiaz.com.br\\\/litoralsp\\\/2023\\\/07\\\/06\\\/video-tumulto-entre-torcedores-do-sao-paulo-deixa-feridos-em-estacao-de-metro#respond\"]}]},{\"@type\":\"WebPage\",\"@id\":\"https:\\\/\\\/redenoticiaz.com.br\\\/litoralsp\\\/2023\\\/07\\\/06\\\/video-tumulto-entre-torcedores-do-sao-paulo-deixa-feridos-em-estacao-de-metro\",\"url\":\"https:\\\/\\\/redenoticiaz.com.br\\\/litoralsp\\\/2023\\\/07\\\/06\\\/video-tumulto-entre-torcedores-do-sao-paulo-deixa-feridos-em-estacao-de-metro\",\"name\":\"V\u00cdDEO \u2013 Tumulto entre torcedores do S\u00e3o Paulo deixa feridos em esta\u00e7\u00e3o de metr\u00f4 - Litoral SP\",\"isPartOf\":{\"@id\":\"https:\\\/\\\/redenoticiaz.com.br\\\/litoralsp\\\/#website\"},\"primaryImageOfPage\":{\"@id\":\"https:\\\/\\\/redenoticiaz.com.br\\\/litoralsp\\\/2023\\\/07\\\/06\\\/video-tumulto-entre-torcedores-do-sao-paulo-deixa-feridos-em-estacao-de-metro#primaryimage\"},\"image\":{\"@id\":\"https:\\\/\\\/redenoticiaz.com.br\\\/litoralsp\\\/2023\\\/07\\\/06\\\/video-tumulto-entre-torcedores-do-sao-paulo-deixa-feridos-em-estacao-de-metro#primaryimage\"},\"thumbnailUrl\":\"https:\\\/\\\/redenoticiaz.com.br\\\/litoralsp\\\/wp-content\\\/uploads\\\/sites\\\/3\\\/2023\\\/07\\\/Briga-entre-torcedores-do-Sao-Paulo-deixa-feridos-em-estacao-de-metro.jpg\",\"datePublished\":\"2023-07-06T14:19:42+00:00\",\"dateModified\":\"2023-07-06T14:23:57+00:00\",\"description\":\"Uma briga entre torcedores do S\u00e3o Paulo, ap\u00f3s um jogo no Morumbi, deixou um seguran\u00e7a da esta\u00e7\u00e3o de Metr\u00f4 de S\u00e3o Paulo ferido.\",\"inLanguage\":\"pt-BR\",\"potentialAction\":[{\"@type\":\"ReadAction\",\"target\":[\"https:\\\/\\\/redenoticiaz.com.br\\\/litoralsp\\\/2023\\\/07\\\/06\\\/video-tumulto-entre-torcedores-do-sao-paulo-deixa-feridos-em-estacao-de-metro\"]}]},{\"@type\":\"ImageObject\",\"inLanguage\":\"pt-BR\",\"@id\":\"https:\\\/\\\/redenoticiaz.com.br\\\/litoralsp\\\/2023\\\/07\\\/06\\\/video-tumulto-entre-torcedores-do-sao-paulo-deixa-feridos-em-estacao-de-metro#primaryimage\",\"url\":\"https:\\\/\\\/redenoticiaz.com.br\\\/litoralsp\\\/wp-content\\\/uploads\\\/sites\\\/3\\\/2023\\\/07\\\/Briga-entre-torcedores-do-Sao-Paulo-deixa-feridos-em-estacao-de-metro.jpg\",\"contentUrl\":\"https:\\\/\\\/redenoticiaz.com.br\\\/litoralsp\\\/wp-content\\\/uploads\\\/sites\\\/3\\\/2023\\\/07\\\/Briga-entre-torcedores-do-Sao-Paulo-deixa-feridos-em-estacao-de-metro.jpg\",\"width\":434,\"height\":413,\"caption\":\"Cr\u00e9dito: Reprodu\u00e7\u00e3o\"},{\"@type\":\"WebSite\",\"@id\":\"https:\\\/\\\/redenoticiaz.com.br\\\/litoralsp\\\/#website\",\"url\":\"https:\\\/\\\/redenoticiaz.com.br\\\/litoralsp\\\/\",\"name\":\"Litoral SP\",\"description\":\"Rede NoticiaZ\",\"publisher\":{\"@id\":\"https:\\\/\\\/redenoticiaz.com.br\\\/litoralsp\\\/#organization\"},\"potentialAction\":[{\"@type\":\"SearchAction\",\"target\":{\"@type\":\"EntryPoint\",\"urlTemplate\":\"https:\\\/\\\/redenoticiaz.com.br\\\/litoralsp\\\/?s={search_term_string}\"},\"query-input\":{\"@type\":\"PropertyValueSpecification\",\"valueRequired\":true,\"valueName\":\"search_term_string\"}}],\"inLanguage\":\"pt-BR\"},{\"@type\":\"Organization\",\"@id\":\"https:\\\/\\\/redenoticiaz.com.br\\\/litoralsp\\\/#organization\",\"name\":\"Litoral SP\",\"url\":\"https:\\\/\\\/redenoticiaz.com.br\\\/litoralsp\\\/\",\"logo\":{\"@type\":\"ImageObject\",\"inLanguage\":\"pt-BR\",\"@id\":\"https:\\\/\\\/redenoticiaz.com.br\\\/litoralsp\\\/#\\\/schema\\\/logo\\\/image\\\/\",\"url\":\"https:\\\/\\\/redenoticiaz.com.br\\\/litoralsp\\\/wp-content\\\/uploads\\\/sites\\\/3\\\/2020\\\/11\\\/logo.jpg\",\"contentUrl\":\"https:\\\/\\\/redenoticiaz.com.br\\\/litoralsp\\\/wp-content\\\/uploads\\\/sites\\\/3\\\/2020\\\/11\\\/logo.jpg\",\"width\":400,\"height\":250,\"caption\":\"Litoral SP\"},\"image\":{\"@id\":\"https:\\\/\\\/redenoticiaz.com.br\\\/litoralsp\\\/#\\\/schema\\\/logo\\\/image\\\/\"}},{\"@type\":\"Person\",\"@id\":\"https:\\\/\\\/redenoticiaz.com.br\\\/litoralsp\\\/#\\\/schema\\\/person\\\/1f84d6e94e6a62d2d81199d7503e9e90\",\"name\":\"Carina Reifonas\",\"image\":{\"@type\":\"ImageObject\",\"inLanguage\":\"pt-BR\",\"@id\":\"https:\\\/\\\/secure.gravatar.com\\\/avatar\\\/04c59859b23696cf867715880f81d5c037e60109730bdb4e6670ec2a2245bc97?s=96&d=mm&r=g\",\"url\":\"https:\\\/\\\/secure.gravatar.com\\\/avatar\\\/04c59859b23696cf867715880f81d5c037e60109730bdb4e6670ec2a2245bc97?s=96&d=mm&r=g\",\"contentUrl\":\"https:\\\/\\\/secure.gravatar.com\\\/avatar\\\/04c59859b23696cf867715880f81d5c037e60109730bdb4e6670ec2a2245bc97?s=96&d=mm&r=g\",\"caption\":\"Carina Reifonas\"},\"url\":\"https:\\\/\\\/redenoticiaz.com.br\\\/litoralsp\\\/author\\\/carinareifonas\"}]}<\/script>\n<!-- \/ Yoast SEO plugin. -->","yoast_head_json":{"title":"V\u00cdDEO \u2013 Tumulto entre torcedores do S\u00e3o Paulo deixa feridos em esta\u00e7\u00e3o de metr\u00f4 - Litoral SP","description":"Uma briga entre torcedores do S\u00e3o Paulo, ap\u00f3s um jogo no Morumbi, deixou um seguran\u00e7a da esta\u00e7\u00e3o de Metr\u00f4 de S\u00e3o Paulo ferido.","robots":{"index":"index","follow":"follow","max-snippet":"max-snippet:-1","max-image-preview":"max-image-preview:large","max-video-preview":"max-video-preview:-1"},"canonical":"https:\/\/redenoticiaz.com.br\/litoralsp\/2023\/07\/06\/video-tumulto-entre-torcedores-do-sao-paulo-deixa-feridos-em-estacao-de-metro","og_locale":"pt_BR","og_type":"article","og_title":"V\u00cdDEO \u2013 Tumulto entre torcedores do S\u00e3o Paulo deixa feridos em esta\u00e7\u00e3o de metr\u00f4 - Litoral SP","og_description":"Uma briga entre torcedores do S\u00e3o Paulo, ap\u00f3s um jogo no Morumbi, deixou um seguran\u00e7a da esta\u00e7\u00e3o de Metr\u00f4 de S\u00e3o Paulo ferido.","og_url":"https:\/\/redenoticiaz.com.br\/litoralsp\/2023\/07\/06\/video-tumulto-entre-torcedores-do-sao-paulo-deixa-feridos-em-estacao-de-metro","og_site_name":"Litoral SP","article_published_time":"2023-07-06T14:19:42+00:00","article_modified_time":"2023-07-06T14:23:57+00:00","og_image":[{"width":434,"height":413,"url":"https:\/\/redenoticiaz.com.br\/litoralsp\/wp-content\/uploads\/sites\/3\/2023\/07\/Briga-entre-torcedores-do-Sao-Paulo-deixa-feridos-em-estacao-de-metro.jpg","type":"image\/jpeg"}],"author":"Carina Reifonas","twitter_card":"summary_large_image","twitter_misc":{"Escrito por":"Carina Reifonas","Est. tempo de leitura":"2 minutos"},"schema":{"@context":"https:\/\/schema.org","@graph":[{"@type":"Article","@id":"https:\/\/redenoticiaz.com.br\/litoralsp\/2023\/07\/06\/video-tumulto-entre-torcedores-do-sao-paulo-deixa-feridos-em-estacao-de-metro#article","isPartOf":{"@id":"https:\/\/redenoticiaz.com.br\/litoralsp\/2023\/07\/06\/video-tumulto-entre-torcedores-do-sao-paulo-deixa-feridos-em-estacao-de-metro"},"author":{"name":"Carina Reifonas","@id":"https:\/\/redenoticiaz.com.br\/litoralsp\/#\/schema\/person\/1f84d6e94e6a62d2d81199d7503e9e90"},"headline":"V\u00cdDEO \u2013 Tumulto entre torcedores do S\u00e3o Paulo deixa feridos em esta\u00e7\u00e3o de metr\u00f4","datePublished":"2023-07-06T14:19:42+00:00","dateModified":"2023-07-06T14:23:57+00:00","mainEntityOfPage":{"@id":"https:\/\/redenoticiaz.com.br\/litoralsp\/2023\/07\/06\/video-tumulto-entre-torcedores-do-sao-paulo-deixa-feridos-em-estacao-de-metro"},"wordCount":232,"commentCount":0,"publisher":{"@id":"https:\/\/redenoticiaz.com.br\/litoralsp\/#organization"},"image":{"@id":"https:\/\/redenoticiaz.com.br\/litoralsp\/2023\/07\/06\/video-tumulto-entre-torcedores-do-sao-paulo-deixa-feridos-em-estacao-de-metro#primaryimage"},"thumbnailUrl":"https:\/\/redenoticiaz.com.br\/litoralsp\/wp-content\/uploads\/sites\/3\/2023\/07\/Briga-entre-torcedores-do-Sao-Paulo-deixa-feridos-em-estacao-de-metro.jpg","keywords":["BRIGA","jogo","metr\u00f4","Palmeiras","S\u00e3o Paulo","torcida"],"articleSection":["Esporte","Pol\u00edcia"],"inLanguage":"pt-BR","potentialAction":[{"@type":"CommentAction","name":"Comment","target":["https:\/\/redenoticiaz.com.br\/litoralsp\/2023\/07\/06\/video-tumulto-entre-torcedores-do-sao-paulo-deixa-feridos-em-estacao-de-metro#respond"]}]},{"@type":"WebPage","@id":"https:\/\/redenoticiaz.com.br\/litoralsp\/2023\/07\/06\/video-tumulto-entre-torcedores-do-sao-paulo-deixa-feridos-em-estacao-de-metro","url":"https:\/\/redenoticiaz.com.br\/litoralsp\/2023\/07\/06\/video-tumulto-entre-torcedores-do-sao-paulo-deixa-feridos-em-estacao-de-metro","name":"V\u00cdDEO \u2013 Tumulto entre torcedores do S\u00e3o Paulo deixa feridos em esta\u00e7\u00e3o de metr\u00f4 - Litoral SP","isPartOf":{"@id":"https:\/\/redenoticiaz.com.br\/litoralsp\/#website"},"primaryImageOfPage":{"@id":"https:\/\/redenoticiaz.com.br\/litoralsp\/2023\/07\/06\/video-tumulto-entre-torcedores-do-sao-paulo-deixa-feridos-em-estacao-de-metro#primaryimage"},"image":{"@id":"https:\/\/redenoticiaz.com.br\/litoralsp\/2023\/07\/06\/video-tumulto-entre-torcedores-do-sao-paulo-deixa-feridos-em-estacao-de-metro#primaryimage"},"thumbnailUrl":"https:\/\/redenoticiaz.com.br\/litoralsp\/wp-content\/uploads\/sites\/3\/2023\/07\/Briga-entre-torcedores-do-Sao-Paulo-deixa-feridos-em-estacao-de-metro.jpg","datePublished":"2023-07-06T14:19:42+00:00","dateModified":"2023-07-06T14:23:57+00:00","description":"Uma briga entre torcedores do S\u00e3o Paulo, ap\u00f3s um jogo no Morumbi, deixou um seguran\u00e7a da esta\u00e7\u00e3o de Metr\u00f4 de S\u00e3o Paulo ferido.","inLanguage":"pt-BR","potentialAction":[{"@type":"ReadAction","target":["https:\/\/redenoticiaz.com.br\/litoralsp\/2023\/07\/06\/video-tumulto-entre-torcedores-do-sao-paulo-deixa-feridos-em-estacao-de-metro"]}]},{"@type":"ImageObject","inLanguage":"pt-BR","@id":"https:\/\/redenoticiaz.com.br\/litoralsp\/2023\/07\/06\/video-tumulto-entre-torcedores-do-sao-paulo-deixa-feridos-em-estacao-de-metro#primaryimage","url":"https:\/\/redenoticiaz.com.br\/litoralsp\/wp-content\/uploads\/sites\/3\/2023\/07\/Briga-entre-torcedores-do-Sao-Paulo-deixa-feridos-em-estacao-de-metro.jpg","contentUrl":"https:\/\/redenoticiaz.com.br\/litoralsp\/wp-content\/uploads\/sites\/3\/2023\/07\/Briga-entre-torcedores-do-Sao-Paulo-deixa-feridos-em-estacao-de-metro.jpg","width":434,"height":413,"caption":"Cr\u00e9dito: Reprodu\u00e7\u00e3o"},{"@type":"WebSite","@id":"https:\/\/redenoticiaz.com.br\/litoralsp\/#website","url":"https:\/\/redenoticiaz.com.br\/litoralsp\/","name":"Litoral SP","description":"Rede NoticiaZ","publisher":{"@id":"https:\/\/redenoticiaz.com.br\/litoralsp\/#organization"},"potentialAction":[{"@type":"SearchAction","target":{"@type":"EntryPoint","urlTemplate":"https:\/\/redenoticiaz.com.br\/litoralsp\/?s={search_term_string}"},"query-input":{"@type":"PropertyValueSpecification","valueRequired":true,"valueName":"search_term_string"}}],"inLanguage":"pt-BR"},{"@type":"Organization","@id":"https:\/\/redenoticiaz.com.br\/litoralsp\/#organization","name":"Litoral SP","url":"https:\/\/redenoticiaz.com.br\/litoralsp\/","logo":{"@type":"ImageObject","inLanguage":"pt-BR","@id":"https:\/\/redenoticiaz.com.br\/litoralsp\/#\/schema\/logo\/image\/","url":"https:\/\/redenoticiaz.com.br\/litoralsp\/wp-content\/uploads\/sites\/3\/2020\/11\/logo.jpg","contentUrl":"https:\/\/redenoticiaz.com.br\/litoralsp\/wp-content\/uploads\/sites\/3\/2020\/11\/logo.jpg","width":400,"height":250,"caption":"Litoral SP"},"image":{"@id":"https:\/\/redenoticiaz.com.br\/litoralsp\/#\/schema\/logo\/image\/"}},{"@type":"Person","@id":"https:\/\/redenoticiaz.com.br\/litoralsp\/#\/schema\/person\/1f84d6e94e6a62d2d81199d7503e9e90","name":"Carina Reifonas","image":{"@type":"ImageObject","inLanguage":"pt-BR","@id":"https:\/\/secure.gravatar.com\/avatar\/04c59859b23696cf867715880f81d5c037e60109730bdb4e6670ec2a2245bc97?s=96&d=mm&r=g","url":"https:\/\/secure.gravatar.com\/avatar\/04c59859b23696cf867715880f81d5c037e60109730bdb4e6670ec2a2245bc97?s=96&d=mm&r=g","contentUrl":"https:\/\/secure.gravatar.com\/avatar\/04c59859b23696cf867715880f81d5c037e60109730bdb4e6670ec2a2245bc97?s=96&d=mm&r=g","caption":"Carina Reifonas"},"url":"https:\/\/redenoticiaz.com.br\/litoralsp\/author\/carinareifonas"}]}},"_links":{"self":[{"href":"https:\/\/redenoticiaz.com.br\/litoralsp\/wp-json\/wp\/v2\/posts\/108017","targetHints":{"allow":["GET"]}}],"collection":[{"href":"https:\/\/redenoticiaz.com.br\/litoralsp\/wp-json\/wp\/v2\/posts"}],"about":[{"href":"https:\/\/redenoticiaz.com.br\/litoralsp\/wp-json\/wp\/v2\/types\/post"}],"author":[{"embeddable":true,"href":"https:\/\/redenoticiaz.com.br\/litoralsp\/wp-json\/wp\/v2\/users\/30"}],"replies":[{"embeddable":true,"href":"https:\/\/redenoticiaz.com.br\/litoralsp\/wp-json\/wp\/v2\/comments?post=108017"}],"version-history":[{"count":2,"href":"https:\/\/redenoticiaz.com.br\/litoralsp\/wp-json\/wp\/v2\/posts\/108017\/revisions"}],"predecessor-version":[{"id":108022,"href":"https:\/\/redenoticiaz.com.br\/litoralsp\/wp-json\/wp\/v2\/posts\/108017\/revisions\/108022"}],"wp:featuredmedia":[{"embeddable":true,"href":"https:\/\/redenoticiaz.com.br\/litoralsp\/wp-json\/wp\/v2\/media\/108020"}],"wp:attachment":[{"href":"https:\/\/redenoticiaz.com.br\/litoralsp\/wp-json\/wp\/v2\/media?parent=108017"}],"wp:term":[{"taxonomy":"category","embeddable":true,"href":"https:\/\/redenoticiaz.com.br\/litoralsp\/wp-json\/wp\/v2\/categories?post=108017"},{"taxonomy":"post_tag","embeddable":true,"href":"https:\/\/redenoticiaz.com.br\/litoralsp\/wp-json\/wp\/v2\/tags?post=108017"}],"curies":[{"name":"wp","href":"https:\/\/api.w.org\/{rel}","templated":true}]}}