{"id":108023,"date":"2023-07-06T12:47:46","date_gmt":"2023-07-06T15:47:46","guid":{"rendered":"https:\/\/redenoticiaz.com.br\/litoralsp\/?p=108023"},"modified":"2023-07-06T12:47:46","modified_gmt":"2023-07-06T15:47:46","slug":"lider-comunitaria-samara-faustino-morre-aos-64-anos-em-santos","status":"publish","type":"post","link":"https:\/\/redenoticiaz.com.br\/litoralsp\/2023\/07\/06\/lider-comunitaria-samara-faustino-morre-aos-64-anos-em-santos","title":{"rendered":"L\u00edder comunit\u00e1ria Samara Faustino morre aos 64 anos em Santos"},"content":{"rendered":"<p>A l\u00edder comunit\u00e1ria Samara Faustino morreu\u00a0 aos 64 anos em Santos na noite desta quarta-feita (5) ap\u00f3s uma luta de um ano e meio contra um c\u00e2ncer.<\/p>\n<p>De acordo com as informa\u00e7\u00f5es, Samara foi candidata \u00e0 vereadora pelo Partido dos Trabalhadores em Santos em 2020 e atuava fortemente em diversas causas na cidade.<\/p>\n<p>O vel\u00f3rio ser\u00e1 realizada na Santa Casa de Santos a partir de 20 horas desta quinta-feira (6).<\/p>\n<p>J\u00e1 o sepultamento ocorrer\u00e1 na sexta-feira (7), \u00e0s 9h30, no Cemit\u00e9rio da Areia Branca.<\/p>\n<p>Sendo assim, diversos pol\u00edticos e entidades que trabalharam com a l\u00edder comunit\u00e1ria divulgaram notas para lamentar a sua morte.<\/p>\n<p>O Vereador Chico Nogueira (PT) afirmou que a sua &#8220;companheira&#8221; de partido era uma mulher que n\u00e3o tinha medo e enfrentava todos os desafios.<\/p>\n<p>A agremia\u00e7\u00e3o, Unidos dos Morros afirmou em nota o seu pesar pelo falecimento e que agora a Ala das Baianas, a qual era chefe est\u00e1 de luto.<\/p>\n<p><strong>Leia mais<\/strong><\/p>\n<p><a href=\"https:\/\/redenoticiaz.com.br\/litoralsp\/2023\/07\/05\/homem-invade-camara-municipal-de-santos\">Homem invade C\u00e2mara Municipal de Santos<\/a><\/p>\n<p><a href=\"https:\/\/redenoticiaz.com.br\/litoralsp\/2023\/07\/05\/video-incendio-atinge-apartamento-em-santos\">V\u00cdDEO \u2013 Inc\u00eandio atinge apartamento em Santos<\/a><\/p>\n","protected":false},"excerpt":{"rendered":"<p>A l\u00edder comunit\u00e1ria Samara Faustino morreu\u00a0 aos 64 anos em Santos na noite desta quarta-feita (5) ap\u00f3s uma luta de um ano e meio contra um c\u00e2ncer. De acordo com as informa\u00e7\u00f5es, Samara foi candidata \u00e0 vereadora pelo Partido dos Trabalhadores em Santos em 2020 e atuava fortemente em diversas causas na cidade. O vel\u00f3rio &hellip;<\/p>\n","protected":false},"author":12,"featured_media":108029,"comment_status":"open","ping_status":"closed","sticky":false,"template":"","format":"standard","meta":{"footnotes":""},"categories":[180],"tags":[66066,66067,66065,986],"class_list":["post-108023","post","type-post","status-publish","format-standard","has-post-thumbnail","hentry","category-santos","tag-lider-comunitaria","tag-morte-samara","tag-samara-faustino","tag-santos"],"yoast_head":"<!-- This site is optimized with the Yoast SEO plugin v28.4 - https:\/\/yoast.com\/product\/yoast-seo-wordpress\/ -->\n<title>L\u00edder comunit\u00e1ria Samara Faustino morre aos 64 anos em Santos - Litoral SP<\/title>\n<meta name=\"description\" content=\"A l\u00edder comunit\u00e1ria Samara Faustino morreu\u00a0 aos 64 anos em Santos na noite desta quarta-feita (5) ap\u00f3s uma luta de um ano e meio contra um c\u00e2ncer.\" \/>\n<meta name=\"robots\" content=\"index, follow, max-snippet:-1, max-image-preview:large, max-video-preview:-1\" \/>\n<link rel=\"canonical\" href=\"https:\/\/redenoticiaz.com.br\/litoralsp\/2023\/07\/06\/lider-comunitaria-samara-faustino-morre-aos-64-anos-em-santos\" \/>\n<meta property=\"og:locale\" content=\"pt_BR\" \/>\n<meta property=\"og:type\" content=\"article\" \/>\n<meta property=\"og:title\" content=\"L\u00edder comunit\u00e1ria Samara Faustino morre aos 64 anos em Santos - Litoral SP\" \/>\n<meta property=\"og:description\" content=\"A l\u00edder comunit\u00e1ria Samara Faustino morreu\u00a0 aos 64 anos em Santos na noite desta quarta-feita (5) ap\u00f3s uma luta de um ano e meio contra um c\u00e2ncer.\" \/>\n<meta property=\"og:url\" content=\"https:\/\/redenoticiaz.com.br\/litoralsp\/2023\/07\/06\/lider-comunitaria-samara-faustino-morre-aos-64-anos-em-santos\" \/>\n<meta property=\"og:site_name\" content=\"Litoral SP\" \/>\n<meta property=\"article:published_time\" content=\"2023-07-06T15:47:46+00:00\" \/>\n<meta property=\"og:image\" content=\"https:\/\/redenoticiaz.com.br\/litoralsp\/wp-content\/uploads\/sites\/3\/2023\/07\/img4232702610991.jpg\" \/>\n\t<meta property=\"og:image:width\" content=\"994\" \/>\n\t<meta property=\"og:image:height\" content=\"664\" \/>\n\t<meta property=\"og:image:type\" content=\"image\/jpeg\" \/>\n<meta name=\"author\" content=\"Gustavo Silva\" \/>\n<meta name=\"twitter:card\" content=\"summary_large_image\" \/>\n<meta name=\"twitter:label1\" content=\"Escrito por\" \/>\n\t<meta name=\"twitter:data1\" content=\"Gustavo Silva\" \/>\n\t<meta name=\"twitter:label2\" content=\"Est. tempo de leitura\" \/>\n\t<meta name=\"twitter:data2\" content=\"1 minuto\" \/>\n<script type=\"application\/ld+json\" class=\"yoast-schema-graph\">{\"@context\":\"https:\\\/\\\/schema.org\",\"@graph\":[{\"@type\":\"Article\",\"@id\":\"https:\\\/\\\/redenoticiaz.com.br\\\/litoralsp\\\/2023\\\/07\\\/06\\\/lider-comunitaria-samara-faustino-morre-aos-64-anos-em-santos#article\",\"isPartOf\":{\"@id\":\"https:\\\/\\\/redenoticiaz.com.br\\\/litoralsp\\\/2023\\\/07\\\/06\\\/lider-comunitaria-samara-faustino-morre-aos-64-anos-em-santos\"},\"author\":{\"name\":\"Gustavo Silva\",\"@id\":\"https:\\\/\\\/redenoticiaz.com.br\\\/litoralsp\\\/#\\\/schema\\\/person\\\/16057b37a3c0ee6b096d7f887c566e2e\"},\"headline\":\"L\u00edder comunit\u00e1ria Samara Faustino morre aos 64 anos em Santos\",\"datePublished\":\"2023-07-06T15:47:46+00:00\",\"mainEntityOfPage\":{\"@id\":\"https:\\\/\\\/redenoticiaz.com.br\\\/litoralsp\\\/2023\\\/07\\\/06\\\/lider-comunitaria-samara-faustino-morre-aos-64-anos-em-santos\"},\"wordCount\":187,\"commentCount\":0,\"publisher\":{\"@id\":\"https:\\\/\\\/redenoticiaz.com.br\\\/litoralsp\\\/#organization\"},\"image\":{\"@id\":\"https:\\\/\\\/redenoticiaz.com.br\\\/litoralsp\\\/2023\\\/07\\\/06\\\/lider-comunitaria-samara-faustino-morre-aos-64-anos-em-santos#primaryimage\"},\"thumbnailUrl\":\"https:\\\/\\\/redenoticiaz.com.br\\\/litoralsp\\\/wp-content\\\/uploads\\\/sites\\\/3\\\/2023\\\/07\\\/img4232702610991.jpg\",\"keywords\":[\"l\u00edder comunit\u00e1ria\",\"morte samara\",\"Samara Faustino\",\"Santos\"],\"articleSection\":[\"Santos\"],\"inLanguage\":\"pt-BR\",\"potentialAction\":[{\"@type\":\"CommentAction\",\"name\":\"Comment\",\"target\":[\"https:\\\/\\\/redenoticiaz.com.br\\\/litoralsp\\\/2023\\\/07\\\/06\\\/lider-comunitaria-samara-faustino-morre-aos-64-anos-em-santos#respond\"]}]},{\"@type\":\"WebPage\",\"@id\":\"https:\\\/\\\/redenoticiaz.com.br\\\/litoralsp\\\/2023\\\/07\\\/06\\\/lider-comunitaria-samara-faustino-morre-aos-64-anos-em-santos\",\"url\":\"https:\\\/\\\/redenoticiaz.com.br\\\/litoralsp\\\/2023\\\/07\\\/06\\\/lider-comunitaria-samara-faustino-morre-aos-64-anos-em-santos\",\"name\":\"L\u00edder comunit\u00e1ria Samara Faustino morre aos 64 anos em Santos - Litoral SP\",\"isPartOf\":{\"@id\":\"https:\\\/\\\/redenoticiaz.com.br\\\/litoralsp\\\/#website\"},\"primaryImageOfPage\":{\"@id\":\"https:\\\/\\\/redenoticiaz.com.br\\\/litoralsp\\\/2023\\\/07\\\/06\\\/lider-comunitaria-samara-faustino-morre-aos-64-anos-em-santos#primaryimage\"},\"image\":{\"@id\":\"https:\\\/\\\/redenoticiaz.com.br\\\/litoralsp\\\/2023\\\/07\\\/06\\\/lider-comunitaria-samara-faustino-morre-aos-64-anos-em-santos#primaryimage\"},\"thumbnailUrl\":\"https:\\\/\\\/redenoticiaz.com.br\\\/litoralsp\\\/wp-content\\\/uploads\\\/sites\\\/3\\\/2023\\\/07\\\/img4232702610991.jpg\",\"datePublished\":\"2023-07-06T15:47:46+00:00\",\"description\":\"A l\u00edder comunit\u00e1ria Samara Faustino morreu\u00a0 aos 64 anos em Santos na noite desta quarta-feita (5) ap\u00f3s uma luta de um ano e meio contra um c\u00e2ncer.\",\"inLanguage\":\"pt-BR\",\"potentialAction\":[{\"@type\":\"ReadAction\",\"target\":[\"https:\\\/\\\/redenoticiaz.com.br\\\/litoralsp\\\/2023\\\/07\\\/06\\\/lider-comunitaria-samara-faustino-morre-aos-64-anos-em-santos\"]}]},{\"@type\":\"ImageObject\",\"inLanguage\":\"pt-BR\",\"@id\":\"https:\\\/\\\/redenoticiaz.com.br\\\/litoralsp\\\/2023\\\/07\\\/06\\\/lider-comunitaria-samara-faustino-morre-aos-64-anos-em-santos#primaryimage\",\"url\":\"https:\\\/\\\/redenoticiaz.com.br\\\/litoralsp\\\/wp-content\\\/uploads\\\/sites\\\/3\\\/2023\\\/07\\\/img4232702610991.jpg\",\"contentUrl\":\"https:\\\/\\\/redenoticiaz.com.br\\\/litoralsp\\\/wp-content\\\/uploads\\\/sites\\\/3\\\/2023\\\/07\\\/img4232702610991.jpg\",\"width\":994,\"height\":664,\"caption\":\"L\u00edder comunit\u00e1ria Samara Faustino morre aos 64 anos em Santos\"},{\"@type\":\"WebSite\",\"@id\":\"https:\\\/\\\/redenoticiaz.com.br\\\/litoralsp\\\/#website\",\"url\":\"https:\\\/\\\/redenoticiaz.com.br\\\/litoralsp\\\/\",\"name\":\"Litoral SP\",\"description\":\"Rede NoticiaZ\",\"publisher\":{\"@id\":\"https:\\\/\\\/redenoticiaz.com.br\\\/litoralsp\\\/#organization\"},\"potentialAction\":[{\"@type\":\"SearchAction\",\"target\":{\"@type\":\"EntryPoint\",\"urlTemplate\":\"https:\\\/\\\/redenoticiaz.com.br\\\/litoralsp\\\/?s={search_term_string}\"},\"query-input\":{\"@type\":\"PropertyValueSpecification\",\"valueRequired\":true,\"valueName\":\"search_term_string\"}}],\"inLanguage\":\"pt-BR\"},{\"@type\":\"Organization\",\"@id\":\"https:\\\/\\\/redenoticiaz.com.br\\\/litoralsp\\\/#organization\",\"name\":\"Litoral SP\",\"url\":\"https:\\\/\\\/redenoticiaz.com.br\\\/litoralsp\\\/\",\"logo\":{\"@type\":\"ImageObject\",\"inLanguage\":\"pt-BR\",\"@id\":\"https:\\\/\\\/redenoticiaz.com.br\\\/litoralsp\\\/#\\\/schema\\\/logo\\\/image\\\/\",\"url\":\"https:\\\/\\\/redenoticiaz.com.br\\\/litoralsp\\\/wp-content\\\/uploads\\\/sites\\\/3\\\/2020\\\/11\\\/logo.jpg\",\"contentUrl\":\"https:\\\/\\\/redenoticiaz.com.br\\\/litoralsp\\\/wp-content\\\/uploads\\\/sites\\\/3\\\/2020\\\/11\\\/logo.jpg\",\"width\":400,\"height\":250,\"caption\":\"Litoral SP\"},\"image\":{\"@id\":\"https:\\\/\\\/redenoticiaz.com.br\\\/litoralsp\\\/#\\\/schema\\\/logo\\\/image\\\/\"}},{\"@type\":\"Person\",\"@id\":\"https:\\\/\\\/redenoticiaz.com.br\\\/litoralsp\\\/#\\\/schema\\\/person\\\/16057b37a3c0ee6b096d7f887c566e2e\",\"name\":\"Gustavo Silva\",\"image\":{\"@type\":\"ImageObject\",\"inLanguage\":\"pt-BR\",\"@id\":\"https:\\\/\\\/secure.gravatar.com\\\/avatar\\\/3ee4e82f93b26de0a7cf4ea5eb7893da637ed6bb0c9170c58065944c56e28a33?s=96&d=mm&r=g\",\"url\":\"https:\\\/\\\/secure.gravatar.com\\\/avatar\\\/3ee4e82f93b26de0a7cf4ea5eb7893da637ed6bb0c9170c58065944c56e28a33?s=96&d=mm&r=g\",\"contentUrl\":\"https:\\\/\\\/secure.gravatar.com\\\/avatar\\\/3ee4e82f93b26de0a7cf4ea5eb7893da637ed6bb0c9170c58065944c56e28a33?s=96&d=mm&r=g\",\"caption\":\"Gustavo Silva\"},\"url\":\"https:\\\/\\\/redenoticiaz.com.br\\\/litoralsp\\\/author\\\/gustavosilva\"}]}<\/script>\n<!-- \/ Yoast SEO plugin. -->","yoast_head_json":{"title":"L\u00edder comunit\u00e1ria Samara Faustino morre aos 64 anos em Santos - Litoral SP","description":"A l\u00edder comunit\u00e1ria Samara Faustino morreu\u00a0 aos 64 anos em Santos na noite desta quarta-feita (5) ap\u00f3s uma luta de um ano e meio contra um c\u00e2ncer.","robots":{"index":"index","follow":"follow","max-snippet":"max-snippet:-1","max-image-preview":"max-image-preview:large","max-video-preview":"max-video-preview:-1"},"canonical":"https:\/\/redenoticiaz.com.br\/litoralsp\/2023\/07\/06\/lider-comunitaria-samara-faustino-morre-aos-64-anos-em-santos","og_locale":"pt_BR","og_type":"article","og_title":"L\u00edder comunit\u00e1ria Samara Faustino morre aos 64 anos em Santos - Litoral SP","og_description":"A l\u00edder comunit\u00e1ria Samara Faustino morreu\u00a0 aos 64 anos em Santos na noite desta quarta-feita (5) ap\u00f3s uma luta de um ano e meio contra um c\u00e2ncer.","og_url":"https:\/\/redenoticiaz.com.br\/litoralsp\/2023\/07\/06\/lider-comunitaria-samara-faustino-morre-aos-64-anos-em-santos","og_site_name":"Litoral SP","article_published_time":"2023-07-06T15:47:46+00:00","og_image":[{"width":994,"height":664,"url":"https:\/\/redenoticiaz.com.br\/litoralsp\/wp-content\/uploads\/sites\/3\/2023\/07\/img4232702610991.jpg","type":"image\/jpeg"}],"author":"Gustavo Silva","twitter_card":"summary_large_image","twitter_misc":{"Escrito por":"Gustavo Silva","Est. tempo de leitura":"1 minuto"},"schema":{"@context":"https:\/\/schema.org","@graph":[{"@type":"Article","@id":"https:\/\/redenoticiaz.com.br\/litoralsp\/2023\/07\/06\/lider-comunitaria-samara-faustino-morre-aos-64-anos-em-santos#article","isPartOf":{"@id":"https:\/\/redenoticiaz.com.br\/litoralsp\/2023\/07\/06\/lider-comunitaria-samara-faustino-morre-aos-64-anos-em-santos"},"author":{"name":"Gustavo Silva","@id":"https:\/\/redenoticiaz.com.br\/litoralsp\/#\/schema\/person\/16057b37a3c0ee6b096d7f887c566e2e"},"headline":"L\u00edder comunit\u00e1ria Samara Faustino morre aos 64 anos em Santos","datePublished":"2023-07-06T15:47:46+00:00","mainEntityOfPage":{"@id":"https:\/\/redenoticiaz.com.br\/litoralsp\/2023\/07\/06\/lider-comunitaria-samara-faustino-morre-aos-64-anos-em-santos"},"wordCount":187,"commentCount":0,"publisher":{"@id":"https:\/\/redenoticiaz.com.br\/litoralsp\/#organization"},"image":{"@id":"https:\/\/redenoticiaz.com.br\/litoralsp\/2023\/07\/06\/lider-comunitaria-samara-faustino-morre-aos-64-anos-em-santos#primaryimage"},"thumbnailUrl":"https:\/\/redenoticiaz.com.br\/litoralsp\/wp-content\/uploads\/sites\/3\/2023\/07\/img4232702610991.jpg","keywords":["l\u00edder comunit\u00e1ria","morte samara","Samara Faustino","Santos"],"articleSection":["Santos"],"inLanguage":"pt-BR","potentialAction":[{"@type":"CommentAction","name":"Comment","target":["https:\/\/redenoticiaz.com.br\/litoralsp\/2023\/07\/06\/lider-comunitaria-samara-faustino-morre-aos-64-anos-em-santos#respond"]}]},{"@type":"WebPage","@id":"https:\/\/redenoticiaz.com.br\/litoralsp\/2023\/07\/06\/lider-comunitaria-samara-faustino-morre-aos-64-anos-em-santos","url":"https:\/\/redenoticiaz.com.br\/litoralsp\/2023\/07\/06\/lider-comunitaria-samara-faustino-morre-aos-64-anos-em-santos","name":"L\u00edder comunit\u00e1ria Samara Faustino morre aos 64 anos em Santos - Litoral SP","isPartOf":{"@id":"https:\/\/redenoticiaz.com.br\/litoralsp\/#website"},"primaryImageOfPage":{"@id":"https:\/\/redenoticiaz.com.br\/litoralsp\/2023\/07\/06\/lider-comunitaria-samara-faustino-morre-aos-64-anos-em-santos#primaryimage"},"image":{"@id":"https:\/\/redenoticiaz.com.br\/litoralsp\/2023\/07\/06\/lider-comunitaria-samara-faustino-morre-aos-64-anos-em-santos#primaryimage"},"thumbnailUrl":"https:\/\/redenoticiaz.com.br\/litoralsp\/wp-content\/uploads\/sites\/3\/2023\/07\/img4232702610991.jpg","datePublished":"2023-07-06T15:47:46+00:00","description":"A l\u00edder comunit\u00e1ria Samara Faustino morreu\u00a0 aos 64 anos em Santos na noite desta quarta-feita (5) ap\u00f3s uma luta de um ano e meio contra um c\u00e2ncer.","inLanguage":"pt-BR","potentialAction":[{"@type":"ReadAction","target":["https:\/\/redenoticiaz.com.br\/litoralsp\/2023\/07\/06\/lider-comunitaria-samara-faustino-morre-aos-64-anos-em-santos"]}]},{"@type":"ImageObject","inLanguage":"pt-BR","@id":"https:\/\/redenoticiaz.com.br\/litoralsp\/2023\/07\/06\/lider-comunitaria-samara-faustino-morre-aos-64-anos-em-santos#primaryimage","url":"https:\/\/redenoticiaz.com.br\/litoralsp\/wp-content\/uploads\/sites\/3\/2023\/07\/img4232702610991.jpg","contentUrl":"https:\/\/redenoticiaz.com.br\/litoralsp\/wp-content\/uploads\/sites\/3\/2023\/07\/img4232702610991.jpg","width":994,"height":664,"caption":"L\u00edder comunit\u00e1ria Samara Faustino morre aos 64 anos em Santos"},{"@type":"WebSite","@id":"https:\/\/redenoticiaz.com.br\/litoralsp\/#website","url":"https:\/\/redenoticiaz.com.br\/litoralsp\/","name":"Litoral SP","description":"Rede NoticiaZ","publisher":{"@id":"https:\/\/redenoticiaz.com.br\/litoralsp\/#organization"},"potentialAction":[{"@type":"SearchAction","target":{"@type":"EntryPoint","urlTemplate":"https:\/\/redenoticiaz.com.br\/litoralsp\/?s={search_term_string}"},"query-input":{"@type":"PropertyValueSpecification","valueRequired":true,"valueName":"search_term_string"}}],"inLanguage":"pt-BR"},{"@type":"Organization","@id":"https:\/\/redenoticiaz.com.br\/litoralsp\/#organization","name":"Litoral SP","url":"https:\/\/redenoticiaz.com.br\/litoralsp\/","logo":{"@type":"ImageObject","inLanguage":"pt-BR","@id":"https:\/\/redenoticiaz.com.br\/litoralsp\/#\/schema\/logo\/image\/","url":"https:\/\/redenoticiaz.com.br\/litoralsp\/wp-content\/uploads\/sites\/3\/2020\/11\/logo.jpg","contentUrl":"https:\/\/redenoticiaz.com.br\/litoralsp\/wp-content\/uploads\/sites\/3\/2020\/11\/logo.jpg","width":400,"height":250,"caption":"Litoral SP"},"image":{"@id":"https:\/\/redenoticiaz.com.br\/litoralsp\/#\/schema\/logo\/image\/"}},{"@type":"Person","@id":"https:\/\/redenoticiaz.com.br\/litoralsp\/#\/schema\/person\/16057b37a3c0ee6b096d7f887c566e2e","name":"Gustavo Silva","image":{"@type":"ImageObject","inLanguage":"pt-BR","@id":"https:\/\/secure.gravatar.com\/avatar\/3ee4e82f93b26de0a7cf4ea5eb7893da637ed6bb0c9170c58065944c56e28a33?s=96&d=mm&r=g","url":"https:\/\/secure.gravatar.com\/avatar\/3ee4e82f93b26de0a7cf4ea5eb7893da637ed6bb0c9170c58065944c56e28a33?s=96&d=mm&r=g","contentUrl":"https:\/\/secure.gravatar.com\/avatar\/3ee4e82f93b26de0a7cf4ea5eb7893da637ed6bb0c9170c58065944c56e28a33?s=96&d=mm&r=g","caption":"Gustavo Silva"},"url":"https:\/\/redenoticiaz.com.br\/litoralsp\/author\/gustavosilva"}]}},"_links":{"self":[{"href":"https:\/\/redenoticiaz.com.br\/litoralsp\/wp-json\/wp\/v2\/posts\/108023","targetHints":{"allow":["GET"]}}],"collection":[{"href":"https:\/\/redenoticiaz.com.br\/litoralsp\/wp-json\/wp\/v2\/posts"}],"about":[{"href":"https:\/\/redenoticiaz.com.br\/litoralsp\/wp-json\/wp\/v2\/types\/post"}],"author":[{"embeddable":true,"href":"https:\/\/redenoticiaz.com.br\/litoralsp\/wp-json\/wp\/v2\/users\/12"}],"replies":[{"embeddable":true,"href":"https:\/\/redenoticiaz.com.br\/litoralsp\/wp-json\/wp\/v2\/comments?post=108023"}],"version-history":[{"count":1,"href":"https:\/\/redenoticiaz.com.br\/litoralsp\/wp-json\/wp\/v2\/posts\/108023\/revisions"}],"predecessor-version":[{"id":108032,"href":"https:\/\/redenoticiaz.com.br\/litoralsp\/wp-json\/wp\/v2\/posts\/108023\/revisions\/108032"}],"wp:featuredmedia":[{"embeddable":true,"href":"https:\/\/redenoticiaz.com.br\/litoralsp\/wp-json\/wp\/v2\/media\/108029"}],"wp:attachment":[{"href":"https:\/\/redenoticiaz.com.br\/litoralsp\/wp-json\/wp\/v2\/media?parent=108023"}],"wp:term":[{"taxonomy":"category","embeddable":true,"href":"https:\/\/redenoticiaz.com.br\/litoralsp\/wp-json\/wp\/v2\/categories?post=108023"},{"taxonomy":"post_tag","embeddable":true,"href":"https:\/\/redenoticiaz.com.br\/litoralsp\/wp-json\/wp\/v2\/tags?post=108023"}],"curies":[{"name":"wp","href":"https:\/\/api.w.org\/{rel}","templated":true}]}}