{"id":108054,"date":"2023-07-06T21:10:32","date_gmt":"2023-07-07T00:10:32","guid":{"rendered":"https:\/\/redenoticiaz.com.br\/litoralsp\/?p=108054"},"modified":"2023-07-06T21:10:32","modified_gmt":"2023-07-07T00:10:32","slug":"video-sargento-aposentado-e-executado-por-dupla-em-santos","status":"publish","type":"post","link":"https:\/\/redenoticiaz.com.br\/litoralsp\/2023\/07\/06\/video-sargento-aposentado-e-executado-por-dupla-em-santos","title":{"rendered":"V\u00cdDEO &#8211; Sargento aposentado \u00e9 executado por dupla em Santos"},"content":{"rendered":"<p>Um sargento aposentado foi executado por uma dupla em Santos na tarde desta quinta-feira (6) no bairro Embar\u00e9 na Avenida Pedro Lessa.<\/p>\n<p>De acordo com as informa\u00e7\u00f5es, os criminosos estavam em uma moto e mataram o homem com tr\u00eas tiros. O aposentado foi identificado como Marcos Rog\u00e9rio Martins.<\/p>\n<p>Ainda de acordo com as informa\u00e7\u00f5es, a pol\u00edcia entende que a a\u00e7\u00e3o dos criminosos se trata de uma execu\u00e7\u00e3o pelo modo em que agiram.<\/p>\n<p>Sendo assim, imagens de c\u00e2mera de monitoramento mostraram os criminosos parando a moto em frente a um estabelecimento para encobrir a placa com papel. Eles atravessa a via e atiram na v\u00edtima.<\/p>\n<div class=\"wp-playlist wp-video-playlist wp-playlist-light\">\n\t\t<video controls=\"controls\" preload=\"none\" width=\"640\"\n\t\t height=\"368\"\t><\/video>\n\t<div class=\"wp-playlist-next\"><\/div>\n\t<div class=\"wp-playlist-prev\"><\/div>\n\t<noscript>\n\t<ol>\n\t\t<li><a href='https:\/\/redenoticiaz.com.br\/litoralsp\/wp-content\/uploads\/sites\/3\/2023\/07\/WhatsApp-Video-2023-07-06-at-20.48.55.mp4'>V\u00cdDEO - Sargento aposentado \u00e9 executado por dupla em Santos<\/a><\/li>\t<\/ol>\n\t<\/noscript>\n\t<script type=\"application\/json\" class=\"wp-playlist-script\">{\"type\":\"video\",\"tracklist\":true,\"tracknumbers\":true,\"images\":true,\"artists\":true,\"tracks\":[{\"src\":\"https:\/\/redenoticiaz.com.br\/litoralsp\/wp-content\/uploads\/sites\/3\/2023\/07\/WhatsApp-Video-2023-07-06-at-20.48.55.mp4\",\"type\":\"video\/mp4\",\"title\":\"V\\u00cdDEO - Sargento aposentado \\u00e9 executado por dupla em Santos\",\"caption\":\"V\\u00cdDEO - Sargento aposentado \\u00e9 executado por dupla em Santos\",\"description\":\"V\\u00cdDEO - Sargento aposentado \\u00e9 executado por dupla em Santos\",\"meta\":{\"length_formatted\":\"0:28\"},\"dimensions\":{\"original\":{\"width\":640,\"height\":368},\"resized\":{\"width\":640,\"height\":368}},\"image\":{\"src\":\"https:\/\/redenoticiaz.com.br\/litoralsp\/wp-includes\/images\/media\/video.svg\",\"width\":48,\"height\":64},\"thumb\":{\"src\":\"https:\/\/redenoticiaz.com.br\/litoralsp\/wp-includes\/images\/media\/video.svg\",\"width\":48,\"height\":64}}]}<\/script>\n<\/div>\n\t\n<p>Por fim, ap\u00f3s o crime eles fugiram de moto pela Rua Pedro Ivo. Testemunhas chegaram a gravar o momento em que dupla atravessa a rua com a moto no momento da fuga.<\/p>\n<div class=\"wp-playlist wp-video-playlist wp-playlist-light\">\n\t\t<video controls=\"controls\" preload=\"none\" width=\"640\"\n\t\t height=\"480\"\t><\/video>\n\t<div class=\"wp-playlist-next\"><\/div>\n\t<div class=\"wp-playlist-prev\"><\/div>\n\t<noscript>\n\t<ol>\n\t\t<li><a href='https:\/\/redenoticiaz.com.br\/litoralsp\/wp-content\/uploads\/sites\/3\/2023\/07\/WhatsApp-Video-2023-07-06-at-17.34.35.mp4'>V\u00cdDEO - Sargento aposentado \u00e9 executado por dupla em Santos<\/a><\/li><li><a href='https:\/\/redenoticiaz.com.br\/litoralsp\/wp-content\/uploads\/sites\/3\/2023\/07\/WhatsApp-Video-2023-07-06-at-17.34.34.mp4'>V\u00cdDEO - Sargento aposentado \u00e9 executado por dupla em Santos<\/a><\/li>\t<\/ol>\n\t<\/noscript>\n\t<script type=\"application\/json\" class=\"wp-playlist-script\">{\"type\":\"video\",\"tracklist\":true,\"tracknumbers\":true,\"images\":true,\"artists\":true,\"tracks\":[{\"src\":\"https:\/\/redenoticiaz.com.br\/litoralsp\/wp-content\/uploads\/sites\/3\/2023\/07\/WhatsApp-Video-2023-07-06-at-17.34.35.mp4\",\"type\":\"video\/mp4\",\"title\":\"V\\u00cdDEO - Sargento aposentado \\u00e9 executado por dupla em Santos\",\"caption\":\"V\\u00cdDEO - Sargento aposentado \\u00e9 executado por dupla em Santos\",\"description\":\"V\\u00cdDEO - Sargento aposentado \\u00e9 executado por dupla em Santos\",\"meta\":{\"length_formatted\":\"0:05\"},\"dimensions\":{\"original\":{\"width\":640,\"height\":480},\"resized\":{\"width\":640,\"height\":480}},\"image\":{\"src\":\"https:\/\/redenoticiaz.com.br\/litoralsp\/wp-includes\/images\/media\/video.svg\",\"width\":48,\"height\":64},\"thumb\":{\"src\":\"https:\/\/redenoticiaz.com.br\/litoralsp\/wp-includes\/images\/media\/video.svg\",\"width\":48,\"height\":64}},{\"src\":\"https:\/\/redenoticiaz.com.br\/litoralsp\/wp-content\/uploads\/sites\/3\/2023\/07\/WhatsApp-Video-2023-07-06-at-17.34.34.mp4\",\"type\":\"video\/mp4\",\"title\":\"V\\u00cdDEO - Sargento aposentado \\u00e9 executado por dupla em Santos\",\"caption\":\"V\\u00cdDEO - Sargento aposentado \\u00e9 executado por dupla em Santos\",\"description\":\"V\\u00cdDEO - Sargento aposentado \\u00e9 executado por dupla em Santos\",\"meta\":{\"length_formatted\":\"0:09\"},\"dimensions\":{\"original\":{\"width\":640,\"height\":480},\"resized\":{\"width\":640,\"height\":480}},\"image\":{\"src\":\"https:\/\/redenoticiaz.com.br\/litoralsp\/wp-includes\/images\/media\/video.svg\",\"width\":48,\"height\":64},\"thumb\":{\"src\":\"https:\/\/redenoticiaz.com.br\/litoralsp\/wp-includes\/images\/media\/video.svg\",\"width\":48,\"height\":64}}]}<\/script>\n<\/div>\n\t\n<p>O caso ser\u00e1 investigado pela pol\u00edcia.<\/p>\n<p><strong>Leia mais<\/strong><\/p>\n<p><a href=\"https:\/\/redenoticiaz.com.br\/litoralsp\/2023\/07\/06\/homem-foragido-da-justica-e-preso-em-santos\">Homem foragido da justi\u00e7a \u00e9 preso em Santos<\/a><\/p>\n","protected":false},"excerpt":{"rendered":"<p>Um sargento aposentado foi executado por uma dupla em Santos na tarde desta quinta-feira (6) no bairro Embar\u00e9 na Avenida Pedro Lessa. De acordo com as informa\u00e7\u00f5es, os criminosos estavam em uma moto e mataram o homem com tr\u00eas tiros. O aposentado foi identificado como Marcos Rog\u00e9rio Martins. Ainda de acordo com as informa\u00e7\u00f5es, a &hellip;<\/p>\n","protected":false},"author":12,"featured_media":108059,"comment_status":"open","ping_status":"closed","sticky":false,"template":"","format":"standard","meta":{"footnotes":""},"categories":[10,180],"tags":[54845,25269,1386,66075],"class_list":["post-108054","post","type-post","status-publish","format-standard","has-post-thumbnail","hentry","category-policia","category-santos","tag-avenida-pedro-lessa","tag-embare","tag-pm","tag-pm-executado"],"yoast_head":"<!-- This site is optimized with the Yoast SEO plugin v27.5 - https:\/\/yoast.com\/product\/yoast-seo-wordpress\/ -->\n<title>V\u00cdDEO &#8211; Sargento aposentado \u00e9 executado por dupla em Santos - Litoral SP<\/title>\n<meta name=\"description\" content=\"Um sargento aposentado foi executado por uma dupla em Santos na tarde desta quinta-feira (6) no bairro Embar\u00e9 na Avenida Pedro Lessa.\" \/>\n<meta name=\"robots\" content=\"index, follow, max-snippet:-1, max-image-preview:large, max-video-preview:-1\" \/>\n<link rel=\"canonical\" href=\"https:\/\/redenoticiaz.com.br\/litoralsp\/2023\/07\/06\/video-sargento-aposentado-e-executado-por-dupla-em-santos\" \/>\n<meta property=\"og:locale\" content=\"pt_BR\" \/>\n<meta property=\"og:type\" content=\"article\" \/>\n<meta property=\"og:title\" content=\"V\u00cdDEO &#8211; Sargento aposentado \u00e9 executado por dupla em Santos - Litoral SP\" \/>\n<meta property=\"og:description\" content=\"Um sargento aposentado foi executado por uma dupla em Santos na tarde desta quinta-feira (6) no bairro Embar\u00e9 na Avenida Pedro Lessa.\" \/>\n<meta property=\"og:url\" content=\"https:\/\/redenoticiaz.com.br\/litoralsp\/2023\/07\/06\/video-sargento-aposentado-e-executado-por-dupla-em-santos\" \/>\n<meta property=\"og:site_name\" content=\"Litoral SP\" \/>\n<meta property=\"article:published_time\" content=\"2023-07-07T00:10:32+00:00\" \/>\n<meta property=\"og:image\" content=\"https:\/\/redenoticiaz.com.br\/litoralsp\/wp-content\/uploads\/sites\/3\/2023\/07\/Sem-titulo-3.jpg\" \/>\n\t<meta property=\"og:image:width\" content=\"759\" \/>\n\t<meta property=\"og:image:height\" content=\"558\" \/>\n\t<meta property=\"og:image:type\" content=\"image\/jpeg\" \/>\n<meta name=\"author\" content=\"Gustavo Silva\" \/>\n<meta name=\"twitter:card\" content=\"summary_large_image\" \/>\n<meta name=\"twitter:label1\" content=\"Escrito por\" \/>\n\t<meta name=\"twitter:data1\" content=\"Gustavo Silva\" \/>\n\t<meta name=\"twitter:label2\" content=\"Est. tempo de leitura\" \/>\n\t<meta name=\"twitter:data2\" content=\"1 minuto\" \/>\n<script type=\"application\/ld+json\" class=\"yoast-schema-graph\">{\"@context\":\"https:\\\/\\\/schema.org\",\"@graph\":[{\"@type\":\"Article\",\"@id\":\"https:\\\/\\\/redenoticiaz.com.br\\\/litoralsp\\\/2023\\\/07\\\/06\\\/video-sargento-aposentado-e-executado-por-dupla-em-santos#article\",\"isPartOf\":{\"@id\":\"https:\\\/\\\/redenoticiaz.com.br\\\/litoralsp\\\/2023\\\/07\\\/06\\\/video-sargento-aposentado-e-executado-por-dupla-em-santos\"},\"author\":{\"name\":\"Gustavo Silva\",\"@id\":\"https:\\\/\\\/redenoticiaz.com.br\\\/litoralsp\\\/#\\\/schema\\\/person\\\/16057b37a3c0ee6b096d7f887c566e2e\"},\"headline\":\"V\u00cdDEO &#8211; Sargento aposentado \u00e9 executado por dupla em Santos\",\"datePublished\":\"2023-07-07T00:10:32+00:00\",\"mainEntityOfPage\":{\"@id\":\"https:\\\/\\\/redenoticiaz.com.br\\\/litoralsp\\\/2023\\\/07\\\/06\\\/video-sargento-aposentado-e-executado-por-dupla-em-santos\"},\"wordCount\":179,\"commentCount\":0,\"publisher\":{\"@id\":\"https:\\\/\\\/redenoticiaz.com.br\\\/litoralsp\\\/#organization\"},\"image\":{\"@id\":\"https:\\\/\\\/redenoticiaz.com.br\\\/litoralsp\\\/2023\\\/07\\\/06\\\/video-sargento-aposentado-e-executado-por-dupla-em-santos#primaryimage\"},\"thumbnailUrl\":\"https:\\\/\\\/redenoticiaz.com.br\\\/litoralsp\\\/wp-content\\\/uploads\\\/sites\\\/3\\\/2023\\\/07\\\/Sem-titulo-3.jpg\",\"keywords\":[\"AVENIDA PEDRO LESSA\",\"EMBAR\u00c9\",\"pm\",\"pm executado\"],\"articleSection\":[\"Pol\u00edcia\",\"Santos\"],\"inLanguage\":\"pt-BR\",\"potentialAction\":[{\"@type\":\"CommentAction\",\"name\":\"Comment\",\"target\":[\"https:\\\/\\\/redenoticiaz.com.br\\\/litoralsp\\\/2023\\\/07\\\/06\\\/video-sargento-aposentado-e-executado-por-dupla-em-santos#respond\"]}]},{\"@type\":\"WebPage\",\"@id\":\"https:\\\/\\\/redenoticiaz.com.br\\\/litoralsp\\\/2023\\\/07\\\/06\\\/video-sargento-aposentado-e-executado-por-dupla-em-santos\",\"url\":\"https:\\\/\\\/redenoticiaz.com.br\\\/litoralsp\\\/2023\\\/07\\\/06\\\/video-sargento-aposentado-e-executado-por-dupla-em-santos\",\"name\":\"V\u00cdDEO &#8211; Sargento aposentado \u00e9 executado por dupla em Santos - Litoral SP\",\"isPartOf\":{\"@id\":\"https:\\\/\\\/redenoticiaz.com.br\\\/litoralsp\\\/#website\"},\"primaryImageOfPage\":{\"@id\":\"https:\\\/\\\/redenoticiaz.com.br\\\/litoralsp\\\/2023\\\/07\\\/06\\\/video-sargento-aposentado-e-executado-por-dupla-em-santos#primaryimage\"},\"image\":{\"@id\":\"https:\\\/\\\/redenoticiaz.com.br\\\/litoralsp\\\/2023\\\/07\\\/06\\\/video-sargento-aposentado-e-executado-por-dupla-em-santos#primaryimage\"},\"thumbnailUrl\":\"https:\\\/\\\/redenoticiaz.com.br\\\/litoralsp\\\/wp-content\\\/uploads\\\/sites\\\/3\\\/2023\\\/07\\\/Sem-titulo-3.jpg\",\"datePublished\":\"2023-07-07T00:10:32+00:00\",\"description\":\"Um sargento aposentado foi executado por uma dupla em Santos na tarde desta quinta-feira (6) no bairro Embar\u00e9 na Avenida Pedro Lessa.\",\"inLanguage\":\"pt-BR\",\"potentialAction\":[{\"@type\":\"ReadAction\",\"target\":[\"https:\\\/\\\/redenoticiaz.com.br\\\/litoralsp\\\/2023\\\/07\\\/06\\\/video-sargento-aposentado-e-executado-por-dupla-em-santos\"]}]},{\"@type\":\"ImageObject\",\"inLanguage\":\"pt-BR\",\"@id\":\"https:\\\/\\\/redenoticiaz.com.br\\\/litoralsp\\\/2023\\\/07\\\/06\\\/video-sargento-aposentado-e-executado-por-dupla-em-santos#primaryimage\",\"url\":\"https:\\\/\\\/redenoticiaz.com.br\\\/litoralsp\\\/wp-content\\\/uploads\\\/sites\\\/3\\\/2023\\\/07\\\/Sem-titulo-3.jpg\",\"contentUrl\":\"https:\\\/\\\/redenoticiaz.com.br\\\/litoralsp\\\/wp-content\\\/uploads\\\/sites\\\/3\\\/2023\\\/07\\\/Sem-titulo-3.jpg\",\"width\":759,\"height\":558,\"caption\":\"V\u00cdDEO - Sargento aposentado \u00e9 executado por dupla em Santos\"},{\"@type\":\"WebSite\",\"@id\":\"https:\\\/\\\/redenoticiaz.com.br\\\/litoralsp\\\/#website\",\"url\":\"https:\\\/\\\/redenoticiaz.com.br\\\/litoralsp\\\/\",\"name\":\"Litoral SP\",\"description\":\"Rede NoticiaZ\",\"publisher\":{\"@id\":\"https:\\\/\\\/redenoticiaz.com.br\\\/litoralsp\\\/#organization\"},\"potentialAction\":[{\"@type\":\"SearchAction\",\"target\":{\"@type\":\"EntryPoint\",\"urlTemplate\":\"https:\\\/\\\/redenoticiaz.com.br\\\/litoralsp\\\/?s={search_term_string}\"},\"query-input\":{\"@type\":\"PropertyValueSpecification\",\"valueRequired\":true,\"valueName\":\"search_term_string\"}}],\"inLanguage\":\"pt-BR\"},{\"@type\":\"Organization\",\"@id\":\"https:\\\/\\\/redenoticiaz.com.br\\\/litoralsp\\\/#organization\",\"name\":\"Litoral SP\",\"url\":\"https:\\\/\\\/redenoticiaz.com.br\\\/litoralsp\\\/\",\"logo\":{\"@type\":\"ImageObject\",\"inLanguage\":\"pt-BR\",\"@id\":\"https:\\\/\\\/redenoticiaz.com.br\\\/litoralsp\\\/#\\\/schema\\\/logo\\\/image\\\/\",\"url\":\"https:\\\/\\\/redenoticiaz.com.br\\\/litoralsp\\\/wp-content\\\/uploads\\\/sites\\\/3\\\/2020\\\/11\\\/logo.jpg\",\"contentUrl\":\"https:\\\/\\\/redenoticiaz.com.br\\\/litoralsp\\\/wp-content\\\/uploads\\\/sites\\\/3\\\/2020\\\/11\\\/logo.jpg\",\"width\":400,\"height\":250,\"caption\":\"Litoral SP\"},\"image\":{\"@id\":\"https:\\\/\\\/redenoticiaz.com.br\\\/litoralsp\\\/#\\\/schema\\\/logo\\\/image\\\/\"}},{\"@type\":\"Person\",\"@id\":\"https:\\\/\\\/redenoticiaz.com.br\\\/litoralsp\\\/#\\\/schema\\\/person\\\/16057b37a3c0ee6b096d7f887c566e2e\",\"name\":\"Gustavo Silva\",\"image\":{\"@type\":\"ImageObject\",\"inLanguage\":\"pt-BR\",\"@id\":\"https:\\\/\\\/secure.gravatar.com\\\/avatar\\\/3ee4e82f93b26de0a7cf4ea5eb7893da637ed6bb0c9170c58065944c56e28a33?s=96&d=mm&r=g\",\"url\":\"https:\\\/\\\/secure.gravatar.com\\\/avatar\\\/3ee4e82f93b26de0a7cf4ea5eb7893da637ed6bb0c9170c58065944c56e28a33?s=96&d=mm&r=g\",\"contentUrl\":\"https:\\\/\\\/secure.gravatar.com\\\/avatar\\\/3ee4e82f93b26de0a7cf4ea5eb7893da637ed6bb0c9170c58065944c56e28a33?s=96&d=mm&r=g\",\"caption\":\"Gustavo Silva\"},\"url\":\"https:\\\/\\\/redenoticiaz.com.br\\\/litoralsp\\\/author\\\/gustavosilva\"}]}<\/script>\n<!-- \/ Yoast SEO plugin. -->","yoast_head_json":{"title":"V\u00cdDEO &#8211; Sargento aposentado \u00e9 executado por dupla em Santos - Litoral SP","description":"Um sargento aposentado foi executado por uma dupla em Santos na tarde desta quinta-feira (6) no bairro Embar\u00e9 na Avenida Pedro Lessa.","robots":{"index":"index","follow":"follow","max-snippet":"max-snippet:-1","max-image-preview":"max-image-preview:large","max-video-preview":"max-video-preview:-1"},"canonical":"https:\/\/redenoticiaz.com.br\/litoralsp\/2023\/07\/06\/video-sargento-aposentado-e-executado-por-dupla-em-santos","og_locale":"pt_BR","og_type":"article","og_title":"V\u00cdDEO &#8211; Sargento aposentado \u00e9 executado por dupla em Santos - Litoral SP","og_description":"Um sargento aposentado foi executado por uma dupla em Santos na tarde desta quinta-feira (6) no bairro Embar\u00e9 na Avenida Pedro Lessa.","og_url":"https:\/\/redenoticiaz.com.br\/litoralsp\/2023\/07\/06\/video-sargento-aposentado-e-executado-por-dupla-em-santos","og_site_name":"Litoral SP","article_published_time":"2023-07-07T00:10:32+00:00","og_image":[{"width":759,"height":558,"url":"https:\/\/redenoticiaz.com.br\/litoralsp\/wp-content\/uploads\/sites\/3\/2023\/07\/Sem-titulo-3.jpg","type":"image\/jpeg"}],"author":"Gustavo Silva","twitter_card":"summary_large_image","twitter_misc":{"Escrito por":"Gustavo Silva","Est. tempo de leitura":"1 minuto"},"schema":{"@context":"https:\/\/schema.org","@graph":[{"@type":"Article","@id":"https:\/\/redenoticiaz.com.br\/litoralsp\/2023\/07\/06\/video-sargento-aposentado-e-executado-por-dupla-em-santos#article","isPartOf":{"@id":"https:\/\/redenoticiaz.com.br\/litoralsp\/2023\/07\/06\/video-sargento-aposentado-e-executado-por-dupla-em-santos"},"author":{"name":"Gustavo Silva","@id":"https:\/\/redenoticiaz.com.br\/litoralsp\/#\/schema\/person\/16057b37a3c0ee6b096d7f887c566e2e"},"headline":"V\u00cdDEO &#8211; Sargento aposentado \u00e9 executado por dupla em Santos","datePublished":"2023-07-07T00:10:32+00:00","mainEntityOfPage":{"@id":"https:\/\/redenoticiaz.com.br\/litoralsp\/2023\/07\/06\/video-sargento-aposentado-e-executado-por-dupla-em-santos"},"wordCount":179,"commentCount":0,"publisher":{"@id":"https:\/\/redenoticiaz.com.br\/litoralsp\/#organization"},"image":{"@id":"https:\/\/redenoticiaz.com.br\/litoralsp\/2023\/07\/06\/video-sargento-aposentado-e-executado-por-dupla-em-santos#primaryimage"},"thumbnailUrl":"https:\/\/redenoticiaz.com.br\/litoralsp\/wp-content\/uploads\/sites\/3\/2023\/07\/Sem-titulo-3.jpg","keywords":["AVENIDA PEDRO LESSA","EMBAR\u00c9","pm","pm executado"],"articleSection":["Pol\u00edcia","Santos"],"inLanguage":"pt-BR","potentialAction":[{"@type":"CommentAction","name":"Comment","target":["https:\/\/redenoticiaz.com.br\/litoralsp\/2023\/07\/06\/video-sargento-aposentado-e-executado-por-dupla-em-santos#respond"]}]},{"@type":"WebPage","@id":"https:\/\/redenoticiaz.com.br\/litoralsp\/2023\/07\/06\/video-sargento-aposentado-e-executado-por-dupla-em-santos","url":"https:\/\/redenoticiaz.com.br\/litoralsp\/2023\/07\/06\/video-sargento-aposentado-e-executado-por-dupla-em-santos","name":"V\u00cdDEO &#8211; Sargento aposentado \u00e9 executado por dupla em Santos - Litoral SP","isPartOf":{"@id":"https:\/\/redenoticiaz.com.br\/litoralsp\/#website"},"primaryImageOfPage":{"@id":"https:\/\/redenoticiaz.com.br\/litoralsp\/2023\/07\/06\/video-sargento-aposentado-e-executado-por-dupla-em-santos#primaryimage"},"image":{"@id":"https:\/\/redenoticiaz.com.br\/litoralsp\/2023\/07\/06\/video-sargento-aposentado-e-executado-por-dupla-em-santos#primaryimage"},"thumbnailUrl":"https:\/\/redenoticiaz.com.br\/litoralsp\/wp-content\/uploads\/sites\/3\/2023\/07\/Sem-titulo-3.jpg","datePublished":"2023-07-07T00:10:32+00:00","description":"Um sargento aposentado foi executado por uma dupla em Santos na tarde desta quinta-feira (6) no bairro Embar\u00e9 na Avenida Pedro Lessa.","inLanguage":"pt-BR","potentialAction":[{"@type":"ReadAction","target":["https:\/\/redenoticiaz.com.br\/litoralsp\/2023\/07\/06\/video-sargento-aposentado-e-executado-por-dupla-em-santos"]}]},{"@type":"ImageObject","inLanguage":"pt-BR","@id":"https:\/\/redenoticiaz.com.br\/litoralsp\/2023\/07\/06\/video-sargento-aposentado-e-executado-por-dupla-em-santos#primaryimage","url":"https:\/\/redenoticiaz.com.br\/litoralsp\/wp-content\/uploads\/sites\/3\/2023\/07\/Sem-titulo-3.jpg","contentUrl":"https:\/\/redenoticiaz.com.br\/litoralsp\/wp-content\/uploads\/sites\/3\/2023\/07\/Sem-titulo-3.jpg","width":759,"height":558,"caption":"V\u00cdDEO - Sargento aposentado \u00e9 executado por dupla em Santos"},{"@type":"WebSite","@id":"https:\/\/redenoticiaz.com.br\/litoralsp\/#website","url":"https:\/\/redenoticiaz.com.br\/litoralsp\/","name":"Litoral SP","description":"Rede NoticiaZ","publisher":{"@id":"https:\/\/redenoticiaz.com.br\/litoralsp\/#organization"},"potentialAction":[{"@type":"SearchAction","target":{"@type":"EntryPoint","urlTemplate":"https:\/\/redenoticiaz.com.br\/litoralsp\/?s={search_term_string}"},"query-input":{"@type":"PropertyValueSpecification","valueRequired":true,"valueName":"search_term_string"}}],"inLanguage":"pt-BR"},{"@type":"Organization","@id":"https:\/\/redenoticiaz.com.br\/litoralsp\/#organization","name":"Litoral SP","url":"https:\/\/redenoticiaz.com.br\/litoralsp\/","logo":{"@type":"ImageObject","inLanguage":"pt-BR","@id":"https:\/\/redenoticiaz.com.br\/litoralsp\/#\/schema\/logo\/image\/","url":"https:\/\/redenoticiaz.com.br\/litoralsp\/wp-content\/uploads\/sites\/3\/2020\/11\/logo.jpg","contentUrl":"https:\/\/redenoticiaz.com.br\/litoralsp\/wp-content\/uploads\/sites\/3\/2020\/11\/logo.jpg","width":400,"height":250,"caption":"Litoral SP"},"image":{"@id":"https:\/\/redenoticiaz.com.br\/litoralsp\/#\/schema\/logo\/image\/"}},{"@type":"Person","@id":"https:\/\/redenoticiaz.com.br\/litoralsp\/#\/schema\/person\/16057b37a3c0ee6b096d7f887c566e2e","name":"Gustavo Silva","image":{"@type":"ImageObject","inLanguage":"pt-BR","@id":"https:\/\/secure.gravatar.com\/avatar\/3ee4e82f93b26de0a7cf4ea5eb7893da637ed6bb0c9170c58065944c56e28a33?s=96&d=mm&r=g","url":"https:\/\/secure.gravatar.com\/avatar\/3ee4e82f93b26de0a7cf4ea5eb7893da637ed6bb0c9170c58065944c56e28a33?s=96&d=mm&r=g","contentUrl":"https:\/\/secure.gravatar.com\/avatar\/3ee4e82f93b26de0a7cf4ea5eb7893da637ed6bb0c9170c58065944c56e28a33?s=96&d=mm&r=g","caption":"Gustavo Silva"},"url":"https:\/\/redenoticiaz.com.br\/litoralsp\/author\/gustavosilva"}]}},"_links":{"self":[{"href":"https:\/\/redenoticiaz.com.br\/litoralsp\/wp-json\/wp\/v2\/posts\/108054","targetHints":{"allow":["GET"]}}],"collection":[{"href":"https:\/\/redenoticiaz.com.br\/litoralsp\/wp-json\/wp\/v2\/posts"}],"about":[{"href":"https:\/\/redenoticiaz.com.br\/litoralsp\/wp-json\/wp\/v2\/types\/post"}],"author":[{"embeddable":true,"href":"https:\/\/redenoticiaz.com.br\/litoralsp\/wp-json\/wp\/v2\/users\/12"}],"replies":[{"embeddable":true,"href":"https:\/\/redenoticiaz.com.br\/litoralsp\/wp-json\/wp\/v2\/comments?post=108054"}],"version-history":[{"count":1,"href":"https:\/\/redenoticiaz.com.br\/litoralsp\/wp-json\/wp\/v2\/posts\/108054\/revisions"}],"predecessor-version":[{"id":108060,"href":"https:\/\/redenoticiaz.com.br\/litoralsp\/wp-json\/wp\/v2\/posts\/108054\/revisions\/108060"}],"wp:featuredmedia":[{"embeddable":true,"href":"https:\/\/redenoticiaz.com.br\/litoralsp\/wp-json\/wp\/v2\/media\/108059"}],"wp:attachment":[{"href":"https:\/\/redenoticiaz.com.br\/litoralsp\/wp-json\/wp\/v2\/media?parent=108054"}],"wp:term":[{"taxonomy":"category","embeddable":true,"href":"https:\/\/redenoticiaz.com.br\/litoralsp\/wp-json\/wp\/v2\/categories?post=108054"},{"taxonomy":"post_tag","embeddable":true,"href":"https:\/\/redenoticiaz.com.br\/litoralsp\/wp-json\/wp\/v2\/tags?post=108054"}],"curies":[{"name":"wp","href":"https:\/\/api.w.org\/{rel}","templated":true}]}}