{"id":108111,"date":"2023-07-08T13:04:01","date_gmt":"2023-07-08T16:04:01","guid":{"rendered":"https:\/\/redenoticiaz.com.br\/litoralsp\/?p=108111"},"modified":"2023-07-08T13:04:01","modified_gmt":"2023-07-08T16:04:01","slug":"video-incendio-atinge-36-casas-na-comunidade-da-prainha-em-guaruja","status":"publish","type":"post","link":"https:\/\/redenoticiaz.com.br\/litoralsp\/2023\/07\/08\/video-incendio-atinge-36-casas-na-comunidade-da-prainha-em-guaruja","title":{"rendered":"V\u00cdDEO \u2013 Inc\u00eandio atinge 36 casas na comunidade da Prainha em Guaruj\u00e1"},"content":{"rendered":"<div id=\"chunk-42gnm\">\n<div class=\"mc-column content-text active-extra-styles \" data-block-type=\"unstyled\" data-block-weight=\"46\" data-block-id=\"3\">\n<p class=\"content-text__container \" data-track-category=\"Link no Texto\" data-track-links=\"\"><strong>Um inc\u00eandio atingiu 36 casas, na madrugada deste s\u00e1bado<\/strong>, na comunidade da Prainha, localizada em Vicente de Carvalho, distrito de <a href=\"http:\/\/guaruja.sp.gov.br\">Guaruj\u00e1<\/a>. A Defesa Civil Municipal foi acionada e cadastrou 39 fam\u00edlias tiveram o im\u00f3vel atingido pelo fogo. Ningu\u00e9m ficou ferido.<\/p>\n<\/div>\n<\/div>\n<div class=\"wall protected-content\">\n<div id=\"chunk-7qeb7\">\n<div class=\"mc-column content-text active-extra-styles \" data-block-type=\"unstyled\" data-block-weight=\"53\" data-block-id=\"4\">\n<p class=\"content-text__container \" data-track-category=\"Link no Texto\" data-track-links=\"\">O fogo come\u00e7ou pouco depois da meia-noite. De acordo com o Corpo de Bombeiros foram atingidas moradias de madeira e foram necess\u00e1rias duas viaturas para fazer o trabalho de rescaldo. A ocorr\u00eancia foi encerrada por volta das 6h, quando as equipes deixaram o local em seguran\u00e7a.<\/p>\n<\/div>\n<\/div>\n<div id=\"chunk-4mghi\">\n<div class=\"mc-column content-text active-extra-styles \" data-block-type=\"unstyled\" data-block-weight=\"60\" data-block-id=\"5\">\n<p class=\"content-text__container \" data-track-category=\"Link no Texto\" data-track-links=\"\">A Prefeitura de Guaruj\u00e1 informou que o foco do fogo come\u00e7ou na Rua Jurema, pr\u00f3ximo \u00e0 casa 10. A Defesa Civil Municipal foi acionada e as fam\u00edlias que tiveram as casas atingidas foram cadastradas no programa de amparo social da cidade.<\/p>\n<\/div>\n<\/div>\n<div id=\"chunk-a4aqk\">\n<div class=\"content-ads content-ads--reveal\" data-block-type=\"ads\" data-block-id=\"6\">\n<div id=\"banner_materia2\" class=\"tag-manager-publicidade-container mc-has-reveal mc-has-ad-lazyload tag-manager-publicidade-banner_materia2 tag-manager-publicidade-container--carregado tag-manager-publicidade-container--visivel\" data-id=\"banner_materia2\" data-google-query-id=\"CM6R7Ze8__8CFSajlQIdsgcIAg\">\n<div id=\"google_ads_iframe_\/95377733\/tvg_G1\/Sua_Regiao&gt;Sudeste&gt;Sao_Paulo_(Santos)_3__container__\" style=\"margin: auto;padding: 0px;border: 0pt none;font: inherit;vertical-align: baseline;max-width: 100%;width: 970px;height: 150px;text-align: left\">\n<p>A equipe da Secretaria Municipal de Desenvolvimento e Assist\u00eancia Social tamb\u00e9m foi na comunidade para ofertar os servi\u00e7os socioassistenciais. As causas do inc\u00eandio ser\u00e3o apuradas.<\/p>\n<div style=\"width: 350px;\" class=\"wp-video\"><video class=\"wp-video-shortcode\" id=\"video-108111-1\" width=\"350\" height=\"640\" preload=\"metadata\" controls=\"controls\"><source type=\"video\/mp4\" src=\"https:\/\/redenoticiaz.com.br\/litoralsp\/wp-content\/uploads\/sites\/3\/2023\/07\/inc-xea-ndio-na-prainha-nesta-madrugada-o-fogo.mp4?_=1\" \/><a href=\"https:\/\/redenoticiaz.com.br\/litoralsp\/wp-content\/uploads\/sites\/3\/2023\/07\/inc-xea-ndio-na-prainha-nesta-madrugada-o-fogo.mp4\">https:\/\/redenoticiaz.com.br\/litoralsp\/wp-content\/uploads\/sites\/3\/2023\/07\/inc-xea-ndio-na-prainha-nesta-madrugada-o-fogo.mp4<\/a><\/video><\/div>\n<p><em><strong>LEIA MAIS<\/strong><\/em><br \/>\n<a href=\"https:\/\/redenoticiaz.com.br\/litoralsp\/2023\/07\/08\/video-brinquedo-de-kamikaze-de-parque-despenca-e-fere-duas-pessoas\">V\u00cdDEO \u2013 Brinquedo de \u2018Kamikaze\u2019 de parque despenca e fere duas pessoas<\/a><\/p>\n<\/div>\n<\/div>\n<\/div>\n<\/div>\n<\/div>\n","protected":false},"excerpt":{"rendered":"<p>Um inc\u00eandio atingiu 36 casas, na madrugada deste s\u00e1bado, na comunidade da Prainha, localizada em Vicente de Carvalho, distrito de Guaruj\u00e1. A Defesa Civil Municipal foi acionada e cadastrou 39 fam\u00edlias tiveram o im\u00f3vel atingido pelo fogo. Ningu\u00e9m ficou ferido. O fogo come\u00e7ou pouco depois da meia-noite. De acordo com o Corpo de Bombeiros foram &hellip;<\/p>\n","protected":false},"author":11,"featured_media":108114,"comment_status":"open","ping_status":"closed","sticky":false,"template":"","format":"standard","meta":{"footnotes":""},"categories":[187,10],"tags":[66102,66103,4039,54307,10878],"class_list":["post-108111","post","type-post","status-publish","format-standard","has-post-thumbnail","hentry","category-guaruja","category-policia","tag-36-casas","tag-comunidade-da-prainha","tag-incendio","tag-prainha","tag-vicente-de-carvalho"],"yoast_head":"<!-- This site is optimized with the Yoast SEO plugin v27.5 - https:\/\/yoast.com\/product\/yoast-seo-wordpress\/ -->\n<title>V\u00cdDEO \u2013 Inc\u00eandio atinge 36 casas na comunidade da Prainha em Guaruj\u00e1 - Litoral SP<\/title>\n<meta name=\"description\" content=\"Um inc\u00eandio atingiu 36 casas, na madrugada deste s\u00e1bado, na comunidade da Prainha, localizada em Vicente de Carvalho, distrito de Guaruj\u00e1.\" \/>\n<meta name=\"robots\" content=\"index, follow, max-snippet:-1, max-image-preview:large, max-video-preview:-1\" \/>\n<link rel=\"canonical\" href=\"https:\/\/redenoticiaz.com.br\/litoralsp\/2023\/07\/08\/video-incendio-atinge-36-casas-na-comunidade-da-prainha-em-guaruja\" \/>\n<meta property=\"og:locale\" content=\"pt_BR\" \/>\n<meta property=\"og:type\" content=\"article\" \/>\n<meta property=\"og:title\" content=\"V\u00cdDEO \u2013 Inc\u00eandio atinge 36 casas na comunidade da Prainha em Guaruj\u00e1 - Litoral SP\" \/>\n<meta property=\"og:description\" content=\"Um inc\u00eandio atingiu 36 casas, na madrugada deste s\u00e1bado, na comunidade da Prainha, localizada em Vicente de Carvalho, distrito de Guaruj\u00e1.\" \/>\n<meta property=\"og:url\" content=\"https:\/\/redenoticiaz.com.br\/litoralsp\/2023\/07\/08\/video-incendio-atinge-36-casas-na-comunidade-da-prainha-em-guaruja\" \/>\n<meta property=\"og:site_name\" content=\"Litoral SP\" \/>\n<meta property=\"article:published_time\" content=\"2023-07-08T16:04:01+00:00\" \/>\n<meta property=\"og:image\" content=\"https:\/\/redenoticiaz.com.br\/litoralsp\/wp-content\/uploads\/sites\/3\/2023\/07\/WhatsApp-Image-2023-07-08-at-13.02.13.jpeg\" \/>\n\t<meta property=\"og:image:width\" content=\"793\" \/>\n\t<meta property=\"og:image:height\" content=\"634\" \/>\n\t<meta property=\"og:image:type\" content=\"image\/jpeg\" \/>\n<meta name=\"twitter:card\" content=\"summary_large_image\" \/>\n<meta name=\"twitter:image\" content=\"https:\/\/redenoticiaz.com.br\/litoralsp\/wp-content\/uploads\/sites\/3\/2023\/07\/WhatsApp-Image-2023-07-08-at-13.02.13.jpeg\" \/>\n<meta name=\"twitter:label1\" content=\"Escrito por\" \/>\n\t<meta name=\"twitter:data1\" content=\"\" \/>\n\t<meta name=\"twitter:label2\" content=\"Est. tempo de leitura\" \/>\n\t<meta name=\"twitter:data2\" content=\"2 minutos\" \/>\n<script type=\"application\/ld+json\" class=\"yoast-schema-graph\">{\"@context\":\"https:\\\/\\\/schema.org\",\"@graph\":[{\"@type\":\"Article\",\"@id\":\"https:\\\/\\\/redenoticiaz.com.br\\\/litoralsp\\\/2023\\\/07\\\/08\\\/video-incendio-atinge-36-casas-na-comunidade-da-prainha-em-guaruja#article\",\"isPartOf\":{\"@id\":\"https:\\\/\\\/redenoticiaz.com.br\\\/litoralsp\\\/2023\\\/07\\\/08\\\/video-incendio-atinge-36-casas-na-comunidade-da-prainha-em-guaruja\"},\"author\":{\"name\":\"\",\"@id\":\"\"},\"headline\":\"V\u00cdDEO \u2013 Inc\u00eandio atinge 36 casas na comunidade da Prainha em Guaruj\u00e1\",\"datePublished\":\"2023-07-08T16:04:01+00:00\",\"mainEntityOfPage\":{\"@id\":\"https:\\\/\\\/redenoticiaz.com.br\\\/litoralsp\\\/2023\\\/07\\\/08\\\/video-incendio-atinge-36-casas-na-comunidade-da-prainha-em-guaruja\"},\"wordCount\":206,\"commentCount\":0,\"publisher\":{\"@id\":\"https:\\\/\\\/redenoticiaz.com.br\\\/litoralsp\\\/#organization\"},\"image\":{\"@id\":\"https:\\\/\\\/redenoticiaz.com.br\\\/litoralsp\\\/2023\\\/07\\\/08\\\/video-incendio-atinge-36-casas-na-comunidade-da-prainha-em-guaruja#primaryimage\"},\"thumbnailUrl\":\"https:\\\/\\\/redenoticiaz.com.br\\\/litoralsp\\\/wp-content\\\/uploads\\\/sites\\\/3\\\/2023\\\/07\\\/WhatsApp-Image-2023-07-08-at-13.02.13.jpeg\",\"keywords\":[\"36 CASAS\",\"COMUNIDADE DA PRAINHA\",\"inc\u00eandio\",\"PRAINHA\",\"VICENTE DE CARVALHO\"],\"articleSection\":[\"Guaruj\u00e1\",\"Pol\u00edcia\"],\"inLanguage\":\"pt-BR\",\"potentialAction\":[{\"@type\":\"CommentAction\",\"name\":\"Comment\",\"target\":[\"https:\\\/\\\/redenoticiaz.com.br\\\/litoralsp\\\/2023\\\/07\\\/08\\\/video-incendio-atinge-36-casas-na-comunidade-da-prainha-em-guaruja#respond\"]}]},{\"@type\":\"WebPage\",\"@id\":\"https:\\\/\\\/redenoticiaz.com.br\\\/litoralsp\\\/2023\\\/07\\\/08\\\/video-incendio-atinge-36-casas-na-comunidade-da-prainha-em-guaruja\",\"url\":\"https:\\\/\\\/redenoticiaz.com.br\\\/litoralsp\\\/2023\\\/07\\\/08\\\/video-incendio-atinge-36-casas-na-comunidade-da-prainha-em-guaruja\",\"name\":\"V\u00cdDEO \u2013 Inc\u00eandio atinge 36 casas na comunidade da Prainha em Guaruj\u00e1 - Litoral SP\",\"isPartOf\":{\"@id\":\"https:\\\/\\\/redenoticiaz.com.br\\\/litoralsp\\\/#website\"},\"primaryImageOfPage\":{\"@id\":\"https:\\\/\\\/redenoticiaz.com.br\\\/litoralsp\\\/2023\\\/07\\\/08\\\/video-incendio-atinge-36-casas-na-comunidade-da-prainha-em-guaruja#primaryimage\"},\"image\":{\"@id\":\"https:\\\/\\\/redenoticiaz.com.br\\\/litoralsp\\\/2023\\\/07\\\/08\\\/video-incendio-atinge-36-casas-na-comunidade-da-prainha-em-guaruja#primaryimage\"},\"thumbnailUrl\":\"https:\\\/\\\/redenoticiaz.com.br\\\/litoralsp\\\/wp-content\\\/uploads\\\/sites\\\/3\\\/2023\\\/07\\\/WhatsApp-Image-2023-07-08-at-13.02.13.jpeg\",\"datePublished\":\"2023-07-08T16:04:01+00:00\",\"description\":\"Um inc\u00eandio atingiu 36 casas, na madrugada deste s\u00e1bado, na comunidade da Prainha, localizada em Vicente de Carvalho, distrito de Guaruj\u00e1.\",\"inLanguage\":\"pt-BR\",\"potentialAction\":[{\"@type\":\"ReadAction\",\"target\":[\"https:\\\/\\\/redenoticiaz.com.br\\\/litoralsp\\\/2023\\\/07\\\/08\\\/video-incendio-atinge-36-casas-na-comunidade-da-prainha-em-guaruja\"]}]},{\"@type\":\"ImageObject\",\"inLanguage\":\"pt-BR\",\"@id\":\"https:\\\/\\\/redenoticiaz.com.br\\\/litoralsp\\\/2023\\\/07\\\/08\\\/video-incendio-atinge-36-casas-na-comunidade-da-prainha-em-guaruja#primaryimage\",\"url\":\"https:\\\/\\\/redenoticiaz.com.br\\\/litoralsp\\\/wp-content\\\/uploads\\\/sites\\\/3\\\/2023\\\/07\\\/WhatsApp-Image-2023-07-08-at-13.02.13.jpeg\",\"contentUrl\":\"https:\\\/\\\/redenoticiaz.com.br\\\/litoralsp\\\/wp-content\\\/uploads\\\/sites\\\/3\\\/2023\\\/07\\\/WhatsApp-Image-2023-07-08-at-13.02.13.jpeg\",\"width\":793,\"height\":634,\"caption\":\"Foto: Divulga\u00e7\u00e3o\"},{\"@type\":\"WebSite\",\"@id\":\"https:\\\/\\\/redenoticiaz.com.br\\\/litoralsp\\\/#website\",\"url\":\"https:\\\/\\\/redenoticiaz.com.br\\\/litoralsp\\\/\",\"name\":\"Litoral SP\",\"description\":\"Rede NoticiaZ\",\"publisher\":{\"@id\":\"https:\\\/\\\/redenoticiaz.com.br\\\/litoralsp\\\/#organization\"},\"potentialAction\":[{\"@type\":\"SearchAction\",\"target\":{\"@type\":\"EntryPoint\",\"urlTemplate\":\"https:\\\/\\\/redenoticiaz.com.br\\\/litoralsp\\\/?s={search_term_string}\"},\"query-input\":{\"@type\":\"PropertyValueSpecification\",\"valueRequired\":true,\"valueName\":\"search_term_string\"}}],\"inLanguage\":\"pt-BR\"},{\"@type\":\"Organization\",\"@id\":\"https:\\\/\\\/redenoticiaz.com.br\\\/litoralsp\\\/#organization\",\"name\":\"Litoral SP\",\"url\":\"https:\\\/\\\/redenoticiaz.com.br\\\/litoralsp\\\/\",\"logo\":{\"@type\":\"ImageObject\",\"inLanguage\":\"pt-BR\",\"@id\":\"https:\\\/\\\/redenoticiaz.com.br\\\/litoralsp\\\/#\\\/schema\\\/logo\\\/image\\\/\",\"url\":\"https:\\\/\\\/redenoticiaz.com.br\\\/litoralsp\\\/wp-content\\\/uploads\\\/sites\\\/3\\\/2020\\\/11\\\/logo.jpg\",\"contentUrl\":\"https:\\\/\\\/redenoticiaz.com.br\\\/litoralsp\\\/wp-content\\\/uploads\\\/sites\\\/3\\\/2020\\\/11\\\/logo.jpg\",\"width\":400,\"height\":250,\"caption\":\"Litoral SP\"},\"image\":{\"@id\":\"https:\\\/\\\/redenoticiaz.com.br\\\/litoralsp\\\/#\\\/schema\\\/logo\\\/image\\\/\"}},{\"@type\":\"Person\",\"@id\":\"\",\"url\":\"https:\\\/\\\/redenoticiaz.com.br\\\/litoralsp\\\/author\"}]}<\/script>\n<!-- \/ Yoast SEO plugin. -->","yoast_head_json":{"title":"V\u00cdDEO \u2013 Inc\u00eandio atinge 36 casas na comunidade da Prainha em Guaruj\u00e1 - Litoral SP","description":"Um inc\u00eandio atingiu 36 casas, na madrugada deste s\u00e1bado, na comunidade da Prainha, localizada em Vicente de Carvalho, distrito de Guaruj\u00e1.","robots":{"index":"index","follow":"follow","max-snippet":"max-snippet:-1","max-image-preview":"max-image-preview:large","max-video-preview":"max-video-preview:-1"},"canonical":"https:\/\/redenoticiaz.com.br\/litoralsp\/2023\/07\/08\/video-incendio-atinge-36-casas-na-comunidade-da-prainha-em-guaruja","og_locale":"pt_BR","og_type":"article","og_title":"V\u00cdDEO \u2013 Inc\u00eandio atinge 36 casas na comunidade da Prainha em Guaruj\u00e1 - Litoral SP","og_description":"Um inc\u00eandio atingiu 36 casas, na madrugada deste s\u00e1bado, na comunidade da Prainha, localizada em Vicente de Carvalho, distrito de Guaruj\u00e1.","og_url":"https:\/\/redenoticiaz.com.br\/litoralsp\/2023\/07\/08\/video-incendio-atinge-36-casas-na-comunidade-da-prainha-em-guaruja","og_site_name":"Litoral SP","article_published_time":"2023-07-08T16:04:01+00:00","og_image":[{"width":793,"height":634,"url":"https:\/\/redenoticiaz.com.br\/litoralsp\/wp-content\/uploads\/sites\/3\/2023\/07\/WhatsApp-Image-2023-07-08-at-13.02.13.jpeg","type":"image\/jpeg"}],"twitter_card":"summary_large_image","twitter_image":"https:\/\/redenoticiaz.com.br\/litoralsp\/wp-content\/uploads\/sites\/3\/2023\/07\/WhatsApp-Image-2023-07-08-at-13.02.13.jpeg","twitter_misc":{"Escrito por":"","Est. tempo de leitura":"2 minutos"},"schema":{"@context":"https:\/\/schema.org","@graph":[{"@type":"Article","@id":"https:\/\/redenoticiaz.com.br\/litoralsp\/2023\/07\/08\/video-incendio-atinge-36-casas-na-comunidade-da-prainha-em-guaruja#article","isPartOf":{"@id":"https:\/\/redenoticiaz.com.br\/litoralsp\/2023\/07\/08\/video-incendio-atinge-36-casas-na-comunidade-da-prainha-em-guaruja"},"author":{"name":"","@id":""},"headline":"V\u00cdDEO \u2013 Inc\u00eandio atinge 36 casas na comunidade da Prainha em Guaruj\u00e1","datePublished":"2023-07-08T16:04:01+00:00","mainEntityOfPage":{"@id":"https:\/\/redenoticiaz.com.br\/litoralsp\/2023\/07\/08\/video-incendio-atinge-36-casas-na-comunidade-da-prainha-em-guaruja"},"wordCount":206,"commentCount":0,"publisher":{"@id":"https:\/\/redenoticiaz.com.br\/litoralsp\/#organization"},"image":{"@id":"https:\/\/redenoticiaz.com.br\/litoralsp\/2023\/07\/08\/video-incendio-atinge-36-casas-na-comunidade-da-prainha-em-guaruja#primaryimage"},"thumbnailUrl":"https:\/\/redenoticiaz.com.br\/litoralsp\/wp-content\/uploads\/sites\/3\/2023\/07\/WhatsApp-Image-2023-07-08-at-13.02.13.jpeg","keywords":["36 CASAS","COMUNIDADE DA PRAINHA","inc\u00eandio","PRAINHA","VICENTE DE CARVALHO"],"articleSection":["Guaruj\u00e1","Pol\u00edcia"],"inLanguage":"pt-BR","potentialAction":[{"@type":"CommentAction","name":"Comment","target":["https:\/\/redenoticiaz.com.br\/litoralsp\/2023\/07\/08\/video-incendio-atinge-36-casas-na-comunidade-da-prainha-em-guaruja#respond"]}]},{"@type":"WebPage","@id":"https:\/\/redenoticiaz.com.br\/litoralsp\/2023\/07\/08\/video-incendio-atinge-36-casas-na-comunidade-da-prainha-em-guaruja","url":"https:\/\/redenoticiaz.com.br\/litoralsp\/2023\/07\/08\/video-incendio-atinge-36-casas-na-comunidade-da-prainha-em-guaruja","name":"V\u00cdDEO \u2013 Inc\u00eandio atinge 36 casas na comunidade da Prainha em Guaruj\u00e1 - Litoral SP","isPartOf":{"@id":"https:\/\/redenoticiaz.com.br\/litoralsp\/#website"},"primaryImageOfPage":{"@id":"https:\/\/redenoticiaz.com.br\/litoralsp\/2023\/07\/08\/video-incendio-atinge-36-casas-na-comunidade-da-prainha-em-guaruja#primaryimage"},"image":{"@id":"https:\/\/redenoticiaz.com.br\/litoralsp\/2023\/07\/08\/video-incendio-atinge-36-casas-na-comunidade-da-prainha-em-guaruja#primaryimage"},"thumbnailUrl":"https:\/\/redenoticiaz.com.br\/litoralsp\/wp-content\/uploads\/sites\/3\/2023\/07\/WhatsApp-Image-2023-07-08-at-13.02.13.jpeg","datePublished":"2023-07-08T16:04:01+00:00","description":"Um inc\u00eandio atingiu 36 casas, na madrugada deste s\u00e1bado, na comunidade da Prainha, localizada em Vicente de Carvalho, distrito de Guaruj\u00e1.","inLanguage":"pt-BR","potentialAction":[{"@type":"ReadAction","target":["https:\/\/redenoticiaz.com.br\/litoralsp\/2023\/07\/08\/video-incendio-atinge-36-casas-na-comunidade-da-prainha-em-guaruja"]}]},{"@type":"ImageObject","inLanguage":"pt-BR","@id":"https:\/\/redenoticiaz.com.br\/litoralsp\/2023\/07\/08\/video-incendio-atinge-36-casas-na-comunidade-da-prainha-em-guaruja#primaryimage","url":"https:\/\/redenoticiaz.com.br\/litoralsp\/wp-content\/uploads\/sites\/3\/2023\/07\/WhatsApp-Image-2023-07-08-at-13.02.13.jpeg","contentUrl":"https:\/\/redenoticiaz.com.br\/litoralsp\/wp-content\/uploads\/sites\/3\/2023\/07\/WhatsApp-Image-2023-07-08-at-13.02.13.jpeg","width":793,"height":634,"caption":"Foto: Divulga\u00e7\u00e3o"},{"@type":"WebSite","@id":"https:\/\/redenoticiaz.com.br\/litoralsp\/#website","url":"https:\/\/redenoticiaz.com.br\/litoralsp\/","name":"Litoral SP","description":"Rede NoticiaZ","publisher":{"@id":"https:\/\/redenoticiaz.com.br\/litoralsp\/#organization"},"potentialAction":[{"@type":"SearchAction","target":{"@type":"EntryPoint","urlTemplate":"https:\/\/redenoticiaz.com.br\/litoralsp\/?s={search_term_string}"},"query-input":{"@type":"PropertyValueSpecification","valueRequired":true,"valueName":"search_term_string"}}],"inLanguage":"pt-BR"},{"@type":"Organization","@id":"https:\/\/redenoticiaz.com.br\/litoralsp\/#organization","name":"Litoral SP","url":"https:\/\/redenoticiaz.com.br\/litoralsp\/","logo":{"@type":"ImageObject","inLanguage":"pt-BR","@id":"https:\/\/redenoticiaz.com.br\/litoralsp\/#\/schema\/logo\/image\/","url":"https:\/\/redenoticiaz.com.br\/litoralsp\/wp-content\/uploads\/sites\/3\/2020\/11\/logo.jpg","contentUrl":"https:\/\/redenoticiaz.com.br\/litoralsp\/wp-content\/uploads\/sites\/3\/2020\/11\/logo.jpg","width":400,"height":250,"caption":"Litoral SP"},"image":{"@id":"https:\/\/redenoticiaz.com.br\/litoralsp\/#\/schema\/logo\/image\/"}},{"@type":"Person","@id":"","url":"https:\/\/redenoticiaz.com.br\/litoralsp\/author"}]}},"_links":{"self":[{"href":"https:\/\/redenoticiaz.com.br\/litoralsp\/wp-json\/wp\/v2\/posts\/108111","targetHints":{"allow":["GET"]}}],"collection":[{"href":"https:\/\/redenoticiaz.com.br\/litoralsp\/wp-json\/wp\/v2\/posts"}],"about":[{"href":"https:\/\/redenoticiaz.com.br\/litoralsp\/wp-json\/wp\/v2\/types\/post"}],"author":[{"embeddable":true,"href":"https:\/\/redenoticiaz.com.br\/litoralsp\/wp-json\/wp\/v2\/users\/11"}],"replies":[{"embeddable":true,"href":"https:\/\/redenoticiaz.com.br\/litoralsp\/wp-json\/wp\/v2\/comments?post=108111"}],"version-history":[{"count":2,"href":"https:\/\/redenoticiaz.com.br\/litoralsp\/wp-json\/wp\/v2\/posts\/108111\/revisions"}],"predecessor-version":[{"id":108115,"href":"https:\/\/redenoticiaz.com.br\/litoralsp\/wp-json\/wp\/v2\/posts\/108111\/revisions\/108115"}],"wp:featuredmedia":[{"embeddable":true,"href":"https:\/\/redenoticiaz.com.br\/litoralsp\/wp-json\/wp\/v2\/media\/108114"}],"wp:attachment":[{"href":"https:\/\/redenoticiaz.com.br\/litoralsp\/wp-json\/wp\/v2\/media?parent=108111"}],"wp:term":[{"taxonomy":"category","embeddable":true,"href":"https:\/\/redenoticiaz.com.br\/litoralsp\/wp-json\/wp\/v2\/categories?post=108111"},{"taxonomy":"post_tag","embeddable":true,"href":"https:\/\/redenoticiaz.com.br\/litoralsp\/wp-json\/wp\/v2\/tags?post=108111"}],"curies":[{"name":"wp","href":"https:\/\/api.w.org\/{rel}","templated":true}]}}