{"id":108199,"date":"2023-07-12T10:32:28","date_gmt":"2023-07-12T13:32:28","guid":{"rendered":"https:\/\/redenoticiaz.com.br\/litoralsp\/2023\/07\/12\/ciclone-e-chuva-causam-deslizamentos-de-terra-em-sc"},"modified":"2023-07-12T10:34:58","modified_gmt":"2023-07-12T13:34:58","slug":"ciclone-e-chuva-causam-deslizamentos-de-terra-em-sc","status":"publish","type":"post","link":"https:\/\/redenoticiaz.com.br\/litoralsp\/2023\/07\/12\/ciclone-e-chuva-causam-deslizamentos-de-terra-em-sc","title":{"rendered":"Ciclone e chuva causam deslizamentos de terra em SC"},"content":{"rendered":"<div id=\"chunk-fumo6\">\n<div class=\"mc-column content-text active-extra-styles \" data-block-type=\"unstyled\" data-block-weight=\"43\" data-block-id=\"3\">\n<p class=\"content-text__container \" data-track-category=\"Link no Texto\" data-track-links=\"\">A chuva intensa em Santa Catarina causou estragos em algumas cidades. Houve registro de deslizamentos de terra e alagamentos. N\u00e3o h\u00e1 informa\u00e7\u00f5es sobre feridos.<\/p>\n<\/div>\n<\/div>\n<div class=\"wall protected-content\">\n<div id=\"chunk-b52gi\">\n<div class=\"mc-column content-text active-extra-styles \" data-block-type=\"unstyled\" data-block-weight=\"52\" data-block-id=\"4\">\n<p class=\"content-text__container \" data-track-category=\"Link no Texto\" data-track-links=\"\">Al\u00e9m da chuva, a chegada do ciclone na madrugada desta quarta-feira (12) tamb\u00e9m est\u00e1 contribuindo para a instabilidade no tempo. Segundo a Defesa Civil, a chuva deve seguir at\u00e9 a manh\u00e3 de quinta (13), com acumulados de at\u00e9 150 mil\u00edmetros no Sul, na Serra e na Grande Florian\u00f3polis.<\/p>\n<div id=\"chunk-6mud7\">\n<div class=\"mc-column content-text active-extra-styles \" data-block-type=\"unstyled\" data-block-weight=\"32\" data-block-id=\"9\">\n<p class=\"content-text__container \" data-track-category=\"Link no Texto\" data-track-links=\"\">Na cidade de Itapiranga, no Oeste, as equipes dos bombeiros atenderam oito ocorr\u00eancias relacionadas \u00e0s chuvas. <span class=\"highlight highlighted\">Diversas \u00e1rvores foram retiradas da rodovia ITG 070 e SC 163. Tamb\u00e9m no Oeste de SC, as chuvas causaram transtorno e<\/span>m\u00a0Caibi, Lebon R\u00e9gis.<\/p>\n<p class=\"content-text__container \" data-track-category=\"Link no Texto\" data-track-links=\"\">J\u00e1 no Norte de Santa Catarina, Irine\u00f3polis, os bombeiros precisaram usar a motossera, para obstruir a Estrada Geral Col\u00f4nia Litikoski, depois que uma \u00e1rvore caiu no local.<\/p>\n<p class=\"content-text__container \" data-track-category=\"Link no Texto\" data-track-links=\"\">Em Treze T\u00edlias, a pista da SC-355, na localidade de Linha Ca\u00e7ador, chegou a ceder por conta do volume da chuva no fim da tarde de ter\u00e7a. A Secretaria de Infraestrutura do Estado foi acionada.<\/p>\n<p data-track-category=\"Link no Texto\" data-track-links=\"\">LEIA MAIS<\/p>\n<p data-track-category=\"Link no Texto\" data-track-links=\"\"><a href=\"https:\/\/redenoticiaz.com.br\/barretos-regiao\/sp\/2023\/07\/11\/justica-determina-que-andre-valadao-retire-videos-de-suas-redes-sociais\">Justi\u00e7a determina que Andr\u00e9 Valad\u00e3o retire v\u00eddeos de suas redes sociais<\/a><\/p>\n<\/div>\n<\/div>\n<\/div>\n<\/div>\n<\/div>\n","protected":false},"excerpt":{"rendered":"<p>A chuva intensa em Santa Catarina causou estragos em algumas cidades. Houve registro de deslizamentos de terra e alagamentos. N\u00e3o h\u00e1 informa\u00e7\u00f5es sobre feridos. Al\u00e9m da chuva, a chegada do ciclone na madrugada desta quarta-feira (12) tamb\u00e9m est\u00e1 contribuindo para a instabilidade no tempo. Segundo a Defesa Civil, a chuva deve seguir at\u00e9 a manh\u00e3 &hellip;<\/p>\n","protected":false},"author":30,"featured_media":108200,"comment_status":"open","ping_status":"closed","sticky":false,"template":"","format":"standard","meta":{"footnotes":""},"categories":[26798],"tags":[7441,38371,12670,8510,19557,38755,2923],"class_list":["post-108199","post","type-post","status-publish","format-standard","has-post-thumbnail","hentry","category-climatologia","tag-alagamento","tag-arvores","tag-bombeiro","tag-chuva","tag-ciclone","tag-deslizamento","tag-santa-catarina"],"yoast_head":"<!-- This site is optimized with the Yoast SEO plugin v27.4 - https:\/\/yoast.com\/product\/yoast-seo-wordpress\/ -->\n<title>Ciclone e chuva causam deslizamentos de terra em SC - Litoral SP<\/title>\n<meta name=\"description\" content=\"A chuva intensa em Santa Catarina causou estragos em algumas cidades. Houve registro de deslizamentos de terra e alagamentos.\" \/>\n<meta name=\"robots\" content=\"index, follow, max-snippet:-1, max-image-preview:large, max-video-preview:-1\" \/>\n<link rel=\"canonical\" href=\"https:\/\/redenoticiaz.com.br\/litoralsp\/2023\/07\/12\/ciclone-e-chuva-causam-deslizamentos-de-terra-em-sc\" \/>\n<meta property=\"og:locale\" content=\"pt_BR\" \/>\n<meta property=\"og:type\" content=\"article\" \/>\n<meta property=\"og:title\" content=\"Ciclone e chuva causam deslizamentos de terra em SC - Litoral SP\" \/>\n<meta property=\"og:description\" content=\"A chuva intensa em Santa Catarina causou estragos em algumas cidades. Houve registro de deslizamentos de terra e alagamentos.\" \/>\n<meta property=\"og:url\" content=\"https:\/\/redenoticiaz.com.br\/litoralsp\/2023\/07\/12\/ciclone-e-chuva-causam-deslizamentos-de-terra-em-sc\" \/>\n<meta property=\"og:site_name\" content=\"Litoral SP\" \/>\n<meta property=\"article:published_time\" content=\"2023-07-12T13:32:28+00:00\" \/>\n<meta property=\"article:modified_time\" content=\"2023-07-12T13:34:58+00:00\" \/>\n<meta property=\"og:image\" content=\"https:\/\/redenoticiaz.com.br\/litoralsp\/wp-content\/uploads\/sites\/3\/2023\/07\/Ciclone-e-chuva-causam-deslizamentos-de-terra-em-SC.jpg\" \/>\n\t<meta property=\"og:image:width\" content=\"1640\" \/>\n\t<meta property=\"og:image:height\" content=\"924\" \/>\n\t<meta property=\"og:image:type\" content=\"image\/jpeg\" \/>\n<meta name=\"author\" content=\"Carina Reifonas\" \/>\n<meta name=\"twitter:card\" content=\"summary_large_image\" \/>\n<meta name=\"twitter:label1\" content=\"Escrito por\" \/>\n\t<meta name=\"twitter:data1\" content=\"Carina Reifonas\" \/>\n\t<meta name=\"twitter:label2\" content=\"Est. tempo de leitura\" \/>\n\t<meta name=\"twitter:data2\" content=\"2 minutos\" \/>\n<script type=\"application\/ld+json\" class=\"yoast-schema-graph\">{\"@context\":\"https:\\\/\\\/schema.org\",\"@graph\":[{\"@type\":\"Article\",\"@id\":\"https:\\\/\\\/redenoticiaz.com.br\\\/litoralsp\\\/2023\\\/07\\\/12\\\/ciclone-e-chuva-causam-deslizamentos-de-terra-em-sc#article\",\"isPartOf\":{\"@id\":\"https:\\\/\\\/redenoticiaz.com.br\\\/litoralsp\\\/2023\\\/07\\\/12\\\/ciclone-e-chuva-causam-deslizamentos-de-terra-em-sc\"},\"author\":{\"name\":\"Carina Reifonas\",\"@id\":\"https:\\\/\\\/redenoticiaz.com.br\\\/litoralsp\\\/#\\\/schema\\\/person\\\/1f84d6e94e6a62d2d81199d7503e9e90\"},\"headline\":\"Ciclone e chuva causam deslizamentos de terra em SC\",\"datePublished\":\"2023-07-12T13:32:28+00:00\",\"dateModified\":\"2023-07-12T13:34:58+00:00\",\"mainEntityOfPage\":{\"@id\":\"https:\\\/\\\/redenoticiaz.com.br\\\/litoralsp\\\/2023\\\/07\\\/12\\\/ciclone-e-chuva-causam-deslizamentos-de-terra-em-sc\"},\"wordCount\":208,\"commentCount\":0,\"publisher\":{\"@id\":\"https:\\\/\\\/redenoticiaz.com.br\\\/litoralsp\\\/#organization\"},\"image\":{\"@id\":\"https:\\\/\\\/redenoticiaz.com.br\\\/litoralsp\\\/2023\\\/07\\\/12\\\/ciclone-e-chuva-causam-deslizamentos-de-terra-em-sc#primaryimage\"},\"thumbnailUrl\":\"https:\\\/\\\/redenoticiaz.com.br\\\/litoralsp\\\/wp-content\\\/uploads\\\/sites\\\/3\\\/2023\\\/07\\\/Ciclone-e-chuva-causam-deslizamentos-de-terra-em-SC.jpg\",\"keywords\":[\"ALAGAMENTO\",\"\u00c1RVORES\",\"BOMBEIRO\",\"CHUVA\",\"CICLONE\",\"deslizamento\",\"SANTA CATARINA\"],\"articleSection\":[\"Climatologia\"],\"inLanguage\":\"pt-BR\",\"potentialAction\":[{\"@type\":\"CommentAction\",\"name\":\"Comment\",\"target\":[\"https:\\\/\\\/redenoticiaz.com.br\\\/litoralsp\\\/2023\\\/07\\\/12\\\/ciclone-e-chuva-causam-deslizamentos-de-terra-em-sc#respond\"]}]},{\"@type\":\"WebPage\",\"@id\":\"https:\\\/\\\/redenoticiaz.com.br\\\/litoralsp\\\/2023\\\/07\\\/12\\\/ciclone-e-chuva-causam-deslizamentos-de-terra-em-sc\",\"url\":\"https:\\\/\\\/redenoticiaz.com.br\\\/litoralsp\\\/2023\\\/07\\\/12\\\/ciclone-e-chuva-causam-deslizamentos-de-terra-em-sc\",\"name\":\"Ciclone e chuva causam deslizamentos de terra em SC - Litoral SP\",\"isPartOf\":{\"@id\":\"https:\\\/\\\/redenoticiaz.com.br\\\/litoralsp\\\/#website\"},\"primaryImageOfPage\":{\"@id\":\"https:\\\/\\\/redenoticiaz.com.br\\\/litoralsp\\\/2023\\\/07\\\/12\\\/ciclone-e-chuva-causam-deslizamentos-de-terra-em-sc#primaryimage\"},\"image\":{\"@id\":\"https:\\\/\\\/redenoticiaz.com.br\\\/litoralsp\\\/2023\\\/07\\\/12\\\/ciclone-e-chuva-causam-deslizamentos-de-terra-em-sc#primaryimage\"},\"thumbnailUrl\":\"https:\\\/\\\/redenoticiaz.com.br\\\/litoralsp\\\/wp-content\\\/uploads\\\/sites\\\/3\\\/2023\\\/07\\\/Ciclone-e-chuva-causam-deslizamentos-de-terra-em-SC.jpg\",\"datePublished\":\"2023-07-12T13:32:28+00:00\",\"dateModified\":\"2023-07-12T13:34:58+00:00\",\"description\":\"A chuva intensa em Santa Catarina causou estragos em algumas cidades. Houve registro de deslizamentos de terra e alagamentos.\",\"inLanguage\":\"pt-BR\",\"potentialAction\":[{\"@type\":\"ReadAction\",\"target\":[\"https:\\\/\\\/redenoticiaz.com.br\\\/litoralsp\\\/2023\\\/07\\\/12\\\/ciclone-e-chuva-causam-deslizamentos-de-terra-em-sc\"]}]},{\"@type\":\"ImageObject\",\"inLanguage\":\"pt-BR\",\"@id\":\"https:\\\/\\\/redenoticiaz.com.br\\\/litoralsp\\\/2023\\\/07\\\/12\\\/ciclone-e-chuva-causam-deslizamentos-de-terra-em-sc#primaryimage\",\"url\":\"https:\\\/\\\/redenoticiaz.com.br\\\/litoralsp\\\/wp-content\\\/uploads\\\/sites\\\/3\\\/2023\\\/07\\\/Ciclone-e-chuva-causam-deslizamentos-de-terra-em-SC.jpg\",\"contentUrl\":\"https:\\\/\\\/redenoticiaz.com.br\\\/litoralsp\\\/wp-content\\\/uploads\\\/sites\\\/3\\\/2023\\\/07\\\/Ciclone-e-chuva-causam-deslizamentos-de-terra-em-SC.jpg\",\"width\":1640,\"height\":924,\"caption\":\"Deslizamento de terra em Lebon R\u00e9gis engole parcialmente carro. Cr\u00e9dito: Reprodu\u00e7\u00e3o\"},{\"@type\":\"WebSite\",\"@id\":\"https:\\\/\\\/redenoticiaz.com.br\\\/litoralsp\\\/#website\",\"url\":\"https:\\\/\\\/redenoticiaz.com.br\\\/litoralsp\\\/\",\"name\":\"Litoral SP\",\"description\":\"Rede NoticiaZ\",\"publisher\":{\"@id\":\"https:\\\/\\\/redenoticiaz.com.br\\\/litoralsp\\\/#organization\"},\"potentialAction\":[{\"@type\":\"SearchAction\",\"target\":{\"@type\":\"EntryPoint\",\"urlTemplate\":\"https:\\\/\\\/redenoticiaz.com.br\\\/litoralsp\\\/?s={search_term_string}\"},\"query-input\":{\"@type\":\"PropertyValueSpecification\",\"valueRequired\":true,\"valueName\":\"search_term_string\"}}],\"inLanguage\":\"pt-BR\"},{\"@type\":\"Organization\",\"@id\":\"https:\\\/\\\/redenoticiaz.com.br\\\/litoralsp\\\/#organization\",\"name\":\"Litoral SP\",\"url\":\"https:\\\/\\\/redenoticiaz.com.br\\\/litoralsp\\\/\",\"logo\":{\"@type\":\"ImageObject\",\"inLanguage\":\"pt-BR\",\"@id\":\"https:\\\/\\\/redenoticiaz.com.br\\\/litoralsp\\\/#\\\/schema\\\/logo\\\/image\\\/\",\"url\":\"https:\\\/\\\/redenoticiaz.com.br\\\/litoralsp\\\/wp-content\\\/uploads\\\/sites\\\/3\\\/2020\\\/11\\\/logo.jpg\",\"contentUrl\":\"https:\\\/\\\/redenoticiaz.com.br\\\/litoralsp\\\/wp-content\\\/uploads\\\/sites\\\/3\\\/2020\\\/11\\\/logo.jpg\",\"width\":400,\"height\":250,\"caption\":\"Litoral SP\"},\"image\":{\"@id\":\"https:\\\/\\\/redenoticiaz.com.br\\\/litoralsp\\\/#\\\/schema\\\/logo\\\/image\\\/\"}},{\"@type\":\"Person\",\"@id\":\"https:\\\/\\\/redenoticiaz.com.br\\\/litoralsp\\\/#\\\/schema\\\/person\\\/1f84d6e94e6a62d2d81199d7503e9e90\",\"name\":\"Carina Reifonas\",\"image\":{\"@type\":\"ImageObject\",\"inLanguage\":\"pt-BR\",\"@id\":\"https:\\\/\\\/secure.gravatar.com\\\/avatar\\\/04c59859b23696cf867715880f81d5c037e60109730bdb4e6670ec2a2245bc97?s=96&d=mm&r=g\",\"url\":\"https:\\\/\\\/secure.gravatar.com\\\/avatar\\\/04c59859b23696cf867715880f81d5c037e60109730bdb4e6670ec2a2245bc97?s=96&d=mm&r=g\",\"contentUrl\":\"https:\\\/\\\/secure.gravatar.com\\\/avatar\\\/04c59859b23696cf867715880f81d5c037e60109730bdb4e6670ec2a2245bc97?s=96&d=mm&r=g\",\"caption\":\"Carina Reifonas\"},\"url\":\"https:\\\/\\\/redenoticiaz.com.br\\\/litoralsp\\\/author\\\/carinareifonas\"}]}<\/script>\n<!-- \/ Yoast SEO plugin. -->","yoast_head_json":{"title":"Ciclone e chuva causam deslizamentos de terra em SC - Litoral SP","description":"A chuva intensa em Santa Catarina causou estragos em algumas cidades. Houve registro de deslizamentos de terra e alagamentos.","robots":{"index":"index","follow":"follow","max-snippet":"max-snippet:-1","max-image-preview":"max-image-preview:large","max-video-preview":"max-video-preview:-1"},"canonical":"https:\/\/redenoticiaz.com.br\/litoralsp\/2023\/07\/12\/ciclone-e-chuva-causam-deslizamentos-de-terra-em-sc","og_locale":"pt_BR","og_type":"article","og_title":"Ciclone e chuva causam deslizamentos de terra em SC - Litoral SP","og_description":"A chuva intensa em Santa Catarina causou estragos em algumas cidades. Houve registro de deslizamentos de terra e alagamentos.","og_url":"https:\/\/redenoticiaz.com.br\/litoralsp\/2023\/07\/12\/ciclone-e-chuva-causam-deslizamentos-de-terra-em-sc","og_site_name":"Litoral SP","article_published_time":"2023-07-12T13:32:28+00:00","article_modified_time":"2023-07-12T13:34:58+00:00","og_image":[{"width":1640,"height":924,"url":"https:\/\/redenoticiaz.com.br\/litoralsp\/wp-content\/uploads\/sites\/3\/2023\/07\/Ciclone-e-chuva-causam-deslizamentos-de-terra-em-SC.jpg","type":"image\/jpeg"}],"author":"Carina Reifonas","twitter_card":"summary_large_image","twitter_misc":{"Escrito por":"Carina Reifonas","Est. tempo de leitura":"2 minutos"},"schema":{"@context":"https:\/\/schema.org","@graph":[{"@type":"Article","@id":"https:\/\/redenoticiaz.com.br\/litoralsp\/2023\/07\/12\/ciclone-e-chuva-causam-deslizamentos-de-terra-em-sc#article","isPartOf":{"@id":"https:\/\/redenoticiaz.com.br\/litoralsp\/2023\/07\/12\/ciclone-e-chuva-causam-deslizamentos-de-terra-em-sc"},"author":{"name":"Carina Reifonas","@id":"https:\/\/redenoticiaz.com.br\/litoralsp\/#\/schema\/person\/1f84d6e94e6a62d2d81199d7503e9e90"},"headline":"Ciclone e chuva causam deslizamentos de terra em SC","datePublished":"2023-07-12T13:32:28+00:00","dateModified":"2023-07-12T13:34:58+00:00","mainEntityOfPage":{"@id":"https:\/\/redenoticiaz.com.br\/litoralsp\/2023\/07\/12\/ciclone-e-chuva-causam-deslizamentos-de-terra-em-sc"},"wordCount":208,"commentCount":0,"publisher":{"@id":"https:\/\/redenoticiaz.com.br\/litoralsp\/#organization"},"image":{"@id":"https:\/\/redenoticiaz.com.br\/litoralsp\/2023\/07\/12\/ciclone-e-chuva-causam-deslizamentos-de-terra-em-sc#primaryimage"},"thumbnailUrl":"https:\/\/redenoticiaz.com.br\/litoralsp\/wp-content\/uploads\/sites\/3\/2023\/07\/Ciclone-e-chuva-causam-deslizamentos-de-terra-em-SC.jpg","keywords":["ALAGAMENTO","\u00c1RVORES","BOMBEIRO","CHUVA","CICLONE","deslizamento","SANTA CATARINA"],"articleSection":["Climatologia"],"inLanguage":"pt-BR","potentialAction":[{"@type":"CommentAction","name":"Comment","target":["https:\/\/redenoticiaz.com.br\/litoralsp\/2023\/07\/12\/ciclone-e-chuva-causam-deslizamentos-de-terra-em-sc#respond"]}]},{"@type":"WebPage","@id":"https:\/\/redenoticiaz.com.br\/litoralsp\/2023\/07\/12\/ciclone-e-chuva-causam-deslizamentos-de-terra-em-sc","url":"https:\/\/redenoticiaz.com.br\/litoralsp\/2023\/07\/12\/ciclone-e-chuva-causam-deslizamentos-de-terra-em-sc","name":"Ciclone e chuva causam deslizamentos de terra em SC - Litoral SP","isPartOf":{"@id":"https:\/\/redenoticiaz.com.br\/litoralsp\/#website"},"primaryImageOfPage":{"@id":"https:\/\/redenoticiaz.com.br\/litoralsp\/2023\/07\/12\/ciclone-e-chuva-causam-deslizamentos-de-terra-em-sc#primaryimage"},"image":{"@id":"https:\/\/redenoticiaz.com.br\/litoralsp\/2023\/07\/12\/ciclone-e-chuva-causam-deslizamentos-de-terra-em-sc#primaryimage"},"thumbnailUrl":"https:\/\/redenoticiaz.com.br\/litoralsp\/wp-content\/uploads\/sites\/3\/2023\/07\/Ciclone-e-chuva-causam-deslizamentos-de-terra-em-SC.jpg","datePublished":"2023-07-12T13:32:28+00:00","dateModified":"2023-07-12T13:34:58+00:00","description":"A chuva intensa em Santa Catarina causou estragos em algumas cidades. Houve registro de deslizamentos de terra e alagamentos.","inLanguage":"pt-BR","potentialAction":[{"@type":"ReadAction","target":["https:\/\/redenoticiaz.com.br\/litoralsp\/2023\/07\/12\/ciclone-e-chuva-causam-deslizamentos-de-terra-em-sc"]}]},{"@type":"ImageObject","inLanguage":"pt-BR","@id":"https:\/\/redenoticiaz.com.br\/litoralsp\/2023\/07\/12\/ciclone-e-chuva-causam-deslizamentos-de-terra-em-sc#primaryimage","url":"https:\/\/redenoticiaz.com.br\/litoralsp\/wp-content\/uploads\/sites\/3\/2023\/07\/Ciclone-e-chuva-causam-deslizamentos-de-terra-em-SC.jpg","contentUrl":"https:\/\/redenoticiaz.com.br\/litoralsp\/wp-content\/uploads\/sites\/3\/2023\/07\/Ciclone-e-chuva-causam-deslizamentos-de-terra-em-SC.jpg","width":1640,"height":924,"caption":"Deslizamento de terra em Lebon R\u00e9gis engole parcialmente carro. Cr\u00e9dito: Reprodu\u00e7\u00e3o"},{"@type":"WebSite","@id":"https:\/\/redenoticiaz.com.br\/litoralsp\/#website","url":"https:\/\/redenoticiaz.com.br\/litoralsp\/","name":"Litoral SP","description":"Rede NoticiaZ","publisher":{"@id":"https:\/\/redenoticiaz.com.br\/litoralsp\/#organization"},"potentialAction":[{"@type":"SearchAction","target":{"@type":"EntryPoint","urlTemplate":"https:\/\/redenoticiaz.com.br\/litoralsp\/?s={search_term_string}"},"query-input":{"@type":"PropertyValueSpecification","valueRequired":true,"valueName":"search_term_string"}}],"inLanguage":"pt-BR"},{"@type":"Organization","@id":"https:\/\/redenoticiaz.com.br\/litoralsp\/#organization","name":"Litoral SP","url":"https:\/\/redenoticiaz.com.br\/litoralsp\/","logo":{"@type":"ImageObject","inLanguage":"pt-BR","@id":"https:\/\/redenoticiaz.com.br\/litoralsp\/#\/schema\/logo\/image\/","url":"https:\/\/redenoticiaz.com.br\/litoralsp\/wp-content\/uploads\/sites\/3\/2020\/11\/logo.jpg","contentUrl":"https:\/\/redenoticiaz.com.br\/litoralsp\/wp-content\/uploads\/sites\/3\/2020\/11\/logo.jpg","width":400,"height":250,"caption":"Litoral SP"},"image":{"@id":"https:\/\/redenoticiaz.com.br\/litoralsp\/#\/schema\/logo\/image\/"}},{"@type":"Person","@id":"https:\/\/redenoticiaz.com.br\/litoralsp\/#\/schema\/person\/1f84d6e94e6a62d2d81199d7503e9e90","name":"Carina Reifonas","image":{"@type":"ImageObject","inLanguage":"pt-BR","@id":"https:\/\/secure.gravatar.com\/avatar\/04c59859b23696cf867715880f81d5c037e60109730bdb4e6670ec2a2245bc97?s=96&d=mm&r=g","url":"https:\/\/secure.gravatar.com\/avatar\/04c59859b23696cf867715880f81d5c037e60109730bdb4e6670ec2a2245bc97?s=96&d=mm&r=g","contentUrl":"https:\/\/secure.gravatar.com\/avatar\/04c59859b23696cf867715880f81d5c037e60109730bdb4e6670ec2a2245bc97?s=96&d=mm&r=g","caption":"Carina Reifonas"},"url":"https:\/\/redenoticiaz.com.br\/litoralsp\/author\/carinareifonas"}]}},"_links":{"self":[{"href":"https:\/\/redenoticiaz.com.br\/litoralsp\/wp-json\/wp\/v2\/posts\/108199","targetHints":{"allow":["GET"]}}],"collection":[{"href":"https:\/\/redenoticiaz.com.br\/litoralsp\/wp-json\/wp\/v2\/posts"}],"about":[{"href":"https:\/\/redenoticiaz.com.br\/litoralsp\/wp-json\/wp\/v2\/types\/post"}],"author":[{"embeddable":true,"href":"https:\/\/redenoticiaz.com.br\/litoralsp\/wp-json\/wp\/v2\/users\/30"}],"replies":[{"embeddable":true,"href":"https:\/\/redenoticiaz.com.br\/litoralsp\/wp-json\/wp\/v2\/comments?post=108199"}],"version-history":[{"count":1,"href":"https:\/\/redenoticiaz.com.br\/litoralsp\/wp-json\/wp\/v2\/posts\/108199\/revisions"}],"predecessor-version":[{"id":108201,"href":"https:\/\/redenoticiaz.com.br\/litoralsp\/wp-json\/wp\/v2\/posts\/108199\/revisions\/108201"}],"wp:featuredmedia":[{"embeddable":true,"href":"https:\/\/redenoticiaz.com.br\/litoralsp\/wp-json\/wp\/v2\/media\/108200"}],"wp:attachment":[{"href":"https:\/\/redenoticiaz.com.br\/litoralsp\/wp-json\/wp\/v2\/media?parent=108199"}],"wp:term":[{"taxonomy":"category","embeddable":true,"href":"https:\/\/redenoticiaz.com.br\/litoralsp\/wp-json\/wp\/v2\/categories?post=108199"},{"taxonomy":"post_tag","embeddable":true,"href":"https:\/\/redenoticiaz.com.br\/litoralsp\/wp-json\/wp\/v2\/tags?post=108199"}],"curies":[{"name":"wp","href":"https:\/\/api.w.org\/{rel}","templated":true}]}}