{"id":108263,"date":"2023-07-13T14:01:17","date_gmt":"2023-07-13T17:01:17","guid":{"rendered":"https:\/\/redenoticiaz.com.br\/litoralsp\/?p=108263"},"modified":"2023-07-13T14:01:17","modified_gmt":"2023-07-13T17:01:17","slug":"cubatao-entrara-em-estado-de-atencao-devido-a-fortes-ventos","status":"publish","type":"post","link":"https:\/\/redenoticiaz.com.br\/litoralsp\/2023\/07\/13\/cubatao-entrara-em-estado-de-atencao-devido-a-fortes-ventos","title":{"rendered":"Cubat\u00e3o entrar\u00e1 em estado de aten\u00e7\u00e3o devido a fortes ventos"},"content":{"rendered":"<p>A Prefeitura de Cubat\u00e3o deve publicar nesta quinta-feira (13), decreto municipal informando sobre estado de alerta na cidade em raz\u00e3o da situa\u00e7\u00e3o de emerg\u00eancia por conta dos fortes ventos que atingem o munic\u00edpio desde a madrugada.<\/p>\n<p>De acordo com as informa\u00e7\u00f5es, a Prefeitura refor\u00e7a que est\u00e1 suspenso atendimento ao p\u00fablico nesta quinta no Pa\u00e7o Pia\u00e7aguera e demais pr\u00f3prios p\u00fablicos.<\/p>\n<p>Sendo assim, os pr\u00e9dios municipais que foram danificados pela ventania ter\u00e3o o atendimento retomado ap\u00f3s repara\u00e7\u00e3o dos danos.<\/p>\n<p>E informa que os prazos processuais atinentes a processos administrativos que tramitam no \u00e2mbito municipal ficam igualmente suspensos.<\/p>\n<h2>Cancelamento<\/h2>\n<p>Os fortes ventos tamb\u00e9m causaram danos \u00e0 estrutura do Fest\u00e3o Cubat\u00e3o, no Kart\u00f3dromo Municipal. Por isso, a Prefeitura de Cubat\u00e3o informa que est\u00e3o suspensas as atividades do Fest\u00e3o neste fim de semana (14 a 16), por quest\u00f5es de seguran\u00e7a e remontagem do evento. As atra\u00e7\u00f5es previstas para estas sexta, s\u00e1bado e domingo, dever\u00e3o acontecer em outras datas a serem definidas. A Defesa Civil j\u00e1 foi acionada e deve realizar vistoria no local ainda hoje.<\/p>\n<p>A terceira eliminat\u00f3ria do Show de Calouros, que aconteceria domingo, dever\u00e1 ser transferida para o dia 23\/7, domingo, e a grande final, para 29\/7, s\u00e1bado. As datas ser\u00e3o confirmadas pela organiza\u00e7\u00e3o em detrimento da agenda dos artistas.<\/p>\n<p><strong>Leia mais<\/strong><\/p>\n<p><a href=\"https:\/\/redenoticiaz.com.br\/litoralsp\/2023\/07\/13\/fortes-ventos-provocam-fechamento-do-porto-de-santos\">Fortes ventos provocam fechamento do Porto de Santos<\/a><\/p>\n","protected":false},"excerpt":{"rendered":"<p>A Prefeitura de Cubat\u00e3o deve publicar nesta quinta-feira (13), decreto municipal informando sobre estado de alerta na cidade em raz\u00e3o da situa\u00e7\u00e3o de emerg\u00eancia por conta dos fortes ventos que atingem o munic\u00edpio desde a madrugada. De acordo com as informa\u00e7\u00f5es, a Prefeitura refor\u00e7a que est\u00e1 suspenso atendimento ao p\u00fablico nesta quinta no Pa\u00e7o Pia\u00e7aguera &hellip;<\/p>\n","protected":false},"author":12,"featured_media":92014,"comment_status":"open","ping_status":"closed","sticky":false,"template":"","format":"standard","meta":{"footnotes":""},"categories":[26798,186],"tags":[9089,1272,1024,20041,63423],"class_list":["post-108263","post","type-post","status-publish","format-standard","has-post-thumbnail","hentry","category-climatologia","category-cubatao","tag-adiamento","tag-cancelamento","tag-cubatao","tag-estado-de-atencao","tag-fortes-ventos"],"yoast_head":"<!-- This site is optimized with the Yoast SEO plugin v27.4 - https:\/\/yoast.com\/product\/yoast-seo-wordpress\/ -->\n<title>Cubat\u00e3o entrar\u00e1 em estado de aten\u00e7\u00e3o devido a fortes ventos - Litoral SP<\/title>\n<meta name=\"description\" content=\"A Prefeitura refor\u00e7ou que est\u00e1 suspenso atendimento ao p\u00fablico nesta quinta no Pa\u00e7o Pia\u00e7aguera e demais pr\u00f3prios p\u00fablicos\" \/>\n<meta name=\"robots\" content=\"index, follow, max-snippet:-1, max-image-preview:large, max-video-preview:-1\" \/>\n<link rel=\"canonical\" href=\"https:\/\/redenoticiaz.com.br\/litoralsp\/2023\/07\/13\/cubatao-entrara-em-estado-de-atencao-devido-a-fortes-ventos\" \/>\n<meta property=\"og:locale\" content=\"pt_BR\" \/>\n<meta property=\"og:type\" content=\"article\" \/>\n<meta property=\"og:title\" content=\"Cubat\u00e3o entrar\u00e1 em estado de aten\u00e7\u00e3o devido a fortes ventos - Litoral SP\" \/>\n<meta property=\"og:description\" content=\"A Prefeitura refor\u00e7ou que est\u00e1 suspenso atendimento ao p\u00fablico nesta quinta no Pa\u00e7o Pia\u00e7aguera e demais pr\u00f3prios p\u00fablicos\" \/>\n<meta property=\"og:url\" content=\"https:\/\/redenoticiaz.com.br\/litoralsp\/2023\/07\/13\/cubatao-entrara-em-estado-de-atencao-devido-a-fortes-ventos\" \/>\n<meta property=\"og:site_name\" content=\"Litoral SP\" \/>\n<meta property=\"article:published_time\" content=\"2023-07-13T17:01:17+00:00\" \/>\n<meta property=\"og:image\" content=\"https:\/\/redenoticiaz.com.br\/litoralsp\/wp-content\/uploads\/sites\/3\/2022\/09\/image_preview-e1664033155593.jpg\" \/>\n\t<meta property=\"og:image:width\" content=\"400\" \/>\n\t<meta property=\"og:image:height\" content=\"223\" \/>\n\t<meta property=\"og:image:type\" content=\"image\/jpeg\" \/>\n<meta name=\"author\" content=\"Gustavo Silva\" \/>\n<meta name=\"twitter:card\" content=\"summary_large_image\" \/>\n<meta name=\"twitter:label1\" content=\"Escrito por\" \/>\n\t<meta name=\"twitter:data1\" content=\"Gustavo Silva\" \/>\n\t<meta name=\"twitter:label2\" content=\"Est. tempo de leitura\" \/>\n\t<meta name=\"twitter:data2\" content=\"2 minutos\" \/>\n<script type=\"application\/ld+json\" class=\"yoast-schema-graph\">{\"@context\":\"https:\\\/\\\/schema.org\",\"@graph\":[{\"@type\":\"Article\",\"@id\":\"https:\\\/\\\/redenoticiaz.com.br\\\/litoralsp\\\/2023\\\/07\\\/13\\\/cubatao-entrara-em-estado-de-atencao-devido-a-fortes-ventos#article\",\"isPartOf\":{\"@id\":\"https:\\\/\\\/redenoticiaz.com.br\\\/litoralsp\\\/2023\\\/07\\\/13\\\/cubatao-entrara-em-estado-de-atencao-devido-a-fortes-ventos\"},\"author\":{\"name\":\"Gustavo Silva\",\"@id\":\"https:\\\/\\\/redenoticiaz.com.br\\\/litoralsp\\\/#\\\/schema\\\/person\\\/16057b37a3c0ee6b096d7f887c566e2e\"},\"headline\":\"Cubat\u00e3o entrar\u00e1 em estado de aten\u00e7\u00e3o devido a fortes ventos\",\"datePublished\":\"2023-07-13T17:01:17+00:00\",\"mainEntityOfPage\":{\"@id\":\"https:\\\/\\\/redenoticiaz.com.br\\\/litoralsp\\\/2023\\\/07\\\/13\\\/cubatao-entrara-em-estado-de-atencao-devido-a-fortes-ventos\"},\"wordCount\":255,\"commentCount\":0,\"publisher\":{\"@id\":\"https:\\\/\\\/redenoticiaz.com.br\\\/litoralsp\\\/#organization\"},\"image\":{\"@id\":\"https:\\\/\\\/redenoticiaz.com.br\\\/litoralsp\\\/2023\\\/07\\\/13\\\/cubatao-entrara-em-estado-de-atencao-devido-a-fortes-ventos#primaryimage\"},\"thumbnailUrl\":\"https:\\\/\\\/redenoticiaz.com.br\\\/litoralsp\\\/wp-content\\\/uploads\\\/sites\\\/3\\\/2022\\\/09\\\/image_preview-e1664033155593.jpg\",\"keywords\":[\"ADIAMENTO\",\"CANCELAMENTO\",\"CUBAT\u00c3O\",\"ESTADO DE ATEN\u00c7\u00c3O\",\"fortes ventos\"],\"articleSection\":[\"Climatologia\",\"Cubat\u00e3o\"],\"inLanguage\":\"pt-BR\",\"potentialAction\":[{\"@type\":\"CommentAction\",\"name\":\"Comment\",\"target\":[\"https:\\\/\\\/redenoticiaz.com.br\\\/litoralsp\\\/2023\\\/07\\\/13\\\/cubatao-entrara-em-estado-de-atencao-devido-a-fortes-ventos#respond\"]}]},{\"@type\":\"WebPage\",\"@id\":\"https:\\\/\\\/redenoticiaz.com.br\\\/litoralsp\\\/2023\\\/07\\\/13\\\/cubatao-entrara-em-estado-de-atencao-devido-a-fortes-ventos\",\"url\":\"https:\\\/\\\/redenoticiaz.com.br\\\/litoralsp\\\/2023\\\/07\\\/13\\\/cubatao-entrara-em-estado-de-atencao-devido-a-fortes-ventos\",\"name\":\"Cubat\u00e3o entrar\u00e1 em estado de aten\u00e7\u00e3o devido a fortes ventos - Litoral SP\",\"isPartOf\":{\"@id\":\"https:\\\/\\\/redenoticiaz.com.br\\\/litoralsp\\\/#website\"},\"primaryImageOfPage\":{\"@id\":\"https:\\\/\\\/redenoticiaz.com.br\\\/litoralsp\\\/2023\\\/07\\\/13\\\/cubatao-entrara-em-estado-de-atencao-devido-a-fortes-ventos#primaryimage\"},\"image\":{\"@id\":\"https:\\\/\\\/redenoticiaz.com.br\\\/litoralsp\\\/2023\\\/07\\\/13\\\/cubatao-entrara-em-estado-de-atencao-devido-a-fortes-ventos#primaryimage\"},\"thumbnailUrl\":\"https:\\\/\\\/redenoticiaz.com.br\\\/litoralsp\\\/wp-content\\\/uploads\\\/sites\\\/3\\\/2022\\\/09\\\/image_preview-e1664033155593.jpg\",\"datePublished\":\"2023-07-13T17:01:17+00:00\",\"description\":\"A Prefeitura refor\u00e7ou que est\u00e1 suspenso atendimento ao p\u00fablico nesta quinta no Pa\u00e7o Pia\u00e7aguera e demais pr\u00f3prios p\u00fablicos\",\"inLanguage\":\"pt-BR\",\"potentialAction\":[{\"@type\":\"ReadAction\",\"target\":[\"https:\\\/\\\/redenoticiaz.com.br\\\/litoralsp\\\/2023\\\/07\\\/13\\\/cubatao-entrara-em-estado-de-atencao-devido-a-fortes-ventos\"]}]},{\"@type\":\"ImageObject\",\"inLanguage\":\"pt-BR\",\"@id\":\"https:\\\/\\\/redenoticiaz.com.br\\\/litoralsp\\\/2023\\\/07\\\/13\\\/cubatao-entrara-em-estado-de-atencao-devido-a-fortes-ventos#primaryimage\",\"url\":\"https:\\\/\\\/redenoticiaz.com.br\\\/litoralsp\\\/wp-content\\\/uploads\\\/sites\\\/3\\\/2022\\\/09\\\/image_preview-e1664033155593.jpg\",\"contentUrl\":\"https:\\\/\\\/redenoticiaz.com.br\\\/litoralsp\\\/wp-content\\\/uploads\\\/sites\\\/3\\\/2022\\\/09\\\/image_preview-e1664033155593.jpg\",\"width\":400,\"height\":223,\"caption\":\"Cr\u00e9ditos: Divulga\u00e7\u00e3o\\\/C\u00e2mara de Cubat\u00e3o\"},{\"@type\":\"WebSite\",\"@id\":\"https:\\\/\\\/redenoticiaz.com.br\\\/litoralsp\\\/#website\",\"url\":\"https:\\\/\\\/redenoticiaz.com.br\\\/litoralsp\\\/\",\"name\":\"Litoral SP\",\"description\":\"Rede NoticiaZ\",\"publisher\":{\"@id\":\"https:\\\/\\\/redenoticiaz.com.br\\\/litoralsp\\\/#organization\"},\"potentialAction\":[{\"@type\":\"SearchAction\",\"target\":{\"@type\":\"EntryPoint\",\"urlTemplate\":\"https:\\\/\\\/redenoticiaz.com.br\\\/litoralsp\\\/?s={search_term_string}\"},\"query-input\":{\"@type\":\"PropertyValueSpecification\",\"valueRequired\":true,\"valueName\":\"search_term_string\"}}],\"inLanguage\":\"pt-BR\"},{\"@type\":\"Organization\",\"@id\":\"https:\\\/\\\/redenoticiaz.com.br\\\/litoralsp\\\/#organization\",\"name\":\"Litoral SP\",\"url\":\"https:\\\/\\\/redenoticiaz.com.br\\\/litoralsp\\\/\",\"logo\":{\"@type\":\"ImageObject\",\"inLanguage\":\"pt-BR\",\"@id\":\"https:\\\/\\\/redenoticiaz.com.br\\\/litoralsp\\\/#\\\/schema\\\/logo\\\/image\\\/\",\"url\":\"https:\\\/\\\/redenoticiaz.com.br\\\/litoralsp\\\/wp-content\\\/uploads\\\/sites\\\/3\\\/2020\\\/11\\\/logo.jpg\",\"contentUrl\":\"https:\\\/\\\/redenoticiaz.com.br\\\/litoralsp\\\/wp-content\\\/uploads\\\/sites\\\/3\\\/2020\\\/11\\\/logo.jpg\",\"width\":400,\"height\":250,\"caption\":\"Litoral SP\"},\"image\":{\"@id\":\"https:\\\/\\\/redenoticiaz.com.br\\\/litoralsp\\\/#\\\/schema\\\/logo\\\/image\\\/\"}},{\"@type\":\"Person\",\"@id\":\"https:\\\/\\\/redenoticiaz.com.br\\\/litoralsp\\\/#\\\/schema\\\/person\\\/16057b37a3c0ee6b096d7f887c566e2e\",\"name\":\"Gustavo Silva\",\"image\":{\"@type\":\"ImageObject\",\"inLanguage\":\"pt-BR\",\"@id\":\"https:\\\/\\\/secure.gravatar.com\\\/avatar\\\/3ee4e82f93b26de0a7cf4ea5eb7893da637ed6bb0c9170c58065944c56e28a33?s=96&d=mm&r=g\",\"url\":\"https:\\\/\\\/secure.gravatar.com\\\/avatar\\\/3ee4e82f93b26de0a7cf4ea5eb7893da637ed6bb0c9170c58065944c56e28a33?s=96&d=mm&r=g\",\"contentUrl\":\"https:\\\/\\\/secure.gravatar.com\\\/avatar\\\/3ee4e82f93b26de0a7cf4ea5eb7893da637ed6bb0c9170c58065944c56e28a33?s=96&d=mm&r=g\",\"caption\":\"Gustavo Silva\"},\"url\":\"https:\\\/\\\/redenoticiaz.com.br\\\/litoralsp\\\/author\\\/gustavosilva\"}]}<\/script>\n<!-- \/ Yoast SEO plugin. -->","yoast_head_json":{"title":"Cubat\u00e3o entrar\u00e1 em estado de aten\u00e7\u00e3o devido a fortes ventos - Litoral SP","description":"A Prefeitura refor\u00e7ou que est\u00e1 suspenso atendimento ao p\u00fablico nesta quinta no Pa\u00e7o Pia\u00e7aguera e demais pr\u00f3prios p\u00fablicos","robots":{"index":"index","follow":"follow","max-snippet":"max-snippet:-1","max-image-preview":"max-image-preview:large","max-video-preview":"max-video-preview:-1"},"canonical":"https:\/\/redenoticiaz.com.br\/litoralsp\/2023\/07\/13\/cubatao-entrara-em-estado-de-atencao-devido-a-fortes-ventos","og_locale":"pt_BR","og_type":"article","og_title":"Cubat\u00e3o entrar\u00e1 em estado de aten\u00e7\u00e3o devido a fortes ventos - Litoral SP","og_description":"A Prefeitura refor\u00e7ou que est\u00e1 suspenso atendimento ao p\u00fablico nesta quinta no Pa\u00e7o Pia\u00e7aguera e demais pr\u00f3prios p\u00fablicos","og_url":"https:\/\/redenoticiaz.com.br\/litoralsp\/2023\/07\/13\/cubatao-entrara-em-estado-de-atencao-devido-a-fortes-ventos","og_site_name":"Litoral SP","article_published_time":"2023-07-13T17:01:17+00:00","og_image":[{"width":400,"height":223,"url":"https:\/\/redenoticiaz.com.br\/litoralsp\/wp-content\/uploads\/sites\/3\/2022\/09\/image_preview-e1664033155593.jpg","type":"image\/jpeg"}],"author":"Gustavo Silva","twitter_card":"summary_large_image","twitter_misc":{"Escrito por":"Gustavo Silva","Est. tempo de leitura":"2 minutos"},"schema":{"@context":"https:\/\/schema.org","@graph":[{"@type":"Article","@id":"https:\/\/redenoticiaz.com.br\/litoralsp\/2023\/07\/13\/cubatao-entrara-em-estado-de-atencao-devido-a-fortes-ventos#article","isPartOf":{"@id":"https:\/\/redenoticiaz.com.br\/litoralsp\/2023\/07\/13\/cubatao-entrara-em-estado-de-atencao-devido-a-fortes-ventos"},"author":{"name":"Gustavo Silva","@id":"https:\/\/redenoticiaz.com.br\/litoralsp\/#\/schema\/person\/16057b37a3c0ee6b096d7f887c566e2e"},"headline":"Cubat\u00e3o entrar\u00e1 em estado de aten\u00e7\u00e3o devido a fortes ventos","datePublished":"2023-07-13T17:01:17+00:00","mainEntityOfPage":{"@id":"https:\/\/redenoticiaz.com.br\/litoralsp\/2023\/07\/13\/cubatao-entrara-em-estado-de-atencao-devido-a-fortes-ventos"},"wordCount":255,"commentCount":0,"publisher":{"@id":"https:\/\/redenoticiaz.com.br\/litoralsp\/#organization"},"image":{"@id":"https:\/\/redenoticiaz.com.br\/litoralsp\/2023\/07\/13\/cubatao-entrara-em-estado-de-atencao-devido-a-fortes-ventos#primaryimage"},"thumbnailUrl":"https:\/\/redenoticiaz.com.br\/litoralsp\/wp-content\/uploads\/sites\/3\/2022\/09\/image_preview-e1664033155593.jpg","keywords":["ADIAMENTO","CANCELAMENTO","CUBAT\u00c3O","ESTADO DE ATEN\u00c7\u00c3O","fortes ventos"],"articleSection":["Climatologia","Cubat\u00e3o"],"inLanguage":"pt-BR","potentialAction":[{"@type":"CommentAction","name":"Comment","target":["https:\/\/redenoticiaz.com.br\/litoralsp\/2023\/07\/13\/cubatao-entrara-em-estado-de-atencao-devido-a-fortes-ventos#respond"]}]},{"@type":"WebPage","@id":"https:\/\/redenoticiaz.com.br\/litoralsp\/2023\/07\/13\/cubatao-entrara-em-estado-de-atencao-devido-a-fortes-ventos","url":"https:\/\/redenoticiaz.com.br\/litoralsp\/2023\/07\/13\/cubatao-entrara-em-estado-de-atencao-devido-a-fortes-ventos","name":"Cubat\u00e3o entrar\u00e1 em estado de aten\u00e7\u00e3o devido a fortes ventos - Litoral SP","isPartOf":{"@id":"https:\/\/redenoticiaz.com.br\/litoralsp\/#website"},"primaryImageOfPage":{"@id":"https:\/\/redenoticiaz.com.br\/litoralsp\/2023\/07\/13\/cubatao-entrara-em-estado-de-atencao-devido-a-fortes-ventos#primaryimage"},"image":{"@id":"https:\/\/redenoticiaz.com.br\/litoralsp\/2023\/07\/13\/cubatao-entrara-em-estado-de-atencao-devido-a-fortes-ventos#primaryimage"},"thumbnailUrl":"https:\/\/redenoticiaz.com.br\/litoralsp\/wp-content\/uploads\/sites\/3\/2022\/09\/image_preview-e1664033155593.jpg","datePublished":"2023-07-13T17:01:17+00:00","description":"A Prefeitura refor\u00e7ou que est\u00e1 suspenso atendimento ao p\u00fablico nesta quinta no Pa\u00e7o Pia\u00e7aguera e demais pr\u00f3prios p\u00fablicos","inLanguage":"pt-BR","potentialAction":[{"@type":"ReadAction","target":["https:\/\/redenoticiaz.com.br\/litoralsp\/2023\/07\/13\/cubatao-entrara-em-estado-de-atencao-devido-a-fortes-ventos"]}]},{"@type":"ImageObject","inLanguage":"pt-BR","@id":"https:\/\/redenoticiaz.com.br\/litoralsp\/2023\/07\/13\/cubatao-entrara-em-estado-de-atencao-devido-a-fortes-ventos#primaryimage","url":"https:\/\/redenoticiaz.com.br\/litoralsp\/wp-content\/uploads\/sites\/3\/2022\/09\/image_preview-e1664033155593.jpg","contentUrl":"https:\/\/redenoticiaz.com.br\/litoralsp\/wp-content\/uploads\/sites\/3\/2022\/09\/image_preview-e1664033155593.jpg","width":400,"height":223,"caption":"Cr\u00e9ditos: Divulga\u00e7\u00e3o\/C\u00e2mara de Cubat\u00e3o"},{"@type":"WebSite","@id":"https:\/\/redenoticiaz.com.br\/litoralsp\/#website","url":"https:\/\/redenoticiaz.com.br\/litoralsp\/","name":"Litoral SP","description":"Rede NoticiaZ","publisher":{"@id":"https:\/\/redenoticiaz.com.br\/litoralsp\/#organization"},"potentialAction":[{"@type":"SearchAction","target":{"@type":"EntryPoint","urlTemplate":"https:\/\/redenoticiaz.com.br\/litoralsp\/?s={search_term_string}"},"query-input":{"@type":"PropertyValueSpecification","valueRequired":true,"valueName":"search_term_string"}}],"inLanguage":"pt-BR"},{"@type":"Organization","@id":"https:\/\/redenoticiaz.com.br\/litoralsp\/#organization","name":"Litoral SP","url":"https:\/\/redenoticiaz.com.br\/litoralsp\/","logo":{"@type":"ImageObject","inLanguage":"pt-BR","@id":"https:\/\/redenoticiaz.com.br\/litoralsp\/#\/schema\/logo\/image\/","url":"https:\/\/redenoticiaz.com.br\/litoralsp\/wp-content\/uploads\/sites\/3\/2020\/11\/logo.jpg","contentUrl":"https:\/\/redenoticiaz.com.br\/litoralsp\/wp-content\/uploads\/sites\/3\/2020\/11\/logo.jpg","width":400,"height":250,"caption":"Litoral SP"},"image":{"@id":"https:\/\/redenoticiaz.com.br\/litoralsp\/#\/schema\/logo\/image\/"}},{"@type":"Person","@id":"https:\/\/redenoticiaz.com.br\/litoralsp\/#\/schema\/person\/16057b37a3c0ee6b096d7f887c566e2e","name":"Gustavo Silva","image":{"@type":"ImageObject","inLanguage":"pt-BR","@id":"https:\/\/secure.gravatar.com\/avatar\/3ee4e82f93b26de0a7cf4ea5eb7893da637ed6bb0c9170c58065944c56e28a33?s=96&d=mm&r=g","url":"https:\/\/secure.gravatar.com\/avatar\/3ee4e82f93b26de0a7cf4ea5eb7893da637ed6bb0c9170c58065944c56e28a33?s=96&d=mm&r=g","contentUrl":"https:\/\/secure.gravatar.com\/avatar\/3ee4e82f93b26de0a7cf4ea5eb7893da637ed6bb0c9170c58065944c56e28a33?s=96&d=mm&r=g","caption":"Gustavo Silva"},"url":"https:\/\/redenoticiaz.com.br\/litoralsp\/author\/gustavosilva"}]}},"_links":{"self":[{"href":"https:\/\/redenoticiaz.com.br\/litoralsp\/wp-json\/wp\/v2\/posts\/108263","targetHints":{"allow":["GET"]}}],"collection":[{"href":"https:\/\/redenoticiaz.com.br\/litoralsp\/wp-json\/wp\/v2\/posts"}],"about":[{"href":"https:\/\/redenoticiaz.com.br\/litoralsp\/wp-json\/wp\/v2\/types\/post"}],"author":[{"embeddable":true,"href":"https:\/\/redenoticiaz.com.br\/litoralsp\/wp-json\/wp\/v2\/users\/12"}],"replies":[{"embeddable":true,"href":"https:\/\/redenoticiaz.com.br\/litoralsp\/wp-json\/wp\/v2\/comments?post=108263"}],"version-history":[{"count":1,"href":"https:\/\/redenoticiaz.com.br\/litoralsp\/wp-json\/wp\/v2\/posts\/108263\/revisions"}],"predecessor-version":[{"id":108264,"href":"https:\/\/redenoticiaz.com.br\/litoralsp\/wp-json\/wp\/v2\/posts\/108263\/revisions\/108264"}],"wp:featuredmedia":[{"embeddable":true,"href":"https:\/\/redenoticiaz.com.br\/litoralsp\/wp-json\/wp\/v2\/media\/92014"}],"wp:attachment":[{"href":"https:\/\/redenoticiaz.com.br\/litoralsp\/wp-json\/wp\/v2\/media?parent=108263"}],"wp:term":[{"taxonomy":"category","embeddable":true,"href":"https:\/\/redenoticiaz.com.br\/litoralsp\/wp-json\/wp\/v2\/categories?post=108263"},{"taxonomy":"post_tag","embeddable":true,"href":"https:\/\/redenoticiaz.com.br\/litoralsp\/wp-json\/wp\/v2\/tags?post=108263"}],"curies":[{"name":"wp","href":"https:\/\/api.w.org\/{rel}","templated":true}]}}