{"id":108293,"date":"2023-07-14T11:33:58","date_gmt":"2023-07-14T14:33:58","guid":{"rendered":"https:\/\/redenoticiaz.com.br\/litoralsp\/?p=108293"},"modified":"2023-07-14T11:33:58","modified_gmt":"2023-07-14T14:33:58","slug":"trem-com-943-turistas-fica-preso-por-10-horas","status":"publish","type":"post","link":"https:\/\/redenoticiaz.com.br\/litoralsp\/2023\/07\/14\/trem-com-943-turistas-fica-preso-por-10-horas","title":{"rendered":"Trem com 943 turistas fica preso por 10 horas"},"content":{"rendered":"<p>O trem tur\u00edstico com\u00a022 vag\u00f5es estava preso na Serra do Mar, no litoral do Paran\u00e1, desde as 11h da quinta-feira (13) finalmente chegou \u00e0 esta\u00e7\u00e3o de Morretes por volta das 21h do mesmo dia. O ve\u00edculo, que transportava 943 passageiros a bordo, ficou paralisado por cerca de 10 horas devido \u00e0 presen\u00e7a de galhos e \u00e1rvores nos trilhos.<\/p>\n<p>&nbsp;<\/p>\n<p>A empresa respons\u00e1vel pelo servi\u00e7o, Serra Verde Express, emitiu uma nota informando que o trem permaneceu parado aproximadamente 15 km antes de chegar a Morretes. Ainda segundo a companhia, em 26 anos de opera\u00e7\u00e3o &#8220;\u00e9 a primeira vez que um incidente metrol\u00f3gico causa uma paralisa\u00e7\u00e3o t\u00e3o longa neste percurso tur\u00edstico&#8221;.<\/p>\n<p style=\"border: 0px solid #d9d9e3;--tw-border-spacing-x: 0;--tw-border-spacing-y: 0;--tw-translate-x: 0;--tw-translate-y: 0;--tw-rotate: 0;--tw-skew-x: 0;--tw-skew-y: 0;--tw-scale-x: 1;--tw-scale-y: 1;--tw-scroll-snap-strictness: proximity;--tw-ring-offset-width: 0px;--tw-ring-offset-color: #fff;--tw-ring-offset-shadow: 0 0 transparent;--tw-ring-shadow: 0 0 transparent;--tw-shadow: 0 0 transparent;--tw-shadow-colored: 0 0 transparent;margin-top: 1.25em;margin-bottom: 0px;color: #374151;font-family: S\u00f6hne, ui-sans-serif, system-ui, -apple-system, 'Segoe UI', Roboto, Ubuntu, Cantarell, 'Noto Sans', sans-serif, 'Helvetica Neue', Arial, 'Apple Color Emoji', 'Segoe UI Emoji', 'Segoe UI Symbol', 'Noto Color Emoji';background-color: #f7f7f8\">LEIA MAIS<\/p>\n<p style=\"border: 0px solid #d9d9e3;--tw-border-spacing-x: 0;--tw-border-spacing-y: 0;--tw-translate-x: 0;--tw-translate-y: 0;--tw-rotate: 0;--tw-skew-x: 0;--tw-skew-y: 0;--tw-scale-x: 1;--tw-scale-y: 1;--tw-scroll-snap-strictness: proximity;--tw-ring-offset-width: 0px;--tw-ring-offset-color: #fff;--tw-ring-offset-shadow: 0 0 transparent;--tw-ring-shadow: 0 0 transparent;--tw-shadow: 0 0 transparent;--tw-shadow-colored: 0 0 transparent;margin-top: 1.25em;margin-bottom: 0px;color: #374151;font-family: S\u00f6hne, ui-sans-serif, system-ui, -apple-system, 'Segoe UI', Roboto, Ubuntu, Cantarell, 'Noto Sans', sans-serif, 'Helvetica Neue', Arial, 'Apple Color Emoji', 'Segoe UI Emoji', 'Segoe UI Symbol', 'Noto Color Emoji';background-color: #f7f7f8\"><a href=\"https:\/\/redenoticiaz.com.br\/litoralsp\/2023\/07\/14\/romario-e-internado-em-hospital-no-rio\">Rom\u00e1rio \u00e9 internado em hospital no Rio<\/a><\/p>\n","protected":false},"excerpt":{"rendered":"<p>O trem tur\u00edstico com\u00a022 vag\u00f5es estava preso na Serra do Mar, no litoral do Paran\u00e1, desde as 11h da quinta-feira (13) finalmente chegou \u00e0 esta\u00e7\u00e3o de Morretes por volta das 21h do mesmo dia. O ve\u00edculo, que transportava 943 passageiros a bordo, ficou paralisado por cerca de 10 horas devido \u00e0 presen\u00e7a de galhos e &hellip;<\/p>\n","protected":false},"author":30,"featured_media":108298,"comment_status":"open","ping_status":"closed","sticky":false,"template":"","format":"standard","meta":{"footnotes":""},"categories":[26798,88],"tags":[38371,13540,36604,60458,11211],"class_list":["post-108293","post","type-post","status-publish","format-standard","has-post-thumbnail","hentry","category-climatologia","category-transportes","tag-arvores","tag-parana","tag-trem","tag-trilhos","tag-turista"],"yoast_head":"<!-- This site is optimized with the Yoast SEO plugin v27.5 - https:\/\/yoast.com\/product\/yoast-seo-wordpress\/ -->\n<title>Trem com 943 turistas fica preso por 10 horas - Litoral SP<\/title>\n<meta name=\"description\" content=\"O trem tur\u00edstico com 22 vag\u00f5es estava preso na Serra do Mar, no litoral do Paran\u00e1, desde quinta-feira finalmente chegou \u00e0 esta\u00e7\u00e3o de Morretes\" \/>\n<meta name=\"robots\" content=\"index, follow, max-snippet:-1, max-image-preview:large, max-video-preview:-1\" \/>\n<link rel=\"canonical\" href=\"https:\/\/redenoticiaz.com.br\/litoralsp\/2023\/07\/14\/trem-com-943-turistas-fica-preso-por-10-horas\" \/>\n<meta property=\"og:locale\" content=\"pt_BR\" \/>\n<meta property=\"og:type\" content=\"article\" \/>\n<meta property=\"og:title\" content=\"Trem com 943 turistas fica preso por 10 horas - Litoral SP\" \/>\n<meta property=\"og:description\" content=\"O trem tur\u00edstico com 22 vag\u00f5es estava preso na Serra do Mar, no litoral do Paran\u00e1, desde quinta-feira finalmente chegou \u00e0 esta\u00e7\u00e3o de Morretes\" \/>\n<meta property=\"og:url\" content=\"https:\/\/redenoticiaz.com.br\/litoralsp\/2023\/07\/14\/trem-com-943-turistas-fica-preso-por-10-horas\" \/>\n<meta property=\"og:site_name\" content=\"Litoral SP\" \/>\n<meta property=\"article:published_time\" content=\"2023-07-14T14:33:58+00:00\" \/>\n<meta property=\"og:image\" content=\"https:\/\/redenoticiaz.com.br\/litoralsp\/wp-content\/uploads\/sites\/3\/2023\/07\/Trem-com-943-turistas-fica-preso-por-10-horas.png\" \/>\n\t<meta property=\"og:image:width\" content=\"1640\" \/>\n\t<meta property=\"og:image:height\" content=\"924\" \/>\n\t<meta property=\"og:image:type\" content=\"image\/png\" \/>\n<meta name=\"author\" content=\"Carina Reifonas\" \/>\n<meta name=\"twitter:card\" content=\"summary_large_image\" \/>\n<meta name=\"twitter:label1\" content=\"Escrito por\" \/>\n\t<meta name=\"twitter:data1\" content=\"Carina Reifonas\" \/>\n\t<meta name=\"twitter:label2\" content=\"Est. tempo de leitura\" \/>\n\t<meta name=\"twitter:data2\" content=\"1 minuto\" \/>\n<script type=\"application\/ld+json\" class=\"yoast-schema-graph\">{\"@context\":\"https:\\\/\\\/schema.org\",\"@graph\":[{\"@type\":\"Article\",\"@id\":\"https:\\\/\\\/redenoticiaz.com.br\\\/litoralsp\\\/2023\\\/07\\\/14\\\/trem-com-943-turistas-fica-preso-por-10-horas#article\",\"isPartOf\":{\"@id\":\"https:\\\/\\\/redenoticiaz.com.br\\\/litoralsp\\\/2023\\\/07\\\/14\\\/trem-com-943-turistas-fica-preso-por-10-horas\"},\"author\":{\"name\":\"Carina Reifonas\",\"@id\":\"https:\\\/\\\/redenoticiaz.com.br\\\/litoralsp\\\/#\\\/schema\\\/person\\\/1f84d6e94e6a62d2d81199d7503e9e90\"},\"headline\":\"Trem com 943 turistas fica preso por 10 horas\",\"datePublished\":\"2023-07-14T14:33:58+00:00\",\"mainEntityOfPage\":{\"@id\":\"https:\\\/\\\/redenoticiaz.com.br\\\/litoralsp\\\/2023\\\/07\\\/14\\\/trem-com-943-turistas-fica-preso-por-10-horas\"},\"wordCount\":129,\"commentCount\":0,\"publisher\":{\"@id\":\"https:\\\/\\\/redenoticiaz.com.br\\\/litoralsp\\\/#organization\"},\"image\":{\"@id\":\"https:\\\/\\\/redenoticiaz.com.br\\\/litoralsp\\\/2023\\\/07\\\/14\\\/trem-com-943-turistas-fica-preso-por-10-horas#primaryimage\"},\"thumbnailUrl\":\"https:\\\/\\\/redenoticiaz.com.br\\\/litoralsp\\\/wp-content\\\/uploads\\\/sites\\\/3\\\/2023\\\/07\\\/Trem-com-943-turistas-fica-preso-por-10-horas.png\",\"keywords\":[\"\u00c1RVORES\",\"PARAN\u00c1\",\"TREM\",\"trilhos\",\"TURISTA\"],\"articleSection\":[\"Climatologia\",\"Transportes\"],\"inLanguage\":\"pt-BR\",\"potentialAction\":[{\"@type\":\"CommentAction\",\"name\":\"Comment\",\"target\":[\"https:\\\/\\\/redenoticiaz.com.br\\\/litoralsp\\\/2023\\\/07\\\/14\\\/trem-com-943-turistas-fica-preso-por-10-horas#respond\"]}]},{\"@type\":\"WebPage\",\"@id\":\"https:\\\/\\\/redenoticiaz.com.br\\\/litoralsp\\\/2023\\\/07\\\/14\\\/trem-com-943-turistas-fica-preso-por-10-horas\",\"url\":\"https:\\\/\\\/redenoticiaz.com.br\\\/litoralsp\\\/2023\\\/07\\\/14\\\/trem-com-943-turistas-fica-preso-por-10-horas\",\"name\":\"Trem com 943 turistas fica preso por 10 horas - Litoral SP\",\"isPartOf\":{\"@id\":\"https:\\\/\\\/redenoticiaz.com.br\\\/litoralsp\\\/#website\"},\"primaryImageOfPage\":{\"@id\":\"https:\\\/\\\/redenoticiaz.com.br\\\/litoralsp\\\/2023\\\/07\\\/14\\\/trem-com-943-turistas-fica-preso-por-10-horas#primaryimage\"},\"image\":{\"@id\":\"https:\\\/\\\/redenoticiaz.com.br\\\/litoralsp\\\/2023\\\/07\\\/14\\\/trem-com-943-turistas-fica-preso-por-10-horas#primaryimage\"},\"thumbnailUrl\":\"https:\\\/\\\/redenoticiaz.com.br\\\/litoralsp\\\/wp-content\\\/uploads\\\/sites\\\/3\\\/2023\\\/07\\\/Trem-com-943-turistas-fica-preso-por-10-horas.png\",\"datePublished\":\"2023-07-14T14:33:58+00:00\",\"description\":\"O trem tur\u00edstico com 22 vag\u00f5es estava preso na Serra do Mar, no litoral do Paran\u00e1, desde quinta-feira finalmente chegou \u00e0 esta\u00e7\u00e3o de Morretes\",\"inLanguage\":\"pt-BR\",\"potentialAction\":[{\"@type\":\"ReadAction\",\"target\":[\"https:\\\/\\\/redenoticiaz.com.br\\\/litoralsp\\\/2023\\\/07\\\/14\\\/trem-com-943-turistas-fica-preso-por-10-horas\"]}]},{\"@type\":\"ImageObject\",\"inLanguage\":\"pt-BR\",\"@id\":\"https:\\\/\\\/redenoticiaz.com.br\\\/litoralsp\\\/2023\\\/07\\\/14\\\/trem-com-943-turistas-fica-preso-por-10-horas#primaryimage\",\"url\":\"https:\\\/\\\/redenoticiaz.com.br\\\/litoralsp\\\/wp-content\\\/uploads\\\/sites\\\/3\\\/2023\\\/07\\\/Trem-com-943-turistas-fica-preso-por-10-horas.png\",\"contentUrl\":\"https:\\\/\\\/redenoticiaz.com.br\\\/litoralsp\\\/wp-content\\\/uploads\\\/sites\\\/3\\\/2023\\\/07\\\/Trem-com-943-turistas-fica-preso-por-10-horas.png\",\"width\":1640,\"height\":924,\"caption\":\"Trem com 943 turistas fica preso por 10 horas. Cr\u00e9dito: Reprodu\u00e7\u00e3o\"},{\"@type\":\"WebSite\",\"@id\":\"https:\\\/\\\/redenoticiaz.com.br\\\/litoralsp\\\/#website\",\"url\":\"https:\\\/\\\/redenoticiaz.com.br\\\/litoralsp\\\/\",\"name\":\"Litoral SP\",\"description\":\"Rede NoticiaZ\",\"publisher\":{\"@id\":\"https:\\\/\\\/redenoticiaz.com.br\\\/litoralsp\\\/#organization\"},\"potentialAction\":[{\"@type\":\"SearchAction\",\"target\":{\"@type\":\"EntryPoint\",\"urlTemplate\":\"https:\\\/\\\/redenoticiaz.com.br\\\/litoralsp\\\/?s={search_term_string}\"},\"query-input\":{\"@type\":\"PropertyValueSpecification\",\"valueRequired\":true,\"valueName\":\"search_term_string\"}}],\"inLanguage\":\"pt-BR\"},{\"@type\":\"Organization\",\"@id\":\"https:\\\/\\\/redenoticiaz.com.br\\\/litoralsp\\\/#organization\",\"name\":\"Litoral SP\",\"url\":\"https:\\\/\\\/redenoticiaz.com.br\\\/litoralsp\\\/\",\"logo\":{\"@type\":\"ImageObject\",\"inLanguage\":\"pt-BR\",\"@id\":\"https:\\\/\\\/redenoticiaz.com.br\\\/litoralsp\\\/#\\\/schema\\\/logo\\\/image\\\/\",\"url\":\"https:\\\/\\\/redenoticiaz.com.br\\\/litoralsp\\\/wp-content\\\/uploads\\\/sites\\\/3\\\/2020\\\/11\\\/logo.jpg\",\"contentUrl\":\"https:\\\/\\\/redenoticiaz.com.br\\\/litoralsp\\\/wp-content\\\/uploads\\\/sites\\\/3\\\/2020\\\/11\\\/logo.jpg\",\"width\":400,\"height\":250,\"caption\":\"Litoral SP\"},\"image\":{\"@id\":\"https:\\\/\\\/redenoticiaz.com.br\\\/litoralsp\\\/#\\\/schema\\\/logo\\\/image\\\/\"}},{\"@type\":\"Person\",\"@id\":\"https:\\\/\\\/redenoticiaz.com.br\\\/litoralsp\\\/#\\\/schema\\\/person\\\/1f84d6e94e6a62d2d81199d7503e9e90\",\"name\":\"Carina Reifonas\",\"image\":{\"@type\":\"ImageObject\",\"inLanguage\":\"pt-BR\",\"@id\":\"https:\\\/\\\/secure.gravatar.com\\\/avatar\\\/04c59859b23696cf867715880f81d5c037e60109730bdb4e6670ec2a2245bc97?s=96&d=mm&r=g\",\"url\":\"https:\\\/\\\/secure.gravatar.com\\\/avatar\\\/04c59859b23696cf867715880f81d5c037e60109730bdb4e6670ec2a2245bc97?s=96&d=mm&r=g\",\"contentUrl\":\"https:\\\/\\\/secure.gravatar.com\\\/avatar\\\/04c59859b23696cf867715880f81d5c037e60109730bdb4e6670ec2a2245bc97?s=96&d=mm&r=g\",\"caption\":\"Carina Reifonas\"},\"url\":\"https:\\\/\\\/redenoticiaz.com.br\\\/litoralsp\\\/author\\\/carinareifonas\"}]}<\/script>\n<!-- \/ Yoast SEO plugin. -->","yoast_head_json":{"title":"Trem com 943 turistas fica preso por 10 horas - Litoral SP","description":"O trem tur\u00edstico com 22 vag\u00f5es estava preso na Serra do Mar, no litoral do Paran\u00e1, desde quinta-feira finalmente chegou \u00e0 esta\u00e7\u00e3o de Morretes","robots":{"index":"index","follow":"follow","max-snippet":"max-snippet:-1","max-image-preview":"max-image-preview:large","max-video-preview":"max-video-preview:-1"},"canonical":"https:\/\/redenoticiaz.com.br\/litoralsp\/2023\/07\/14\/trem-com-943-turistas-fica-preso-por-10-horas","og_locale":"pt_BR","og_type":"article","og_title":"Trem com 943 turistas fica preso por 10 horas - Litoral SP","og_description":"O trem tur\u00edstico com 22 vag\u00f5es estava preso na Serra do Mar, no litoral do Paran\u00e1, desde quinta-feira finalmente chegou \u00e0 esta\u00e7\u00e3o de Morretes","og_url":"https:\/\/redenoticiaz.com.br\/litoralsp\/2023\/07\/14\/trem-com-943-turistas-fica-preso-por-10-horas","og_site_name":"Litoral SP","article_published_time":"2023-07-14T14:33:58+00:00","og_image":[{"width":1640,"height":924,"url":"https:\/\/redenoticiaz.com.br\/litoralsp\/wp-content\/uploads\/sites\/3\/2023\/07\/Trem-com-943-turistas-fica-preso-por-10-horas.png","type":"image\/png"}],"author":"Carina Reifonas","twitter_card":"summary_large_image","twitter_misc":{"Escrito por":"Carina Reifonas","Est. tempo de leitura":"1 minuto"},"schema":{"@context":"https:\/\/schema.org","@graph":[{"@type":"Article","@id":"https:\/\/redenoticiaz.com.br\/litoralsp\/2023\/07\/14\/trem-com-943-turistas-fica-preso-por-10-horas#article","isPartOf":{"@id":"https:\/\/redenoticiaz.com.br\/litoralsp\/2023\/07\/14\/trem-com-943-turistas-fica-preso-por-10-horas"},"author":{"name":"Carina Reifonas","@id":"https:\/\/redenoticiaz.com.br\/litoralsp\/#\/schema\/person\/1f84d6e94e6a62d2d81199d7503e9e90"},"headline":"Trem com 943 turistas fica preso por 10 horas","datePublished":"2023-07-14T14:33:58+00:00","mainEntityOfPage":{"@id":"https:\/\/redenoticiaz.com.br\/litoralsp\/2023\/07\/14\/trem-com-943-turistas-fica-preso-por-10-horas"},"wordCount":129,"commentCount":0,"publisher":{"@id":"https:\/\/redenoticiaz.com.br\/litoralsp\/#organization"},"image":{"@id":"https:\/\/redenoticiaz.com.br\/litoralsp\/2023\/07\/14\/trem-com-943-turistas-fica-preso-por-10-horas#primaryimage"},"thumbnailUrl":"https:\/\/redenoticiaz.com.br\/litoralsp\/wp-content\/uploads\/sites\/3\/2023\/07\/Trem-com-943-turistas-fica-preso-por-10-horas.png","keywords":["\u00c1RVORES","PARAN\u00c1","TREM","trilhos","TURISTA"],"articleSection":["Climatologia","Transportes"],"inLanguage":"pt-BR","potentialAction":[{"@type":"CommentAction","name":"Comment","target":["https:\/\/redenoticiaz.com.br\/litoralsp\/2023\/07\/14\/trem-com-943-turistas-fica-preso-por-10-horas#respond"]}]},{"@type":"WebPage","@id":"https:\/\/redenoticiaz.com.br\/litoralsp\/2023\/07\/14\/trem-com-943-turistas-fica-preso-por-10-horas","url":"https:\/\/redenoticiaz.com.br\/litoralsp\/2023\/07\/14\/trem-com-943-turistas-fica-preso-por-10-horas","name":"Trem com 943 turistas fica preso por 10 horas - Litoral SP","isPartOf":{"@id":"https:\/\/redenoticiaz.com.br\/litoralsp\/#website"},"primaryImageOfPage":{"@id":"https:\/\/redenoticiaz.com.br\/litoralsp\/2023\/07\/14\/trem-com-943-turistas-fica-preso-por-10-horas#primaryimage"},"image":{"@id":"https:\/\/redenoticiaz.com.br\/litoralsp\/2023\/07\/14\/trem-com-943-turistas-fica-preso-por-10-horas#primaryimage"},"thumbnailUrl":"https:\/\/redenoticiaz.com.br\/litoralsp\/wp-content\/uploads\/sites\/3\/2023\/07\/Trem-com-943-turistas-fica-preso-por-10-horas.png","datePublished":"2023-07-14T14:33:58+00:00","description":"O trem tur\u00edstico com 22 vag\u00f5es estava preso na Serra do Mar, no litoral do Paran\u00e1, desde quinta-feira finalmente chegou \u00e0 esta\u00e7\u00e3o de Morretes","inLanguage":"pt-BR","potentialAction":[{"@type":"ReadAction","target":["https:\/\/redenoticiaz.com.br\/litoralsp\/2023\/07\/14\/trem-com-943-turistas-fica-preso-por-10-horas"]}]},{"@type":"ImageObject","inLanguage":"pt-BR","@id":"https:\/\/redenoticiaz.com.br\/litoralsp\/2023\/07\/14\/trem-com-943-turistas-fica-preso-por-10-horas#primaryimage","url":"https:\/\/redenoticiaz.com.br\/litoralsp\/wp-content\/uploads\/sites\/3\/2023\/07\/Trem-com-943-turistas-fica-preso-por-10-horas.png","contentUrl":"https:\/\/redenoticiaz.com.br\/litoralsp\/wp-content\/uploads\/sites\/3\/2023\/07\/Trem-com-943-turistas-fica-preso-por-10-horas.png","width":1640,"height":924,"caption":"Trem com 943 turistas fica preso por 10 horas. Cr\u00e9dito: Reprodu\u00e7\u00e3o"},{"@type":"WebSite","@id":"https:\/\/redenoticiaz.com.br\/litoralsp\/#website","url":"https:\/\/redenoticiaz.com.br\/litoralsp\/","name":"Litoral SP","description":"Rede NoticiaZ","publisher":{"@id":"https:\/\/redenoticiaz.com.br\/litoralsp\/#organization"},"potentialAction":[{"@type":"SearchAction","target":{"@type":"EntryPoint","urlTemplate":"https:\/\/redenoticiaz.com.br\/litoralsp\/?s={search_term_string}"},"query-input":{"@type":"PropertyValueSpecification","valueRequired":true,"valueName":"search_term_string"}}],"inLanguage":"pt-BR"},{"@type":"Organization","@id":"https:\/\/redenoticiaz.com.br\/litoralsp\/#organization","name":"Litoral SP","url":"https:\/\/redenoticiaz.com.br\/litoralsp\/","logo":{"@type":"ImageObject","inLanguage":"pt-BR","@id":"https:\/\/redenoticiaz.com.br\/litoralsp\/#\/schema\/logo\/image\/","url":"https:\/\/redenoticiaz.com.br\/litoralsp\/wp-content\/uploads\/sites\/3\/2020\/11\/logo.jpg","contentUrl":"https:\/\/redenoticiaz.com.br\/litoralsp\/wp-content\/uploads\/sites\/3\/2020\/11\/logo.jpg","width":400,"height":250,"caption":"Litoral SP"},"image":{"@id":"https:\/\/redenoticiaz.com.br\/litoralsp\/#\/schema\/logo\/image\/"}},{"@type":"Person","@id":"https:\/\/redenoticiaz.com.br\/litoralsp\/#\/schema\/person\/1f84d6e94e6a62d2d81199d7503e9e90","name":"Carina Reifonas","image":{"@type":"ImageObject","inLanguage":"pt-BR","@id":"https:\/\/secure.gravatar.com\/avatar\/04c59859b23696cf867715880f81d5c037e60109730bdb4e6670ec2a2245bc97?s=96&d=mm&r=g","url":"https:\/\/secure.gravatar.com\/avatar\/04c59859b23696cf867715880f81d5c037e60109730bdb4e6670ec2a2245bc97?s=96&d=mm&r=g","contentUrl":"https:\/\/secure.gravatar.com\/avatar\/04c59859b23696cf867715880f81d5c037e60109730bdb4e6670ec2a2245bc97?s=96&d=mm&r=g","caption":"Carina Reifonas"},"url":"https:\/\/redenoticiaz.com.br\/litoralsp\/author\/carinareifonas"}]}},"_links":{"self":[{"href":"https:\/\/redenoticiaz.com.br\/litoralsp\/wp-json\/wp\/v2\/posts\/108293","targetHints":{"allow":["GET"]}}],"collection":[{"href":"https:\/\/redenoticiaz.com.br\/litoralsp\/wp-json\/wp\/v2\/posts"}],"about":[{"href":"https:\/\/redenoticiaz.com.br\/litoralsp\/wp-json\/wp\/v2\/types\/post"}],"author":[{"embeddable":true,"href":"https:\/\/redenoticiaz.com.br\/litoralsp\/wp-json\/wp\/v2\/users\/30"}],"replies":[{"embeddable":true,"href":"https:\/\/redenoticiaz.com.br\/litoralsp\/wp-json\/wp\/v2\/comments?post=108293"}],"version-history":[{"count":1,"href":"https:\/\/redenoticiaz.com.br\/litoralsp\/wp-json\/wp\/v2\/posts\/108293\/revisions"}],"predecessor-version":[{"id":108299,"href":"https:\/\/redenoticiaz.com.br\/litoralsp\/wp-json\/wp\/v2\/posts\/108293\/revisions\/108299"}],"wp:featuredmedia":[{"embeddable":true,"href":"https:\/\/redenoticiaz.com.br\/litoralsp\/wp-json\/wp\/v2\/media\/108298"}],"wp:attachment":[{"href":"https:\/\/redenoticiaz.com.br\/litoralsp\/wp-json\/wp\/v2\/media?parent=108293"}],"wp:term":[{"taxonomy":"category","embeddable":true,"href":"https:\/\/redenoticiaz.com.br\/litoralsp\/wp-json\/wp\/v2\/categories?post=108293"},{"taxonomy":"post_tag","embeddable":true,"href":"https:\/\/redenoticiaz.com.br\/litoralsp\/wp-json\/wp\/v2\/tags?post=108293"}],"curies":[{"name":"wp","href":"https:\/\/api.w.org\/{rel}","templated":true}]}}