{"id":108400,"date":"2023-07-18T09:18:07","date_gmt":"2023-07-18T12:18:07","guid":{"rendered":"https:\/\/redenoticiaz.com.br\/litoralsp\/2023\/07\/18\/pf-prende-16-envolvidos-na-prisao-injusta-das-brasileiras-em-frankfurt"},"modified":"2023-07-18T09:18:07","modified_gmt":"2023-07-18T12:18:07","slug":"pf-prende-16-envolvidos-na-prisao-injusta-das-brasileiras-em-frankfurt","status":"publish","type":"post","link":"https:\/\/redenoticiaz.com.br\/litoralsp\/2023\/07\/18\/pf-prende-16-envolvidos-na-prisao-injusta-das-brasileiras-em-frankfurt","title":{"rendered":"PF prende 16 envolvidos na pris\u00e3o injusta das brasileiras em Frankfurt"},"content":{"rendered":"<p><strong>Pol\u00edcia Federal realiza segunda fase da Opera\u00e7\u00e3o Colateral e prende 16 envolvidos na pris\u00e3o injusta<\/strong> de duas brasileiras em <a href=\"https:\/\/pt.wikipedia.org\/wiki\/Frankfurt_am_Main\">Frankfurt<\/a>. Em mar\u00e7o deste ano, as duas mulheres ficaram 38 dias presas injustamente em uma cadeia em Frankfurt, na Alemanha.<\/p>\n<p>O motivo da pris\u00e3o foi ap\u00f3s a pol\u00edcia encontrar coca\u00edna em malas com os nomes delas. Ocorre que as malas n\u00e3o eram delas, houve a retirada das etiquetas de suas malas regulares e sua coloca\u00e7\u00e3o em malas contendo coca\u00edna em seu interior.<\/p>\n<p>Ap\u00f3s a comprova\u00e7\u00e3o da troca de etiquetas, a pol\u00edcia soltou as brasileiras e elas retornaram ao Brasil. Na \u00e9poca, a pr\u00f3pria Pol\u00edcia Federal do Aeroporto Internacional de Guarulhos identificou e prendeu os respons\u00e1veis que atuaram no aeroporto.<\/p>\n<p>O caso gerou grande repercuss\u00e3o e o aprofundamento das investiga\u00e7\u00f5es levou a Pol\u00edcia Federal no Aeroporto Internacional de Guarulhos.<\/p>\n<p>A pol\u00edcia identificou os integrantes da organiza\u00e7\u00e3o criminosa e os mandantes do crime. Eles tamb\u00e9m teriam enviado coca\u00edna em outras duas oportunidades, uma para Portugal, em outubro de 2022, e outra para a Fran\u00e7a, em mar\u00e7o deste ano.<\/p>\n<div style=\"width: 848px;\" class=\"wp-video\"><video class=\"wp-video-shortcode\" id=\"video-108400-1\" width=\"848\" height=\"480\" preload=\"metadata\" controls=\"controls\"><source type=\"video\/mp4\" src=\"https:\/\/redenoticiaz.com.br\/litoralsp\/wp-content\/uploads\/sites\/3\/2023\/07\/WhatsApp-Video-2023-07-18-at-07.25.46-1.mp4?_=1\" \/><a href=\"https:\/\/redenoticiaz.com.br\/litoralsp\/wp-content\/uploads\/sites\/3\/2023\/07\/WhatsApp-Video-2023-07-18-at-07.25.46-1.mp4\">https:\/\/redenoticiaz.com.br\/litoralsp\/wp-content\/uploads\/sites\/3\/2023\/07\/WhatsApp-Video-2023-07-18-at-07.25.46-1.mp4<\/a><\/video><\/div>\n<h2>Opera\u00e7\u00e3o Colateral<\/h2>\n<p>Hoje a Pol\u00edcia Federal deflagrou a segunda fase da Opera\u00e7\u00e3o Colateral, visando ao cumprimento de 45 mandados judicias. Sendo 27 de busca e apreens\u00e3o, dois de pris\u00e3o tempor\u00e1ria e 16 de pris\u00e3o preventiva, nas cidades de Guarulhos e S\u00e3o Paulo.<\/p>\n<p>Dentre os presos, est\u00e3o os executores dos tr\u00eas eventos de tr\u00e1fico internacional de drogas. Bem como, e mais importante, os mandantes do crime, respons\u00e1veis n\u00e3o apenas pelo envio de mais de 120 quilos de coca\u00edna para a Europa. Mas por in\u00fameros outros eventos de tr\u00e1fico internacional atrav\u00e9s do Aeroporto Internacional de Guarulhos.<\/p>\n<p><em><strong>LEIA MAIS<\/strong><\/em><br \/>\n<a href=\"https:\/\/redenoticiaz.com.br\/blog\/2023\/07\/18\/foragido-da-policia-e-preso-apos-policia-abordar-moto-na-via-anhanguera\">Foragido da pol\u00edcia \u00e9 preso ap\u00f3s pol\u00edcia abordar moto na Via Anhanguera<\/a><\/p>\n","protected":false},"excerpt":{"rendered":"<p>Pol\u00edcia Federal realiza segunda fase da Opera\u00e7\u00e3o Colateral e prende 16 envolvidos na pris\u00e3o injusta de duas brasileiras em Frankfurt. Em mar\u00e7o deste ano, as duas mulheres ficaram 38 dias presas injustamente em uma cadeia em Frankfurt, na Alemanha. O motivo da pris\u00e3o foi ap\u00f3s a pol\u00edcia encontrar coca\u00edna em malas com os nomes delas. &hellip;<\/p>\n","protected":false},"author":11,"featured_media":108401,"comment_status":"open","ping_status":"closed","sticky":false,"template":"","format":"standard","meta":{"footnotes":""},"categories":[10],"tags":[66237,3213,66238,34947,2052,66239,23143],"class_list":["post-108400","post","type-post","status-publish","format-standard","has-post-thumbnail","hentry","category-policia","tag-brasileiras","tag-cocaina-2","tag-frankfurt","tag-mulheres-presas","tag-mundo","tag-operacao-colateral","tag-policia-2"],"yoast_head":"<!-- This site is optimized with the Yoast SEO plugin v27.5 - https:\/\/yoast.com\/product\/yoast-seo-wordpress\/ -->\n<title>PF prende 16 envolvidos na pris\u00e3o injusta das brasileiras em Frankfurt - Litoral SP<\/title>\n<meta name=\"description\" content=\"Pol\u00edcia Federal realiza segunda fase da Opera\u00e7\u00e3o Colateral e prende 16 envolvidos na pris\u00e3o injusta de duas brasileiras em Frankfurt.\" \/>\n<meta name=\"robots\" content=\"index, follow, max-snippet:-1, max-image-preview:large, max-video-preview:-1\" \/>\n<link rel=\"canonical\" href=\"https:\/\/redenoticiaz.com.br\/litoralsp\/2023\/07\/18\/pf-prende-16-envolvidos-na-prisao-injusta-das-brasileiras-em-frankfurt\" \/>\n<meta property=\"og:locale\" content=\"pt_BR\" \/>\n<meta property=\"og:type\" content=\"article\" \/>\n<meta property=\"og:title\" content=\"PF prende 16 envolvidos na pris\u00e3o injusta das brasileiras em Frankfurt - Litoral SP\" \/>\n<meta property=\"og:description\" content=\"Pol\u00edcia Federal realiza segunda fase da Opera\u00e7\u00e3o Colateral e prende 16 envolvidos na pris\u00e3o injusta de duas brasileiras em Frankfurt.\" \/>\n<meta property=\"og:url\" content=\"https:\/\/redenoticiaz.com.br\/litoralsp\/2023\/07\/18\/pf-prende-16-envolvidos-na-prisao-injusta-das-brasileiras-em-frankfurt\" \/>\n<meta property=\"og:site_name\" content=\"Litoral SP\" \/>\n<meta property=\"article:published_time\" content=\"2023-07-18T12:18:07+00:00\" \/>\n<meta name=\"twitter:card\" content=\"summary_large_image\" \/>\n<meta name=\"twitter:label1\" content=\"Escrito por\" \/>\n\t<meta name=\"twitter:data1\" content=\"\" \/>\n\t<meta name=\"twitter:label2\" content=\"Est. tempo de leitura\" \/>\n\t<meta name=\"twitter:data2\" content=\"2 minutos\" \/>\n<script type=\"application\/ld+json\" class=\"yoast-schema-graph\">{\"@context\":\"https:\\\/\\\/schema.org\",\"@graph\":[{\"@type\":\"Article\",\"@id\":\"https:\\\/\\\/redenoticiaz.com.br\\\/litoralsp\\\/2023\\\/07\\\/18\\\/pf-prende-16-envolvidos-na-prisao-injusta-das-brasileiras-em-frankfurt#article\",\"isPartOf\":{\"@id\":\"https:\\\/\\\/redenoticiaz.com.br\\\/litoralsp\\\/2023\\\/07\\\/18\\\/pf-prende-16-envolvidos-na-prisao-injusta-das-brasileiras-em-frankfurt\"},\"author\":{\"name\":\"\",\"@id\":\"\"},\"headline\":\"PF prende 16 envolvidos na pris\u00e3o injusta das brasileiras em Frankfurt\",\"datePublished\":\"2023-07-18T12:18:07+00:00\",\"mainEntityOfPage\":{\"@id\":\"https:\\\/\\\/redenoticiaz.com.br\\\/litoralsp\\\/2023\\\/07\\\/18\\\/pf-prende-16-envolvidos-na-prisao-injusta-das-brasileiras-em-frankfurt\"},\"wordCount\":351,\"commentCount\":0,\"publisher\":{\"@id\":\"https:\\\/\\\/redenoticiaz.com.br\\\/litoralsp\\\/#organization\"},\"image\":{\"@id\":\"https:\\\/\\\/redenoticiaz.com.br\\\/litoralsp\\\/2023\\\/07\\\/18\\\/pf-prende-16-envolvidos-na-prisao-injusta-das-brasileiras-em-frankfurt#primaryimage\"},\"thumbnailUrl\":\"https:\\\/\\\/redenoticiaz.com.br\\\/litoralsp\\\/wp-content\\\/uploads\\\/sites\\\/3\\\/2023\\\/07\\\/WhatsApp-Image-2023-07-18-at-07.25.45.jpeg?v=1689682612\",\"keywords\":[\"BRASILEIRAS\",\"COCA\u00cdNA\",\"FRANKFURT\",\"MULHERES PRESAS\",\"mundo\",\"OPERA\u00c7\u00c3O COLATERAL\",\"POL\u00cdCIA\"],\"articleSection\":[\"Pol\u00edcia\"],\"inLanguage\":\"pt-BR\",\"potentialAction\":[{\"@type\":\"CommentAction\",\"name\":\"Comment\",\"target\":[\"https:\\\/\\\/redenoticiaz.com.br\\\/litoralsp\\\/2023\\\/07\\\/18\\\/pf-prende-16-envolvidos-na-prisao-injusta-das-brasileiras-em-frankfurt#respond\"]}]},{\"@type\":\"WebPage\",\"@id\":\"https:\\\/\\\/redenoticiaz.com.br\\\/litoralsp\\\/2023\\\/07\\\/18\\\/pf-prende-16-envolvidos-na-prisao-injusta-das-brasileiras-em-frankfurt\",\"url\":\"https:\\\/\\\/redenoticiaz.com.br\\\/litoralsp\\\/2023\\\/07\\\/18\\\/pf-prende-16-envolvidos-na-prisao-injusta-das-brasileiras-em-frankfurt\",\"name\":\"PF prende 16 envolvidos na pris\u00e3o injusta das brasileiras em Frankfurt - Litoral SP\",\"isPartOf\":{\"@id\":\"https:\\\/\\\/redenoticiaz.com.br\\\/litoralsp\\\/#website\"},\"primaryImageOfPage\":{\"@id\":\"https:\\\/\\\/redenoticiaz.com.br\\\/litoralsp\\\/2023\\\/07\\\/18\\\/pf-prende-16-envolvidos-na-prisao-injusta-das-brasileiras-em-frankfurt#primaryimage\"},\"image\":{\"@id\":\"https:\\\/\\\/redenoticiaz.com.br\\\/litoralsp\\\/2023\\\/07\\\/18\\\/pf-prende-16-envolvidos-na-prisao-injusta-das-brasileiras-em-frankfurt#primaryimage\"},\"thumbnailUrl\":\"https:\\\/\\\/redenoticiaz.com.br\\\/litoralsp\\\/wp-content\\\/uploads\\\/sites\\\/3\\\/2023\\\/07\\\/WhatsApp-Image-2023-07-18-at-07.25.45.jpeg?v=1689682612\",\"datePublished\":\"2023-07-18T12:18:07+00:00\",\"description\":\"Pol\u00edcia Federal realiza segunda fase da Opera\u00e7\u00e3o Colateral e prende 16 envolvidos na pris\u00e3o injusta de duas brasileiras em Frankfurt.\",\"inLanguage\":\"pt-BR\",\"potentialAction\":[{\"@type\":\"ReadAction\",\"target\":[\"https:\\\/\\\/redenoticiaz.com.br\\\/litoralsp\\\/2023\\\/07\\\/18\\\/pf-prende-16-envolvidos-na-prisao-injusta-das-brasileiras-em-frankfurt\"]}]},{\"@type\":\"ImageObject\",\"inLanguage\":\"pt-BR\",\"@id\":\"https:\\\/\\\/redenoticiaz.com.br\\\/litoralsp\\\/2023\\\/07\\\/18\\\/pf-prende-16-envolvidos-na-prisao-injusta-das-brasileiras-em-frankfurt#primaryimage\",\"url\":\"https:\\\/\\\/redenoticiaz.com.br\\\/litoralsp\\\/wp-content\\\/uploads\\\/sites\\\/3\\\/2023\\\/07\\\/WhatsApp-Image-2023-07-18-at-07.25.45.jpeg?v=1689682612\",\"contentUrl\":\"https:\\\/\\\/redenoticiaz.com.br\\\/litoralsp\\\/wp-content\\\/uploads\\\/sites\\\/3\\\/2023\\\/07\\\/WhatsApp-Image-2023-07-18-at-07.25.45.jpeg?v=1689682612\",\"width\":810,\"height\":1080,\"caption\":\"Foto: Divulga\u00e7\u00e3o\"},{\"@type\":\"WebSite\",\"@id\":\"https:\\\/\\\/redenoticiaz.com.br\\\/litoralsp\\\/#website\",\"url\":\"https:\\\/\\\/redenoticiaz.com.br\\\/litoralsp\\\/\",\"name\":\"Litoral SP\",\"description\":\"Rede NoticiaZ\",\"publisher\":{\"@id\":\"https:\\\/\\\/redenoticiaz.com.br\\\/litoralsp\\\/#organization\"},\"potentialAction\":[{\"@type\":\"SearchAction\",\"target\":{\"@type\":\"EntryPoint\",\"urlTemplate\":\"https:\\\/\\\/redenoticiaz.com.br\\\/litoralsp\\\/?s={search_term_string}\"},\"query-input\":{\"@type\":\"PropertyValueSpecification\",\"valueRequired\":true,\"valueName\":\"search_term_string\"}}],\"inLanguage\":\"pt-BR\"},{\"@type\":\"Organization\",\"@id\":\"https:\\\/\\\/redenoticiaz.com.br\\\/litoralsp\\\/#organization\",\"name\":\"Litoral SP\",\"url\":\"https:\\\/\\\/redenoticiaz.com.br\\\/litoralsp\\\/\",\"logo\":{\"@type\":\"ImageObject\",\"inLanguage\":\"pt-BR\",\"@id\":\"https:\\\/\\\/redenoticiaz.com.br\\\/litoralsp\\\/#\\\/schema\\\/logo\\\/image\\\/\",\"url\":\"https:\\\/\\\/redenoticiaz.com.br\\\/litoralsp\\\/wp-content\\\/uploads\\\/sites\\\/3\\\/2020\\\/11\\\/logo.jpg\",\"contentUrl\":\"https:\\\/\\\/redenoticiaz.com.br\\\/litoralsp\\\/wp-content\\\/uploads\\\/sites\\\/3\\\/2020\\\/11\\\/logo.jpg\",\"width\":400,\"height\":250,\"caption\":\"Litoral SP\"},\"image\":{\"@id\":\"https:\\\/\\\/redenoticiaz.com.br\\\/litoralsp\\\/#\\\/schema\\\/logo\\\/image\\\/\"}},{\"@type\":\"Person\",\"@id\":\"\",\"url\":\"https:\\\/\\\/redenoticiaz.com.br\\\/litoralsp\\\/author\"}]}<\/script>\n<!-- \/ Yoast SEO plugin. -->","yoast_head_json":{"title":"PF prende 16 envolvidos na pris\u00e3o injusta das brasileiras em Frankfurt - Litoral SP","description":"Pol\u00edcia Federal realiza segunda fase da Opera\u00e7\u00e3o Colateral e prende 16 envolvidos na pris\u00e3o injusta de duas brasileiras em Frankfurt.","robots":{"index":"index","follow":"follow","max-snippet":"max-snippet:-1","max-image-preview":"max-image-preview:large","max-video-preview":"max-video-preview:-1"},"canonical":"https:\/\/redenoticiaz.com.br\/litoralsp\/2023\/07\/18\/pf-prende-16-envolvidos-na-prisao-injusta-das-brasileiras-em-frankfurt","og_locale":"pt_BR","og_type":"article","og_title":"PF prende 16 envolvidos na pris\u00e3o injusta das brasileiras em Frankfurt - Litoral SP","og_description":"Pol\u00edcia Federal realiza segunda fase da Opera\u00e7\u00e3o Colateral e prende 16 envolvidos na pris\u00e3o injusta de duas brasileiras em Frankfurt.","og_url":"https:\/\/redenoticiaz.com.br\/litoralsp\/2023\/07\/18\/pf-prende-16-envolvidos-na-prisao-injusta-das-brasileiras-em-frankfurt","og_site_name":"Litoral SP","article_published_time":"2023-07-18T12:18:07+00:00","twitter_card":"summary_large_image","twitter_misc":{"Escrito por":"","Est. tempo de leitura":"2 minutos"},"schema":{"@context":"https:\/\/schema.org","@graph":[{"@type":"Article","@id":"https:\/\/redenoticiaz.com.br\/litoralsp\/2023\/07\/18\/pf-prende-16-envolvidos-na-prisao-injusta-das-brasileiras-em-frankfurt#article","isPartOf":{"@id":"https:\/\/redenoticiaz.com.br\/litoralsp\/2023\/07\/18\/pf-prende-16-envolvidos-na-prisao-injusta-das-brasileiras-em-frankfurt"},"author":{"name":"","@id":""},"headline":"PF prende 16 envolvidos na pris\u00e3o injusta das brasileiras em Frankfurt","datePublished":"2023-07-18T12:18:07+00:00","mainEntityOfPage":{"@id":"https:\/\/redenoticiaz.com.br\/litoralsp\/2023\/07\/18\/pf-prende-16-envolvidos-na-prisao-injusta-das-brasileiras-em-frankfurt"},"wordCount":351,"commentCount":0,"publisher":{"@id":"https:\/\/redenoticiaz.com.br\/litoralsp\/#organization"},"image":{"@id":"https:\/\/redenoticiaz.com.br\/litoralsp\/2023\/07\/18\/pf-prende-16-envolvidos-na-prisao-injusta-das-brasileiras-em-frankfurt#primaryimage"},"thumbnailUrl":"https:\/\/redenoticiaz.com.br\/litoralsp\/wp-content\/uploads\/sites\/3\/2023\/07\/WhatsApp-Image-2023-07-18-at-07.25.45.jpeg?v=1689682612","keywords":["BRASILEIRAS","COCA\u00cdNA","FRANKFURT","MULHERES PRESAS","mundo","OPERA\u00c7\u00c3O COLATERAL","POL\u00cdCIA"],"articleSection":["Pol\u00edcia"],"inLanguage":"pt-BR","potentialAction":[{"@type":"CommentAction","name":"Comment","target":["https:\/\/redenoticiaz.com.br\/litoralsp\/2023\/07\/18\/pf-prende-16-envolvidos-na-prisao-injusta-das-brasileiras-em-frankfurt#respond"]}]},{"@type":"WebPage","@id":"https:\/\/redenoticiaz.com.br\/litoralsp\/2023\/07\/18\/pf-prende-16-envolvidos-na-prisao-injusta-das-brasileiras-em-frankfurt","url":"https:\/\/redenoticiaz.com.br\/litoralsp\/2023\/07\/18\/pf-prende-16-envolvidos-na-prisao-injusta-das-brasileiras-em-frankfurt","name":"PF prende 16 envolvidos na pris\u00e3o injusta das brasileiras em Frankfurt - Litoral SP","isPartOf":{"@id":"https:\/\/redenoticiaz.com.br\/litoralsp\/#website"},"primaryImageOfPage":{"@id":"https:\/\/redenoticiaz.com.br\/litoralsp\/2023\/07\/18\/pf-prende-16-envolvidos-na-prisao-injusta-das-brasileiras-em-frankfurt#primaryimage"},"image":{"@id":"https:\/\/redenoticiaz.com.br\/litoralsp\/2023\/07\/18\/pf-prende-16-envolvidos-na-prisao-injusta-das-brasileiras-em-frankfurt#primaryimage"},"thumbnailUrl":"https:\/\/redenoticiaz.com.br\/litoralsp\/wp-content\/uploads\/sites\/3\/2023\/07\/WhatsApp-Image-2023-07-18-at-07.25.45.jpeg?v=1689682612","datePublished":"2023-07-18T12:18:07+00:00","description":"Pol\u00edcia Federal realiza segunda fase da Opera\u00e7\u00e3o Colateral e prende 16 envolvidos na pris\u00e3o injusta de duas brasileiras em Frankfurt.","inLanguage":"pt-BR","potentialAction":[{"@type":"ReadAction","target":["https:\/\/redenoticiaz.com.br\/litoralsp\/2023\/07\/18\/pf-prende-16-envolvidos-na-prisao-injusta-das-brasileiras-em-frankfurt"]}]},{"@type":"ImageObject","inLanguage":"pt-BR","@id":"https:\/\/redenoticiaz.com.br\/litoralsp\/2023\/07\/18\/pf-prende-16-envolvidos-na-prisao-injusta-das-brasileiras-em-frankfurt#primaryimage","url":"https:\/\/redenoticiaz.com.br\/litoralsp\/wp-content\/uploads\/sites\/3\/2023\/07\/WhatsApp-Image-2023-07-18-at-07.25.45.jpeg?v=1689682612","contentUrl":"https:\/\/redenoticiaz.com.br\/litoralsp\/wp-content\/uploads\/sites\/3\/2023\/07\/WhatsApp-Image-2023-07-18-at-07.25.45.jpeg?v=1689682612","width":810,"height":1080,"caption":"Foto: Divulga\u00e7\u00e3o"},{"@type":"WebSite","@id":"https:\/\/redenoticiaz.com.br\/litoralsp\/#website","url":"https:\/\/redenoticiaz.com.br\/litoralsp\/","name":"Litoral SP","description":"Rede NoticiaZ","publisher":{"@id":"https:\/\/redenoticiaz.com.br\/litoralsp\/#organization"},"potentialAction":[{"@type":"SearchAction","target":{"@type":"EntryPoint","urlTemplate":"https:\/\/redenoticiaz.com.br\/litoralsp\/?s={search_term_string}"},"query-input":{"@type":"PropertyValueSpecification","valueRequired":true,"valueName":"search_term_string"}}],"inLanguage":"pt-BR"},{"@type":"Organization","@id":"https:\/\/redenoticiaz.com.br\/litoralsp\/#organization","name":"Litoral SP","url":"https:\/\/redenoticiaz.com.br\/litoralsp\/","logo":{"@type":"ImageObject","inLanguage":"pt-BR","@id":"https:\/\/redenoticiaz.com.br\/litoralsp\/#\/schema\/logo\/image\/","url":"https:\/\/redenoticiaz.com.br\/litoralsp\/wp-content\/uploads\/sites\/3\/2020\/11\/logo.jpg","contentUrl":"https:\/\/redenoticiaz.com.br\/litoralsp\/wp-content\/uploads\/sites\/3\/2020\/11\/logo.jpg","width":400,"height":250,"caption":"Litoral SP"},"image":{"@id":"https:\/\/redenoticiaz.com.br\/litoralsp\/#\/schema\/logo\/image\/"}},{"@type":"Person","@id":"","url":"https:\/\/redenoticiaz.com.br\/litoralsp\/author"}]}},"_links":{"self":[{"href":"https:\/\/redenoticiaz.com.br\/litoralsp\/wp-json\/wp\/v2\/posts\/108400","targetHints":{"allow":["GET"]}}],"collection":[{"href":"https:\/\/redenoticiaz.com.br\/litoralsp\/wp-json\/wp\/v2\/posts"}],"about":[{"href":"https:\/\/redenoticiaz.com.br\/litoralsp\/wp-json\/wp\/v2\/types\/post"}],"author":[{"embeddable":true,"href":"https:\/\/redenoticiaz.com.br\/litoralsp\/wp-json\/wp\/v2\/users\/11"}],"replies":[{"embeddable":true,"href":"https:\/\/redenoticiaz.com.br\/litoralsp\/wp-json\/wp\/v2\/comments?post=108400"}],"version-history":[{"count":1,"href":"https:\/\/redenoticiaz.com.br\/litoralsp\/wp-json\/wp\/v2\/posts\/108400\/revisions"}],"predecessor-version":[{"id":108404,"href":"https:\/\/redenoticiaz.com.br\/litoralsp\/wp-json\/wp\/v2\/posts\/108400\/revisions\/108404"}],"wp:featuredmedia":[{"embeddable":true,"href":"https:\/\/redenoticiaz.com.br\/litoralsp\/wp-json\/wp\/v2\/media\/108401"}],"wp:attachment":[{"href":"https:\/\/redenoticiaz.com.br\/litoralsp\/wp-json\/wp\/v2\/media?parent=108400"}],"wp:term":[{"taxonomy":"category","embeddable":true,"href":"https:\/\/redenoticiaz.com.br\/litoralsp\/wp-json\/wp\/v2\/categories?post=108400"},{"taxonomy":"post_tag","embeddable":true,"href":"https:\/\/redenoticiaz.com.br\/litoralsp\/wp-json\/wp\/v2\/tags?post=108400"}],"curies":[{"name":"wp","href":"https:\/\/api.w.org\/{rel}","templated":true}]}}