{"id":108405,"date":"2023-07-22T09:00:10","date_gmt":"2023-07-22T12:00:10","guid":{"rendered":"https:\/\/redenoticiaz.com.br\/litoralsp\/?p=108405"},"modified":"2023-07-18T09:38:34","modified_gmt":"2023-07-18T12:38:34","slug":"saiba-4-sintomas-comuns-de-alzheimer-em-jovens","status":"publish","type":"post","link":"https:\/\/redenoticiaz.com.br\/litoralsp\/2023\/07\/22\/saiba-4-sintomas-comuns-de-alzheimer-em-jovens","title":{"rendered":"Saiba 4 sintomas comuns de Alzheimer em jovens"},"content":{"rendered":"<p>A Doen\u00e7a de<a href=\"https:\/\/pt.wikipedia.org\/wiki\/Doen%C3%A7a_de_Alzheimer\"> Alzheimer<\/a> em jovens, ao contr\u00e1rio do que alguns imaginam, n\u00e3o \u00e9 algo imposs\u00edvel de acontecer. A condi\u00e7\u00e3o degenerativa que acomete o c\u00e9rebro<strong> pode ter in\u00edcio a partir dos 30 anos de idade. <\/strong><\/p>\n<p>Trata-se do Alzheimer Precoce, que possui alguns sintomas de alerta, al\u00e9m da perda de mem\u00f3ria. No entanto, em um artigo publicado para o site The Conversation, Mark Dallas, professor de Neuroci\u00eancia Celular da Universidade de Reading, na Inglaterra, pontuou que casos assim s\u00e3o mais raros.<\/p>\n<p>E que o Alzheimer tende a aparecer ap\u00f3s os 50 anos de idade.<\/p>\n<h2><strong>Sintomas de Alzheimer em jovens<\/strong><\/h2>\n<p>O especialista ainda revelou que, em casos tradicionais da doen\u00e7a, o principal sintoma \u00e9 a perda sistem\u00e1tica de mem\u00f3ria. Mas que, em jovens, o Alzheimer pode apresentar outros sinais, como:<\/p>\n<ul>\n<li>Dificuldade de aten\u00e7\u00e3o;<\/li>\n<li>Menor capacidade de gesticula\u00e7\u00e3o com as m\u00e3os;<\/li>\n<li>Perda de consci\u00eancia espacial;<\/li>\n<li>Altos n\u00edveis de ansiedade;<\/li>\n<\/ul>\n<p>Caso voc\u00ea apresente um ou mais desses sintomas com frequ\u00eancia, sendo jovem ou n\u00e3o, o ideal \u00e9 procurar aux\u00edlio m\u00e9dio. Dessa maneira, um diagn\u00f3stico mais assertivo poder\u00e1 indicar a necessidade de um tratamento.<\/p>\n<h2><strong>Entenda a Doen\u00e7a de Alzheimer<\/strong><\/h2>\n<p>Segundo a Alzheimer\u2019s Association, no Brasil mais de 1 milh\u00e3o de pessoas convivem com algum tipo de dem\u00eancia. A Organiza\u00e7\u00e3o Mundial da Sa\u00fade estima que no mundo s\u00e3o cerca de 50 milh\u00f5es e que destes, 70% s\u00e3o diagnosticados com a Doen\u00e7a de Alzheimer. Apesar dos n\u00fameros alarmantes, h\u00e1 muitos esclarecimentos que precisam ser feitos sobre a doen\u00e7a.<\/p>\n<p>Definido como uma doen\u00e7a neurodegenerativa, ou seja, leva a um progressivo decl\u00ednio cognitivo com o passar do tempo. Nas fases finais, inclusive, o paciente n\u00e3o se lembra de grande parte dos acontecimentos da sua vida \u2013 a perda de mem\u00f3ria \u00e9 o sintoma mais caracter\u00edstico da enfermidade.<\/p>\n<p>\u201cA evolu\u00e7\u00e3o cl\u00ednica pode variar dependendo do caso, mas, de modo geral, temos uma patologia lentamente progressiva, que evolui em anos e que leva a progressiva deteriora\u00e7\u00e3o cognitiva, comportamental e, nos est\u00e1gios finais, motora\u201d, explica o neurologista Leandro Teles.<\/p>\n<h2><strong>Principais causas da doen\u00e7a\u00a0<\/strong><\/h2>\n<p>Embora o ambiente externo influencie o surgimento do Alzheimer, o quadro depende, principalmente, de uma carga gen\u00e9tica. \u201cQuase sempre o que ocorre \u00e9 uma predisposi\u00e7\u00e3o gen\u00e9tica, herdada por v\u00e1rios genes, que se manifesta a depender de fatores ambientais, como a longevidade, a escolaridade, as patologias cl\u00ednicas e outros fatores ainda n\u00e3o completamente elucidados\u201d, destaca Leandro.<\/p>\n<p>Segundo o especialista, para algumas fam\u00edlias o fator gen\u00e9tico pode se tornar evidente e atingir pessoas mais jovens. \u201cPor isso, de modo geral, n\u00e3o falamos de determinismo gen\u00e9tico, mas sim de predisposi\u00e7\u00e3o, e isso serve para a grande maioria dos casos t\u00edpicos, que ocorre de forma lentamente progressiva e ap\u00f3s os 65 anos\u201d, completa o especialista.<\/p>\n<p><em><strong>LEIA MAIS<\/strong><\/em><br \/>\n<a href=\"https:\/\/redenoticiaz.com.br\/blog\/2023\/07\/18\/pf-prende-16-envolvidos-na-prisao-injusta-das-brasileiras-em-frankfurt\">PF prende 16 envolvidos na pris\u00e3o injusta das brasileiras em Frankfurt<\/a><\/p>\n","protected":false},"excerpt":{"rendered":"<p>A Doen\u00e7a de Alzheimer em jovens, ao contr\u00e1rio do que alguns imaginam, n\u00e3o \u00e9 algo imposs\u00edvel de acontecer. A condi\u00e7\u00e3o degenerativa que acomete o c\u00e9rebro pode ter in\u00edcio a partir dos 30 anos de idade. Trata-se do Alzheimer Precoce, que possui alguns sintomas de alerta, al\u00e9m da perda de mem\u00f3ria. No entanto, em um artigo &hellip;<\/p>\n","protected":false},"author":11,"featured_media":108406,"comment_status":"open","ping_status":"closed","sticky":false,"template":"","format":"standard","meta":{"footnotes":""},"categories":[23],"tags":[64376,59465,9702,66240],"class_list":["post-108405","post","type-post","status-publish","format-standard","has-post-thumbnail","hentry","category-saude","tag-30-anos","tag-alzheimer","tag-jovens","tag-sintomas-comuns"],"yoast_head":"<!-- This site is optimized with the Yoast SEO plugin v27.4 - https:\/\/yoast.com\/product\/yoast-seo-wordpress\/ -->\n<title>Saiba 4 sintomas comuns de Alzheimer em jovens - Litoral SP<\/title>\n<meta name=\"description\" content=\"A Doen\u00e7a de Alzheimer em jovens, ao contr\u00e1rio do que alguns imaginam, a condi\u00e7\u00e3o degenerativa pode ter in\u00edcio a partir dos 30 anos de idade.\" \/>\n<meta name=\"robots\" content=\"index, follow, max-snippet:-1, max-image-preview:large, max-video-preview:-1\" \/>\n<link rel=\"canonical\" href=\"https:\/\/redenoticiaz.com.br\/litoralsp\/2023\/07\/22\/saiba-4-sintomas-comuns-de-alzheimer-em-jovens\" \/>\n<meta property=\"og:locale\" content=\"pt_BR\" \/>\n<meta property=\"og:type\" content=\"article\" \/>\n<meta property=\"og:title\" content=\"Saiba 4 sintomas comuns de Alzheimer em jovens - Litoral SP\" \/>\n<meta property=\"og:description\" content=\"A Doen\u00e7a de Alzheimer em jovens, ao contr\u00e1rio do que alguns imaginam, a condi\u00e7\u00e3o degenerativa pode ter in\u00edcio a partir dos 30 anos de idade.\" \/>\n<meta property=\"og:url\" content=\"https:\/\/redenoticiaz.com.br\/litoralsp\/2023\/07\/22\/saiba-4-sintomas-comuns-de-alzheimer-em-jovens\" \/>\n<meta property=\"og:site_name\" content=\"Litoral SP\" \/>\n<meta property=\"article:published_time\" content=\"2023-07-22T12:00:10+00:00\" \/>\n<meta name=\"twitter:card\" content=\"summary_large_image\" \/>\n<meta name=\"twitter:label1\" content=\"Escrito por\" \/>\n\t<meta name=\"twitter:data1\" content=\"\" \/>\n\t<meta name=\"twitter:label2\" content=\"Est. tempo de leitura\" \/>\n\t<meta name=\"twitter:data2\" content=\"3 minutos\" \/>\n<script type=\"application\/ld+json\" class=\"yoast-schema-graph\">{\"@context\":\"https:\\\/\\\/schema.org\",\"@graph\":[{\"@type\":\"Article\",\"@id\":\"https:\\\/\\\/redenoticiaz.com.br\\\/litoralsp\\\/2023\\\/07\\\/22\\\/saiba-4-sintomas-comuns-de-alzheimer-em-jovens#article\",\"isPartOf\":{\"@id\":\"https:\\\/\\\/redenoticiaz.com.br\\\/litoralsp\\\/2023\\\/07\\\/22\\\/saiba-4-sintomas-comuns-de-alzheimer-em-jovens\"},\"author\":{\"name\":\"\",\"@id\":\"\"},\"headline\":\"Saiba 4 sintomas comuns de Alzheimer em jovens\",\"datePublished\":\"2023-07-22T12:00:10+00:00\",\"mainEntityOfPage\":{\"@id\":\"https:\\\/\\\/redenoticiaz.com.br\\\/litoralsp\\\/2023\\\/07\\\/22\\\/saiba-4-sintomas-comuns-de-alzheimer-em-jovens\"},\"wordCount\":510,\"commentCount\":0,\"publisher\":{\"@id\":\"https:\\\/\\\/redenoticiaz.com.br\\\/litoralsp\\\/#organization\"},\"image\":{\"@id\":\"https:\\\/\\\/redenoticiaz.com.br\\\/litoralsp\\\/2023\\\/07\\\/22\\\/saiba-4-sintomas-comuns-de-alzheimer-em-jovens#primaryimage\"},\"thumbnailUrl\":\"https:\\\/\\\/redenoticiaz.com.br\\\/litoralsp\\\/wp-content\\\/uploads\\\/sites\\\/3\\\/2023\\\/07\\\/WhatsApp-Image-2023-07-18-at-09.34.53.jpeg?v=1689683714\",\"keywords\":[\"30 ANOS\",\"ALZHEIMER\",\"JOVENS\",\"SINTOMAS COMUNS\"],\"articleSection\":[\"Sa\u00fade\"],\"inLanguage\":\"pt-BR\",\"potentialAction\":[{\"@type\":\"CommentAction\",\"name\":\"Comment\",\"target\":[\"https:\\\/\\\/redenoticiaz.com.br\\\/litoralsp\\\/2023\\\/07\\\/22\\\/saiba-4-sintomas-comuns-de-alzheimer-em-jovens#respond\"]}]},{\"@type\":\"WebPage\",\"@id\":\"https:\\\/\\\/redenoticiaz.com.br\\\/litoralsp\\\/2023\\\/07\\\/22\\\/saiba-4-sintomas-comuns-de-alzheimer-em-jovens\",\"url\":\"https:\\\/\\\/redenoticiaz.com.br\\\/litoralsp\\\/2023\\\/07\\\/22\\\/saiba-4-sintomas-comuns-de-alzheimer-em-jovens\",\"name\":\"Saiba 4 sintomas comuns de Alzheimer em jovens - Litoral SP\",\"isPartOf\":{\"@id\":\"https:\\\/\\\/redenoticiaz.com.br\\\/litoralsp\\\/#website\"},\"primaryImageOfPage\":{\"@id\":\"https:\\\/\\\/redenoticiaz.com.br\\\/litoralsp\\\/2023\\\/07\\\/22\\\/saiba-4-sintomas-comuns-de-alzheimer-em-jovens#primaryimage\"},\"image\":{\"@id\":\"https:\\\/\\\/redenoticiaz.com.br\\\/litoralsp\\\/2023\\\/07\\\/22\\\/saiba-4-sintomas-comuns-de-alzheimer-em-jovens#primaryimage\"},\"thumbnailUrl\":\"https:\\\/\\\/redenoticiaz.com.br\\\/litoralsp\\\/wp-content\\\/uploads\\\/sites\\\/3\\\/2023\\\/07\\\/WhatsApp-Image-2023-07-18-at-09.34.53.jpeg?v=1689683714\",\"datePublished\":\"2023-07-22T12:00:10+00:00\",\"description\":\"A Doen\u00e7a de Alzheimer em jovens, ao contr\u00e1rio do que alguns imaginam, a condi\u00e7\u00e3o degenerativa pode ter in\u00edcio a partir dos 30 anos de idade.\",\"inLanguage\":\"pt-BR\",\"potentialAction\":[{\"@type\":\"ReadAction\",\"target\":[\"https:\\\/\\\/redenoticiaz.com.br\\\/litoralsp\\\/2023\\\/07\\\/22\\\/saiba-4-sintomas-comuns-de-alzheimer-em-jovens\"]}]},{\"@type\":\"ImageObject\",\"inLanguage\":\"pt-BR\",\"@id\":\"https:\\\/\\\/redenoticiaz.com.br\\\/litoralsp\\\/2023\\\/07\\\/22\\\/saiba-4-sintomas-comuns-de-alzheimer-em-jovens#primaryimage\",\"url\":\"https:\\\/\\\/redenoticiaz.com.br\\\/litoralsp\\\/wp-content\\\/uploads\\\/sites\\\/3\\\/2023\\\/07\\\/WhatsApp-Image-2023-07-18-at-09.34.53.jpeg?v=1689683714\",\"contentUrl\":\"https:\\\/\\\/redenoticiaz.com.br\\\/litoralsp\\\/wp-content\\\/uploads\\\/sites\\\/3\\\/2023\\\/07\\\/WhatsApp-Image-2023-07-18-at-09.34.53.jpeg?v=1689683714\",\"width\":551,\"height\":339,\"caption\":\"Foto: Divulga\u00e7\u00e3o\"},{\"@type\":\"WebSite\",\"@id\":\"https:\\\/\\\/redenoticiaz.com.br\\\/litoralsp\\\/#website\",\"url\":\"https:\\\/\\\/redenoticiaz.com.br\\\/litoralsp\\\/\",\"name\":\"Litoral SP\",\"description\":\"Rede NoticiaZ\",\"publisher\":{\"@id\":\"https:\\\/\\\/redenoticiaz.com.br\\\/litoralsp\\\/#organization\"},\"potentialAction\":[{\"@type\":\"SearchAction\",\"target\":{\"@type\":\"EntryPoint\",\"urlTemplate\":\"https:\\\/\\\/redenoticiaz.com.br\\\/litoralsp\\\/?s={search_term_string}\"},\"query-input\":{\"@type\":\"PropertyValueSpecification\",\"valueRequired\":true,\"valueName\":\"search_term_string\"}}],\"inLanguage\":\"pt-BR\"},{\"@type\":\"Organization\",\"@id\":\"https:\\\/\\\/redenoticiaz.com.br\\\/litoralsp\\\/#organization\",\"name\":\"Litoral SP\",\"url\":\"https:\\\/\\\/redenoticiaz.com.br\\\/litoralsp\\\/\",\"logo\":{\"@type\":\"ImageObject\",\"inLanguage\":\"pt-BR\",\"@id\":\"https:\\\/\\\/redenoticiaz.com.br\\\/litoralsp\\\/#\\\/schema\\\/logo\\\/image\\\/\",\"url\":\"https:\\\/\\\/redenoticiaz.com.br\\\/litoralsp\\\/wp-content\\\/uploads\\\/sites\\\/3\\\/2020\\\/11\\\/logo.jpg\",\"contentUrl\":\"https:\\\/\\\/redenoticiaz.com.br\\\/litoralsp\\\/wp-content\\\/uploads\\\/sites\\\/3\\\/2020\\\/11\\\/logo.jpg\",\"width\":400,\"height\":250,\"caption\":\"Litoral SP\"},\"image\":{\"@id\":\"https:\\\/\\\/redenoticiaz.com.br\\\/litoralsp\\\/#\\\/schema\\\/logo\\\/image\\\/\"}},{\"@type\":\"Person\",\"@id\":\"\",\"url\":\"https:\\\/\\\/redenoticiaz.com.br\\\/litoralsp\\\/author\"}]}<\/script>\n<!-- \/ Yoast SEO plugin. -->","yoast_head_json":{"title":"Saiba 4 sintomas comuns de Alzheimer em jovens - Litoral SP","description":"A Doen\u00e7a de Alzheimer em jovens, ao contr\u00e1rio do que alguns imaginam, a condi\u00e7\u00e3o degenerativa pode ter in\u00edcio a partir dos 30 anos de idade.","robots":{"index":"index","follow":"follow","max-snippet":"max-snippet:-1","max-image-preview":"max-image-preview:large","max-video-preview":"max-video-preview:-1"},"canonical":"https:\/\/redenoticiaz.com.br\/litoralsp\/2023\/07\/22\/saiba-4-sintomas-comuns-de-alzheimer-em-jovens","og_locale":"pt_BR","og_type":"article","og_title":"Saiba 4 sintomas comuns de Alzheimer em jovens - Litoral SP","og_description":"A Doen\u00e7a de Alzheimer em jovens, ao contr\u00e1rio do que alguns imaginam, a condi\u00e7\u00e3o degenerativa pode ter in\u00edcio a partir dos 30 anos de idade.","og_url":"https:\/\/redenoticiaz.com.br\/litoralsp\/2023\/07\/22\/saiba-4-sintomas-comuns-de-alzheimer-em-jovens","og_site_name":"Litoral SP","article_published_time":"2023-07-22T12:00:10+00:00","twitter_card":"summary_large_image","twitter_misc":{"Escrito por":"","Est. tempo de leitura":"3 minutos"},"schema":{"@context":"https:\/\/schema.org","@graph":[{"@type":"Article","@id":"https:\/\/redenoticiaz.com.br\/litoralsp\/2023\/07\/22\/saiba-4-sintomas-comuns-de-alzheimer-em-jovens#article","isPartOf":{"@id":"https:\/\/redenoticiaz.com.br\/litoralsp\/2023\/07\/22\/saiba-4-sintomas-comuns-de-alzheimer-em-jovens"},"author":{"name":"","@id":""},"headline":"Saiba 4 sintomas comuns de Alzheimer em jovens","datePublished":"2023-07-22T12:00:10+00:00","mainEntityOfPage":{"@id":"https:\/\/redenoticiaz.com.br\/litoralsp\/2023\/07\/22\/saiba-4-sintomas-comuns-de-alzheimer-em-jovens"},"wordCount":510,"commentCount":0,"publisher":{"@id":"https:\/\/redenoticiaz.com.br\/litoralsp\/#organization"},"image":{"@id":"https:\/\/redenoticiaz.com.br\/litoralsp\/2023\/07\/22\/saiba-4-sintomas-comuns-de-alzheimer-em-jovens#primaryimage"},"thumbnailUrl":"https:\/\/redenoticiaz.com.br\/litoralsp\/wp-content\/uploads\/sites\/3\/2023\/07\/WhatsApp-Image-2023-07-18-at-09.34.53.jpeg?v=1689683714","keywords":["30 ANOS","ALZHEIMER","JOVENS","SINTOMAS COMUNS"],"articleSection":["Sa\u00fade"],"inLanguage":"pt-BR","potentialAction":[{"@type":"CommentAction","name":"Comment","target":["https:\/\/redenoticiaz.com.br\/litoralsp\/2023\/07\/22\/saiba-4-sintomas-comuns-de-alzheimer-em-jovens#respond"]}]},{"@type":"WebPage","@id":"https:\/\/redenoticiaz.com.br\/litoralsp\/2023\/07\/22\/saiba-4-sintomas-comuns-de-alzheimer-em-jovens","url":"https:\/\/redenoticiaz.com.br\/litoralsp\/2023\/07\/22\/saiba-4-sintomas-comuns-de-alzheimer-em-jovens","name":"Saiba 4 sintomas comuns de Alzheimer em jovens - Litoral SP","isPartOf":{"@id":"https:\/\/redenoticiaz.com.br\/litoralsp\/#website"},"primaryImageOfPage":{"@id":"https:\/\/redenoticiaz.com.br\/litoralsp\/2023\/07\/22\/saiba-4-sintomas-comuns-de-alzheimer-em-jovens#primaryimage"},"image":{"@id":"https:\/\/redenoticiaz.com.br\/litoralsp\/2023\/07\/22\/saiba-4-sintomas-comuns-de-alzheimer-em-jovens#primaryimage"},"thumbnailUrl":"https:\/\/redenoticiaz.com.br\/litoralsp\/wp-content\/uploads\/sites\/3\/2023\/07\/WhatsApp-Image-2023-07-18-at-09.34.53.jpeg?v=1689683714","datePublished":"2023-07-22T12:00:10+00:00","description":"A Doen\u00e7a de Alzheimer em jovens, ao contr\u00e1rio do que alguns imaginam, a condi\u00e7\u00e3o degenerativa pode ter in\u00edcio a partir dos 30 anos de idade.","inLanguage":"pt-BR","potentialAction":[{"@type":"ReadAction","target":["https:\/\/redenoticiaz.com.br\/litoralsp\/2023\/07\/22\/saiba-4-sintomas-comuns-de-alzheimer-em-jovens"]}]},{"@type":"ImageObject","inLanguage":"pt-BR","@id":"https:\/\/redenoticiaz.com.br\/litoralsp\/2023\/07\/22\/saiba-4-sintomas-comuns-de-alzheimer-em-jovens#primaryimage","url":"https:\/\/redenoticiaz.com.br\/litoralsp\/wp-content\/uploads\/sites\/3\/2023\/07\/WhatsApp-Image-2023-07-18-at-09.34.53.jpeg?v=1689683714","contentUrl":"https:\/\/redenoticiaz.com.br\/litoralsp\/wp-content\/uploads\/sites\/3\/2023\/07\/WhatsApp-Image-2023-07-18-at-09.34.53.jpeg?v=1689683714","width":551,"height":339,"caption":"Foto: Divulga\u00e7\u00e3o"},{"@type":"WebSite","@id":"https:\/\/redenoticiaz.com.br\/litoralsp\/#website","url":"https:\/\/redenoticiaz.com.br\/litoralsp\/","name":"Litoral SP","description":"Rede NoticiaZ","publisher":{"@id":"https:\/\/redenoticiaz.com.br\/litoralsp\/#organization"},"potentialAction":[{"@type":"SearchAction","target":{"@type":"EntryPoint","urlTemplate":"https:\/\/redenoticiaz.com.br\/litoralsp\/?s={search_term_string}"},"query-input":{"@type":"PropertyValueSpecification","valueRequired":true,"valueName":"search_term_string"}}],"inLanguage":"pt-BR"},{"@type":"Organization","@id":"https:\/\/redenoticiaz.com.br\/litoralsp\/#organization","name":"Litoral SP","url":"https:\/\/redenoticiaz.com.br\/litoralsp\/","logo":{"@type":"ImageObject","inLanguage":"pt-BR","@id":"https:\/\/redenoticiaz.com.br\/litoralsp\/#\/schema\/logo\/image\/","url":"https:\/\/redenoticiaz.com.br\/litoralsp\/wp-content\/uploads\/sites\/3\/2020\/11\/logo.jpg","contentUrl":"https:\/\/redenoticiaz.com.br\/litoralsp\/wp-content\/uploads\/sites\/3\/2020\/11\/logo.jpg","width":400,"height":250,"caption":"Litoral SP"},"image":{"@id":"https:\/\/redenoticiaz.com.br\/litoralsp\/#\/schema\/logo\/image\/"}},{"@type":"Person","@id":"","url":"https:\/\/redenoticiaz.com.br\/litoralsp\/author"}]}},"_links":{"self":[{"href":"https:\/\/redenoticiaz.com.br\/litoralsp\/wp-json\/wp\/v2\/posts\/108405","targetHints":{"allow":["GET"]}}],"collection":[{"href":"https:\/\/redenoticiaz.com.br\/litoralsp\/wp-json\/wp\/v2\/posts"}],"about":[{"href":"https:\/\/redenoticiaz.com.br\/litoralsp\/wp-json\/wp\/v2\/types\/post"}],"author":[{"embeddable":true,"href":"https:\/\/redenoticiaz.com.br\/litoralsp\/wp-json\/wp\/v2\/users\/11"}],"replies":[{"embeddable":true,"href":"https:\/\/redenoticiaz.com.br\/litoralsp\/wp-json\/wp\/v2\/comments?post=108405"}],"version-history":[{"count":0,"href":"https:\/\/redenoticiaz.com.br\/litoralsp\/wp-json\/wp\/v2\/posts\/108405\/revisions"}],"wp:featuredmedia":[{"embeddable":true,"href":"https:\/\/redenoticiaz.com.br\/litoralsp\/wp-json\/wp\/v2\/media\/108406"}],"wp:attachment":[{"href":"https:\/\/redenoticiaz.com.br\/litoralsp\/wp-json\/wp\/v2\/media?parent=108405"}],"wp:term":[{"taxonomy":"category","embeddable":true,"href":"https:\/\/redenoticiaz.com.br\/litoralsp\/wp-json\/wp\/v2\/categories?post=108405"},{"taxonomy":"post_tag","embeddable":true,"href":"https:\/\/redenoticiaz.com.br\/litoralsp\/wp-json\/wp\/v2\/tags?post=108405"}],"curies":[{"name":"wp","href":"https:\/\/api.w.org\/{rel}","templated":true}]}}