{"id":108433,"date":"2023-07-18T19:09:08","date_gmt":"2023-07-18T22:09:08","guid":{"rendered":"https:\/\/redenoticiaz.com.br\/litoralsp\/?p=108433"},"modified":"2023-07-18T19:09:08","modified_gmt":"2023-07-18T22:09:08","slug":"cranios-de-cadaveres-sao-furtados-de-cemiterio-em-santos","status":"publish","type":"post","link":"https:\/\/redenoticiaz.com.br\/litoralsp\/2023\/07\/18\/cranios-de-cadaveres-sao-furtados-de-cemiterio-em-santos","title":{"rendered":"Cr\u00e2nios de cad\u00e1veres s\u00e3o furtados de cemit\u00e9rio em Santos"},"content":{"rendered":"<div id=\"chunk-n22m\">\n<div class=\"mc-column content-text active-extra-styles \" data-block-type=\"unstyled\" data-block-weight=\"53\" data-block-id=\"3\">\n<p data-track-category=\"Link no Texto\" data-track-links=\"\">Dois cr\u00e2nios de cad\u00e1veres foram furtados do Cemit\u00e9rio da Areia Branca, na Zona Noroeste em Santos e os familiares j\u00e1 foram informados sobre o crime.<\/p>\n<p data-track-category=\"Link no Texto\" data-track-links=\"\">De acordo com as informa\u00e7\u00f5es, um representante do cemit\u00e9rio foi at\u00e9 a delegacia neste \u00faltimo domingo (16) e relatou que duas urnas tinham sido violadas. Dois cr\u00e2nios tinham sido furtados.<\/p>\n<p data-track-category=\"Link no Texto\" data-track-links=\"\">Ainda de acordo com as informa\u00e7\u00f5es, os familiares foram informados em seguida e a Pol\u00edcia Civil investiga o caso.<\/p>\n<p data-track-category=\"Link no Texto\" data-track-links=\"\">Sendo assim, o caso foi registrado como destrui\u00e7\u00e3o, subtra\u00e7\u00e3o ou oculta\u00e7\u00e3o de cad\u00e1ver.<\/p>\n<p data-track-category=\"Link no Texto\" data-track-links=\"\">Por fim, a Prefeitura afirmou que os cemit\u00e9rios recebem patrulhamento da GCM e s\u00e3o monitorados por c\u00e2meras do Centro de Controle Operacional (CCO) da cidade.<\/p>\n<p data-track-category=\"Link no Texto\" data-track-links=\"\">Enfim, uma escala ser\u00e1 montada para garantir profissionais 24h por dia nos locais.<\/p>\n<div id=\"chunk-b1te\">\n<div class=\"mc-column content-text active-extra-styles \" data-block-type=\"unstyled\" data-block-weight=\"27\" data-block-id=\"12\">\n<p class=\"content-text__container \" data-track-category=\"Link no Texto\" data-track-links=\"\">Leia mais<\/p>\n<p data-track-category=\"Link no Texto\" data-track-links=\"\"><a href=\"https:\/\/redenoticiaz.com.br\/litoralsp\/2023\/07\/17\/dois-homens-sao-presos-por-furto-em-cemiterio\">Dois homens s\u00e3o presos por furto em cemit\u00e9rio<\/a><\/p>\n<p data-track-category=\"Link no Texto\" data-track-links=\"\">\n<\/div>\n<\/div>\n<\/div>\n<\/div>\n","protected":false},"excerpt":{"rendered":"<p>Dois cr\u00e2nios de cad\u00e1veres foram furtados do Cemit\u00e9rio da Areia Branca, na Zona Noroeste em Santos e os familiares j\u00e1 foram informados sobre o crime. De acordo com as informa\u00e7\u00f5es, um representante do cemit\u00e9rio foi at\u00e9 a delegacia neste \u00faltimo domingo (16) e relatou que duas urnas tinham sido violadas. Dois cr\u00e2nios tinham sido furtados. &hellip;<\/p>\n","protected":false},"author":12,"featured_media":108434,"comment_status":"open","ping_status":"closed","sticky":false,"template":"","format":"standard","meta":{"footnotes":""},"categories":[180],"tags":[66247,12514,4244,4773,986],"class_list":["post-108433","post","type-post","status-publish","format-standard","has-post-thumbnail","hentry","category-santos","tag-cemiterio-da-areia-branca","tag-centro-de-controle-operacional","tag-gcm","tag-policia-civil-2","tag-santos"],"yoast_head":"<!-- This site is optimized with the Yoast SEO plugin v27.5 - https:\/\/yoast.com\/product\/yoast-seo-wordpress\/ -->\n<title>Cr\u00e2nios de cad\u00e1veres s\u00e3o furtados de cemit\u00e9rio em Santos - Litoral SP<\/title>\n<meta name=\"description\" content=\"Dois cr\u00e2nios de cad\u00e1veres foram furtados do Cemit\u00e9rio da Areia Branca, na Zona Noroeste em Santos e os familiares j\u00e1 foram informados sobre o crime.\" \/>\n<meta name=\"robots\" content=\"index, follow, max-snippet:-1, max-image-preview:large, max-video-preview:-1\" \/>\n<link rel=\"canonical\" href=\"https:\/\/redenoticiaz.com.br\/litoralsp\/2023\/07\/18\/cranios-de-cadaveres-sao-furtados-de-cemiterio-em-santos\" \/>\n<meta property=\"og:locale\" content=\"pt_BR\" \/>\n<meta property=\"og:type\" content=\"article\" \/>\n<meta property=\"og:title\" content=\"Cr\u00e2nios de cad\u00e1veres s\u00e3o furtados de cemit\u00e9rio em Santos - Litoral SP\" \/>\n<meta property=\"og:description\" content=\"Dois cr\u00e2nios de cad\u00e1veres foram furtados do Cemit\u00e9rio da Areia Branca, na Zona Noroeste em Santos e os familiares j\u00e1 foram informados sobre o crime.\" \/>\n<meta property=\"og:url\" content=\"https:\/\/redenoticiaz.com.br\/litoralsp\/2023\/07\/18\/cranios-de-cadaveres-sao-furtados-de-cemiterio-em-santos\" \/>\n<meta property=\"og:site_name\" content=\"Litoral SP\" \/>\n<meta property=\"article:published_time\" content=\"2023-07-18T22:09:08+00:00\" \/>\n<meta property=\"og:image\" content=\"https:\/\/redenoticiaz.com.br\/litoralsp\/wp-content\/uploads\/sites\/3\/2023\/07\/cemiterio..jpg\" \/>\n\t<meta property=\"og:image:width\" content=\"984\" \/>\n\t<meta property=\"og:image:height\" content=\"656\" \/>\n\t<meta property=\"og:image:type\" content=\"image\/jpeg\" \/>\n<meta name=\"author\" content=\"Gustavo Silva\" \/>\n<meta name=\"twitter:card\" content=\"summary_large_image\" \/>\n<meta name=\"twitter:label1\" content=\"Escrito por\" \/>\n\t<meta name=\"twitter:data1\" content=\"Gustavo Silva\" \/>\n\t<meta name=\"twitter:label2\" content=\"Est. tempo de leitura\" \/>\n\t<meta name=\"twitter:data2\" content=\"1 minuto\" \/>\n<script type=\"application\/ld+json\" class=\"yoast-schema-graph\">{\"@context\":\"https:\\\/\\\/schema.org\",\"@graph\":[{\"@type\":\"Article\",\"@id\":\"https:\\\/\\\/redenoticiaz.com.br\\\/litoralsp\\\/2023\\\/07\\\/18\\\/cranios-de-cadaveres-sao-furtados-de-cemiterio-em-santos#article\",\"isPartOf\":{\"@id\":\"https:\\\/\\\/redenoticiaz.com.br\\\/litoralsp\\\/2023\\\/07\\\/18\\\/cranios-de-cadaveres-sao-furtados-de-cemiterio-em-santos\"},\"author\":{\"name\":\"Gustavo Silva\",\"@id\":\"https:\\\/\\\/redenoticiaz.com.br\\\/litoralsp\\\/#\\\/schema\\\/person\\\/16057b37a3c0ee6b096d7f887c566e2e\"},\"headline\":\"Cr\u00e2nios de cad\u00e1veres s\u00e3o furtados de cemit\u00e9rio em Santos\",\"datePublished\":\"2023-07-18T22:09:08+00:00\",\"mainEntityOfPage\":{\"@id\":\"https:\\\/\\\/redenoticiaz.com.br\\\/litoralsp\\\/2023\\\/07\\\/18\\\/cranios-de-cadaveres-sao-furtados-de-cemiterio-em-santos\"},\"wordCount\":164,\"commentCount\":0,\"publisher\":{\"@id\":\"https:\\\/\\\/redenoticiaz.com.br\\\/litoralsp\\\/#organization\"},\"image\":{\"@id\":\"https:\\\/\\\/redenoticiaz.com.br\\\/litoralsp\\\/2023\\\/07\\\/18\\\/cranios-de-cadaveres-sao-furtados-de-cemiterio-em-santos#primaryimage\"},\"thumbnailUrl\":\"https:\\\/\\\/redenoticiaz.com.br\\\/litoralsp\\\/wp-content\\\/uploads\\\/sites\\\/3\\\/2023\\\/07\\\/cemiterio..jpg\",\"keywords\":[\"Cemit\u00e9rio da Areia Branca\",\"CENTRO DE CONTROLE OPERACIONAL\",\"GCM\",\"POL\u00cdCIA CIVIL\",\"Santos\"],\"articleSection\":[\"Santos\"],\"inLanguage\":\"pt-BR\",\"potentialAction\":[{\"@type\":\"CommentAction\",\"name\":\"Comment\",\"target\":[\"https:\\\/\\\/redenoticiaz.com.br\\\/litoralsp\\\/2023\\\/07\\\/18\\\/cranios-de-cadaveres-sao-furtados-de-cemiterio-em-santos#respond\"]}]},{\"@type\":\"WebPage\",\"@id\":\"https:\\\/\\\/redenoticiaz.com.br\\\/litoralsp\\\/2023\\\/07\\\/18\\\/cranios-de-cadaveres-sao-furtados-de-cemiterio-em-santos\",\"url\":\"https:\\\/\\\/redenoticiaz.com.br\\\/litoralsp\\\/2023\\\/07\\\/18\\\/cranios-de-cadaveres-sao-furtados-de-cemiterio-em-santos\",\"name\":\"Cr\u00e2nios de cad\u00e1veres s\u00e3o furtados de cemit\u00e9rio em Santos - Litoral SP\",\"isPartOf\":{\"@id\":\"https:\\\/\\\/redenoticiaz.com.br\\\/litoralsp\\\/#website\"},\"primaryImageOfPage\":{\"@id\":\"https:\\\/\\\/redenoticiaz.com.br\\\/litoralsp\\\/2023\\\/07\\\/18\\\/cranios-de-cadaveres-sao-furtados-de-cemiterio-em-santos#primaryimage\"},\"image\":{\"@id\":\"https:\\\/\\\/redenoticiaz.com.br\\\/litoralsp\\\/2023\\\/07\\\/18\\\/cranios-de-cadaveres-sao-furtados-de-cemiterio-em-santos#primaryimage\"},\"thumbnailUrl\":\"https:\\\/\\\/redenoticiaz.com.br\\\/litoralsp\\\/wp-content\\\/uploads\\\/sites\\\/3\\\/2023\\\/07\\\/cemiterio..jpg\",\"datePublished\":\"2023-07-18T22:09:08+00:00\",\"description\":\"Dois cr\u00e2nios de cad\u00e1veres foram furtados do Cemit\u00e9rio da Areia Branca, na Zona Noroeste em Santos e os familiares j\u00e1 foram informados sobre o crime.\",\"inLanguage\":\"pt-BR\",\"potentialAction\":[{\"@type\":\"ReadAction\",\"target\":[\"https:\\\/\\\/redenoticiaz.com.br\\\/litoralsp\\\/2023\\\/07\\\/18\\\/cranios-de-cadaveres-sao-furtados-de-cemiterio-em-santos\"]}]},{\"@type\":\"ImageObject\",\"inLanguage\":\"pt-BR\",\"@id\":\"https:\\\/\\\/redenoticiaz.com.br\\\/litoralsp\\\/2023\\\/07\\\/18\\\/cranios-de-cadaveres-sao-furtados-de-cemiterio-em-santos#primaryimage\",\"url\":\"https:\\\/\\\/redenoticiaz.com.br\\\/litoralsp\\\/wp-content\\\/uploads\\\/sites\\\/3\\\/2023\\\/07\\\/cemiterio..jpg\",\"contentUrl\":\"https:\\\/\\\/redenoticiaz.com.br\\\/litoralsp\\\/wp-content\\\/uploads\\\/sites\\\/3\\\/2023\\\/07\\\/cemiterio..jpg\",\"width\":984,\"height\":656,\"caption\":\"Cr\u00e2nios de cad\u00e1veres s\u00e3o furtados de cemit\u00e9rio em Santos\"},{\"@type\":\"WebSite\",\"@id\":\"https:\\\/\\\/redenoticiaz.com.br\\\/litoralsp\\\/#website\",\"url\":\"https:\\\/\\\/redenoticiaz.com.br\\\/litoralsp\\\/\",\"name\":\"Litoral SP\",\"description\":\"Rede NoticiaZ\",\"publisher\":{\"@id\":\"https:\\\/\\\/redenoticiaz.com.br\\\/litoralsp\\\/#organization\"},\"potentialAction\":[{\"@type\":\"SearchAction\",\"target\":{\"@type\":\"EntryPoint\",\"urlTemplate\":\"https:\\\/\\\/redenoticiaz.com.br\\\/litoralsp\\\/?s={search_term_string}\"},\"query-input\":{\"@type\":\"PropertyValueSpecification\",\"valueRequired\":true,\"valueName\":\"search_term_string\"}}],\"inLanguage\":\"pt-BR\"},{\"@type\":\"Organization\",\"@id\":\"https:\\\/\\\/redenoticiaz.com.br\\\/litoralsp\\\/#organization\",\"name\":\"Litoral SP\",\"url\":\"https:\\\/\\\/redenoticiaz.com.br\\\/litoralsp\\\/\",\"logo\":{\"@type\":\"ImageObject\",\"inLanguage\":\"pt-BR\",\"@id\":\"https:\\\/\\\/redenoticiaz.com.br\\\/litoralsp\\\/#\\\/schema\\\/logo\\\/image\\\/\",\"url\":\"https:\\\/\\\/redenoticiaz.com.br\\\/litoralsp\\\/wp-content\\\/uploads\\\/sites\\\/3\\\/2020\\\/11\\\/logo.jpg\",\"contentUrl\":\"https:\\\/\\\/redenoticiaz.com.br\\\/litoralsp\\\/wp-content\\\/uploads\\\/sites\\\/3\\\/2020\\\/11\\\/logo.jpg\",\"width\":400,\"height\":250,\"caption\":\"Litoral SP\"},\"image\":{\"@id\":\"https:\\\/\\\/redenoticiaz.com.br\\\/litoralsp\\\/#\\\/schema\\\/logo\\\/image\\\/\"}},{\"@type\":\"Person\",\"@id\":\"https:\\\/\\\/redenoticiaz.com.br\\\/litoralsp\\\/#\\\/schema\\\/person\\\/16057b37a3c0ee6b096d7f887c566e2e\",\"name\":\"Gustavo Silva\",\"image\":{\"@type\":\"ImageObject\",\"inLanguage\":\"pt-BR\",\"@id\":\"https:\\\/\\\/secure.gravatar.com\\\/avatar\\\/3ee4e82f93b26de0a7cf4ea5eb7893da637ed6bb0c9170c58065944c56e28a33?s=96&d=mm&r=g\",\"url\":\"https:\\\/\\\/secure.gravatar.com\\\/avatar\\\/3ee4e82f93b26de0a7cf4ea5eb7893da637ed6bb0c9170c58065944c56e28a33?s=96&d=mm&r=g\",\"contentUrl\":\"https:\\\/\\\/secure.gravatar.com\\\/avatar\\\/3ee4e82f93b26de0a7cf4ea5eb7893da637ed6bb0c9170c58065944c56e28a33?s=96&d=mm&r=g\",\"caption\":\"Gustavo Silva\"},\"url\":\"https:\\\/\\\/redenoticiaz.com.br\\\/litoralsp\\\/author\\\/gustavosilva\"}]}<\/script>\n<!-- \/ Yoast SEO plugin. -->","yoast_head_json":{"title":"Cr\u00e2nios de cad\u00e1veres s\u00e3o furtados de cemit\u00e9rio em Santos - Litoral SP","description":"Dois cr\u00e2nios de cad\u00e1veres foram furtados do Cemit\u00e9rio da Areia Branca, na Zona Noroeste em Santos e os familiares j\u00e1 foram informados sobre o crime.","robots":{"index":"index","follow":"follow","max-snippet":"max-snippet:-1","max-image-preview":"max-image-preview:large","max-video-preview":"max-video-preview:-1"},"canonical":"https:\/\/redenoticiaz.com.br\/litoralsp\/2023\/07\/18\/cranios-de-cadaveres-sao-furtados-de-cemiterio-em-santos","og_locale":"pt_BR","og_type":"article","og_title":"Cr\u00e2nios de cad\u00e1veres s\u00e3o furtados de cemit\u00e9rio em Santos - Litoral SP","og_description":"Dois cr\u00e2nios de cad\u00e1veres foram furtados do Cemit\u00e9rio da Areia Branca, na Zona Noroeste em Santos e os familiares j\u00e1 foram informados sobre o crime.","og_url":"https:\/\/redenoticiaz.com.br\/litoralsp\/2023\/07\/18\/cranios-de-cadaveres-sao-furtados-de-cemiterio-em-santos","og_site_name":"Litoral SP","article_published_time":"2023-07-18T22:09:08+00:00","og_image":[{"width":984,"height":656,"url":"https:\/\/redenoticiaz.com.br\/litoralsp\/wp-content\/uploads\/sites\/3\/2023\/07\/cemiterio..jpg","type":"image\/jpeg"}],"author":"Gustavo Silva","twitter_card":"summary_large_image","twitter_misc":{"Escrito por":"Gustavo Silva","Est. tempo de leitura":"1 minuto"},"schema":{"@context":"https:\/\/schema.org","@graph":[{"@type":"Article","@id":"https:\/\/redenoticiaz.com.br\/litoralsp\/2023\/07\/18\/cranios-de-cadaveres-sao-furtados-de-cemiterio-em-santos#article","isPartOf":{"@id":"https:\/\/redenoticiaz.com.br\/litoralsp\/2023\/07\/18\/cranios-de-cadaveres-sao-furtados-de-cemiterio-em-santos"},"author":{"name":"Gustavo Silva","@id":"https:\/\/redenoticiaz.com.br\/litoralsp\/#\/schema\/person\/16057b37a3c0ee6b096d7f887c566e2e"},"headline":"Cr\u00e2nios de cad\u00e1veres s\u00e3o furtados de cemit\u00e9rio em Santos","datePublished":"2023-07-18T22:09:08+00:00","mainEntityOfPage":{"@id":"https:\/\/redenoticiaz.com.br\/litoralsp\/2023\/07\/18\/cranios-de-cadaveres-sao-furtados-de-cemiterio-em-santos"},"wordCount":164,"commentCount":0,"publisher":{"@id":"https:\/\/redenoticiaz.com.br\/litoralsp\/#organization"},"image":{"@id":"https:\/\/redenoticiaz.com.br\/litoralsp\/2023\/07\/18\/cranios-de-cadaveres-sao-furtados-de-cemiterio-em-santos#primaryimage"},"thumbnailUrl":"https:\/\/redenoticiaz.com.br\/litoralsp\/wp-content\/uploads\/sites\/3\/2023\/07\/cemiterio..jpg","keywords":["Cemit\u00e9rio da Areia Branca","CENTRO DE CONTROLE OPERACIONAL","GCM","POL\u00cdCIA CIVIL","Santos"],"articleSection":["Santos"],"inLanguage":"pt-BR","potentialAction":[{"@type":"CommentAction","name":"Comment","target":["https:\/\/redenoticiaz.com.br\/litoralsp\/2023\/07\/18\/cranios-de-cadaveres-sao-furtados-de-cemiterio-em-santos#respond"]}]},{"@type":"WebPage","@id":"https:\/\/redenoticiaz.com.br\/litoralsp\/2023\/07\/18\/cranios-de-cadaveres-sao-furtados-de-cemiterio-em-santos","url":"https:\/\/redenoticiaz.com.br\/litoralsp\/2023\/07\/18\/cranios-de-cadaveres-sao-furtados-de-cemiterio-em-santos","name":"Cr\u00e2nios de cad\u00e1veres s\u00e3o furtados de cemit\u00e9rio em Santos - Litoral SP","isPartOf":{"@id":"https:\/\/redenoticiaz.com.br\/litoralsp\/#website"},"primaryImageOfPage":{"@id":"https:\/\/redenoticiaz.com.br\/litoralsp\/2023\/07\/18\/cranios-de-cadaveres-sao-furtados-de-cemiterio-em-santos#primaryimage"},"image":{"@id":"https:\/\/redenoticiaz.com.br\/litoralsp\/2023\/07\/18\/cranios-de-cadaveres-sao-furtados-de-cemiterio-em-santos#primaryimage"},"thumbnailUrl":"https:\/\/redenoticiaz.com.br\/litoralsp\/wp-content\/uploads\/sites\/3\/2023\/07\/cemiterio..jpg","datePublished":"2023-07-18T22:09:08+00:00","description":"Dois cr\u00e2nios de cad\u00e1veres foram furtados do Cemit\u00e9rio da Areia Branca, na Zona Noroeste em Santos e os familiares j\u00e1 foram informados sobre o crime.","inLanguage":"pt-BR","potentialAction":[{"@type":"ReadAction","target":["https:\/\/redenoticiaz.com.br\/litoralsp\/2023\/07\/18\/cranios-de-cadaveres-sao-furtados-de-cemiterio-em-santos"]}]},{"@type":"ImageObject","inLanguage":"pt-BR","@id":"https:\/\/redenoticiaz.com.br\/litoralsp\/2023\/07\/18\/cranios-de-cadaveres-sao-furtados-de-cemiterio-em-santos#primaryimage","url":"https:\/\/redenoticiaz.com.br\/litoralsp\/wp-content\/uploads\/sites\/3\/2023\/07\/cemiterio..jpg","contentUrl":"https:\/\/redenoticiaz.com.br\/litoralsp\/wp-content\/uploads\/sites\/3\/2023\/07\/cemiterio..jpg","width":984,"height":656,"caption":"Cr\u00e2nios de cad\u00e1veres s\u00e3o furtados de cemit\u00e9rio em Santos"},{"@type":"WebSite","@id":"https:\/\/redenoticiaz.com.br\/litoralsp\/#website","url":"https:\/\/redenoticiaz.com.br\/litoralsp\/","name":"Litoral SP","description":"Rede NoticiaZ","publisher":{"@id":"https:\/\/redenoticiaz.com.br\/litoralsp\/#organization"},"potentialAction":[{"@type":"SearchAction","target":{"@type":"EntryPoint","urlTemplate":"https:\/\/redenoticiaz.com.br\/litoralsp\/?s={search_term_string}"},"query-input":{"@type":"PropertyValueSpecification","valueRequired":true,"valueName":"search_term_string"}}],"inLanguage":"pt-BR"},{"@type":"Organization","@id":"https:\/\/redenoticiaz.com.br\/litoralsp\/#organization","name":"Litoral SP","url":"https:\/\/redenoticiaz.com.br\/litoralsp\/","logo":{"@type":"ImageObject","inLanguage":"pt-BR","@id":"https:\/\/redenoticiaz.com.br\/litoralsp\/#\/schema\/logo\/image\/","url":"https:\/\/redenoticiaz.com.br\/litoralsp\/wp-content\/uploads\/sites\/3\/2020\/11\/logo.jpg","contentUrl":"https:\/\/redenoticiaz.com.br\/litoralsp\/wp-content\/uploads\/sites\/3\/2020\/11\/logo.jpg","width":400,"height":250,"caption":"Litoral SP"},"image":{"@id":"https:\/\/redenoticiaz.com.br\/litoralsp\/#\/schema\/logo\/image\/"}},{"@type":"Person","@id":"https:\/\/redenoticiaz.com.br\/litoralsp\/#\/schema\/person\/16057b37a3c0ee6b096d7f887c566e2e","name":"Gustavo Silva","image":{"@type":"ImageObject","inLanguage":"pt-BR","@id":"https:\/\/secure.gravatar.com\/avatar\/3ee4e82f93b26de0a7cf4ea5eb7893da637ed6bb0c9170c58065944c56e28a33?s=96&d=mm&r=g","url":"https:\/\/secure.gravatar.com\/avatar\/3ee4e82f93b26de0a7cf4ea5eb7893da637ed6bb0c9170c58065944c56e28a33?s=96&d=mm&r=g","contentUrl":"https:\/\/secure.gravatar.com\/avatar\/3ee4e82f93b26de0a7cf4ea5eb7893da637ed6bb0c9170c58065944c56e28a33?s=96&d=mm&r=g","caption":"Gustavo Silva"},"url":"https:\/\/redenoticiaz.com.br\/litoralsp\/author\/gustavosilva"}]}},"_links":{"self":[{"href":"https:\/\/redenoticiaz.com.br\/litoralsp\/wp-json\/wp\/v2\/posts\/108433","targetHints":{"allow":["GET"]}}],"collection":[{"href":"https:\/\/redenoticiaz.com.br\/litoralsp\/wp-json\/wp\/v2\/posts"}],"about":[{"href":"https:\/\/redenoticiaz.com.br\/litoralsp\/wp-json\/wp\/v2\/types\/post"}],"author":[{"embeddable":true,"href":"https:\/\/redenoticiaz.com.br\/litoralsp\/wp-json\/wp\/v2\/users\/12"}],"replies":[{"embeddable":true,"href":"https:\/\/redenoticiaz.com.br\/litoralsp\/wp-json\/wp\/v2\/comments?post=108433"}],"version-history":[{"count":1,"href":"https:\/\/redenoticiaz.com.br\/litoralsp\/wp-json\/wp\/v2\/posts\/108433\/revisions"}],"predecessor-version":[{"id":108435,"href":"https:\/\/redenoticiaz.com.br\/litoralsp\/wp-json\/wp\/v2\/posts\/108433\/revisions\/108435"}],"wp:featuredmedia":[{"embeddable":true,"href":"https:\/\/redenoticiaz.com.br\/litoralsp\/wp-json\/wp\/v2\/media\/108434"}],"wp:attachment":[{"href":"https:\/\/redenoticiaz.com.br\/litoralsp\/wp-json\/wp\/v2\/media?parent=108433"}],"wp:term":[{"taxonomy":"category","embeddable":true,"href":"https:\/\/redenoticiaz.com.br\/litoralsp\/wp-json\/wp\/v2\/categories?post=108433"},{"taxonomy":"post_tag","embeddable":true,"href":"https:\/\/redenoticiaz.com.br\/litoralsp\/wp-json\/wp\/v2\/tags?post=108433"}],"curies":[{"name":"wp","href":"https:\/\/api.w.org\/{rel}","templated":true}]}}