{"id":10871,"date":"2021-07-02T12:39:19","date_gmt":"2021-07-02T15:39:19","guid":{"rendered":"https:\/\/redenoticiaz.com.br\/litoralsp\/2021\/07\/02\/quem-bancar-o-sommelier-de-vacina-sofrera-medidas-rigidas"},"modified":"2021-07-02T12:42:37","modified_gmt":"2021-07-02T15:42:37","slug":"quem-bancar-o-sommelier-de-vacina-sofrera-medidas-rigidas","status":"publish","type":"post","link":"https:\/\/redenoticiaz.com.br\/litoralsp\/2021\/07\/02\/quem-bancar-o-sommelier-de-vacina-sofrera-medidas-rigidas","title":{"rendered":"Quem bancar o &#8216;sommelier de vacina&#8217; sofrer\u00e1 medidas r\u00edgidas"},"content":{"rendered":"<p>Aos poucos a vacina contra a Covid-19 est\u00e1 chegando para toda popula\u00e7\u00e3o. Ainda assim h\u00e1 aquelas pessoas que resolveram se tornar um <strong>&#8216;sommelier de vacina&#8217;<\/strong>, ou seja, quer escolher qual vacina vai tomar e n\u00e3o ser imunizado com a que estiver dispon\u00edvel nos postos de sa\u00fade.<\/p>\n<p>Essa postura j\u00e1 preocupa as prefeituras, porque n\u00e3o est\u00e3o conseguindo atender a todo o p\u00fablico alvo. Assim, medidas mais r\u00edgidas tiveram de ser adotadas pelas administra\u00e7\u00f5es municipais. No <a href=\"https:\/\/www.saopaulo.sp.gov.br\/\">Estado de S\u00e3o Paulo<\/a>, quatro cidades j\u00e1 se pronunciaram sobre o caso.<\/p>\n<p>Nas cidades de S\u00e3o Bernardo do Campo e em S\u00e3o Caetano do Sul, no ABC Paulista, est\u00e1 decidido que quem ficar escolhendo qual vacina tomar, vai parar no fim da fila da imuniza\u00e7\u00e3o contra a Covid-19. Nestes casos, somente ap\u00f3s toda popula\u00e7\u00e3o com 18 anos ser imunizada.<\/p>\n<p>Enquanto isso, em Jales e S\u00e3o Jos\u00e9 do Rio Preto, no Interior de S\u00e3o Paulo, quem recusar a vacina ter\u00e1 que assinar um termo de responsabilidade afirmando que se negou a tomar a vacina por causa da marca do imunizante. As prefeituras ir\u00e3o enviar esses termos para o Minist\u00e9rio P\u00fablico. Mas at\u00e9 agora, <span class=\"highlight highlighted\">n\u00e3o h\u00e1 uma puni\u00e7\u00e3o prevista.<\/span><\/p>\n<p>Enquanto isso em Urup\u00eas, tamb\u00e9m no interior paulista, a Administra\u00e7\u00e3o explicou que quem se negar tamb\u00e9m ir\u00e1 assinar um termo de responsabilidade. Mas depois, se a pessoa quiser tomar a vacina, ela <span class=\"highlight highlighted\">ter\u00e1 que entrar na fila da xepa<\/span>, que imuniza com doses remanescentes de qualquer marca da vacina.<\/p>\n<div class=\"mc-column content-text active-extra-styles \" data-block-type=\"unstyled\" data-block-weight=\"40\" data-block-id=\"5\">\n<p class=\"content-text__container \" data-track-category=\"Link no Texto\" data-track-links=\"\">Em\u00a0Crici\u00fama, Santa Catarina, a mesma medida das cidades do ABC Paulista foi adotada. Quem se negar a tomar o imunizante dispon\u00edvel tamb\u00e9m vai para o final da fila, ap\u00f3s a imuniza\u00e7\u00e3o dos adultos de 18 anos.<\/p>\n<p data-track-category=\"Link no Texto\" data-track-links=\"\"><strong>LEIA TAMB\u00c9M<\/strong><\/p>\n<p data-track-category=\"Link no Texto\" data-track-links=\"\"><a href=\"https:\/\/redenoticiaz.com.br\/blog\/2021\/07\/01\/vacina-em-massa-apresenta-grandes-resultados-em-botucatu\">Vacina em massa apresenta grandes resultados em Botucatu<\/a><\/p>\n<\/div>\n","protected":false},"excerpt":{"rendered":"<p>Aos poucos a vacina contra a Covid-19 est\u00e1 chegando para toda popula\u00e7\u00e3o. Ainda assim h\u00e1 aquelas pessoas que resolveram se tornar um &#8216;sommelier de vacina&#8217;, ou seja, quer escolher qual vacina vai tomar e n\u00e3o ser imunizado com a que estiver dispon\u00edvel nos postos de sa\u00fade. Essa postura j\u00e1 preocupa as prefeituras, porque n\u00e3o est\u00e3o &hellip;<\/p>\n","protected":false},"author":6,"featured_media":10872,"comment_status":"open","ping_status":"closed","sticky":false,"template":"","format":"standard","meta":{"footnotes":""},"categories":[23],"tags":[2805,26928,26929,26930,26931,16926,65,26932,26933,17082],"class_list":["post-10871","post","type-post","status-publish","format-standard","has-post-thumbnail","hentry","category-saude","tag-criciuma","tag-jales","tag-punicoes","tag-sao-bernardo-do-campo","tag-sao-caetano-do-sul","tag-sao-jose-do-rio-preto","tag-sao-paulo","tag-sommelier-de-vacina","tag-urupes","tag-vacina-contra-a-covid-19"],"yoast_head":"<!-- This site is optimized with the Yoast SEO plugin v27.4 - https:\/\/yoast.com\/product\/yoast-seo-wordpress\/ -->\n<title>Quem bancar o &#039;sommelier de vacina&#039; sofrer\u00e1 medidas r\u00edgidas - Litoral SP<\/title>\n<meta name=\"description\" content=\"vacina contra a Covid-19 est\u00e1 chegando para toda popula\u00e7\u00e3o. Ainda assim h\u00e1 aquelas pessoas que resolveram se tornar um &#039;sommelier de vacina&#039;\" \/>\n<meta name=\"robots\" content=\"index, follow, max-snippet:-1, max-image-preview:large, max-video-preview:-1\" \/>\n<link rel=\"canonical\" href=\"https:\/\/redenoticiaz.com.br\/litoralsp\/2021\/07\/02\/quem-bancar-o-sommelier-de-vacina-sofrera-medidas-rigidas\" \/>\n<meta property=\"og:locale\" content=\"pt_BR\" \/>\n<meta property=\"og:type\" content=\"article\" \/>\n<meta property=\"og:title\" content=\"Quem bancar o &#039;sommelier de vacina&#039; sofrer\u00e1 medidas r\u00edgidas - Litoral SP\" \/>\n<meta property=\"og:description\" content=\"vacina contra a Covid-19 est\u00e1 chegando para toda popula\u00e7\u00e3o. Ainda assim h\u00e1 aquelas pessoas que resolveram se tornar um &#039;sommelier de vacina&#039;\" \/>\n<meta property=\"og:url\" content=\"https:\/\/redenoticiaz.com.br\/litoralsp\/2021\/07\/02\/quem-bancar-o-sommelier-de-vacina-sofrera-medidas-rigidas\" \/>\n<meta property=\"og:site_name\" content=\"Litoral SP\" \/>\n<meta property=\"article:published_time\" content=\"2021-07-02T15:39:19+00:00\" \/>\n<meta property=\"article:modified_time\" content=\"2021-07-02T15:42:37+00:00\" \/>\n<meta property=\"og:image\" content=\"https:\/\/redenoticiaz.com.br\/litoralsp\/wp-content\/uploads\/sites\/3\/2021\/07\/10.jpeg\" \/>\n\t<meta property=\"og:image:width\" content=\"752\" \/>\n\t<meta property=\"og:image:height\" content=\"492\" \/>\n\t<meta property=\"og:image:type\" content=\"image\/jpeg\" \/>\n<meta name=\"author\" content=\"Leonardo Francisco\" \/>\n<meta name=\"twitter:card\" content=\"summary_large_image\" \/>\n<meta name=\"twitter:label1\" content=\"Escrito por\" \/>\n\t<meta name=\"twitter:data1\" content=\"Leonardo Francisco\" \/>\n\t<meta name=\"twitter:label2\" content=\"Est. tempo de leitura\" \/>\n\t<meta name=\"twitter:data2\" content=\"2 minutos\" \/>\n<script type=\"application\/ld+json\" class=\"yoast-schema-graph\">{\"@context\":\"https:\\\/\\\/schema.org\",\"@graph\":[{\"@type\":\"Article\",\"@id\":\"https:\\\/\\\/redenoticiaz.com.br\\\/litoralsp\\\/2021\\\/07\\\/02\\\/quem-bancar-o-sommelier-de-vacina-sofrera-medidas-rigidas#article\",\"isPartOf\":{\"@id\":\"https:\\\/\\\/redenoticiaz.com.br\\\/litoralsp\\\/2021\\\/07\\\/02\\\/quem-bancar-o-sommelier-de-vacina-sofrera-medidas-rigidas\"},\"author\":{\"name\":\"Leonardo Francisco\",\"@id\":\"https:\\\/\\\/redenoticiaz.com.br\\\/litoralsp\\\/#\\\/schema\\\/person\\\/0f0b8a5bdafefe82841e07ae8d81ecb3\"},\"headline\":\"Quem bancar o &#8216;sommelier de vacina&#8217; sofrer\u00e1 medidas r\u00edgidas\",\"datePublished\":\"2021-07-02T15:39:19+00:00\",\"dateModified\":\"2021-07-02T15:42:37+00:00\",\"mainEntityOfPage\":{\"@id\":\"https:\\\/\\\/redenoticiaz.com.br\\\/litoralsp\\\/2021\\\/07\\\/02\\\/quem-bancar-o-sommelier-de-vacina-sofrera-medidas-rigidas\"},\"wordCount\":327,\"commentCount\":0,\"publisher\":{\"@id\":\"https:\\\/\\\/redenoticiaz.com.br\\\/litoralsp\\\/#organization\"},\"image\":{\"@id\":\"https:\\\/\\\/redenoticiaz.com.br\\\/litoralsp\\\/2021\\\/07\\\/02\\\/quem-bancar-o-sommelier-de-vacina-sofrera-medidas-rigidas#primaryimage\"},\"thumbnailUrl\":\"https:\\\/\\\/redenoticiaz.com.br\\\/litoralsp\\\/wp-content\\\/uploads\\\/sites\\\/3\\\/2021\\\/07\\\/10.jpeg\",\"keywords\":[\"CRICI\u00daMA\",\"JALES\",\"PUNI\u00c7\u00d5ES\",\"S\u00c3O BERNARDO DO CAMPO\",\"S\u00c3O CAETANO DO SUL\",\"S\u00c3O JOS\u00c9 DO RIO PRETO\",\"S\u00e3o Paulo\",\"SOMMELIER DE VACINA\",\"URUP\u00caS\",\"VACINA CONTRA A COVID-19\"],\"articleSection\":[\"Sa\u00fade\"],\"inLanguage\":\"pt-BR\",\"potentialAction\":[{\"@type\":\"CommentAction\",\"name\":\"Comment\",\"target\":[\"https:\\\/\\\/redenoticiaz.com.br\\\/litoralsp\\\/2021\\\/07\\\/02\\\/quem-bancar-o-sommelier-de-vacina-sofrera-medidas-rigidas#respond\"]}]},{\"@type\":\"WebPage\",\"@id\":\"https:\\\/\\\/redenoticiaz.com.br\\\/litoralsp\\\/2021\\\/07\\\/02\\\/quem-bancar-o-sommelier-de-vacina-sofrera-medidas-rigidas\",\"url\":\"https:\\\/\\\/redenoticiaz.com.br\\\/litoralsp\\\/2021\\\/07\\\/02\\\/quem-bancar-o-sommelier-de-vacina-sofrera-medidas-rigidas\",\"name\":\"Quem bancar o 'sommelier de vacina' sofrer\u00e1 medidas r\u00edgidas - Litoral SP\",\"isPartOf\":{\"@id\":\"https:\\\/\\\/redenoticiaz.com.br\\\/litoralsp\\\/#website\"},\"primaryImageOfPage\":{\"@id\":\"https:\\\/\\\/redenoticiaz.com.br\\\/litoralsp\\\/2021\\\/07\\\/02\\\/quem-bancar-o-sommelier-de-vacina-sofrera-medidas-rigidas#primaryimage\"},\"image\":{\"@id\":\"https:\\\/\\\/redenoticiaz.com.br\\\/litoralsp\\\/2021\\\/07\\\/02\\\/quem-bancar-o-sommelier-de-vacina-sofrera-medidas-rigidas#primaryimage\"},\"thumbnailUrl\":\"https:\\\/\\\/redenoticiaz.com.br\\\/litoralsp\\\/wp-content\\\/uploads\\\/sites\\\/3\\\/2021\\\/07\\\/10.jpeg\",\"datePublished\":\"2021-07-02T15:39:19+00:00\",\"dateModified\":\"2021-07-02T15:42:37+00:00\",\"description\":\"vacina contra a Covid-19 est\u00e1 chegando para toda popula\u00e7\u00e3o. Ainda assim h\u00e1 aquelas pessoas que resolveram se tornar um 'sommelier de vacina'\",\"inLanguage\":\"pt-BR\",\"potentialAction\":[{\"@type\":\"ReadAction\",\"target\":[\"https:\\\/\\\/redenoticiaz.com.br\\\/litoralsp\\\/2021\\\/07\\\/02\\\/quem-bancar-o-sommelier-de-vacina-sofrera-medidas-rigidas\"]}]},{\"@type\":\"ImageObject\",\"inLanguage\":\"pt-BR\",\"@id\":\"https:\\\/\\\/redenoticiaz.com.br\\\/litoralsp\\\/2021\\\/07\\\/02\\\/quem-bancar-o-sommelier-de-vacina-sofrera-medidas-rigidas#primaryimage\",\"url\":\"https:\\\/\\\/redenoticiaz.com.br\\\/litoralsp\\\/wp-content\\\/uploads\\\/sites\\\/3\\\/2021\\\/07\\\/10.jpeg\",\"contentUrl\":\"https:\\\/\\\/redenoticiaz.com.br\\\/litoralsp\\\/wp-content\\\/uploads\\\/sites\\\/3\\\/2021\\\/07\\\/10.jpeg\",\"width\":752,\"height\":492,\"caption\":\"Portu\u00e1rios de Santos v\u00e3o receber a segunda dose da vacina\"},{\"@type\":\"WebSite\",\"@id\":\"https:\\\/\\\/redenoticiaz.com.br\\\/litoralsp\\\/#website\",\"url\":\"https:\\\/\\\/redenoticiaz.com.br\\\/litoralsp\\\/\",\"name\":\"Litoral SP\",\"description\":\"Rede NoticiaZ\",\"publisher\":{\"@id\":\"https:\\\/\\\/redenoticiaz.com.br\\\/litoralsp\\\/#organization\"},\"potentialAction\":[{\"@type\":\"SearchAction\",\"target\":{\"@type\":\"EntryPoint\",\"urlTemplate\":\"https:\\\/\\\/redenoticiaz.com.br\\\/litoralsp\\\/?s={search_term_string}\"},\"query-input\":{\"@type\":\"PropertyValueSpecification\",\"valueRequired\":true,\"valueName\":\"search_term_string\"}}],\"inLanguage\":\"pt-BR\"},{\"@type\":\"Organization\",\"@id\":\"https:\\\/\\\/redenoticiaz.com.br\\\/litoralsp\\\/#organization\",\"name\":\"Litoral SP\",\"url\":\"https:\\\/\\\/redenoticiaz.com.br\\\/litoralsp\\\/\",\"logo\":{\"@type\":\"ImageObject\",\"inLanguage\":\"pt-BR\",\"@id\":\"https:\\\/\\\/redenoticiaz.com.br\\\/litoralsp\\\/#\\\/schema\\\/logo\\\/image\\\/\",\"url\":\"https:\\\/\\\/redenoticiaz.com.br\\\/litoralsp\\\/wp-content\\\/uploads\\\/sites\\\/3\\\/2020\\\/11\\\/logo.jpg\",\"contentUrl\":\"https:\\\/\\\/redenoticiaz.com.br\\\/litoralsp\\\/wp-content\\\/uploads\\\/sites\\\/3\\\/2020\\\/11\\\/logo.jpg\",\"width\":400,\"height\":250,\"caption\":\"Litoral SP\"},\"image\":{\"@id\":\"https:\\\/\\\/redenoticiaz.com.br\\\/litoralsp\\\/#\\\/schema\\\/logo\\\/image\\\/\"}},{\"@type\":\"Person\",\"@id\":\"https:\\\/\\\/redenoticiaz.com.br\\\/litoralsp\\\/#\\\/schema\\\/person\\\/0f0b8a5bdafefe82841e07ae8d81ecb3\",\"name\":\"Leonardo Francisco\",\"image\":{\"@type\":\"ImageObject\",\"inLanguage\":\"pt-BR\",\"@id\":\"https:\\\/\\\/secure.gravatar.com\\\/avatar\\\/a7358cb406a99b682ec6df1e77e31ae82e63601f6784e8a3df411d72b37864da?s=96&d=mm&r=g\",\"url\":\"https:\\\/\\\/secure.gravatar.com\\\/avatar\\\/a7358cb406a99b682ec6df1e77e31ae82e63601f6784e8a3df411d72b37864da?s=96&d=mm&r=g\",\"contentUrl\":\"https:\\\/\\\/secure.gravatar.com\\\/avatar\\\/a7358cb406a99b682ec6df1e77e31ae82e63601f6784e8a3df411d72b37864da?s=96&d=mm&r=g\",\"caption\":\"Leonardo Francisco\"},\"url\":\"https:\\\/\\\/redenoticiaz.com.br\\\/litoralsp\\\/author\\\/leonardo-francisco\"}]}<\/script>\n<!-- \/ Yoast SEO plugin. -->","yoast_head_json":{"title":"Quem bancar o 'sommelier de vacina' sofrer\u00e1 medidas r\u00edgidas - Litoral SP","description":"vacina contra a Covid-19 est\u00e1 chegando para toda popula\u00e7\u00e3o. Ainda assim h\u00e1 aquelas pessoas que resolveram se tornar um 'sommelier de vacina'","robots":{"index":"index","follow":"follow","max-snippet":"max-snippet:-1","max-image-preview":"max-image-preview:large","max-video-preview":"max-video-preview:-1"},"canonical":"https:\/\/redenoticiaz.com.br\/litoralsp\/2021\/07\/02\/quem-bancar-o-sommelier-de-vacina-sofrera-medidas-rigidas","og_locale":"pt_BR","og_type":"article","og_title":"Quem bancar o 'sommelier de vacina' sofrer\u00e1 medidas r\u00edgidas - Litoral SP","og_description":"vacina contra a Covid-19 est\u00e1 chegando para toda popula\u00e7\u00e3o. Ainda assim h\u00e1 aquelas pessoas que resolveram se tornar um 'sommelier de vacina'","og_url":"https:\/\/redenoticiaz.com.br\/litoralsp\/2021\/07\/02\/quem-bancar-o-sommelier-de-vacina-sofrera-medidas-rigidas","og_site_name":"Litoral SP","article_published_time":"2021-07-02T15:39:19+00:00","article_modified_time":"2021-07-02T15:42:37+00:00","og_image":[{"width":752,"height":492,"url":"https:\/\/redenoticiaz.com.br\/litoralsp\/wp-content\/uploads\/sites\/3\/2021\/07\/10.jpeg","type":"image\/jpeg"}],"author":"Leonardo Francisco","twitter_card":"summary_large_image","twitter_misc":{"Escrito por":"Leonardo Francisco","Est. tempo de leitura":"2 minutos"},"schema":{"@context":"https:\/\/schema.org","@graph":[{"@type":"Article","@id":"https:\/\/redenoticiaz.com.br\/litoralsp\/2021\/07\/02\/quem-bancar-o-sommelier-de-vacina-sofrera-medidas-rigidas#article","isPartOf":{"@id":"https:\/\/redenoticiaz.com.br\/litoralsp\/2021\/07\/02\/quem-bancar-o-sommelier-de-vacina-sofrera-medidas-rigidas"},"author":{"name":"Leonardo Francisco","@id":"https:\/\/redenoticiaz.com.br\/litoralsp\/#\/schema\/person\/0f0b8a5bdafefe82841e07ae8d81ecb3"},"headline":"Quem bancar o &#8216;sommelier de vacina&#8217; sofrer\u00e1 medidas r\u00edgidas","datePublished":"2021-07-02T15:39:19+00:00","dateModified":"2021-07-02T15:42:37+00:00","mainEntityOfPage":{"@id":"https:\/\/redenoticiaz.com.br\/litoralsp\/2021\/07\/02\/quem-bancar-o-sommelier-de-vacina-sofrera-medidas-rigidas"},"wordCount":327,"commentCount":0,"publisher":{"@id":"https:\/\/redenoticiaz.com.br\/litoralsp\/#organization"},"image":{"@id":"https:\/\/redenoticiaz.com.br\/litoralsp\/2021\/07\/02\/quem-bancar-o-sommelier-de-vacina-sofrera-medidas-rigidas#primaryimage"},"thumbnailUrl":"https:\/\/redenoticiaz.com.br\/litoralsp\/wp-content\/uploads\/sites\/3\/2021\/07\/10.jpeg","keywords":["CRICI\u00daMA","JALES","PUNI\u00c7\u00d5ES","S\u00c3O BERNARDO DO CAMPO","S\u00c3O CAETANO DO SUL","S\u00c3O JOS\u00c9 DO RIO PRETO","S\u00e3o Paulo","SOMMELIER DE VACINA","URUP\u00caS","VACINA CONTRA A COVID-19"],"articleSection":["Sa\u00fade"],"inLanguage":"pt-BR","potentialAction":[{"@type":"CommentAction","name":"Comment","target":["https:\/\/redenoticiaz.com.br\/litoralsp\/2021\/07\/02\/quem-bancar-o-sommelier-de-vacina-sofrera-medidas-rigidas#respond"]}]},{"@type":"WebPage","@id":"https:\/\/redenoticiaz.com.br\/litoralsp\/2021\/07\/02\/quem-bancar-o-sommelier-de-vacina-sofrera-medidas-rigidas","url":"https:\/\/redenoticiaz.com.br\/litoralsp\/2021\/07\/02\/quem-bancar-o-sommelier-de-vacina-sofrera-medidas-rigidas","name":"Quem bancar o 'sommelier de vacina' sofrer\u00e1 medidas r\u00edgidas - Litoral SP","isPartOf":{"@id":"https:\/\/redenoticiaz.com.br\/litoralsp\/#website"},"primaryImageOfPage":{"@id":"https:\/\/redenoticiaz.com.br\/litoralsp\/2021\/07\/02\/quem-bancar-o-sommelier-de-vacina-sofrera-medidas-rigidas#primaryimage"},"image":{"@id":"https:\/\/redenoticiaz.com.br\/litoralsp\/2021\/07\/02\/quem-bancar-o-sommelier-de-vacina-sofrera-medidas-rigidas#primaryimage"},"thumbnailUrl":"https:\/\/redenoticiaz.com.br\/litoralsp\/wp-content\/uploads\/sites\/3\/2021\/07\/10.jpeg","datePublished":"2021-07-02T15:39:19+00:00","dateModified":"2021-07-02T15:42:37+00:00","description":"vacina contra a Covid-19 est\u00e1 chegando para toda popula\u00e7\u00e3o. Ainda assim h\u00e1 aquelas pessoas que resolveram se tornar um 'sommelier de vacina'","inLanguage":"pt-BR","potentialAction":[{"@type":"ReadAction","target":["https:\/\/redenoticiaz.com.br\/litoralsp\/2021\/07\/02\/quem-bancar-o-sommelier-de-vacina-sofrera-medidas-rigidas"]}]},{"@type":"ImageObject","inLanguage":"pt-BR","@id":"https:\/\/redenoticiaz.com.br\/litoralsp\/2021\/07\/02\/quem-bancar-o-sommelier-de-vacina-sofrera-medidas-rigidas#primaryimage","url":"https:\/\/redenoticiaz.com.br\/litoralsp\/wp-content\/uploads\/sites\/3\/2021\/07\/10.jpeg","contentUrl":"https:\/\/redenoticiaz.com.br\/litoralsp\/wp-content\/uploads\/sites\/3\/2021\/07\/10.jpeg","width":752,"height":492,"caption":"Portu\u00e1rios de Santos v\u00e3o receber a segunda dose da vacina"},{"@type":"WebSite","@id":"https:\/\/redenoticiaz.com.br\/litoralsp\/#website","url":"https:\/\/redenoticiaz.com.br\/litoralsp\/","name":"Litoral SP","description":"Rede NoticiaZ","publisher":{"@id":"https:\/\/redenoticiaz.com.br\/litoralsp\/#organization"},"potentialAction":[{"@type":"SearchAction","target":{"@type":"EntryPoint","urlTemplate":"https:\/\/redenoticiaz.com.br\/litoralsp\/?s={search_term_string}"},"query-input":{"@type":"PropertyValueSpecification","valueRequired":true,"valueName":"search_term_string"}}],"inLanguage":"pt-BR"},{"@type":"Organization","@id":"https:\/\/redenoticiaz.com.br\/litoralsp\/#organization","name":"Litoral SP","url":"https:\/\/redenoticiaz.com.br\/litoralsp\/","logo":{"@type":"ImageObject","inLanguage":"pt-BR","@id":"https:\/\/redenoticiaz.com.br\/litoralsp\/#\/schema\/logo\/image\/","url":"https:\/\/redenoticiaz.com.br\/litoralsp\/wp-content\/uploads\/sites\/3\/2020\/11\/logo.jpg","contentUrl":"https:\/\/redenoticiaz.com.br\/litoralsp\/wp-content\/uploads\/sites\/3\/2020\/11\/logo.jpg","width":400,"height":250,"caption":"Litoral SP"},"image":{"@id":"https:\/\/redenoticiaz.com.br\/litoralsp\/#\/schema\/logo\/image\/"}},{"@type":"Person","@id":"https:\/\/redenoticiaz.com.br\/litoralsp\/#\/schema\/person\/0f0b8a5bdafefe82841e07ae8d81ecb3","name":"Leonardo Francisco","image":{"@type":"ImageObject","inLanguage":"pt-BR","@id":"https:\/\/secure.gravatar.com\/avatar\/a7358cb406a99b682ec6df1e77e31ae82e63601f6784e8a3df411d72b37864da?s=96&d=mm&r=g","url":"https:\/\/secure.gravatar.com\/avatar\/a7358cb406a99b682ec6df1e77e31ae82e63601f6784e8a3df411d72b37864da?s=96&d=mm&r=g","contentUrl":"https:\/\/secure.gravatar.com\/avatar\/a7358cb406a99b682ec6df1e77e31ae82e63601f6784e8a3df411d72b37864da?s=96&d=mm&r=g","caption":"Leonardo Francisco"},"url":"https:\/\/redenoticiaz.com.br\/litoralsp\/author\/leonardo-francisco"}]}},"_links":{"self":[{"href":"https:\/\/redenoticiaz.com.br\/litoralsp\/wp-json\/wp\/v2\/posts\/10871","targetHints":{"allow":["GET"]}}],"collection":[{"href":"https:\/\/redenoticiaz.com.br\/litoralsp\/wp-json\/wp\/v2\/posts"}],"about":[{"href":"https:\/\/redenoticiaz.com.br\/litoralsp\/wp-json\/wp\/v2\/types\/post"}],"author":[{"embeddable":true,"href":"https:\/\/redenoticiaz.com.br\/litoralsp\/wp-json\/wp\/v2\/users\/6"}],"replies":[{"embeddable":true,"href":"https:\/\/redenoticiaz.com.br\/litoralsp\/wp-json\/wp\/v2\/comments?post=10871"}],"version-history":[{"count":1,"href":"https:\/\/redenoticiaz.com.br\/litoralsp\/wp-json\/wp\/v2\/posts\/10871\/revisions"}],"predecessor-version":[{"id":10873,"href":"https:\/\/redenoticiaz.com.br\/litoralsp\/wp-json\/wp\/v2\/posts\/10871\/revisions\/10873"}],"wp:featuredmedia":[{"embeddable":true,"href":"https:\/\/redenoticiaz.com.br\/litoralsp\/wp-json\/wp\/v2\/media\/10872"}],"wp:attachment":[{"href":"https:\/\/redenoticiaz.com.br\/litoralsp\/wp-json\/wp\/v2\/media?parent=10871"}],"wp:term":[{"taxonomy":"category","embeddable":true,"href":"https:\/\/redenoticiaz.com.br\/litoralsp\/wp-json\/wp\/v2\/categories?post=10871"},{"taxonomy":"post_tag","embeddable":true,"href":"https:\/\/redenoticiaz.com.br\/litoralsp\/wp-json\/wp\/v2\/tags?post=10871"}],"curies":[{"name":"wp","href":"https:\/\/api.w.org\/{rel}","templated":true}]}}