{"id":108732,"date":"2023-07-27T13:02:55","date_gmt":"2023-07-27T16:02:55","guid":{"rendered":"https:\/\/redenoticiaz.com.br\/litoralsp\/2023\/07\/27\/julho-pode-ser-o-mes-mais-quente-de-toda-a-historia"},"modified":"2023-07-27T13:03:06","modified_gmt":"2023-07-27T16:03:06","slug":"julho-pode-ser-o-mes-mais-quente-de-toda-a-historia","status":"publish","type":"post","link":"https:\/\/redenoticiaz.com.br\/litoralsp\/2023\/07\/27\/julho-pode-ser-o-mes-mais-quente-de-toda-a-historia","title":{"rendered":"Julho pode ser o m\u00eas mais quente de toda a hist\u00f3ria"},"content":{"rendered":"<div id=\"chunk-5k0oq\">\n<div class=\"mc-column content-text active-extra-styles \" data-block-type=\"unstyled\" data-block-weight=\"36\" data-block-id=\"3\">\n<p data-track-category=\"Link no Texto\" data-track-links=\"\">O m\u00eas de Julho pode ser o m\u00eas mais quente de toda a hist\u00f3ria, segundo Organiza\u00e7\u00e3o Meteorol\u00f3gica Mundial e um observat\u00f3rio europeu.<\/p>\n<p data-track-category=\"Link no Texto\" data-track-links=\"\">De acordo com as informa\u00e7\u00f5es divulgadas em comunicado nesta quinta-feira (27), a afirma\u00e7\u00e3o tem como base os dados do Servi\u00e7o de Mudan\u00e7as Clim\u00e1ticas Copernicus.<\/p>\n<p data-track-category=\"Link no Texto\" data-track-links=\"\">Ainda de acordo com as informa\u00e7\u00f5es, o servi\u00e7o, conseguiu verificar e alinhar dados das tr\u00eas primeiras semanas do m\u00eas.<\/p>\n<p data-track-category=\"Link no Texto\" data-track-links=\"\">Dados apontaram que o per\u00edodo teve uma temperatura m\u00e9dia global acima de qualquer outro per\u00edodo equivalente j\u00e1 monitorado desde 1940.<\/p>\n<\/div>\n<\/div>\n<div class=\"wall protected-content\">\n<div id=\"chunk-56b7d\">\n<div class=\"mc-column content-text active-extra-styles \" data-block-type=\"unstyled\" data-block-weight=\"26\" data-block-id=\"5\">\n<p class=\"content-text__container \" data-track-category=\"Link no Texto\" data-track-links=\"\">Sendo assim, a informa\u00e7\u00e3o divulgada esta semana, vem ap\u00f3s o servi\u00e7o apontar que Junho foi o m\u00eas mais quente a n\u00edvel global.<\/p>\n<p data-track-category=\"Link no Texto\" data-track-links=\"\">Por fim, a NASA,\u00a0 ag\u00eancia espacial americana prev\u00ea temperaturas ainda mais elevadas em 2024, quando o atual fen\u00f4meno El Ni\u00f1o\u00a0deve atingir seu pico.<\/p>\n<\/div>\n<\/div>\n<div id=\"chunk-76tu1\">\n<div class=\"content-ads content-ads--reveal\" data-block-type=\"ads\" data-block-id=\"7\">\n<div id=\"banner_materia2\" class=\"tag-manager-publicidade-container mc-has-reveal mc-has-ad-lazyload tag-manager-publicidade-banner_materia2 tag-manager-publicidade-container--carregado tag-manager-publicidade-container--visivel\" data-id=\"banner_materia2\" data-google-query-id=\"CMWbxf-fr4ADFVBS3QIdlLkKBQ\"><strong>Leia mais<\/strong><\/div>\n<div data-id=\"banner_materia2\" data-google-query-id=\"CMWbxf-fr4ADFVBS3QIdlLkKBQ\"><a href=\"https:\/\/redenoticiaz.com.br\/blog\/2023\/07\/24\/selecao-brasileira-feminina-estreia-na-copa-do-mundo-com-goleada-sobre-o-panama\">Sele\u00e7\u00e3o Brasileira feminina estreia na Copa do Mundo com goleada sobre o Panam\u00e1<\/a><\/div>\n<\/div>\n<\/div>\n<\/div>\n","protected":false},"excerpt":{"rendered":"<p>O m\u00eas de Julho pode ser o m\u00eas mais quente de toda a hist\u00f3ria, segundo Organiza\u00e7\u00e3o Meteorol\u00f3gica Mundial e um observat\u00f3rio europeu. De acordo com as informa\u00e7\u00f5es divulgadas em comunicado nesta quinta-feira (27), a afirma\u00e7\u00e3o tem como base os dados do Servi\u00e7o de Mudan\u00e7as Clim\u00e1ticas Copernicus. Ainda de acordo com as informa\u00e7\u00f5es, o servi\u00e7o, conseguiu &hellip;<\/p>\n","protected":false},"author":12,"featured_media":108733,"comment_status":"open","ping_status":"closed","sticky":false,"template":"","format":"standard","meta":{"footnotes":""},"categories":[26798],"tags":[35010,66090,66402,66403],"class_list":["post-108732","post","type-post","status-publish","format-standard","has-post-thumbnail","hentry","category-climatologia","tag-clima","tag-el-nino","tag-omm","tag-organizacao-meteorologica-mundial"],"yoast_head":"<!-- This site is optimized with the Yoast SEO plugin v27.4 - https:\/\/yoast.com\/product\/yoast-seo-wordpress\/ -->\n<title>Julho pode ser o m\u00eas mais quente de toda a hist\u00f3ria - Litoral SP<\/title>\n<meta name=\"description\" content=\"O m\u00eas de Julho pode ser o m\u00eas mais quente de toda a hist\u00f3ria, segundo Organiza\u00e7\u00e3o Meteorol\u00f3gica Mundial e um observat\u00f3rio europeu.\" \/>\n<meta name=\"robots\" content=\"index, follow, max-snippet:-1, max-image-preview:large, max-video-preview:-1\" \/>\n<link rel=\"canonical\" href=\"https:\/\/redenoticiaz.com.br\/litoralsp\/2023\/07\/27\/julho-pode-ser-o-mes-mais-quente-de-toda-a-historia\" \/>\n<meta property=\"og:locale\" content=\"pt_BR\" \/>\n<meta property=\"og:type\" content=\"article\" \/>\n<meta property=\"og:title\" content=\"Julho pode ser o m\u00eas mais quente de toda a hist\u00f3ria - Litoral SP\" \/>\n<meta property=\"og:description\" content=\"O m\u00eas de Julho pode ser o m\u00eas mais quente de toda a hist\u00f3ria, segundo Organiza\u00e7\u00e3o Meteorol\u00f3gica Mundial e um observat\u00f3rio europeu.\" \/>\n<meta property=\"og:url\" content=\"https:\/\/redenoticiaz.com.br\/litoralsp\/2023\/07\/27\/julho-pode-ser-o-mes-mais-quente-de-toda-a-historia\" \/>\n<meta property=\"og:site_name\" content=\"Litoral SP\" \/>\n<meta property=\"article:published_time\" content=\"2023-07-27T16:02:55+00:00\" \/>\n<meta property=\"article:modified_time\" content=\"2023-07-27T16:03:06+00:00\" \/>\n<meta property=\"og:image\" content=\"https:\/\/redenoticiaz.com.br\/litoralsp\/wp-content\/uploads\/sites\/3\/2023\/07\/el-nino-tera-seca-impactante-no-norte-e-no-nordeste-do-pais-alerta-onu.jpg?v=1690473756\" \/>\n\t<meta property=\"og:image:width\" content=\"924\" \/>\n\t<meta property=\"og:image:height\" content=\"616\" \/>\n\t<meta property=\"og:image:type\" content=\"image\/jpeg\" \/>\n<meta name=\"author\" content=\"Gustavo Silva\" \/>\n<meta name=\"twitter:card\" content=\"summary_large_image\" \/>\n<meta name=\"twitter:label1\" content=\"Escrito por\" \/>\n\t<meta name=\"twitter:data1\" content=\"Gustavo Silva\" \/>\n\t<meta name=\"twitter:label2\" content=\"Est. tempo de leitura\" \/>\n\t<meta name=\"twitter:data2\" content=\"1 minuto\" \/>\n<script type=\"application\/ld+json\" class=\"yoast-schema-graph\">{\"@context\":\"https:\\\/\\\/schema.org\",\"@graph\":[{\"@type\":\"Article\",\"@id\":\"https:\\\/\\\/redenoticiaz.com.br\\\/litoralsp\\\/2023\\\/07\\\/27\\\/julho-pode-ser-o-mes-mais-quente-de-toda-a-historia#article\",\"isPartOf\":{\"@id\":\"https:\\\/\\\/redenoticiaz.com.br\\\/litoralsp\\\/2023\\\/07\\\/27\\\/julho-pode-ser-o-mes-mais-quente-de-toda-a-historia\"},\"author\":{\"name\":\"Gustavo Silva\",\"@id\":\"https:\\\/\\\/redenoticiaz.com.br\\\/litoralsp\\\/#\\\/schema\\\/person\\\/16057b37a3c0ee6b096d7f887c566e2e\"},\"headline\":\"Julho pode ser o m\u00eas mais quente de toda a hist\u00f3ria\",\"datePublished\":\"2023-07-27T16:02:55+00:00\",\"dateModified\":\"2023-07-27T16:03:06+00:00\",\"mainEntityOfPage\":{\"@id\":\"https:\\\/\\\/redenoticiaz.com.br\\\/litoralsp\\\/2023\\\/07\\\/27\\\/julho-pode-ser-o-mes-mais-quente-de-toda-a-historia\"},\"wordCount\":183,\"commentCount\":0,\"publisher\":{\"@id\":\"https:\\\/\\\/redenoticiaz.com.br\\\/litoralsp\\\/#organization\"},\"image\":{\"@id\":\"https:\\\/\\\/redenoticiaz.com.br\\\/litoralsp\\\/2023\\\/07\\\/27\\\/julho-pode-ser-o-mes-mais-quente-de-toda-a-historia#primaryimage\"},\"thumbnailUrl\":\"https:\\\/\\\/redenoticiaz.com.br\\\/litoralsp\\\/wp-content\\\/uploads\\\/sites\\\/3\\\/2023\\\/07\\\/el-nino-tera-seca-impactante-no-norte-e-no-nordeste-do-pais-alerta-onu.jpg?v=1690473756\",\"keywords\":[\"CLIMA\",\"El Ni\u00f1o\",\"OMM\",\"Organiza\u00e7\u00e3o Meteorol\u00f3gica Mundial\"],\"articleSection\":[\"Climatologia\"],\"inLanguage\":\"pt-BR\",\"potentialAction\":[{\"@type\":\"CommentAction\",\"name\":\"Comment\",\"target\":[\"https:\\\/\\\/redenoticiaz.com.br\\\/litoralsp\\\/2023\\\/07\\\/27\\\/julho-pode-ser-o-mes-mais-quente-de-toda-a-historia#respond\"]}]},{\"@type\":\"WebPage\",\"@id\":\"https:\\\/\\\/redenoticiaz.com.br\\\/litoralsp\\\/2023\\\/07\\\/27\\\/julho-pode-ser-o-mes-mais-quente-de-toda-a-historia\",\"url\":\"https:\\\/\\\/redenoticiaz.com.br\\\/litoralsp\\\/2023\\\/07\\\/27\\\/julho-pode-ser-o-mes-mais-quente-de-toda-a-historia\",\"name\":\"Julho pode ser o m\u00eas mais quente de toda a hist\u00f3ria - Litoral SP\",\"isPartOf\":{\"@id\":\"https:\\\/\\\/redenoticiaz.com.br\\\/litoralsp\\\/#website\"},\"primaryImageOfPage\":{\"@id\":\"https:\\\/\\\/redenoticiaz.com.br\\\/litoralsp\\\/2023\\\/07\\\/27\\\/julho-pode-ser-o-mes-mais-quente-de-toda-a-historia#primaryimage\"},\"image\":{\"@id\":\"https:\\\/\\\/redenoticiaz.com.br\\\/litoralsp\\\/2023\\\/07\\\/27\\\/julho-pode-ser-o-mes-mais-quente-de-toda-a-historia#primaryimage\"},\"thumbnailUrl\":\"https:\\\/\\\/redenoticiaz.com.br\\\/litoralsp\\\/wp-content\\\/uploads\\\/sites\\\/3\\\/2023\\\/07\\\/el-nino-tera-seca-impactante-no-norte-e-no-nordeste-do-pais-alerta-onu.jpg?v=1690473756\",\"datePublished\":\"2023-07-27T16:02:55+00:00\",\"dateModified\":\"2023-07-27T16:03:06+00:00\",\"description\":\"O m\u00eas de Julho pode ser o m\u00eas mais quente de toda a hist\u00f3ria, segundo Organiza\u00e7\u00e3o Meteorol\u00f3gica Mundial e um observat\u00f3rio europeu.\",\"inLanguage\":\"pt-BR\",\"potentialAction\":[{\"@type\":\"ReadAction\",\"target\":[\"https:\\\/\\\/redenoticiaz.com.br\\\/litoralsp\\\/2023\\\/07\\\/27\\\/julho-pode-ser-o-mes-mais-quente-de-toda-a-historia\"]}]},{\"@type\":\"ImageObject\",\"inLanguage\":\"pt-BR\",\"@id\":\"https:\\\/\\\/redenoticiaz.com.br\\\/litoralsp\\\/2023\\\/07\\\/27\\\/julho-pode-ser-o-mes-mais-quente-de-toda-a-historia#primaryimage\",\"url\":\"https:\\\/\\\/redenoticiaz.com.br\\\/litoralsp\\\/wp-content\\\/uploads\\\/sites\\\/3\\\/2023\\\/07\\\/el-nino-tera-seca-impactante-no-norte-e-no-nordeste-do-pais-alerta-onu.jpg?v=1690473756\",\"contentUrl\":\"https:\\\/\\\/redenoticiaz.com.br\\\/litoralsp\\\/wp-content\\\/uploads\\\/sites\\\/3\\\/2023\\\/07\\\/el-nino-tera-seca-impactante-no-norte-e-no-nordeste-do-pais-alerta-onu.jpg?v=1690473756\",\"width\":924,\"height\":616,\"caption\":\"Julho pode ser o m\u00eas mais quente de toda a hist\u00f3ria\"},{\"@type\":\"WebSite\",\"@id\":\"https:\\\/\\\/redenoticiaz.com.br\\\/litoralsp\\\/#website\",\"url\":\"https:\\\/\\\/redenoticiaz.com.br\\\/litoralsp\\\/\",\"name\":\"Litoral SP\",\"description\":\"Rede NoticiaZ\",\"publisher\":{\"@id\":\"https:\\\/\\\/redenoticiaz.com.br\\\/litoralsp\\\/#organization\"},\"potentialAction\":[{\"@type\":\"SearchAction\",\"target\":{\"@type\":\"EntryPoint\",\"urlTemplate\":\"https:\\\/\\\/redenoticiaz.com.br\\\/litoralsp\\\/?s={search_term_string}\"},\"query-input\":{\"@type\":\"PropertyValueSpecification\",\"valueRequired\":true,\"valueName\":\"search_term_string\"}}],\"inLanguage\":\"pt-BR\"},{\"@type\":\"Organization\",\"@id\":\"https:\\\/\\\/redenoticiaz.com.br\\\/litoralsp\\\/#organization\",\"name\":\"Litoral SP\",\"url\":\"https:\\\/\\\/redenoticiaz.com.br\\\/litoralsp\\\/\",\"logo\":{\"@type\":\"ImageObject\",\"inLanguage\":\"pt-BR\",\"@id\":\"https:\\\/\\\/redenoticiaz.com.br\\\/litoralsp\\\/#\\\/schema\\\/logo\\\/image\\\/\",\"url\":\"https:\\\/\\\/redenoticiaz.com.br\\\/litoralsp\\\/wp-content\\\/uploads\\\/sites\\\/3\\\/2020\\\/11\\\/logo.jpg\",\"contentUrl\":\"https:\\\/\\\/redenoticiaz.com.br\\\/litoralsp\\\/wp-content\\\/uploads\\\/sites\\\/3\\\/2020\\\/11\\\/logo.jpg\",\"width\":400,\"height\":250,\"caption\":\"Litoral SP\"},\"image\":{\"@id\":\"https:\\\/\\\/redenoticiaz.com.br\\\/litoralsp\\\/#\\\/schema\\\/logo\\\/image\\\/\"}},{\"@type\":\"Person\",\"@id\":\"https:\\\/\\\/redenoticiaz.com.br\\\/litoralsp\\\/#\\\/schema\\\/person\\\/16057b37a3c0ee6b096d7f887c566e2e\",\"name\":\"Gustavo Silva\",\"image\":{\"@type\":\"ImageObject\",\"inLanguage\":\"pt-BR\",\"@id\":\"https:\\\/\\\/secure.gravatar.com\\\/avatar\\\/3ee4e82f93b26de0a7cf4ea5eb7893da637ed6bb0c9170c58065944c56e28a33?s=96&d=mm&r=g\",\"url\":\"https:\\\/\\\/secure.gravatar.com\\\/avatar\\\/3ee4e82f93b26de0a7cf4ea5eb7893da637ed6bb0c9170c58065944c56e28a33?s=96&d=mm&r=g\",\"contentUrl\":\"https:\\\/\\\/secure.gravatar.com\\\/avatar\\\/3ee4e82f93b26de0a7cf4ea5eb7893da637ed6bb0c9170c58065944c56e28a33?s=96&d=mm&r=g\",\"caption\":\"Gustavo Silva\"},\"url\":\"https:\\\/\\\/redenoticiaz.com.br\\\/litoralsp\\\/author\\\/gustavosilva\"}]}<\/script>\n<!-- \/ Yoast SEO plugin. -->","yoast_head_json":{"title":"Julho pode ser o m\u00eas mais quente de toda a hist\u00f3ria - Litoral SP","description":"O m\u00eas de Julho pode ser o m\u00eas mais quente de toda a hist\u00f3ria, segundo Organiza\u00e7\u00e3o Meteorol\u00f3gica Mundial e um observat\u00f3rio europeu.","robots":{"index":"index","follow":"follow","max-snippet":"max-snippet:-1","max-image-preview":"max-image-preview:large","max-video-preview":"max-video-preview:-1"},"canonical":"https:\/\/redenoticiaz.com.br\/litoralsp\/2023\/07\/27\/julho-pode-ser-o-mes-mais-quente-de-toda-a-historia","og_locale":"pt_BR","og_type":"article","og_title":"Julho pode ser o m\u00eas mais quente de toda a hist\u00f3ria - Litoral SP","og_description":"O m\u00eas de Julho pode ser o m\u00eas mais quente de toda a hist\u00f3ria, segundo Organiza\u00e7\u00e3o Meteorol\u00f3gica Mundial e um observat\u00f3rio europeu.","og_url":"https:\/\/redenoticiaz.com.br\/litoralsp\/2023\/07\/27\/julho-pode-ser-o-mes-mais-quente-de-toda-a-historia","og_site_name":"Litoral SP","article_published_time":"2023-07-27T16:02:55+00:00","article_modified_time":"2023-07-27T16:03:06+00:00","og_image":[{"width":924,"height":616,"url":"https:\/\/redenoticiaz.com.br\/litoralsp\/wp-content\/uploads\/sites\/3\/2023\/07\/el-nino-tera-seca-impactante-no-norte-e-no-nordeste-do-pais-alerta-onu.jpg?v=1690473756","type":"image\/jpeg"}],"author":"Gustavo Silva","twitter_card":"summary_large_image","twitter_misc":{"Escrito por":"Gustavo Silva","Est. tempo de leitura":"1 minuto"},"schema":{"@context":"https:\/\/schema.org","@graph":[{"@type":"Article","@id":"https:\/\/redenoticiaz.com.br\/litoralsp\/2023\/07\/27\/julho-pode-ser-o-mes-mais-quente-de-toda-a-historia#article","isPartOf":{"@id":"https:\/\/redenoticiaz.com.br\/litoralsp\/2023\/07\/27\/julho-pode-ser-o-mes-mais-quente-de-toda-a-historia"},"author":{"name":"Gustavo Silva","@id":"https:\/\/redenoticiaz.com.br\/litoralsp\/#\/schema\/person\/16057b37a3c0ee6b096d7f887c566e2e"},"headline":"Julho pode ser o m\u00eas mais quente de toda a hist\u00f3ria","datePublished":"2023-07-27T16:02:55+00:00","dateModified":"2023-07-27T16:03:06+00:00","mainEntityOfPage":{"@id":"https:\/\/redenoticiaz.com.br\/litoralsp\/2023\/07\/27\/julho-pode-ser-o-mes-mais-quente-de-toda-a-historia"},"wordCount":183,"commentCount":0,"publisher":{"@id":"https:\/\/redenoticiaz.com.br\/litoralsp\/#organization"},"image":{"@id":"https:\/\/redenoticiaz.com.br\/litoralsp\/2023\/07\/27\/julho-pode-ser-o-mes-mais-quente-de-toda-a-historia#primaryimage"},"thumbnailUrl":"https:\/\/redenoticiaz.com.br\/litoralsp\/wp-content\/uploads\/sites\/3\/2023\/07\/el-nino-tera-seca-impactante-no-norte-e-no-nordeste-do-pais-alerta-onu.jpg?v=1690473756","keywords":["CLIMA","El Ni\u00f1o","OMM","Organiza\u00e7\u00e3o Meteorol\u00f3gica Mundial"],"articleSection":["Climatologia"],"inLanguage":"pt-BR","potentialAction":[{"@type":"CommentAction","name":"Comment","target":["https:\/\/redenoticiaz.com.br\/litoralsp\/2023\/07\/27\/julho-pode-ser-o-mes-mais-quente-de-toda-a-historia#respond"]}]},{"@type":"WebPage","@id":"https:\/\/redenoticiaz.com.br\/litoralsp\/2023\/07\/27\/julho-pode-ser-o-mes-mais-quente-de-toda-a-historia","url":"https:\/\/redenoticiaz.com.br\/litoralsp\/2023\/07\/27\/julho-pode-ser-o-mes-mais-quente-de-toda-a-historia","name":"Julho pode ser o m\u00eas mais quente de toda a hist\u00f3ria - Litoral SP","isPartOf":{"@id":"https:\/\/redenoticiaz.com.br\/litoralsp\/#website"},"primaryImageOfPage":{"@id":"https:\/\/redenoticiaz.com.br\/litoralsp\/2023\/07\/27\/julho-pode-ser-o-mes-mais-quente-de-toda-a-historia#primaryimage"},"image":{"@id":"https:\/\/redenoticiaz.com.br\/litoralsp\/2023\/07\/27\/julho-pode-ser-o-mes-mais-quente-de-toda-a-historia#primaryimage"},"thumbnailUrl":"https:\/\/redenoticiaz.com.br\/litoralsp\/wp-content\/uploads\/sites\/3\/2023\/07\/el-nino-tera-seca-impactante-no-norte-e-no-nordeste-do-pais-alerta-onu.jpg?v=1690473756","datePublished":"2023-07-27T16:02:55+00:00","dateModified":"2023-07-27T16:03:06+00:00","description":"O m\u00eas de Julho pode ser o m\u00eas mais quente de toda a hist\u00f3ria, segundo Organiza\u00e7\u00e3o Meteorol\u00f3gica Mundial e um observat\u00f3rio europeu.","inLanguage":"pt-BR","potentialAction":[{"@type":"ReadAction","target":["https:\/\/redenoticiaz.com.br\/litoralsp\/2023\/07\/27\/julho-pode-ser-o-mes-mais-quente-de-toda-a-historia"]}]},{"@type":"ImageObject","inLanguage":"pt-BR","@id":"https:\/\/redenoticiaz.com.br\/litoralsp\/2023\/07\/27\/julho-pode-ser-o-mes-mais-quente-de-toda-a-historia#primaryimage","url":"https:\/\/redenoticiaz.com.br\/litoralsp\/wp-content\/uploads\/sites\/3\/2023\/07\/el-nino-tera-seca-impactante-no-norte-e-no-nordeste-do-pais-alerta-onu.jpg?v=1690473756","contentUrl":"https:\/\/redenoticiaz.com.br\/litoralsp\/wp-content\/uploads\/sites\/3\/2023\/07\/el-nino-tera-seca-impactante-no-norte-e-no-nordeste-do-pais-alerta-onu.jpg?v=1690473756","width":924,"height":616,"caption":"Julho pode ser o m\u00eas mais quente de toda a hist\u00f3ria"},{"@type":"WebSite","@id":"https:\/\/redenoticiaz.com.br\/litoralsp\/#website","url":"https:\/\/redenoticiaz.com.br\/litoralsp\/","name":"Litoral SP","description":"Rede NoticiaZ","publisher":{"@id":"https:\/\/redenoticiaz.com.br\/litoralsp\/#organization"},"potentialAction":[{"@type":"SearchAction","target":{"@type":"EntryPoint","urlTemplate":"https:\/\/redenoticiaz.com.br\/litoralsp\/?s={search_term_string}"},"query-input":{"@type":"PropertyValueSpecification","valueRequired":true,"valueName":"search_term_string"}}],"inLanguage":"pt-BR"},{"@type":"Organization","@id":"https:\/\/redenoticiaz.com.br\/litoralsp\/#organization","name":"Litoral SP","url":"https:\/\/redenoticiaz.com.br\/litoralsp\/","logo":{"@type":"ImageObject","inLanguage":"pt-BR","@id":"https:\/\/redenoticiaz.com.br\/litoralsp\/#\/schema\/logo\/image\/","url":"https:\/\/redenoticiaz.com.br\/litoralsp\/wp-content\/uploads\/sites\/3\/2020\/11\/logo.jpg","contentUrl":"https:\/\/redenoticiaz.com.br\/litoralsp\/wp-content\/uploads\/sites\/3\/2020\/11\/logo.jpg","width":400,"height":250,"caption":"Litoral SP"},"image":{"@id":"https:\/\/redenoticiaz.com.br\/litoralsp\/#\/schema\/logo\/image\/"}},{"@type":"Person","@id":"https:\/\/redenoticiaz.com.br\/litoralsp\/#\/schema\/person\/16057b37a3c0ee6b096d7f887c566e2e","name":"Gustavo Silva","image":{"@type":"ImageObject","inLanguage":"pt-BR","@id":"https:\/\/secure.gravatar.com\/avatar\/3ee4e82f93b26de0a7cf4ea5eb7893da637ed6bb0c9170c58065944c56e28a33?s=96&d=mm&r=g","url":"https:\/\/secure.gravatar.com\/avatar\/3ee4e82f93b26de0a7cf4ea5eb7893da637ed6bb0c9170c58065944c56e28a33?s=96&d=mm&r=g","contentUrl":"https:\/\/secure.gravatar.com\/avatar\/3ee4e82f93b26de0a7cf4ea5eb7893da637ed6bb0c9170c58065944c56e28a33?s=96&d=mm&r=g","caption":"Gustavo Silva"},"url":"https:\/\/redenoticiaz.com.br\/litoralsp\/author\/gustavosilva"}]}},"_links":{"self":[{"href":"https:\/\/redenoticiaz.com.br\/litoralsp\/wp-json\/wp\/v2\/posts\/108732","targetHints":{"allow":["GET"]}}],"collection":[{"href":"https:\/\/redenoticiaz.com.br\/litoralsp\/wp-json\/wp\/v2\/posts"}],"about":[{"href":"https:\/\/redenoticiaz.com.br\/litoralsp\/wp-json\/wp\/v2\/types\/post"}],"author":[{"embeddable":true,"href":"https:\/\/redenoticiaz.com.br\/litoralsp\/wp-json\/wp\/v2\/users\/12"}],"replies":[{"embeddable":true,"href":"https:\/\/redenoticiaz.com.br\/litoralsp\/wp-json\/wp\/v2\/comments?post=108732"}],"version-history":[{"count":0,"href":"https:\/\/redenoticiaz.com.br\/litoralsp\/wp-json\/wp\/v2\/posts\/108732\/revisions"}],"wp:featuredmedia":[{"embeddable":true,"href":"https:\/\/redenoticiaz.com.br\/litoralsp\/wp-json\/wp\/v2\/media\/108733"}],"wp:attachment":[{"href":"https:\/\/redenoticiaz.com.br\/litoralsp\/wp-json\/wp\/v2\/media?parent=108732"}],"wp:term":[{"taxonomy":"category","embeddable":true,"href":"https:\/\/redenoticiaz.com.br\/litoralsp\/wp-json\/wp\/v2\/categories?post=108732"},{"taxonomy":"post_tag","embeddable":true,"href":"https:\/\/redenoticiaz.com.br\/litoralsp\/wp-json\/wp\/v2\/tags?post=108732"}],"curies":[{"name":"wp","href":"https:\/\/api.w.org\/{rel}","templated":true}]}}