{"id":108757,"date":"2023-07-28T10:27:29","date_gmt":"2023-07-28T13:27:29","guid":{"rendered":"https:\/\/redenoticiaz.com.br\/litoralsp\/2023\/07\/28\/video-bombeiro-e-condenado-a-12-anos-de-prisao-por-tentar-matar-atendente-de-lanchonete"},"modified":"2023-07-28T10:35:39","modified_gmt":"2023-07-28T13:35:39","slug":"video-bombeiro-e-condenado-a-12-anos-de-prisao-por-tentar-matar-atendente-de-lanchonete","status":"publish","type":"post","link":"https:\/\/redenoticiaz.com.br\/litoralsp\/2023\/07\/28\/video-bombeiro-e-condenado-a-12-anos-de-prisao-por-tentar-matar-atendente-de-lanchonete","title":{"rendered":"V\u00eddeo \u2013 Bombeiro \u00e9 condenado a 12 anos de pris\u00e3o por tentar matar atendente de lanchonete"},"content":{"rendered":"<p>O bombeiro Paulo C\u00e9sar Albuquerque foi condenado a 12 anos de pris\u00e3o em regime fechado ap\u00f3s ser acusado de tentar matar um atendente do McDonald&#8217;s em uma discuss\u00e3o na Zona Oeste do Rio de Janeiro. A senten\u00e7a foi lida no fim da noite desta quinta-feira (27), destacando a gravidade do acontecimento que resultou na severa puni\u00e7\u00e3o ao agressor.<\/p>\n<p>O caso aconteceu, em maio de 2022, o bombeiro Paulo C\u00e9sar Albuquerque, que acabou sendo condenado por tentativa de homic\u00eddio contra o atendente Mateus Domingos Carvalho em uma unidade do McDonald&#8217;s na Zona Oeste do Rio de Janeiro. Tudo come\u00e7ou com uma discuss\u00e3o desencadeada por um cupom de desconto de apenas R$ 4.<\/p>\n<p>Conforme relatos da v\u00edtima e testemunhas, o cliente estava no drive-thru da lanchonete e tentou aplicar um cupom promocional ap\u00f3s o pedido j\u00e1 ter sido fechado. Entretanto, Mateus explicou que isso n\u00e3o seria poss\u00edvel, o que irritou Paulo C\u00e9sar, resultando em uma escalada de viol\u00eancia. O bombeiro chegou a quebrar a prote\u00e7\u00e3o de acr\u00edlico e agredir Mateus, que revidou.<\/p>\n<p>As c\u00e2meras de seguran\u00e7a do estabelecimento registraram o momento em que o sargento adentrou a loja portando uma arma. Testemunhas relatam que ele se dirigiu \u00e0 \u00e1rea de trabalho do atendente e efetuou os disparos. Ap\u00f3s o ocorrido, Paulo deixou o local, enquanto Mateus caiu no ch\u00e3o, sendo amparado por um colega.<\/p>\n<div style=\"width: 640px;\" class=\"wp-video\"><video class=\"wp-video-shortcode\" id=\"video-108757-1\" width=\"640\" height=\"368\" preload=\"metadata\" controls=\"controls\"><source type=\"video\/mp4\" src=\"https:\/\/redenoticiaz.com.br\/litoralsp\/wp-content\/uploads\/sites\/3\/2023\/07\/Video-do-WhatsApp-de-2023-07-28-as-10.16.53.mp4?_=1\" \/><a href=\"https:\/\/redenoticiaz.com.br\/litoralsp\/wp-content\/uploads\/sites\/3\/2023\/07\/Video-do-WhatsApp-de-2023-07-28-as-10.16.53.mp4\">https:\/\/redenoticiaz.com.br\/litoralsp\/wp-content\/uploads\/sites\/3\/2023\/07\/Video-do-WhatsApp-de-2023-07-28-as-10.16.53.mp4<\/a><\/video><\/div>\n<p>&nbsp;<\/p>\n<p>LEIA MAIS<\/p>\n<p><a href=\"https:\/\/redenoticiaz.com.br\/barretos-regiao\/sp\/2023\/07\/27\/caixao-da-barbie-faz-sucesso-e-chama-atencao\">Caix\u00e3o da Barbie faz sucesso e chama aten\u00e7\u00e3o<\/a><\/p>\n","protected":false},"excerpt":{"rendered":"<p>O bombeiro Paulo C\u00e9sar Albuquerque foi condenado a 12 anos de pris\u00e3o em regime fechado ap\u00f3s ser acusado de tentar matar um atendente do McDonald&#8217;s em uma discuss\u00e3o na Zona Oeste do Rio de Janeiro. A senten\u00e7a foi lida no fim da noite desta quinta-feira (27), destacando a gravidade do acontecimento que resultou na severa &hellip;<\/p>\n","protected":false},"author":30,"featured_media":108758,"comment_status":"open","ping_status":"closed","sticky":false,"template":"","format":"standard","meta":{"footnotes":""},"categories":[10],"tags":[66422,4040,5661,2212],"class_list":["post-108757","post","type-post","status-publish","format-standard","has-post-thumbnail","hentry","category-policia","tag-atendente","tag-condenado","tag-rio-de-janeiro","tag-tentativa-de-homicidio"],"yoast_head":"<!-- This site is optimized with the Yoast SEO plugin v27.4 - https:\/\/yoast.com\/product\/yoast-seo-wordpress\/ -->\n<title>V\u00eddeo \u2013 Bombeiro \u00e9 condenado a 12 anos de pris\u00e3o por tentar matar atendente de lanchonete - Litoral SP<\/title>\n<meta name=\"description\" content=\"Bombeiro foi condenado a 12 anos de pris\u00e3o em regime fechado ap\u00f3s ser acusado de tentar matar um atendente do McDonald&#039;s\" \/>\n<meta name=\"robots\" content=\"index, follow, max-snippet:-1, max-image-preview:large, max-video-preview:-1\" \/>\n<link rel=\"canonical\" href=\"https:\/\/redenoticiaz.com.br\/litoralsp\/2023\/07\/28\/video-bombeiro-e-condenado-a-12-anos-de-prisao-por-tentar-matar-atendente-de-lanchonete\" \/>\n<meta property=\"og:locale\" content=\"pt_BR\" \/>\n<meta property=\"og:type\" content=\"article\" \/>\n<meta property=\"og:title\" content=\"V\u00eddeo \u2013 Bombeiro \u00e9 condenado a 12 anos de pris\u00e3o por tentar matar atendente de lanchonete - Litoral SP\" \/>\n<meta property=\"og:description\" content=\"Bombeiro foi condenado a 12 anos de pris\u00e3o em regime fechado ap\u00f3s ser acusado de tentar matar um atendente do McDonald&#039;s\" \/>\n<meta property=\"og:url\" content=\"https:\/\/redenoticiaz.com.br\/litoralsp\/2023\/07\/28\/video-bombeiro-e-condenado-a-12-anos-de-prisao-por-tentar-matar-atendente-de-lanchonete\" \/>\n<meta property=\"og:site_name\" content=\"Litoral SP\" \/>\n<meta property=\"article:published_time\" content=\"2023-07-28T13:27:29+00:00\" \/>\n<meta property=\"article:modified_time\" content=\"2023-07-28T13:35:39+00:00\" \/>\n<meta property=\"og:image\" content=\"https:\/\/redenoticiaz.com.br\/litoralsp\/wp-content\/uploads\/sites\/3\/2023\/07\/Captura-de-tela-2023-07-28-101819.jpg\" \/>\n\t<meta property=\"og:image:width\" content=\"442\" \/>\n\t<meta property=\"og:image:height\" content=\"339\" \/>\n\t<meta property=\"og:image:type\" content=\"image\/jpeg\" \/>\n<meta name=\"author\" content=\"Carina Reifonas\" \/>\n<meta name=\"twitter:card\" content=\"summary_large_image\" \/>\n<meta name=\"twitter:label1\" content=\"Escrito por\" \/>\n\t<meta name=\"twitter:data1\" content=\"Carina Reifonas\" \/>\n\t<meta name=\"twitter:label2\" content=\"Est. tempo de leitura\" \/>\n\t<meta name=\"twitter:data2\" content=\"2 minutos\" \/>\n<script type=\"application\/ld+json\" class=\"yoast-schema-graph\">{\"@context\":\"https:\\\/\\\/schema.org\",\"@graph\":[{\"@type\":\"Article\",\"@id\":\"https:\\\/\\\/redenoticiaz.com.br\\\/litoralsp\\\/2023\\\/07\\\/28\\\/video-bombeiro-e-condenado-a-12-anos-de-prisao-por-tentar-matar-atendente-de-lanchonete#article\",\"isPartOf\":{\"@id\":\"https:\\\/\\\/redenoticiaz.com.br\\\/litoralsp\\\/2023\\\/07\\\/28\\\/video-bombeiro-e-condenado-a-12-anos-de-prisao-por-tentar-matar-atendente-de-lanchonete\"},\"author\":{\"name\":\"Carina Reifonas\",\"@id\":\"https:\\\/\\\/redenoticiaz.com.br\\\/litoralsp\\\/#\\\/schema\\\/person\\\/1f84d6e94e6a62d2d81199d7503e9e90\"},\"headline\":\"V\u00eddeo \u2013 Bombeiro \u00e9 condenado a 12 anos de pris\u00e3o por tentar matar atendente de lanchonete\",\"datePublished\":\"2023-07-28T13:27:29+00:00\",\"dateModified\":\"2023-07-28T13:35:39+00:00\",\"mainEntityOfPage\":{\"@id\":\"https:\\\/\\\/redenoticiaz.com.br\\\/litoralsp\\\/2023\\\/07\\\/28\\\/video-bombeiro-e-condenado-a-12-anos-de-prisao-por-tentar-matar-atendente-de-lanchonete\"},\"wordCount\":287,\"commentCount\":0,\"publisher\":{\"@id\":\"https:\\\/\\\/redenoticiaz.com.br\\\/litoralsp\\\/#organization\"},\"image\":{\"@id\":\"https:\\\/\\\/redenoticiaz.com.br\\\/litoralsp\\\/2023\\\/07\\\/28\\\/video-bombeiro-e-condenado-a-12-anos-de-prisao-por-tentar-matar-atendente-de-lanchonete#primaryimage\"},\"thumbnailUrl\":\"https:\\\/\\\/redenoticiaz.com.br\\\/litoralsp\\\/wp-content\\\/uploads\\\/sites\\\/3\\\/2023\\\/07\\\/Captura-de-tela-2023-07-28-101819.jpg\",\"keywords\":[\"atendente\",\"CONDENADO\",\"Rio de Janeiro\",\"tentativa de homicidio\"],\"articleSection\":[\"Pol\u00edcia\"],\"inLanguage\":\"pt-BR\",\"potentialAction\":[{\"@type\":\"CommentAction\",\"name\":\"Comment\",\"target\":[\"https:\\\/\\\/redenoticiaz.com.br\\\/litoralsp\\\/2023\\\/07\\\/28\\\/video-bombeiro-e-condenado-a-12-anos-de-prisao-por-tentar-matar-atendente-de-lanchonete#respond\"]}]},{\"@type\":\"WebPage\",\"@id\":\"https:\\\/\\\/redenoticiaz.com.br\\\/litoralsp\\\/2023\\\/07\\\/28\\\/video-bombeiro-e-condenado-a-12-anos-de-prisao-por-tentar-matar-atendente-de-lanchonete\",\"url\":\"https:\\\/\\\/redenoticiaz.com.br\\\/litoralsp\\\/2023\\\/07\\\/28\\\/video-bombeiro-e-condenado-a-12-anos-de-prisao-por-tentar-matar-atendente-de-lanchonete\",\"name\":\"V\u00eddeo \u2013 Bombeiro \u00e9 condenado a 12 anos de pris\u00e3o por tentar matar atendente de lanchonete - Litoral SP\",\"isPartOf\":{\"@id\":\"https:\\\/\\\/redenoticiaz.com.br\\\/litoralsp\\\/#website\"},\"primaryImageOfPage\":{\"@id\":\"https:\\\/\\\/redenoticiaz.com.br\\\/litoralsp\\\/2023\\\/07\\\/28\\\/video-bombeiro-e-condenado-a-12-anos-de-prisao-por-tentar-matar-atendente-de-lanchonete#primaryimage\"},\"image\":{\"@id\":\"https:\\\/\\\/redenoticiaz.com.br\\\/litoralsp\\\/2023\\\/07\\\/28\\\/video-bombeiro-e-condenado-a-12-anos-de-prisao-por-tentar-matar-atendente-de-lanchonete#primaryimage\"},\"thumbnailUrl\":\"https:\\\/\\\/redenoticiaz.com.br\\\/litoralsp\\\/wp-content\\\/uploads\\\/sites\\\/3\\\/2023\\\/07\\\/Captura-de-tela-2023-07-28-101819.jpg\",\"datePublished\":\"2023-07-28T13:27:29+00:00\",\"dateModified\":\"2023-07-28T13:35:39+00:00\",\"description\":\"Bombeiro foi condenado a 12 anos de pris\u00e3o em regime fechado ap\u00f3s ser acusado de tentar matar um atendente do McDonald's\",\"inLanguage\":\"pt-BR\",\"potentialAction\":[{\"@type\":\"ReadAction\",\"target\":[\"https:\\\/\\\/redenoticiaz.com.br\\\/litoralsp\\\/2023\\\/07\\\/28\\\/video-bombeiro-e-condenado-a-12-anos-de-prisao-por-tentar-matar-atendente-de-lanchonete\"]}]},{\"@type\":\"ImageObject\",\"inLanguage\":\"pt-BR\",\"@id\":\"https:\\\/\\\/redenoticiaz.com.br\\\/litoralsp\\\/2023\\\/07\\\/28\\\/video-bombeiro-e-condenado-a-12-anos-de-prisao-por-tentar-matar-atendente-de-lanchonete#primaryimage\",\"url\":\"https:\\\/\\\/redenoticiaz.com.br\\\/litoralsp\\\/wp-content\\\/uploads\\\/sites\\\/3\\\/2023\\\/07\\\/Captura-de-tela-2023-07-28-101819.jpg\",\"contentUrl\":\"https:\\\/\\\/redenoticiaz.com.br\\\/litoralsp\\\/wp-content\\\/uploads\\\/sites\\\/3\\\/2023\\\/07\\\/Captura-de-tela-2023-07-28-101819.jpg\",\"width\":442,\"height\":339,\"caption\":\"Cr\u00e9dito: Reprodu\u00e7\u00e3o\"},{\"@type\":\"WebSite\",\"@id\":\"https:\\\/\\\/redenoticiaz.com.br\\\/litoralsp\\\/#website\",\"url\":\"https:\\\/\\\/redenoticiaz.com.br\\\/litoralsp\\\/\",\"name\":\"Litoral SP\",\"description\":\"Rede NoticiaZ\",\"publisher\":{\"@id\":\"https:\\\/\\\/redenoticiaz.com.br\\\/litoralsp\\\/#organization\"},\"potentialAction\":[{\"@type\":\"SearchAction\",\"target\":{\"@type\":\"EntryPoint\",\"urlTemplate\":\"https:\\\/\\\/redenoticiaz.com.br\\\/litoralsp\\\/?s={search_term_string}\"},\"query-input\":{\"@type\":\"PropertyValueSpecification\",\"valueRequired\":true,\"valueName\":\"search_term_string\"}}],\"inLanguage\":\"pt-BR\"},{\"@type\":\"Organization\",\"@id\":\"https:\\\/\\\/redenoticiaz.com.br\\\/litoralsp\\\/#organization\",\"name\":\"Litoral SP\",\"url\":\"https:\\\/\\\/redenoticiaz.com.br\\\/litoralsp\\\/\",\"logo\":{\"@type\":\"ImageObject\",\"inLanguage\":\"pt-BR\",\"@id\":\"https:\\\/\\\/redenoticiaz.com.br\\\/litoralsp\\\/#\\\/schema\\\/logo\\\/image\\\/\",\"url\":\"https:\\\/\\\/redenoticiaz.com.br\\\/litoralsp\\\/wp-content\\\/uploads\\\/sites\\\/3\\\/2020\\\/11\\\/logo.jpg\",\"contentUrl\":\"https:\\\/\\\/redenoticiaz.com.br\\\/litoralsp\\\/wp-content\\\/uploads\\\/sites\\\/3\\\/2020\\\/11\\\/logo.jpg\",\"width\":400,\"height\":250,\"caption\":\"Litoral SP\"},\"image\":{\"@id\":\"https:\\\/\\\/redenoticiaz.com.br\\\/litoralsp\\\/#\\\/schema\\\/logo\\\/image\\\/\"}},{\"@type\":\"Person\",\"@id\":\"https:\\\/\\\/redenoticiaz.com.br\\\/litoralsp\\\/#\\\/schema\\\/person\\\/1f84d6e94e6a62d2d81199d7503e9e90\",\"name\":\"Carina Reifonas\",\"image\":{\"@type\":\"ImageObject\",\"inLanguage\":\"pt-BR\",\"@id\":\"https:\\\/\\\/secure.gravatar.com\\\/avatar\\\/04c59859b23696cf867715880f81d5c037e60109730bdb4e6670ec2a2245bc97?s=96&d=mm&r=g\",\"url\":\"https:\\\/\\\/secure.gravatar.com\\\/avatar\\\/04c59859b23696cf867715880f81d5c037e60109730bdb4e6670ec2a2245bc97?s=96&d=mm&r=g\",\"contentUrl\":\"https:\\\/\\\/secure.gravatar.com\\\/avatar\\\/04c59859b23696cf867715880f81d5c037e60109730bdb4e6670ec2a2245bc97?s=96&d=mm&r=g\",\"caption\":\"Carina Reifonas\"},\"url\":\"https:\\\/\\\/redenoticiaz.com.br\\\/litoralsp\\\/author\\\/carinareifonas\"}]}<\/script>\n<!-- \/ Yoast SEO plugin. -->","yoast_head_json":{"title":"V\u00eddeo \u2013 Bombeiro \u00e9 condenado a 12 anos de pris\u00e3o por tentar matar atendente de lanchonete - Litoral SP","description":"Bombeiro foi condenado a 12 anos de pris\u00e3o em regime fechado ap\u00f3s ser acusado de tentar matar um atendente do McDonald's","robots":{"index":"index","follow":"follow","max-snippet":"max-snippet:-1","max-image-preview":"max-image-preview:large","max-video-preview":"max-video-preview:-1"},"canonical":"https:\/\/redenoticiaz.com.br\/litoralsp\/2023\/07\/28\/video-bombeiro-e-condenado-a-12-anos-de-prisao-por-tentar-matar-atendente-de-lanchonete","og_locale":"pt_BR","og_type":"article","og_title":"V\u00eddeo \u2013 Bombeiro \u00e9 condenado a 12 anos de pris\u00e3o por tentar matar atendente de lanchonete - Litoral SP","og_description":"Bombeiro foi condenado a 12 anos de pris\u00e3o em regime fechado ap\u00f3s ser acusado de tentar matar um atendente do McDonald's","og_url":"https:\/\/redenoticiaz.com.br\/litoralsp\/2023\/07\/28\/video-bombeiro-e-condenado-a-12-anos-de-prisao-por-tentar-matar-atendente-de-lanchonete","og_site_name":"Litoral SP","article_published_time":"2023-07-28T13:27:29+00:00","article_modified_time":"2023-07-28T13:35:39+00:00","og_image":[{"width":442,"height":339,"url":"https:\/\/redenoticiaz.com.br\/litoralsp\/wp-content\/uploads\/sites\/3\/2023\/07\/Captura-de-tela-2023-07-28-101819.jpg","type":"image\/jpeg"}],"author":"Carina Reifonas","twitter_card":"summary_large_image","twitter_misc":{"Escrito por":"Carina Reifonas","Est. tempo de leitura":"2 minutos"},"schema":{"@context":"https:\/\/schema.org","@graph":[{"@type":"Article","@id":"https:\/\/redenoticiaz.com.br\/litoralsp\/2023\/07\/28\/video-bombeiro-e-condenado-a-12-anos-de-prisao-por-tentar-matar-atendente-de-lanchonete#article","isPartOf":{"@id":"https:\/\/redenoticiaz.com.br\/litoralsp\/2023\/07\/28\/video-bombeiro-e-condenado-a-12-anos-de-prisao-por-tentar-matar-atendente-de-lanchonete"},"author":{"name":"Carina Reifonas","@id":"https:\/\/redenoticiaz.com.br\/litoralsp\/#\/schema\/person\/1f84d6e94e6a62d2d81199d7503e9e90"},"headline":"V\u00eddeo \u2013 Bombeiro \u00e9 condenado a 12 anos de pris\u00e3o por tentar matar atendente de lanchonete","datePublished":"2023-07-28T13:27:29+00:00","dateModified":"2023-07-28T13:35:39+00:00","mainEntityOfPage":{"@id":"https:\/\/redenoticiaz.com.br\/litoralsp\/2023\/07\/28\/video-bombeiro-e-condenado-a-12-anos-de-prisao-por-tentar-matar-atendente-de-lanchonete"},"wordCount":287,"commentCount":0,"publisher":{"@id":"https:\/\/redenoticiaz.com.br\/litoralsp\/#organization"},"image":{"@id":"https:\/\/redenoticiaz.com.br\/litoralsp\/2023\/07\/28\/video-bombeiro-e-condenado-a-12-anos-de-prisao-por-tentar-matar-atendente-de-lanchonete#primaryimage"},"thumbnailUrl":"https:\/\/redenoticiaz.com.br\/litoralsp\/wp-content\/uploads\/sites\/3\/2023\/07\/Captura-de-tela-2023-07-28-101819.jpg","keywords":["atendente","CONDENADO","Rio de Janeiro","tentativa de homicidio"],"articleSection":["Pol\u00edcia"],"inLanguage":"pt-BR","potentialAction":[{"@type":"CommentAction","name":"Comment","target":["https:\/\/redenoticiaz.com.br\/litoralsp\/2023\/07\/28\/video-bombeiro-e-condenado-a-12-anos-de-prisao-por-tentar-matar-atendente-de-lanchonete#respond"]}]},{"@type":"WebPage","@id":"https:\/\/redenoticiaz.com.br\/litoralsp\/2023\/07\/28\/video-bombeiro-e-condenado-a-12-anos-de-prisao-por-tentar-matar-atendente-de-lanchonete","url":"https:\/\/redenoticiaz.com.br\/litoralsp\/2023\/07\/28\/video-bombeiro-e-condenado-a-12-anos-de-prisao-por-tentar-matar-atendente-de-lanchonete","name":"V\u00eddeo \u2013 Bombeiro \u00e9 condenado a 12 anos de pris\u00e3o por tentar matar atendente de lanchonete - Litoral SP","isPartOf":{"@id":"https:\/\/redenoticiaz.com.br\/litoralsp\/#website"},"primaryImageOfPage":{"@id":"https:\/\/redenoticiaz.com.br\/litoralsp\/2023\/07\/28\/video-bombeiro-e-condenado-a-12-anos-de-prisao-por-tentar-matar-atendente-de-lanchonete#primaryimage"},"image":{"@id":"https:\/\/redenoticiaz.com.br\/litoralsp\/2023\/07\/28\/video-bombeiro-e-condenado-a-12-anos-de-prisao-por-tentar-matar-atendente-de-lanchonete#primaryimage"},"thumbnailUrl":"https:\/\/redenoticiaz.com.br\/litoralsp\/wp-content\/uploads\/sites\/3\/2023\/07\/Captura-de-tela-2023-07-28-101819.jpg","datePublished":"2023-07-28T13:27:29+00:00","dateModified":"2023-07-28T13:35:39+00:00","description":"Bombeiro foi condenado a 12 anos de pris\u00e3o em regime fechado ap\u00f3s ser acusado de tentar matar um atendente do McDonald's","inLanguage":"pt-BR","potentialAction":[{"@type":"ReadAction","target":["https:\/\/redenoticiaz.com.br\/litoralsp\/2023\/07\/28\/video-bombeiro-e-condenado-a-12-anos-de-prisao-por-tentar-matar-atendente-de-lanchonete"]}]},{"@type":"ImageObject","inLanguage":"pt-BR","@id":"https:\/\/redenoticiaz.com.br\/litoralsp\/2023\/07\/28\/video-bombeiro-e-condenado-a-12-anos-de-prisao-por-tentar-matar-atendente-de-lanchonete#primaryimage","url":"https:\/\/redenoticiaz.com.br\/litoralsp\/wp-content\/uploads\/sites\/3\/2023\/07\/Captura-de-tela-2023-07-28-101819.jpg","contentUrl":"https:\/\/redenoticiaz.com.br\/litoralsp\/wp-content\/uploads\/sites\/3\/2023\/07\/Captura-de-tela-2023-07-28-101819.jpg","width":442,"height":339,"caption":"Cr\u00e9dito: Reprodu\u00e7\u00e3o"},{"@type":"WebSite","@id":"https:\/\/redenoticiaz.com.br\/litoralsp\/#website","url":"https:\/\/redenoticiaz.com.br\/litoralsp\/","name":"Litoral SP","description":"Rede NoticiaZ","publisher":{"@id":"https:\/\/redenoticiaz.com.br\/litoralsp\/#organization"},"potentialAction":[{"@type":"SearchAction","target":{"@type":"EntryPoint","urlTemplate":"https:\/\/redenoticiaz.com.br\/litoralsp\/?s={search_term_string}"},"query-input":{"@type":"PropertyValueSpecification","valueRequired":true,"valueName":"search_term_string"}}],"inLanguage":"pt-BR"},{"@type":"Organization","@id":"https:\/\/redenoticiaz.com.br\/litoralsp\/#organization","name":"Litoral SP","url":"https:\/\/redenoticiaz.com.br\/litoralsp\/","logo":{"@type":"ImageObject","inLanguage":"pt-BR","@id":"https:\/\/redenoticiaz.com.br\/litoralsp\/#\/schema\/logo\/image\/","url":"https:\/\/redenoticiaz.com.br\/litoralsp\/wp-content\/uploads\/sites\/3\/2020\/11\/logo.jpg","contentUrl":"https:\/\/redenoticiaz.com.br\/litoralsp\/wp-content\/uploads\/sites\/3\/2020\/11\/logo.jpg","width":400,"height":250,"caption":"Litoral SP"},"image":{"@id":"https:\/\/redenoticiaz.com.br\/litoralsp\/#\/schema\/logo\/image\/"}},{"@type":"Person","@id":"https:\/\/redenoticiaz.com.br\/litoralsp\/#\/schema\/person\/1f84d6e94e6a62d2d81199d7503e9e90","name":"Carina Reifonas","image":{"@type":"ImageObject","inLanguage":"pt-BR","@id":"https:\/\/secure.gravatar.com\/avatar\/04c59859b23696cf867715880f81d5c037e60109730bdb4e6670ec2a2245bc97?s=96&d=mm&r=g","url":"https:\/\/secure.gravatar.com\/avatar\/04c59859b23696cf867715880f81d5c037e60109730bdb4e6670ec2a2245bc97?s=96&d=mm&r=g","contentUrl":"https:\/\/secure.gravatar.com\/avatar\/04c59859b23696cf867715880f81d5c037e60109730bdb4e6670ec2a2245bc97?s=96&d=mm&r=g","caption":"Carina Reifonas"},"url":"https:\/\/redenoticiaz.com.br\/litoralsp\/author\/carinareifonas"}]}},"_links":{"self":[{"href":"https:\/\/redenoticiaz.com.br\/litoralsp\/wp-json\/wp\/v2\/posts\/108757","targetHints":{"allow":["GET"]}}],"collection":[{"href":"https:\/\/redenoticiaz.com.br\/litoralsp\/wp-json\/wp\/v2\/posts"}],"about":[{"href":"https:\/\/redenoticiaz.com.br\/litoralsp\/wp-json\/wp\/v2\/types\/post"}],"author":[{"embeddable":true,"href":"https:\/\/redenoticiaz.com.br\/litoralsp\/wp-json\/wp\/v2\/users\/30"}],"replies":[{"embeddable":true,"href":"https:\/\/redenoticiaz.com.br\/litoralsp\/wp-json\/wp\/v2\/comments?post=108757"}],"version-history":[{"count":2,"href":"https:\/\/redenoticiaz.com.br\/litoralsp\/wp-json\/wp\/v2\/posts\/108757\/revisions"}],"predecessor-version":[{"id":108761,"href":"https:\/\/redenoticiaz.com.br\/litoralsp\/wp-json\/wp\/v2\/posts\/108757\/revisions\/108761"}],"wp:featuredmedia":[{"embeddable":true,"href":"https:\/\/redenoticiaz.com.br\/litoralsp\/wp-json\/wp\/v2\/media\/108758"}],"wp:attachment":[{"href":"https:\/\/redenoticiaz.com.br\/litoralsp\/wp-json\/wp\/v2\/media?parent=108757"}],"wp:term":[{"taxonomy":"category","embeddable":true,"href":"https:\/\/redenoticiaz.com.br\/litoralsp\/wp-json\/wp\/v2\/categories?post=108757"},{"taxonomy":"post_tag","embeddable":true,"href":"https:\/\/redenoticiaz.com.br\/litoralsp\/wp-json\/wp\/v2\/tags?post=108757"}],"curies":[{"name":"wp","href":"https:\/\/api.w.org\/{rel}","templated":true}]}}