{"id":108937,"date":"2023-08-01T10:18:34","date_gmt":"2023-08-01T13:18:34","guid":{"rendered":"https:\/\/redenoticiaz.com.br\/litoralsp\/2023\/08\/01\/pf-rastreia-cadeia-de-trafico-internacional-de-drogas-em-santos"},"modified":"2023-08-01T12:51:42","modified_gmt":"2023-08-01T15:51:42","slug":"pf-rastreia-cadeia-de-trafico-internacional-de-drogas-em-santos","status":"publish","type":"post","link":"https:\/\/redenoticiaz.com.br\/litoralsp\/2023\/08\/01\/pf-rastreia-cadeia-de-trafico-internacional-de-drogas-em-santos","title":{"rendered":"PF Rastreia Cadeia de Tr\u00e1fico Internacional de Drogas em Santos"},"content":{"rendered":"<p>A Pol\u00edcia Federal deflagrou a Opera\u00e7\u00e3o Sat\u00e9lite na baixada santista, cumprindo seis mandados de busca e apreens\u00e3o nos munic\u00edpios de Guaruj\u00e1 e S\u00e3o Vicente, nesta ter\u00e7a-feira, 1\u00ba de agosto. A a\u00e7\u00e3o \u00e9 parte de uma investiga\u00e7\u00e3o contra o tr\u00e1fico internacional de drogas e associa\u00e7\u00e3o para o tr\u00e1fico, com os mandados expedidos pela Justi\u00e7a Federal.<\/p>\n<p>A investiga\u00e7\u00e3o teve in\u00edcio em setembro de 2022, ap\u00f3s a an\u00e1lise de informa\u00e7\u00f5es colhidas em opera\u00e7\u00f5es anteriores de combate ao mesmo tipo de crime. Ao aprofundar as investiga\u00e7\u00f5es, as autoridades conseguiram identificar o respons\u00e1vel por um carregamento de 790 kg de coca\u00edna, apreendido no Porto de Santos em abril do ano passado. O indiv\u00edduo j\u00e1 havia sido investigado em outras opera\u00e7\u00f5es da PF e atualmente est\u00e1 preso.<\/p>\n<p>Al\u00e9m do principal investigado, a opera\u00e7\u00e3o tamb\u00e9m visa pessoas que auxiliavam o l\u00edder da associa\u00e7\u00e3o criminosa nas atividades relativas ao tr\u00e1fico e na movimenta\u00e7\u00e3o financeira da atividade il\u00edcita. Entre os alvos tamb\u00e9m est\u00e3o trabalhadores portu\u00e1rios que repassavam informa\u00e7\u00f5es privilegiadas sobre a movimenta\u00e7\u00e3o portu\u00e1ria, facilitando o envio de carregamentos de coca\u00edna para o exterior.<\/p>\n<p>Durante o cumprimento dos mandados de busca e apreens\u00e3o realizados hoje, aparelhos celulares foram apreendidos e ser\u00e3o submetidos \u00e0 per\u00edcia.<\/p>\n<p>LEIA MAIS<\/p>\n<p><a href=\"https:\/\/redenoticiaz.com.br\/blog\/2023\/08\/01\/superlua-de-esturjao-saiba-como-observar-sem-telescopios\">Superlua de esturj\u00e3o \u2013 Saiba como observar sem telesc\u00f3pios!<\/a><\/p>\n","protected":false},"excerpt":{"rendered":"<p>A Pol\u00edcia Federal deflagrou a Opera\u00e7\u00e3o Sat\u00e9lite na baixada santista, cumprindo seis mandados de busca e apreens\u00e3o nos munic\u00edpios de Guaruj\u00e1 e S\u00e3o Vicente, nesta ter\u00e7a-feira, 1\u00ba de agosto. A a\u00e7\u00e3o \u00e9 parte de uma investiga\u00e7\u00e3o contra o tr\u00e1fico internacional de drogas e associa\u00e7\u00e3o para o tr\u00e1fico, com os mandados expedidos pela Justi\u00e7a Federal. A &hellip;<\/p>\n","protected":false},"author":30,"featured_media":108938,"comment_status":"open","ping_status":"closed","sticky":false,"template":"","format":"standard","meta":{"footnotes":""},"categories":[2,10,180],"tags":[1148,6426,66512,33,41818],"class_list":["post-108937","post","type-post","status-publish","format-standard","has-post-thumbnail","hentry","category-cidades","category-policia","category-santos","tag-baixada-santista","tag-guaruja-2","tag-operacao-satelite","tag-sao-vicente","tag-trafico-internacional"],"yoast_head":"<!-- This site is optimized with the Yoast SEO plugin v27.5 - https:\/\/yoast.com\/product\/yoast-seo-wordpress\/ -->\n<title>PF Rastreia Cadeia de Tr\u00e1fico Internacional de Drogas em Santos - Litoral SP<\/title>\n<meta name=\"description\" content=\"A Pol\u00edcia Federal deflagrou a Opera\u00e7\u00e3o Sat\u00e9lite na baixada santista, cumprindo seis mandados de busca e apreens\u00e3o nos munic\u00edpios.\" \/>\n<meta name=\"robots\" content=\"index, follow, max-snippet:-1, max-image-preview:large, max-video-preview:-1\" \/>\n<link rel=\"canonical\" href=\"https:\/\/redenoticiaz.com.br\/litoralsp\/2023\/08\/01\/pf-rastreia-cadeia-de-trafico-internacional-de-drogas-em-santos\" \/>\n<meta property=\"og:locale\" content=\"pt_BR\" \/>\n<meta property=\"og:type\" content=\"article\" \/>\n<meta property=\"og:title\" content=\"PF Rastreia Cadeia de Tr\u00e1fico Internacional de Drogas em Santos - Litoral SP\" \/>\n<meta property=\"og:description\" content=\"A Pol\u00edcia Federal deflagrou a Opera\u00e7\u00e3o Sat\u00e9lite na baixada santista, cumprindo seis mandados de busca e apreens\u00e3o nos munic\u00edpios.\" \/>\n<meta property=\"og:url\" content=\"https:\/\/redenoticiaz.com.br\/litoralsp\/2023\/08\/01\/pf-rastreia-cadeia-de-trafico-internacional-de-drogas-em-santos\" \/>\n<meta property=\"og:site_name\" content=\"Litoral SP\" \/>\n<meta property=\"article:published_time\" content=\"2023-08-01T13:18:34+00:00\" \/>\n<meta property=\"article:modified_time\" content=\"2023-08-01T15:51:42+00:00\" \/>\n<meta property=\"og:image\" content=\"https:\/\/redenoticiaz.com.br\/litoralsp\/wp-content\/uploads\/sites\/3\/2023\/08\/2bb378df-6893-41d1-8f38-ec90c75d8ae9.jpeg?v=1690895861\" \/>\n\t<meta property=\"og:image:width\" content=\"465\" \/>\n\t<meta property=\"og:image:height\" content=\"351\" \/>\n\t<meta property=\"og:image:type\" content=\"image\/jpeg\" \/>\n<meta name=\"author\" content=\"Carina Reifonas\" \/>\n<meta name=\"twitter:card\" content=\"summary_large_image\" \/>\n<meta name=\"twitter:label1\" content=\"Escrito por\" \/>\n\t<meta name=\"twitter:data1\" content=\"Carina Reifonas\" \/>\n\t<meta name=\"twitter:label2\" content=\"Est. tempo de leitura\" \/>\n\t<meta name=\"twitter:data2\" content=\"2 minutos\" \/>\n<script type=\"application\/ld+json\" class=\"yoast-schema-graph\">{\"@context\":\"https:\\\/\\\/schema.org\",\"@graph\":[{\"@type\":\"Article\",\"@id\":\"https:\\\/\\\/redenoticiaz.com.br\\\/litoralsp\\\/2023\\\/08\\\/01\\\/pf-rastreia-cadeia-de-trafico-internacional-de-drogas-em-santos#article\",\"isPartOf\":{\"@id\":\"https:\\\/\\\/redenoticiaz.com.br\\\/litoralsp\\\/2023\\\/08\\\/01\\\/pf-rastreia-cadeia-de-trafico-internacional-de-drogas-em-santos\"},\"author\":{\"name\":\"Carina Reifonas\",\"@id\":\"https:\\\/\\\/redenoticiaz.com.br\\\/litoralsp\\\/#\\\/schema\\\/person\\\/1f84d6e94e6a62d2d81199d7503e9e90\"},\"headline\":\"PF Rastreia Cadeia de Tr\u00e1fico Internacional de Drogas em Santos\",\"datePublished\":\"2023-08-01T13:18:34+00:00\",\"dateModified\":\"2023-08-01T15:51:42+00:00\",\"mainEntityOfPage\":{\"@id\":\"https:\\\/\\\/redenoticiaz.com.br\\\/litoralsp\\\/2023\\\/08\\\/01\\\/pf-rastreia-cadeia-de-trafico-internacional-de-drogas-em-santos\"},\"wordCount\":254,\"commentCount\":0,\"publisher\":{\"@id\":\"https:\\\/\\\/redenoticiaz.com.br\\\/litoralsp\\\/#organization\"},\"image\":{\"@id\":\"https:\\\/\\\/redenoticiaz.com.br\\\/litoralsp\\\/2023\\\/08\\\/01\\\/pf-rastreia-cadeia-de-trafico-internacional-de-drogas-em-santos#primaryimage\"},\"thumbnailUrl\":\"https:\\\/\\\/redenoticiaz.com.br\\\/litoralsp\\\/wp-content\\\/uploads\\\/sites\\\/3\\\/2023\\\/08\\\/2bb378df-6893-41d1-8f38-ec90c75d8ae9.jpeg?v=1690895861\",\"keywords\":[\"BAIXADA SANTISTA\",\"Guaruj\u00e1\",\"Opera\u00e7\u00e3o Sat\u00e9lite\",\"S\u00e3o Vicente\",\"TR\u00c1FICO INTERNACIONAL\"],\"articleSection\":[\"Cidades\",\"Pol\u00edcia\",\"Santos\"],\"inLanguage\":\"pt-BR\",\"potentialAction\":[{\"@type\":\"CommentAction\",\"name\":\"Comment\",\"target\":[\"https:\\\/\\\/redenoticiaz.com.br\\\/litoralsp\\\/2023\\\/08\\\/01\\\/pf-rastreia-cadeia-de-trafico-internacional-de-drogas-em-santos#respond\"]}]},{\"@type\":\"WebPage\",\"@id\":\"https:\\\/\\\/redenoticiaz.com.br\\\/litoralsp\\\/2023\\\/08\\\/01\\\/pf-rastreia-cadeia-de-trafico-internacional-de-drogas-em-santos\",\"url\":\"https:\\\/\\\/redenoticiaz.com.br\\\/litoralsp\\\/2023\\\/08\\\/01\\\/pf-rastreia-cadeia-de-trafico-internacional-de-drogas-em-santos\",\"name\":\"PF Rastreia Cadeia de Tr\u00e1fico Internacional de Drogas em Santos - Litoral SP\",\"isPartOf\":{\"@id\":\"https:\\\/\\\/redenoticiaz.com.br\\\/litoralsp\\\/#website\"},\"primaryImageOfPage\":{\"@id\":\"https:\\\/\\\/redenoticiaz.com.br\\\/litoralsp\\\/2023\\\/08\\\/01\\\/pf-rastreia-cadeia-de-trafico-internacional-de-drogas-em-santos#primaryimage\"},\"image\":{\"@id\":\"https:\\\/\\\/redenoticiaz.com.br\\\/litoralsp\\\/2023\\\/08\\\/01\\\/pf-rastreia-cadeia-de-trafico-internacional-de-drogas-em-santos#primaryimage\"},\"thumbnailUrl\":\"https:\\\/\\\/redenoticiaz.com.br\\\/litoralsp\\\/wp-content\\\/uploads\\\/sites\\\/3\\\/2023\\\/08\\\/2bb378df-6893-41d1-8f38-ec90c75d8ae9.jpeg?v=1690895861\",\"datePublished\":\"2023-08-01T13:18:34+00:00\",\"dateModified\":\"2023-08-01T15:51:42+00:00\",\"description\":\"A Pol\u00edcia Federal deflagrou a Opera\u00e7\u00e3o Sat\u00e9lite na baixada santista, cumprindo seis mandados de busca e apreens\u00e3o nos munic\u00edpios.\",\"inLanguage\":\"pt-BR\",\"potentialAction\":[{\"@type\":\"ReadAction\",\"target\":[\"https:\\\/\\\/redenoticiaz.com.br\\\/litoralsp\\\/2023\\\/08\\\/01\\\/pf-rastreia-cadeia-de-trafico-internacional-de-drogas-em-santos\"]}]},{\"@type\":\"ImageObject\",\"inLanguage\":\"pt-BR\",\"@id\":\"https:\\\/\\\/redenoticiaz.com.br\\\/litoralsp\\\/2023\\\/08\\\/01\\\/pf-rastreia-cadeia-de-trafico-internacional-de-drogas-em-santos#primaryimage\",\"url\":\"https:\\\/\\\/redenoticiaz.com.br\\\/litoralsp\\\/wp-content\\\/uploads\\\/sites\\\/3\\\/2023\\\/08\\\/2bb378df-6893-41d1-8f38-ec90c75d8ae9.jpeg?v=1690895861\",\"contentUrl\":\"https:\\\/\\\/redenoticiaz.com.br\\\/litoralsp\\\/wp-content\\\/uploads\\\/sites\\\/3\\\/2023\\\/08\\\/2bb378df-6893-41d1-8f38-ec90c75d8ae9.jpeg?v=1690895861\",\"width\":465,\"height\":351,\"caption\":\"Cr\u00e9dito: Divulga\u00e7\u00e3o\"},{\"@type\":\"WebSite\",\"@id\":\"https:\\\/\\\/redenoticiaz.com.br\\\/litoralsp\\\/#website\",\"url\":\"https:\\\/\\\/redenoticiaz.com.br\\\/litoralsp\\\/\",\"name\":\"Litoral SP\",\"description\":\"Rede NoticiaZ\",\"publisher\":{\"@id\":\"https:\\\/\\\/redenoticiaz.com.br\\\/litoralsp\\\/#organization\"},\"potentialAction\":[{\"@type\":\"SearchAction\",\"target\":{\"@type\":\"EntryPoint\",\"urlTemplate\":\"https:\\\/\\\/redenoticiaz.com.br\\\/litoralsp\\\/?s={search_term_string}\"},\"query-input\":{\"@type\":\"PropertyValueSpecification\",\"valueRequired\":true,\"valueName\":\"search_term_string\"}}],\"inLanguage\":\"pt-BR\"},{\"@type\":\"Organization\",\"@id\":\"https:\\\/\\\/redenoticiaz.com.br\\\/litoralsp\\\/#organization\",\"name\":\"Litoral SP\",\"url\":\"https:\\\/\\\/redenoticiaz.com.br\\\/litoralsp\\\/\",\"logo\":{\"@type\":\"ImageObject\",\"inLanguage\":\"pt-BR\",\"@id\":\"https:\\\/\\\/redenoticiaz.com.br\\\/litoralsp\\\/#\\\/schema\\\/logo\\\/image\\\/\",\"url\":\"https:\\\/\\\/redenoticiaz.com.br\\\/litoralsp\\\/wp-content\\\/uploads\\\/sites\\\/3\\\/2020\\\/11\\\/logo.jpg\",\"contentUrl\":\"https:\\\/\\\/redenoticiaz.com.br\\\/litoralsp\\\/wp-content\\\/uploads\\\/sites\\\/3\\\/2020\\\/11\\\/logo.jpg\",\"width\":400,\"height\":250,\"caption\":\"Litoral SP\"},\"image\":{\"@id\":\"https:\\\/\\\/redenoticiaz.com.br\\\/litoralsp\\\/#\\\/schema\\\/logo\\\/image\\\/\"}},{\"@type\":\"Person\",\"@id\":\"https:\\\/\\\/redenoticiaz.com.br\\\/litoralsp\\\/#\\\/schema\\\/person\\\/1f84d6e94e6a62d2d81199d7503e9e90\",\"name\":\"Carina Reifonas\",\"image\":{\"@type\":\"ImageObject\",\"inLanguage\":\"pt-BR\",\"@id\":\"https:\\\/\\\/secure.gravatar.com\\\/avatar\\\/04c59859b23696cf867715880f81d5c037e60109730bdb4e6670ec2a2245bc97?s=96&d=mm&r=g\",\"url\":\"https:\\\/\\\/secure.gravatar.com\\\/avatar\\\/04c59859b23696cf867715880f81d5c037e60109730bdb4e6670ec2a2245bc97?s=96&d=mm&r=g\",\"contentUrl\":\"https:\\\/\\\/secure.gravatar.com\\\/avatar\\\/04c59859b23696cf867715880f81d5c037e60109730bdb4e6670ec2a2245bc97?s=96&d=mm&r=g\",\"caption\":\"Carina Reifonas\"},\"url\":\"https:\\\/\\\/redenoticiaz.com.br\\\/litoralsp\\\/author\\\/carinareifonas\"}]}<\/script>\n<!-- \/ Yoast SEO plugin. -->","yoast_head_json":{"title":"PF Rastreia Cadeia de Tr\u00e1fico Internacional de Drogas em Santos - Litoral SP","description":"A Pol\u00edcia Federal deflagrou a Opera\u00e7\u00e3o Sat\u00e9lite na baixada santista, cumprindo seis mandados de busca e apreens\u00e3o nos munic\u00edpios.","robots":{"index":"index","follow":"follow","max-snippet":"max-snippet:-1","max-image-preview":"max-image-preview:large","max-video-preview":"max-video-preview:-1"},"canonical":"https:\/\/redenoticiaz.com.br\/litoralsp\/2023\/08\/01\/pf-rastreia-cadeia-de-trafico-internacional-de-drogas-em-santos","og_locale":"pt_BR","og_type":"article","og_title":"PF Rastreia Cadeia de Tr\u00e1fico Internacional de Drogas em Santos - Litoral SP","og_description":"A Pol\u00edcia Federal deflagrou a Opera\u00e7\u00e3o Sat\u00e9lite na baixada santista, cumprindo seis mandados de busca e apreens\u00e3o nos munic\u00edpios.","og_url":"https:\/\/redenoticiaz.com.br\/litoralsp\/2023\/08\/01\/pf-rastreia-cadeia-de-trafico-internacional-de-drogas-em-santos","og_site_name":"Litoral SP","article_published_time":"2023-08-01T13:18:34+00:00","article_modified_time":"2023-08-01T15:51:42+00:00","og_image":[{"width":465,"height":351,"url":"https:\/\/redenoticiaz.com.br\/litoralsp\/wp-content\/uploads\/sites\/3\/2023\/08\/2bb378df-6893-41d1-8f38-ec90c75d8ae9.jpeg?v=1690895861","type":"image\/jpeg"}],"author":"Carina Reifonas","twitter_card":"summary_large_image","twitter_misc":{"Escrito por":"Carina Reifonas","Est. tempo de leitura":"2 minutos"},"schema":{"@context":"https:\/\/schema.org","@graph":[{"@type":"Article","@id":"https:\/\/redenoticiaz.com.br\/litoralsp\/2023\/08\/01\/pf-rastreia-cadeia-de-trafico-internacional-de-drogas-em-santos#article","isPartOf":{"@id":"https:\/\/redenoticiaz.com.br\/litoralsp\/2023\/08\/01\/pf-rastreia-cadeia-de-trafico-internacional-de-drogas-em-santos"},"author":{"name":"Carina Reifonas","@id":"https:\/\/redenoticiaz.com.br\/litoralsp\/#\/schema\/person\/1f84d6e94e6a62d2d81199d7503e9e90"},"headline":"PF Rastreia Cadeia de Tr\u00e1fico Internacional de Drogas em Santos","datePublished":"2023-08-01T13:18:34+00:00","dateModified":"2023-08-01T15:51:42+00:00","mainEntityOfPage":{"@id":"https:\/\/redenoticiaz.com.br\/litoralsp\/2023\/08\/01\/pf-rastreia-cadeia-de-trafico-internacional-de-drogas-em-santos"},"wordCount":254,"commentCount":0,"publisher":{"@id":"https:\/\/redenoticiaz.com.br\/litoralsp\/#organization"},"image":{"@id":"https:\/\/redenoticiaz.com.br\/litoralsp\/2023\/08\/01\/pf-rastreia-cadeia-de-trafico-internacional-de-drogas-em-santos#primaryimage"},"thumbnailUrl":"https:\/\/redenoticiaz.com.br\/litoralsp\/wp-content\/uploads\/sites\/3\/2023\/08\/2bb378df-6893-41d1-8f38-ec90c75d8ae9.jpeg?v=1690895861","keywords":["BAIXADA SANTISTA","Guaruj\u00e1","Opera\u00e7\u00e3o Sat\u00e9lite","S\u00e3o Vicente","TR\u00c1FICO INTERNACIONAL"],"articleSection":["Cidades","Pol\u00edcia","Santos"],"inLanguage":"pt-BR","potentialAction":[{"@type":"CommentAction","name":"Comment","target":["https:\/\/redenoticiaz.com.br\/litoralsp\/2023\/08\/01\/pf-rastreia-cadeia-de-trafico-internacional-de-drogas-em-santos#respond"]}]},{"@type":"WebPage","@id":"https:\/\/redenoticiaz.com.br\/litoralsp\/2023\/08\/01\/pf-rastreia-cadeia-de-trafico-internacional-de-drogas-em-santos","url":"https:\/\/redenoticiaz.com.br\/litoralsp\/2023\/08\/01\/pf-rastreia-cadeia-de-trafico-internacional-de-drogas-em-santos","name":"PF Rastreia Cadeia de Tr\u00e1fico Internacional de Drogas em Santos - Litoral SP","isPartOf":{"@id":"https:\/\/redenoticiaz.com.br\/litoralsp\/#website"},"primaryImageOfPage":{"@id":"https:\/\/redenoticiaz.com.br\/litoralsp\/2023\/08\/01\/pf-rastreia-cadeia-de-trafico-internacional-de-drogas-em-santos#primaryimage"},"image":{"@id":"https:\/\/redenoticiaz.com.br\/litoralsp\/2023\/08\/01\/pf-rastreia-cadeia-de-trafico-internacional-de-drogas-em-santos#primaryimage"},"thumbnailUrl":"https:\/\/redenoticiaz.com.br\/litoralsp\/wp-content\/uploads\/sites\/3\/2023\/08\/2bb378df-6893-41d1-8f38-ec90c75d8ae9.jpeg?v=1690895861","datePublished":"2023-08-01T13:18:34+00:00","dateModified":"2023-08-01T15:51:42+00:00","description":"A Pol\u00edcia Federal deflagrou a Opera\u00e7\u00e3o Sat\u00e9lite na baixada santista, cumprindo seis mandados de busca e apreens\u00e3o nos munic\u00edpios.","inLanguage":"pt-BR","potentialAction":[{"@type":"ReadAction","target":["https:\/\/redenoticiaz.com.br\/litoralsp\/2023\/08\/01\/pf-rastreia-cadeia-de-trafico-internacional-de-drogas-em-santos"]}]},{"@type":"ImageObject","inLanguage":"pt-BR","@id":"https:\/\/redenoticiaz.com.br\/litoralsp\/2023\/08\/01\/pf-rastreia-cadeia-de-trafico-internacional-de-drogas-em-santos#primaryimage","url":"https:\/\/redenoticiaz.com.br\/litoralsp\/wp-content\/uploads\/sites\/3\/2023\/08\/2bb378df-6893-41d1-8f38-ec90c75d8ae9.jpeg?v=1690895861","contentUrl":"https:\/\/redenoticiaz.com.br\/litoralsp\/wp-content\/uploads\/sites\/3\/2023\/08\/2bb378df-6893-41d1-8f38-ec90c75d8ae9.jpeg?v=1690895861","width":465,"height":351,"caption":"Cr\u00e9dito: Divulga\u00e7\u00e3o"},{"@type":"WebSite","@id":"https:\/\/redenoticiaz.com.br\/litoralsp\/#website","url":"https:\/\/redenoticiaz.com.br\/litoralsp\/","name":"Litoral SP","description":"Rede NoticiaZ","publisher":{"@id":"https:\/\/redenoticiaz.com.br\/litoralsp\/#organization"},"potentialAction":[{"@type":"SearchAction","target":{"@type":"EntryPoint","urlTemplate":"https:\/\/redenoticiaz.com.br\/litoralsp\/?s={search_term_string}"},"query-input":{"@type":"PropertyValueSpecification","valueRequired":true,"valueName":"search_term_string"}}],"inLanguage":"pt-BR"},{"@type":"Organization","@id":"https:\/\/redenoticiaz.com.br\/litoralsp\/#organization","name":"Litoral SP","url":"https:\/\/redenoticiaz.com.br\/litoralsp\/","logo":{"@type":"ImageObject","inLanguage":"pt-BR","@id":"https:\/\/redenoticiaz.com.br\/litoralsp\/#\/schema\/logo\/image\/","url":"https:\/\/redenoticiaz.com.br\/litoralsp\/wp-content\/uploads\/sites\/3\/2020\/11\/logo.jpg","contentUrl":"https:\/\/redenoticiaz.com.br\/litoralsp\/wp-content\/uploads\/sites\/3\/2020\/11\/logo.jpg","width":400,"height":250,"caption":"Litoral SP"},"image":{"@id":"https:\/\/redenoticiaz.com.br\/litoralsp\/#\/schema\/logo\/image\/"}},{"@type":"Person","@id":"https:\/\/redenoticiaz.com.br\/litoralsp\/#\/schema\/person\/1f84d6e94e6a62d2d81199d7503e9e90","name":"Carina Reifonas","image":{"@type":"ImageObject","inLanguage":"pt-BR","@id":"https:\/\/secure.gravatar.com\/avatar\/04c59859b23696cf867715880f81d5c037e60109730bdb4e6670ec2a2245bc97?s=96&d=mm&r=g","url":"https:\/\/secure.gravatar.com\/avatar\/04c59859b23696cf867715880f81d5c037e60109730bdb4e6670ec2a2245bc97?s=96&d=mm&r=g","contentUrl":"https:\/\/secure.gravatar.com\/avatar\/04c59859b23696cf867715880f81d5c037e60109730bdb4e6670ec2a2245bc97?s=96&d=mm&r=g","caption":"Carina Reifonas"},"url":"https:\/\/redenoticiaz.com.br\/litoralsp\/author\/carinareifonas"}]}},"_links":{"self":[{"href":"https:\/\/redenoticiaz.com.br\/litoralsp\/wp-json\/wp\/v2\/posts\/108937","targetHints":{"allow":["GET"]}}],"collection":[{"href":"https:\/\/redenoticiaz.com.br\/litoralsp\/wp-json\/wp\/v2\/posts"}],"about":[{"href":"https:\/\/redenoticiaz.com.br\/litoralsp\/wp-json\/wp\/v2\/types\/post"}],"author":[{"embeddable":true,"href":"https:\/\/redenoticiaz.com.br\/litoralsp\/wp-json\/wp\/v2\/users\/30"}],"replies":[{"embeddable":true,"href":"https:\/\/redenoticiaz.com.br\/litoralsp\/wp-json\/wp\/v2\/comments?post=108937"}],"version-history":[{"count":1,"href":"https:\/\/redenoticiaz.com.br\/litoralsp\/wp-json\/wp\/v2\/posts\/108937\/revisions"}],"predecessor-version":[{"id":108939,"href":"https:\/\/redenoticiaz.com.br\/litoralsp\/wp-json\/wp\/v2\/posts\/108937\/revisions\/108939"}],"wp:featuredmedia":[{"embeddable":true,"href":"https:\/\/redenoticiaz.com.br\/litoralsp\/wp-json\/wp\/v2\/media\/108938"}],"wp:attachment":[{"href":"https:\/\/redenoticiaz.com.br\/litoralsp\/wp-json\/wp\/v2\/media?parent=108937"}],"wp:term":[{"taxonomy":"category","embeddable":true,"href":"https:\/\/redenoticiaz.com.br\/litoralsp\/wp-json\/wp\/v2\/categories?post=108937"},{"taxonomy":"post_tag","embeddable":true,"href":"https:\/\/redenoticiaz.com.br\/litoralsp\/wp-json\/wp\/v2\/tags?post=108937"}],"curies":[{"name":"wp","href":"https:\/\/api.w.org\/{rel}","templated":true}]}}