{"id":108940,"date":"2023-08-01T12:39:38","date_gmt":"2023-08-01T15:39:38","guid":{"rendered":"https:\/\/redenoticiaz.com.br\/litoralsp\/?p=108940"},"modified":"2023-08-01T12:39:38","modified_gmt":"2023-08-01T15:39:38","slug":"guarda-municipal-prende-homem-por-furto-em-cemiterio-em-santos","status":"publish","type":"post","link":"https:\/\/redenoticiaz.com.br\/litoralsp\/2023\/08\/01\/guarda-municipal-prende-homem-por-furto-em-cemiterio-em-santos","title":{"rendered":"Guarda Municipal prende homem por furto em cemit\u00e9rio em Santos"},"content":{"rendered":"<p>Agentes da Guarda Civil Municipal (GCM) de Santos prenderam um homem por furto de pe\u00e7as de jazigos do Cemit\u00e9rio da Areia Branca, na \u00faltima sexta-feira (28).<\/p>\n<p>Uma guarni\u00e7\u00e3o da GCM foi acionada ap\u00f3s den\u00fancia via 153 de que dois indiv\u00edduos haviam pulado o muro e invadido a necr\u00f3pole.<\/p>\n<p>Ao chegarem ao local, os guardas municipais se depararam com um dos suspeitos na Rua Remo Petrarchi, de posse de uma sacola com quatro placas, dez molduras e um crucifixo, todos em bronze, al\u00e9m de um grifo utilizado para subtrair as pe\u00e7as das campas.<\/p>\n<p>Diante dos fatos foi dada voz de pris\u00e3o ao indiv\u00edduo, sendo encaminhado ao 5\u00ba Distrito Policial. O outro homem n\u00e3o foi localizado. O material apreendido foi restitu\u00eddo \u00e0 Administra\u00e7\u00e3o do Cemit\u00e9rio da Areia Branca.<\/p>\n<p><strong>Leia mais<\/strong><\/p>\n<p><a href=\"https:\/\/redenoticiaz.com.br\/litoralsp\/2023\/07\/30\/santos-jazz-festival-desembarca-no-museu-do-cafe\">PF Rastreia Cadeia de Tr\u00e1fico Internacional de Drogas em Santos<\/a><\/p>\n","protected":false},"excerpt":{"rendered":"<p>Agentes da Guarda Civil Municipal (GCM) de Santos prenderam um homem por furto de pe\u00e7as de jazigos do Cemit\u00e9rio da Areia Branca, na \u00faltima sexta-feira (28). Uma guarni\u00e7\u00e3o da GCM foi acionada ap\u00f3s den\u00fancia via 153 de que dois indiv\u00edduos haviam pulado o muro e invadido a necr\u00f3pole. Ao chegarem ao local, os guardas municipais &hellip;<\/p>\n","protected":false},"author":12,"featured_media":108941,"comment_status":"open","ping_status":"closed","sticky":false,"template":"","format":"standard","meta":{"footnotes":""},"categories":[180],"tags":[65438,4244,3891,63821],"class_list":["post-108940","post","type-post","status-publish","format-standard","has-post-thumbnail","hentry","category-santos","tag-65438","tag-gcm","tag-guarda-civil-municipal","tag-necropole"],"yoast_head":"<!-- This site is optimized with the Yoast SEO plugin v27.5 - https:\/\/yoast.com\/product\/yoast-seo-wordpress\/ -->\n<title>Guarda Municipal prende homem por furto em cemit\u00e9rio em Santos - Litoral SP<\/title>\n<meta name=\"description\" content=\"Agentes da Guarda Civil Municipal de Santos prenderam um homem por furto de pe\u00e7as de jazigos do Cemit\u00e9rio da Areia Branca, na \u00faltima sexta-feira (28).\" \/>\n<meta name=\"robots\" content=\"index, follow, max-snippet:-1, max-image-preview:large, max-video-preview:-1\" \/>\n<link rel=\"canonical\" href=\"https:\/\/redenoticiaz.com.br\/litoralsp\/2023\/08\/01\/guarda-municipal-prende-homem-por-furto-em-cemiterio-em-santos\" \/>\n<meta property=\"og:locale\" content=\"pt_BR\" \/>\n<meta property=\"og:type\" content=\"article\" \/>\n<meta property=\"og:title\" content=\"Guarda Municipal prende homem por furto em cemit\u00e9rio em Santos - Litoral SP\" \/>\n<meta property=\"og:description\" content=\"Agentes da Guarda Civil Municipal de Santos prenderam um homem por furto de pe\u00e7as de jazigos do Cemit\u00e9rio da Areia Branca, na \u00faltima sexta-feira (28).\" \/>\n<meta property=\"og:url\" content=\"https:\/\/redenoticiaz.com.br\/litoralsp\/2023\/08\/01\/guarda-municipal-prende-homem-por-furto-em-cemiterio-em-santos\" \/>\n<meta property=\"og:site_name\" content=\"Litoral SP\" \/>\n<meta property=\"article:published_time\" content=\"2023-08-01T15:39:38+00:00\" \/>\n<meta property=\"og:image\" content=\"https:\/\/redenoticiaz.com.br\/litoralsp\/wp-content\/uploads\/sites\/3\/2023\/08\/whatsapp_image_2023-07-30_at_21.58.30-scaled.jpeg\" \/>\n\t<meta property=\"og:image:width\" content=\"608\" \/>\n\t<meta property=\"og:image:height\" content=\"1080\" \/>\n\t<meta property=\"og:image:type\" content=\"image\/jpeg\" \/>\n<meta name=\"author\" content=\"Gustavo Silva\" \/>\n<meta name=\"twitter:card\" content=\"summary_large_image\" \/>\n<meta name=\"twitter:label1\" content=\"Escrito por\" \/>\n\t<meta name=\"twitter:data1\" content=\"Gustavo Silva\" \/>\n\t<meta name=\"twitter:label2\" content=\"Est. tempo de leitura\" \/>\n\t<meta name=\"twitter:data2\" content=\"1 minuto\" \/>\n<script type=\"application\/ld+json\" class=\"yoast-schema-graph\">{\"@context\":\"https:\\\/\\\/schema.org\",\"@graph\":[{\"@type\":\"Article\",\"@id\":\"https:\\\/\\\/redenoticiaz.com.br\\\/litoralsp\\\/2023\\\/08\\\/01\\\/guarda-municipal-prende-homem-por-furto-em-cemiterio-em-santos#article\",\"isPartOf\":{\"@id\":\"https:\\\/\\\/redenoticiaz.com.br\\\/litoralsp\\\/2023\\\/08\\\/01\\\/guarda-municipal-prende-homem-por-furto-em-cemiterio-em-santos\"},\"author\":{\"name\":\"Gustavo Silva\",\"@id\":\"https:\\\/\\\/redenoticiaz.com.br\\\/litoralsp\\\/#\\\/schema\\\/person\\\/16057b37a3c0ee6b096d7f887c566e2e\"},\"headline\":\"Guarda Municipal prende homem por furto em cemit\u00e9rio em Santos\",\"datePublished\":\"2023-08-01T15:39:38+00:00\",\"mainEntityOfPage\":{\"@id\":\"https:\\\/\\\/redenoticiaz.com.br\\\/litoralsp\\\/2023\\\/08\\\/01\\\/guarda-municipal-prende-homem-por-furto-em-cemiterio-em-santos\"},\"wordCount\":161,\"commentCount\":0,\"publisher\":{\"@id\":\"https:\\\/\\\/redenoticiaz.com.br\\\/litoralsp\\\/#organization\"},\"image\":{\"@id\":\"https:\\\/\\\/redenoticiaz.com.br\\\/litoralsp\\\/2023\\\/08\\\/01\\\/guarda-municipal-prende-homem-por-furto-em-cemiterio-em-santos#primaryimage\"},\"thumbnailUrl\":\"https:\\\/\\\/redenoticiaz.com.br\\\/litoralsp\\\/wp-content\\\/uploads\\\/sites\\\/3\\\/2023\\\/08\\\/whatsapp_image_2023-07-30_at_21.58.30-scaled.jpeg\",\"keywords\":[\"153\",\"GCM\",\"GUARDA CIVIL MUNICIPAL\",\"necr\u00f3pole\"],\"articleSection\":[\"Santos\"],\"inLanguage\":\"pt-BR\",\"potentialAction\":[{\"@type\":\"CommentAction\",\"name\":\"Comment\",\"target\":[\"https:\\\/\\\/redenoticiaz.com.br\\\/litoralsp\\\/2023\\\/08\\\/01\\\/guarda-municipal-prende-homem-por-furto-em-cemiterio-em-santos#respond\"]}]},{\"@type\":\"WebPage\",\"@id\":\"https:\\\/\\\/redenoticiaz.com.br\\\/litoralsp\\\/2023\\\/08\\\/01\\\/guarda-municipal-prende-homem-por-furto-em-cemiterio-em-santos\",\"url\":\"https:\\\/\\\/redenoticiaz.com.br\\\/litoralsp\\\/2023\\\/08\\\/01\\\/guarda-municipal-prende-homem-por-furto-em-cemiterio-em-santos\",\"name\":\"Guarda Municipal prende homem por furto em cemit\u00e9rio em Santos - Litoral SP\",\"isPartOf\":{\"@id\":\"https:\\\/\\\/redenoticiaz.com.br\\\/litoralsp\\\/#website\"},\"primaryImageOfPage\":{\"@id\":\"https:\\\/\\\/redenoticiaz.com.br\\\/litoralsp\\\/2023\\\/08\\\/01\\\/guarda-municipal-prende-homem-por-furto-em-cemiterio-em-santos#primaryimage\"},\"image\":{\"@id\":\"https:\\\/\\\/redenoticiaz.com.br\\\/litoralsp\\\/2023\\\/08\\\/01\\\/guarda-municipal-prende-homem-por-furto-em-cemiterio-em-santos#primaryimage\"},\"thumbnailUrl\":\"https:\\\/\\\/redenoticiaz.com.br\\\/litoralsp\\\/wp-content\\\/uploads\\\/sites\\\/3\\\/2023\\\/08\\\/whatsapp_image_2023-07-30_at_21.58.30-scaled.jpeg\",\"datePublished\":\"2023-08-01T15:39:38+00:00\",\"description\":\"Agentes da Guarda Civil Municipal de Santos prenderam um homem por furto de pe\u00e7as de jazigos do Cemit\u00e9rio da Areia Branca, na \u00faltima sexta-feira (28).\",\"inLanguage\":\"pt-BR\",\"potentialAction\":[{\"@type\":\"ReadAction\",\"target\":[\"https:\\\/\\\/redenoticiaz.com.br\\\/litoralsp\\\/2023\\\/08\\\/01\\\/guarda-municipal-prende-homem-por-furto-em-cemiterio-em-santos\"]}]},{\"@type\":\"ImageObject\",\"inLanguage\":\"pt-BR\",\"@id\":\"https:\\\/\\\/redenoticiaz.com.br\\\/litoralsp\\\/2023\\\/08\\\/01\\\/guarda-municipal-prende-homem-por-furto-em-cemiterio-em-santos#primaryimage\",\"url\":\"https:\\\/\\\/redenoticiaz.com.br\\\/litoralsp\\\/wp-content\\\/uploads\\\/sites\\\/3\\\/2023\\\/08\\\/whatsapp_image_2023-07-30_at_21.58.30-scaled.jpeg\",\"contentUrl\":\"https:\\\/\\\/redenoticiaz.com.br\\\/litoralsp\\\/wp-content\\\/uploads\\\/sites\\\/3\\\/2023\\\/08\\\/whatsapp_image_2023-07-30_at_21.58.30-scaled.jpeg\",\"width\":608,\"height\":1080,\"caption\":\"Guarda Municipal prende homem por furto em cemit\u00e9rio em Santos\"},{\"@type\":\"WebSite\",\"@id\":\"https:\\\/\\\/redenoticiaz.com.br\\\/litoralsp\\\/#website\",\"url\":\"https:\\\/\\\/redenoticiaz.com.br\\\/litoralsp\\\/\",\"name\":\"Litoral SP\",\"description\":\"Rede NoticiaZ\",\"publisher\":{\"@id\":\"https:\\\/\\\/redenoticiaz.com.br\\\/litoralsp\\\/#organization\"},\"potentialAction\":[{\"@type\":\"SearchAction\",\"target\":{\"@type\":\"EntryPoint\",\"urlTemplate\":\"https:\\\/\\\/redenoticiaz.com.br\\\/litoralsp\\\/?s={search_term_string}\"},\"query-input\":{\"@type\":\"PropertyValueSpecification\",\"valueRequired\":true,\"valueName\":\"search_term_string\"}}],\"inLanguage\":\"pt-BR\"},{\"@type\":\"Organization\",\"@id\":\"https:\\\/\\\/redenoticiaz.com.br\\\/litoralsp\\\/#organization\",\"name\":\"Litoral SP\",\"url\":\"https:\\\/\\\/redenoticiaz.com.br\\\/litoralsp\\\/\",\"logo\":{\"@type\":\"ImageObject\",\"inLanguage\":\"pt-BR\",\"@id\":\"https:\\\/\\\/redenoticiaz.com.br\\\/litoralsp\\\/#\\\/schema\\\/logo\\\/image\\\/\",\"url\":\"https:\\\/\\\/redenoticiaz.com.br\\\/litoralsp\\\/wp-content\\\/uploads\\\/sites\\\/3\\\/2020\\\/11\\\/logo.jpg\",\"contentUrl\":\"https:\\\/\\\/redenoticiaz.com.br\\\/litoralsp\\\/wp-content\\\/uploads\\\/sites\\\/3\\\/2020\\\/11\\\/logo.jpg\",\"width\":400,\"height\":250,\"caption\":\"Litoral SP\"},\"image\":{\"@id\":\"https:\\\/\\\/redenoticiaz.com.br\\\/litoralsp\\\/#\\\/schema\\\/logo\\\/image\\\/\"}},{\"@type\":\"Person\",\"@id\":\"https:\\\/\\\/redenoticiaz.com.br\\\/litoralsp\\\/#\\\/schema\\\/person\\\/16057b37a3c0ee6b096d7f887c566e2e\",\"name\":\"Gustavo Silva\",\"image\":{\"@type\":\"ImageObject\",\"inLanguage\":\"pt-BR\",\"@id\":\"https:\\\/\\\/secure.gravatar.com\\\/avatar\\\/3ee4e82f93b26de0a7cf4ea5eb7893da637ed6bb0c9170c58065944c56e28a33?s=96&d=mm&r=g\",\"url\":\"https:\\\/\\\/secure.gravatar.com\\\/avatar\\\/3ee4e82f93b26de0a7cf4ea5eb7893da637ed6bb0c9170c58065944c56e28a33?s=96&d=mm&r=g\",\"contentUrl\":\"https:\\\/\\\/secure.gravatar.com\\\/avatar\\\/3ee4e82f93b26de0a7cf4ea5eb7893da637ed6bb0c9170c58065944c56e28a33?s=96&d=mm&r=g\",\"caption\":\"Gustavo Silva\"},\"url\":\"https:\\\/\\\/redenoticiaz.com.br\\\/litoralsp\\\/author\\\/gustavosilva\"}]}<\/script>\n<!-- \/ Yoast SEO plugin. -->","yoast_head_json":{"title":"Guarda Municipal prende homem por furto em cemit\u00e9rio em Santos - Litoral SP","description":"Agentes da Guarda Civil Municipal de Santos prenderam um homem por furto de pe\u00e7as de jazigos do Cemit\u00e9rio da Areia Branca, na \u00faltima sexta-feira (28).","robots":{"index":"index","follow":"follow","max-snippet":"max-snippet:-1","max-image-preview":"max-image-preview:large","max-video-preview":"max-video-preview:-1"},"canonical":"https:\/\/redenoticiaz.com.br\/litoralsp\/2023\/08\/01\/guarda-municipal-prende-homem-por-furto-em-cemiterio-em-santos","og_locale":"pt_BR","og_type":"article","og_title":"Guarda Municipal prende homem por furto em cemit\u00e9rio em Santos - Litoral SP","og_description":"Agentes da Guarda Civil Municipal de Santos prenderam um homem por furto de pe\u00e7as de jazigos do Cemit\u00e9rio da Areia Branca, na \u00faltima sexta-feira (28).","og_url":"https:\/\/redenoticiaz.com.br\/litoralsp\/2023\/08\/01\/guarda-municipal-prende-homem-por-furto-em-cemiterio-em-santos","og_site_name":"Litoral SP","article_published_time":"2023-08-01T15:39:38+00:00","og_image":[{"width":608,"height":1080,"url":"https:\/\/redenoticiaz.com.br\/litoralsp\/wp-content\/uploads\/sites\/3\/2023\/08\/whatsapp_image_2023-07-30_at_21.58.30-scaled.jpeg","type":"image\/jpeg"}],"author":"Gustavo Silva","twitter_card":"summary_large_image","twitter_misc":{"Escrito por":"Gustavo Silva","Est. tempo de leitura":"1 minuto"},"schema":{"@context":"https:\/\/schema.org","@graph":[{"@type":"Article","@id":"https:\/\/redenoticiaz.com.br\/litoralsp\/2023\/08\/01\/guarda-municipal-prende-homem-por-furto-em-cemiterio-em-santos#article","isPartOf":{"@id":"https:\/\/redenoticiaz.com.br\/litoralsp\/2023\/08\/01\/guarda-municipal-prende-homem-por-furto-em-cemiterio-em-santos"},"author":{"name":"Gustavo Silva","@id":"https:\/\/redenoticiaz.com.br\/litoralsp\/#\/schema\/person\/16057b37a3c0ee6b096d7f887c566e2e"},"headline":"Guarda Municipal prende homem por furto em cemit\u00e9rio em Santos","datePublished":"2023-08-01T15:39:38+00:00","mainEntityOfPage":{"@id":"https:\/\/redenoticiaz.com.br\/litoralsp\/2023\/08\/01\/guarda-municipal-prende-homem-por-furto-em-cemiterio-em-santos"},"wordCount":161,"commentCount":0,"publisher":{"@id":"https:\/\/redenoticiaz.com.br\/litoralsp\/#organization"},"image":{"@id":"https:\/\/redenoticiaz.com.br\/litoralsp\/2023\/08\/01\/guarda-municipal-prende-homem-por-furto-em-cemiterio-em-santos#primaryimage"},"thumbnailUrl":"https:\/\/redenoticiaz.com.br\/litoralsp\/wp-content\/uploads\/sites\/3\/2023\/08\/whatsapp_image_2023-07-30_at_21.58.30-scaled.jpeg","keywords":["153","GCM","GUARDA CIVIL MUNICIPAL","necr\u00f3pole"],"articleSection":["Santos"],"inLanguage":"pt-BR","potentialAction":[{"@type":"CommentAction","name":"Comment","target":["https:\/\/redenoticiaz.com.br\/litoralsp\/2023\/08\/01\/guarda-municipal-prende-homem-por-furto-em-cemiterio-em-santos#respond"]}]},{"@type":"WebPage","@id":"https:\/\/redenoticiaz.com.br\/litoralsp\/2023\/08\/01\/guarda-municipal-prende-homem-por-furto-em-cemiterio-em-santos","url":"https:\/\/redenoticiaz.com.br\/litoralsp\/2023\/08\/01\/guarda-municipal-prende-homem-por-furto-em-cemiterio-em-santos","name":"Guarda Municipal prende homem por furto em cemit\u00e9rio em Santos - Litoral SP","isPartOf":{"@id":"https:\/\/redenoticiaz.com.br\/litoralsp\/#website"},"primaryImageOfPage":{"@id":"https:\/\/redenoticiaz.com.br\/litoralsp\/2023\/08\/01\/guarda-municipal-prende-homem-por-furto-em-cemiterio-em-santos#primaryimage"},"image":{"@id":"https:\/\/redenoticiaz.com.br\/litoralsp\/2023\/08\/01\/guarda-municipal-prende-homem-por-furto-em-cemiterio-em-santos#primaryimage"},"thumbnailUrl":"https:\/\/redenoticiaz.com.br\/litoralsp\/wp-content\/uploads\/sites\/3\/2023\/08\/whatsapp_image_2023-07-30_at_21.58.30-scaled.jpeg","datePublished":"2023-08-01T15:39:38+00:00","description":"Agentes da Guarda Civil Municipal de Santos prenderam um homem por furto de pe\u00e7as de jazigos do Cemit\u00e9rio da Areia Branca, na \u00faltima sexta-feira (28).","inLanguage":"pt-BR","potentialAction":[{"@type":"ReadAction","target":["https:\/\/redenoticiaz.com.br\/litoralsp\/2023\/08\/01\/guarda-municipal-prende-homem-por-furto-em-cemiterio-em-santos"]}]},{"@type":"ImageObject","inLanguage":"pt-BR","@id":"https:\/\/redenoticiaz.com.br\/litoralsp\/2023\/08\/01\/guarda-municipal-prende-homem-por-furto-em-cemiterio-em-santos#primaryimage","url":"https:\/\/redenoticiaz.com.br\/litoralsp\/wp-content\/uploads\/sites\/3\/2023\/08\/whatsapp_image_2023-07-30_at_21.58.30-scaled.jpeg","contentUrl":"https:\/\/redenoticiaz.com.br\/litoralsp\/wp-content\/uploads\/sites\/3\/2023\/08\/whatsapp_image_2023-07-30_at_21.58.30-scaled.jpeg","width":608,"height":1080,"caption":"Guarda Municipal prende homem por furto em cemit\u00e9rio em Santos"},{"@type":"WebSite","@id":"https:\/\/redenoticiaz.com.br\/litoralsp\/#website","url":"https:\/\/redenoticiaz.com.br\/litoralsp\/","name":"Litoral SP","description":"Rede NoticiaZ","publisher":{"@id":"https:\/\/redenoticiaz.com.br\/litoralsp\/#organization"},"potentialAction":[{"@type":"SearchAction","target":{"@type":"EntryPoint","urlTemplate":"https:\/\/redenoticiaz.com.br\/litoralsp\/?s={search_term_string}"},"query-input":{"@type":"PropertyValueSpecification","valueRequired":true,"valueName":"search_term_string"}}],"inLanguage":"pt-BR"},{"@type":"Organization","@id":"https:\/\/redenoticiaz.com.br\/litoralsp\/#organization","name":"Litoral SP","url":"https:\/\/redenoticiaz.com.br\/litoralsp\/","logo":{"@type":"ImageObject","inLanguage":"pt-BR","@id":"https:\/\/redenoticiaz.com.br\/litoralsp\/#\/schema\/logo\/image\/","url":"https:\/\/redenoticiaz.com.br\/litoralsp\/wp-content\/uploads\/sites\/3\/2020\/11\/logo.jpg","contentUrl":"https:\/\/redenoticiaz.com.br\/litoralsp\/wp-content\/uploads\/sites\/3\/2020\/11\/logo.jpg","width":400,"height":250,"caption":"Litoral SP"},"image":{"@id":"https:\/\/redenoticiaz.com.br\/litoralsp\/#\/schema\/logo\/image\/"}},{"@type":"Person","@id":"https:\/\/redenoticiaz.com.br\/litoralsp\/#\/schema\/person\/16057b37a3c0ee6b096d7f887c566e2e","name":"Gustavo Silva","image":{"@type":"ImageObject","inLanguage":"pt-BR","@id":"https:\/\/secure.gravatar.com\/avatar\/3ee4e82f93b26de0a7cf4ea5eb7893da637ed6bb0c9170c58065944c56e28a33?s=96&d=mm&r=g","url":"https:\/\/secure.gravatar.com\/avatar\/3ee4e82f93b26de0a7cf4ea5eb7893da637ed6bb0c9170c58065944c56e28a33?s=96&d=mm&r=g","contentUrl":"https:\/\/secure.gravatar.com\/avatar\/3ee4e82f93b26de0a7cf4ea5eb7893da637ed6bb0c9170c58065944c56e28a33?s=96&d=mm&r=g","caption":"Gustavo Silva"},"url":"https:\/\/redenoticiaz.com.br\/litoralsp\/author\/gustavosilva"}]}},"_links":{"self":[{"href":"https:\/\/redenoticiaz.com.br\/litoralsp\/wp-json\/wp\/v2\/posts\/108940","targetHints":{"allow":["GET"]}}],"collection":[{"href":"https:\/\/redenoticiaz.com.br\/litoralsp\/wp-json\/wp\/v2\/posts"}],"about":[{"href":"https:\/\/redenoticiaz.com.br\/litoralsp\/wp-json\/wp\/v2\/types\/post"}],"author":[{"embeddable":true,"href":"https:\/\/redenoticiaz.com.br\/litoralsp\/wp-json\/wp\/v2\/users\/12"}],"replies":[{"embeddable":true,"href":"https:\/\/redenoticiaz.com.br\/litoralsp\/wp-json\/wp\/v2\/comments?post=108940"}],"version-history":[{"count":1,"href":"https:\/\/redenoticiaz.com.br\/litoralsp\/wp-json\/wp\/v2\/posts\/108940\/revisions"}],"predecessor-version":[{"id":108942,"href":"https:\/\/redenoticiaz.com.br\/litoralsp\/wp-json\/wp\/v2\/posts\/108940\/revisions\/108942"}],"wp:featuredmedia":[{"embeddable":true,"href":"https:\/\/redenoticiaz.com.br\/litoralsp\/wp-json\/wp\/v2\/media\/108941"}],"wp:attachment":[{"href":"https:\/\/redenoticiaz.com.br\/litoralsp\/wp-json\/wp\/v2\/media?parent=108940"}],"wp:term":[{"taxonomy":"category","embeddable":true,"href":"https:\/\/redenoticiaz.com.br\/litoralsp\/wp-json\/wp\/v2\/categories?post=108940"},{"taxonomy":"post_tag","embeddable":true,"href":"https:\/\/redenoticiaz.com.br\/litoralsp\/wp-json\/wp\/v2\/tags?post=108940"}],"curies":[{"name":"wp","href":"https:\/\/api.w.org\/{rel}","templated":true}]}}