{"id":108944,"date":"2023-08-01T13:10:33","date_gmt":"2023-08-01T16:10:33","guid":{"rendered":"https:\/\/redenoticiaz.com.br\/litoralsp\/?p=108944"},"modified":"2023-08-01T13:11:26","modified_gmt":"2023-08-01T16:11:26","slug":"video-dois-policiais-sao-baleados-em-santos","status":"publish","type":"post","link":"https:\/\/redenoticiaz.com.br\/litoralsp\/2023\/08\/01\/video-dois-policiais-sao-baleados-em-santos","title":{"rendered":"V\u00cdDEO \u2013 Dois policiais s\u00e3o baleados em Santos"},"content":{"rendered":"<p>Dois policiais foram baleados na cidade de Santos durante a manh\u00e3 desta ter\u00e7a-feira (1) e os casos aconteceram em locais diferentes do munic\u00edpio.<\/p>\n<p>De acordo com as informa\u00e7\u00f5es, uma cabo da PM foi atingida na regi\u00e3o das costas em frente a uma padaria no bairro Campo Grande.<\/p>\n<p>Ainda de acordo com as informa\u00e7\u00f5es, um soldado do BAEP foi ferido na virilha, durante confronto contra criminosos, tamb\u00e9m no Morro do S\u00e3o Bento.<\/p>\n<div class=\"wp-playlist wp-video-playlist wp-playlist-light\">\n\t\t<video controls=\"controls\" preload=\"none\" width=\"640\"\n\t\t height=\"1141\"\t><\/video>\n\t<div class=\"wp-playlist-next\"><\/div>\n\t<div class=\"wp-playlist-prev\"><\/div>\n\t<noscript>\n\t<ol>\n\t\t<li><a href='https:\/\/redenoticiaz.com.br\/litoralsp\/wp-content\/uploads\/sites\/3\/2023\/08\/WhatsApp-Video-2023-08-01-at-12.57.56.mp4'>V\u00cdDEO - Dois policiais s\u00e3o baleados em Santos<\/a><\/li>\t<\/ol>\n\t<\/noscript>\n\t<script type=\"application\/json\" class=\"wp-playlist-script\">{\"type\":\"video\",\"tracklist\":true,\"tracknumbers\":true,\"images\":true,\"artists\":true,\"tracks\":[{\"src\":\"https:\/\/redenoticiaz.com.br\/litoralsp\/wp-content\/uploads\/sites\/3\/2023\/08\/WhatsApp-Video-2023-08-01-at-12.57.56.mp4\",\"type\":\"video\/mp4\",\"title\":\"V\\u00cdDEO - Dois policiais s\\u00e3o baleados em Santos\",\"caption\":\"V\\u00cdDEO - Dois policiais s\\u00e3o baleados em Santos\",\"description\":\"V\\u00cdDEO - Dois policiais s\\u00e3o baleados em Santos\",\"meta\":{\"length_formatted\":\"0:20\"},\"dimensions\":{\"original\":{\"width\":368,\"height\":656},\"resized\":{\"width\":640,\"height\":1141}},\"image\":{\"src\":\"https:\/\/redenoticiaz.com.br\/litoralsp\/wp-includes\/images\/media\/video.svg\",\"width\":48,\"height\":64},\"thumb\":{\"src\":\"https:\/\/redenoticiaz.com.br\/litoralsp\/wp-includes\/images\/media\/video.svg\",\"width\":48,\"height\":64}}]}<\/script>\n<\/div>\n\t\n<p>Sendo assim, as v\u00edtimas foram levadas para o hospital e a assessoria do local n\u00e3o foi autorizada a passar informa\u00e7\u00f5es sobre as v\u00edtimas.<\/p>\n<p>Secretaria de Seguran\u00e7a P\u00fablica (SSP) que informou que as for\u00e7as de seguran\u00e7a est\u00e3o mobilizadas na busca pelos autores do ataque contra a policial.<\/p>\n<div class=\"wp-playlist wp-video-playlist wp-playlist-light\">\n\t\t<video controls=\"controls\" preload=\"none\" width=\"640\"\n\t\t height=\"1152\"\t><\/video>\n\t<div class=\"wp-playlist-next\"><\/div>\n\t<div class=\"wp-playlist-prev\"><\/div>\n\t<noscript>\n\t<ol>\n\t\t<li><a href='https:\/\/redenoticiaz.com.br\/litoralsp\/wp-content\/uploads\/sites\/3\/2023\/08\/WhatsApp-Video-2023-08-01-at-12.58.20.mp4'>V\u00cdDEO - Dois policiais s\u00e3o baleados em Santos<\/a><\/li>\t<\/ol>\n\t<\/noscript>\n\t<script type=\"application\/json\" class=\"wp-playlist-script\">{\"type\":\"video\",\"tracklist\":true,\"tracknumbers\":true,\"images\":true,\"artists\":true,\"tracks\":[{\"src\":\"https:\/\/redenoticiaz.com.br\/litoralsp\/wp-content\/uploads\/sites\/3\/2023\/08\/WhatsApp-Video-2023-08-01-at-12.58.20.mp4\",\"type\":\"video\/mp4\",\"title\":\"V\\u00cdDEO - Dois policiais s\\u00e3o baleados em Santos\",\"caption\":\"V\\u00cdDEO - Dois policiais s\\u00e3o baleados em Santos\",\"description\":\"V\\u00cdDEO - Dois policiais s\\u00e3o baleados em Santos\",\"meta\":{\"length_formatted\":\"0:10\"},\"dimensions\":{\"original\":{\"width\":400,\"height\":720},\"resized\":{\"width\":640,\"height\":1152}},\"image\":{\"src\":\"https:\/\/redenoticiaz.com.br\/litoralsp\/wp-includes\/images\/media\/video.svg\",\"width\":48,\"height\":64},\"thumb\":{\"src\":\"https:\/\/redenoticiaz.com.br\/litoralsp\/wp-includes\/images\/media\/video.svg\",\"width\":48,\"height\":64}}]}<\/script>\n<\/div>\n\t\n<div class=\"wall protected-content\">\n<div id=\"chunk-fsvac\">\n<div class=\"mc-column content-text active-extra-styles \" data-block-type=\"unstyled\" data-block-weight=\"46\" data-block-id=\"4\"><strong>Leia mais<\/strong><\/div>\n<div data-block-type=\"unstyled\" data-block-weight=\"46\" data-block-id=\"4\"><a href=\"https:\/\/redenoticiaz.com.br\/litoralsp\/2023\/08\/01\/guarda-municipal-prende-homem-por-furto-em-cemiterio-em-santos\">Guarda Municipal prende homem por furto em cemit\u00e9rio em Santos<\/a><\/div>\n<\/div>\n<\/div>\n","protected":false},"excerpt":{"rendered":"<p>Dois policiais foram baleados na cidade de Santos durante a manh\u00e3 desta ter\u00e7a-feira (1) e os casos aconteceram em locais diferentes do munic\u00edpio. De acordo com as informa\u00e7\u00f5es, uma cabo da PM foi atingida na regi\u00e3o das costas em frente a uma padaria no bairro Campo Grande. Ainda de acordo com as informa\u00e7\u00f5es, um soldado &hellip;<\/p>\n","protected":false},"author":12,"featured_media":108945,"comment_status":"open","ping_status":"closed","sticky":false,"template":"","format":"standard","meta":{"footnotes":""},"categories":[2,187,10],"tags":[65557,66513,25861,986],"class_list":["post-108944","post","type-post","status-publish","format-standard","has-post-thumbnail","hentry","category-cidades","category-guaruja","category-policia","tag-baleados","tag-operacao-escudo","tag-pms","tag-santos"],"yoast_head":"<!-- This site is optimized with the Yoast SEO plugin v27.5 - https:\/\/yoast.com\/product\/yoast-seo-wordpress\/ -->\n<title>V\u00cdDEO \u2013 Dois policiais s\u00e3o baleados em Santos - Litoral SP<\/title>\n<meta name=\"description\" content=\"Dois policiais foram baleados na cidade de Santos durante a manh\u00e3 desta ter\u00e7a-feira (1) e os casos aconteceram em locais diferentes do munic\u00edpio.\" \/>\n<meta name=\"robots\" content=\"index, follow, max-snippet:-1, max-image-preview:large, max-video-preview:-1\" \/>\n<link rel=\"canonical\" href=\"https:\/\/redenoticiaz.com.br\/litoralsp\/2023\/08\/01\/video-dois-policiais-sao-baleados-em-santos\" \/>\n<meta property=\"og:locale\" content=\"pt_BR\" \/>\n<meta property=\"og:type\" content=\"article\" \/>\n<meta property=\"og:title\" content=\"V\u00cdDEO \u2013 Dois policiais s\u00e3o baleados em Santos - Litoral SP\" \/>\n<meta property=\"og:description\" content=\"Dois policiais foram baleados na cidade de Santos durante a manh\u00e3 desta ter\u00e7a-feira (1) e os casos aconteceram em locais diferentes do munic\u00edpio.\" \/>\n<meta property=\"og:url\" content=\"https:\/\/redenoticiaz.com.br\/litoralsp\/2023\/08\/01\/video-dois-policiais-sao-baleados-em-santos\" \/>\n<meta property=\"og:site_name\" content=\"Litoral SP\" \/>\n<meta property=\"article:published_time\" content=\"2023-08-01T16:10:33+00:00\" \/>\n<meta property=\"article:modified_time\" content=\"2023-08-01T16:11:26+00:00\" \/>\n<meta property=\"og:image\" content=\"https:\/\/redenoticiaz.com.br\/litoralsp\/wp-content\/uploads\/sites\/3\/2023\/08\/ccc.jpg\" \/>\n\t<meta property=\"og:image:width\" content=\"648\" \/>\n\t<meta property=\"og:image:height\" content=\"486\" \/>\n\t<meta property=\"og:image:type\" content=\"image\/jpeg\" \/>\n<meta name=\"author\" content=\"Gustavo Silva\" \/>\n<meta name=\"twitter:card\" content=\"summary_large_image\" \/>\n<meta name=\"twitter:label1\" content=\"Escrito por\" \/>\n\t<meta name=\"twitter:data1\" content=\"Gustavo Silva\" \/>\n\t<meta name=\"twitter:label2\" content=\"Est. tempo de leitura\" \/>\n\t<meta name=\"twitter:data2\" content=\"1 minuto\" \/>\n<script type=\"application\/ld+json\" class=\"yoast-schema-graph\">{\"@context\":\"https:\\\/\\\/schema.org\",\"@graph\":[{\"@type\":\"Article\",\"@id\":\"https:\\\/\\\/redenoticiaz.com.br\\\/litoralsp\\\/2023\\\/08\\\/01\\\/video-dois-policiais-sao-baleados-em-santos#article\",\"isPartOf\":{\"@id\":\"https:\\\/\\\/redenoticiaz.com.br\\\/litoralsp\\\/2023\\\/08\\\/01\\\/video-dois-policiais-sao-baleados-em-santos\"},\"author\":{\"name\":\"Gustavo Silva\",\"@id\":\"https:\\\/\\\/redenoticiaz.com.br\\\/litoralsp\\\/#\\\/schema\\\/person\\\/16057b37a3c0ee6b096d7f887c566e2e\"},\"headline\":\"V\u00cdDEO \u2013 Dois policiais s\u00e3o baleados em Santos\",\"datePublished\":\"2023-08-01T16:10:33+00:00\",\"dateModified\":\"2023-08-01T16:11:26+00:00\",\"mainEntityOfPage\":{\"@id\":\"https:\\\/\\\/redenoticiaz.com.br\\\/litoralsp\\\/2023\\\/08\\\/01\\\/video-dois-policiais-sao-baleados-em-santos\"},\"wordCount\":162,\"commentCount\":0,\"publisher\":{\"@id\":\"https:\\\/\\\/redenoticiaz.com.br\\\/litoralsp\\\/#organization\"},\"image\":{\"@id\":\"https:\\\/\\\/redenoticiaz.com.br\\\/litoralsp\\\/2023\\\/08\\\/01\\\/video-dois-policiais-sao-baleados-em-santos#primaryimage\"},\"thumbnailUrl\":\"https:\\\/\\\/redenoticiaz.com.br\\\/litoralsp\\\/wp-content\\\/uploads\\\/sites\\\/3\\\/2023\\\/08\\\/ccc.jpg\",\"keywords\":[\"baleados\",\"opera\u00e7\u00e3o escudo\",\"PMS\",\"Santos\"],\"articleSection\":[\"Cidades\",\"Guaruj\u00e1\",\"Pol\u00edcia\"],\"inLanguage\":\"pt-BR\",\"potentialAction\":[{\"@type\":\"CommentAction\",\"name\":\"Comment\",\"target\":[\"https:\\\/\\\/redenoticiaz.com.br\\\/litoralsp\\\/2023\\\/08\\\/01\\\/video-dois-policiais-sao-baleados-em-santos#respond\"]}]},{\"@type\":\"WebPage\",\"@id\":\"https:\\\/\\\/redenoticiaz.com.br\\\/litoralsp\\\/2023\\\/08\\\/01\\\/video-dois-policiais-sao-baleados-em-santos\",\"url\":\"https:\\\/\\\/redenoticiaz.com.br\\\/litoralsp\\\/2023\\\/08\\\/01\\\/video-dois-policiais-sao-baleados-em-santos\",\"name\":\"V\u00cdDEO \u2013 Dois policiais s\u00e3o baleados em Santos - Litoral SP\",\"isPartOf\":{\"@id\":\"https:\\\/\\\/redenoticiaz.com.br\\\/litoralsp\\\/#website\"},\"primaryImageOfPage\":{\"@id\":\"https:\\\/\\\/redenoticiaz.com.br\\\/litoralsp\\\/2023\\\/08\\\/01\\\/video-dois-policiais-sao-baleados-em-santos#primaryimage\"},\"image\":{\"@id\":\"https:\\\/\\\/redenoticiaz.com.br\\\/litoralsp\\\/2023\\\/08\\\/01\\\/video-dois-policiais-sao-baleados-em-santos#primaryimage\"},\"thumbnailUrl\":\"https:\\\/\\\/redenoticiaz.com.br\\\/litoralsp\\\/wp-content\\\/uploads\\\/sites\\\/3\\\/2023\\\/08\\\/ccc.jpg\",\"datePublished\":\"2023-08-01T16:10:33+00:00\",\"dateModified\":\"2023-08-01T16:11:26+00:00\",\"description\":\"Dois policiais foram baleados na cidade de Santos durante a manh\u00e3 desta ter\u00e7a-feira (1) e os casos aconteceram em locais diferentes do munic\u00edpio.\",\"inLanguage\":\"pt-BR\",\"potentialAction\":[{\"@type\":\"ReadAction\",\"target\":[\"https:\\\/\\\/redenoticiaz.com.br\\\/litoralsp\\\/2023\\\/08\\\/01\\\/video-dois-policiais-sao-baleados-em-santos\"]}]},{\"@type\":\"ImageObject\",\"inLanguage\":\"pt-BR\",\"@id\":\"https:\\\/\\\/redenoticiaz.com.br\\\/litoralsp\\\/2023\\\/08\\\/01\\\/video-dois-policiais-sao-baleados-em-santos#primaryimage\",\"url\":\"https:\\\/\\\/redenoticiaz.com.br\\\/litoralsp\\\/wp-content\\\/uploads\\\/sites\\\/3\\\/2023\\\/08\\\/ccc.jpg\",\"contentUrl\":\"https:\\\/\\\/redenoticiaz.com.br\\\/litoralsp\\\/wp-content\\\/uploads\\\/sites\\\/3\\\/2023\\\/08\\\/ccc.jpg\",\"width\":648,\"height\":486,\"caption\":\"Dois policiais s\u00e3o baleados em Santos\"},{\"@type\":\"WebSite\",\"@id\":\"https:\\\/\\\/redenoticiaz.com.br\\\/litoralsp\\\/#website\",\"url\":\"https:\\\/\\\/redenoticiaz.com.br\\\/litoralsp\\\/\",\"name\":\"Litoral SP\",\"description\":\"Rede NoticiaZ\",\"publisher\":{\"@id\":\"https:\\\/\\\/redenoticiaz.com.br\\\/litoralsp\\\/#organization\"},\"potentialAction\":[{\"@type\":\"SearchAction\",\"target\":{\"@type\":\"EntryPoint\",\"urlTemplate\":\"https:\\\/\\\/redenoticiaz.com.br\\\/litoralsp\\\/?s={search_term_string}\"},\"query-input\":{\"@type\":\"PropertyValueSpecification\",\"valueRequired\":true,\"valueName\":\"search_term_string\"}}],\"inLanguage\":\"pt-BR\"},{\"@type\":\"Organization\",\"@id\":\"https:\\\/\\\/redenoticiaz.com.br\\\/litoralsp\\\/#organization\",\"name\":\"Litoral SP\",\"url\":\"https:\\\/\\\/redenoticiaz.com.br\\\/litoralsp\\\/\",\"logo\":{\"@type\":\"ImageObject\",\"inLanguage\":\"pt-BR\",\"@id\":\"https:\\\/\\\/redenoticiaz.com.br\\\/litoralsp\\\/#\\\/schema\\\/logo\\\/image\\\/\",\"url\":\"https:\\\/\\\/redenoticiaz.com.br\\\/litoralsp\\\/wp-content\\\/uploads\\\/sites\\\/3\\\/2020\\\/11\\\/logo.jpg\",\"contentUrl\":\"https:\\\/\\\/redenoticiaz.com.br\\\/litoralsp\\\/wp-content\\\/uploads\\\/sites\\\/3\\\/2020\\\/11\\\/logo.jpg\",\"width\":400,\"height\":250,\"caption\":\"Litoral SP\"},\"image\":{\"@id\":\"https:\\\/\\\/redenoticiaz.com.br\\\/litoralsp\\\/#\\\/schema\\\/logo\\\/image\\\/\"}},{\"@type\":\"Person\",\"@id\":\"https:\\\/\\\/redenoticiaz.com.br\\\/litoralsp\\\/#\\\/schema\\\/person\\\/16057b37a3c0ee6b096d7f887c566e2e\",\"name\":\"Gustavo Silva\",\"image\":{\"@type\":\"ImageObject\",\"inLanguage\":\"pt-BR\",\"@id\":\"https:\\\/\\\/secure.gravatar.com\\\/avatar\\\/3ee4e82f93b26de0a7cf4ea5eb7893da637ed6bb0c9170c58065944c56e28a33?s=96&d=mm&r=g\",\"url\":\"https:\\\/\\\/secure.gravatar.com\\\/avatar\\\/3ee4e82f93b26de0a7cf4ea5eb7893da637ed6bb0c9170c58065944c56e28a33?s=96&d=mm&r=g\",\"contentUrl\":\"https:\\\/\\\/secure.gravatar.com\\\/avatar\\\/3ee4e82f93b26de0a7cf4ea5eb7893da637ed6bb0c9170c58065944c56e28a33?s=96&d=mm&r=g\",\"caption\":\"Gustavo Silva\"},\"url\":\"https:\\\/\\\/redenoticiaz.com.br\\\/litoralsp\\\/author\\\/gustavosilva\"}]}<\/script>\n<!-- \/ Yoast SEO plugin. -->","yoast_head_json":{"title":"V\u00cdDEO \u2013 Dois policiais s\u00e3o baleados em Santos - Litoral SP","description":"Dois policiais foram baleados na cidade de Santos durante a manh\u00e3 desta ter\u00e7a-feira (1) e os casos aconteceram em locais diferentes do munic\u00edpio.","robots":{"index":"index","follow":"follow","max-snippet":"max-snippet:-1","max-image-preview":"max-image-preview:large","max-video-preview":"max-video-preview:-1"},"canonical":"https:\/\/redenoticiaz.com.br\/litoralsp\/2023\/08\/01\/video-dois-policiais-sao-baleados-em-santos","og_locale":"pt_BR","og_type":"article","og_title":"V\u00cdDEO \u2013 Dois policiais s\u00e3o baleados em Santos - Litoral SP","og_description":"Dois policiais foram baleados na cidade de Santos durante a manh\u00e3 desta ter\u00e7a-feira (1) e os casos aconteceram em locais diferentes do munic\u00edpio.","og_url":"https:\/\/redenoticiaz.com.br\/litoralsp\/2023\/08\/01\/video-dois-policiais-sao-baleados-em-santos","og_site_name":"Litoral SP","article_published_time":"2023-08-01T16:10:33+00:00","article_modified_time":"2023-08-01T16:11:26+00:00","og_image":[{"width":648,"height":486,"url":"https:\/\/redenoticiaz.com.br\/litoralsp\/wp-content\/uploads\/sites\/3\/2023\/08\/ccc.jpg","type":"image\/jpeg"}],"author":"Gustavo Silva","twitter_card":"summary_large_image","twitter_misc":{"Escrito por":"Gustavo Silva","Est. tempo de leitura":"1 minuto"},"schema":{"@context":"https:\/\/schema.org","@graph":[{"@type":"Article","@id":"https:\/\/redenoticiaz.com.br\/litoralsp\/2023\/08\/01\/video-dois-policiais-sao-baleados-em-santos#article","isPartOf":{"@id":"https:\/\/redenoticiaz.com.br\/litoralsp\/2023\/08\/01\/video-dois-policiais-sao-baleados-em-santos"},"author":{"name":"Gustavo Silva","@id":"https:\/\/redenoticiaz.com.br\/litoralsp\/#\/schema\/person\/16057b37a3c0ee6b096d7f887c566e2e"},"headline":"V\u00cdDEO \u2013 Dois policiais s\u00e3o baleados em Santos","datePublished":"2023-08-01T16:10:33+00:00","dateModified":"2023-08-01T16:11:26+00:00","mainEntityOfPage":{"@id":"https:\/\/redenoticiaz.com.br\/litoralsp\/2023\/08\/01\/video-dois-policiais-sao-baleados-em-santos"},"wordCount":162,"commentCount":0,"publisher":{"@id":"https:\/\/redenoticiaz.com.br\/litoralsp\/#organization"},"image":{"@id":"https:\/\/redenoticiaz.com.br\/litoralsp\/2023\/08\/01\/video-dois-policiais-sao-baleados-em-santos#primaryimage"},"thumbnailUrl":"https:\/\/redenoticiaz.com.br\/litoralsp\/wp-content\/uploads\/sites\/3\/2023\/08\/ccc.jpg","keywords":["baleados","opera\u00e7\u00e3o escudo","PMS","Santos"],"articleSection":["Cidades","Guaruj\u00e1","Pol\u00edcia"],"inLanguage":"pt-BR","potentialAction":[{"@type":"CommentAction","name":"Comment","target":["https:\/\/redenoticiaz.com.br\/litoralsp\/2023\/08\/01\/video-dois-policiais-sao-baleados-em-santos#respond"]}]},{"@type":"WebPage","@id":"https:\/\/redenoticiaz.com.br\/litoralsp\/2023\/08\/01\/video-dois-policiais-sao-baleados-em-santos","url":"https:\/\/redenoticiaz.com.br\/litoralsp\/2023\/08\/01\/video-dois-policiais-sao-baleados-em-santos","name":"V\u00cdDEO \u2013 Dois policiais s\u00e3o baleados em Santos - Litoral SP","isPartOf":{"@id":"https:\/\/redenoticiaz.com.br\/litoralsp\/#website"},"primaryImageOfPage":{"@id":"https:\/\/redenoticiaz.com.br\/litoralsp\/2023\/08\/01\/video-dois-policiais-sao-baleados-em-santos#primaryimage"},"image":{"@id":"https:\/\/redenoticiaz.com.br\/litoralsp\/2023\/08\/01\/video-dois-policiais-sao-baleados-em-santos#primaryimage"},"thumbnailUrl":"https:\/\/redenoticiaz.com.br\/litoralsp\/wp-content\/uploads\/sites\/3\/2023\/08\/ccc.jpg","datePublished":"2023-08-01T16:10:33+00:00","dateModified":"2023-08-01T16:11:26+00:00","description":"Dois policiais foram baleados na cidade de Santos durante a manh\u00e3 desta ter\u00e7a-feira (1) e os casos aconteceram em locais diferentes do munic\u00edpio.","inLanguage":"pt-BR","potentialAction":[{"@type":"ReadAction","target":["https:\/\/redenoticiaz.com.br\/litoralsp\/2023\/08\/01\/video-dois-policiais-sao-baleados-em-santos"]}]},{"@type":"ImageObject","inLanguage":"pt-BR","@id":"https:\/\/redenoticiaz.com.br\/litoralsp\/2023\/08\/01\/video-dois-policiais-sao-baleados-em-santos#primaryimage","url":"https:\/\/redenoticiaz.com.br\/litoralsp\/wp-content\/uploads\/sites\/3\/2023\/08\/ccc.jpg","contentUrl":"https:\/\/redenoticiaz.com.br\/litoralsp\/wp-content\/uploads\/sites\/3\/2023\/08\/ccc.jpg","width":648,"height":486,"caption":"Dois policiais s\u00e3o baleados em Santos"},{"@type":"WebSite","@id":"https:\/\/redenoticiaz.com.br\/litoralsp\/#website","url":"https:\/\/redenoticiaz.com.br\/litoralsp\/","name":"Litoral SP","description":"Rede NoticiaZ","publisher":{"@id":"https:\/\/redenoticiaz.com.br\/litoralsp\/#organization"},"potentialAction":[{"@type":"SearchAction","target":{"@type":"EntryPoint","urlTemplate":"https:\/\/redenoticiaz.com.br\/litoralsp\/?s={search_term_string}"},"query-input":{"@type":"PropertyValueSpecification","valueRequired":true,"valueName":"search_term_string"}}],"inLanguage":"pt-BR"},{"@type":"Organization","@id":"https:\/\/redenoticiaz.com.br\/litoralsp\/#organization","name":"Litoral SP","url":"https:\/\/redenoticiaz.com.br\/litoralsp\/","logo":{"@type":"ImageObject","inLanguage":"pt-BR","@id":"https:\/\/redenoticiaz.com.br\/litoralsp\/#\/schema\/logo\/image\/","url":"https:\/\/redenoticiaz.com.br\/litoralsp\/wp-content\/uploads\/sites\/3\/2020\/11\/logo.jpg","contentUrl":"https:\/\/redenoticiaz.com.br\/litoralsp\/wp-content\/uploads\/sites\/3\/2020\/11\/logo.jpg","width":400,"height":250,"caption":"Litoral SP"},"image":{"@id":"https:\/\/redenoticiaz.com.br\/litoralsp\/#\/schema\/logo\/image\/"}},{"@type":"Person","@id":"https:\/\/redenoticiaz.com.br\/litoralsp\/#\/schema\/person\/16057b37a3c0ee6b096d7f887c566e2e","name":"Gustavo Silva","image":{"@type":"ImageObject","inLanguage":"pt-BR","@id":"https:\/\/secure.gravatar.com\/avatar\/3ee4e82f93b26de0a7cf4ea5eb7893da637ed6bb0c9170c58065944c56e28a33?s=96&d=mm&r=g","url":"https:\/\/secure.gravatar.com\/avatar\/3ee4e82f93b26de0a7cf4ea5eb7893da637ed6bb0c9170c58065944c56e28a33?s=96&d=mm&r=g","contentUrl":"https:\/\/secure.gravatar.com\/avatar\/3ee4e82f93b26de0a7cf4ea5eb7893da637ed6bb0c9170c58065944c56e28a33?s=96&d=mm&r=g","caption":"Gustavo Silva"},"url":"https:\/\/redenoticiaz.com.br\/litoralsp\/author\/gustavosilva"}]}},"_links":{"self":[{"href":"https:\/\/redenoticiaz.com.br\/litoralsp\/wp-json\/wp\/v2\/posts\/108944","targetHints":{"allow":["GET"]}}],"collection":[{"href":"https:\/\/redenoticiaz.com.br\/litoralsp\/wp-json\/wp\/v2\/posts"}],"about":[{"href":"https:\/\/redenoticiaz.com.br\/litoralsp\/wp-json\/wp\/v2\/types\/post"}],"author":[{"embeddable":true,"href":"https:\/\/redenoticiaz.com.br\/litoralsp\/wp-json\/wp\/v2\/users\/12"}],"replies":[{"embeddable":true,"href":"https:\/\/redenoticiaz.com.br\/litoralsp\/wp-json\/wp\/v2\/comments?post=108944"}],"version-history":[{"count":2,"href":"https:\/\/redenoticiaz.com.br\/litoralsp\/wp-json\/wp\/v2\/posts\/108944\/revisions"}],"predecessor-version":[{"id":108949,"href":"https:\/\/redenoticiaz.com.br\/litoralsp\/wp-json\/wp\/v2\/posts\/108944\/revisions\/108949"}],"wp:featuredmedia":[{"embeddable":true,"href":"https:\/\/redenoticiaz.com.br\/litoralsp\/wp-json\/wp\/v2\/media\/108945"}],"wp:attachment":[{"href":"https:\/\/redenoticiaz.com.br\/litoralsp\/wp-json\/wp\/v2\/media?parent=108944"}],"wp:term":[{"taxonomy":"category","embeddable":true,"href":"https:\/\/redenoticiaz.com.br\/litoralsp\/wp-json\/wp\/v2\/categories?post=108944"},{"taxonomy":"post_tag","embeddable":true,"href":"https:\/\/redenoticiaz.com.br\/litoralsp\/wp-json\/wp\/v2\/tags?post=108944"}],"curies":[{"name":"wp","href":"https:\/\/api.w.org\/{rel}","templated":true}]}}