{"id":109068,"date":"2023-08-06T14:00:44","date_gmt":"2023-08-06T17:00:44","guid":{"rendered":"https:\/\/redenoticiaz.com.br\/litoralsp\/?p=109068"},"modified":"2023-08-03T20:03:24","modified_gmt":"2023-08-03T23:03:24","slug":"saiba-as-frutas-da-estacao-que-estao-mais-baratas-no-mes-de-agosto","status":"publish","type":"post","link":"https:\/\/redenoticiaz.com.br\/litoralsp\/2023\/08\/06\/saiba-as-frutas-da-estacao-que-estao-mais-baratas-no-mes-de-agosto","title":{"rendered":"Saiba as frutas da esta\u00e7\u00e3o que est\u00e3o mais baratas no m\u00eas de agosto"},"content":{"rendered":"<p><strong>Para os amantes de feiras, \u00e9 preciso sempre ficar ligado em quais as frutas da esta\u00e7\u00e3o<\/strong>. Assim, \u00e9 garantido um precinho, n\u00e3o \u00e9 mesmo? Ent\u00e3o saiba quais s\u00e3o os alimentos mais baratos de agosto.<\/p>\n<p data-gtm-vis-first-on-screen-104869357_94=\"3584\" data-gtm-vis-total-visible-time-104869357_94=\"100\" data-gtm-vis-has-fired-104869357_94=\"1\">Mas qual a diferen\u00e7a de consumir esses alimentos que estar\u00e3o mais baratos em agosto do que consumi-los em qualquer outra \u00e9poca? A resposta \u00e9 que, em seu per\u00edodo de colheita, esses alimentos est\u00e3o mais suculentos e, consequentemente, com sua totalidade de nutrientes.<\/p>\n<h3>Confira os alimentos mais baratos no m\u00eas de agosto<\/h3>\n<p>Algumas frutas que estavam em alta em julho continuam mais baratas esse m\u00eas. \u00c9 o caso do morango e do maracuj\u00e1. Outras que tamb\u00e9m estar\u00e3o mais acess\u00edveis \u00e9 a banana, o caju, a carambola, a laranja pera, a ma\u00e7\u00e3, o mam\u00e3o e a tangerina. Ou seja, hora de anotar para comprar em supermercados ou feiras!<\/p>\n<p><em><strong>LEIA MAIS<\/strong><\/em><br \/>\n<a href=\"https:\/\/redenoticiaz.com.br\/blog\/2023\/08\/03\/usuaria-de-drogas-e-encontrada-em-deposito-de-drogas-em-jundiai\">Usu\u00e1ria de drogas \u00e9 encontrada em dep\u00f3sito de drogas em Jundia\u00ed<\/a><\/p>\n","protected":false},"excerpt":{"rendered":"<p>Para os amantes de feiras, \u00e9 preciso sempre ficar ligado em quais as frutas da esta\u00e7\u00e3o. Assim, \u00e9 garantido um precinho, n\u00e3o \u00e9 mesmo? Ent\u00e3o saiba quais s\u00e3o os alimentos mais baratos de agosto. Mas qual a diferen\u00e7a de consumir esses alimentos que estar\u00e3o mais baratos em agosto do que consumi-los em qualquer outra \u00e9poca? &hellip;<\/p>\n","protected":false},"author":11,"featured_media":109069,"comment_status":"open","ping_status":"closed","sticky":false,"template":"","format":"standard","meta":{"footnotes":""},"categories":[23],"tags":[26166,66548,66549,66550],"class_list":["post-109068","post","type-post","status-publish","format-standard","has-post-thumbnail","hentry","category-saude","tag-alimentacao-saudavel","tag-frutas-baratas","tag-frutas-da-estacao","tag-mes-de-agosto"],"yoast_head":"<!-- This site is optimized with the Yoast SEO plugin v27.5 - https:\/\/yoast.com\/product\/yoast-seo-wordpress\/ -->\n<title>Saiba as frutas da esta\u00e7\u00e3o que est\u00e3o mais baratas no m\u00eas de agosto - Litoral SP<\/title>\n<meta name=\"description\" content=\"Para os amantes de feiras, \u00e9 preciso sempre ficar ligado em quais as frutas da esta\u00e7\u00e3o. Confira as frutas mais baratas do m\u00eas de agosto.\" \/>\n<meta name=\"robots\" content=\"index, follow, max-snippet:-1, max-image-preview:large, max-video-preview:-1\" \/>\n<link rel=\"canonical\" href=\"https:\/\/redenoticiaz.com.br\/litoralsp\/2023\/08\/06\/saiba-as-frutas-da-estacao-que-estao-mais-baratas-no-mes-de-agosto\" \/>\n<meta property=\"og:locale\" content=\"pt_BR\" \/>\n<meta property=\"og:type\" content=\"article\" \/>\n<meta property=\"og:title\" content=\"Saiba as frutas da esta\u00e7\u00e3o que est\u00e3o mais baratas no m\u00eas de agosto - Litoral SP\" \/>\n<meta property=\"og:description\" content=\"Para os amantes de feiras, \u00e9 preciso sempre ficar ligado em quais as frutas da esta\u00e7\u00e3o. Confira as frutas mais baratas do m\u00eas de agosto.\" \/>\n<meta property=\"og:url\" content=\"https:\/\/redenoticiaz.com.br\/litoralsp\/2023\/08\/06\/saiba-as-frutas-da-estacao-que-estao-mais-baratas-no-mes-de-agosto\" \/>\n<meta property=\"og:site_name\" content=\"Litoral SP\" \/>\n<meta property=\"article:published_time\" content=\"2023-08-06T17:00:44+00:00\" \/>\n<meta property=\"og:image\" content=\"https:\/\/redenoticiaz.com.br\/litoralsp\/wp-content\/uploads\/sites\/3\/2024\/02\/dec.jpg?v=1708119056\" \/>\n\t<meta property=\"og:image:width\" content=\"1640\" \/>\n\t<meta property=\"og:image:height\" content=\"924\" \/>\n\t<meta property=\"og:image:type\" content=\"image\/jpeg\" \/>\n<meta name=\"twitter:card\" content=\"summary_large_image\" \/>\n<meta name=\"twitter:image\" content=\"https:\/\/redenoticiaz.com.br\/litoralsp\/wp-content\/uploads\/sites\/3\/2024\/02\/dec.jpg?v=1708119056\" \/>\n<meta name=\"twitter:label1\" content=\"Escrito por\" \/>\n\t<meta name=\"twitter:data1\" content=\"\" \/>\n\t<meta name=\"twitter:label2\" content=\"Est. tempo de leitura\" \/>\n\t<meta name=\"twitter:data2\" content=\"1 minuto\" \/>\n<script type=\"application\/ld+json\" class=\"yoast-schema-graph\">{\"@context\":\"https:\\\/\\\/schema.org\",\"@graph\":[{\"@type\":\"Article\",\"@id\":\"https:\\\/\\\/redenoticiaz.com.br\\\/litoralsp\\\/2023\\\/08\\\/06\\\/saiba-as-frutas-da-estacao-que-estao-mais-baratas-no-mes-de-agosto#article\",\"isPartOf\":{\"@id\":\"https:\\\/\\\/redenoticiaz.com.br\\\/litoralsp\\\/2023\\\/08\\\/06\\\/saiba-as-frutas-da-estacao-que-estao-mais-baratas-no-mes-de-agosto\"},\"author\":{\"name\":\"\",\"@id\":\"\"},\"headline\":\"Saiba as frutas da esta\u00e7\u00e3o que est\u00e3o mais baratas no m\u00eas de agosto\",\"datePublished\":\"2023-08-06T17:00:44+00:00\",\"mainEntityOfPage\":{\"@id\":\"https:\\\/\\\/redenoticiaz.com.br\\\/litoralsp\\\/2023\\\/08\\\/06\\\/saiba-as-frutas-da-estacao-que-estao-mais-baratas-no-mes-de-agosto\"},\"wordCount\":178,\"commentCount\":0,\"publisher\":{\"@id\":\"https:\\\/\\\/redenoticiaz.com.br\\\/litoralsp\\\/#organization\"},\"image\":{\"@id\":\"https:\\\/\\\/redenoticiaz.com.br\\\/litoralsp\\\/2023\\\/08\\\/06\\\/saiba-as-frutas-da-estacao-que-estao-mais-baratas-no-mes-de-agosto#primaryimage\"},\"thumbnailUrl\":\"https:\\\/\\\/redenoticiaz.com.br\\\/litoralsp\\\/wp-content\\\/uploads\\\/sites\\\/3\\\/2023\\\/08\\\/feira-livre.jpeg?v=1691103738\",\"keywords\":[\"ALIMENTA\u00c7\u00c3O SAUD\u00c1VEL\",\"FRUTAS BARATAS\",\"FRUTAS DA ESTA\u00c7\u00c3O\",\"MES DE AGOSTO\"],\"articleSection\":[\"Sa\u00fade\"],\"inLanguage\":\"pt-BR\",\"potentialAction\":[{\"@type\":\"CommentAction\",\"name\":\"Comment\",\"target\":[\"https:\\\/\\\/redenoticiaz.com.br\\\/litoralsp\\\/2023\\\/08\\\/06\\\/saiba-as-frutas-da-estacao-que-estao-mais-baratas-no-mes-de-agosto#respond\"]}]},{\"@type\":\"WebPage\",\"@id\":\"https:\\\/\\\/redenoticiaz.com.br\\\/litoralsp\\\/2023\\\/08\\\/06\\\/saiba-as-frutas-da-estacao-que-estao-mais-baratas-no-mes-de-agosto\",\"url\":\"https:\\\/\\\/redenoticiaz.com.br\\\/litoralsp\\\/2023\\\/08\\\/06\\\/saiba-as-frutas-da-estacao-que-estao-mais-baratas-no-mes-de-agosto\",\"name\":\"Saiba as frutas da esta\u00e7\u00e3o que est\u00e3o mais baratas no m\u00eas de agosto - Litoral SP\",\"isPartOf\":{\"@id\":\"https:\\\/\\\/redenoticiaz.com.br\\\/litoralsp\\\/#website\"},\"primaryImageOfPage\":{\"@id\":\"https:\\\/\\\/redenoticiaz.com.br\\\/litoralsp\\\/2023\\\/08\\\/06\\\/saiba-as-frutas-da-estacao-que-estao-mais-baratas-no-mes-de-agosto#primaryimage\"},\"image\":{\"@id\":\"https:\\\/\\\/redenoticiaz.com.br\\\/litoralsp\\\/2023\\\/08\\\/06\\\/saiba-as-frutas-da-estacao-que-estao-mais-baratas-no-mes-de-agosto#primaryimage\"},\"thumbnailUrl\":\"https:\\\/\\\/redenoticiaz.com.br\\\/litoralsp\\\/wp-content\\\/uploads\\\/sites\\\/3\\\/2023\\\/08\\\/feira-livre.jpeg?v=1691103738\",\"datePublished\":\"2023-08-06T17:00:44+00:00\",\"description\":\"Para os amantes de feiras, \u00e9 preciso sempre ficar ligado em quais as frutas da esta\u00e7\u00e3o. Confira as frutas mais baratas do m\u00eas de agosto.\",\"inLanguage\":\"pt-BR\",\"potentialAction\":[{\"@type\":\"ReadAction\",\"target\":[\"https:\\\/\\\/redenoticiaz.com.br\\\/litoralsp\\\/2023\\\/08\\\/06\\\/saiba-as-frutas-da-estacao-que-estao-mais-baratas-no-mes-de-agosto\"]}]},{\"@type\":\"ImageObject\",\"inLanguage\":\"pt-BR\",\"@id\":\"https:\\\/\\\/redenoticiaz.com.br\\\/litoralsp\\\/2023\\\/08\\\/06\\\/saiba-as-frutas-da-estacao-que-estao-mais-baratas-no-mes-de-agosto#primaryimage\",\"url\":\"https:\\\/\\\/redenoticiaz.com.br\\\/litoralsp\\\/wp-content\\\/uploads\\\/sites\\\/3\\\/2023\\\/08\\\/feira-livre.jpeg?v=1691103738\",\"contentUrl\":\"https:\\\/\\\/redenoticiaz.com.br\\\/litoralsp\\\/wp-content\\\/uploads\\\/sites\\\/3\\\/2023\\\/08\\\/feira-livre.jpeg?v=1691103738\",\"width\":970,\"height\":459,\"caption\":\"Foto: Divulga\u00e7\u00e3o\"},{\"@type\":\"WebSite\",\"@id\":\"https:\\\/\\\/redenoticiaz.com.br\\\/litoralsp\\\/#website\",\"url\":\"https:\\\/\\\/redenoticiaz.com.br\\\/litoralsp\\\/\",\"name\":\"Litoral SP\",\"description\":\"Rede NoticiaZ\",\"publisher\":{\"@id\":\"https:\\\/\\\/redenoticiaz.com.br\\\/litoralsp\\\/#organization\"},\"potentialAction\":[{\"@type\":\"SearchAction\",\"target\":{\"@type\":\"EntryPoint\",\"urlTemplate\":\"https:\\\/\\\/redenoticiaz.com.br\\\/litoralsp\\\/?s={search_term_string}\"},\"query-input\":{\"@type\":\"PropertyValueSpecification\",\"valueRequired\":true,\"valueName\":\"search_term_string\"}}],\"inLanguage\":\"pt-BR\"},{\"@type\":\"Organization\",\"@id\":\"https:\\\/\\\/redenoticiaz.com.br\\\/litoralsp\\\/#organization\",\"name\":\"Litoral SP\",\"url\":\"https:\\\/\\\/redenoticiaz.com.br\\\/litoralsp\\\/\",\"logo\":{\"@type\":\"ImageObject\",\"inLanguage\":\"pt-BR\",\"@id\":\"https:\\\/\\\/redenoticiaz.com.br\\\/litoralsp\\\/#\\\/schema\\\/logo\\\/image\\\/\",\"url\":\"https:\\\/\\\/redenoticiaz.com.br\\\/litoralsp\\\/wp-content\\\/uploads\\\/sites\\\/3\\\/2020\\\/11\\\/logo.jpg\",\"contentUrl\":\"https:\\\/\\\/redenoticiaz.com.br\\\/litoralsp\\\/wp-content\\\/uploads\\\/sites\\\/3\\\/2020\\\/11\\\/logo.jpg\",\"width\":400,\"height\":250,\"caption\":\"Litoral SP\"},\"image\":{\"@id\":\"https:\\\/\\\/redenoticiaz.com.br\\\/litoralsp\\\/#\\\/schema\\\/logo\\\/image\\\/\"}},{\"@type\":\"Person\",\"@id\":\"\",\"url\":\"https:\\\/\\\/redenoticiaz.com.br\\\/litoralsp\\\/author\"}]}<\/script>\n<!-- \/ Yoast SEO plugin. -->","yoast_head_json":{"title":"Saiba as frutas da esta\u00e7\u00e3o que est\u00e3o mais baratas no m\u00eas de agosto - Litoral SP","description":"Para os amantes de feiras, \u00e9 preciso sempre ficar ligado em quais as frutas da esta\u00e7\u00e3o. Confira as frutas mais baratas do m\u00eas de agosto.","robots":{"index":"index","follow":"follow","max-snippet":"max-snippet:-1","max-image-preview":"max-image-preview:large","max-video-preview":"max-video-preview:-1"},"canonical":"https:\/\/redenoticiaz.com.br\/litoralsp\/2023\/08\/06\/saiba-as-frutas-da-estacao-que-estao-mais-baratas-no-mes-de-agosto","og_locale":"pt_BR","og_type":"article","og_title":"Saiba as frutas da esta\u00e7\u00e3o que est\u00e3o mais baratas no m\u00eas de agosto - Litoral SP","og_description":"Para os amantes de feiras, \u00e9 preciso sempre ficar ligado em quais as frutas da esta\u00e7\u00e3o. Confira as frutas mais baratas do m\u00eas de agosto.","og_url":"https:\/\/redenoticiaz.com.br\/litoralsp\/2023\/08\/06\/saiba-as-frutas-da-estacao-que-estao-mais-baratas-no-mes-de-agosto","og_site_name":"Litoral SP","article_published_time":"2023-08-06T17:00:44+00:00","og_image":[{"width":1640,"height":924,"url":"https:\/\/redenoticiaz.com.br\/litoralsp\/wp-content\/uploads\/sites\/3\/2024\/02\/dec.jpg?v=1708119056","type":"image\/jpeg"}],"twitter_card":"summary_large_image","twitter_image":"https:\/\/redenoticiaz.com.br\/litoralsp\/wp-content\/uploads\/sites\/3\/2024\/02\/dec.jpg?v=1708119056","twitter_misc":{"Escrito por":"","Est. tempo de leitura":"1 minuto"},"schema":{"@context":"https:\/\/schema.org","@graph":[{"@type":"Article","@id":"https:\/\/redenoticiaz.com.br\/litoralsp\/2023\/08\/06\/saiba-as-frutas-da-estacao-que-estao-mais-baratas-no-mes-de-agosto#article","isPartOf":{"@id":"https:\/\/redenoticiaz.com.br\/litoralsp\/2023\/08\/06\/saiba-as-frutas-da-estacao-que-estao-mais-baratas-no-mes-de-agosto"},"author":{"name":"","@id":""},"headline":"Saiba as frutas da esta\u00e7\u00e3o que est\u00e3o mais baratas no m\u00eas de agosto","datePublished":"2023-08-06T17:00:44+00:00","mainEntityOfPage":{"@id":"https:\/\/redenoticiaz.com.br\/litoralsp\/2023\/08\/06\/saiba-as-frutas-da-estacao-que-estao-mais-baratas-no-mes-de-agosto"},"wordCount":178,"commentCount":0,"publisher":{"@id":"https:\/\/redenoticiaz.com.br\/litoralsp\/#organization"},"image":{"@id":"https:\/\/redenoticiaz.com.br\/litoralsp\/2023\/08\/06\/saiba-as-frutas-da-estacao-que-estao-mais-baratas-no-mes-de-agosto#primaryimage"},"thumbnailUrl":"https:\/\/redenoticiaz.com.br\/litoralsp\/wp-content\/uploads\/sites\/3\/2023\/08\/feira-livre.jpeg?v=1691103738","keywords":["ALIMENTA\u00c7\u00c3O SAUD\u00c1VEL","FRUTAS BARATAS","FRUTAS DA ESTA\u00c7\u00c3O","MES DE AGOSTO"],"articleSection":["Sa\u00fade"],"inLanguage":"pt-BR","potentialAction":[{"@type":"CommentAction","name":"Comment","target":["https:\/\/redenoticiaz.com.br\/litoralsp\/2023\/08\/06\/saiba-as-frutas-da-estacao-que-estao-mais-baratas-no-mes-de-agosto#respond"]}]},{"@type":"WebPage","@id":"https:\/\/redenoticiaz.com.br\/litoralsp\/2023\/08\/06\/saiba-as-frutas-da-estacao-que-estao-mais-baratas-no-mes-de-agosto","url":"https:\/\/redenoticiaz.com.br\/litoralsp\/2023\/08\/06\/saiba-as-frutas-da-estacao-que-estao-mais-baratas-no-mes-de-agosto","name":"Saiba as frutas da esta\u00e7\u00e3o que est\u00e3o mais baratas no m\u00eas de agosto - Litoral SP","isPartOf":{"@id":"https:\/\/redenoticiaz.com.br\/litoralsp\/#website"},"primaryImageOfPage":{"@id":"https:\/\/redenoticiaz.com.br\/litoralsp\/2023\/08\/06\/saiba-as-frutas-da-estacao-que-estao-mais-baratas-no-mes-de-agosto#primaryimage"},"image":{"@id":"https:\/\/redenoticiaz.com.br\/litoralsp\/2023\/08\/06\/saiba-as-frutas-da-estacao-que-estao-mais-baratas-no-mes-de-agosto#primaryimage"},"thumbnailUrl":"https:\/\/redenoticiaz.com.br\/litoralsp\/wp-content\/uploads\/sites\/3\/2023\/08\/feira-livre.jpeg?v=1691103738","datePublished":"2023-08-06T17:00:44+00:00","description":"Para os amantes de feiras, \u00e9 preciso sempre ficar ligado em quais as frutas da esta\u00e7\u00e3o. Confira as frutas mais baratas do m\u00eas de agosto.","inLanguage":"pt-BR","potentialAction":[{"@type":"ReadAction","target":["https:\/\/redenoticiaz.com.br\/litoralsp\/2023\/08\/06\/saiba-as-frutas-da-estacao-que-estao-mais-baratas-no-mes-de-agosto"]}]},{"@type":"ImageObject","inLanguage":"pt-BR","@id":"https:\/\/redenoticiaz.com.br\/litoralsp\/2023\/08\/06\/saiba-as-frutas-da-estacao-que-estao-mais-baratas-no-mes-de-agosto#primaryimage","url":"https:\/\/redenoticiaz.com.br\/litoralsp\/wp-content\/uploads\/sites\/3\/2023\/08\/feira-livre.jpeg?v=1691103738","contentUrl":"https:\/\/redenoticiaz.com.br\/litoralsp\/wp-content\/uploads\/sites\/3\/2023\/08\/feira-livre.jpeg?v=1691103738","width":970,"height":459,"caption":"Foto: Divulga\u00e7\u00e3o"},{"@type":"WebSite","@id":"https:\/\/redenoticiaz.com.br\/litoralsp\/#website","url":"https:\/\/redenoticiaz.com.br\/litoralsp\/","name":"Litoral SP","description":"Rede NoticiaZ","publisher":{"@id":"https:\/\/redenoticiaz.com.br\/litoralsp\/#organization"},"potentialAction":[{"@type":"SearchAction","target":{"@type":"EntryPoint","urlTemplate":"https:\/\/redenoticiaz.com.br\/litoralsp\/?s={search_term_string}"},"query-input":{"@type":"PropertyValueSpecification","valueRequired":true,"valueName":"search_term_string"}}],"inLanguage":"pt-BR"},{"@type":"Organization","@id":"https:\/\/redenoticiaz.com.br\/litoralsp\/#organization","name":"Litoral SP","url":"https:\/\/redenoticiaz.com.br\/litoralsp\/","logo":{"@type":"ImageObject","inLanguage":"pt-BR","@id":"https:\/\/redenoticiaz.com.br\/litoralsp\/#\/schema\/logo\/image\/","url":"https:\/\/redenoticiaz.com.br\/litoralsp\/wp-content\/uploads\/sites\/3\/2020\/11\/logo.jpg","contentUrl":"https:\/\/redenoticiaz.com.br\/litoralsp\/wp-content\/uploads\/sites\/3\/2020\/11\/logo.jpg","width":400,"height":250,"caption":"Litoral SP"},"image":{"@id":"https:\/\/redenoticiaz.com.br\/litoralsp\/#\/schema\/logo\/image\/"}},{"@type":"Person","@id":"","url":"https:\/\/redenoticiaz.com.br\/litoralsp\/author"}]}},"_links":{"self":[{"href":"https:\/\/redenoticiaz.com.br\/litoralsp\/wp-json\/wp\/v2\/posts\/109068","targetHints":{"allow":["GET"]}}],"collection":[{"href":"https:\/\/redenoticiaz.com.br\/litoralsp\/wp-json\/wp\/v2\/posts"}],"about":[{"href":"https:\/\/redenoticiaz.com.br\/litoralsp\/wp-json\/wp\/v2\/types\/post"}],"author":[{"embeddable":true,"href":"https:\/\/redenoticiaz.com.br\/litoralsp\/wp-json\/wp\/v2\/users\/11"}],"replies":[{"embeddable":true,"href":"https:\/\/redenoticiaz.com.br\/litoralsp\/wp-json\/wp\/v2\/comments?post=109068"}],"version-history":[{"count":0,"href":"https:\/\/redenoticiaz.com.br\/litoralsp\/wp-json\/wp\/v2\/posts\/109068\/revisions"}],"wp:featuredmedia":[{"embeddable":true,"href":"https:\/\/redenoticiaz.com.br\/litoralsp\/wp-json\/wp\/v2\/media\/109069"}],"wp:attachment":[{"href":"https:\/\/redenoticiaz.com.br\/litoralsp\/wp-json\/wp\/v2\/media?parent=109068"}],"wp:term":[{"taxonomy":"category","embeddable":true,"href":"https:\/\/redenoticiaz.com.br\/litoralsp\/wp-json\/wp\/v2\/categories?post=109068"},{"taxonomy":"post_tag","embeddable":true,"href":"https:\/\/redenoticiaz.com.br\/litoralsp\/wp-json\/wp\/v2\/tags?post=109068"}],"curies":[{"name":"wp","href":"https:\/\/api.w.org\/{rel}","templated":true}]}}