{"id":109099,"date":"2023-08-06T16:00:09","date_gmt":"2023-08-06T19:00:09","guid":{"rendered":"https:\/\/redenoticiaz.com.br\/litoralsp\/?p=109099"},"modified":"2023-08-04T12:51:25","modified_gmt":"2023-08-04T15:51:25","slug":"chevalier-conheca-mais-sobre-o-primeiro-violinista-negro-confira-o-trailer","status":"publish","type":"post","link":"https:\/\/redenoticiaz.com.br\/litoralsp\/2023\/08\/06\/chevalier-conheca-mais-sobre-o-primeiro-violinista-negro-confira-o-trailer","title":{"rendered":"Chevalier \u2013 Conhe\u00e7a mais sobre o primeiro violinista negro; confira o trailer"},"content":{"rendered":"<p class=\"v1xmsonospacing\">Nome de extrema importante, que teve sua hist\u00f3ria apagada. Estamos falando do ic\u00f4nico violinista Chevalier de Saint-Georges, que por conta de seu tom de pele, n\u00e3o foi devidamente reconhecido na ind\u00fastria musical.<\/p>\n<p class=\"v1xmsonospacing\">Agora, esta hist\u00f3ria \u00e9 contada no filme exclusivo do Star+,\u00a0<b><i>Chevalier: A Verdadeira Hist\u00f3ria Nunca Contada<\/i><\/b>, j\u00e1 dispon\u00edvel na plataforma e que apresenta Joseph Bologne, o primeiro m\u00fasico negro a receber aclama\u00e7\u00e3o da cr\u00edtica na Europa no s\u00e9culo XVIII, desafiando as expectativas sociais ao se tornar um renomado violinista, compositor e esgrimista.<\/p>\n<p class=\"v1xmsonospacing\">Com dire\u00e7\u00e3o de Stephen Williams e roteiro de Stefani Robinson, a nova produ\u00e7\u00e3o conta com um elenco de sucesso, com nomes como Kelvin Harrison Jr., Samara Weaving, Lucy Boynton, Marton Csokas, Alex Fitzalan e Minnie Driver.<\/p>\n<p class=\"v1xmsonospacing\">Ficou curioso para saber mais sobre a hist\u00f3ria de Chevalier de Saint-Georges? A gente te conta abaixo, mas corre para assistir ao longa exclusivamente no Star+.<\/p>\n<p><iframe loading=\"lazy\" title=\"Chevalier: A Verdadeira Hist\u00f3ria Nunca Contada | Trailer Oficial Legendado\" width=\"500\" height=\"281\" src=\"https:\/\/www.youtube.com\/embed\/5GB-yrKovFo?feature=oembed\" frameborder=\"0\" allow=\"accelerometer; autoplay; clipboard-write; encrypted-media; gyroscope; picture-in-picture; web-share\" referrerpolicy=\"strict-origin-when-cross-origin\" allowfullscreen><\/iframe><\/p>\n<p class=\"v1xmsonospacing\"><b>Salut, Chevalier!<\/b><\/p>\n<p><img loading=\"lazy\" decoding=\"async\" class=\"alignnone size-medium wp-image-109103\" src=\"https:\/\/redenoticiaz.com.br\/litoralsp\/wp-content\/uploads\/sites\/3\/2023\/08\/1CHEVALIER-390x220.jpg\" alt=\"\" width=\"390\" height=\"220\" srcset=\"https:\/\/redenoticiaz.com.br\/litoralsp\/wp-content\/uploads\/sites\/3\/2023\/08\/1CHEVALIER-390x220.jpg?v=1691163656 390w, https:\/\/redenoticiaz.com.br\/litoralsp\/wp-content\/uploads\/sites\/3\/2023\/08\/1CHEVALIER-300x170.jpg?v=1691163656 300w, https:\/\/redenoticiaz.com.br\/litoralsp\/wp-content\/uploads\/sites\/3\/2023\/08\/1CHEVALIER.jpg?v=1691163656 567w\" sizes=\"auto, (max-width: 390px) 100vw, 390px\" \/><\/p>\n<p class=\"v1xmsonospacing\">Filho de uma escrava africana e um fazendeiro franc\u00eas, Joseph Bologne nasceu em Guadalupe (Reino da Fran\u00e7a) em 15 de dezembro de 1745. Ainda crian\u00e7a, seu pai o levou para a Fran\u00e7a em busca de uma educa\u00e7\u00e3o melhor e desde cedo, Joseph se mostrou excepcional em tudo que se propunha, sendo conhecido por quebrar barreiras por ser um homem negro e se destacar em diversas \u00e1reas como arte, ci\u00eancias e esportes.<\/p>\n<p class=\"v1xmsonospacing\">Se formou em literatura e matem\u00e1tica, praticou hipismo e esgrima, e liderou o primeiro regimento totalmente negro da Fran\u00e7a, lutando na Revolu\u00e7\u00e3o Francesa. Mas o seu maior destaque sempre foi na m\u00fasica, sendo um dos primeiros grandes m\u00fasicos negros na Europa e, por isso, conhecido pejorativamente como \u2018Mozart negro\u2019.<\/p>\n<p class=\"v1xmsonospacing\">Com uma vida repleta de altos e baixos, Joseph desafiou as expectativas sociais e at\u00e9 mesmo chegou a ter uma rela\u00e7\u00e3o de amor e \u00f3dio com a rainha Maria Antonieta. Como o casamento inter-racial n\u00e3o era permitido na \u00e9poca, Chevalier nunca se casou e n\u00e3o teve herdeiros, falecendo aos 53 anos, em 1799, por conta de uma infec\u00e7\u00e3o na bexiga.<\/p>\n<p class=\"v1xmsonospacing\"><b>Os feitos e conquistas dignos de um nobre<\/b><\/p>\n<p><img loading=\"lazy\" decoding=\"async\" class=\"alignnone size-medium wp-image-109102\" src=\"https:\/\/redenoticiaz.com.br\/litoralsp\/wp-content\/uploads\/sites\/3\/2023\/08\/chevalier-3-390x220.jpg\" alt=\"\" width=\"390\" height=\"220\" srcset=\"https:\/\/redenoticiaz.com.br\/litoralsp\/wp-content\/uploads\/sites\/3\/2023\/08\/chevalier-3-390x220.jpg?v=1691163683 390w, https:\/\/redenoticiaz.com.br\/litoralsp\/wp-content\/uploads\/sites\/3\/2023\/08\/chevalier-3-300x170.jpg?v=1691163683 300w, https:\/\/redenoticiaz.com.br\/litoralsp\/wp-content\/uploads\/sites\/3\/2023\/08\/chevalier-3.jpg?v=1691163683 567w\" sizes=\"auto, (max-width: 390px) 100vw, 390px\" \/><\/p>\n<p class=\"v1xmsonospacing\">Ap\u00f3s ingressar na\u00a0<i>Tessier de La Bo\u00ebssi\u00e8re\u2019s &#8211; Acad\u00e9mie royale polythechnique de armes et de l&#8217;\u00e9quitation<\/i>\u00a0(Academia real polit\u00e9cnica das armas e equita\u00e7\u00e3o), Joseph se destacou como um dos melhores da escola e, com apenas 15 anos, era considerado o melhor espadachim, chegando a vencer Alexandre Picard, um mestre em esgrima famoso da \u00e9poca. Durante sua gradua\u00e7\u00e3o na Academia, ele foi nomeado por Maria Antonieta oficial do guarda costas do rei, ficando conhecido como Chevalier de Saint-Georges (sufixo que adotou de seu pai &#8211; George de Bolonha Saint-George).<\/p>\n<p class=\"v1xmsonospacing\">Como compositor, ele escreveu cerca de 25 concertos para violino, orquestra, quarteto de cordas e sonatas, al\u00e9m de ter escrito pelo menos cinco \u00f3peras, sendo pioneiro da M\u00fasica Barroca. Em 1769, Saint-George se juntou \u00e0 orquestra Le Concert des Amateurs, dirigida por Fran\u00e7ois-Joseph Gossec (famoso compositor franc\u00eas de \u00f3peras), como primeiro violinista. J\u00e1 em 1773, quando Gossec mudou para um cargo de dire\u00e7\u00e3o diferente, Joseph tornou-se diretor do grupo.<\/p>\n<p class=\"v1xmsonospacing\">Entretanto, quando foi indicado para dirigir a \u00d3pera de Paris &#8211; institui\u00e7\u00e3o cultural mais importante do pa\u00eds naquela \u00e9poca &#8211; Bologne teve seu nome barrado pela rainha, que atendeu \u00e0 uma peti\u00e7\u00e3o dos m\u00fasicos da companhia, que se recusavam a \u201cse submeter \u00e0s ordens de algu\u00e9m como ele\u201d.<\/p>\n<p class=\"v1xmsonospacing\">Em 1789, como resultado direto da crise que a Fran\u00e7a vivia no final do s\u00e9culo XVIII, o povo se levantou numa rebeli\u00e3o violenta contra Maria Antonieta e \u00e0 monarquia, com Joseph Bologne liderando o primeiro regimento negro da Revolu\u00e7\u00e3o Francesa, que contava com mais de mil homens.<\/p>\n<p class=\"v1xmsonospacing\"><b>A destrui\u00e7\u00e3o e redescoberta de suas obras<\/b><\/p>\n<p><img loading=\"lazy\" decoding=\"async\" class=\"alignnone size-medium wp-image-109101\" src=\"https:\/\/redenoticiaz.com.br\/litoralsp\/wp-content\/uploads\/sites\/3\/2023\/08\/chevalier-2-300x171.jpg\" alt=\"\" width=\"300\" height=\"171\" srcset=\"https:\/\/redenoticiaz.com.br\/litoralsp\/wp-content\/uploads\/sites\/3\/2023\/08\/chevalier-2-300x171.jpg?v=1691163708 300w, https:\/\/redenoticiaz.com.br\/litoralsp\/wp-content\/uploads\/sites\/3\/2023\/08\/chevalier-2.jpg?v=1691163708 566w\" sizes=\"auto, (max-width: 300px) 100vw, 300px\" \/><\/p>\n<p class=\"v1xmsonospacing\">Ap\u00f3s a Revolu\u00e7\u00e3o Francesa, em 1802, Napole\u00e3o Bonaparte restabeleceu a escravid\u00e3o em col\u00f4nias francesas. A pr\u00e1tica de ter escravos havia sido abolida a menos de dez anos antes do Imperador revogar a lei e, com isso, ele ordenou a aniquila\u00e7\u00e3o da hist\u00f3ria de pessoas como Joseph, que teve muito de sua obra proibida, destru\u00edda e esquecida.<\/p>\n<p class=\"v1xmsonospacing\">Com o tempo, historiadores e m\u00fasicos come\u00e7aram a redescobrir a vida e m\u00fasica de Chevalier, e hoje ele \u00e9 reconhecido como um dos primeiros compositores cl\u00e1ssicos negros, sendo considerado tamb\u00e9m um violinista virtuoso de destaque.<\/p>\n<p class=\"v1xmsonospacing\">Conhe\u00e7a mais sobre a hist\u00f3ria de Chevalier de Saint-Georges em\u00a0<b><i>Chevalier: A Verdadeira Hist\u00f3ria Nunca Contada,\u00a0<\/i><\/b>filme dispon\u00edvel exclusivamente no Star+.<\/p>\n","protected":false},"excerpt":{"rendered":"<p>Nome de extrema importante, que teve sua hist\u00f3ria apagada. Estamos falando do ic\u00f4nico violinista Chevalier de Saint-Georges, que por conta de seu tom de pele, n\u00e3o foi devidamente reconhecido na ind\u00fastria musical. Agora, esta hist\u00f3ria \u00e9 contada no filme exclusivo do Star+,\u00a0Chevalier: A Verdadeira Hist\u00f3ria Nunca Contada, j\u00e1 dispon\u00edvel na plataforma e que apresenta Joseph &hellip;<\/p>\n","protected":false},"author":30,"featured_media":109100,"comment_status":"open","ping_status":"closed","sticky":false,"template":"","format":"standard","meta":{"footnotes":""},"categories":[62064],"tags":[66564,8352,56812,53805,59048],"class_list":["post-109099","post","type-post","status-publish","format-standard","has-post-thumbnail","hentry","category-cameraz","tag-chevalier","tag-historia","tag-star","tag-trailer","tag-violinista"],"yoast_head":"<!-- This site is optimized with the Yoast SEO plugin v27.5 - https:\/\/yoast.com\/product\/yoast-seo-wordpress\/ -->\n<title>Chevalier \u2013 Conhe\u00e7a mais sobre o primeiro violinista negro; confira o trailer - Litoral SP<\/title>\n<meta name=\"description\" content=\"Nome de extrema importante, que teve sua hist\u00f3ria apagada. Estamos falando do ic\u00f4nico violinista Chevalier de Saint-Georges,\" \/>\n<meta name=\"robots\" content=\"index, follow, max-snippet:-1, max-image-preview:large, max-video-preview:-1\" \/>\n<link rel=\"canonical\" href=\"https:\/\/redenoticiaz.com.br\/litoralsp\/2023\/08\/06\/chevalier-conheca-mais-sobre-o-primeiro-violinista-negro-confira-o-trailer\" \/>\n<meta property=\"og:locale\" content=\"pt_BR\" \/>\n<meta property=\"og:type\" content=\"article\" \/>\n<meta property=\"og:title\" content=\"Chevalier \u2013 Conhe\u00e7a mais sobre o primeiro violinista negro; confira o trailer - Litoral SP\" \/>\n<meta property=\"og:description\" content=\"Nome de extrema importante, que teve sua hist\u00f3ria apagada. Estamos falando do ic\u00f4nico violinista Chevalier de Saint-Georges,\" \/>\n<meta property=\"og:url\" content=\"https:\/\/redenoticiaz.com.br\/litoralsp\/2023\/08\/06\/chevalier-conheca-mais-sobre-o-primeiro-violinista-negro-confira-o-trailer\" \/>\n<meta property=\"og:site_name\" content=\"Litoral SP\" \/>\n<meta property=\"article:published_time\" content=\"2023-08-06T19:00:09+00:00\" \/>\n<meta property=\"og:image\" content=\"https:\/\/redenoticiaz.com.br\/litoralsp\/wp-content\/uploads\/sites\/3\/2023\/08\/chevailer.jpg?v=1691163792\" \/>\n\t<meta property=\"og:image:width\" content=\"545\" \/>\n\t<meta property=\"og:image:height\" content=\"321\" \/>\n\t<meta property=\"og:image:type\" content=\"image\/jpeg\" \/>\n<meta name=\"author\" content=\"Carina Reifonas\" \/>\n<meta name=\"twitter:card\" content=\"summary_large_image\" \/>\n<meta name=\"twitter:label1\" content=\"Escrito por\" \/>\n\t<meta name=\"twitter:data1\" content=\"Carina Reifonas\" \/>\n\t<meta name=\"twitter:label2\" content=\"Est. tempo de leitura\" \/>\n\t<meta name=\"twitter:data2\" content=\"5 minutos\" \/>\n<script type=\"application\/ld+json\" class=\"yoast-schema-graph\">{\"@context\":\"https:\\\/\\\/schema.org\",\"@graph\":[{\"@type\":\"Article\",\"@id\":\"https:\\\/\\\/redenoticiaz.com.br\\\/litoralsp\\\/2023\\\/08\\\/06\\\/chevalier-conheca-mais-sobre-o-primeiro-violinista-negro-confira-o-trailer#article\",\"isPartOf\":{\"@id\":\"https:\\\/\\\/redenoticiaz.com.br\\\/litoralsp\\\/2023\\\/08\\\/06\\\/chevalier-conheca-mais-sobre-o-primeiro-violinista-negro-confira-o-trailer\"},\"author\":{\"name\":\"Carina Reifonas\",\"@id\":\"https:\\\/\\\/redenoticiaz.com.br\\\/litoralsp\\\/#\\\/schema\\\/person\\\/1f84d6e94e6a62d2d81199d7503e9e90\"},\"headline\":\"Chevalier \u2013 Conhe\u00e7a mais sobre o primeiro violinista negro; confira o trailer\",\"datePublished\":\"2023-08-06T19:00:09+00:00\",\"mainEntityOfPage\":{\"@id\":\"https:\\\/\\\/redenoticiaz.com.br\\\/litoralsp\\\/2023\\\/08\\\/06\\\/chevalier-conheca-mais-sobre-o-primeiro-violinista-negro-confira-o-trailer\"},\"wordCount\":784,\"commentCount\":0,\"publisher\":{\"@id\":\"https:\\\/\\\/redenoticiaz.com.br\\\/litoralsp\\\/#organization\"},\"image\":{\"@id\":\"https:\\\/\\\/redenoticiaz.com.br\\\/litoralsp\\\/2023\\\/08\\\/06\\\/chevalier-conheca-mais-sobre-o-primeiro-violinista-negro-confira-o-trailer#primaryimage\"},\"thumbnailUrl\":\"https:\\\/\\\/redenoticiaz.com.br\\\/litoralsp\\\/wp-content\\\/uploads\\\/sites\\\/3\\\/2023\\\/08\\\/chevailer.jpg?v=1691163792\",\"keywords\":[\"Chevalier\",\"HIST\u00d3RIA\",\"STAR+\",\"TRAILER\",\"VIOLINISTA\"],\"articleSection\":[\"C\u00e2mera Z\"],\"inLanguage\":\"pt-BR\",\"potentialAction\":[{\"@type\":\"CommentAction\",\"name\":\"Comment\",\"target\":[\"https:\\\/\\\/redenoticiaz.com.br\\\/litoralsp\\\/2023\\\/08\\\/06\\\/chevalier-conheca-mais-sobre-o-primeiro-violinista-negro-confira-o-trailer#respond\"]}]},{\"@type\":\"WebPage\",\"@id\":\"https:\\\/\\\/redenoticiaz.com.br\\\/litoralsp\\\/2023\\\/08\\\/06\\\/chevalier-conheca-mais-sobre-o-primeiro-violinista-negro-confira-o-trailer\",\"url\":\"https:\\\/\\\/redenoticiaz.com.br\\\/litoralsp\\\/2023\\\/08\\\/06\\\/chevalier-conheca-mais-sobre-o-primeiro-violinista-negro-confira-o-trailer\",\"name\":\"Chevalier \u2013 Conhe\u00e7a mais sobre o primeiro violinista negro; confira o trailer - Litoral SP\",\"isPartOf\":{\"@id\":\"https:\\\/\\\/redenoticiaz.com.br\\\/litoralsp\\\/#website\"},\"primaryImageOfPage\":{\"@id\":\"https:\\\/\\\/redenoticiaz.com.br\\\/litoralsp\\\/2023\\\/08\\\/06\\\/chevalier-conheca-mais-sobre-o-primeiro-violinista-negro-confira-o-trailer#primaryimage\"},\"image\":{\"@id\":\"https:\\\/\\\/redenoticiaz.com.br\\\/litoralsp\\\/2023\\\/08\\\/06\\\/chevalier-conheca-mais-sobre-o-primeiro-violinista-negro-confira-o-trailer#primaryimage\"},\"thumbnailUrl\":\"https:\\\/\\\/redenoticiaz.com.br\\\/litoralsp\\\/wp-content\\\/uploads\\\/sites\\\/3\\\/2023\\\/08\\\/chevailer.jpg?v=1691163792\",\"datePublished\":\"2023-08-06T19:00:09+00:00\",\"description\":\"Nome de extrema importante, que teve sua hist\u00f3ria apagada. Estamos falando do ic\u00f4nico violinista Chevalier de Saint-Georges,\",\"inLanguage\":\"pt-BR\",\"potentialAction\":[{\"@type\":\"ReadAction\",\"target\":[\"https:\\\/\\\/redenoticiaz.com.br\\\/litoralsp\\\/2023\\\/08\\\/06\\\/chevalier-conheca-mais-sobre-o-primeiro-violinista-negro-confira-o-trailer\"]}]},{\"@type\":\"ImageObject\",\"inLanguage\":\"pt-BR\",\"@id\":\"https:\\\/\\\/redenoticiaz.com.br\\\/litoralsp\\\/2023\\\/08\\\/06\\\/chevalier-conheca-mais-sobre-o-primeiro-violinista-negro-confira-o-trailer#primaryimage\",\"url\":\"https:\\\/\\\/redenoticiaz.com.br\\\/litoralsp\\\/wp-content\\\/uploads\\\/sites\\\/3\\\/2023\\\/08\\\/chevailer.jpg?v=1691163792\",\"contentUrl\":\"https:\\\/\\\/redenoticiaz.com.br\\\/litoralsp\\\/wp-content\\\/uploads\\\/sites\\\/3\\\/2023\\\/08\\\/chevailer.jpg?v=1691163792\",\"width\":545,\"height\":321,\"caption\":\"Filme sobre Chevalier. Cr\u00e9dito: Divulga\u00e7\u00e3o\\\/ Star+\"},{\"@type\":\"WebSite\",\"@id\":\"https:\\\/\\\/redenoticiaz.com.br\\\/litoralsp\\\/#website\",\"url\":\"https:\\\/\\\/redenoticiaz.com.br\\\/litoralsp\\\/\",\"name\":\"Litoral SP\",\"description\":\"Rede NoticiaZ\",\"publisher\":{\"@id\":\"https:\\\/\\\/redenoticiaz.com.br\\\/litoralsp\\\/#organization\"},\"potentialAction\":[{\"@type\":\"SearchAction\",\"target\":{\"@type\":\"EntryPoint\",\"urlTemplate\":\"https:\\\/\\\/redenoticiaz.com.br\\\/litoralsp\\\/?s={search_term_string}\"},\"query-input\":{\"@type\":\"PropertyValueSpecification\",\"valueRequired\":true,\"valueName\":\"search_term_string\"}}],\"inLanguage\":\"pt-BR\"},{\"@type\":\"Organization\",\"@id\":\"https:\\\/\\\/redenoticiaz.com.br\\\/litoralsp\\\/#organization\",\"name\":\"Litoral SP\",\"url\":\"https:\\\/\\\/redenoticiaz.com.br\\\/litoralsp\\\/\",\"logo\":{\"@type\":\"ImageObject\",\"inLanguage\":\"pt-BR\",\"@id\":\"https:\\\/\\\/redenoticiaz.com.br\\\/litoralsp\\\/#\\\/schema\\\/logo\\\/image\\\/\",\"url\":\"https:\\\/\\\/redenoticiaz.com.br\\\/litoralsp\\\/wp-content\\\/uploads\\\/sites\\\/3\\\/2020\\\/11\\\/logo.jpg\",\"contentUrl\":\"https:\\\/\\\/redenoticiaz.com.br\\\/litoralsp\\\/wp-content\\\/uploads\\\/sites\\\/3\\\/2020\\\/11\\\/logo.jpg\",\"width\":400,\"height\":250,\"caption\":\"Litoral SP\"},\"image\":{\"@id\":\"https:\\\/\\\/redenoticiaz.com.br\\\/litoralsp\\\/#\\\/schema\\\/logo\\\/image\\\/\"}},{\"@type\":\"Person\",\"@id\":\"https:\\\/\\\/redenoticiaz.com.br\\\/litoralsp\\\/#\\\/schema\\\/person\\\/1f84d6e94e6a62d2d81199d7503e9e90\",\"name\":\"Carina Reifonas\",\"image\":{\"@type\":\"ImageObject\",\"inLanguage\":\"pt-BR\",\"@id\":\"https:\\\/\\\/secure.gravatar.com\\\/avatar\\\/04c59859b23696cf867715880f81d5c037e60109730bdb4e6670ec2a2245bc97?s=96&d=mm&r=g\",\"url\":\"https:\\\/\\\/secure.gravatar.com\\\/avatar\\\/04c59859b23696cf867715880f81d5c037e60109730bdb4e6670ec2a2245bc97?s=96&d=mm&r=g\",\"contentUrl\":\"https:\\\/\\\/secure.gravatar.com\\\/avatar\\\/04c59859b23696cf867715880f81d5c037e60109730bdb4e6670ec2a2245bc97?s=96&d=mm&r=g\",\"caption\":\"Carina Reifonas\"},\"url\":\"https:\\\/\\\/redenoticiaz.com.br\\\/litoralsp\\\/author\\\/carinareifonas\"}]}<\/script>\n<!-- \/ Yoast SEO plugin. -->","yoast_head_json":{"title":"Chevalier \u2013 Conhe\u00e7a mais sobre o primeiro violinista negro; confira o trailer - Litoral SP","description":"Nome de extrema importante, que teve sua hist\u00f3ria apagada. Estamos falando do ic\u00f4nico violinista Chevalier de Saint-Georges,","robots":{"index":"index","follow":"follow","max-snippet":"max-snippet:-1","max-image-preview":"max-image-preview:large","max-video-preview":"max-video-preview:-1"},"canonical":"https:\/\/redenoticiaz.com.br\/litoralsp\/2023\/08\/06\/chevalier-conheca-mais-sobre-o-primeiro-violinista-negro-confira-o-trailer","og_locale":"pt_BR","og_type":"article","og_title":"Chevalier \u2013 Conhe\u00e7a mais sobre o primeiro violinista negro; confira o trailer - Litoral SP","og_description":"Nome de extrema importante, que teve sua hist\u00f3ria apagada. Estamos falando do ic\u00f4nico violinista Chevalier de Saint-Georges,","og_url":"https:\/\/redenoticiaz.com.br\/litoralsp\/2023\/08\/06\/chevalier-conheca-mais-sobre-o-primeiro-violinista-negro-confira-o-trailer","og_site_name":"Litoral SP","article_published_time":"2023-08-06T19:00:09+00:00","og_image":[{"width":545,"height":321,"url":"https:\/\/redenoticiaz.com.br\/litoralsp\/wp-content\/uploads\/sites\/3\/2023\/08\/chevailer.jpg?v=1691163792","type":"image\/jpeg"}],"author":"Carina Reifonas","twitter_card":"summary_large_image","twitter_misc":{"Escrito por":"Carina Reifonas","Est. tempo de leitura":"5 minutos"},"schema":{"@context":"https:\/\/schema.org","@graph":[{"@type":"Article","@id":"https:\/\/redenoticiaz.com.br\/litoralsp\/2023\/08\/06\/chevalier-conheca-mais-sobre-o-primeiro-violinista-negro-confira-o-trailer#article","isPartOf":{"@id":"https:\/\/redenoticiaz.com.br\/litoralsp\/2023\/08\/06\/chevalier-conheca-mais-sobre-o-primeiro-violinista-negro-confira-o-trailer"},"author":{"name":"Carina Reifonas","@id":"https:\/\/redenoticiaz.com.br\/litoralsp\/#\/schema\/person\/1f84d6e94e6a62d2d81199d7503e9e90"},"headline":"Chevalier \u2013 Conhe\u00e7a mais sobre o primeiro violinista negro; confira o trailer","datePublished":"2023-08-06T19:00:09+00:00","mainEntityOfPage":{"@id":"https:\/\/redenoticiaz.com.br\/litoralsp\/2023\/08\/06\/chevalier-conheca-mais-sobre-o-primeiro-violinista-negro-confira-o-trailer"},"wordCount":784,"commentCount":0,"publisher":{"@id":"https:\/\/redenoticiaz.com.br\/litoralsp\/#organization"},"image":{"@id":"https:\/\/redenoticiaz.com.br\/litoralsp\/2023\/08\/06\/chevalier-conheca-mais-sobre-o-primeiro-violinista-negro-confira-o-trailer#primaryimage"},"thumbnailUrl":"https:\/\/redenoticiaz.com.br\/litoralsp\/wp-content\/uploads\/sites\/3\/2023\/08\/chevailer.jpg?v=1691163792","keywords":["Chevalier","HIST\u00d3RIA","STAR+","TRAILER","VIOLINISTA"],"articleSection":["C\u00e2mera Z"],"inLanguage":"pt-BR","potentialAction":[{"@type":"CommentAction","name":"Comment","target":["https:\/\/redenoticiaz.com.br\/litoralsp\/2023\/08\/06\/chevalier-conheca-mais-sobre-o-primeiro-violinista-negro-confira-o-trailer#respond"]}]},{"@type":"WebPage","@id":"https:\/\/redenoticiaz.com.br\/litoralsp\/2023\/08\/06\/chevalier-conheca-mais-sobre-o-primeiro-violinista-negro-confira-o-trailer","url":"https:\/\/redenoticiaz.com.br\/litoralsp\/2023\/08\/06\/chevalier-conheca-mais-sobre-o-primeiro-violinista-negro-confira-o-trailer","name":"Chevalier \u2013 Conhe\u00e7a mais sobre o primeiro violinista negro; confira o trailer - Litoral SP","isPartOf":{"@id":"https:\/\/redenoticiaz.com.br\/litoralsp\/#website"},"primaryImageOfPage":{"@id":"https:\/\/redenoticiaz.com.br\/litoralsp\/2023\/08\/06\/chevalier-conheca-mais-sobre-o-primeiro-violinista-negro-confira-o-trailer#primaryimage"},"image":{"@id":"https:\/\/redenoticiaz.com.br\/litoralsp\/2023\/08\/06\/chevalier-conheca-mais-sobre-o-primeiro-violinista-negro-confira-o-trailer#primaryimage"},"thumbnailUrl":"https:\/\/redenoticiaz.com.br\/litoralsp\/wp-content\/uploads\/sites\/3\/2023\/08\/chevailer.jpg?v=1691163792","datePublished":"2023-08-06T19:00:09+00:00","description":"Nome de extrema importante, que teve sua hist\u00f3ria apagada. Estamos falando do ic\u00f4nico violinista Chevalier de Saint-Georges,","inLanguage":"pt-BR","potentialAction":[{"@type":"ReadAction","target":["https:\/\/redenoticiaz.com.br\/litoralsp\/2023\/08\/06\/chevalier-conheca-mais-sobre-o-primeiro-violinista-negro-confira-o-trailer"]}]},{"@type":"ImageObject","inLanguage":"pt-BR","@id":"https:\/\/redenoticiaz.com.br\/litoralsp\/2023\/08\/06\/chevalier-conheca-mais-sobre-o-primeiro-violinista-negro-confira-o-trailer#primaryimage","url":"https:\/\/redenoticiaz.com.br\/litoralsp\/wp-content\/uploads\/sites\/3\/2023\/08\/chevailer.jpg?v=1691163792","contentUrl":"https:\/\/redenoticiaz.com.br\/litoralsp\/wp-content\/uploads\/sites\/3\/2023\/08\/chevailer.jpg?v=1691163792","width":545,"height":321,"caption":"Filme sobre Chevalier. Cr\u00e9dito: Divulga\u00e7\u00e3o\/ Star+"},{"@type":"WebSite","@id":"https:\/\/redenoticiaz.com.br\/litoralsp\/#website","url":"https:\/\/redenoticiaz.com.br\/litoralsp\/","name":"Litoral SP","description":"Rede NoticiaZ","publisher":{"@id":"https:\/\/redenoticiaz.com.br\/litoralsp\/#organization"},"potentialAction":[{"@type":"SearchAction","target":{"@type":"EntryPoint","urlTemplate":"https:\/\/redenoticiaz.com.br\/litoralsp\/?s={search_term_string}"},"query-input":{"@type":"PropertyValueSpecification","valueRequired":true,"valueName":"search_term_string"}}],"inLanguage":"pt-BR"},{"@type":"Organization","@id":"https:\/\/redenoticiaz.com.br\/litoralsp\/#organization","name":"Litoral SP","url":"https:\/\/redenoticiaz.com.br\/litoralsp\/","logo":{"@type":"ImageObject","inLanguage":"pt-BR","@id":"https:\/\/redenoticiaz.com.br\/litoralsp\/#\/schema\/logo\/image\/","url":"https:\/\/redenoticiaz.com.br\/litoralsp\/wp-content\/uploads\/sites\/3\/2020\/11\/logo.jpg","contentUrl":"https:\/\/redenoticiaz.com.br\/litoralsp\/wp-content\/uploads\/sites\/3\/2020\/11\/logo.jpg","width":400,"height":250,"caption":"Litoral SP"},"image":{"@id":"https:\/\/redenoticiaz.com.br\/litoralsp\/#\/schema\/logo\/image\/"}},{"@type":"Person","@id":"https:\/\/redenoticiaz.com.br\/litoralsp\/#\/schema\/person\/1f84d6e94e6a62d2d81199d7503e9e90","name":"Carina Reifonas","image":{"@type":"ImageObject","inLanguage":"pt-BR","@id":"https:\/\/secure.gravatar.com\/avatar\/04c59859b23696cf867715880f81d5c037e60109730bdb4e6670ec2a2245bc97?s=96&d=mm&r=g","url":"https:\/\/secure.gravatar.com\/avatar\/04c59859b23696cf867715880f81d5c037e60109730bdb4e6670ec2a2245bc97?s=96&d=mm&r=g","contentUrl":"https:\/\/secure.gravatar.com\/avatar\/04c59859b23696cf867715880f81d5c037e60109730bdb4e6670ec2a2245bc97?s=96&d=mm&r=g","caption":"Carina Reifonas"},"url":"https:\/\/redenoticiaz.com.br\/litoralsp\/author\/carinareifonas"}]}},"_links":{"self":[{"href":"https:\/\/redenoticiaz.com.br\/litoralsp\/wp-json\/wp\/v2\/posts\/109099","targetHints":{"allow":["GET"]}}],"collection":[{"href":"https:\/\/redenoticiaz.com.br\/litoralsp\/wp-json\/wp\/v2\/posts"}],"about":[{"href":"https:\/\/redenoticiaz.com.br\/litoralsp\/wp-json\/wp\/v2\/types\/post"}],"author":[{"embeddable":true,"href":"https:\/\/redenoticiaz.com.br\/litoralsp\/wp-json\/wp\/v2\/users\/30"}],"replies":[{"embeddable":true,"href":"https:\/\/redenoticiaz.com.br\/litoralsp\/wp-json\/wp\/v2\/comments?post=109099"}],"version-history":[{"count":2,"href":"https:\/\/redenoticiaz.com.br\/litoralsp\/wp-json\/wp\/v2\/posts\/109099\/revisions"}],"predecessor-version":[{"id":109105,"href":"https:\/\/redenoticiaz.com.br\/litoralsp\/wp-json\/wp\/v2\/posts\/109099\/revisions\/109105"}],"wp:featuredmedia":[{"embeddable":true,"href":"https:\/\/redenoticiaz.com.br\/litoralsp\/wp-json\/wp\/v2\/media\/109100"}],"wp:attachment":[{"href":"https:\/\/redenoticiaz.com.br\/litoralsp\/wp-json\/wp\/v2\/media?parent=109099"}],"wp:term":[{"taxonomy":"category","embeddable":true,"href":"https:\/\/redenoticiaz.com.br\/litoralsp\/wp-json\/wp\/v2\/categories?post=109099"},{"taxonomy":"post_tag","embeddable":true,"href":"https:\/\/redenoticiaz.com.br\/litoralsp\/wp-json\/wp\/v2\/tags?post=109099"}],"curies":[{"name":"wp","href":"https:\/\/api.w.org\/{rel}","templated":true}]}}