{"id":109140,"date":"2023-08-06T14:26:33","date_gmt":"2023-08-06T17:26:33","guid":{"rendered":"https:\/\/redenoticiaz.com.br\/litoralsp\/?p=109140"},"modified":"2023-08-06T14:26:33","modified_gmt":"2023-08-06T17:26:33","slug":"carreta-que-transportava-gado-tombou-na-rodovia-rio-santos","status":"publish","type":"post","link":"https:\/\/redenoticiaz.com.br\/litoralsp\/2023\/08\/06\/carreta-que-transportava-gado-tombou-na-rodovia-rio-santos","title":{"rendered":"Carreta que transportava gado tombou na Rodovia Rio Santos"},"content":{"rendered":"<div class=\"Block__Component-sc-1uj1scg-0 bHcZsF\">\n<p class=\"styled__Paragraph-sc-fdx3oi-6 jDLBSn\"><strong>Uma carreta que transportava gado tombou em um trecho<\/strong> de <a href=\"http:\/\/saosebastiao.sp.gov.br\">S\u00e3o Sebasti\u00e3o<\/a> da rodovia Rio-Santos (SP-055), na madrugada desta s\u00e1bado. Cerca de dez animais fugiram e o motorista do caminh\u00e3o n\u00e3o se feriu.<\/p>\n<\/div>\n<div class=\"Block__Component-sc-1uj1scg-0 bHcZsF\">\n<p class=\"styled__Paragraph-sc-fdx3oi-6 jDLBSn\">At\u00e9 o final da manh\u00e3 deste domingo, o tr\u00e2nsito seguia em sistema pare e siga, em alguns momentos sendo necess\u00e1ria a interdi\u00e7\u00e3o total das duas vias, sem previs\u00e3o de libera\u00e7\u00e3o. A carreta, acrescentou o \u00f3rg\u00e3o, transportava cerca de 90 cabe\u00e7as de gado e tombou no trecho conhecido por &#8216;Serrinha da Enseada&#8217;, na regi\u00e3o norte da cidade.<\/p>\n<div class=\"Block__Component-sc-1uj1scg-0 bHcZsF\">\n<p class=\"styled__Paragraph-sc-fdx3oi-6 jDLBSn\">Al\u00e9m de equipes do Departamento de Tr\u00e2nsito, profissionais do Centro de Controle de Zoonoses (CCZ) foram ao local avaliar as condi\u00e7\u00f5es dos animais.<\/p>\n<\/div>\n<div class=\"Block__Component-sc-1uj1scg-0 bHcZsF\">\n<p class=\"styled__Paragraph-sc-fdx3oi-6 jDLBSn\">Os animais presos nos compartimentos de carga que sairam ilesos foram transferidos para outro caminh\u00e3o. Segundo o Departamento de Tr\u00e2nsito da cidade, um guincho deve realizar a remo\u00e7\u00e3o da carreta tombada.<\/p>\n<div class=\"Block__Component-sc-1uj1scg-0 bHcZsF\">\n<p class=\"styled__Paragraph-sc-fdx3oi-6 jDLBSn\">O ve\u00edculo transportava o gado do interior do Estado ao Porto de S\u00e3o Sebasti\u00e3o, para embarque com destino \u00e0 Turquia. Al\u00e9m do CCZ e Diretoria de Tr\u00e2nsito, trabalham na opera\u00e7\u00e3o a Pol\u00edcia Rodovi\u00e1ria, IBAMA, DER e Secretaria de Meio Ambiente de S\u00e3o Sebasti\u00e3o.<\/p>\n<\/div>\n<div class=\"Block__Component-sc-1uj1scg-0 eEcBwY\">\n<div class=\"Block__Component-sc-1uj1scg-0 ezcfuX\"><em><strong>LEIA MAIS<\/strong><\/em><br \/>\n<a href=\"https:\/\/redenoticiaz.com.br\/litoralsp\/2023\/08\/06\/saiba-as-frutas-da-estacao-que-estao-mais-baratas-no-mes-de-agosto\">Saiba as frutas da esta\u00e7\u00e3o que est\u00e3o mais baratas no m\u00eas de agosto<\/a><\/div>\n<\/div>\n<\/div>\n<\/div>\n","protected":false},"excerpt":{"rendered":"<p>Uma carreta que transportava gado tombou em um trecho de S\u00e3o Sebasti\u00e3o da rodovia Rio-Santos (SP-055), na madrugada desta s\u00e1bado. Cerca de dez animais fugiram e o motorista do caminh\u00e3o n\u00e3o se feriu. At\u00e9 o final da manh\u00e3 deste domingo, o tr\u00e2nsito seguia em sistema pare e siga, em alguns momentos sendo necess\u00e1ria a interdi\u00e7\u00e3o &hellip;<\/p>\n","protected":false},"author":11,"featured_media":109141,"comment_status":"open","ping_status":"closed","sticky":false,"template":"","format":"standard","meta":{"footnotes":""},"categories":[188,5],"tags":[23433,66572,6897,40346,91],"class_list":["post-109140","post","type-post","status-publish","format-standard","has-post-thumbnail","hentry","category-sao-sebastiao","category-transito","tag-carreta","tag-gado","tag-rio-santos","tag-tomba","tag-transporte"],"yoast_head":"<!-- This site is optimized with the Yoast SEO plugin v27.4 - https:\/\/yoast.com\/product\/yoast-seo-wordpress\/ -->\n<title>Carreta que transportava gado tombou na Rodovia Rio Santos - Litoral SP<\/title>\n<meta name=\"description\" content=\"Uma carreta que transportava gado tombou em um trecho de S\u00e3o Sebasti\u00e3o da rodovia Rio-Santos (SP-055), na madrugada desta s\u00e1bado.\" \/>\n<meta name=\"robots\" content=\"index, follow, max-snippet:-1, max-image-preview:large, max-video-preview:-1\" \/>\n<link rel=\"canonical\" href=\"https:\/\/redenoticiaz.com.br\/litoralsp\/2023\/08\/06\/carreta-que-transportava-gado-tombou-na-rodovia-rio-santos\" \/>\n<meta property=\"og:locale\" content=\"pt_BR\" \/>\n<meta property=\"og:type\" content=\"article\" \/>\n<meta property=\"og:title\" content=\"Carreta que transportava gado tombou na Rodovia Rio Santos - Litoral SP\" \/>\n<meta property=\"og:description\" content=\"Uma carreta que transportava gado tombou em um trecho de S\u00e3o Sebasti\u00e3o da rodovia Rio-Santos (SP-055), na madrugada desta s\u00e1bado.\" \/>\n<meta property=\"og:url\" content=\"https:\/\/redenoticiaz.com.br\/litoralsp\/2023\/08\/06\/carreta-que-transportava-gado-tombou-na-rodovia-rio-santos\" \/>\n<meta property=\"og:site_name\" content=\"Litoral SP\" \/>\n<meta property=\"article:published_time\" content=\"2023-08-06T17:26:33+00:00\" \/>\n<meta property=\"og:image\" content=\"https:\/\/redenoticiaz.com.br\/litoralsp\/wp-content\/uploads\/sites\/3\/2023\/08\/WhatsApp-Image-2023-08-06-at-14.24.59.jpeg\" \/>\n\t<meta property=\"og:image:width\" content=\"759\" \/>\n\t<meta property=\"og:image:height\" content=\"374\" \/>\n\t<meta property=\"og:image:type\" content=\"image\/jpeg\" \/>\n<meta name=\"twitter:card\" content=\"summary_large_image\" \/>\n<meta name=\"twitter:image\" content=\"https:\/\/redenoticiaz.com.br\/litoralsp\/wp-content\/uploads\/sites\/3\/2023\/08\/WhatsApp-Image-2023-08-06-at-14.24.59.jpeg\" \/>\n<meta name=\"twitter:label1\" content=\"Escrito por\" \/>\n\t<meta name=\"twitter:data1\" content=\"\" \/>\n\t<meta name=\"twitter:label2\" content=\"Est. tempo de leitura\" \/>\n\t<meta name=\"twitter:data2\" content=\"2 minutos\" \/>\n<script type=\"application\/ld+json\" class=\"yoast-schema-graph\">{\"@context\":\"https:\\\/\\\/schema.org\",\"@graph\":[{\"@type\":\"Article\",\"@id\":\"https:\\\/\\\/redenoticiaz.com.br\\\/litoralsp\\\/2023\\\/08\\\/06\\\/carreta-que-transportava-gado-tombou-na-rodovia-rio-santos#article\",\"isPartOf\":{\"@id\":\"https:\\\/\\\/redenoticiaz.com.br\\\/litoralsp\\\/2023\\\/08\\\/06\\\/carreta-que-transportava-gado-tombou-na-rodovia-rio-santos\"},\"author\":{\"name\":\"\",\"@id\":\"\"},\"headline\":\"Carreta que transportava gado tombou na Rodovia Rio Santos\",\"datePublished\":\"2023-08-06T17:26:33+00:00\",\"mainEntityOfPage\":{\"@id\":\"https:\\\/\\\/redenoticiaz.com.br\\\/litoralsp\\\/2023\\\/08\\\/06\\\/carreta-que-transportava-gado-tombou-na-rodovia-rio-santos\"},\"wordCount\":240,\"commentCount\":0,\"publisher\":{\"@id\":\"https:\\\/\\\/redenoticiaz.com.br\\\/litoralsp\\\/#organization\"},\"image\":{\"@id\":\"https:\\\/\\\/redenoticiaz.com.br\\\/litoralsp\\\/2023\\\/08\\\/06\\\/carreta-que-transportava-gado-tombou-na-rodovia-rio-santos#primaryimage\"},\"thumbnailUrl\":\"https:\\\/\\\/redenoticiaz.com.br\\\/litoralsp\\\/wp-content\\\/uploads\\\/sites\\\/3\\\/2023\\\/08\\\/WhatsApp-Image-2023-08-06-at-14.24.59.jpeg\",\"keywords\":[\"CARRETA\",\"GADO\",\"RIO-SANTOS\",\"TOMBA\",\"TRANSPORTE\"],\"articleSection\":[\"S\u00e3o Sebasti\u00e3o\",\"Tr\u00e2nsito\"],\"inLanguage\":\"pt-BR\",\"potentialAction\":[{\"@type\":\"CommentAction\",\"name\":\"Comment\",\"target\":[\"https:\\\/\\\/redenoticiaz.com.br\\\/litoralsp\\\/2023\\\/08\\\/06\\\/carreta-que-transportava-gado-tombou-na-rodovia-rio-santos#respond\"]}]},{\"@type\":\"WebPage\",\"@id\":\"https:\\\/\\\/redenoticiaz.com.br\\\/litoralsp\\\/2023\\\/08\\\/06\\\/carreta-que-transportava-gado-tombou-na-rodovia-rio-santos\",\"url\":\"https:\\\/\\\/redenoticiaz.com.br\\\/litoralsp\\\/2023\\\/08\\\/06\\\/carreta-que-transportava-gado-tombou-na-rodovia-rio-santos\",\"name\":\"Carreta que transportava gado tombou na Rodovia Rio Santos - Litoral SP\",\"isPartOf\":{\"@id\":\"https:\\\/\\\/redenoticiaz.com.br\\\/litoralsp\\\/#website\"},\"primaryImageOfPage\":{\"@id\":\"https:\\\/\\\/redenoticiaz.com.br\\\/litoralsp\\\/2023\\\/08\\\/06\\\/carreta-que-transportava-gado-tombou-na-rodovia-rio-santos#primaryimage\"},\"image\":{\"@id\":\"https:\\\/\\\/redenoticiaz.com.br\\\/litoralsp\\\/2023\\\/08\\\/06\\\/carreta-que-transportava-gado-tombou-na-rodovia-rio-santos#primaryimage\"},\"thumbnailUrl\":\"https:\\\/\\\/redenoticiaz.com.br\\\/litoralsp\\\/wp-content\\\/uploads\\\/sites\\\/3\\\/2023\\\/08\\\/WhatsApp-Image-2023-08-06-at-14.24.59.jpeg\",\"datePublished\":\"2023-08-06T17:26:33+00:00\",\"description\":\"Uma carreta que transportava gado tombou em um trecho de S\u00e3o Sebasti\u00e3o da rodovia Rio-Santos (SP-055), na madrugada desta s\u00e1bado.\",\"inLanguage\":\"pt-BR\",\"potentialAction\":[{\"@type\":\"ReadAction\",\"target\":[\"https:\\\/\\\/redenoticiaz.com.br\\\/litoralsp\\\/2023\\\/08\\\/06\\\/carreta-que-transportava-gado-tombou-na-rodovia-rio-santos\"]}]},{\"@type\":\"ImageObject\",\"inLanguage\":\"pt-BR\",\"@id\":\"https:\\\/\\\/redenoticiaz.com.br\\\/litoralsp\\\/2023\\\/08\\\/06\\\/carreta-que-transportava-gado-tombou-na-rodovia-rio-santos#primaryimage\",\"url\":\"https:\\\/\\\/redenoticiaz.com.br\\\/litoralsp\\\/wp-content\\\/uploads\\\/sites\\\/3\\\/2023\\\/08\\\/WhatsApp-Image-2023-08-06-at-14.24.59.jpeg\",\"contentUrl\":\"https:\\\/\\\/redenoticiaz.com.br\\\/litoralsp\\\/wp-content\\\/uploads\\\/sites\\\/3\\\/2023\\\/08\\\/WhatsApp-Image-2023-08-06-at-14.24.59.jpeg\",\"width\":759,\"height\":374,\"caption\":\"Foto: Divulga\u00e7\u00e3o\"},{\"@type\":\"WebSite\",\"@id\":\"https:\\\/\\\/redenoticiaz.com.br\\\/litoralsp\\\/#website\",\"url\":\"https:\\\/\\\/redenoticiaz.com.br\\\/litoralsp\\\/\",\"name\":\"Litoral SP\",\"description\":\"Rede NoticiaZ\",\"publisher\":{\"@id\":\"https:\\\/\\\/redenoticiaz.com.br\\\/litoralsp\\\/#organization\"},\"potentialAction\":[{\"@type\":\"SearchAction\",\"target\":{\"@type\":\"EntryPoint\",\"urlTemplate\":\"https:\\\/\\\/redenoticiaz.com.br\\\/litoralsp\\\/?s={search_term_string}\"},\"query-input\":{\"@type\":\"PropertyValueSpecification\",\"valueRequired\":true,\"valueName\":\"search_term_string\"}}],\"inLanguage\":\"pt-BR\"},{\"@type\":\"Organization\",\"@id\":\"https:\\\/\\\/redenoticiaz.com.br\\\/litoralsp\\\/#organization\",\"name\":\"Litoral SP\",\"url\":\"https:\\\/\\\/redenoticiaz.com.br\\\/litoralsp\\\/\",\"logo\":{\"@type\":\"ImageObject\",\"inLanguage\":\"pt-BR\",\"@id\":\"https:\\\/\\\/redenoticiaz.com.br\\\/litoralsp\\\/#\\\/schema\\\/logo\\\/image\\\/\",\"url\":\"https:\\\/\\\/redenoticiaz.com.br\\\/litoralsp\\\/wp-content\\\/uploads\\\/sites\\\/3\\\/2020\\\/11\\\/logo.jpg\",\"contentUrl\":\"https:\\\/\\\/redenoticiaz.com.br\\\/litoralsp\\\/wp-content\\\/uploads\\\/sites\\\/3\\\/2020\\\/11\\\/logo.jpg\",\"width\":400,\"height\":250,\"caption\":\"Litoral SP\"},\"image\":{\"@id\":\"https:\\\/\\\/redenoticiaz.com.br\\\/litoralsp\\\/#\\\/schema\\\/logo\\\/image\\\/\"}},{\"@type\":\"Person\",\"@id\":\"\",\"url\":\"https:\\\/\\\/redenoticiaz.com.br\\\/litoralsp\\\/author\"}]}<\/script>\n<!-- \/ Yoast SEO plugin. -->","yoast_head_json":{"title":"Carreta que transportava gado tombou na Rodovia Rio Santos - Litoral SP","description":"Uma carreta que transportava gado tombou em um trecho de S\u00e3o Sebasti\u00e3o da rodovia Rio-Santos (SP-055), na madrugada desta s\u00e1bado.","robots":{"index":"index","follow":"follow","max-snippet":"max-snippet:-1","max-image-preview":"max-image-preview:large","max-video-preview":"max-video-preview:-1"},"canonical":"https:\/\/redenoticiaz.com.br\/litoralsp\/2023\/08\/06\/carreta-que-transportava-gado-tombou-na-rodovia-rio-santos","og_locale":"pt_BR","og_type":"article","og_title":"Carreta que transportava gado tombou na Rodovia Rio Santos - Litoral SP","og_description":"Uma carreta que transportava gado tombou em um trecho de S\u00e3o Sebasti\u00e3o da rodovia Rio-Santos (SP-055), na madrugada desta s\u00e1bado.","og_url":"https:\/\/redenoticiaz.com.br\/litoralsp\/2023\/08\/06\/carreta-que-transportava-gado-tombou-na-rodovia-rio-santos","og_site_name":"Litoral SP","article_published_time":"2023-08-06T17:26:33+00:00","og_image":[{"width":759,"height":374,"url":"https:\/\/redenoticiaz.com.br\/litoralsp\/wp-content\/uploads\/sites\/3\/2023\/08\/WhatsApp-Image-2023-08-06-at-14.24.59.jpeg","type":"image\/jpeg"}],"twitter_card":"summary_large_image","twitter_image":"https:\/\/redenoticiaz.com.br\/litoralsp\/wp-content\/uploads\/sites\/3\/2023\/08\/WhatsApp-Image-2023-08-06-at-14.24.59.jpeg","twitter_misc":{"Escrito por":"","Est. tempo de leitura":"2 minutos"},"schema":{"@context":"https:\/\/schema.org","@graph":[{"@type":"Article","@id":"https:\/\/redenoticiaz.com.br\/litoralsp\/2023\/08\/06\/carreta-que-transportava-gado-tombou-na-rodovia-rio-santos#article","isPartOf":{"@id":"https:\/\/redenoticiaz.com.br\/litoralsp\/2023\/08\/06\/carreta-que-transportava-gado-tombou-na-rodovia-rio-santos"},"author":{"name":"","@id":""},"headline":"Carreta que transportava gado tombou na Rodovia Rio Santos","datePublished":"2023-08-06T17:26:33+00:00","mainEntityOfPage":{"@id":"https:\/\/redenoticiaz.com.br\/litoralsp\/2023\/08\/06\/carreta-que-transportava-gado-tombou-na-rodovia-rio-santos"},"wordCount":240,"commentCount":0,"publisher":{"@id":"https:\/\/redenoticiaz.com.br\/litoralsp\/#organization"},"image":{"@id":"https:\/\/redenoticiaz.com.br\/litoralsp\/2023\/08\/06\/carreta-que-transportava-gado-tombou-na-rodovia-rio-santos#primaryimage"},"thumbnailUrl":"https:\/\/redenoticiaz.com.br\/litoralsp\/wp-content\/uploads\/sites\/3\/2023\/08\/WhatsApp-Image-2023-08-06-at-14.24.59.jpeg","keywords":["CARRETA","GADO","RIO-SANTOS","TOMBA","TRANSPORTE"],"articleSection":["S\u00e3o Sebasti\u00e3o","Tr\u00e2nsito"],"inLanguage":"pt-BR","potentialAction":[{"@type":"CommentAction","name":"Comment","target":["https:\/\/redenoticiaz.com.br\/litoralsp\/2023\/08\/06\/carreta-que-transportava-gado-tombou-na-rodovia-rio-santos#respond"]}]},{"@type":"WebPage","@id":"https:\/\/redenoticiaz.com.br\/litoralsp\/2023\/08\/06\/carreta-que-transportava-gado-tombou-na-rodovia-rio-santos","url":"https:\/\/redenoticiaz.com.br\/litoralsp\/2023\/08\/06\/carreta-que-transportava-gado-tombou-na-rodovia-rio-santos","name":"Carreta que transportava gado tombou na Rodovia Rio Santos - Litoral SP","isPartOf":{"@id":"https:\/\/redenoticiaz.com.br\/litoralsp\/#website"},"primaryImageOfPage":{"@id":"https:\/\/redenoticiaz.com.br\/litoralsp\/2023\/08\/06\/carreta-que-transportava-gado-tombou-na-rodovia-rio-santos#primaryimage"},"image":{"@id":"https:\/\/redenoticiaz.com.br\/litoralsp\/2023\/08\/06\/carreta-que-transportava-gado-tombou-na-rodovia-rio-santos#primaryimage"},"thumbnailUrl":"https:\/\/redenoticiaz.com.br\/litoralsp\/wp-content\/uploads\/sites\/3\/2023\/08\/WhatsApp-Image-2023-08-06-at-14.24.59.jpeg","datePublished":"2023-08-06T17:26:33+00:00","description":"Uma carreta que transportava gado tombou em um trecho de S\u00e3o Sebasti\u00e3o da rodovia Rio-Santos (SP-055), na madrugada desta s\u00e1bado.","inLanguage":"pt-BR","potentialAction":[{"@type":"ReadAction","target":["https:\/\/redenoticiaz.com.br\/litoralsp\/2023\/08\/06\/carreta-que-transportava-gado-tombou-na-rodovia-rio-santos"]}]},{"@type":"ImageObject","inLanguage":"pt-BR","@id":"https:\/\/redenoticiaz.com.br\/litoralsp\/2023\/08\/06\/carreta-que-transportava-gado-tombou-na-rodovia-rio-santos#primaryimage","url":"https:\/\/redenoticiaz.com.br\/litoralsp\/wp-content\/uploads\/sites\/3\/2023\/08\/WhatsApp-Image-2023-08-06-at-14.24.59.jpeg","contentUrl":"https:\/\/redenoticiaz.com.br\/litoralsp\/wp-content\/uploads\/sites\/3\/2023\/08\/WhatsApp-Image-2023-08-06-at-14.24.59.jpeg","width":759,"height":374,"caption":"Foto: Divulga\u00e7\u00e3o"},{"@type":"WebSite","@id":"https:\/\/redenoticiaz.com.br\/litoralsp\/#website","url":"https:\/\/redenoticiaz.com.br\/litoralsp\/","name":"Litoral SP","description":"Rede NoticiaZ","publisher":{"@id":"https:\/\/redenoticiaz.com.br\/litoralsp\/#organization"},"potentialAction":[{"@type":"SearchAction","target":{"@type":"EntryPoint","urlTemplate":"https:\/\/redenoticiaz.com.br\/litoralsp\/?s={search_term_string}"},"query-input":{"@type":"PropertyValueSpecification","valueRequired":true,"valueName":"search_term_string"}}],"inLanguage":"pt-BR"},{"@type":"Organization","@id":"https:\/\/redenoticiaz.com.br\/litoralsp\/#organization","name":"Litoral SP","url":"https:\/\/redenoticiaz.com.br\/litoralsp\/","logo":{"@type":"ImageObject","inLanguage":"pt-BR","@id":"https:\/\/redenoticiaz.com.br\/litoralsp\/#\/schema\/logo\/image\/","url":"https:\/\/redenoticiaz.com.br\/litoralsp\/wp-content\/uploads\/sites\/3\/2020\/11\/logo.jpg","contentUrl":"https:\/\/redenoticiaz.com.br\/litoralsp\/wp-content\/uploads\/sites\/3\/2020\/11\/logo.jpg","width":400,"height":250,"caption":"Litoral SP"},"image":{"@id":"https:\/\/redenoticiaz.com.br\/litoralsp\/#\/schema\/logo\/image\/"}},{"@type":"Person","@id":"","url":"https:\/\/redenoticiaz.com.br\/litoralsp\/author"}]}},"_links":{"self":[{"href":"https:\/\/redenoticiaz.com.br\/litoralsp\/wp-json\/wp\/v2\/posts\/109140","targetHints":{"allow":["GET"]}}],"collection":[{"href":"https:\/\/redenoticiaz.com.br\/litoralsp\/wp-json\/wp\/v2\/posts"}],"about":[{"href":"https:\/\/redenoticiaz.com.br\/litoralsp\/wp-json\/wp\/v2\/types\/post"}],"author":[{"embeddable":true,"href":"https:\/\/redenoticiaz.com.br\/litoralsp\/wp-json\/wp\/v2\/users\/11"}],"replies":[{"embeddable":true,"href":"https:\/\/redenoticiaz.com.br\/litoralsp\/wp-json\/wp\/v2\/comments?post=109140"}],"version-history":[{"count":1,"href":"https:\/\/redenoticiaz.com.br\/litoralsp\/wp-json\/wp\/v2\/posts\/109140\/revisions"}],"predecessor-version":[{"id":109142,"href":"https:\/\/redenoticiaz.com.br\/litoralsp\/wp-json\/wp\/v2\/posts\/109140\/revisions\/109142"}],"wp:featuredmedia":[{"embeddable":true,"href":"https:\/\/redenoticiaz.com.br\/litoralsp\/wp-json\/wp\/v2\/media\/109141"}],"wp:attachment":[{"href":"https:\/\/redenoticiaz.com.br\/litoralsp\/wp-json\/wp\/v2\/media?parent=109140"}],"wp:term":[{"taxonomy":"category","embeddable":true,"href":"https:\/\/redenoticiaz.com.br\/litoralsp\/wp-json\/wp\/v2\/categories?post=109140"},{"taxonomy":"post_tag","embeddable":true,"href":"https:\/\/redenoticiaz.com.br\/litoralsp\/wp-json\/wp\/v2\/tags?post=109140"}],"curies":[{"name":"wp","href":"https:\/\/api.w.org\/{rel}","templated":true}]}}