{"id":109143,"date":"2023-08-06T14:31:36","date_gmt":"2023-08-06T17:31:36","guid":{"rendered":"https:\/\/redenoticiaz.com.br\/litoralsp\/?p=109143"},"modified":"2023-08-06T14:31:36","modified_gmt":"2023-08-06T17:31:36","slug":"carro-desgovernado-cai-em-um-canal-na-cidade-de-santos","status":"publish","type":"post","link":"https:\/\/redenoticiaz.com.br\/litoralsp\/2023\/08\/06\/carro-desgovernado-cai-em-um-canal-na-cidade-de-santos","title":{"rendered":"Carro desgovernado cai em um canal na cidade de Santos"},"content":{"rendered":"<div class=\"Block__Component-sc-1uj1scg-0 bHcZsF\">\n<p class=\"styled__Paragraph-sc-fdx3oi-6 jDLBSn\"><strong>Carro desgovernado caiu em um canal<\/strong> em <a href=\"http:\/\/santos.sp.gov.br\">Santos<\/a>, na madrugada deste s\u00e1bado (5). Segundo informa\u00e7\u00f5es, o motorista perdeu o controle do ve\u00edculo na avenida Pinheiro Machado e foi parar no canal ap\u00f3s invadir a cal\u00e7ada.<\/p>\n<\/div>\n<div class=\"Block__Component-sc-1uj1scg-0 bHcZsF\">\n<p class=\"styled__Paragraph-sc-fdx3oi-6 jDLBSn\">Ele dirigia um Honda Fit branco rumo ao centro pelo canal 1. Subitamente, o condutor perdeu a dire\u00e7\u00e3o\u00a0 e, ap\u00f3s invadir a cal\u00e7ada e quebrar a mureta, s\u00f3 parou no canal . As causas da perda de dire\u00e7\u00e3o ainda n\u00e3o foram esclarecidas.<\/p>\n<\/div>\n<div class=\"Block__Component-sc-1uj1scg-0 bHcZsF\">\n<p class=\"styled__Paragraph-sc-fdx3oi-6 jDLBSn\">Segundo a prefeitura de Santos, ningu\u00e9m se feriu. O Samu n\u00e3o foi acionado para atender a ocorr\u00eancia. Um servi\u00e7o de seguro contratado pelo motorista tirou\u00a0o carro do canal.<\/p>\n<p><em><strong>LEIA MAIS<\/strong><\/em><br \/>\n<a href=\"https:\/\/redenoticiaz.com.br\/litoralsp\/2023\/08\/06\/carreta-que-transportava-gado-tombou-na-rodovia-rio-santos\">Carreta que transportava gado tombou na Rodovia Rio Santos<\/a><\/p>\n<\/div>\n","protected":false},"excerpt":{"rendered":"<p>Carro desgovernado caiu em um canal em Santos, na madrugada deste s\u00e1bado (5). Segundo informa\u00e7\u00f5es, o motorista perdeu o controle do ve\u00edculo na avenida Pinheiro Machado e foi parar no canal ap\u00f3s invadir a cal\u00e7ada. Ele dirigia um Honda Fit branco rumo ao centro pelo canal 1. Subitamente, o condutor perdeu a dire\u00e7\u00e3o\u00a0 e, ap\u00f3s &hellip;<\/p>\n","protected":false},"author":11,"featured_media":109144,"comment_status":"open","ping_status":"closed","sticky":false,"template":"","format":"standard","meta":{"footnotes":""},"categories":[180,5],"tags":[8130,6443,144,986,66573],"class_list":["post-109143","post","type-post","status-publish","format-standard","has-post-thumbnail","hentry","category-santos","category-transito","tag-canal","tag-carro","tag-carro-desgovernado","tag-santos","tag-sem-controle"],"yoast_head":"<!-- This site is optimized with the Yoast SEO plugin v27.4 - https:\/\/yoast.com\/product\/yoast-seo-wordpress\/ -->\n<title>Carro desgovernado cai em um canal na cidade de Santos - Litoral SP<\/title>\n<meta name=\"description\" content=\"Carro desgovernado caiu em um canal em Santos, na madrugada deste s\u00e1bado (5). Segundo informa\u00e7\u00f5es, o motorista perdeu o controle do ve\u00edculo.\" \/>\n<meta name=\"robots\" content=\"index, follow, max-snippet:-1, max-image-preview:large, max-video-preview:-1\" \/>\n<link rel=\"canonical\" href=\"https:\/\/redenoticiaz.com.br\/litoralsp\/2023\/08\/06\/carro-desgovernado-cai-em-um-canal-na-cidade-de-santos\" \/>\n<meta property=\"og:locale\" content=\"pt_BR\" \/>\n<meta property=\"og:type\" content=\"article\" \/>\n<meta property=\"og:title\" content=\"Carro desgovernado cai em um canal na cidade de Santos - Litoral SP\" \/>\n<meta property=\"og:description\" content=\"Carro desgovernado caiu em um canal em Santos, na madrugada deste s\u00e1bado (5). Segundo informa\u00e7\u00f5es, o motorista perdeu o controle do ve\u00edculo.\" \/>\n<meta property=\"og:url\" content=\"https:\/\/redenoticiaz.com.br\/litoralsp\/2023\/08\/06\/carro-desgovernado-cai-em-um-canal-na-cidade-de-santos\" \/>\n<meta property=\"og:site_name\" content=\"Litoral SP\" \/>\n<meta property=\"article:published_time\" content=\"2023-08-06T17:31:36+00:00\" \/>\n<meta property=\"og:image\" content=\"https:\/\/redenoticiaz.com.br\/litoralsp\/wp-content\/uploads\/sites\/3\/2023\/08\/WhatsApp-Image-2023-08-06-at-14.30.07.jpeg\" \/>\n\t<meta property=\"og:image:width\" content=\"1001\" \/>\n\t<meta property=\"og:image:height\" content=\"497\" \/>\n\t<meta property=\"og:image:type\" content=\"image\/jpeg\" \/>\n<meta name=\"twitter:card\" content=\"summary_large_image\" \/>\n<meta name=\"twitter:image\" content=\"https:\/\/redenoticiaz.com.br\/litoralsp\/wp-content\/uploads\/sites\/3\/2023\/08\/WhatsApp-Image-2023-08-06-at-14.30.07.jpeg\" \/>\n<meta name=\"twitter:label1\" content=\"Escrito por\" \/>\n\t<meta name=\"twitter:data1\" content=\"\" \/>\n\t<meta name=\"twitter:label2\" content=\"Est. tempo de leitura\" \/>\n\t<meta name=\"twitter:data2\" content=\"1 minuto\" \/>\n<script type=\"application\/ld+json\" class=\"yoast-schema-graph\">{\"@context\":\"https:\\\/\\\/schema.org\",\"@graph\":[{\"@type\":\"Article\",\"@id\":\"https:\\\/\\\/redenoticiaz.com.br\\\/litoralsp\\\/2023\\\/08\\\/06\\\/carro-desgovernado-cai-em-um-canal-na-cidade-de-santos#article\",\"isPartOf\":{\"@id\":\"https:\\\/\\\/redenoticiaz.com.br\\\/litoralsp\\\/2023\\\/08\\\/06\\\/carro-desgovernado-cai-em-um-canal-na-cidade-de-santos\"},\"author\":{\"name\":\"\",\"@id\":\"\"},\"headline\":\"Carro desgovernado cai em um canal na cidade de Santos\",\"datePublished\":\"2023-08-06T17:31:36+00:00\",\"mainEntityOfPage\":{\"@id\":\"https:\\\/\\\/redenoticiaz.com.br\\\/litoralsp\\\/2023\\\/08\\\/06\\\/carro-desgovernado-cai-em-um-canal-na-cidade-de-santos\"},\"wordCount\":138,\"commentCount\":0,\"publisher\":{\"@id\":\"https:\\\/\\\/redenoticiaz.com.br\\\/litoralsp\\\/#organization\"},\"image\":{\"@id\":\"https:\\\/\\\/redenoticiaz.com.br\\\/litoralsp\\\/2023\\\/08\\\/06\\\/carro-desgovernado-cai-em-um-canal-na-cidade-de-santos#primaryimage\"},\"thumbnailUrl\":\"https:\\\/\\\/redenoticiaz.com.br\\\/litoralsp\\\/wp-content\\\/uploads\\\/sites\\\/3\\\/2023\\\/08\\\/WhatsApp-Image-2023-08-06-at-14.30.07.jpeg\",\"keywords\":[\"CANAL\",\"carro\",\"CARRO DESGOVERNADO\",\"Santos\",\"SEM CONTROLE\"],\"articleSection\":[\"Santos\",\"Tr\u00e2nsito\"],\"inLanguage\":\"pt-BR\",\"potentialAction\":[{\"@type\":\"CommentAction\",\"name\":\"Comment\",\"target\":[\"https:\\\/\\\/redenoticiaz.com.br\\\/litoralsp\\\/2023\\\/08\\\/06\\\/carro-desgovernado-cai-em-um-canal-na-cidade-de-santos#respond\"]}]},{\"@type\":\"WebPage\",\"@id\":\"https:\\\/\\\/redenoticiaz.com.br\\\/litoralsp\\\/2023\\\/08\\\/06\\\/carro-desgovernado-cai-em-um-canal-na-cidade-de-santos\",\"url\":\"https:\\\/\\\/redenoticiaz.com.br\\\/litoralsp\\\/2023\\\/08\\\/06\\\/carro-desgovernado-cai-em-um-canal-na-cidade-de-santos\",\"name\":\"Carro desgovernado cai em um canal na cidade de Santos - Litoral SP\",\"isPartOf\":{\"@id\":\"https:\\\/\\\/redenoticiaz.com.br\\\/litoralsp\\\/#website\"},\"primaryImageOfPage\":{\"@id\":\"https:\\\/\\\/redenoticiaz.com.br\\\/litoralsp\\\/2023\\\/08\\\/06\\\/carro-desgovernado-cai-em-um-canal-na-cidade-de-santos#primaryimage\"},\"image\":{\"@id\":\"https:\\\/\\\/redenoticiaz.com.br\\\/litoralsp\\\/2023\\\/08\\\/06\\\/carro-desgovernado-cai-em-um-canal-na-cidade-de-santos#primaryimage\"},\"thumbnailUrl\":\"https:\\\/\\\/redenoticiaz.com.br\\\/litoralsp\\\/wp-content\\\/uploads\\\/sites\\\/3\\\/2023\\\/08\\\/WhatsApp-Image-2023-08-06-at-14.30.07.jpeg\",\"datePublished\":\"2023-08-06T17:31:36+00:00\",\"description\":\"Carro desgovernado caiu em um canal em Santos, na madrugada deste s\u00e1bado (5). Segundo informa\u00e7\u00f5es, o motorista perdeu o controle do ve\u00edculo.\",\"inLanguage\":\"pt-BR\",\"potentialAction\":[{\"@type\":\"ReadAction\",\"target\":[\"https:\\\/\\\/redenoticiaz.com.br\\\/litoralsp\\\/2023\\\/08\\\/06\\\/carro-desgovernado-cai-em-um-canal-na-cidade-de-santos\"]}]},{\"@type\":\"ImageObject\",\"inLanguage\":\"pt-BR\",\"@id\":\"https:\\\/\\\/redenoticiaz.com.br\\\/litoralsp\\\/2023\\\/08\\\/06\\\/carro-desgovernado-cai-em-um-canal-na-cidade-de-santos#primaryimage\",\"url\":\"https:\\\/\\\/redenoticiaz.com.br\\\/litoralsp\\\/wp-content\\\/uploads\\\/sites\\\/3\\\/2023\\\/08\\\/WhatsApp-Image-2023-08-06-at-14.30.07.jpeg\",\"contentUrl\":\"https:\\\/\\\/redenoticiaz.com.br\\\/litoralsp\\\/wp-content\\\/uploads\\\/sites\\\/3\\\/2023\\\/08\\\/WhatsApp-Image-2023-08-06-at-14.30.07.jpeg\",\"width\":1001,\"height\":497,\"caption\":\"Foto: Divulga\u00e7\u00e3o\"},{\"@type\":\"WebSite\",\"@id\":\"https:\\\/\\\/redenoticiaz.com.br\\\/litoralsp\\\/#website\",\"url\":\"https:\\\/\\\/redenoticiaz.com.br\\\/litoralsp\\\/\",\"name\":\"Litoral SP\",\"description\":\"Rede NoticiaZ\",\"publisher\":{\"@id\":\"https:\\\/\\\/redenoticiaz.com.br\\\/litoralsp\\\/#organization\"},\"potentialAction\":[{\"@type\":\"SearchAction\",\"target\":{\"@type\":\"EntryPoint\",\"urlTemplate\":\"https:\\\/\\\/redenoticiaz.com.br\\\/litoralsp\\\/?s={search_term_string}\"},\"query-input\":{\"@type\":\"PropertyValueSpecification\",\"valueRequired\":true,\"valueName\":\"search_term_string\"}}],\"inLanguage\":\"pt-BR\"},{\"@type\":\"Organization\",\"@id\":\"https:\\\/\\\/redenoticiaz.com.br\\\/litoralsp\\\/#organization\",\"name\":\"Litoral SP\",\"url\":\"https:\\\/\\\/redenoticiaz.com.br\\\/litoralsp\\\/\",\"logo\":{\"@type\":\"ImageObject\",\"inLanguage\":\"pt-BR\",\"@id\":\"https:\\\/\\\/redenoticiaz.com.br\\\/litoralsp\\\/#\\\/schema\\\/logo\\\/image\\\/\",\"url\":\"https:\\\/\\\/redenoticiaz.com.br\\\/litoralsp\\\/wp-content\\\/uploads\\\/sites\\\/3\\\/2020\\\/11\\\/logo.jpg\",\"contentUrl\":\"https:\\\/\\\/redenoticiaz.com.br\\\/litoralsp\\\/wp-content\\\/uploads\\\/sites\\\/3\\\/2020\\\/11\\\/logo.jpg\",\"width\":400,\"height\":250,\"caption\":\"Litoral SP\"},\"image\":{\"@id\":\"https:\\\/\\\/redenoticiaz.com.br\\\/litoralsp\\\/#\\\/schema\\\/logo\\\/image\\\/\"}},{\"@type\":\"Person\",\"@id\":\"\",\"url\":\"https:\\\/\\\/redenoticiaz.com.br\\\/litoralsp\\\/author\"}]}<\/script>\n<!-- \/ Yoast SEO plugin. -->","yoast_head_json":{"title":"Carro desgovernado cai em um canal na cidade de Santos - Litoral SP","description":"Carro desgovernado caiu em um canal em Santos, na madrugada deste s\u00e1bado (5). Segundo informa\u00e7\u00f5es, o motorista perdeu o controle do ve\u00edculo.","robots":{"index":"index","follow":"follow","max-snippet":"max-snippet:-1","max-image-preview":"max-image-preview:large","max-video-preview":"max-video-preview:-1"},"canonical":"https:\/\/redenoticiaz.com.br\/litoralsp\/2023\/08\/06\/carro-desgovernado-cai-em-um-canal-na-cidade-de-santos","og_locale":"pt_BR","og_type":"article","og_title":"Carro desgovernado cai em um canal na cidade de Santos - Litoral SP","og_description":"Carro desgovernado caiu em um canal em Santos, na madrugada deste s\u00e1bado (5). Segundo informa\u00e7\u00f5es, o motorista perdeu o controle do ve\u00edculo.","og_url":"https:\/\/redenoticiaz.com.br\/litoralsp\/2023\/08\/06\/carro-desgovernado-cai-em-um-canal-na-cidade-de-santos","og_site_name":"Litoral SP","article_published_time":"2023-08-06T17:31:36+00:00","og_image":[{"width":1001,"height":497,"url":"https:\/\/redenoticiaz.com.br\/litoralsp\/wp-content\/uploads\/sites\/3\/2023\/08\/WhatsApp-Image-2023-08-06-at-14.30.07.jpeg","type":"image\/jpeg"}],"twitter_card":"summary_large_image","twitter_image":"https:\/\/redenoticiaz.com.br\/litoralsp\/wp-content\/uploads\/sites\/3\/2023\/08\/WhatsApp-Image-2023-08-06-at-14.30.07.jpeg","twitter_misc":{"Escrito por":"","Est. tempo de leitura":"1 minuto"},"schema":{"@context":"https:\/\/schema.org","@graph":[{"@type":"Article","@id":"https:\/\/redenoticiaz.com.br\/litoralsp\/2023\/08\/06\/carro-desgovernado-cai-em-um-canal-na-cidade-de-santos#article","isPartOf":{"@id":"https:\/\/redenoticiaz.com.br\/litoralsp\/2023\/08\/06\/carro-desgovernado-cai-em-um-canal-na-cidade-de-santos"},"author":{"name":"","@id":""},"headline":"Carro desgovernado cai em um canal na cidade de Santos","datePublished":"2023-08-06T17:31:36+00:00","mainEntityOfPage":{"@id":"https:\/\/redenoticiaz.com.br\/litoralsp\/2023\/08\/06\/carro-desgovernado-cai-em-um-canal-na-cidade-de-santos"},"wordCount":138,"commentCount":0,"publisher":{"@id":"https:\/\/redenoticiaz.com.br\/litoralsp\/#organization"},"image":{"@id":"https:\/\/redenoticiaz.com.br\/litoralsp\/2023\/08\/06\/carro-desgovernado-cai-em-um-canal-na-cidade-de-santos#primaryimage"},"thumbnailUrl":"https:\/\/redenoticiaz.com.br\/litoralsp\/wp-content\/uploads\/sites\/3\/2023\/08\/WhatsApp-Image-2023-08-06-at-14.30.07.jpeg","keywords":["CANAL","carro","CARRO DESGOVERNADO","Santos","SEM CONTROLE"],"articleSection":["Santos","Tr\u00e2nsito"],"inLanguage":"pt-BR","potentialAction":[{"@type":"CommentAction","name":"Comment","target":["https:\/\/redenoticiaz.com.br\/litoralsp\/2023\/08\/06\/carro-desgovernado-cai-em-um-canal-na-cidade-de-santos#respond"]}]},{"@type":"WebPage","@id":"https:\/\/redenoticiaz.com.br\/litoralsp\/2023\/08\/06\/carro-desgovernado-cai-em-um-canal-na-cidade-de-santos","url":"https:\/\/redenoticiaz.com.br\/litoralsp\/2023\/08\/06\/carro-desgovernado-cai-em-um-canal-na-cidade-de-santos","name":"Carro desgovernado cai em um canal na cidade de Santos - Litoral SP","isPartOf":{"@id":"https:\/\/redenoticiaz.com.br\/litoralsp\/#website"},"primaryImageOfPage":{"@id":"https:\/\/redenoticiaz.com.br\/litoralsp\/2023\/08\/06\/carro-desgovernado-cai-em-um-canal-na-cidade-de-santos#primaryimage"},"image":{"@id":"https:\/\/redenoticiaz.com.br\/litoralsp\/2023\/08\/06\/carro-desgovernado-cai-em-um-canal-na-cidade-de-santos#primaryimage"},"thumbnailUrl":"https:\/\/redenoticiaz.com.br\/litoralsp\/wp-content\/uploads\/sites\/3\/2023\/08\/WhatsApp-Image-2023-08-06-at-14.30.07.jpeg","datePublished":"2023-08-06T17:31:36+00:00","description":"Carro desgovernado caiu em um canal em Santos, na madrugada deste s\u00e1bado (5). Segundo informa\u00e7\u00f5es, o motorista perdeu o controle do ve\u00edculo.","inLanguage":"pt-BR","potentialAction":[{"@type":"ReadAction","target":["https:\/\/redenoticiaz.com.br\/litoralsp\/2023\/08\/06\/carro-desgovernado-cai-em-um-canal-na-cidade-de-santos"]}]},{"@type":"ImageObject","inLanguage":"pt-BR","@id":"https:\/\/redenoticiaz.com.br\/litoralsp\/2023\/08\/06\/carro-desgovernado-cai-em-um-canal-na-cidade-de-santos#primaryimage","url":"https:\/\/redenoticiaz.com.br\/litoralsp\/wp-content\/uploads\/sites\/3\/2023\/08\/WhatsApp-Image-2023-08-06-at-14.30.07.jpeg","contentUrl":"https:\/\/redenoticiaz.com.br\/litoralsp\/wp-content\/uploads\/sites\/3\/2023\/08\/WhatsApp-Image-2023-08-06-at-14.30.07.jpeg","width":1001,"height":497,"caption":"Foto: Divulga\u00e7\u00e3o"},{"@type":"WebSite","@id":"https:\/\/redenoticiaz.com.br\/litoralsp\/#website","url":"https:\/\/redenoticiaz.com.br\/litoralsp\/","name":"Litoral SP","description":"Rede NoticiaZ","publisher":{"@id":"https:\/\/redenoticiaz.com.br\/litoralsp\/#organization"},"potentialAction":[{"@type":"SearchAction","target":{"@type":"EntryPoint","urlTemplate":"https:\/\/redenoticiaz.com.br\/litoralsp\/?s={search_term_string}"},"query-input":{"@type":"PropertyValueSpecification","valueRequired":true,"valueName":"search_term_string"}}],"inLanguage":"pt-BR"},{"@type":"Organization","@id":"https:\/\/redenoticiaz.com.br\/litoralsp\/#organization","name":"Litoral SP","url":"https:\/\/redenoticiaz.com.br\/litoralsp\/","logo":{"@type":"ImageObject","inLanguage":"pt-BR","@id":"https:\/\/redenoticiaz.com.br\/litoralsp\/#\/schema\/logo\/image\/","url":"https:\/\/redenoticiaz.com.br\/litoralsp\/wp-content\/uploads\/sites\/3\/2020\/11\/logo.jpg","contentUrl":"https:\/\/redenoticiaz.com.br\/litoralsp\/wp-content\/uploads\/sites\/3\/2020\/11\/logo.jpg","width":400,"height":250,"caption":"Litoral SP"},"image":{"@id":"https:\/\/redenoticiaz.com.br\/litoralsp\/#\/schema\/logo\/image\/"}},{"@type":"Person","@id":"","url":"https:\/\/redenoticiaz.com.br\/litoralsp\/author"}]}},"_links":{"self":[{"href":"https:\/\/redenoticiaz.com.br\/litoralsp\/wp-json\/wp\/v2\/posts\/109143","targetHints":{"allow":["GET"]}}],"collection":[{"href":"https:\/\/redenoticiaz.com.br\/litoralsp\/wp-json\/wp\/v2\/posts"}],"about":[{"href":"https:\/\/redenoticiaz.com.br\/litoralsp\/wp-json\/wp\/v2\/types\/post"}],"author":[{"embeddable":true,"href":"https:\/\/redenoticiaz.com.br\/litoralsp\/wp-json\/wp\/v2\/users\/11"}],"replies":[{"embeddable":true,"href":"https:\/\/redenoticiaz.com.br\/litoralsp\/wp-json\/wp\/v2\/comments?post=109143"}],"version-history":[{"count":1,"href":"https:\/\/redenoticiaz.com.br\/litoralsp\/wp-json\/wp\/v2\/posts\/109143\/revisions"}],"predecessor-version":[{"id":109145,"href":"https:\/\/redenoticiaz.com.br\/litoralsp\/wp-json\/wp\/v2\/posts\/109143\/revisions\/109145"}],"wp:featuredmedia":[{"embeddable":true,"href":"https:\/\/redenoticiaz.com.br\/litoralsp\/wp-json\/wp\/v2\/media\/109144"}],"wp:attachment":[{"href":"https:\/\/redenoticiaz.com.br\/litoralsp\/wp-json\/wp\/v2\/media?parent=109143"}],"wp:term":[{"taxonomy":"category","embeddable":true,"href":"https:\/\/redenoticiaz.com.br\/litoralsp\/wp-json\/wp\/v2\/categories?post=109143"},{"taxonomy":"post_tag","embeddable":true,"href":"https:\/\/redenoticiaz.com.br\/litoralsp\/wp-json\/wp\/v2\/tags?post=109143"}],"curies":[{"name":"wp","href":"https:\/\/api.w.org\/{rel}","templated":true}]}}