{"id":10922,"date":"2021-07-03T15:38:40","date_gmt":"2021-07-03T18:38:40","guid":{"rendered":"https:\/\/redenoticiaz.com.br\/litoralsp\/2021\/07\/03\/com-um-a-menos-o-brasil-vence-o-chile-e-avanca-na-copa-america"},"modified":"2021-07-03T15:48:44","modified_gmt":"2021-07-03T18:48:44","slug":"com-um-a-menos-o-brasil-vence-o-chile-e-avanca-na-copa-america","status":"publish","type":"post","link":"https:\/\/redenoticiaz.com.br\/litoralsp\/2021\/07\/03\/com-um-a-menos-o-brasil-vence-o-chile-e-avanca-na-copa-america","title":{"rendered":"Com um a menos o Brasil vence o Chile e avan\u00e7a na Copa Am\u00e9rica"},"content":{"rendered":"<p>N\u00e3o foi f\u00e1cil e a atua\u00e7\u00e3o n\u00e3o foi das melhores. Mas o <strong>Brasil<\/strong> conseguiu vencer o <strong>Chile<\/strong> e se classificou para a semifinal da <a href=\"https:\/\/www.conmebol.com\/pt-br\">Copa Am\u00e9rica<\/a>. Lucas Paquet\u00e1 foi o autor do gol da vit\u00f3ria por 1 a 0 e o pr\u00f3ximo advers\u00e1rio ser\u00e1 o Peru na segunda-feira (5) \u00e0s 20h.<\/p>\n<p>No primeiro tempo o Chile passou a dominar mais a posse de bola e chegaram a impedir as medidas iniciativas para que os brasileiros saiam para o ataque. Aos poucos a Sele\u00e7\u00e3o Brasileira come\u00e7ou a melhorar em campo e criou chances de gol com Neymar, Gabriel Jesus e Roberto Firmino. Ainda assim foi dif\u00edcil para a equipe do t\u00e9cnico Tite furar a muralha chilena chamada Cl\u00e1udio Bravo.<\/p>\n<p>No segundo tempo, o t\u00e9cnico Tite mudou o Brasil e colocou Lucas Paquet\u00e1 em campo no lugar de Roberto Firmino. A\u00ed a Sele\u00e7\u00e3o Brasileira teve um rumo e logo no primeiro minuto da etapa final, Paquet\u00e1 apareceu tabelando com Neymar, ganhou a marca\u00e7\u00e3o e fez um lindo gol.<\/p>\n<p>S\u00f3 que o que parecia ser f\u00e1cil, se tornou um enorme drama. Porque dois minutos mais tarde, Gabriel Jesus deu um golpe de karat\u00ea, quando o atacante atingiu o rosto de Mena e foi expulso. Da\u00ed em diante o Chile criou chances de gol e at\u00e9 arrancou o empate com Vargas. Mas o \u00e1rbitro de v\u00eddeo captou impedimento de Pulgar, que estava \u00e0 frente e por isso o gol foi anulado.<\/p>\n<p>O Brasil tentou chegar ao segundo gol e quase ampliou com Neymar. Os chilenos responderam com Brereton, que aproveitou cruzamento para a \u00e1rea e balan\u00e7ou o travess\u00e3o. Mart\u00edn Lasarte partiu ent\u00e3o para o tudo ou nada e mandou a Roja para o ataque, que seguiu pressionando, mas n\u00e3o encontrou a igualdade.<\/p>\n<h3>E agora?<\/h3>\n<p>O resultado manda a sele\u00e7\u00e3o chilena para casa mais cedo. Com a vit\u00f3ria, a Sele\u00e7\u00e3o Brasileira vai enfrentar o Peru, que bateu o Paraguai nos p\u00eanaltis. A partida decisiva acontece na pr\u00f3xima segunda-feira, \u00e0s 20h, novamente no Est\u00e1dio Nilton Santos. O vencedor avan\u00e7a para a final.<\/p>\n<p><strong>LEIA TAMB\u00c9M<\/strong><\/p>\n<p><a href=\"https:\/\/redenoticiaz.com.br\/blog\/2021\/07\/01\/bragantino-empata-com-o-ceara-e-segue-na-lideranca-do-brasileirao\">Bragantino empata com o Cear\u00e1 e segue na lideran\u00e7a do Brasileir\u00e3o<\/a><\/p>\n","protected":false},"excerpt":{"rendered":"<p>N\u00e3o foi f\u00e1cil e a atua\u00e7\u00e3o n\u00e3o foi das melhores. Mas o Brasil conseguiu vencer o Chile e se classificou para a semifinal da Copa Am\u00e9rica. Lucas Paquet\u00e1 foi o autor do gol da vit\u00f3ria por 1 a 0 e o pr\u00f3ximo advers\u00e1rio ser\u00e1 o Peru na segunda-feira (5) \u00e0s 20h. No primeiro tempo o &hellip;<\/p>\n","protected":false},"author":6,"featured_media":10923,"comment_status":"open","ping_status":"closed","sticky":false,"template":"","format":"standard","meta":{"footnotes":""},"categories":[35],"tags":[173,27024,5867,14628,18836,27025,1220,27026],"class_list":["post-10922","post","type-post","status-publish","format-standard","has-post-thumbnail","hentry","category-esporte","tag-brasil","tag-brasil-classificado","tag-chile","tag-conmebol","tag-copa-america","tag-lucas-paqueta","tag-selecao-brasileira","tag-selecao-chilena"],"yoast_head":"<!-- This site is optimized with the Yoast SEO plugin v27.5 - https:\/\/yoast.com\/product\/yoast-seo-wordpress\/ -->\n<title>Com um a menos o Brasil vence o Chile e avan\u00e7a na Copa Am\u00e9rica - Litoral SP<\/title>\n<meta name=\"description\" content=\"e a atua\u00e7\u00e3o n\u00e3o foi das melhores. Mas o Brasil conseguiu vencer o Chile e se classificou para a semifinal da Copa Am\u00e9rica. Lucas Paquet\u00e1\" \/>\n<meta name=\"robots\" content=\"index, follow, max-snippet:-1, max-image-preview:large, max-video-preview:-1\" \/>\n<link rel=\"canonical\" href=\"https:\/\/redenoticiaz.com.br\/litoralsp\/2021\/07\/03\/com-um-a-menos-o-brasil-vence-o-chile-e-avanca-na-copa-america\" \/>\n<meta property=\"og:locale\" content=\"pt_BR\" \/>\n<meta property=\"og:type\" content=\"article\" \/>\n<meta property=\"og:title\" content=\"Com um a menos o Brasil vence o Chile e avan\u00e7a na Copa Am\u00e9rica - Litoral SP\" \/>\n<meta property=\"og:description\" content=\"e a atua\u00e7\u00e3o n\u00e3o foi das melhores. Mas o Brasil conseguiu vencer o Chile e se classificou para a semifinal da Copa Am\u00e9rica. Lucas Paquet\u00e1\" \/>\n<meta property=\"og:url\" content=\"https:\/\/redenoticiaz.com.br\/litoralsp\/2021\/07\/03\/com-um-a-menos-o-brasil-vence-o-chile-e-avanca-na-copa-america\" \/>\n<meta property=\"og:site_name\" content=\"Litoral SP\" \/>\n<meta property=\"article:published_time\" content=\"2021-07-03T18:38:40+00:00\" \/>\n<meta property=\"article:modified_time\" content=\"2021-07-03T18:48:44+00:00\" \/>\n<meta property=\"og:image\" content=\"https:\/\/redenoticiaz.com.br\/litoralsp\/wp-content\/uploads\/sites\/3\/2021\/07\/br.jpeg\" \/>\n\t<meta property=\"og:image:width\" content=\"640\" \/>\n\t<meta property=\"og:image:height\" content=\"360\" \/>\n\t<meta property=\"og:image:type\" content=\"image\/jpeg\" \/>\n<meta name=\"author\" content=\"Leonardo Francisco\" \/>\n<meta name=\"twitter:card\" content=\"summary_large_image\" \/>\n<meta name=\"twitter:label1\" content=\"Escrito por\" \/>\n\t<meta name=\"twitter:data1\" content=\"Leonardo Francisco\" \/>\n\t<meta name=\"twitter:label2\" content=\"Est. tempo de leitura\" \/>\n\t<meta name=\"twitter:data2\" content=\"2 minutos\" \/>\n<script type=\"application\/ld+json\" class=\"yoast-schema-graph\">{\"@context\":\"https:\\\/\\\/schema.org\",\"@graph\":[{\"@type\":\"Article\",\"@id\":\"https:\\\/\\\/redenoticiaz.com.br\\\/litoralsp\\\/2021\\\/07\\\/03\\\/com-um-a-menos-o-brasil-vence-o-chile-e-avanca-na-copa-america#article\",\"isPartOf\":{\"@id\":\"https:\\\/\\\/redenoticiaz.com.br\\\/litoralsp\\\/2021\\\/07\\\/03\\\/com-um-a-menos-o-brasil-vence-o-chile-e-avanca-na-copa-america\"},\"author\":{\"name\":\"Leonardo Francisco\",\"@id\":\"https:\\\/\\\/redenoticiaz.com.br\\\/litoralsp\\\/#\\\/schema\\\/person\\\/0f0b8a5bdafefe82841e07ae8d81ecb3\"},\"headline\":\"Com um a menos o Brasil vence o Chile e avan\u00e7a na Copa Am\u00e9rica\",\"datePublished\":\"2021-07-03T18:38:40+00:00\",\"dateModified\":\"2021-07-03T18:48:44+00:00\",\"mainEntityOfPage\":{\"@id\":\"https:\\\/\\\/redenoticiaz.com.br\\\/litoralsp\\\/2021\\\/07\\\/03\\\/com-um-a-menos-o-brasil-vence-o-chile-e-avanca-na-copa-america\"},\"wordCount\":394,\"commentCount\":0,\"publisher\":{\"@id\":\"https:\\\/\\\/redenoticiaz.com.br\\\/litoralsp\\\/#organization\"},\"image\":{\"@id\":\"https:\\\/\\\/redenoticiaz.com.br\\\/litoralsp\\\/2021\\\/07\\\/03\\\/com-um-a-menos-o-brasil-vence-o-chile-e-avanca-na-copa-america#primaryimage\"},\"thumbnailUrl\":\"https:\\\/\\\/redenoticiaz.com.br\\\/litoralsp\\\/wp-content\\\/uploads\\\/sites\\\/3\\\/2021\\\/07\\\/br.jpeg\",\"keywords\":[\"Brasil\",\"BRASIL CLASSIFICADO\",\"CHILE\",\"conmebol\",\"Copa Am\u00e9rica\",\"LUCAS PAQUET\u00c1\",\"Sele\u00e7\u00e3o Brasileira\",\"SELE\u00c7\u00c3O CHILENA\"],\"articleSection\":[\"Esporte\"],\"inLanguage\":\"pt-BR\",\"potentialAction\":[{\"@type\":\"CommentAction\",\"name\":\"Comment\",\"target\":[\"https:\\\/\\\/redenoticiaz.com.br\\\/litoralsp\\\/2021\\\/07\\\/03\\\/com-um-a-menos-o-brasil-vence-o-chile-e-avanca-na-copa-america#respond\"]}]},{\"@type\":\"WebPage\",\"@id\":\"https:\\\/\\\/redenoticiaz.com.br\\\/litoralsp\\\/2021\\\/07\\\/03\\\/com-um-a-menos-o-brasil-vence-o-chile-e-avanca-na-copa-america\",\"url\":\"https:\\\/\\\/redenoticiaz.com.br\\\/litoralsp\\\/2021\\\/07\\\/03\\\/com-um-a-menos-o-brasil-vence-o-chile-e-avanca-na-copa-america\",\"name\":\"Com um a menos o Brasil vence o Chile e avan\u00e7a na Copa Am\u00e9rica - Litoral SP\",\"isPartOf\":{\"@id\":\"https:\\\/\\\/redenoticiaz.com.br\\\/litoralsp\\\/#website\"},\"primaryImageOfPage\":{\"@id\":\"https:\\\/\\\/redenoticiaz.com.br\\\/litoralsp\\\/2021\\\/07\\\/03\\\/com-um-a-menos-o-brasil-vence-o-chile-e-avanca-na-copa-america#primaryimage\"},\"image\":{\"@id\":\"https:\\\/\\\/redenoticiaz.com.br\\\/litoralsp\\\/2021\\\/07\\\/03\\\/com-um-a-menos-o-brasil-vence-o-chile-e-avanca-na-copa-america#primaryimage\"},\"thumbnailUrl\":\"https:\\\/\\\/redenoticiaz.com.br\\\/litoralsp\\\/wp-content\\\/uploads\\\/sites\\\/3\\\/2021\\\/07\\\/br.jpeg\",\"datePublished\":\"2021-07-03T18:38:40+00:00\",\"dateModified\":\"2021-07-03T18:48:44+00:00\",\"description\":\"e a atua\u00e7\u00e3o n\u00e3o foi das melhores. Mas o Brasil conseguiu vencer o Chile e se classificou para a semifinal da Copa Am\u00e9rica. Lucas Paquet\u00e1\",\"inLanguage\":\"pt-BR\",\"potentialAction\":[{\"@type\":\"ReadAction\",\"target\":[\"https:\\\/\\\/redenoticiaz.com.br\\\/litoralsp\\\/2021\\\/07\\\/03\\\/com-um-a-menos-o-brasil-vence-o-chile-e-avanca-na-copa-america\"]}]},{\"@type\":\"ImageObject\",\"inLanguage\":\"pt-BR\",\"@id\":\"https:\\\/\\\/redenoticiaz.com.br\\\/litoralsp\\\/2021\\\/07\\\/03\\\/com-um-a-menos-o-brasil-vence-o-chile-e-avanca-na-copa-america#primaryimage\",\"url\":\"https:\\\/\\\/redenoticiaz.com.br\\\/litoralsp\\\/wp-content\\\/uploads\\\/sites\\\/3\\\/2021\\\/07\\\/br.jpeg\",\"contentUrl\":\"https:\\\/\\\/redenoticiaz.com.br\\\/litoralsp\\\/wp-content\\\/uploads\\\/sites\\\/3\\\/2021\\\/07\\\/br.jpeg\",\"width\":640,\"height\":360,\"caption\":\"Cr\u00e9ditos: Divulga\u00e7\u00e3o\\\/Conmebol.\"},{\"@type\":\"WebSite\",\"@id\":\"https:\\\/\\\/redenoticiaz.com.br\\\/litoralsp\\\/#website\",\"url\":\"https:\\\/\\\/redenoticiaz.com.br\\\/litoralsp\\\/\",\"name\":\"Litoral SP\",\"description\":\"Rede NoticiaZ\",\"publisher\":{\"@id\":\"https:\\\/\\\/redenoticiaz.com.br\\\/litoralsp\\\/#organization\"},\"potentialAction\":[{\"@type\":\"SearchAction\",\"target\":{\"@type\":\"EntryPoint\",\"urlTemplate\":\"https:\\\/\\\/redenoticiaz.com.br\\\/litoralsp\\\/?s={search_term_string}\"},\"query-input\":{\"@type\":\"PropertyValueSpecification\",\"valueRequired\":true,\"valueName\":\"search_term_string\"}}],\"inLanguage\":\"pt-BR\"},{\"@type\":\"Organization\",\"@id\":\"https:\\\/\\\/redenoticiaz.com.br\\\/litoralsp\\\/#organization\",\"name\":\"Litoral SP\",\"url\":\"https:\\\/\\\/redenoticiaz.com.br\\\/litoralsp\\\/\",\"logo\":{\"@type\":\"ImageObject\",\"inLanguage\":\"pt-BR\",\"@id\":\"https:\\\/\\\/redenoticiaz.com.br\\\/litoralsp\\\/#\\\/schema\\\/logo\\\/image\\\/\",\"url\":\"https:\\\/\\\/redenoticiaz.com.br\\\/litoralsp\\\/wp-content\\\/uploads\\\/sites\\\/3\\\/2020\\\/11\\\/logo.jpg\",\"contentUrl\":\"https:\\\/\\\/redenoticiaz.com.br\\\/litoralsp\\\/wp-content\\\/uploads\\\/sites\\\/3\\\/2020\\\/11\\\/logo.jpg\",\"width\":400,\"height\":250,\"caption\":\"Litoral SP\"},\"image\":{\"@id\":\"https:\\\/\\\/redenoticiaz.com.br\\\/litoralsp\\\/#\\\/schema\\\/logo\\\/image\\\/\"}},{\"@type\":\"Person\",\"@id\":\"https:\\\/\\\/redenoticiaz.com.br\\\/litoralsp\\\/#\\\/schema\\\/person\\\/0f0b8a5bdafefe82841e07ae8d81ecb3\",\"name\":\"Leonardo Francisco\",\"image\":{\"@type\":\"ImageObject\",\"inLanguage\":\"pt-BR\",\"@id\":\"https:\\\/\\\/secure.gravatar.com\\\/avatar\\\/a7358cb406a99b682ec6df1e77e31ae82e63601f6784e8a3df411d72b37864da?s=96&d=mm&r=g\",\"url\":\"https:\\\/\\\/secure.gravatar.com\\\/avatar\\\/a7358cb406a99b682ec6df1e77e31ae82e63601f6784e8a3df411d72b37864da?s=96&d=mm&r=g\",\"contentUrl\":\"https:\\\/\\\/secure.gravatar.com\\\/avatar\\\/a7358cb406a99b682ec6df1e77e31ae82e63601f6784e8a3df411d72b37864da?s=96&d=mm&r=g\",\"caption\":\"Leonardo Francisco\"},\"url\":\"https:\\\/\\\/redenoticiaz.com.br\\\/litoralsp\\\/author\\\/leonardo-francisco\"}]}<\/script>\n<!-- \/ Yoast SEO plugin. -->","yoast_head_json":{"title":"Com um a menos o Brasil vence o Chile e avan\u00e7a na Copa Am\u00e9rica - Litoral SP","description":"e a atua\u00e7\u00e3o n\u00e3o foi das melhores. Mas o Brasil conseguiu vencer o Chile e se classificou para a semifinal da Copa Am\u00e9rica. Lucas Paquet\u00e1","robots":{"index":"index","follow":"follow","max-snippet":"max-snippet:-1","max-image-preview":"max-image-preview:large","max-video-preview":"max-video-preview:-1"},"canonical":"https:\/\/redenoticiaz.com.br\/litoralsp\/2021\/07\/03\/com-um-a-menos-o-brasil-vence-o-chile-e-avanca-na-copa-america","og_locale":"pt_BR","og_type":"article","og_title":"Com um a menos o Brasil vence o Chile e avan\u00e7a na Copa Am\u00e9rica - Litoral SP","og_description":"e a atua\u00e7\u00e3o n\u00e3o foi das melhores. Mas o Brasil conseguiu vencer o Chile e se classificou para a semifinal da Copa Am\u00e9rica. Lucas Paquet\u00e1","og_url":"https:\/\/redenoticiaz.com.br\/litoralsp\/2021\/07\/03\/com-um-a-menos-o-brasil-vence-o-chile-e-avanca-na-copa-america","og_site_name":"Litoral SP","article_published_time":"2021-07-03T18:38:40+00:00","article_modified_time":"2021-07-03T18:48:44+00:00","og_image":[{"width":640,"height":360,"url":"https:\/\/redenoticiaz.com.br\/litoralsp\/wp-content\/uploads\/sites\/3\/2021\/07\/br.jpeg","type":"image\/jpeg"}],"author":"Leonardo Francisco","twitter_card":"summary_large_image","twitter_misc":{"Escrito por":"Leonardo Francisco","Est. tempo de leitura":"2 minutos"},"schema":{"@context":"https:\/\/schema.org","@graph":[{"@type":"Article","@id":"https:\/\/redenoticiaz.com.br\/litoralsp\/2021\/07\/03\/com-um-a-menos-o-brasil-vence-o-chile-e-avanca-na-copa-america#article","isPartOf":{"@id":"https:\/\/redenoticiaz.com.br\/litoralsp\/2021\/07\/03\/com-um-a-menos-o-brasil-vence-o-chile-e-avanca-na-copa-america"},"author":{"name":"Leonardo Francisco","@id":"https:\/\/redenoticiaz.com.br\/litoralsp\/#\/schema\/person\/0f0b8a5bdafefe82841e07ae8d81ecb3"},"headline":"Com um a menos o Brasil vence o Chile e avan\u00e7a na Copa Am\u00e9rica","datePublished":"2021-07-03T18:38:40+00:00","dateModified":"2021-07-03T18:48:44+00:00","mainEntityOfPage":{"@id":"https:\/\/redenoticiaz.com.br\/litoralsp\/2021\/07\/03\/com-um-a-menos-o-brasil-vence-o-chile-e-avanca-na-copa-america"},"wordCount":394,"commentCount":0,"publisher":{"@id":"https:\/\/redenoticiaz.com.br\/litoralsp\/#organization"},"image":{"@id":"https:\/\/redenoticiaz.com.br\/litoralsp\/2021\/07\/03\/com-um-a-menos-o-brasil-vence-o-chile-e-avanca-na-copa-america#primaryimage"},"thumbnailUrl":"https:\/\/redenoticiaz.com.br\/litoralsp\/wp-content\/uploads\/sites\/3\/2021\/07\/br.jpeg","keywords":["Brasil","BRASIL CLASSIFICADO","CHILE","conmebol","Copa Am\u00e9rica","LUCAS PAQUET\u00c1","Sele\u00e7\u00e3o Brasileira","SELE\u00c7\u00c3O CHILENA"],"articleSection":["Esporte"],"inLanguage":"pt-BR","potentialAction":[{"@type":"CommentAction","name":"Comment","target":["https:\/\/redenoticiaz.com.br\/litoralsp\/2021\/07\/03\/com-um-a-menos-o-brasil-vence-o-chile-e-avanca-na-copa-america#respond"]}]},{"@type":"WebPage","@id":"https:\/\/redenoticiaz.com.br\/litoralsp\/2021\/07\/03\/com-um-a-menos-o-brasil-vence-o-chile-e-avanca-na-copa-america","url":"https:\/\/redenoticiaz.com.br\/litoralsp\/2021\/07\/03\/com-um-a-menos-o-brasil-vence-o-chile-e-avanca-na-copa-america","name":"Com um a menos o Brasil vence o Chile e avan\u00e7a na Copa Am\u00e9rica - Litoral SP","isPartOf":{"@id":"https:\/\/redenoticiaz.com.br\/litoralsp\/#website"},"primaryImageOfPage":{"@id":"https:\/\/redenoticiaz.com.br\/litoralsp\/2021\/07\/03\/com-um-a-menos-o-brasil-vence-o-chile-e-avanca-na-copa-america#primaryimage"},"image":{"@id":"https:\/\/redenoticiaz.com.br\/litoralsp\/2021\/07\/03\/com-um-a-menos-o-brasil-vence-o-chile-e-avanca-na-copa-america#primaryimage"},"thumbnailUrl":"https:\/\/redenoticiaz.com.br\/litoralsp\/wp-content\/uploads\/sites\/3\/2021\/07\/br.jpeg","datePublished":"2021-07-03T18:38:40+00:00","dateModified":"2021-07-03T18:48:44+00:00","description":"e a atua\u00e7\u00e3o n\u00e3o foi das melhores. Mas o Brasil conseguiu vencer o Chile e se classificou para a semifinal da Copa Am\u00e9rica. Lucas Paquet\u00e1","inLanguage":"pt-BR","potentialAction":[{"@type":"ReadAction","target":["https:\/\/redenoticiaz.com.br\/litoralsp\/2021\/07\/03\/com-um-a-menos-o-brasil-vence-o-chile-e-avanca-na-copa-america"]}]},{"@type":"ImageObject","inLanguage":"pt-BR","@id":"https:\/\/redenoticiaz.com.br\/litoralsp\/2021\/07\/03\/com-um-a-menos-o-brasil-vence-o-chile-e-avanca-na-copa-america#primaryimage","url":"https:\/\/redenoticiaz.com.br\/litoralsp\/wp-content\/uploads\/sites\/3\/2021\/07\/br.jpeg","contentUrl":"https:\/\/redenoticiaz.com.br\/litoralsp\/wp-content\/uploads\/sites\/3\/2021\/07\/br.jpeg","width":640,"height":360,"caption":"Cr\u00e9ditos: Divulga\u00e7\u00e3o\/Conmebol."},{"@type":"WebSite","@id":"https:\/\/redenoticiaz.com.br\/litoralsp\/#website","url":"https:\/\/redenoticiaz.com.br\/litoralsp\/","name":"Litoral SP","description":"Rede NoticiaZ","publisher":{"@id":"https:\/\/redenoticiaz.com.br\/litoralsp\/#organization"},"potentialAction":[{"@type":"SearchAction","target":{"@type":"EntryPoint","urlTemplate":"https:\/\/redenoticiaz.com.br\/litoralsp\/?s={search_term_string}"},"query-input":{"@type":"PropertyValueSpecification","valueRequired":true,"valueName":"search_term_string"}}],"inLanguage":"pt-BR"},{"@type":"Organization","@id":"https:\/\/redenoticiaz.com.br\/litoralsp\/#organization","name":"Litoral SP","url":"https:\/\/redenoticiaz.com.br\/litoralsp\/","logo":{"@type":"ImageObject","inLanguage":"pt-BR","@id":"https:\/\/redenoticiaz.com.br\/litoralsp\/#\/schema\/logo\/image\/","url":"https:\/\/redenoticiaz.com.br\/litoralsp\/wp-content\/uploads\/sites\/3\/2020\/11\/logo.jpg","contentUrl":"https:\/\/redenoticiaz.com.br\/litoralsp\/wp-content\/uploads\/sites\/3\/2020\/11\/logo.jpg","width":400,"height":250,"caption":"Litoral SP"},"image":{"@id":"https:\/\/redenoticiaz.com.br\/litoralsp\/#\/schema\/logo\/image\/"}},{"@type":"Person","@id":"https:\/\/redenoticiaz.com.br\/litoralsp\/#\/schema\/person\/0f0b8a5bdafefe82841e07ae8d81ecb3","name":"Leonardo Francisco","image":{"@type":"ImageObject","inLanguage":"pt-BR","@id":"https:\/\/secure.gravatar.com\/avatar\/a7358cb406a99b682ec6df1e77e31ae82e63601f6784e8a3df411d72b37864da?s=96&d=mm&r=g","url":"https:\/\/secure.gravatar.com\/avatar\/a7358cb406a99b682ec6df1e77e31ae82e63601f6784e8a3df411d72b37864da?s=96&d=mm&r=g","contentUrl":"https:\/\/secure.gravatar.com\/avatar\/a7358cb406a99b682ec6df1e77e31ae82e63601f6784e8a3df411d72b37864da?s=96&d=mm&r=g","caption":"Leonardo Francisco"},"url":"https:\/\/redenoticiaz.com.br\/litoralsp\/author\/leonardo-francisco"}]}},"_links":{"self":[{"href":"https:\/\/redenoticiaz.com.br\/litoralsp\/wp-json\/wp\/v2\/posts\/10922","targetHints":{"allow":["GET"]}}],"collection":[{"href":"https:\/\/redenoticiaz.com.br\/litoralsp\/wp-json\/wp\/v2\/posts"}],"about":[{"href":"https:\/\/redenoticiaz.com.br\/litoralsp\/wp-json\/wp\/v2\/types\/post"}],"author":[{"embeddable":true,"href":"https:\/\/redenoticiaz.com.br\/litoralsp\/wp-json\/wp\/v2\/users\/6"}],"replies":[{"embeddable":true,"href":"https:\/\/redenoticiaz.com.br\/litoralsp\/wp-json\/wp\/v2\/comments?post=10922"}],"version-history":[{"count":1,"href":"https:\/\/redenoticiaz.com.br\/litoralsp\/wp-json\/wp\/v2\/posts\/10922\/revisions"}],"predecessor-version":[{"id":10925,"href":"https:\/\/redenoticiaz.com.br\/litoralsp\/wp-json\/wp\/v2\/posts\/10922\/revisions\/10925"}],"wp:featuredmedia":[{"embeddable":true,"href":"https:\/\/redenoticiaz.com.br\/litoralsp\/wp-json\/wp\/v2\/media\/10923"}],"wp:attachment":[{"href":"https:\/\/redenoticiaz.com.br\/litoralsp\/wp-json\/wp\/v2\/media?parent=10922"}],"wp:term":[{"taxonomy":"category","embeddable":true,"href":"https:\/\/redenoticiaz.com.br\/litoralsp\/wp-json\/wp\/v2\/categories?post=10922"},{"taxonomy":"post_tag","embeddable":true,"href":"https:\/\/redenoticiaz.com.br\/litoralsp\/wp-json\/wp\/v2\/tags?post=10922"}],"curies":[{"name":"wp","href":"https:\/\/api.w.org\/{rel}","templated":true}]}}