{"id":109307,"date":"2023-08-09T11:11:53","date_gmt":"2023-08-09T14:11:53","guid":{"rendered":"https:\/\/redenoticiaz.com.br\/litoralsp\/?p=109307"},"modified":"2023-08-09T11:11:53","modified_gmt":"2023-08-09T14:11:53","slug":"casal-morre-apos-acidente-grave-de-moto-em-sao-vicente","status":"publish","type":"post","link":"https:\/\/redenoticiaz.com.br\/litoralsp\/2023\/08\/09\/casal-morre-apos-acidente-grave-de-moto-em-sao-vicente","title":{"rendered":"Casal morre ap\u00f3s acidente grave de moto em S\u00e3o Vicente"},"content":{"rendered":"<div id=\"chunk-401bl\">\n<div class=\"mc-column content-text active-extra-styles \" data-block-type=\"unstyled\" data-block-weight=\"51\" data-block-id=\"3\">\n<p class=\"content-text__container \" data-track-category=\"Link no Texto\" data-track-links=\"\"><strong>Um casal morreu ap\u00f3s sofrer um acidente de moto<\/strong> em <a href=\"http:\/\/saovicente.sp.gov.br\">S\u00e3o Vicente<\/a>. Carlos Alberto Oliveira da Silva, de 55 anos, e D\u00e9bora dos Santos Oliveira, de 49, morreram no acidente.<\/p>\n<\/div>\n<\/div>\n<div class=\"wall protected-content\">\n<div id=\"chunk-24ul1\">\n<div class=\"mc-column content-text active-extra-styles \" data-block-type=\"unstyled\" data-block-weight=\"52\" data-block-id=\"4\">\n<p class=\"content-text__container \" data-track-category=\"Link no Texto\" data-track-links=\"\">Um policial estava atendendo uma outra ocorr\u00eancia de tr\u00e2nsito, na Avenida Vereadora Angelina Pretti da Silva, no bairro Quarenten\u00e1rio. Ele foi informado que, na pista de sentido contr\u00e1rio, uma moto colidiu com um poste e duas pessoas estavam feridas.<\/p>\n<div id=\"chunk-bi1lu\">\n<div class=\"mc-column content-text active-extra-styles \" data-block-type=\"unstyled\" data-block-weight=\"29\" data-block-id=\"6\">\n<p class=\"content-text__container \" data-track-category=\"Link no Texto\" data-track-links=\"\">Ao chegar no local, o agente se deparou com a equipe do Servi\u00e7o de Atendimento M\u00f3vel de Urg\u00eancia (Samu), que constatou os \u00f3bitos ainda no local do acidente.<\/p>\n<\/div>\n<\/div>\n<div id=\"chunk-5jpe0\">\n<div class=\"mc-column content-text active-extra-styles \" data-block-type=\"unstyled\" data-block-weight=\"35\" data-block-id=\"7\">\n<p class=\"content-text__container \" data-track-category=\"Link no Texto\" data-track-links=\"\">Segundo o boletim de ocorr\u00eancia, n\u00e3o havia testemunhas do acidente. A Pol\u00edcia Civil entrou em contato com os parentes das v\u00edtimas e liberou a moto para a filha do casal, de 24 anos.<\/p>\n<\/div>\n<\/div>\n<div id=\"chunk-1af8h\">\n<div class=\"mc-column content-text active-extra-styles \" data-block-type=\"unstyled\" data-block-weight=\"53\" data-block-id=\"8\">\n<p class=\"content-text__container \" data-track-category=\"Link no Texto\" data-track-links=\"\">O policial, que atendeu a ocorr\u00eancia, recebeu a informa\u00e7\u00e3o que um carro havia ca\u00eddo em uma vala de escoamento, a cerca de um quil\u00f4metro do local do acidente da moto. O ve\u00edculo apreendido, passar\u00e1 por per\u00edcia para constatar.<\/p>\n<\/div>\n<\/div>\n<div id=\"chunk-6svpq\">\n<div class=\"mc-column content-text active-extra-styles \" data-block-type=\"unstyled\" data-block-weight=\"50\" data-block-id=\"9\">\n<p class=\"content-text__container \" data-track-category=\"Link no Texto\" data-track-links=\"\">No entanto, o motorista do carro relatou \u00e0 Pol\u00edcia que cochilou rapidamente enquanto dirigia e, por isso, perdeu o controle do ve\u00edculo, que girou e caiu no c\u00f3rrego. Ele garantiu que n\u00e3o tem envolvimento com o acidente com a motocicleta e, inclusive, possui uma testemunha que confirma sua vers\u00e3o.<\/p>\n<\/div>\n<\/div>\n<div id=\"chunk-cg725\">\n<div class=\"block-podcast\"><em><strong>LEIA MAIS<\/strong><\/em><\/p>\n<\/div>\n<div><a href=\"https:\/\/redenoticiaz.com.br\/litoralsp\/2023\/08\/09\/morros-de-santos-ficarao-sem-abastecimento-de-agua\">Morros de Santos ficar\u00e3o sem abastecimento de \u00e1gua<\/a><\/div>\n<\/div>\n<\/div>\n<\/div>\n<\/div>\n","protected":false},"excerpt":{"rendered":"<p>Um casal morreu ap\u00f3s sofrer um acidente de moto em S\u00e3o Vicente. Carlos Alberto Oliveira da Silva, de 55 anos, e D\u00e9bora dos Santos Oliveira, de 49, morreram no acidente. Um policial estava atendendo uma outra ocorr\u00eancia de tr\u00e2nsito, na Avenida Vereadora Angelina Pretti da Silva, no bairro Quarenten\u00e1rio. Ele foi informado que, na pista &hellip;<\/p>\n","protected":false},"author":11,"featured_media":109308,"comment_status":"open","ping_status":"closed","sticky":false,"template":"","format":"standard","meta":{"footnotes":""},"categories":[181,5],"tags":[7,3147,66642,9383,33,32645],"class_list":["post-109307","post","type-post","status-publish","format-standard","has-post-thumbnail","hentry","category-sao-vicente","category-transito","tag-acidente","tag-casal","tag-fatal","tag-moto","tag-sao-vicente","tag-vitimas"],"yoast_head":"<!-- This site is optimized with the Yoast SEO plugin v27.5 - https:\/\/yoast.com\/product\/yoast-seo-wordpress\/ -->\n<title>Casal morre ap\u00f3s acidente grave de moto em S\u00e3o Vicente - Litoral SP<\/title>\n<meta name=\"description\" content=\"Um casal morreu ap\u00f3s sofrer um acidente de moto em S\u00e3o Vicente. Policial recebeu informa\u00e7\u00f5es que a moto colidiu com poste.\" \/>\n<meta name=\"robots\" content=\"index, follow, max-snippet:-1, max-image-preview:large, max-video-preview:-1\" \/>\n<link rel=\"canonical\" href=\"https:\/\/redenoticiaz.com.br\/litoralsp\/2023\/08\/09\/casal-morre-apos-acidente-grave-de-moto-em-sao-vicente\" \/>\n<meta property=\"og:locale\" content=\"pt_BR\" \/>\n<meta property=\"og:type\" content=\"article\" \/>\n<meta property=\"og:title\" content=\"Casal morre ap\u00f3s acidente grave de moto em S\u00e3o Vicente - Litoral SP\" \/>\n<meta property=\"og:description\" content=\"Um casal morreu ap\u00f3s sofrer um acidente de moto em S\u00e3o Vicente. Policial recebeu informa\u00e7\u00f5es que a moto colidiu com poste.\" \/>\n<meta property=\"og:url\" content=\"https:\/\/redenoticiaz.com.br\/litoralsp\/2023\/08\/09\/casal-morre-apos-acidente-grave-de-moto-em-sao-vicente\" \/>\n<meta property=\"og:site_name\" content=\"Litoral SP\" \/>\n<meta property=\"article:published_time\" content=\"2023-08-09T14:11:53+00:00\" \/>\n<meta property=\"og:image\" content=\"https:\/\/redenoticiaz.com.br\/litoralsp\/wp-content\/uploads\/sites\/3\/2023\/08\/WhatsApp-Image-2023-08-09-at-11.08.27.jpeg\" \/>\n\t<meta property=\"og:image:width\" content=\"620\" \/>\n\t<meta property=\"og:image:height\" content=\"412\" \/>\n\t<meta property=\"og:image:type\" content=\"image\/jpeg\" \/>\n<meta name=\"twitter:card\" content=\"summary_large_image\" \/>\n<meta name=\"twitter:image\" content=\"https:\/\/redenoticiaz.com.br\/litoralsp\/wp-content\/uploads\/sites\/3\/2023\/08\/WhatsApp-Image-2023-08-09-at-11.08.27.jpeg\" \/>\n<meta name=\"twitter:label1\" content=\"Escrito por\" \/>\n\t<meta name=\"twitter:data1\" content=\"\" \/>\n\t<meta name=\"twitter:label2\" content=\"Est. tempo de leitura\" \/>\n\t<meta name=\"twitter:data2\" content=\"2 minutos\" \/>\n<script type=\"application\/ld+json\" class=\"yoast-schema-graph\">{\"@context\":\"https:\\\/\\\/schema.org\",\"@graph\":[{\"@type\":\"Article\",\"@id\":\"https:\\\/\\\/redenoticiaz.com.br\\\/litoralsp\\\/2023\\\/08\\\/09\\\/casal-morre-apos-acidente-grave-de-moto-em-sao-vicente#article\",\"isPartOf\":{\"@id\":\"https:\\\/\\\/redenoticiaz.com.br\\\/litoralsp\\\/2023\\\/08\\\/09\\\/casal-morre-apos-acidente-grave-de-moto-em-sao-vicente\"},\"author\":{\"name\":\"\",\"@id\":\"\"},\"headline\":\"Casal morre ap\u00f3s acidente grave de moto em S\u00e3o Vicente\",\"datePublished\":\"2023-08-09T14:11:53+00:00\",\"mainEntityOfPage\":{\"@id\":\"https:\\\/\\\/redenoticiaz.com.br\\\/litoralsp\\\/2023\\\/08\\\/09\\\/casal-morre-apos-acidente-grave-de-moto-em-sao-vicente\"},\"wordCount\":261,\"commentCount\":0,\"publisher\":{\"@id\":\"https:\\\/\\\/redenoticiaz.com.br\\\/litoralsp\\\/#organization\"},\"image\":{\"@id\":\"https:\\\/\\\/redenoticiaz.com.br\\\/litoralsp\\\/2023\\\/08\\\/09\\\/casal-morre-apos-acidente-grave-de-moto-em-sao-vicente#primaryimage\"},\"thumbnailUrl\":\"https:\\\/\\\/redenoticiaz.com.br\\\/litoralsp\\\/wp-content\\\/uploads\\\/sites\\\/3\\\/2023\\\/08\\\/WhatsApp-Image-2023-08-09-at-11.08.27.jpeg\",\"keywords\":[\"acidente\",\"CASAL\",\"FATAL\",\"MOTO\",\"S\u00e3o Vicente\",\"V\u00cdTIMAS\"],\"articleSection\":[\"S\u00e3o Vicente\",\"Tr\u00e2nsito\"],\"inLanguage\":\"pt-BR\",\"potentialAction\":[{\"@type\":\"CommentAction\",\"name\":\"Comment\",\"target\":[\"https:\\\/\\\/redenoticiaz.com.br\\\/litoralsp\\\/2023\\\/08\\\/09\\\/casal-morre-apos-acidente-grave-de-moto-em-sao-vicente#respond\"]}]},{\"@type\":\"WebPage\",\"@id\":\"https:\\\/\\\/redenoticiaz.com.br\\\/litoralsp\\\/2023\\\/08\\\/09\\\/casal-morre-apos-acidente-grave-de-moto-em-sao-vicente\",\"url\":\"https:\\\/\\\/redenoticiaz.com.br\\\/litoralsp\\\/2023\\\/08\\\/09\\\/casal-morre-apos-acidente-grave-de-moto-em-sao-vicente\",\"name\":\"Casal morre ap\u00f3s acidente grave de moto em S\u00e3o Vicente - Litoral SP\",\"isPartOf\":{\"@id\":\"https:\\\/\\\/redenoticiaz.com.br\\\/litoralsp\\\/#website\"},\"primaryImageOfPage\":{\"@id\":\"https:\\\/\\\/redenoticiaz.com.br\\\/litoralsp\\\/2023\\\/08\\\/09\\\/casal-morre-apos-acidente-grave-de-moto-em-sao-vicente#primaryimage\"},\"image\":{\"@id\":\"https:\\\/\\\/redenoticiaz.com.br\\\/litoralsp\\\/2023\\\/08\\\/09\\\/casal-morre-apos-acidente-grave-de-moto-em-sao-vicente#primaryimage\"},\"thumbnailUrl\":\"https:\\\/\\\/redenoticiaz.com.br\\\/litoralsp\\\/wp-content\\\/uploads\\\/sites\\\/3\\\/2023\\\/08\\\/WhatsApp-Image-2023-08-09-at-11.08.27.jpeg\",\"datePublished\":\"2023-08-09T14:11:53+00:00\",\"description\":\"Um casal morreu ap\u00f3s sofrer um acidente de moto em S\u00e3o Vicente. Policial recebeu informa\u00e7\u00f5es que a moto colidiu com poste.\",\"inLanguage\":\"pt-BR\",\"potentialAction\":[{\"@type\":\"ReadAction\",\"target\":[\"https:\\\/\\\/redenoticiaz.com.br\\\/litoralsp\\\/2023\\\/08\\\/09\\\/casal-morre-apos-acidente-grave-de-moto-em-sao-vicente\"]}]},{\"@type\":\"ImageObject\",\"inLanguage\":\"pt-BR\",\"@id\":\"https:\\\/\\\/redenoticiaz.com.br\\\/litoralsp\\\/2023\\\/08\\\/09\\\/casal-morre-apos-acidente-grave-de-moto-em-sao-vicente#primaryimage\",\"url\":\"https:\\\/\\\/redenoticiaz.com.br\\\/litoralsp\\\/wp-content\\\/uploads\\\/sites\\\/3\\\/2023\\\/08\\\/WhatsApp-Image-2023-08-09-at-11.08.27.jpeg\",\"contentUrl\":\"https:\\\/\\\/redenoticiaz.com.br\\\/litoralsp\\\/wp-content\\\/uploads\\\/sites\\\/3\\\/2023\\\/08\\\/WhatsApp-Image-2023-08-09-at-11.08.27.jpeg\",\"width\":620,\"height\":412,\"caption\":\"Foto: Divulga\u00e7\u00e3o\"},{\"@type\":\"WebSite\",\"@id\":\"https:\\\/\\\/redenoticiaz.com.br\\\/litoralsp\\\/#website\",\"url\":\"https:\\\/\\\/redenoticiaz.com.br\\\/litoralsp\\\/\",\"name\":\"Litoral SP\",\"description\":\"Rede NoticiaZ\",\"publisher\":{\"@id\":\"https:\\\/\\\/redenoticiaz.com.br\\\/litoralsp\\\/#organization\"},\"potentialAction\":[{\"@type\":\"SearchAction\",\"target\":{\"@type\":\"EntryPoint\",\"urlTemplate\":\"https:\\\/\\\/redenoticiaz.com.br\\\/litoralsp\\\/?s={search_term_string}\"},\"query-input\":{\"@type\":\"PropertyValueSpecification\",\"valueRequired\":true,\"valueName\":\"search_term_string\"}}],\"inLanguage\":\"pt-BR\"},{\"@type\":\"Organization\",\"@id\":\"https:\\\/\\\/redenoticiaz.com.br\\\/litoralsp\\\/#organization\",\"name\":\"Litoral SP\",\"url\":\"https:\\\/\\\/redenoticiaz.com.br\\\/litoralsp\\\/\",\"logo\":{\"@type\":\"ImageObject\",\"inLanguage\":\"pt-BR\",\"@id\":\"https:\\\/\\\/redenoticiaz.com.br\\\/litoralsp\\\/#\\\/schema\\\/logo\\\/image\\\/\",\"url\":\"https:\\\/\\\/redenoticiaz.com.br\\\/litoralsp\\\/wp-content\\\/uploads\\\/sites\\\/3\\\/2020\\\/11\\\/logo.jpg\",\"contentUrl\":\"https:\\\/\\\/redenoticiaz.com.br\\\/litoralsp\\\/wp-content\\\/uploads\\\/sites\\\/3\\\/2020\\\/11\\\/logo.jpg\",\"width\":400,\"height\":250,\"caption\":\"Litoral SP\"},\"image\":{\"@id\":\"https:\\\/\\\/redenoticiaz.com.br\\\/litoralsp\\\/#\\\/schema\\\/logo\\\/image\\\/\"}},{\"@type\":\"Person\",\"@id\":\"\",\"url\":\"https:\\\/\\\/redenoticiaz.com.br\\\/litoralsp\\\/author\"}]}<\/script>\n<!-- \/ Yoast SEO plugin. -->","yoast_head_json":{"title":"Casal morre ap\u00f3s acidente grave de moto em S\u00e3o Vicente - Litoral SP","description":"Um casal morreu ap\u00f3s sofrer um acidente de moto em S\u00e3o Vicente. Policial recebeu informa\u00e7\u00f5es que a moto colidiu com poste.","robots":{"index":"index","follow":"follow","max-snippet":"max-snippet:-1","max-image-preview":"max-image-preview:large","max-video-preview":"max-video-preview:-1"},"canonical":"https:\/\/redenoticiaz.com.br\/litoralsp\/2023\/08\/09\/casal-morre-apos-acidente-grave-de-moto-em-sao-vicente","og_locale":"pt_BR","og_type":"article","og_title":"Casal morre ap\u00f3s acidente grave de moto em S\u00e3o Vicente - Litoral SP","og_description":"Um casal morreu ap\u00f3s sofrer um acidente de moto em S\u00e3o Vicente. Policial recebeu informa\u00e7\u00f5es que a moto colidiu com poste.","og_url":"https:\/\/redenoticiaz.com.br\/litoralsp\/2023\/08\/09\/casal-morre-apos-acidente-grave-de-moto-em-sao-vicente","og_site_name":"Litoral SP","article_published_time":"2023-08-09T14:11:53+00:00","og_image":[{"width":620,"height":412,"url":"https:\/\/redenoticiaz.com.br\/litoralsp\/wp-content\/uploads\/sites\/3\/2023\/08\/WhatsApp-Image-2023-08-09-at-11.08.27.jpeg","type":"image\/jpeg"}],"twitter_card":"summary_large_image","twitter_image":"https:\/\/redenoticiaz.com.br\/litoralsp\/wp-content\/uploads\/sites\/3\/2023\/08\/WhatsApp-Image-2023-08-09-at-11.08.27.jpeg","twitter_misc":{"Escrito por":"","Est. tempo de leitura":"2 minutos"},"schema":{"@context":"https:\/\/schema.org","@graph":[{"@type":"Article","@id":"https:\/\/redenoticiaz.com.br\/litoralsp\/2023\/08\/09\/casal-morre-apos-acidente-grave-de-moto-em-sao-vicente#article","isPartOf":{"@id":"https:\/\/redenoticiaz.com.br\/litoralsp\/2023\/08\/09\/casal-morre-apos-acidente-grave-de-moto-em-sao-vicente"},"author":{"name":"","@id":""},"headline":"Casal morre ap\u00f3s acidente grave de moto em S\u00e3o Vicente","datePublished":"2023-08-09T14:11:53+00:00","mainEntityOfPage":{"@id":"https:\/\/redenoticiaz.com.br\/litoralsp\/2023\/08\/09\/casal-morre-apos-acidente-grave-de-moto-em-sao-vicente"},"wordCount":261,"commentCount":0,"publisher":{"@id":"https:\/\/redenoticiaz.com.br\/litoralsp\/#organization"},"image":{"@id":"https:\/\/redenoticiaz.com.br\/litoralsp\/2023\/08\/09\/casal-morre-apos-acidente-grave-de-moto-em-sao-vicente#primaryimage"},"thumbnailUrl":"https:\/\/redenoticiaz.com.br\/litoralsp\/wp-content\/uploads\/sites\/3\/2023\/08\/WhatsApp-Image-2023-08-09-at-11.08.27.jpeg","keywords":["acidente","CASAL","FATAL","MOTO","S\u00e3o Vicente","V\u00cdTIMAS"],"articleSection":["S\u00e3o Vicente","Tr\u00e2nsito"],"inLanguage":"pt-BR","potentialAction":[{"@type":"CommentAction","name":"Comment","target":["https:\/\/redenoticiaz.com.br\/litoralsp\/2023\/08\/09\/casal-morre-apos-acidente-grave-de-moto-em-sao-vicente#respond"]}]},{"@type":"WebPage","@id":"https:\/\/redenoticiaz.com.br\/litoralsp\/2023\/08\/09\/casal-morre-apos-acidente-grave-de-moto-em-sao-vicente","url":"https:\/\/redenoticiaz.com.br\/litoralsp\/2023\/08\/09\/casal-morre-apos-acidente-grave-de-moto-em-sao-vicente","name":"Casal morre ap\u00f3s acidente grave de moto em S\u00e3o Vicente - Litoral SP","isPartOf":{"@id":"https:\/\/redenoticiaz.com.br\/litoralsp\/#website"},"primaryImageOfPage":{"@id":"https:\/\/redenoticiaz.com.br\/litoralsp\/2023\/08\/09\/casal-morre-apos-acidente-grave-de-moto-em-sao-vicente#primaryimage"},"image":{"@id":"https:\/\/redenoticiaz.com.br\/litoralsp\/2023\/08\/09\/casal-morre-apos-acidente-grave-de-moto-em-sao-vicente#primaryimage"},"thumbnailUrl":"https:\/\/redenoticiaz.com.br\/litoralsp\/wp-content\/uploads\/sites\/3\/2023\/08\/WhatsApp-Image-2023-08-09-at-11.08.27.jpeg","datePublished":"2023-08-09T14:11:53+00:00","description":"Um casal morreu ap\u00f3s sofrer um acidente de moto em S\u00e3o Vicente. Policial recebeu informa\u00e7\u00f5es que a moto colidiu com poste.","inLanguage":"pt-BR","potentialAction":[{"@type":"ReadAction","target":["https:\/\/redenoticiaz.com.br\/litoralsp\/2023\/08\/09\/casal-morre-apos-acidente-grave-de-moto-em-sao-vicente"]}]},{"@type":"ImageObject","inLanguage":"pt-BR","@id":"https:\/\/redenoticiaz.com.br\/litoralsp\/2023\/08\/09\/casal-morre-apos-acidente-grave-de-moto-em-sao-vicente#primaryimage","url":"https:\/\/redenoticiaz.com.br\/litoralsp\/wp-content\/uploads\/sites\/3\/2023\/08\/WhatsApp-Image-2023-08-09-at-11.08.27.jpeg","contentUrl":"https:\/\/redenoticiaz.com.br\/litoralsp\/wp-content\/uploads\/sites\/3\/2023\/08\/WhatsApp-Image-2023-08-09-at-11.08.27.jpeg","width":620,"height":412,"caption":"Foto: Divulga\u00e7\u00e3o"},{"@type":"WebSite","@id":"https:\/\/redenoticiaz.com.br\/litoralsp\/#website","url":"https:\/\/redenoticiaz.com.br\/litoralsp\/","name":"Litoral SP","description":"Rede NoticiaZ","publisher":{"@id":"https:\/\/redenoticiaz.com.br\/litoralsp\/#organization"},"potentialAction":[{"@type":"SearchAction","target":{"@type":"EntryPoint","urlTemplate":"https:\/\/redenoticiaz.com.br\/litoralsp\/?s={search_term_string}"},"query-input":{"@type":"PropertyValueSpecification","valueRequired":true,"valueName":"search_term_string"}}],"inLanguage":"pt-BR"},{"@type":"Organization","@id":"https:\/\/redenoticiaz.com.br\/litoralsp\/#organization","name":"Litoral SP","url":"https:\/\/redenoticiaz.com.br\/litoralsp\/","logo":{"@type":"ImageObject","inLanguage":"pt-BR","@id":"https:\/\/redenoticiaz.com.br\/litoralsp\/#\/schema\/logo\/image\/","url":"https:\/\/redenoticiaz.com.br\/litoralsp\/wp-content\/uploads\/sites\/3\/2020\/11\/logo.jpg","contentUrl":"https:\/\/redenoticiaz.com.br\/litoralsp\/wp-content\/uploads\/sites\/3\/2020\/11\/logo.jpg","width":400,"height":250,"caption":"Litoral SP"},"image":{"@id":"https:\/\/redenoticiaz.com.br\/litoralsp\/#\/schema\/logo\/image\/"}},{"@type":"Person","@id":"","url":"https:\/\/redenoticiaz.com.br\/litoralsp\/author"}]}},"_links":{"self":[{"href":"https:\/\/redenoticiaz.com.br\/litoralsp\/wp-json\/wp\/v2\/posts\/109307","targetHints":{"allow":["GET"]}}],"collection":[{"href":"https:\/\/redenoticiaz.com.br\/litoralsp\/wp-json\/wp\/v2\/posts"}],"about":[{"href":"https:\/\/redenoticiaz.com.br\/litoralsp\/wp-json\/wp\/v2\/types\/post"}],"author":[{"embeddable":true,"href":"https:\/\/redenoticiaz.com.br\/litoralsp\/wp-json\/wp\/v2\/users\/11"}],"replies":[{"embeddable":true,"href":"https:\/\/redenoticiaz.com.br\/litoralsp\/wp-json\/wp\/v2\/comments?post=109307"}],"version-history":[{"count":1,"href":"https:\/\/redenoticiaz.com.br\/litoralsp\/wp-json\/wp\/v2\/posts\/109307\/revisions"}],"predecessor-version":[{"id":109309,"href":"https:\/\/redenoticiaz.com.br\/litoralsp\/wp-json\/wp\/v2\/posts\/109307\/revisions\/109309"}],"wp:featuredmedia":[{"embeddable":true,"href":"https:\/\/redenoticiaz.com.br\/litoralsp\/wp-json\/wp\/v2\/media\/109308"}],"wp:attachment":[{"href":"https:\/\/redenoticiaz.com.br\/litoralsp\/wp-json\/wp\/v2\/media?parent=109307"}],"wp:term":[{"taxonomy":"category","embeddable":true,"href":"https:\/\/redenoticiaz.com.br\/litoralsp\/wp-json\/wp\/v2\/categories?post=109307"},{"taxonomy":"post_tag","embeddable":true,"href":"https:\/\/redenoticiaz.com.br\/litoralsp\/wp-json\/wp\/v2\/tags?post=109307"}],"curies":[{"name":"wp","href":"https:\/\/api.w.org\/{rel}","templated":true}]}}