{"id":109333,"date":"2023-08-09T14:26:32","date_gmt":"2023-08-09T17:26:32","guid":{"rendered":"https:\/\/redenoticiaz.com.br\/litoralsp\/?p=109333"},"modified":"2023-08-09T14:26:32","modified_gmt":"2023-08-09T17:26:32","slug":"prefeitura-de-sao-vicente-declara-emergencia-financeira","status":"publish","type":"post","link":"https:\/\/redenoticiaz.com.br\/litoralsp\/2023\/08\/09\/prefeitura-de-sao-vicente-declara-emergencia-financeira","title":{"rendered":"Prefeitura de S\u00e3o Vicente declara emerg\u00eancia financeira"},"content":{"rendered":"<div id=\"chunk-4n40s\">\n<div class=\"mc-column content-text active-extra-styles \" data-block-type=\"unstyled\" data-block-weight=\"65\" data-block-id=\"3\">\n<p data-track-category=\"Link no Texto\" data-track-links=\"\">A Prefeitura de S\u00e3o Vicente declarou emerg\u00eancia financeira em decreto publicado nesta ter\u00e7a-feira (8), no boletim eletr\u00f4nico do munic\u00edpio.<\/p>\n<p data-track-category=\"Link no Texto\" data-track-links=\"\">De acordo com as informa\u00e7\u00f5es, a medida foi tomada em virtude da queda das metas bimestrais de arrecada\u00e7\u00e3o.<\/p>\n<p data-track-category=\"Link no Texto\" data-track-links=\"\">Ainda de acordo com as informa\u00e7\u00f5es, haver\u00e3o mudan\u00e7as financeiras dentro da administra\u00e7\u00e3o e que ter\u00e3o validade at\u00e9 o final deste ano.<\/p>\n<p data-track-category=\"Link no Texto\" data-track-links=\"\">Sendo assim, todas as secretarias municipais ter\u00e3o corte e apenas os servi\u00e7os b\u00e1sicos na \u00e1rea da sa\u00fade, educa\u00e7\u00e3o, assist\u00eancia social e limpeza urbana.<\/p>\n<p data-track-category=\"Link no Texto\" data-track-links=\"\">Por fim, todos os eventos e solenidades que precisem de dinheiro da m\u00e1quina p\u00fablica ser\u00e3o suspensos.<\/p>\n<p data-track-category=\"Link no Texto\" data-track-links=\"\"><strong>Leia mais<\/strong><\/p>\n<\/div>\n<\/div>\n<div class=\"wall protected-content\">\n<div id=\"chunk-ep177\">\n<div class=\"mc-column content-text active-extra-styles \" data-block-type=\"unstyled\" data-block-weight=\"56\" data-block-id=\"6\">\n<p class=\"content-text__container \" data-track-category=\"Link no Texto\" data-track-links=\"\"><a href=\"https:\/\/redenoticiaz.com.br\/litoralsp\/2023\/08\/09\/casal-morre-apos-acidente-grave-de-moto-em-sao-vicente\">Casal morre ap\u00f3s acidente grave de moto em S\u00e3o Vicente<\/a><\/p>\n<\/div>\n<\/div>\n<\/div>\n","protected":false},"excerpt":{"rendered":"<p>A Prefeitura de S\u00e3o Vicente declarou emerg\u00eancia financeira em decreto publicado nesta ter\u00e7a-feira (8), no boletim eletr\u00f4nico do munic\u00edpio. De acordo com as informa\u00e7\u00f5es, a medida foi tomada em virtude da queda das metas bimestrais de arrecada\u00e7\u00e3o. Ainda de acordo com as informa\u00e7\u00f5es, haver\u00e3o mudan\u00e7as financeiras dentro da administra\u00e7\u00e3o e que ter\u00e3o validade at\u00e9 o &hellip;<\/p>\n","protected":false},"author":12,"featured_media":109334,"comment_status":"open","ping_status":"closed","sticky":false,"template":"","format":"standard","meta":{"footnotes":""},"categories":[1],"tags":[65902,66651,29935,33],"class_list":["post-109333","post","type-post","status-publish","format-standard","has-post-thumbnail","hentry","category-sem","tag-arrecadacao","tag-financeira","tag-prefeitura-de-sao-vicente","tag-sao-vicente"],"yoast_head":"<!-- This site is optimized with the Yoast SEO plugin v27.5 - https:\/\/yoast.com\/product\/yoast-seo-wordpress\/ -->\n<title>Prefeitura de S\u00e3o Vicente declara emerg\u00eancia financeira - Litoral SP<\/title>\n<meta name=\"description\" content=\"A Prefeitura de S\u00e3o Vicente declarou emerg\u00eancia financeira em decreto publicado nesta ter\u00e7a-feira (8), no boletim eletr\u00f4nico do munic\u00edpio.\" \/>\n<meta name=\"robots\" content=\"index, follow, max-snippet:-1, max-image-preview:large, max-video-preview:-1\" \/>\n<link rel=\"canonical\" href=\"https:\/\/redenoticiaz.com.br\/litoralsp\/2023\/08\/09\/prefeitura-de-sao-vicente-declara-emergencia-financeira\" \/>\n<meta property=\"og:locale\" content=\"pt_BR\" \/>\n<meta property=\"og:type\" content=\"article\" \/>\n<meta property=\"og:title\" content=\"Prefeitura de S\u00e3o Vicente declara emerg\u00eancia financeira - Litoral SP\" \/>\n<meta property=\"og:description\" content=\"A Prefeitura de S\u00e3o Vicente declarou emerg\u00eancia financeira em decreto publicado nesta ter\u00e7a-feira (8), no boletim eletr\u00f4nico do munic\u00edpio.\" \/>\n<meta property=\"og:url\" content=\"https:\/\/redenoticiaz.com.br\/litoralsp\/2023\/08\/09\/prefeitura-de-sao-vicente-declara-emergencia-financeira\" \/>\n<meta property=\"og:site_name\" content=\"Litoral SP\" \/>\n<meta property=\"article:published_time\" content=\"2023-08-09T17:26:32+00:00\" \/>\n<meta property=\"og:image\" content=\"https:\/\/redenoticiaz.com.br\/litoralsp\/wp-content\/uploads\/sites\/3\/2023\/08\/design-sem-nome-84-.jpg\" \/>\n\t<meta property=\"og:image:width\" content=\"1000\" \/>\n\t<meta property=\"og:image:height\" content=\"667\" \/>\n\t<meta property=\"og:image:type\" content=\"image\/jpeg\" \/>\n<meta name=\"author\" content=\"Gustavo Silva\" \/>\n<meta name=\"twitter:card\" content=\"summary_large_image\" \/>\n<meta name=\"twitter:label1\" content=\"Escrito por\" \/>\n\t<meta name=\"twitter:data1\" content=\"Gustavo Silva\" \/>\n\t<meta name=\"twitter:label2\" content=\"Est. tempo de leitura\" \/>\n\t<meta name=\"twitter:data2\" content=\"1 minuto\" \/>\n<script type=\"application\/ld+json\" class=\"yoast-schema-graph\">{\"@context\":\"https:\\\/\\\/schema.org\",\"@graph\":[{\"@type\":\"Article\",\"@id\":\"https:\\\/\\\/redenoticiaz.com.br\\\/litoralsp\\\/2023\\\/08\\\/09\\\/prefeitura-de-sao-vicente-declara-emergencia-financeira#article\",\"isPartOf\":{\"@id\":\"https:\\\/\\\/redenoticiaz.com.br\\\/litoralsp\\\/2023\\\/08\\\/09\\\/prefeitura-de-sao-vicente-declara-emergencia-financeira\"},\"author\":{\"name\":\"Gustavo Silva\",\"@id\":\"https:\\\/\\\/redenoticiaz.com.br\\\/litoralsp\\\/#\\\/schema\\\/person\\\/16057b37a3c0ee6b096d7f887c566e2e\"},\"headline\":\"Prefeitura de S\u00e3o Vicente declara emerg\u00eancia financeira\",\"datePublished\":\"2023-08-09T17:26:32+00:00\",\"mainEntityOfPage\":{\"@id\":\"https:\\\/\\\/redenoticiaz.com.br\\\/litoralsp\\\/2023\\\/08\\\/09\\\/prefeitura-de-sao-vicente-declara-emergencia-financeira\"},\"wordCount\":140,\"commentCount\":0,\"publisher\":{\"@id\":\"https:\\\/\\\/redenoticiaz.com.br\\\/litoralsp\\\/#organization\"},\"image\":{\"@id\":\"https:\\\/\\\/redenoticiaz.com.br\\\/litoralsp\\\/2023\\\/08\\\/09\\\/prefeitura-de-sao-vicente-declara-emergencia-financeira#primaryimage\"},\"thumbnailUrl\":\"https:\\\/\\\/redenoticiaz.com.br\\\/litoralsp\\\/wp-content\\\/uploads\\\/sites\\\/3\\\/2023\\\/08\\\/design-sem-nome-84-.jpg\",\"keywords\":[\"ARRECADA\u00c7\u00c3O\",\"financeira\",\"PREFEITURA DE S\u00c3O VICENTE\",\"S\u00e3o Vicente\"],\"articleSection\":[\"sem\"],\"inLanguage\":\"pt-BR\",\"potentialAction\":[{\"@type\":\"CommentAction\",\"name\":\"Comment\",\"target\":[\"https:\\\/\\\/redenoticiaz.com.br\\\/litoralsp\\\/2023\\\/08\\\/09\\\/prefeitura-de-sao-vicente-declara-emergencia-financeira#respond\"]}]},{\"@type\":\"WebPage\",\"@id\":\"https:\\\/\\\/redenoticiaz.com.br\\\/litoralsp\\\/2023\\\/08\\\/09\\\/prefeitura-de-sao-vicente-declara-emergencia-financeira\",\"url\":\"https:\\\/\\\/redenoticiaz.com.br\\\/litoralsp\\\/2023\\\/08\\\/09\\\/prefeitura-de-sao-vicente-declara-emergencia-financeira\",\"name\":\"Prefeitura de S\u00e3o Vicente declara emerg\u00eancia financeira - Litoral SP\",\"isPartOf\":{\"@id\":\"https:\\\/\\\/redenoticiaz.com.br\\\/litoralsp\\\/#website\"},\"primaryImageOfPage\":{\"@id\":\"https:\\\/\\\/redenoticiaz.com.br\\\/litoralsp\\\/2023\\\/08\\\/09\\\/prefeitura-de-sao-vicente-declara-emergencia-financeira#primaryimage\"},\"image\":{\"@id\":\"https:\\\/\\\/redenoticiaz.com.br\\\/litoralsp\\\/2023\\\/08\\\/09\\\/prefeitura-de-sao-vicente-declara-emergencia-financeira#primaryimage\"},\"thumbnailUrl\":\"https:\\\/\\\/redenoticiaz.com.br\\\/litoralsp\\\/wp-content\\\/uploads\\\/sites\\\/3\\\/2023\\\/08\\\/design-sem-nome-84-.jpg\",\"datePublished\":\"2023-08-09T17:26:32+00:00\",\"description\":\"A Prefeitura de S\u00e3o Vicente declarou emerg\u00eancia financeira em decreto publicado nesta ter\u00e7a-feira (8), no boletim eletr\u00f4nico do munic\u00edpio.\",\"inLanguage\":\"pt-BR\",\"potentialAction\":[{\"@type\":\"ReadAction\",\"target\":[\"https:\\\/\\\/redenoticiaz.com.br\\\/litoralsp\\\/2023\\\/08\\\/09\\\/prefeitura-de-sao-vicente-declara-emergencia-financeira\"]}]},{\"@type\":\"ImageObject\",\"inLanguage\":\"pt-BR\",\"@id\":\"https:\\\/\\\/redenoticiaz.com.br\\\/litoralsp\\\/2023\\\/08\\\/09\\\/prefeitura-de-sao-vicente-declara-emergencia-financeira#primaryimage\",\"url\":\"https:\\\/\\\/redenoticiaz.com.br\\\/litoralsp\\\/wp-content\\\/uploads\\\/sites\\\/3\\\/2023\\\/08\\\/design-sem-nome-84-.jpg\",\"contentUrl\":\"https:\\\/\\\/redenoticiaz.com.br\\\/litoralsp\\\/wp-content\\\/uploads\\\/sites\\\/3\\\/2023\\\/08\\\/design-sem-nome-84-.jpg\",\"width\":1000,\"height\":667,\"caption\":\"Prefeitura de S\u00e3o Vicente declara emerg\u00eancia financeira\"},{\"@type\":\"WebSite\",\"@id\":\"https:\\\/\\\/redenoticiaz.com.br\\\/litoralsp\\\/#website\",\"url\":\"https:\\\/\\\/redenoticiaz.com.br\\\/litoralsp\\\/\",\"name\":\"Litoral SP\",\"description\":\"Rede NoticiaZ\",\"publisher\":{\"@id\":\"https:\\\/\\\/redenoticiaz.com.br\\\/litoralsp\\\/#organization\"},\"potentialAction\":[{\"@type\":\"SearchAction\",\"target\":{\"@type\":\"EntryPoint\",\"urlTemplate\":\"https:\\\/\\\/redenoticiaz.com.br\\\/litoralsp\\\/?s={search_term_string}\"},\"query-input\":{\"@type\":\"PropertyValueSpecification\",\"valueRequired\":true,\"valueName\":\"search_term_string\"}}],\"inLanguage\":\"pt-BR\"},{\"@type\":\"Organization\",\"@id\":\"https:\\\/\\\/redenoticiaz.com.br\\\/litoralsp\\\/#organization\",\"name\":\"Litoral SP\",\"url\":\"https:\\\/\\\/redenoticiaz.com.br\\\/litoralsp\\\/\",\"logo\":{\"@type\":\"ImageObject\",\"inLanguage\":\"pt-BR\",\"@id\":\"https:\\\/\\\/redenoticiaz.com.br\\\/litoralsp\\\/#\\\/schema\\\/logo\\\/image\\\/\",\"url\":\"https:\\\/\\\/redenoticiaz.com.br\\\/litoralsp\\\/wp-content\\\/uploads\\\/sites\\\/3\\\/2020\\\/11\\\/logo.jpg\",\"contentUrl\":\"https:\\\/\\\/redenoticiaz.com.br\\\/litoralsp\\\/wp-content\\\/uploads\\\/sites\\\/3\\\/2020\\\/11\\\/logo.jpg\",\"width\":400,\"height\":250,\"caption\":\"Litoral SP\"},\"image\":{\"@id\":\"https:\\\/\\\/redenoticiaz.com.br\\\/litoralsp\\\/#\\\/schema\\\/logo\\\/image\\\/\"}},{\"@type\":\"Person\",\"@id\":\"https:\\\/\\\/redenoticiaz.com.br\\\/litoralsp\\\/#\\\/schema\\\/person\\\/16057b37a3c0ee6b096d7f887c566e2e\",\"name\":\"Gustavo Silva\",\"image\":{\"@type\":\"ImageObject\",\"inLanguage\":\"pt-BR\",\"@id\":\"https:\\\/\\\/secure.gravatar.com\\\/avatar\\\/3ee4e82f93b26de0a7cf4ea5eb7893da637ed6bb0c9170c58065944c56e28a33?s=96&d=mm&r=g\",\"url\":\"https:\\\/\\\/secure.gravatar.com\\\/avatar\\\/3ee4e82f93b26de0a7cf4ea5eb7893da637ed6bb0c9170c58065944c56e28a33?s=96&d=mm&r=g\",\"contentUrl\":\"https:\\\/\\\/secure.gravatar.com\\\/avatar\\\/3ee4e82f93b26de0a7cf4ea5eb7893da637ed6bb0c9170c58065944c56e28a33?s=96&d=mm&r=g\",\"caption\":\"Gustavo Silva\"},\"url\":\"https:\\\/\\\/redenoticiaz.com.br\\\/litoralsp\\\/author\\\/gustavosilva\"}]}<\/script>\n<!-- \/ Yoast SEO plugin. -->","yoast_head_json":{"title":"Prefeitura de S\u00e3o Vicente declara emerg\u00eancia financeira - Litoral SP","description":"A Prefeitura de S\u00e3o Vicente declarou emerg\u00eancia financeira em decreto publicado nesta ter\u00e7a-feira (8), no boletim eletr\u00f4nico do munic\u00edpio.","robots":{"index":"index","follow":"follow","max-snippet":"max-snippet:-1","max-image-preview":"max-image-preview:large","max-video-preview":"max-video-preview:-1"},"canonical":"https:\/\/redenoticiaz.com.br\/litoralsp\/2023\/08\/09\/prefeitura-de-sao-vicente-declara-emergencia-financeira","og_locale":"pt_BR","og_type":"article","og_title":"Prefeitura de S\u00e3o Vicente declara emerg\u00eancia financeira - Litoral SP","og_description":"A Prefeitura de S\u00e3o Vicente declarou emerg\u00eancia financeira em decreto publicado nesta ter\u00e7a-feira (8), no boletim eletr\u00f4nico do munic\u00edpio.","og_url":"https:\/\/redenoticiaz.com.br\/litoralsp\/2023\/08\/09\/prefeitura-de-sao-vicente-declara-emergencia-financeira","og_site_name":"Litoral SP","article_published_time":"2023-08-09T17:26:32+00:00","og_image":[{"width":1000,"height":667,"url":"https:\/\/redenoticiaz.com.br\/litoralsp\/wp-content\/uploads\/sites\/3\/2023\/08\/design-sem-nome-84-.jpg","type":"image\/jpeg"}],"author":"Gustavo Silva","twitter_card":"summary_large_image","twitter_misc":{"Escrito por":"Gustavo Silva","Est. tempo de leitura":"1 minuto"},"schema":{"@context":"https:\/\/schema.org","@graph":[{"@type":"Article","@id":"https:\/\/redenoticiaz.com.br\/litoralsp\/2023\/08\/09\/prefeitura-de-sao-vicente-declara-emergencia-financeira#article","isPartOf":{"@id":"https:\/\/redenoticiaz.com.br\/litoralsp\/2023\/08\/09\/prefeitura-de-sao-vicente-declara-emergencia-financeira"},"author":{"name":"Gustavo Silva","@id":"https:\/\/redenoticiaz.com.br\/litoralsp\/#\/schema\/person\/16057b37a3c0ee6b096d7f887c566e2e"},"headline":"Prefeitura de S\u00e3o Vicente declara emerg\u00eancia financeira","datePublished":"2023-08-09T17:26:32+00:00","mainEntityOfPage":{"@id":"https:\/\/redenoticiaz.com.br\/litoralsp\/2023\/08\/09\/prefeitura-de-sao-vicente-declara-emergencia-financeira"},"wordCount":140,"commentCount":0,"publisher":{"@id":"https:\/\/redenoticiaz.com.br\/litoralsp\/#organization"},"image":{"@id":"https:\/\/redenoticiaz.com.br\/litoralsp\/2023\/08\/09\/prefeitura-de-sao-vicente-declara-emergencia-financeira#primaryimage"},"thumbnailUrl":"https:\/\/redenoticiaz.com.br\/litoralsp\/wp-content\/uploads\/sites\/3\/2023\/08\/design-sem-nome-84-.jpg","keywords":["ARRECADA\u00c7\u00c3O","financeira","PREFEITURA DE S\u00c3O VICENTE","S\u00e3o Vicente"],"articleSection":["sem"],"inLanguage":"pt-BR","potentialAction":[{"@type":"CommentAction","name":"Comment","target":["https:\/\/redenoticiaz.com.br\/litoralsp\/2023\/08\/09\/prefeitura-de-sao-vicente-declara-emergencia-financeira#respond"]}]},{"@type":"WebPage","@id":"https:\/\/redenoticiaz.com.br\/litoralsp\/2023\/08\/09\/prefeitura-de-sao-vicente-declara-emergencia-financeira","url":"https:\/\/redenoticiaz.com.br\/litoralsp\/2023\/08\/09\/prefeitura-de-sao-vicente-declara-emergencia-financeira","name":"Prefeitura de S\u00e3o Vicente declara emerg\u00eancia financeira - Litoral SP","isPartOf":{"@id":"https:\/\/redenoticiaz.com.br\/litoralsp\/#website"},"primaryImageOfPage":{"@id":"https:\/\/redenoticiaz.com.br\/litoralsp\/2023\/08\/09\/prefeitura-de-sao-vicente-declara-emergencia-financeira#primaryimage"},"image":{"@id":"https:\/\/redenoticiaz.com.br\/litoralsp\/2023\/08\/09\/prefeitura-de-sao-vicente-declara-emergencia-financeira#primaryimage"},"thumbnailUrl":"https:\/\/redenoticiaz.com.br\/litoralsp\/wp-content\/uploads\/sites\/3\/2023\/08\/design-sem-nome-84-.jpg","datePublished":"2023-08-09T17:26:32+00:00","description":"A Prefeitura de S\u00e3o Vicente declarou emerg\u00eancia financeira em decreto publicado nesta ter\u00e7a-feira (8), no boletim eletr\u00f4nico do munic\u00edpio.","inLanguage":"pt-BR","potentialAction":[{"@type":"ReadAction","target":["https:\/\/redenoticiaz.com.br\/litoralsp\/2023\/08\/09\/prefeitura-de-sao-vicente-declara-emergencia-financeira"]}]},{"@type":"ImageObject","inLanguage":"pt-BR","@id":"https:\/\/redenoticiaz.com.br\/litoralsp\/2023\/08\/09\/prefeitura-de-sao-vicente-declara-emergencia-financeira#primaryimage","url":"https:\/\/redenoticiaz.com.br\/litoralsp\/wp-content\/uploads\/sites\/3\/2023\/08\/design-sem-nome-84-.jpg","contentUrl":"https:\/\/redenoticiaz.com.br\/litoralsp\/wp-content\/uploads\/sites\/3\/2023\/08\/design-sem-nome-84-.jpg","width":1000,"height":667,"caption":"Prefeitura de S\u00e3o Vicente declara emerg\u00eancia financeira"},{"@type":"WebSite","@id":"https:\/\/redenoticiaz.com.br\/litoralsp\/#website","url":"https:\/\/redenoticiaz.com.br\/litoralsp\/","name":"Litoral SP","description":"Rede NoticiaZ","publisher":{"@id":"https:\/\/redenoticiaz.com.br\/litoralsp\/#organization"},"potentialAction":[{"@type":"SearchAction","target":{"@type":"EntryPoint","urlTemplate":"https:\/\/redenoticiaz.com.br\/litoralsp\/?s={search_term_string}"},"query-input":{"@type":"PropertyValueSpecification","valueRequired":true,"valueName":"search_term_string"}}],"inLanguage":"pt-BR"},{"@type":"Organization","@id":"https:\/\/redenoticiaz.com.br\/litoralsp\/#organization","name":"Litoral SP","url":"https:\/\/redenoticiaz.com.br\/litoralsp\/","logo":{"@type":"ImageObject","inLanguage":"pt-BR","@id":"https:\/\/redenoticiaz.com.br\/litoralsp\/#\/schema\/logo\/image\/","url":"https:\/\/redenoticiaz.com.br\/litoralsp\/wp-content\/uploads\/sites\/3\/2020\/11\/logo.jpg","contentUrl":"https:\/\/redenoticiaz.com.br\/litoralsp\/wp-content\/uploads\/sites\/3\/2020\/11\/logo.jpg","width":400,"height":250,"caption":"Litoral SP"},"image":{"@id":"https:\/\/redenoticiaz.com.br\/litoralsp\/#\/schema\/logo\/image\/"}},{"@type":"Person","@id":"https:\/\/redenoticiaz.com.br\/litoralsp\/#\/schema\/person\/16057b37a3c0ee6b096d7f887c566e2e","name":"Gustavo Silva","image":{"@type":"ImageObject","inLanguage":"pt-BR","@id":"https:\/\/secure.gravatar.com\/avatar\/3ee4e82f93b26de0a7cf4ea5eb7893da637ed6bb0c9170c58065944c56e28a33?s=96&d=mm&r=g","url":"https:\/\/secure.gravatar.com\/avatar\/3ee4e82f93b26de0a7cf4ea5eb7893da637ed6bb0c9170c58065944c56e28a33?s=96&d=mm&r=g","contentUrl":"https:\/\/secure.gravatar.com\/avatar\/3ee4e82f93b26de0a7cf4ea5eb7893da637ed6bb0c9170c58065944c56e28a33?s=96&d=mm&r=g","caption":"Gustavo Silva"},"url":"https:\/\/redenoticiaz.com.br\/litoralsp\/author\/gustavosilva"}]}},"_links":{"self":[{"href":"https:\/\/redenoticiaz.com.br\/litoralsp\/wp-json\/wp\/v2\/posts\/109333","targetHints":{"allow":["GET"]}}],"collection":[{"href":"https:\/\/redenoticiaz.com.br\/litoralsp\/wp-json\/wp\/v2\/posts"}],"about":[{"href":"https:\/\/redenoticiaz.com.br\/litoralsp\/wp-json\/wp\/v2\/types\/post"}],"author":[{"embeddable":true,"href":"https:\/\/redenoticiaz.com.br\/litoralsp\/wp-json\/wp\/v2\/users\/12"}],"replies":[{"embeddable":true,"href":"https:\/\/redenoticiaz.com.br\/litoralsp\/wp-json\/wp\/v2\/comments?post=109333"}],"version-history":[{"count":1,"href":"https:\/\/redenoticiaz.com.br\/litoralsp\/wp-json\/wp\/v2\/posts\/109333\/revisions"}],"predecessor-version":[{"id":109335,"href":"https:\/\/redenoticiaz.com.br\/litoralsp\/wp-json\/wp\/v2\/posts\/109333\/revisions\/109335"}],"wp:featuredmedia":[{"embeddable":true,"href":"https:\/\/redenoticiaz.com.br\/litoralsp\/wp-json\/wp\/v2\/media\/109334"}],"wp:attachment":[{"href":"https:\/\/redenoticiaz.com.br\/litoralsp\/wp-json\/wp\/v2\/media?parent=109333"}],"wp:term":[{"taxonomy":"category","embeddable":true,"href":"https:\/\/redenoticiaz.com.br\/litoralsp\/wp-json\/wp\/v2\/categories?post=109333"},{"taxonomy":"post_tag","embeddable":true,"href":"https:\/\/redenoticiaz.com.br\/litoralsp\/wp-json\/wp\/v2\/tags?post=109333"}],"curies":[{"name":"wp","href":"https:\/\/api.w.org\/{rel}","templated":true}]}}