{"id":109362,"date":"2023-08-10T09:40:51","date_gmt":"2023-08-10T12:40:51","guid":{"rendered":"https:\/\/redenoticiaz.com.br\/litoralsp\/?p=109362"},"modified":"2023-08-10T09:40:51","modified_gmt":"2023-08-10T12:40:51","slug":"colombianos-sao-presos-com-tijolos-de-drogas-em-flagrante-em-itanhaem","status":"publish","type":"post","link":"https:\/\/redenoticiaz.com.br\/litoralsp\/2023\/08\/10\/colombianos-sao-presos-com-tijolos-de-drogas-em-flagrante-em-itanhaem","title":{"rendered":"Colombianos s\u00e3o presos com tijolos de drogas em flagrante em Itanha\u00e9m"},"content":{"rendered":"<div id=\"chunk-5okid\">\n<div class=\"mc-column content-text active-extra-styles \" data-block-type=\"unstyled\" data-block-weight=\"47\" data-block-id=\"3\">\n<p class=\"content-text__container \" data-track-category=\"Link no Texto\" data-track-links=\"\"><strong>Quatro colombianos, entre 27 e 54 anos, foram presos em flagrante por tr\u00e1fico de drogas em uma zona de mata<\/strong> em <a href=\"http:\/\/itanhaem.sp.gov.br\">Itanha\u00e9m<\/a>. Eles estavam em uma edifica\u00e7\u00e3o de madeira, com tambores contendo acetona, peneiras, medidores e produtos relacionados ao preparo dos entorpecentes.<\/p>\n<\/div>\n<\/div>\n<div class=\"wall protected-content\">\n<div id=\"chunk-ftpd\">\n<div class=\"mc-column content-text active-extra-styles \" data-block-type=\"unstyled\" data-block-weight=\"35\" data-block-id=\"4\">\n<p class=\"content-text__container \" data-track-category=\"Link no Texto\" data-track-links=\"\">De acordo com a Pol\u00edcia Ambiental, agentes foram cumprir uma requisi\u00e7\u00e3o do Minist\u00e9rio P\u00fablico, sobre as medidas de recupera\u00e7\u00e3o de \u00e1rea no Parque Vergara. Durante o trabalho, os policiais identificaram quatro homens de nacionalidade colombiana.<\/p>\n<\/div>\n<\/div>\n<div id=\"chunk-1075j\">\n<div class=\"mc-column content-text active-extra-styles \" data-block-type=\"unstyled\" data-block-weight=\"46\" data-block-id=\"5\">\n<p class=\"content-text__container \" data-track-category=\"Link no Texto\" data-track-links=\"\">No interior da floresta, equipes do 3\u00ba Batalh\u00e3o de Pol\u00edcia Ambiental encontraram uma edifica\u00e7\u00e3o feita de madeira, com produtos e utens\u00edlios relacionados ao preparo de drogas.<\/p>\n<\/div>\n<\/div>\n<div id=\"chunk-aidua\">\n<div class=\"mc-column content-text active-extra-styles \" data-block-type=\"unstyled\" data-block-weight=\"21\" data-block-id=\"7\">\n<p class=\"content-text__container \" data-track-category=\"Link no Texto\" data-track-links=\"\">Ao todo, no local, foram apreendidos 25 tijolos de coca\u00edna, gasolina, solvente, \u00f3leo diesel e produtos relacionados ao preparo de drogas.<\/p>\n<\/div>\n<\/div>\n<div id=\"chunk-8vj7j\">\n<div class=\"mc-column content-text active-extra-styles \" data-block-type=\"unstyled\" data-block-weight=\"30\" data-block-id=\"8\">\n<p class=\"content-text__container \" data-track-category=\"Link no Texto\" data-track-links=\"\">A Secretaria de Seguran\u00e7a P\u00fablica de S\u00e3o Paulo (SSP) informou que os quatro colombianos foram presos em flagrante por tr\u00e1fico de drogas, no Jardim Anchieta Gleba A, em Itanha\u00e9m.<\/p>\n<\/div>\n<\/div>\n<div id=\"chunk-ai9n4\">\n<div class=\"mc-column content-text active-extra-styles \" data-block-type=\"unstyled\" data-block-weight=\"28\" data-block-id=\"9\">\n<p class=\"content-text__container \" data-track-category=\"Link no Texto\" data-track-links=\"\">O local foi periciado e os materiais foram apreendidos. Os homens foram conduzidos \u00e0 Delegacia de Investiga\u00e7\u00f5es Sobre Entorpecentes (DISE) de Itanha\u00e9m, que acionou o consulado colombiano.<\/p>\n<p data-track-category=\"Link no Texto\" data-track-links=\"\"><em><strong>LEIA MAIS<\/strong><\/em><br \/>\n<a href=\"https:\/\/redenoticiaz.com.br\/litoralsp\/2023\/08\/10\/corpo-de-homem-e-encontrado-com-marcas-de-tiros-em-ubatuba\">Corpo de homem \u00e9 encontrado com marcas de tiros em Ubatuba<\/a><\/p>\n<\/div>\n<\/div>\n<div id=\"chunk-e8ob5\">\n<div class=\"content-ads content-ads--reveal\" data-block-type=\"ads\" data-block-id=\"12\">\n<div class=\"tag-manager-publicidade-container mc-has-reveal mc-has-ad-lazyload\" data-id=\"banner_materia__f261a952-b01c-4206-a50c-d73ed0cd9708\"><\/div>\n<\/div>\n<\/div>\n<div id=\"chunk-79rr3\">\n<div class=\"mc-column content-text active-extra-styles\" data-block-type=\"raw\" data-block-weight=\"6\" data-block-id=\"13\">\n<p class=\"content-text__container\">\n<div class=\"content-intertitle\"><\/div>\n<\/div>\n<\/div>\n<\/div>\n","protected":false},"excerpt":{"rendered":"<p>Quatro colombianos, entre 27 e 54 anos, foram presos em flagrante por tr\u00e1fico de drogas em uma zona de mata em Itanha\u00e9m. Eles estavam em uma edifica\u00e7\u00e3o de madeira, com tambores contendo acetona, peneiras, medidores e produtos relacionados ao preparo dos entorpecentes. De acordo com a Pol\u00edcia Ambiental, agentes foram cumprir uma requisi\u00e7\u00e3o do Minist\u00e9rio &hellip;<\/p>\n","protected":false},"author":11,"featured_media":109363,"comment_status":"open","ping_status":"closed","sticky":false,"template":"","format":"standard","meta":{"footnotes":""},"categories":[184,10],"tags":[66665,1968,1068,66666],"class_list":["post-109362","post","type-post","status-publish","format-standard","has-post-thumbnail","hentry","category-itanhaem","category-policia","tag-colombianos","tag-flagrante","tag-itanhaem","tag-quatro-colombianos"],"yoast_head":"<!-- This site is optimized with the Yoast SEO plugin v27.5 - https:\/\/yoast.com\/product\/yoast-seo-wordpress\/ -->\n<title>Colombianos s\u00e3o presos com tijolos de drogas em flagrante em Itanha\u00e9m - Litoral SP<\/title>\n<meta name=\"description\" content=\"Quatro colombianos, entre 27 e 54 anos, foram presos em flagrante por tr\u00e1fico de drogas em uma zona de mata em Itanha\u00e9m.\" \/>\n<meta name=\"robots\" content=\"index, follow, max-snippet:-1, max-image-preview:large, max-video-preview:-1\" \/>\n<link rel=\"canonical\" href=\"https:\/\/redenoticiaz.com.br\/litoralsp\/2023\/08\/10\/colombianos-sao-presos-com-tijolos-de-drogas-em-flagrante-em-itanhaem\" \/>\n<meta property=\"og:locale\" content=\"pt_BR\" \/>\n<meta property=\"og:type\" content=\"article\" \/>\n<meta property=\"og:title\" content=\"Colombianos s\u00e3o presos com tijolos de drogas em flagrante em Itanha\u00e9m - Litoral SP\" \/>\n<meta property=\"og:description\" content=\"Quatro colombianos, entre 27 e 54 anos, foram presos em flagrante por tr\u00e1fico de drogas em uma zona de mata em Itanha\u00e9m.\" \/>\n<meta property=\"og:url\" content=\"https:\/\/redenoticiaz.com.br\/litoralsp\/2023\/08\/10\/colombianos-sao-presos-com-tijolos-de-drogas-em-flagrante-em-itanhaem\" \/>\n<meta property=\"og:site_name\" content=\"Litoral SP\" \/>\n<meta property=\"article:published_time\" content=\"2023-08-10T12:40:51+00:00\" \/>\n<meta property=\"og:image\" content=\"https:\/\/redenoticiaz.com.br\/litoralsp\/wp-content\/uploads\/sites\/3\/2023\/08\/WhatsApp-Image-2023-08-10-at-09.39.27.jpeg\" \/>\n\t<meta property=\"og:image:width\" content=\"637\" \/>\n\t<meta property=\"og:image:height\" content=\"282\" \/>\n\t<meta property=\"og:image:type\" content=\"image\/jpeg\" \/>\n<meta name=\"twitter:card\" content=\"summary_large_image\" \/>\n<meta name=\"twitter:image\" content=\"https:\/\/redenoticiaz.com.br\/litoralsp\/wp-content\/uploads\/sites\/3\/2023\/08\/WhatsApp-Image-2023-08-10-at-09.39.27.jpeg\" \/>\n<meta name=\"twitter:label1\" content=\"Escrito por\" \/>\n\t<meta name=\"twitter:data1\" content=\"\" \/>\n\t<meta name=\"twitter:label2\" content=\"Est. tempo de leitura\" \/>\n\t<meta name=\"twitter:data2\" content=\"2 minutos\" \/>\n<script type=\"application\/ld+json\" class=\"yoast-schema-graph\">{\"@context\":\"https:\\\/\\\/schema.org\",\"@graph\":[{\"@type\":\"Article\",\"@id\":\"https:\\\/\\\/redenoticiaz.com.br\\\/litoralsp\\\/2023\\\/08\\\/10\\\/colombianos-sao-presos-com-tijolos-de-drogas-em-flagrante-em-itanhaem#article\",\"isPartOf\":{\"@id\":\"https:\\\/\\\/redenoticiaz.com.br\\\/litoralsp\\\/2023\\\/08\\\/10\\\/colombianos-sao-presos-com-tijolos-de-drogas-em-flagrante-em-itanhaem\"},\"author\":{\"name\":\"\",\"@id\":\"\"},\"headline\":\"Colombianos s\u00e3o presos com tijolos de drogas em flagrante em Itanha\u00e9m\",\"datePublished\":\"2023-08-10T12:40:51+00:00\",\"mainEntityOfPage\":{\"@id\":\"https:\\\/\\\/redenoticiaz.com.br\\\/litoralsp\\\/2023\\\/08\\\/10\\\/colombianos-sao-presos-com-tijolos-de-drogas-em-flagrante-em-itanhaem\"},\"wordCount\":220,\"commentCount\":0,\"publisher\":{\"@id\":\"https:\\\/\\\/redenoticiaz.com.br\\\/litoralsp\\\/#organization\"},\"image\":{\"@id\":\"https:\\\/\\\/redenoticiaz.com.br\\\/litoralsp\\\/2023\\\/08\\\/10\\\/colombianos-sao-presos-com-tijolos-de-drogas-em-flagrante-em-itanhaem#primaryimage\"},\"thumbnailUrl\":\"https:\\\/\\\/redenoticiaz.com.br\\\/litoralsp\\\/wp-content\\\/uploads\\\/sites\\\/3\\\/2023\\\/08\\\/WhatsApp-Image-2023-08-10-at-09.39.27.jpeg\",\"keywords\":[\"COLOMBIANOS\",\"FLAGRANTE\",\"ITANHA\u00c9M\",\"QUATRO COLOMBIANOS\"],\"articleSection\":[\"Itanha\u00e9m\",\"Pol\u00edcia\"],\"inLanguage\":\"pt-BR\",\"potentialAction\":[{\"@type\":\"CommentAction\",\"name\":\"Comment\",\"target\":[\"https:\\\/\\\/redenoticiaz.com.br\\\/litoralsp\\\/2023\\\/08\\\/10\\\/colombianos-sao-presos-com-tijolos-de-drogas-em-flagrante-em-itanhaem#respond\"]}]},{\"@type\":\"WebPage\",\"@id\":\"https:\\\/\\\/redenoticiaz.com.br\\\/litoralsp\\\/2023\\\/08\\\/10\\\/colombianos-sao-presos-com-tijolos-de-drogas-em-flagrante-em-itanhaem\",\"url\":\"https:\\\/\\\/redenoticiaz.com.br\\\/litoralsp\\\/2023\\\/08\\\/10\\\/colombianos-sao-presos-com-tijolos-de-drogas-em-flagrante-em-itanhaem\",\"name\":\"Colombianos s\u00e3o presos com tijolos de drogas em flagrante em Itanha\u00e9m - Litoral SP\",\"isPartOf\":{\"@id\":\"https:\\\/\\\/redenoticiaz.com.br\\\/litoralsp\\\/#website\"},\"primaryImageOfPage\":{\"@id\":\"https:\\\/\\\/redenoticiaz.com.br\\\/litoralsp\\\/2023\\\/08\\\/10\\\/colombianos-sao-presos-com-tijolos-de-drogas-em-flagrante-em-itanhaem#primaryimage\"},\"image\":{\"@id\":\"https:\\\/\\\/redenoticiaz.com.br\\\/litoralsp\\\/2023\\\/08\\\/10\\\/colombianos-sao-presos-com-tijolos-de-drogas-em-flagrante-em-itanhaem#primaryimage\"},\"thumbnailUrl\":\"https:\\\/\\\/redenoticiaz.com.br\\\/litoralsp\\\/wp-content\\\/uploads\\\/sites\\\/3\\\/2023\\\/08\\\/WhatsApp-Image-2023-08-10-at-09.39.27.jpeg\",\"datePublished\":\"2023-08-10T12:40:51+00:00\",\"description\":\"Quatro colombianos, entre 27 e 54 anos, foram presos em flagrante por tr\u00e1fico de drogas em uma zona de mata em Itanha\u00e9m.\",\"inLanguage\":\"pt-BR\",\"potentialAction\":[{\"@type\":\"ReadAction\",\"target\":[\"https:\\\/\\\/redenoticiaz.com.br\\\/litoralsp\\\/2023\\\/08\\\/10\\\/colombianos-sao-presos-com-tijolos-de-drogas-em-flagrante-em-itanhaem\"]}]},{\"@type\":\"ImageObject\",\"inLanguage\":\"pt-BR\",\"@id\":\"https:\\\/\\\/redenoticiaz.com.br\\\/litoralsp\\\/2023\\\/08\\\/10\\\/colombianos-sao-presos-com-tijolos-de-drogas-em-flagrante-em-itanhaem#primaryimage\",\"url\":\"https:\\\/\\\/redenoticiaz.com.br\\\/litoralsp\\\/wp-content\\\/uploads\\\/sites\\\/3\\\/2023\\\/08\\\/WhatsApp-Image-2023-08-10-at-09.39.27.jpeg\",\"contentUrl\":\"https:\\\/\\\/redenoticiaz.com.br\\\/litoralsp\\\/wp-content\\\/uploads\\\/sites\\\/3\\\/2023\\\/08\\\/WhatsApp-Image-2023-08-10-at-09.39.27.jpeg\",\"width\":637,\"height\":282,\"caption\":\"Foto: Divulga\u00e7\u00e3o\"},{\"@type\":\"WebSite\",\"@id\":\"https:\\\/\\\/redenoticiaz.com.br\\\/litoralsp\\\/#website\",\"url\":\"https:\\\/\\\/redenoticiaz.com.br\\\/litoralsp\\\/\",\"name\":\"Litoral SP\",\"description\":\"Rede NoticiaZ\",\"publisher\":{\"@id\":\"https:\\\/\\\/redenoticiaz.com.br\\\/litoralsp\\\/#organization\"},\"potentialAction\":[{\"@type\":\"SearchAction\",\"target\":{\"@type\":\"EntryPoint\",\"urlTemplate\":\"https:\\\/\\\/redenoticiaz.com.br\\\/litoralsp\\\/?s={search_term_string}\"},\"query-input\":{\"@type\":\"PropertyValueSpecification\",\"valueRequired\":true,\"valueName\":\"search_term_string\"}}],\"inLanguage\":\"pt-BR\"},{\"@type\":\"Organization\",\"@id\":\"https:\\\/\\\/redenoticiaz.com.br\\\/litoralsp\\\/#organization\",\"name\":\"Litoral SP\",\"url\":\"https:\\\/\\\/redenoticiaz.com.br\\\/litoralsp\\\/\",\"logo\":{\"@type\":\"ImageObject\",\"inLanguage\":\"pt-BR\",\"@id\":\"https:\\\/\\\/redenoticiaz.com.br\\\/litoralsp\\\/#\\\/schema\\\/logo\\\/image\\\/\",\"url\":\"https:\\\/\\\/redenoticiaz.com.br\\\/litoralsp\\\/wp-content\\\/uploads\\\/sites\\\/3\\\/2020\\\/11\\\/logo.jpg\",\"contentUrl\":\"https:\\\/\\\/redenoticiaz.com.br\\\/litoralsp\\\/wp-content\\\/uploads\\\/sites\\\/3\\\/2020\\\/11\\\/logo.jpg\",\"width\":400,\"height\":250,\"caption\":\"Litoral SP\"},\"image\":{\"@id\":\"https:\\\/\\\/redenoticiaz.com.br\\\/litoralsp\\\/#\\\/schema\\\/logo\\\/image\\\/\"}},{\"@type\":\"Person\",\"@id\":\"\",\"url\":\"https:\\\/\\\/redenoticiaz.com.br\\\/litoralsp\\\/author\"}]}<\/script>\n<!-- \/ Yoast SEO plugin. -->","yoast_head_json":{"title":"Colombianos s\u00e3o presos com tijolos de drogas em flagrante em Itanha\u00e9m - Litoral SP","description":"Quatro colombianos, entre 27 e 54 anos, foram presos em flagrante por tr\u00e1fico de drogas em uma zona de mata em Itanha\u00e9m.","robots":{"index":"index","follow":"follow","max-snippet":"max-snippet:-1","max-image-preview":"max-image-preview:large","max-video-preview":"max-video-preview:-1"},"canonical":"https:\/\/redenoticiaz.com.br\/litoralsp\/2023\/08\/10\/colombianos-sao-presos-com-tijolos-de-drogas-em-flagrante-em-itanhaem","og_locale":"pt_BR","og_type":"article","og_title":"Colombianos s\u00e3o presos com tijolos de drogas em flagrante em Itanha\u00e9m - Litoral SP","og_description":"Quatro colombianos, entre 27 e 54 anos, foram presos em flagrante por tr\u00e1fico de drogas em uma zona de mata em Itanha\u00e9m.","og_url":"https:\/\/redenoticiaz.com.br\/litoralsp\/2023\/08\/10\/colombianos-sao-presos-com-tijolos-de-drogas-em-flagrante-em-itanhaem","og_site_name":"Litoral SP","article_published_time":"2023-08-10T12:40:51+00:00","og_image":[{"width":637,"height":282,"url":"https:\/\/redenoticiaz.com.br\/litoralsp\/wp-content\/uploads\/sites\/3\/2023\/08\/WhatsApp-Image-2023-08-10-at-09.39.27.jpeg","type":"image\/jpeg"}],"twitter_card":"summary_large_image","twitter_image":"https:\/\/redenoticiaz.com.br\/litoralsp\/wp-content\/uploads\/sites\/3\/2023\/08\/WhatsApp-Image-2023-08-10-at-09.39.27.jpeg","twitter_misc":{"Escrito por":"","Est. tempo de leitura":"2 minutos"},"schema":{"@context":"https:\/\/schema.org","@graph":[{"@type":"Article","@id":"https:\/\/redenoticiaz.com.br\/litoralsp\/2023\/08\/10\/colombianos-sao-presos-com-tijolos-de-drogas-em-flagrante-em-itanhaem#article","isPartOf":{"@id":"https:\/\/redenoticiaz.com.br\/litoralsp\/2023\/08\/10\/colombianos-sao-presos-com-tijolos-de-drogas-em-flagrante-em-itanhaem"},"author":{"name":"","@id":""},"headline":"Colombianos s\u00e3o presos com tijolos de drogas em flagrante em Itanha\u00e9m","datePublished":"2023-08-10T12:40:51+00:00","mainEntityOfPage":{"@id":"https:\/\/redenoticiaz.com.br\/litoralsp\/2023\/08\/10\/colombianos-sao-presos-com-tijolos-de-drogas-em-flagrante-em-itanhaem"},"wordCount":220,"commentCount":0,"publisher":{"@id":"https:\/\/redenoticiaz.com.br\/litoralsp\/#organization"},"image":{"@id":"https:\/\/redenoticiaz.com.br\/litoralsp\/2023\/08\/10\/colombianos-sao-presos-com-tijolos-de-drogas-em-flagrante-em-itanhaem#primaryimage"},"thumbnailUrl":"https:\/\/redenoticiaz.com.br\/litoralsp\/wp-content\/uploads\/sites\/3\/2023\/08\/WhatsApp-Image-2023-08-10-at-09.39.27.jpeg","keywords":["COLOMBIANOS","FLAGRANTE","ITANHA\u00c9M","QUATRO COLOMBIANOS"],"articleSection":["Itanha\u00e9m","Pol\u00edcia"],"inLanguage":"pt-BR","potentialAction":[{"@type":"CommentAction","name":"Comment","target":["https:\/\/redenoticiaz.com.br\/litoralsp\/2023\/08\/10\/colombianos-sao-presos-com-tijolos-de-drogas-em-flagrante-em-itanhaem#respond"]}]},{"@type":"WebPage","@id":"https:\/\/redenoticiaz.com.br\/litoralsp\/2023\/08\/10\/colombianos-sao-presos-com-tijolos-de-drogas-em-flagrante-em-itanhaem","url":"https:\/\/redenoticiaz.com.br\/litoralsp\/2023\/08\/10\/colombianos-sao-presos-com-tijolos-de-drogas-em-flagrante-em-itanhaem","name":"Colombianos s\u00e3o presos com tijolos de drogas em flagrante em Itanha\u00e9m - Litoral SP","isPartOf":{"@id":"https:\/\/redenoticiaz.com.br\/litoralsp\/#website"},"primaryImageOfPage":{"@id":"https:\/\/redenoticiaz.com.br\/litoralsp\/2023\/08\/10\/colombianos-sao-presos-com-tijolos-de-drogas-em-flagrante-em-itanhaem#primaryimage"},"image":{"@id":"https:\/\/redenoticiaz.com.br\/litoralsp\/2023\/08\/10\/colombianos-sao-presos-com-tijolos-de-drogas-em-flagrante-em-itanhaem#primaryimage"},"thumbnailUrl":"https:\/\/redenoticiaz.com.br\/litoralsp\/wp-content\/uploads\/sites\/3\/2023\/08\/WhatsApp-Image-2023-08-10-at-09.39.27.jpeg","datePublished":"2023-08-10T12:40:51+00:00","description":"Quatro colombianos, entre 27 e 54 anos, foram presos em flagrante por tr\u00e1fico de drogas em uma zona de mata em Itanha\u00e9m.","inLanguage":"pt-BR","potentialAction":[{"@type":"ReadAction","target":["https:\/\/redenoticiaz.com.br\/litoralsp\/2023\/08\/10\/colombianos-sao-presos-com-tijolos-de-drogas-em-flagrante-em-itanhaem"]}]},{"@type":"ImageObject","inLanguage":"pt-BR","@id":"https:\/\/redenoticiaz.com.br\/litoralsp\/2023\/08\/10\/colombianos-sao-presos-com-tijolos-de-drogas-em-flagrante-em-itanhaem#primaryimage","url":"https:\/\/redenoticiaz.com.br\/litoralsp\/wp-content\/uploads\/sites\/3\/2023\/08\/WhatsApp-Image-2023-08-10-at-09.39.27.jpeg","contentUrl":"https:\/\/redenoticiaz.com.br\/litoralsp\/wp-content\/uploads\/sites\/3\/2023\/08\/WhatsApp-Image-2023-08-10-at-09.39.27.jpeg","width":637,"height":282,"caption":"Foto: Divulga\u00e7\u00e3o"},{"@type":"WebSite","@id":"https:\/\/redenoticiaz.com.br\/litoralsp\/#website","url":"https:\/\/redenoticiaz.com.br\/litoralsp\/","name":"Litoral SP","description":"Rede NoticiaZ","publisher":{"@id":"https:\/\/redenoticiaz.com.br\/litoralsp\/#organization"},"potentialAction":[{"@type":"SearchAction","target":{"@type":"EntryPoint","urlTemplate":"https:\/\/redenoticiaz.com.br\/litoralsp\/?s={search_term_string}"},"query-input":{"@type":"PropertyValueSpecification","valueRequired":true,"valueName":"search_term_string"}}],"inLanguage":"pt-BR"},{"@type":"Organization","@id":"https:\/\/redenoticiaz.com.br\/litoralsp\/#organization","name":"Litoral SP","url":"https:\/\/redenoticiaz.com.br\/litoralsp\/","logo":{"@type":"ImageObject","inLanguage":"pt-BR","@id":"https:\/\/redenoticiaz.com.br\/litoralsp\/#\/schema\/logo\/image\/","url":"https:\/\/redenoticiaz.com.br\/litoralsp\/wp-content\/uploads\/sites\/3\/2020\/11\/logo.jpg","contentUrl":"https:\/\/redenoticiaz.com.br\/litoralsp\/wp-content\/uploads\/sites\/3\/2020\/11\/logo.jpg","width":400,"height":250,"caption":"Litoral SP"},"image":{"@id":"https:\/\/redenoticiaz.com.br\/litoralsp\/#\/schema\/logo\/image\/"}},{"@type":"Person","@id":"","url":"https:\/\/redenoticiaz.com.br\/litoralsp\/author"}]}},"_links":{"self":[{"href":"https:\/\/redenoticiaz.com.br\/litoralsp\/wp-json\/wp\/v2\/posts\/109362","targetHints":{"allow":["GET"]}}],"collection":[{"href":"https:\/\/redenoticiaz.com.br\/litoralsp\/wp-json\/wp\/v2\/posts"}],"about":[{"href":"https:\/\/redenoticiaz.com.br\/litoralsp\/wp-json\/wp\/v2\/types\/post"}],"author":[{"embeddable":true,"href":"https:\/\/redenoticiaz.com.br\/litoralsp\/wp-json\/wp\/v2\/users\/11"}],"replies":[{"embeddable":true,"href":"https:\/\/redenoticiaz.com.br\/litoralsp\/wp-json\/wp\/v2\/comments?post=109362"}],"version-history":[{"count":1,"href":"https:\/\/redenoticiaz.com.br\/litoralsp\/wp-json\/wp\/v2\/posts\/109362\/revisions"}],"predecessor-version":[{"id":109364,"href":"https:\/\/redenoticiaz.com.br\/litoralsp\/wp-json\/wp\/v2\/posts\/109362\/revisions\/109364"}],"wp:featuredmedia":[{"embeddable":true,"href":"https:\/\/redenoticiaz.com.br\/litoralsp\/wp-json\/wp\/v2\/media\/109363"}],"wp:attachment":[{"href":"https:\/\/redenoticiaz.com.br\/litoralsp\/wp-json\/wp\/v2\/media?parent=109362"}],"wp:term":[{"taxonomy":"category","embeddable":true,"href":"https:\/\/redenoticiaz.com.br\/litoralsp\/wp-json\/wp\/v2\/categories?post=109362"},{"taxonomy":"post_tag","embeddable":true,"href":"https:\/\/redenoticiaz.com.br\/litoralsp\/wp-json\/wp\/v2\/tags?post=109362"}],"curies":[{"name":"wp","href":"https:\/\/api.w.org\/{rel}","templated":true}]}}