{"id":109437,"date":"2023-08-11T20:40:03","date_gmt":"2023-08-11T23:40:03","guid":{"rendered":"https:\/\/redenoticiaz.com.br\/litoralsp\/?p=109437"},"modified":"2023-08-11T20:40:03","modified_gmt":"2023-08-11T23:40:03","slug":"incendio-atinge-bar-no-gonzaga-em-santos","status":"publish","type":"post","link":"https:\/\/redenoticiaz.com.br\/litoralsp\/2023\/08\/11\/incendio-atinge-bar-no-gonzaga-em-santos","title":{"rendered":"Inc\u00eandio atinge bar no Gonzaga em Santos"},"content":{"rendered":"<p>Um inc\u00eandio atingiu um bar no bairro do Gonzaga em Santos na manh\u00e3 desta sexta-feira (11) e deixou moradores assustados.<\/p>\n<p>De acordo com as informa\u00e7\u00f5es, o local teve que ser arrombado para que o fogo fosse controlado, e n\u00e3o h\u00e1 informa\u00e7\u00e3o se os donos do local foram encontrados.<\/p>\n<p>Ainda de acordo com as informa\u00e7\u00f5es, os bombeiros foram acionados logo pela manh\u00e3 para atender a ocorr\u00eancia\u00a0 no &#8220;Botequim Toletino&#8221;.<\/p>\n<p>Sendo assim, ningu\u00e9m ficou ferido e os respons\u00e1veis at\u00e9 o fim do dia ainda n\u00e3o tinha sido encontrados.<\/p>\n<p><strong>Leia mais<\/strong><\/p>\n<p><a href=\"https:\/\/redenoticiaz.com.br\/litoralsp\/2023\/08\/11\/arvores-caem-apos-forte-vendaval-no-litoral-paulista\">\u00c1rvores caem ap\u00f3s forte vendaval no Litoral Paulista<\/a><\/p>\n","protected":false},"excerpt":{"rendered":"<p>Um inc\u00eandio atingiu um bar no bairro do Gonzaga em Santos na manh\u00e3 desta sexta-feira (11) e deixou moradores assustados. De acordo com as informa\u00e7\u00f5es, o local teve que ser arrombado para que o fogo fosse controlado, e n\u00e3o h\u00e1 informa\u00e7\u00e3o se os donos do local foram encontrados. Ainda de acordo com as informa\u00e7\u00f5es, os &hellip;<\/p>\n","protected":false},"author":12,"featured_media":109438,"comment_status":"open","ping_status":"closed","sticky":false,"template":"","format":"standard","meta":{"footnotes":""},"categories":[180],"tags":[66693,9470,4039,66694],"class_list":["post-109437","post","type-post","status-publish","format-standard","has-post-thumbnail","hentry","category-santos","tag-bar-em-santos","tag-gonzaga","tag-incendio","tag-tolentino-filgueiras"],"yoast_head":"<!-- This site is optimized with the Yoast SEO plugin v27.4 - https:\/\/yoast.com\/product\/yoast-seo-wordpress\/ -->\n<title>Inc\u00eandio atinge bar no Gonzaga em Santos - Litoral SP<\/title>\n<meta name=\"description\" content=\"Um inc\u00eandio atingiu um bar no bairro do Gonzaga em Santos na manh\u00e3 desta sexta-feira (11) e deixou moradores assustados.\" \/>\n<meta name=\"robots\" content=\"index, follow, max-snippet:-1, max-image-preview:large, max-video-preview:-1\" \/>\n<link rel=\"canonical\" href=\"https:\/\/redenoticiaz.com.br\/litoralsp\/2023\/08\/11\/incendio-atinge-bar-no-gonzaga-em-santos\" \/>\n<meta property=\"og:locale\" content=\"pt_BR\" \/>\n<meta property=\"og:type\" content=\"article\" \/>\n<meta property=\"og:title\" content=\"Inc\u00eandio atinge bar no Gonzaga em Santos - Litoral SP\" \/>\n<meta property=\"og:description\" content=\"Um inc\u00eandio atingiu um bar no bairro do Gonzaga em Santos na manh\u00e3 desta sexta-feira (11) e deixou moradores assustados.\" \/>\n<meta property=\"og:url\" content=\"https:\/\/redenoticiaz.com.br\/litoralsp\/2023\/08\/11\/incendio-atinge-bar-no-gonzaga-em-santos\" \/>\n<meta property=\"og:site_name\" content=\"Litoral SP\" \/>\n<meta property=\"article:published_time\" content=\"2023-08-11T23:40:03+00:00\" \/>\n<meta property=\"og:image\" content=\"https:\/\/redenoticiaz.com.br\/litoralsp\/wp-content\/uploads\/sites\/3\/2023\/08\/whatsapp-image-2023-08-11-at-09.22.34.jpg\" \/>\n\t<meta property=\"og:image:width\" content=\"984\" \/>\n\t<meta property=\"og:image:height\" content=\"738\" \/>\n\t<meta property=\"og:image:type\" content=\"image\/jpeg\" \/>\n<meta name=\"author\" content=\"Gustavo Silva\" \/>\n<meta name=\"twitter:card\" content=\"summary_large_image\" \/>\n<meta name=\"twitter:label1\" content=\"Escrito por\" \/>\n\t<meta name=\"twitter:data1\" content=\"Gustavo Silva\" \/>\n\t<meta name=\"twitter:label2\" content=\"Est. tempo de leitura\" \/>\n\t<meta name=\"twitter:data2\" content=\"1 minuto\" \/>\n<script type=\"application\/ld+json\" class=\"yoast-schema-graph\">{\"@context\":\"https:\\\/\\\/schema.org\",\"@graph\":[{\"@type\":\"Article\",\"@id\":\"https:\\\/\\\/redenoticiaz.com.br\\\/litoralsp\\\/2023\\\/08\\\/11\\\/incendio-atinge-bar-no-gonzaga-em-santos#article\",\"isPartOf\":{\"@id\":\"https:\\\/\\\/redenoticiaz.com.br\\\/litoralsp\\\/2023\\\/08\\\/11\\\/incendio-atinge-bar-no-gonzaga-em-santos\"},\"author\":{\"name\":\"Gustavo Silva\",\"@id\":\"https:\\\/\\\/redenoticiaz.com.br\\\/litoralsp\\\/#\\\/schema\\\/person\\\/16057b37a3c0ee6b096d7f887c566e2e\"},\"headline\":\"Inc\u00eandio atinge bar no Gonzaga em Santos\",\"datePublished\":\"2023-08-11T23:40:03+00:00\",\"mainEntityOfPage\":{\"@id\":\"https:\\\/\\\/redenoticiaz.com.br\\\/litoralsp\\\/2023\\\/08\\\/11\\\/incendio-atinge-bar-no-gonzaga-em-santos\"},\"wordCount\":113,\"commentCount\":0,\"publisher\":{\"@id\":\"https:\\\/\\\/redenoticiaz.com.br\\\/litoralsp\\\/#organization\"},\"image\":{\"@id\":\"https:\\\/\\\/redenoticiaz.com.br\\\/litoralsp\\\/2023\\\/08\\\/11\\\/incendio-atinge-bar-no-gonzaga-em-santos#primaryimage\"},\"thumbnailUrl\":\"https:\\\/\\\/redenoticiaz.com.br\\\/litoralsp\\\/wp-content\\\/uploads\\\/sites\\\/3\\\/2023\\\/08\\\/whatsapp-image-2023-08-11-at-09.22.34.jpg\",\"keywords\":[\"bar em santos\",\"GONZAGA\",\"inc\u00eandio\",\"tolentino filgueiras\"],\"articleSection\":[\"Santos\"],\"inLanguage\":\"pt-BR\",\"potentialAction\":[{\"@type\":\"CommentAction\",\"name\":\"Comment\",\"target\":[\"https:\\\/\\\/redenoticiaz.com.br\\\/litoralsp\\\/2023\\\/08\\\/11\\\/incendio-atinge-bar-no-gonzaga-em-santos#respond\"]}]},{\"@type\":\"WebPage\",\"@id\":\"https:\\\/\\\/redenoticiaz.com.br\\\/litoralsp\\\/2023\\\/08\\\/11\\\/incendio-atinge-bar-no-gonzaga-em-santos\",\"url\":\"https:\\\/\\\/redenoticiaz.com.br\\\/litoralsp\\\/2023\\\/08\\\/11\\\/incendio-atinge-bar-no-gonzaga-em-santos\",\"name\":\"Inc\u00eandio atinge bar no Gonzaga em Santos - Litoral SP\",\"isPartOf\":{\"@id\":\"https:\\\/\\\/redenoticiaz.com.br\\\/litoralsp\\\/#website\"},\"primaryImageOfPage\":{\"@id\":\"https:\\\/\\\/redenoticiaz.com.br\\\/litoralsp\\\/2023\\\/08\\\/11\\\/incendio-atinge-bar-no-gonzaga-em-santos#primaryimage\"},\"image\":{\"@id\":\"https:\\\/\\\/redenoticiaz.com.br\\\/litoralsp\\\/2023\\\/08\\\/11\\\/incendio-atinge-bar-no-gonzaga-em-santos#primaryimage\"},\"thumbnailUrl\":\"https:\\\/\\\/redenoticiaz.com.br\\\/litoralsp\\\/wp-content\\\/uploads\\\/sites\\\/3\\\/2023\\\/08\\\/whatsapp-image-2023-08-11-at-09.22.34.jpg\",\"datePublished\":\"2023-08-11T23:40:03+00:00\",\"description\":\"Um inc\u00eandio atingiu um bar no bairro do Gonzaga em Santos na manh\u00e3 desta sexta-feira (11) e deixou moradores assustados.\",\"inLanguage\":\"pt-BR\",\"potentialAction\":[{\"@type\":\"ReadAction\",\"target\":[\"https:\\\/\\\/redenoticiaz.com.br\\\/litoralsp\\\/2023\\\/08\\\/11\\\/incendio-atinge-bar-no-gonzaga-em-santos\"]}]},{\"@type\":\"ImageObject\",\"inLanguage\":\"pt-BR\",\"@id\":\"https:\\\/\\\/redenoticiaz.com.br\\\/litoralsp\\\/2023\\\/08\\\/11\\\/incendio-atinge-bar-no-gonzaga-em-santos#primaryimage\",\"url\":\"https:\\\/\\\/redenoticiaz.com.br\\\/litoralsp\\\/wp-content\\\/uploads\\\/sites\\\/3\\\/2023\\\/08\\\/whatsapp-image-2023-08-11-at-09.22.34.jpg\",\"contentUrl\":\"https:\\\/\\\/redenoticiaz.com.br\\\/litoralsp\\\/wp-content\\\/uploads\\\/sites\\\/3\\\/2023\\\/08\\\/whatsapp-image-2023-08-11-at-09.22.34.jpg\",\"width\":984,\"height\":738,\"caption\":\"Inc\u00eandio atinge bar no Gonzaga em Santos\"},{\"@type\":\"WebSite\",\"@id\":\"https:\\\/\\\/redenoticiaz.com.br\\\/litoralsp\\\/#website\",\"url\":\"https:\\\/\\\/redenoticiaz.com.br\\\/litoralsp\\\/\",\"name\":\"Litoral SP\",\"description\":\"Rede NoticiaZ\",\"publisher\":{\"@id\":\"https:\\\/\\\/redenoticiaz.com.br\\\/litoralsp\\\/#organization\"},\"potentialAction\":[{\"@type\":\"SearchAction\",\"target\":{\"@type\":\"EntryPoint\",\"urlTemplate\":\"https:\\\/\\\/redenoticiaz.com.br\\\/litoralsp\\\/?s={search_term_string}\"},\"query-input\":{\"@type\":\"PropertyValueSpecification\",\"valueRequired\":true,\"valueName\":\"search_term_string\"}}],\"inLanguage\":\"pt-BR\"},{\"@type\":\"Organization\",\"@id\":\"https:\\\/\\\/redenoticiaz.com.br\\\/litoralsp\\\/#organization\",\"name\":\"Litoral SP\",\"url\":\"https:\\\/\\\/redenoticiaz.com.br\\\/litoralsp\\\/\",\"logo\":{\"@type\":\"ImageObject\",\"inLanguage\":\"pt-BR\",\"@id\":\"https:\\\/\\\/redenoticiaz.com.br\\\/litoralsp\\\/#\\\/schema\\\/logo\\\/image\\\/\",\"url\":\"https:\\\/\\\/redenoticiaz.com.br\\\/litoralsp\\\/wp-content\\\/uploads\\\/sites\\\/3\\\/2020\\\/11\\\/logo.jpg\",\"contentUrl\":\"https:\\\/\\\/redenoticiaz.com.br\\\/litoralsp\\\/wp-content\\\/uploads\\\/sites\\\/3\\\/2020\\\/11\\\/logo.jpg\",\"width\":400,\"height\":250,\"caption\":\"Litoral SP\"},\"image\":{\"@id\":\"https:\\\/\\\/redenoticiaz.com.br\\\/litoralsp\\\/#\\\/schema\\\/logo\\\/image\\\/\"}},{\"@type\":\"Person\",\"@id\":\"https:\\\/\\\/redenoticiaz.com.br\\\/litoralsp\\\/#\\\/schema\\\/person\\\/16057b37a3c0ee6b096d7f887c566e2e\",\"name\":\"Gustavo Silva\",\"image\":{\"@type\":\"ImageObject\",\"inLanguage\":\"pt-BR\",\"@id\":\"https:\\\/\\\/secure.gravatar.com\\\/avatar\\\/3ee4e82f93b26de0a7cf4ea5eb7893da637ed6bb0c9170c58065944c56e28a33?s=96&d=mm&r=g\",\"url\":\"https:\\\/\\\/secure.gravatar.com\\\/avatar\\\/3ee4e82f93b26de0a7cf4ea5eb7893da637ed6bb0c9170c58065944c56e28a33?s=96&d=mm&r=g\",\"contentUrl\":\"https:\\\/\\\/secure.gravatar.com\\\/avatar\\\/3ee4e82f93b26de0a7cf4ea5eb7893da637ed6bb0c9170c58065944c56e28a33?s=96&d=mm&r=g\",\"caption\":\"Gustavo Silva\"},\"url\":\"https:\\\/\\\/redenoticiaz.com.br\\\/litoralsp\\\/author\\\/gustavosilva\"}]}<\/script>\n<!-- \/ Yoast SEO plugin. -->","yoast_head_json":{"title":"Inc\u00eandio atinge bar no Gonzaga em Santos - Litoral SP","description":"Um inc\u00eandio atingiu um bar no bairro do Gonzaga em Santos na manh\u00e3 desta sexta-feira (11) e deixou moradores assustados.","robots":{"index":"index","follow":"follow","max-snippet":"max-snippet:-1","max-image-preview":"max-image-preview:large","max-video-preview":"max-video-preview:-1"},"canonical":"https:\/\/redenoticiaz.com.br\/litoralsp\/2023\/08\/11\/incendio-atinge-bar-no-gonzaga-em-santos","og_locale":"pt_BR","og_type":"article","og_title":"Inc\u00eandio atinge bar no Gonzaga em Santos - Litoral SP","og_description":"Um inc\u00eandio atingiu um bar no bairro do Gonzaga em Santos na manh\u00e3 desta sexta-feira (11) e deixou moradores assustados.","og_url":"https:\/\/redenoticiaz.com.br\/litoralsp\/2023\/08\/11\/incendio-atinge-bar-no-gonzaga-em-santos","og_site_name":"Litoral SP","article_published_time":"2023-08-11T23:40:03+00:00","og_image":[{"width":984,"height":738,"url":"https:\/\/redenoticiaz.com.br\/litoralsp\/wp-content\/uploads\/sites\/3\/2023\/08\/whatsapp-image-2023-08-11-at-09.22.34.jpg","type":"image\/jpeg"}],"author":"Gustavo Silva","twitter_card":"summary_large_image","twitter_misc":{"Escrito por":"Gustavo Silva","Est. tempo de leitura":"1 minuto"},"schema":{"@context":"https:\/\/schema.org","@graph":[{"@type":"Article","@id":"https:\/\/redenoticiaz.com.br\/litoralsp\/2023\/08\/11\/incendio-atinge-bar-no-gonzaga-em-santos#article","isPartOf":{"@id":"https:\/\/redenoticiaz.com.br\/litoralsp\/2023\/08\/11\/incendio-atinge-bar-no-gonzaga-em-santos"},"author":{"name":"Gustavo Silva","@id":"https:\/\/redenoticiaz.com.br\/litoralsp\/#\/schema\/person\/16057b37a3c0ee6b096d7f887c566e2e"},"headline":"Inc\u00eandio atinge bar no Gonzaga em Santos","datePublished":"2023-08-11T23:40:03+00:00","mainEntityOfPage":{"@id":"https:\/\/redenoticiaz.com.br\/litoralsp\/2023\/08\/11\/incendio-atinge-bar-no-gonzaga-em-santos"},"wordCount":113,"commentCount":0,"publisher":{"@id":"https:\/\/redenoticiaz.com.br\/litoralsp\/#organization"},"image":{"@id":"https:\/\/redenoticiaz.com.br\/litoralsp\/2023\/08\/11\/incendio-atinge-bar-no-gonzaga-em-santos#primaryimage"},"thumbnailUrl":"https:\/\/redenoticiaz.com.br\/litoralsp\/wp-content\/uploads\/sites\/3\/2023\/08\/whatsapp-image-2023-08-11-at-09.22.34.jpg","keywords":["bar em santos","GONZAGA","inc\u00eandio","tolentino filgueiras"],"articleSection":["Santos"],"inLanguage":"pt-BR","potentialAction":[{"@type":"CommentAction","name":"Comment","target":["https:\/\/redenoticiaz.com.br\/litoralsp\/2023\/08\/11\/incendio-atinge-bar-no-gonzaga-em-santos#respond"]}]},{"@type":"WebPage","@id":"https:\/\/redenoticiaz.com.br\/litoralsp\/2023\/08\/11\/incendio-atinge-bar-no-gonzaga-em-santos","url":"https:\/\/redenoticiaz.com.br\/litoralsp\/2023\/08\/11\/incendio-atinge-bar-no-gonzaga-em-santos","name":"Inc\u00eandio atinge bar no Gonzaga em Santos - Litoral SP","isPartOf":{"@id":"https:\/\/redenoticiaz.com.br\/litoralsp\/#website"},"primaryImageOfPage":{"@id":"https:\/\/redenoticiaz.com.br\/litoralsp\/2023\/08\/11\/incendio-atinge-bar-no-gonzaga-em-santos#primaryimage"},"image":{"@id":"https:\/\/redenoticiaz.com.br\/litoralsp\/2023\/08\/11\/incendio-atinge-bar-no-gonzaga-em-santos#primaryimage"},"thumbnailUrl":"https:\/\/redenoticiaz.com.br\/litoralsp\/wp-content\/uploads\/sites\/3\/2023\/08\/whatsapp-image-2023-08-11-at-09.22.34.jpg","datePublished":"2023-08-11T23:40:03+00:00","description":"Um inc\u00eandio atingiu um bar no bairro do Gonzaga em Santos na manh\u00e3 desta sexta-feira (11) e deixou moradores assustados.","inLanguage":"pt-BR","potentialAction":[{"@type":"ReadAction","target":["https:\/\/redenoticiaz.com.br\/litoralsp\/2023\/08\/11\/incendio-atinge-bar-no-gonzaga-em-santos"]}]},{"@type":"ImageObject","inLanguage":"pt-BR","@id":"https:\/\/redenoticiaz.com.br\/litoralsp\/2023\/08\/11\/incendio-atinge-bar-no-gonzaga-em-santos#primaryimage","url":"https:\/\/redenoticiaz.com.br\/litoralsp\/wp-content\/uploads\/sites\/3\/2023\/08\/whatsapp-image-2023-08-11-at-09.22.34.jpg","contentUrl":"https:\/\/redenoticiaz.com.br\/litoralsp\/wp-content\/uploads\/sites\/3\/2023\/08\/whatsapp-image-2023-08-11-at-09.22.34.jpg","width":984,"height":738,"caption":"Inc\u00eandio atinge bar no Gonzaga em Santos"},{"@type":"WebSite","@id":"https:\/\/redenoticiaz.com.br\/litoralsp\/#website","url":"https:\/\/redenoticiaz.com.br\/litoralsp\/","name":"Litoral SP","description":"Rede NoticiaZ","publisher":{"@id":"https:\/\/redenoticiaz.com.br\/litoralsp\/#organization"},"potentialAction":[{"@type":"SearchAction","target":{"@type":"EntryPoint","urlTemplate":"https:\/\/redenoticiaz.com.br\/litoralsp\/?s={search_term_string}"},"query-input":{"@type":"PropertyValueSpecification","valueRequired":true,"valueName":"search_term_string"}}],"inLanguage":"pt-BR"},{"@type":"Organization","@id":"https:\/\/redenoticiaz.com.br\/litoralsp\/#organization","name":"Litoral SP","url":"https:\/\/redenoticiaz.com.br\/litoralsp\/","logo":{"@type":"ImageObject","inLanguage":"pt-BR","@id":"https:\/\/redenoticiaz.com.br\/litoralsp\/#\/schema\/logo\/image\/","url":"https:\/\/redenoticiaz.com.br\/litoralsp\/wp-content\/uploads\/sites\/3\/2020\/11\/logo.jpg","contentUrl":"https:\/\/redenoticiaz.com.br\/litoralsp\/wp-content\/uploads\/sites\/3\/2020\/11\/logo.jpg","width":400,"height":250,"caption":"Litoral SP"},"image":{"@id":"https:\/\/redenoticiaz.com.br\/litoralsp\/#\/schema\/logo\/image\/"}},{"@type":"Person","@id":"https:\/\/redenoticiaz.com.br\/litoralsp\/#\/schema\/person\/16057b37a3c0ee6b096d7f887c566e2e","name":"Gustavo Silva","image":{"@type":"ImageObject","inLanguage":"pt-BR","@id":"https:\/\/secure.gravatar.com\/avatar\/3ee4e82f93b26de0a7cf4ea5eb7893da637ed6bb0c9170c58065944c56e28a33?s=96&d=mm&r=g","url":"https:\/\/secure.gravatar.com\/avatar\/3ee4e82f93b26de0a7cf4ea5eb7893da637ed6bb0c9170c58065944c56e28a33?s=96&d=mm&r=g","contentUrl":"https:\/\/secure.gravatar.com\/avatar\/3ee4e82f93b26de0a7cf4ea5eb7893da637ed6bb0c9170c58065944c56e28a33?s=96&d=mm&r=g","caption":"Gustavo Silva"},"url":"https:\/\/redenoticiaz.com.br\/litoralsp\/author\/gustavosilva"}]}},"_links":{"self":[{"href":"https:\/\/redenoticiaz.com.br\/litoralsp\/wp-json\/wp\/v2\/posts\/109437","targetHints":{"allow":["GET"]}}],"collection":[{"href":"https:\/\/redenoticiaz.com.br\/litoralsp\/wp-json\/wp\/v2\/posts"}],"about":[{"href":"https:\/\/redenoticiaz.com.br\/litoralsp\/wp-json\/wp\/v2\/types\/post"}],"author":[{"embeddable":true,"href":"https:\/\/redenoticiaz.com.br\/litoralsp\/wp-json\/wp\/v2\/users\/12"}],"replies":[{"embeddable":true,"href":"https:\/\/redenoticiaz.com.br\/litoralsp\/wp-json\/wp\/v2\/comments?post=109437"}],"version-history":[{"count":1,"href":"https:\/\/redenoticiaz.com.br\/litoralsp\/wp-json\/wp\/v2\/posts\/109437\/revisions"}],"predecessor-version":[{"id":109439,"href":"https:\/\/redenoticiaz.com.br\/litoralsp\/wp-json\/wp\/v2\/posts\/109437\/revisions\/109439"}],"wp:featuredmedia":[{"embeddable":true,"href":"https:\/\/redenoticiaz.com.br\/litoralsp\/wp-json\/wp\/v2\/media\/109438"}],"wp:attachment":[{"href":"https:\/\/redenoticiaz.com.br\/litoralsp\/wp-json\/wp\/v2\/media?parent=109437"}],"wp:term":[{"taxonomy":"category","embeddable":true,"href":"https:\/\/redenoticiaz.com.br\/litoralsp\/wp-json\/wp\/v2\/categories?post=109437"},{"taxonomy":"post_tag","embeddable":true,"href":"https:\/\/redenoticiaz.com.br\/litoralsp\/wp-json\/wp\/v2\/tags?post=109437"}],"curies":[{"name":"wp","href":"https:\/\/api.w.org\/{rel}","templated":true}]}}